{"id":3418,"date":"2019-07-26T10:37:58","date_gmt":"2019-07-26T07:37:58","guid":{"rendered":"https:\/\/super-news.info\/pt\/governo-aprova-suplemento-de-250-euros-para-viticultores-o-jornal-economico\/"},"modified":"2019-07-26T10:38:00","modified_gmt":"2019-07-26T07:38:00","slug":"governo-aprova-suplemento-de-250-euros-para-viticultores-o-jornal-economico","status":"publish","type":"post","link":"https:\/\/super-news.info\/pt\/governo-aprova-suplemento-de-250-euros-para-viticultores-o-jornal-economico\/","title":{"rendered":"Governo aprova suplemento de 250 euros para viticultores \u2013 O Jornal Econ\u00f3mico"},"content":{"rendered":"<p> [ad_1]<br \/>\n<\/p>\n<div>\n<p>O Conselho de Governo da Madeira decidiu aprovar um apoio financeiro suplementar de 250 euros para ajudar nos factores de produ\u00e7\u00e3o aos viticultores.<\/p>\n<p>Foi ainda aprovado pelo executivo madeirense outro apoio financeiro no valor de 100 euros para as bordadeiras que visa apoiar a aquisi\u00e7\u00e3o dos meios de produ\u00e7\u00e3o.<\/p>\n<p>Os apoios financeiros suplementares aos viticultores e \u00e0s bordadeira, da Madeira, ser\u00e3o concedidos por via do Instituto do Vinho, Bordado, e do Artesanato.<\/p>\n<p>O Conselho de Governo aprovou ainda o Decreto Regulamentar Regional que fixa em 745 euros o valor por metro quadrado de \u00e1rea \u00fatil padr\u00e3o, para a Ind\u00fastria da Constru\u00e7\u00e3o, para vigorar em 2019.<\/p>\n<\/p><\/div>\n<p><script>function facebookInit(){var js=document.createElement('script');js.src='https:\/\/connect.facebook.net\/pt_PT\/sdk.js#xfbml=1&version=v3.1&appId=1708066812789184&autoLogAppEvents=1';return document.body.appendChild(js);}\nwindow.onscroll=function(){var rect=document.getElementsByClassName('je-post-content')[0].getBoundingClientRect();if(rect.bottom<window.innerHeight){facebookInit();window.onscroll=null;}}<\/script><br \/>\n<br \/>[ad_2]<br \/>\n<br \/><a href=\"https:\/\/jornaleconomico.sapo.pt\/noticias\/madeira-governo-aprova-suplemento-de-250-euros-para-viticultores-472155\">Source link <\/a><\/p>\n","protected":false},"excerpt":{"rendered":"<p>[ad_1] O Conselho de Governo da Madeira decidiu aprovar um apoio financeiro suplementar de 250 euros para ajudar nos factores de produ\u00e7\u00e3o aos viticultores. Foi ainda aprovado pelo executivo madeirense outro apoio financeiro no valor de 100 euros para as bordadeiras que visa apoiar a aquisi\u00e7\u00e3o dos meios de produ\u00e7\u00e3o. Os apoios financeiros suplementares aos [&hellip;]<\/p>\n","protected":false},"author":2,"featured_media":3419,"comment_status":"open","ping_status":"open","sticky":false,"template":"","format":"standard","meta":{"footnotes":""},"categories":[1],"tags":[],"class_list":["post-3418","post","type-post","status-publish","format-standard","has-post-thumbnail","hentry","category-noticias-financeiras"],"yoast_head":"<!-- This site is optimized with the Yoast SEO plugin v27.4 - https:\/\/yoast.com\/product\/yoast-seo-wordpress\/ -->\n<title>Governo aprova suplemento de 250 euros para viticultores \u2013 O Jornal Econ\u00f3mico - Super News<\/title>\n<meta name=\"robots\" content=\"index, follow, max-snippet:-1, max-image-preview:large, max-video-preview:-1\" \/>\n<link rel=\"canonical\" href=\"https:\/\/super-news.info\/pt\/governo-aprova-suplemento-de-250-euros-para-viticultores-o-jornal-economico\/\" \/>\n<meta property=\"og:locale\" content=\"pt_PT\" \/>\n<meta property=\"og:type\" content=\"article\" \/>\n<meta property=\"og:title\" content=\"Governo aprova suplemento de 250 euros para viticultores \u2013 O Jornal Econ\u00f3mico - Super News\" \/>\n<meta property=\"og:description\" content=\"[ad_1] O Conselho de Governo da Madeira decidiu aprovar um apoio financeiro suplementar de 250 euros para ajudar nos factores de produ\u00e7\u00e3o aos viticultores. Foi ainda aprovado pelo executivo madeirense outro apoio financeiro no valor de 100 euros para as bordadeiras que visa apoiar a aquisi\u00e7\u00e3o dos meios de produ\u00e7\u00e3o. Os apoios financeiros suplementares aos [&hellip;]\" \/>\n<meta property=\"og:url\" content=\"https:\/\/super-news.info\/pt\/governo-aprova-suplemento-de-250-euros-para-viticultores-o-jornal-economico\/\" \/>\n<meta property=\"og:site_name\" content=\"Super News\" \/>\n<meta property=\"article:published_time\" content=\"2019-07-26T07:37:58+00:00\" \/>\n<meta property=\"article:modified_time\" content=\"2019-07-26T07:38:00+00:00\" \/>\n<meta property=\"og:image\" content=\"https:\/\/super-news.info\/pt\/wp-content\/uploads\/sites\/2\/2019\/07\/Governo-aprova-suplemento-de-250-euros-para-viticultores-\u2013-O.png\" \/>\n\t<meta property=\"og:image:width\" content=\"600\" \/>\n\t<meta property=\"og:image:height\" content=\"588\" \/>\n\t<meta property=\"og:image:type\" content=\"image\/png\" \/>\n<meta name=\"author\" content=\"super-news\" \/>\n<meta name=\"twitter:card\" content=\"summary_large_image\" \/>\n<meta name=\"twitter:label1\" content=\"Escrito por\" \/>\n\t<meta name=\"twitter:data1\" content=\"super-news\" \/>\n\t<meta name=\"twitter:label2\" content=\"Tempo estimado de leitura\" \/>\n\t<meta name=\"twitter:data2\" content=\"1 minuto\" \/>\n<script type=\"application\/ld+json\" class=\"yoast-schema-graph\">{\"@context\":\"https:\\\/\\\/schema.org\",\"@graph\":[{\"@type\":\"Article\",\"@id\":\"https:\\\/\\\/super-news.info\\\/pt\\\/governo-aprova-suplemento-de-250-euros-para-viticultores-o-jornal-economico\\\/#article\",\"isPartOf\":{\"@id\":\"https:\\\/\\\/super-news.info\\\/pt\\\/governo-aprova-suplemento-de-250-euros-para-viticultores-o-jornal-economico\\\/\"},\"author\":{\"name\":\"super-news\",\"@id\":\"https:\\\/\\\/super-news.info\\\/pt\\\/#\\\/schema\\\/person\\\/2d4068cb2f39cd10008c2fce578a7356\"},\"headline\":\"Governo aprova suplemento de 250 euros para viticultores \u2013 O Jornal Econ\u00f3mico\",\"datePublished\":\"2019-07-26T07:37:58+00:00\",\"dateModified\":\"2019-07-26T07:38:00+00:00\",\"mainEntityOfPage\":{\"@id\":\"https:\\\/\\\/super-news.info\\\/pt\\\/governo-aprova-suplemento-de-250-euros-para-viticultores-o-jornal-economico\\\/\"},\"wordCount\":123,\"commentCount\":0,\"image\":{\"@id\":\"https:\\\/\\\/super-news.info\\\/pt\\\/governo-aprova-suplemento-de-250-euros-para-viticultores-o-jornal-economico\\\/#primaryimage\"},\"thumbnailUrl\":\"https:\\\/\\\/super-news.info\\\/pt\\\/wp-content\\\/uploads\\\/sites\\\/2\\\/2019\\\/07\\\/Governo-aprova-suplemento-de-250-euros-para-viticultores-\u2013-O.png\",\"articleSection\":[\"NOT\u00cdCIAS FINANCEIRAS\"],\"inLanguage\":\"pt-PT\",\"potentialAction\":[{\"@type\":\"CommentAction\",\"name\":\"Comment\",\"target\":[\"https:\\\/\\\/super-news.info\\\/pt\\\/governo-aprova-suplemento-de-250-euros-para-viticultores-o-jornal-economico\\\/#respond\"]}]},{\"@type\":\"WebPage\",\"@id\":\"https:\\\/\\\/super-news.info\\\/pt\\\/governo-aprova-suplemento-de-250-euros-para-viticultores-o-jornal-economico\\\/\",\"url\":\"https:\\\/\\\/super-news.info\\\/pt\\\/governo-aprova-suplemento-de-250-euros-para-viticultores-o-jornal-economico\\\/\",\"name\":\"Governo aprova suplemento de 250 euros para viticultores \u2013 O Jornal Econ\u00f3mico - Super News\",\"isPartOf\":{\"@id\":\"https:\\\/\\\/super-news.info\\\/pt\\\/#website\"},\"primaryImageOfPage\":{\"@id\":\"https:\\\/\\\/super-news.info\\\/pt\\\/governo-aprova-suplemento-de-250-euros-para-viticultores-o-jornal-economico\\\/#primaryimage\"},\"image\":{\"@id\":\"https:\\\/\\\/super-news.info\\\/pt\\\/governo-aprova-suplemento-de-250-euros-para-viticultores-o-jornal-economico\\\/#primaryimage\"},\"thumbnailUrl\":\"https:\\\/\\\/super-news.info\\\/pt\\\/wp-content\\\/uploads\\\/sites\\\/2\\\/2019\\\/07\\\/Governo-aprova-suplemento-de-250-euros-para-viticultores-\u2013-O.png\",\"datePublished\":\"2019-07-26T07:37:58+00:00\",\"dateModified\":\"2019-07-26T07:38:00+00:00\",\"author\":{\"@id\":\"https:\\\/\\\/super-news.info\\\/pt\\\/#\\\/schema\\\/person\\\/2d4068cb2f39cd10008c2fce578a7356\"},\"breadcrumb\":{\"@id\":\"https:\\\/\\\/super-news.info\\\/pt\\\/governo-aprova-suplemento-de-250-euros-para-viticultores-o-jornal-economico\\\/#breadcrumb\"},\"inLanguage\":\"pt-PT\",\"potentialAction\":[{\"@type\":\"ReadAction\",\"target\":[\"https:\\\/\\\/super-news.info\\\/pt\\\/governo-aprova-suplemento-de-250-euros-para-viticultores-o-jornal-economico\\\/\"]}]},{\"@type\":\"ImageObject\",\"inLanguage\":\"pt-PT\",\"@id\":\"https:\\\/\\\/super-news.info\\\/pt\\\/governo-aprova-suplemento-de-250-euros-para-viticultores-o-jornal-economico\\\/#primaryimage\",\"url\":\"https:\\\/\\\/super-news.info\\\/pt\\\/wp-content\\\/uploads\\\/sites\\\/2\\\/2019\\\/07\\\/Governo-aprova-suplemento-de-250-euros-para-viticultores-\u2013-O.png\",\"contentUrl\":\"https:\\\/\\\/super-news.info\\\/pt\\\/wp-content\\\/uploads\\\/sites\\\/2\\\/2019\\\/07\\\/Governo-aprova-suplemento-de-250-euros-para-viticultores-\u2013-O.png\",\"width\":600,\"height\":588,\"caption\":\"Governo aprova suplemento de 250 euros para viticultores \u2013 O Jornal Econ\u00f3mico\"},{\"@type\":\"BreadcrumbList\",\"@id\":\"https:\\\/\\\/super-news.info\\\/pt\\\/governo-aprova-suplemento-de-250-euros-para-viticultores-o-jornal-economico\\\/#breadcrumb\",\"itemListElement\":[{\"@type\":\"ListItem\",\"position\":1,\"name\":\"\u0413\u043b\u0430\u0432\u043d\u0430\u044f \u0441\u0442\u0440\u0430\u043d\u0438\u0446\u0430\",\"item\":\"https:\\\/\\\/super-news.info\\\/pt\\\/\"},{\"@type\":\"ListItem\",\"position\":2,\"name\":\"Governo aprova suplemento de 250 euros para viticultores \u2013 O Jornal Econ\u00f3mico\"}]},{\"@type\":\"WebSite\",\"@id\":\"https:\\\/\\\/super-news.info\\\/pt\\\/#website\",\"url\":\"https:\\\/\\\/super-news.info\\\/pt\\\/\",\"name\":\"Super News\",\"description\":\"Super News Portugal\",\"potentialAction\":[{\"@type\":\"SearchAction\",\"target\":{\"@type\":\"EntryPoint\",\"urlTemplate\":\"https:\\\/\\\/super-news.info\\\/pt\\\/?s={search_term_string}\"},\"query-input\":{\"@type\":\"PropertyValueSpecification\",\"valueRequired\":true,\"valueName\":\"search_term_string\"}}],\"inLanguage\":\"pt-PT\"},{\"@type\":\"Person\",\"@id\":\"https:\\\/\\\/super-news.info\\\/pt\\\/#\\\/schema\\\/person\\\/2d4068cb2f39cd10008c2fce578a7356\",\"name\":\"super-news\",\"image\":{\"@type\":\"ImageObject\",\"inLanguage\":\"pt-PT\",\"@id\":\"https:\\\/\\\/secure.gravatar.com\\\/avatar\\\/64ebac40b93f26a154f8a9b5b6fdccfc46f442b26b3dd6756dbff3bf9dc76fd7?s=96&d=mm&r=g\",\"url\":\"https:\\\/\\\/secure.gravatar.com\\\/avatar\\\/64ebac40b93f26a154f8a9b5b6fdccfc46f442b26b3dd6756dbff3bf9dc76fd7?s=96&d=mm&r=g\",\"contentUrl\":\"https:\\\/\\\/secure.gravatar.com\\\/avatar\\\/64ebac40b93f26a154f8a9b5b6fdccfc46f442b26b3dd6756dbff3bf9dc76fd7?s=96&d=mm&r=g\",\"caption\":\"super-news\"},\"url\":\"https:\\\/\\\/super-news.info\\\/pt\\\/author\\\/pt\\\/\"}]}<\/script>\n<!-- \/ Yoast SEO plugin. -->","yoast_head_json":{"title":"Governo aprova suplemento de 250 euros para viticultores \u2013 O Jornal Econ\u00f3mico - Super News","robots":{"index":"index","follow":"follow","max-snippet":"max-snippet:-1","max-image-preview":"max-image-preview:large","max-video-preview":"max-video-preview:-1"},"canonical":"https:\/\/super-news.info\/pt\/governo-aprova-suplemento-de-250-euros-para-viticultores-o-jornal-economico\/","og_locale":"pt_PT","og_type":"article","og_title":"Governo aprova suplemento de 250 euros para viticultores \u2013 O Jornal Econ\u00f3mico - Super News","og_description":"[ad_1] O Conselho de Governo da Madeira decidiu aprovar um apoio financeiro suplementar de 250 euros para ajudar nos factores de produ\u00e7\u00e3o aos viticultores. Foi ainda aprovado pelo executivo madeirense outro apoio financeiro no valor de 100 euros para as bordadeiras que visa apoiar a aquisi\u00e7\u00e3o dos meios de produ\u00e7\u00e3o. Os apoios financeiros suplementares aos [&hellip;]","og_url":"https:\/\/super-news.info\/pt\/governo-aprova-suplemento-de-250-euros-para-viticultores-o-jornal-economico\/","og_site_name":"Super News","article_published_time":"2019-07-26T07:37:58+00:00","article_modified_time":"2019-07-26T07:38:00+00:00","og_image":[{"width":600,"height":588,"url":"https:\/\/super-news.info\/pt\/wp-content\/uploads\/sites\/2\/2019\/07\/Governo-aprova-suplemento-de-250-euros-para-viticultores-\u2013-O.png","type":"image\/png"}],"author":"super-news","twitter_card":"summary_large_image","twitter_misc":{"Escrito por":"super-news","Tempo estimado de leitura":"1 minuto"},"schema":{"@context":"https:\/\/schema.org","@graph":[{"@type":"Article","@id":"https:\/\/super-news.info\/pt\/governo-aprova-suplemento-de-250-euros-para-viticultores-o-jornal-economico\/#article","isPartOf":{"@id":"https:\/\/super-news.info\/pt\/governo-aprova-suplemento-de-250-euros-para-viticultores-o-jornal-economico\/"},"author":{"name":"super-news","@id":"https:\/\/super-news.info\/pt\/#\/schema\/person\/2d4068cb2f39cd10008c2fce578a7356"},"headline":"Governo aprova suplemento de 250 euros para viticultores \u2013 O Jornal Econ\u00f3mico","datePublished":"2019-07-26T07:37:58+00:00","dateModified":"2019-07-26T07:38:00+00:00","mainEntityOfPage":{"@id":"https:\/\/super-news.info\/pt\/governo-aprova-suplemento-de-250-euros-para-viticultores-o-jornal-economico\/"},"wordCount":123,"commentCount":0,"image":{"@id":"https:\/\/super-news.info\/pt\/governo-aprova-suplemento-de-250-euros-para-viticultores-o-jornal-economico\/#primaryimage"},"thumbnailUrl":"https:\/\/super-news.info\/pt\/wp-content\/uploads\/sites\/2\/2019\/07\/Governo-aprova-suplemento-de-250-euros-para-viticultores-\u2013-O.png","articleSection":["NOT\u00cdCIAS FINANCEIRAS"],"inLanguage":"pt-PT","potentialAction":[{"@type":"CommentAction","name":"Comment","target":["https:\/\/super-news.info\/pt\/governo-aprova-suplemento-de-250-euros-para-viticultores-o-jornal-economico\/#respond"]}]},{"@type":"WebPage","@id":"https:\/\/super-news.info\/pt\/governo-aprova-suplemento-de-250-euros-para-viticultores-o-jornal-economico\/","url":"https:\/\/super-news.info\/pt\/governo-aprova-suplemento-de-250-euros-para-viticultores-o-jornal-economico\/","name":"Governo aprova suplemento de 250 euros para viticultores \u2013 O Jornal Econ\u00f3mico - Super News","isPartOf":{"@id":"https:\/\/super-news.info\/pt\/#website"},"primaryImageOfPage":{"@id":"https:\/\/super-news.info\/pt\/governo-aprova-suplemento-de-250-euros-para-viticultores-o-jornal-economico\/#primaryimage"},"image":{"@id":"https:\/\/super-news.info\/pt\/governo-aprova-suplemento-de-250-euros-para-viticultores-o-jornal-economico\/#primaryimage"},"thumbnailUrl":"https:\/\/super-news.info\/pt\/wp-content\/uploads\/sites\/2\/2019\/07\/Governo-aprova-suplemento-de-250-euros-para-viticultores-\u2013-O.png","datePublished":"2019-07-26T07:37:58+00:00","dateModified":"2019-07-26T07:38:00+00:00","author":{"@id":"https:\/\/super-news.info\/pt\/#\/schema\/person\/2d4068cb2f39cd10008c2fce578a7356"},"breadcrumb":{"@id":"https:\/\/super-news.info\/pt\/governo-aprova-suplemento-de-250-euros-para-viticultores-o-jornal-economico\/#breadcrumb"},"inLanguage":"pt-PT","potentialAction":[{"@type":"ReadAction","target":["https:\/\/super-news.info\/pt\/governo-aprova-suplemento-de-250-euros-para-viticultores-o-jornal-economico\/"]}]},{"@type":"ImageObject","inLanguage":"pt-PT","@id":"https:\/\/super-news.info\/pt\/governo-aprova-suplemento-de-250-euros-para-viticultores-o-jornal-economico\/#primaryimage","url":"https:\/\/super-news.info\/pt\/wp-content\/uploads\/sites\/2\/2019\/07\/Governo-aprova-suplemento-de-250-euros-para-viticultores-\u2013-O.png","contentUrl":"https:\/\/super-news.info\/pt\/wp-content\/uploads\/sites\/2\/2019\/07\/Governo-aprova-suplemento-de-250-euros-para-viticultores-\u2013-O.png","width":600,"height":588,"caption":"Governo aprova suplemento de 250 euros para viticultores \u2013 O Jornal Econ\u00f3mico"},{"@type":"BreadcrumbList","@id":"https:\/\/super-news.info\/pt\/governo-aprova-suplemento-de-250-euros-para-viticultores-o-jornal-economico\/#breadcrumb","itemListElement":[{"@type":"ListItem","position":1,"name":"\u0413\u043b\u0430\u0432\u043d\u0430\u044f \u0441\u0442\u0440\u0430\u043d\u0438\u0446\u0430","item":"https:\/\/super-news.info\/pt\/"},{"@type":"ListItem","position":2,"name":"Governo aprova suplemento de 250 euros para viticultores \u2013 O Jornal Econ\u00f3mico"}]},{"@type":"WebSite","@id":"https:\/\/super-news.info\/pt\/#website","url":"https:\/\/super-news.info\/pt\/","name":"Super News","description":"Super News Portugal","potentialAction":[{"@type":"SearchAction","target":{"@type":"EntryPoint","urlTemplate":"https:\/\/super-news.info\/pt\/?s={search_term_string}"},"query-input":{"@type":"PropertyValueSpecification","valueRequired":true,"valueName":"search_term_string"}}],"inLanguage":"pt-PT"},{"@type":"Person","@id":"https:\/\/super-news.info\/pt\/#\/schema\/person\/2d4068cb2f39cd10008c2fce578a7356","name":"super-news","image":{"@type":"ImageObject","inLanguage":"pt-PT","@id":"https:\/\/secure.gravatar.com\/avatar\/64ebac40b93f26a154f8a9b5b6fdccfc46f442b26b3dd6756dbff3bf9dc76fd7?s=96&d=mm&r=g","url":"https:\/\/secure.gravatar.com\/avatar\/64ebac40b93f26a154f8a9b5b6fdccfc46f442b26b3dd6756dbff3bf9dc76fd7?s=96&d=mm&r=g","contentUrl":"https:\/\/secure.gravatar.com\/avatar\/64ebac40b93f26a154f8a9b5b6fdccfc46f442b26b3dd6756dbff3bf9dc76fd7?s=96&d=mm&r=g","caption":"super-news"},"url":"https:\/\/super-news.info\/pt\/author\/pt\/"}]}},"_links":{"self":[{"href":"https:\/\/super-news.info\/pt\/wp-json\/wp\/v2\/posts\/3418","targetHints":{"allow":["GET"]}}],"collection":[{"href":"https:\/\/super-news.info\/pt\/wp-json\/wp\/v2\/posts"}],"about":[{"href":"https:\/\/super-news.info\/pt\/wp-json\/wp\/v2\/types\/post"}],"author":[{"embeddable":true,"href":"https:\/\/super-news.info\/pt\/wp-json\/wp\/v2\/users\/2"}],"replies":[{"embeddable":true,"href":"https:\/\/super-news.info\/pt\/wp-json\/wp\/v2\/comments?post=3418"}],"version-history":[{"count":1,"href":"https:\/\/super-news.info\/pt\/wp-json\/wp\/v2\/posts\/3418\/revisions"}],"predecessor-version":[{"id":3420,"href":"https:\/\/super-news.info\/pt\/wp-json\/wp\/v2\/posts\/3418\/revisions\/3420"}],"wp:featuredmedia":[{"embeddable":true,"href":"https:\/\/super-news.info\/pt\/wp-json\/wp\/v2\/media\/3419"}],"wp:attachment":[{"href":"https:\/\/super-news.info\/pt\/wp-json\/wp\/v2\/media?parent=3418"}],"wp:term":[{"taxonomy":"category","embeddable":true,"href":"https:\/\/super-news.info\/pt\/wp-json\/wp\/v2\/categories?post=3418"},{"taxonomy":"post_tag","embeddable":true,"href":"https:\/\/super-news.info\/pt\/wp-json\/wp\/v2\/tags?post=3418"}],"curies":[{"name":"wp","href":"https:\/\/api.w.org\/{rel}","templated":true}]}}