{"id":3412,"date":"2019-07-26T02:42:59","date_gmt":"2019-07-25T23:42:59","guid":{"rendered":"https:\/\/super-news.info\/pt\/as-contas-incertas-dos-socialistas-o-jornal-economico\/"},"modified":"2019-07-26T02:43:00","modified_gmt":"2019-07-25T23:43:00","slug":"as-contas-incertas-dos-socialistas-o-jornal-economico","status":"publish","type":"post","link":"https:\/\/super-news.info\/pt\/as-contas-incertas-dos-socialistas-o-jornal-economico\/","title":{"rendered":"As contas incertas dos socialistas \u2013 O Jornal Econ\u00f3mico"},"content":{"rendered":"<p> [ad_1]<br \/>\n<\/p>\n<div>\n<p>Recorrentemente, em cada per\u00edodo eleitoral, surgem vozes que se pretendem arvorar como \u201cpragm\u00e1ticas\u201d e defensoras da designada <em>real politik<\/em> dizendo sempre o mesmo: Que os cidad\u00e3os eleitores n\u00e3o leem nem d\u00e3o qualquer aten\u00e7\u00e3o aos programas eleitorais elaborados pelos partidos. Sucede que, para al\u00e9m de essas afirma\u00e7\u00f5es constitu\u00edrem uma atitude de infantiliza\u00e7\u00e3o do eleitorado, elas n\u00e3o correspondem \u00e0 verdade.<\/p>\n<p>Poder\u00e1 a maioria dos eleitores n\u00e3o imprimir nem ler na sua \u00edntegra os documentos que re\u00fanem a totalidade das propostas partid\u00e1rias. Mas a mesma maioria sabe bem distinguir que medidas e propostas pertencem a cada um dos partidos e tamb\u00e9m avaliar se essas propostas eleitorais s\u00e3o meras promessas propagand\u00edsticas ou se est\u00e3o em sintonia com as provas dadas na governa\u00e7\u00e3o ou na oposi\u00e7\u00e3o, consoante.<\/p>\n<p>Nesse sentido, quero acreditar que ser\u00e1 sob o prisma de uma an\u00e1lise inteligente que a generalidade do eleitorado ver\u00e1 o programa socialista recentemente apresentado e descolado de qualquer liga\u00e7\u00e3o com a realidade dos n\u00fameros. Como disse Adolfo Mesquita Nunes, os socialistas prometem aumentar investimento e sal\u00e1rios, apoios e bolsas ao mesmo tempo que afirmam a inten\u00e7\u00e3o de cortar \u201cimpostos e impostos, tornando tudo isto num exerc\u00edcio de fic\u00e7\u00e3o\u201d.<\/p>\n<p>Uma not\u00edcia publicada h\u00e1 dias \u00e9 reveladora num dos seus par\u00e1grafos: \u00abDesde o in\u00edcio da elabora\u00e7\u00e3o do programa eleitoral, o PS assegurou que todas as ideias que constassem do documento teriam de passar por um crivo de sustentabilidade financeira, sendo quantificadas e acomod\u00e1veis nos princ\u00edpios de \u201ccontas certas\u201d com que o partido se apresenta a votos. Por\u00e9m, questionado pelo Expresso sobre essas contas, o coordenador do programa do PS recusa-se, para j\u00e1, a revel\u00e1-las\u00bb. Pontos negativos para a coer\u00eancia e a transpar\u00eancia, portanto.<\/p>\n<p>No entanto, o mais relevante \u00e9 que, para al\u00e9m de os dirigentes do Partido Socialista n\u00e3o apresentarem nenhum impacto financeiro das medidas que prop\u00f5em ao eleitorado, tornando assim imposs\u00edveis uma discuss\u00e3o e um debate honestos em torno das promessas que constam do seu programa eleitoral, todas essas promessas est\u00e3o \u00e0 margem do cen\u00e1rio macroecon\u00f3mico defendido pelo Governo e validado por Bruxelas no Programa de Estabilidade.<\/p>\n<p>Temos, portanto, dois partidos socialistas distintos: aquele PS que, na presen\u00e7a do presidente do partido Ant\u00f3nio Costa, apresenta um programa sem as respetivas contas e baseado num cen\u00e1rio macroecon\u00f3mico; e o outro PS no Governo, tendo como PM Ant\u00f3nio Costa, que governa com outro cen\u00e1rio macroecon\u00f3mico substancialmente diferente. Mais uma vez, menos dez pontos pela coer\u00eancia para os socialistas. Quais? Eu diria que todos. E os sinais cada vez mais evidentes da sa\u00edda do ministro M\u00e1rio Centeno, depois da coloca\u00e7\u00e3o do seu chefe de gabinete \u00e0 frente do OPART ultrapassando a ministra da Cultura, torna mais determinantes ainda as inc\u00f3gnitas que o PS deixa pairar sobre o futuro.<\/p>\n<p>\u00a0<\/p>\n<p><span style=\"font-size: 10pt;\">\u00c9 de saudar o an\u00fancio feito pela Funda\u00e7\u00e3o Calouste Gulbenkian sobre a cria\u00e7\u00e3o do <em>Pr\u00e9mio Calouste Gulbenkian para a Humanidade<\/em>, pretendendo \u201cincentivar o surgimento de novas ideias, que contribuam para a melhoria do futuro da Humanidade\u201d e que nesta sua primeira edi\u00e7\u00e3o ser\u00e1 dedicado \u00e0s altera\u00e7\u00f5es clim\u00e1ticas. Uma escolha mais do que pertinente, tendo em conta os desafios clim\u00e1ticos cada vez maiores que todos enfrentamos.<\/span><\/p>\n<p>\u00a0<\/p>\n<\/div>\n<p><script>function facebookInit(){var js=document.createElement('script');js.src='https:\/\/connect.facebook.net\/pt_PT\/sdk.js#xfbml=1&version=v3.1&appId=1708066812789184&autoLogAppEvents=1';return document.body.appendChild(js);}\nwindow.onscroll=function(){var rect=document.getElementsByClassName('je-post-content')[0].getBoundingClientRect();if(rect.bottom<window.innerHeight){facebookInit();window.onscroll=null;}}<\/script><br \/>\n<br \/>[ad_2]<br \/>\n<br \/><a href=\"https:\/\/jornaleconomico.sapo.pt\/noticias\/as-contas-incertas-dos-socialistas-471932\">Source link <\/a><\/p>\n","protected":false},"excerpt":{"rendered":"<p>[ad_1] Recorrentemente, em cada per\u00edodo eleitoral, surgem vozes que se pretendem arvorar como \u201cpragm\u00e1ticas\u201d e defensoras da designada real politik dizendo sempre o mesmo: Que os cidad\u00e3os eleitores n\u00e3o leem nem d\u00e3o qualquer aten\u00e7\u00e3o aos programas eleitorais elaborados pelos partidos. Sucede que, para al\u00e9m de essas afirma\u00e7\u00f5es constitu\u00edrem uma atitude de infantiliza\u00e7\u00e3o do eleitorado, elas [&hellip;]<\/p>\n","protected":false},"author":2,"featured_media":3413,"comment_status":"open","ping_status":"open","sticky":false,"template":"","format":"standard","meta":{"footnotes":""},"categories":[1],"tags":[],"class_list":["post-3412","post","type-post","status-publish","format-standard","has-post-thumbnail","hentry","category-noticias-financeiras"],"yoast_head":"<!-- This site is optimized with the Yoast SEO plugin v27.4 - https:\/\/yoast.com\/product\/yoast-seo-wordpress\/ -->\n<title>As contas incertas dos socialistas \u2013 O Jornal Econ\u00f3mico - Super News<\/title>\n<meta name=\"robots\" content=\"index, follow, max-snippet:-1, max-image-preview:large, max-video-preview:-1\" \/>\n<link rel=\"canonical\" href=\"https:\/\/super-news.info\/pt\/as-contas-incertas-dos-socialistas-o-jornal-economico\/\" \/>\n<meta property=\"og:locale\" content=\"pt_PT\" \/>\n<meta property=\"og:type\" content=\"article\" \/>\n<meta property=\"og:title\" content=\"As contas incertas dos socialistas \u2013 O Jornal Econ\u00f3mico - Super News\" \/>\n<meta property=\"og:description\" content=\"[ad_1] Recorrentemente, em cada per\u00edodo eleitoral, surgem vozes que se pretendem arvorar como \u201cpragm\u00e1ticas\u201d e defensoras da designada real politik dizendo sempre o mesmo: Que os cidad\u00e3os eleitores n\u00e3o leem nem d\u00e3o qualquer aten\u00e7\u00e3o aos programas eleitorais elaborados pelos partidos. Sucede que, para al\u00e9m de essas afirma\u00e7\u00f5es constitu\u00edrem uma atitude de infantiliza\u00e7\u00e3o do eleitorado, elas [&hellip;]\" \/>\n<meta property=\"og:url\" content=\"https:\/\/super-news.info\/pt\/as-contas-incertas-dos-socialistas-o-jornal-economico\/\" \/>\n<meta property=\"og:site_name\" content=\"Super News\" \/>\n<meta property=\"article:published_time\" content=\"2019-07-25T23:42:59+00:00\" \/>\n<meta property=\"article:modified_time\" content=\"2019-07-25T23:43:00+00:00\" \/>\n<meta property=\"og:image\" content=\"https:\/\/super-news.info\/pt\/wp-content\/uploads\/sites\/2\/2019\/07\/As-contas-incertas-dos-socialistas-\u2013-O-Jornal-Econ\u00f3mico.jpg\" \/>\n\t<meta property=\"og:image:width\" content=\"300\" \/>\n\t<meta property=\"og:image:height\" content=\"188\" \/>\n\t<meta property=\"og:image:type\" content=\"image\/jpeg\" \/>\n<meta name=\"author\" content=\"super-news\" \/>\n<meta name=\"twitter:card\" content=\"summary_large_image\" \/>\n<meta name=\"twitter:label1\" content=\"Escrito por\" \/>\n\t<meta name=\"twitter:data1\" content=\"super-news\" \/>\n\t<meta name=\"twitter:label2\" content=\"Tempo estimado de leitura\" \/>\n\t<meta name=\"twitter:data2\" content=\"3 minutos\" \/>\n<script type=\"application\/ld+json\" class=\"yoast-schema-graph\">{\"@context\":\"https:\\\/\\\/schema.org\",\"@graph\":[{\"@type\":\"Article\",\"@id\":\"https:\\\/\\\/super-news.info\\\/pt\\\/as-contas-incertas-dos-socialistas-o-jornal-economico\\\/#article\",\"isPartOf\":{\"@id\":\"https:\\\/\\\/super-news.info\\\/pt\\\/as-contas-incertas-dos-socialistas-o-jornal-economico\\\/\"},\"author\":{\"name\":\"super-news\",\"@id\":\"https:\\\/\\\/super-news.info\\\/pt\\\/#\\\/schema\\\/person\\\/2d4068cb2f39cd10008c2fce578a7356\"},\"headline\":\"As contas incertas dos socialistas \u2013 O Jornal Econ\u00f3mico\",\"datePublished\":\"2019-07-25T23:42:59+00:00\",\"dateModified\":\"2019-07-25T23:43:00+00:00\",\"mainEntityOfPage\":{\"@id\":\"https:\\\/\\\/super-news.info\\\/pt\\\/as-contas-incertas-dos-socialistas-o-jornal-economico\\\/\"},\"wordCount\":583,\"commentCount\":0,\"image\":{\"@id\":\"https:\\\/\\\/super-news.info\\\/pt\\\/as-contas-incertas-dos-socialistas-o-jornal-economico\\\/#primaryimage\"},\"thumbnailUrl\":\"https:\\\/\\\/super-news.info\\\/pt\\\/wp-content\\\/uploads\\\/sites\\\/2\\\/2019\\\/07\\\/As-contas-incertas-dos-socialistas-\u2013-O-Jornal-Econ\u00f3mico.jpg\",\"articleSection\":[\"NOT\u00cdCIAS FINANCEIRAS\"],\"inLanguage\":\"pt-PT\",\"potentialAction\":[{\"@type\":\"CommentAction\",\"name\":\"Comment\",\"target\":[\"https:\\\/\\\/super-news.info\\\/pt\\\/as-contas-incertas-dos-socialistas-o-jornal-economico\\\/#respond\"]}]},{\"@type\":\"WebPage\",\"@id\":\"https:\\\/\\\/super-news.info\\\/pt\\\/as-contas-incertas-dos-socialistas-o-jornal-economico\\\/\",\"url\":\"https:\\\/\\\/super-news.info\\\/pt\\\/as-contas-incertas-dos-socialistas-o-jornal-economico\\\/\",\"name\":\"As contas incertas dos socialistas \u2013 O Jornal Econ\u00f3mico - Super News\",\"isPartOf\":{\"@id\":\"https:\\\/\\\/super-news.info\\\/pt\\\/#website\"},\"primaryImageOfPage\":{\"@id\":\"https:\\\/\\\/super-news.info\\\/pt\\\/as-contas-incertas-dos-socialistas-o-jornal-economico\\\/#primaryimage\"},\"image\":{\"@id\":\"https:\\\/\\\/super-news.info\\\/pt\\\/as-contas-incertas-dos-socialistas-o-jornal-economico\\\/#primaryimage\"},\"thumbnailUrl\":\"https:\\\/\\\/super-news.info\\\/pt\\\/wp-content\\\/uploads\\\/sites\\\/2\\\/2019\\\/07\\\/As-contas-incertas-dos-socialistas-\u2013-O-Jornal-Econ\u00f3mico.jpg\",\"datePublished\":\"2019-07-25T23:42:59+00:00\",\"dateModified\":\"2019-07-25T23:43:00+00:00\",\"author\":{\"@id\":\"https:\\\/\\\/super-news.info\\\/pt\\\/#\\\/schema\\\/person\\\/2d4068cb2f39cd10008c2fce578a7356\"},\"breadcrumb\":{\"@id\":\"https:\\\/\\\/super-news.info\\\/pt\\\/as-contas-incertas-dos-socialistas-o-jornal-economico\\\/#breadcrumb\"},\"inLanguage\":\"pt-PT\",\"potentialAction\":[{\"@type\":\"ReadAction\",\"target\":[\"https:\\\/\\\/super-news.info\\\/pt\\\/as-contas-incertas-dos-socialistas-o-jornal-economico\\\/\"]}]},{\"@type\":\"ImageObject\",\"inLanguage\":\"pt-PT\",\"@id\":\"https:\\\/\\\/super-news.info\\\/pt\\\/as-contas-incertas-dos-socialistas-o-jornal-economico\\\/#primaryimage\",\"url\":\"https:\\\/\\\/super-news.info\\\/pt\\\/wp-content\\\/uploads\\\/sites\\\/2\\\/2019\\\/07\\\/As-contas-incertas-dos-socialistas-\u2013-O-Jornal-Econ\u00f3mico.jpg\",\"contentUrl\":\"https:\\\/\\\/super-news.info\\\/pt\\\/wp-content\\\/uploads\\\/sites\\\/2\\\/2019\\\/07\\\/As-contas-incertas-dos-socialistas-\u2013-O-Jornal-Econ\u00f3mico.jpg\",\"width\":300,\"height\":188,\"caption\":\"As contas incertas dos socialistas \u2013 O Jornal Econ\u00f3mico\"},{\"@type\":\"BreadcrumbList\",\"@id\":\"https:\\\/\\\/super-news.info\\\/pt\\\/as-contas-incertas-dos-socialistas-o-jornal-economico\\\/#breadcrumb\",\"itemListElement\":[{\"@type\":\"ListItem\",\"position\":1,\"name\":\"\u0413\u043b\u0430\u0432\u043d\u0430\u044f \u0441\u0442\u0440\u0430\u043d\u0438\u0446\u0430\",\"item\":\"https:\\\/\\\/super-news.info\\\/pt\\\/\"},{\"@type\":\"ListItem\",\"position\":2,\"name\":\"As contas incertas dos socialistas \u2013 O Jornal Econ\u00f3mico\"}]},{\"@type\":\"WebSite\",\"@id\":\"https:\\\/\\\/super-news.info\\\/pt\\\/#website\",\"url\":\"https:\\\/\\\/super-news.info\\\/pt\\\/\",\"name\":\"Super News\",\"description\":\"Super News Portugal\",\"potentialAction\":[{\"@type\":\"SearchAction\",\"target\":{\"@type\":\"EntryPoint\",\"urlTemplate\":\"https:\\\/\\\/super-news.info\\\/pt\\\/?s={search_term_string}\"},\"query-input\":{\"@type\":\"PropertyValueSpecification\",\"valueRequired\":true,\"valueName\":\"search_term_string\"}}],\"inLanguage\":\"pt-PT\"},{\"@type\":\"Person\",\"@id\":\"https:\\\/\\\/super-news.info\\\/pt\\\/#\\\/schema\\\/person\\\/2d4068cb2f39cd10008c2fce578a7356\",\"name\":\"super-news\",\"image\":{\"@type\":\"ImageObject\",\"inLanguage\":\"pt-PT\",\"@id\":\"https:\\\/\\\/secure.gravatar.com\\\/avatar\\\/64ebac40b93f26a154f8a9b5b6fdccfc46f442b26b3dd6756dbff3bf9dc76fd7?s=96&d=mm&r=g\",\"url\":\"https:\\\/\\\/secure.gravatar.com\\\/avatar\\\/64ebac40b93f26a154f8a9b5b6fdccfc46f442b26b3dd6756dbff3bf9dc76fd7?s=96&d=mm&r=g\",\"contentUrl\":\"https:\\\/\\\/secure.gravatar.com\\\/avatar\\\/64ebac40b93f26a154f8a9b5b6fdccfc46f442b26b3dd6756dbff3bf9dc76fd7?s=96&d=mm&r=g\",\"caption\":\"super-news\"},\"url\":\"https:\\\/\\\/super-news.info\\\/pt\\\/author\\\/pt\\\/\"}]}<\/script>\n<!-- \/ Yoast SEO plugin. -->","yoast_head_json":{"title":"As contas incertas dos socialistas \u2013 O Jornal Econ\u00f3mico - Super News","robots":{"index":"index","follow":"follow","max-snippet":"max-snippet:-1","max-image-preview":"max-image-preview:large","max-video-preview":"max-video-preview:-1"},"canonical":"https:\/\/super-news.info\/pt\/as-contas-incertas-dos-socialistas-o-jornal-economico\/","og_locale":"pt_PT","og_type":"article","og_title":"As contas incertas dos socialistas \u2013 O Jornal Econ\u00f3mico - Super News","og_description":"[ad_1] Recorrentemente, em cada per\u00edodo eleitoral, surgem vozes que se pretendem arvorar como \u201cpragm\u00e1ticas\u201d e defensoras da designada real politik dizendo sempre o mesmo: Que os cidad\u00e3os eleitores n\u00e3o leem nem d\u00e3o qualquer aten\u00e7\u00e3o aos programas eleitorais elaborados pelos partidos. Sucede que, para al\u00e9m de essas afirma\u00e7\u00f5es constitu\u00edrem uma atitude de infantiliza\u00e7\u00e3o do eleitorado, elas [&hellip;]","og_url":"https:\/\/super-news.info\/pt\/as-contas-incertas-dos-socialistas-o-jornal-economico\/","og_site_name":"Super News","article_published_time":"2019-07-25T23:42:59+00:00","article_modified_time":"2019-07-25T23:43:00+00:00","og_image":[{"width":300,"height":188,"url":"https:\/\/super-news.info\/pt\/wp-content\/uploads\/sites\/2\/2019\/07\/As-contas-incertas-dos-socialistas-\u2013-O-Jornal-Econ\u00f3mico.jpg","type":"image\/jpeg"}],"author":"super-news","twitter_card":"summary_large_image","twitter_misc":{"Escrito por":"super-news","Tempo estimado de leitura":"3 minutos"},"schema":{"@context":"https:\/\/schema.org","@graph":[{"@type":"Article","@id":"https:\/\/super-news.info\/pt\/as-contas-incertas-dos-socialistas-o-jornal-economico\/#article","isPartOf":{"@id":"https:\/\/super-news.info\/pt\/as-contas-incertas-dos-socialistas-o-jornal-economico\/"},"author":{"name":"super-news","@id":"https:\/\/super-news.info\/pt\/#\/schema\/person\/2d4068cb2f39cd10008c2fce578a7356"},"headline":"As contas incertas dos socialistas \u2013 O Jornal Econ\u00f3mico","datePublished":"2019-07-25T23:42:59+00:00","dateModified":"2019-07-25T23:43:00+00:00","mainEntityOfPage":{"@id":"https:\/\/super-news.info\/pt\/as-contas-incertas-dos-socialistas-o-jornal-economico\/"},"wordCount":583,"commentCount":0,"image":{"@id":"https:\/\/super-news.info\/pt\/as-contas-incertas-dos-socialistas-o-jornal-economico\/#primaryimage"},"thumbnailUrl":"https:\/\/super-news.info\/pt\/wp-content\/uploads\/sites\/2\/2019\/07\/As-contas-incertas-dos-socialistas-\u2013-O-Jornal-Econ\u00f3mico.jpg","articleSection":["NOT\u00cdCIAS FINANCEIRAS"],"inLanguage":"pt-PT","potentialAction":[{"@type":"CommentAction","name":"Comment","target":["https:\/\/super-news.info\/pt\/as-contas-incertas-dos-socialistas-o-jornal-economico\/#respond"]}]},{"@type":"WebPage","@id":"https:\/\/super-news.info\/pt\/as-contas-incertas-dos-socialistas-o-jornal-economico\/","url":"https:\/\/super-news.info\/pt\/as-contas-incertas-dos-socialistas-o-jornal-economico\/","name":"As contas incertas dos socialistas \u2013 O Jornal Econ\u00f3mico - Super News","isPartOf":{"@id":"https:\/\/super-news.info\/pt\/#website"},"primaryImageOfPage":{"@id":"https:\/\/super-news.info\/pt\/as-contas-incertas-dos-socialistas-o-jornal-economico\/#primaryimage"},"image":{"@id":"https:\/\/super-news.info\/pt\/as-contas-incertas-dos-socialistas-o-jornal-economico\/#primaryimage"},"thumbnailUrl":"https:\/\/super-news.info\/pt\/wp-content\/uploads\/sites\/2\/2019\/07\/As-contas-incertas-dos-socialistas-\u2013-O-Jornal-Econ\u00f3mico.jpg","datePublished":"2019-07-25T23:42:59+00:00","dateModified":"2019-07-25T23:43:00+00:00","author":{"@id":"https:\/\/super-news.info\/pt\/#\/schema\/person\/2d4068cb2f39cd10008c2fce578a7356"},"breadcrumb":{"@id":"https:\/\/super-news.info\/pt\/as-contas-incertas-dos-socialistas-o-jornal-economico\/#breadcrumb"},"inLanguage":"pt-PT","potentialAction":[{"@type":"ReadAction","target":["https:\/\/super-news.info\/pt\/as-contas-incertas-dos-socialistas-o-jornal-economico\/"]}]},{"@type":"ImageObject","inLanguage":"pt-PT","@id":"https:\/\/super-news.info\/pt\/as-contas-incertas-dos-socialistas-o-jornal-economico\/#primaryimage","url":"https:\/\/super-news.info\/pt\/wp-content\/uploads\/sites\/2\/2019\/07\/As-contas-incertas-dos-socialistas-\u2013-O-Jornal-Econ\u00f3mico.jpg","contentUrl":"https:\/\/super-news.info\/pt\/wp-content\/uploads\/sites\/2\/2019\/07\/As-contas-incertas-dos-socialistas-\u2013-O-Jornal-Econ\u00f3mico.jpg","width":300,"height":188,"caption":"As contas incertas dos socialistas \u2013 O Jornal Econ\u00f3mico"},{"@type":"BreadcrumbList","@id":"https:\/\/super-news.info\/pt\/as-contas-incertas-dos-socialistas-o-jornal-economico\/#breadcrumb","itemListElement":[{"@type":"ListItem","position":1,"name":"\u0413\u043b\u0430\u0432\u043d\u0430\u044f \u0441\u0442\u0440\u0430\u043d\u0438\u0446\u0430","item":"https:\/\/super-news.info\/pt\/"},{"@type":"ListItem","position":2,"name":"As contas incertas dos socialistas \u2013 O Jornal Econ\u00f3mico"}]},{"@type":"WebSite","@id":"https:\/\/super-news.info\/pt\/#website","url":"https:\/\/super-news.info\/pt\/","name":"Super News","description":"Super News Portugal","potentialAction":[{"@type":"SearchAction","target":{"@type":"EntryPoint","urlTemplate":"https:\/\/super-news.info\/pt\/?s={search_term_string}"},"query-input":{"@type":"PropertyValueSpecification","valueRequired":true,"valueName":"search_term_string"}}],"inLanguage":"pt-PT"},{"@type":"Person","@id":"https:\/\/super-news.info\/pt\/#\/schema\/person\/2d4068cb2f39cd10008c2fce578a7356","name":"super-news","image":{"@type":"ImageObject","inLanguage":"pt-PT","@id":"https:\/\/secure.gravatar.com\/avatar\/64ebac40b93f26a154f8a9b5b6fdccfc46f442b26b3dd6756dbff3bf9dc76fd7?s=96&d=mm&r=g","url":"https:\/\/secure.gravatar.com\/avatar\/64ebac40b93f26a154f8a9b5b6fdccfc46f442b26b3dd6756dbff3bf9dc76fd7?s=96&d=mm&r=g","contentUrl":"https:\/\/secure.gravatar.com\/avatar\/64ebac40b93f26a154f8a9b5b6fdccfc46f442b26b3dd6756dbff3bf9dc76fd7?s=96&d=mm&r=g","caption":"super-news"},"url":"https:\/\/super-news.info\/pt\/author\/pt\/"}]}},"_links":{"self":[{"href":"https:\/\/super-news.info\/pt\/wp-json\/wp\/v2\/posts\/3412","targetHints":{"allow":["GET"]}}],"collection":[{"href":"https:\/\/super-news.info\/pt\/wp-json\/wp\/v2\/posts"}],"about":[{"href":"https:\/\/super-news.info\/pt\/wp-json\/wp\/v2\/types\/post"}],"author":[{"embeddable":true,"href":"https:\/\/super-news.info\/pt\/wp-json\/wp\/v2\/users\/2"}],"replies":[{"embeddable":true,"href":"https:\/\/super-news.info\/pt\/wp-json\/wp\/v2\/comments?post=3412"}],"version-history":[{"count":1,"href":"https:\/\/super-news.info\/pt\/wp-json\/wp\/v2\/posts\/3412\/revisions"}],"predecessor-version":[{"id":3414,"href":"https:\/\/super-news.info\/pt\/wp-json\/wp\/v2\/posts\/3412\/revisions\/3414"}],"wp:featuredmedia":[{"embeddable":true,"href":"https:\/\/super-news.info\/pt\/wp-json\/wp\/v2\/media\/3413"}],"wp:attachment":[{"href":"https:\/\/super-news.info\/pt\/wp-json\/wp\/v2\/media?parent=3412"}],"wp:term":[{"taxonomy":"category","embeddable":true,"href":"https:\/\/super-news.info\/pt\/wp-json\/wp\/v2\/categories?post=3412"},{"taxonomy":"post_tag","embeddable":true,"href":"https:\/\/super-news.info\/pt\/wp-json\/wp\/v2\/tags?post=3412"}],"curies":[{"name":"wp","href":"https:\/\/api.w.org\/{rel}","templated":true}]}}