{"id":3371,"date":"2019-07-24T13:43:46","date_gmt":"2019-07-24T10:43:46","guid":{"rendered":"https:\/\/super-news.info\/pt\/doca-do-cavacas-abre-em-pleno-depois-de-obras-de-27-mil-euros-o-jornal-economico\/"},"modified":"2019-07-24T13:43:47","modified_gmt":"2019-07-24T10:43:47","slug":"doca-do-cavacas-abre-em-pleno-depois-de-obras-de-27-mil-euros-o-jornal-economico","status":"publish","type":"post","link":"https:\/\/super-news.info\/pt\/doca-do-cavacas-abre-em-pleno-depois-de-obras-de-27-mil-euros-o-jornal-economico\/","title":{"rendered":"Doca do Cavacas abre em pleno depois de obras de 27 mil euros \u2013 O Jornal Econ\u00f3mico"},"content":{"rendered":"<p> [ad_1]<br \/>\n<\/p>\n<div>\n<p>A Doca do Cavacas passaram a funcionar em pleno depois de ter sofrido obras de reabilita\u00e7\u00e3o do sol\u00e1rio nascente que chegaram aos 27 mil euros.<\/p>\n<p>\u201cA interven\u00e7\u00e3o teve como objetivo repor todas as condi\u00e7\u00f5es de utiliza\u00e7\u00e3o daquele espa\u00e7o, que ficou gravemente afetado na sequ\u00eancia da intemp\u00e9rie que fustigou o litoral funchalense em 2018\u201d, disse Miguel Gouveia, presidente da C\u00e2mara Municipal do Funchal.<\/p>\n<p>A recupera\u00e7\u00e3o do espa\u00e7o incluiu: as condi\u00e7\u00f5es de acesso, o melhoramento do pavimento, o aumento da capacidade de camas e de sol\u00e1rio, a manuten\u00e7\u00e3o das po\u00e7as naturais e, interven\u00e7\u00f5es nas casas de banho e nos balne\u00e1rios.<\/p>\n<p>O autarca referiu que a interven\u00e7\u00e3o na Doca do Cavacas teve em conta a melhoria do espa\u00e7o em termos pr\u00e1ticos, visuais e ambientais.<\/p>\n<p>\u201cTratando-se de um espa\u00e7o de recreio e lazer privilegiado na nossa cidade, existia naturalmente a necessidade de assegurar o bem-estar e a seguran\u00e7a dos banhistas e restantes utentes com uma interven\u00e7\u00e3o de car\u00e1cter dur\u00e1vel\u201d, acrescentou o presidente da autarquia do Funchal.<\/p>\n<\/p><\/div>\n<p><script>function facebookInit(){var js=document.createElement('script');js.src='https:\/\/connect.facebook.net\/pt_PT\/sdk.js#xfbml=1&version=v3.1&appId=1708066812789184&autoLogAppEvents=1';return document.body.appendChild(js);}\nwindow.onscroll=function(){var rect=document.getElementsByClassName('je-post-content')[0].getBoundingClientRect();if(rect.bottom<window.innerHeight){facebookInit();window.onscroll=null;}}<\/script><br \/>\n<br \/>[ad_2]<br \/>\n<br \/><a href=\"https:\/\/jornaleconomico.sapo.pt\/noticias\/doca-do-cavacas-abre-em-pleno-depois-de-obras-de-27-mil-euros-471261\">Source link <\/a><\/p>\n","protected":false},"excerpt":{"rendered":"<p>[ad_1] A Doca do Cavacas passaram a funcionar em pleno depois de ter sofrido obras de reabilita\u00e7\u00e3o do sol\u00e1rio nascente que chegaram aos 27 mil euros. \u201cA interven\u00e7\u00e3o teve como objetivo repor todas as condi\u00e7\u00f5es de utiliza\u00e7\u00e3o daquele espa\u00e7o, que ficou gravemente afetado na sequ\u00eancia da intemp\u00e9rie que fustigou o litoral funchalense em 2018\u201d, disse [&hellip;]<\/p>\n","protected":false},"author":2,"featured_media":3372,"comment_status":"open","ping_status":"open","sticky":false,"template":"","format":"standard","meta":{"footnotes":""},"categories":[1],"tags":[],"class_list":["post-3371","post","type-post","status-publish","format-standard","has-post-thumbnail","hentry","category-noticias-financeiras"],"yoast_head":"<!-- This site is optimized with the Yoast SEO plugin v27.4 - https:\/\/yoast.com\/product\/yoast-seo-wordpress\/ -->\n<title>Doca do Cavacas abre em pleno depois de obras de 27 mil euros \u2013 O Jornal Econ\u00f3mico - Super News<\/title>\n<meta name=\"robots\" content=\"index, follow, max-snippet:-1, max-image-preview:large, max-video-preview:-1\" \/>\n<link rel=\"canonical\" href=\"https:\/\/super-news.info\/pt\/doca-do-cavacas-abre-em-pleno-depois-de-obras-de-27-mil-euros-o-jornal-economico\/\" \/>\n<meta property=\"og:locale\" content=\"pt_PT\" \/>\n<meta property=\"og:type\" content=\"article\" \/>\n<meta property=\"og:title\" content=\"Doca do Cavacas abre em pleno depois de obras de 27 mil euros \u2013 O Jornal Econ\u00f3mico - Super News\" \/>\n<meta property=\"og:description\" content=\"[ad_1] A Doca do Cavacas passaram a funcionar em pleno depois de ter sofrido obras de reabilita\u00e7\u00e3o do sol\u00e1rio nascente que chegaram aos 27 mil euros. \u201cA interven\u00e7\u00e3o teve como objetivo repor todas as condi\u00e7\u00f5es de utiliza\u00e7\u00e3o daquele espa\u00e7o, que ficou gravemente afetado na sequ\u00eancia da intemp\u00e9rie que fustigou o litoral funchalense em 2018\u201d, disse [&hellip;]\" \/>\n<meta property=\"og:url\" content=\"https:\/\/super-news.info\/pt\/doca-do-cavacas-abre-em-pleno-depois-de-obras-de-27-mil-euros-o-jornal-economico\/\" \/>\n<meta property=\"og:site_name\" content=\"Super News\" \/>\n<meta property=\"article:published_time\" content=\"2019-07-24T10:43:46+00:00\" \/>\n<meta property=\"article:modified_time\" content=\"2019-07-24T10:43:47+00:00\" \/>\n<meta property=\"og:image\" content=\"https:\/\/super-news.info\/pt\/wp-content\/uploads\/sites\/2\/2019\/07\/Doca-do-Cavacas-abre-em-pleno-depois-de-obras-de.png\" \/>\n\t<meta property=\"og:image:width\" content=\"600\" \/>\n\t<meta property=\"og:image:height\" content=\"698\" \/>\n\t<meta property=\"og:image:type\" content=\"image\/png\" \/>\n<meta name=\"author\" content=\"super-news\" \/>\n<meta name=\"twitter:card\" content=\"summary_large_image\" \/>\n<meta name=\"twitter:label1\" content=\"Escrito por\" \/>\n\t<meta name=\"twitter:data1\" content=\"super-news\" \/>\n\t<meta name=\"twitter:label2\" content=\"Tempo estimado de leitura\" \/>\n\t<meta name=\"twitter:data2\" content=\"1 minuto\" \/>\n<script type=\"application\/ld+json\" class=\"yoast-schema-graph\">{\"@context\":\"https:\\\/\\\/schema.org\",\"@graph\":[{\"@type\":\"Article\",\"@id\":\"https:\\\/\\\/super-news.info\\\/pt\\\/doca-do-cavacas-abre-em-pleno-depois-de-obras-de-27-mil-euros-o-jornal-economico\\\/#article\",\"isPartOf\":{\"@id\":\"https:\\\/\\\/super-news.info\\\/pt\\\/doca-do-cavacas-abre-em-pleno-depois-de-obras-de-27-mil-euros-o-jornal-economico\\\/\"},\"author\":{\"name\":\"super-news\",\"@id\":\"https:\\\/\\\/super-news.info\\\/pt\\\/#\\\/schema\\\/person\\\/2d4068cb2f39cd10008c2fce578a7356\"},\"headline\":\"Doca do Cavacas abre em pleno depois de obras de 27 mil euros \u2013 O Jornal Econ\u00f3mico\",\"datePublished\":\"2019-07-24T10:43:46+00:00\",\"dateModified\":\"2019-07-24T10:43:47+00:00\",\"mainEntityOfPage\":{\"@id\":\"https:\\\/\\\/super-news.info\\\/pt\\\/doca-do-cavacas-abre-em-pleno-depois-de-obras-de-27-mil-euros-o-jornal-economico\\\/\"},\"wordCount\":205,\"commentCount\":0,\"image\":{\"@id\":\"https:\\\/\\\/super-news.info\\\/pt\\\/doca-do-cavacas-abre-em-pleno-depois-de-obras-de-27-mil-euros-o-jornal-economico\\\/#primaryimage\"},\"thumbnailUrl\":\"https:\\\/\\\/super-news.info\\\/pt\\\/wp-content\\\/uploads\\\/sites\\\/2\\\/2019\\\/07\\\/Doca-do-Cavacas-abre-em-pleno-depois-de-obras-de.png\",\"articleSection\":[\"NOT\u00cdCIAS FINANCEIRAS\"],\"inLanguage\":\"pt-PT\",\"potentialAction\":[{\"@type\":\"CommentAction\",\"name\":\"Comment\",\"target\":[\"https:\\\/\\\/super-news.info\\\/pt\\\/doca-do-cavacas-abre-em-pleno-depois-de-obras-de-27-mil-euros-o-jornal-economico\\\/#respond\"]}]},{\"@type\":\"WebPage\",\"@id\":\"https:\\\/\\\/super-news.info\\\/pt\\\/doca-do-cavacas-abre-em-pleno-depois-de-obras-de-27-mil-euros-o-jornal-economico\\\/\",\"url\":\"https:\\\/\\\/super-news.info\\\/pt\\\/doca-do-cavacas-abre-em-pleno-depois-de-obras-de-27-mil-euros-o-jornal-economico\\\/\",\"name\":\"Doca do Cavacas abre em pleno depois de obras de 27 mil euros \u2013 O Jornal Econ\u00f3mico - Super News\",\"isPartOf\":{\"@id\":\"https:\\\/\\\/super-news.info\\\/pt\\\/#website\"},\"primaryImageOfPage\":{\"@id\":\"https:\\\/\\\/super-news.info\\\/pt\\\/doca-do-cavacas-abre-em-pleno-depois-de-obras-de-27-mil-euros-o-jornal-economico\\\/#primaryimage\"},\"image\":{\"@id\":\"https:\\\/\\\/super-news.info\\\/pt\\\/doca-do-cavacas-abre-em-pleno-depois-de-obras-de-27-mil-euros-o-jornal-economico\\\/#primaryimage\"},\"thumbnailUrl\":\"https:\\\/\\\/super-news.info\\\/pt\\\/wp-content\\\/uploads\\\/sites\\\/2\\\/2019\\\/07\\\/Doca-do-Cavacas-abre-em-pleno-depois-de-obras-de.png\",\"datePublished\":\"2019-07-24T10:43:46+00:00\",\"dateModified\":\"2019-07-24T10:43:47+00:00\",\"author\":{\"@id\":\"https:\\\/\\\/super-news.info\\\/pt\\\/#\\\/schema\\\/person\\\/2d4068cb2f39cd10008c2fce578a7356\"},\"breadcrumb\":{\"@id\":\"https:\\\/\\\/super-news.info\\\/pt\\\/doca-do-cavacas-abre-em-pleno-depois-de-obras-de-27-mil-euros-o-jornal-economico\\\/#breadcrumb\"},\"inLanguage\":\"pt-PT\",\"potentialAction\":[{\"@type\":\"ReadAction\",\"target\":[\"https:\\\/\\\/super-news.info\\\/pt\\\/doca-do-cavacas-abre-em-pleno-depois-de-obras-de-27-mil-euros-o-jornal-economico\\\/\"]}]},{\"@type\":\"ImageObject\",\"inLanguage\":\"pt-PT\",\"@id\":\"https:\\\/\\\/super-news.info\\\/pt\\\/doca-do-cavacas-abre-em-pleno-depois-de-obras-de-27-mil-euros-o-jornal-economico\\\/#primaryimage\",\"url\":\"https:\\\/\\\/super-news.info\\\/pt\\\/wp-content\\\/uploads\\\/sites\\\/2\\\/2019\\\/07\\\/Doca-do-Cavacas-abre-em-pleno-depois-de-obras-de.png\",\"contentUrl\":\"https:\\\/\\\/super-news.info\\\/pt\\\/wp-content\\\/uploads\\\/sites\\\/2\\\/2019\\\/07\\\/Doca-do-Cavacas-abre-em-pleno-depois-de-obras-de.png\",\"width\":600,\"height\":698,\"caption\":\"Doca do Cavacas abre em pleno depois de obras de 27 mil euros \u2013 O Jornal Econ\u00f3mico\"},{\"@type\":\"BreadcrumbList\",\"@id\":\"https:\\\/\\\/super-news.info\\\/pt\\\/doca-do-cavacas-abre-em-pleno-depois-de-obras-de-27-mil-euros-o-jornal-economico\\\/#breadcrumb\",\"itemListElement\":[{\"@type\":\"ListItem\",\"position\":1,\"name\":\"\u0413\u043b\u0430\u0432\u043d\u0430\u044f \u0441\u0442\u0440\u0430\u043d\u0438\u0446\u0430\",\"item\":\"https:\\\/\\\/super-news.info\\\/pt\\\/\"},{\"@type\":\"ListItem\",\"position\":2,\"name\":\"Doca do Cavacas abre em pleno depois de obras de 27 mil euros \u2013 O Jornal Econ\u00f3mico\"}]},{\"@type\":\"WebSite\",\"@id\":\"https:\\\/\\\/super-news.info\\\/pt\\\/#website\",\"url\":\"https:\\\/\\\/super-news.info\\\/pt\\\/\",\"name\":\"Super News\",\"description\":\"Super News Portugal\",\"potentialAction\":[{\"@type\":\"SearchAction\",\"target\":{\"@type\":\"EntryPoint\",\"urlTemplate\":\"https:\\\/\\\/super-news.info\\\/pt\\\/?s={search_term_string}\"},\"query-input\":{\"@type\":\"PropertyValueSpecification\",\"valueRequired\":true,\"valueName\":\"search_term_string\"}}],\"inLanguage\":\"pt-PT\"},{\"@type\":\"Person\",\"@id\":\"https:\\\/\\\/super-news.info\\\/pt\\\/#\\\/schema\\\/person\\\/2d4068cb2f39cd10008c2fce578a7356\",\"name\":\"super-news\",\"image\":{\"@type\":\"ImageObject\",\"inLanguage\":\"pt-PT\",\"@id\":\"https:\\\/\\\/secure.gravatar.com\\\/avatar\\\/64ebac40b93f26a154f8a9b5b6fdccfc46f442b26b3dd6756dbff3bf9dc76fd7?s=96&d=mm&r=g\",\"url\":\"https:\\\/\\\/secure.gravatar.com\\\/avatar\\\/64ebac40b93f26a154f8a9b5b6fdccfc46f442b26b3dd6756dbff3bf9dc76fd7?s=96&d=mm&r=g\",\"contentUrl\":\"https:\\\/\\\/secure.gravatar.com\\\/avatar\\\/64ebac40b93f26a154f8a9b5b6fdccfc46f442b26b3dd6756dbff3bf9dc76fd7?s=96&d=mm&r=g\",\"caption\":\"super-news\"},\"url\":\"https:\\\/\\\/super-news.info\\\/pt\\\/author\\\/pt\\\/\"}]}<\/script>\n<!-- \/ Yoast SEO plugin. -->","yoast_head_json":{"title":"Doca do Cavacas abre em pleno depois de obras de 27 mil euros \u2013 O Jornal Econ\u00f3mico - Super News","robots":{"index":"index","follow":"follow","max-snippet":"max-snippet:-1","max-image-preview":"max-image-preview:large","max-video-preview":"max-video-preview:-1"},"canonical":"https:\/\/super-news.info\/pt\/doca-do-cavacas-abre-em-pleno-depois-de-obras-de-27-mil-euros-o-jornal-economico\/","og_locale":"pt_PT","og_type":"article","og_title":"Doca do Cavacas abre em pleno depois de obras de 27 mil euros \u2013 O Jornal Econ\u00f3mico - Super News","og_description":"[ad_1] A Doca do Cavacas passaram a funcionar em pleno depois de ter sofrido obras de reabilita\u00e7\u00e3o do sol\u00e1rio nascente que chegaram aos 27 mil euros. \u201cA interven\u00e7\u00e3o teve como objetivo repor todas as condi\u00e7\u00f5es de utiliza\u00e7\u00e3o daquele espa\u00e7o, que ficou gravemente afetado na sequ\u00eancia da intemp\u00e9rie que fustigou o litoral funchalense em 2018\u201d, disse [&hellip;]","og_url":"https:\/\/super-news.info\/pt\/doca-do-cavacas-abre-em-pleno-depois-de-obras-de-27-mil-euros-o-jornal-economico\/","og_site_name":"Super News","article_published_time":"2019-07-24T10:43:46+00:00","article_modified_time":"2019-07-24T10:43:47+00:00","og_image":[{"width":600,"height":698,"url":"https:\/\/super-news.info\/pt\/wp-content\/uploads\/sites\/2\/2019\/07\/Doca-do-Cavacas-abre-em-pleno-depois-de-obras-de.png","type":"image\/png"}],"author":"super-news","twitter_card":"summary_large_image","twitter_misc":{"Escrito por":"super-news","Tempo estimado de leitura":"1 minuto"},"schema":{"@context":"https:\/\/schema.org","@graph":[{"@type":"Article","@id":"https:\/\/super-news.info\/pt\/doca-do-cavacas-abre-em-pleno-depois-de-obras-de-27-mil-euros-o-jornal-economico\/#article","isPartOf":{"@id":"https:\/\/super-news.info\/pt\/doca-do-cavacas-abre-em-pleno-depois-de-obras-de-27-mil-euros-o-jornal-economico\/"},"author":{"name":"super-news","@id":"https:\/\/super-news.info\/pt\/#\/schema\/person\/2d4068cb2f39cd10008c2fce578a7356"},"headline":"Doca do Cavacas abre em pleno depois de obras de 27 mil euros \u2013 O Jornal Econ\u00f3mico","datePublished":"2019-07-24T10:43:46+00:00","dateModified":"2019-07-24T10:43:47+00:00","mainEntityOfPage":{"@id":"https:\/\/super-news.info\/pt\/doca-do-cavacas-abre-em-pleno-depois-de-obras-de-27-mil-euros-o-jornal-economico\/"},"wordCount":205,"commentCount":0,"image":{"@id":"https:\/\/super-news.info\/pt\/doca-do-cavacas-abre-em-pleno-depois-de-obras-de-27-mil-euros-o-jornal-economico\/#primaryimage"},"thumbnailUrl":"https:\/\/super-news.info\/pt\/wp-content\/uploads\/sites\/2\/2019\/07\/Doca-do-Cavacas-abre-em-pleno-depois-de-obras-de.png","articleSection":["NOT\u00cdCIAS FINANCEIRAS"],"inLanguage":"pt-PT","potentialAction":[{"@type":"CommentAction","name":"Comment","target":["https:\/\/super-news.info\/pt\/doca-do-cavacas-abre-em-pleno-depois-de-obras-de-27-mil-euros-o-jornal-economico\/#respond"]}]},{"@type":"WebPage","@id":"https:\/\/super-news.info\/pt\/doca-do-cavacas-abre-em-pleno-depois-de-obras-de-27-mil-euros-o-jornal-economico\/","url":"https:\/\/super-news.info\/pt\/doca-do-cavacas-abre-em-pleno-depois-de-obras-de-27-mil-euros-o-jornal-economico\/","name":"Doca do Cavacas abre em pleno depois de obras de 27 mil euros \u2013 O Jornal Econ\u00f3mico - Super News","isPartOf":{"@id":"https:\/\/super-news.info\/pt\/#website"},"primaryImageOfPage":{"@id":"https:\/\/super-news.info\/pt\/doca-do-cavacas-abre-em-pleno-depois-de-obras-de-27-mil-euros-o-jornal-economico\/#primaryimage"},"image":{"@id":"https:\/\/super-news.info\/pt\/doca-do-cavacas-abre-em-pleno-depois-de-obras-de-27-mil-euros-o-jornal-economico\/#primaryimage"},"thumbnailUrl":"https:\/\/super-news.info\/pt\/wp-content\/uploads\/sites\/2\/2019\/07\/Doca-do-Cavacas-abre-em-pleno-depois-de-obras-de.png","datePublished":"2019-07-24T10:43:46+00:00","dateModified":"2019-07-24T10:43:47+00:00","author":{"@id":"https:\/\/super-news.info\/pt\/#\/schema\/person\/2d4068cb2f39cd10008c2fce578a7356"},"breadcrumb":{"@id":"https:\/\/super-news.info\/pt\/doca-do-cavacas-abre-em-pleno-depois-de-obras-de-27-mil-euros-o-jornal-economico\/#breadcrumb"},"inLanguage":"pt-PT","potentialAction":[{"@type":"ReadAction","target":["https:\/\/super-news.info\/pt\/doca-do-cavacas-abre-em-pleno-depois-de-obras-de-27-mil-euros-o-jornal-economico\/"]}]},{"@type":"ImageObject","inLanguage":"pt-PT","@id":"https:\/\/super-news.info\/pt\/doca-do-cavacas-abre-em-pleno-depois-de-obras-de-27-mil-euros-o-jornal-economico\/#primaryimage","url":"https:\/\/super-news.info\/pt\/wp-content\/uploads\/sites\/2\/2019\/07\/Doca-do-Cavacas-abre-em-pleno-depois-de-obras-de.png","contentUrl":"https:\/\/super-news.info\/pt\/wp-content\/uploads\/sites\/2\/2019\/07\/Doca-do-Cavacas-abre-em-pleno-depois-de-obras-de.png","width":600,"height":698,"caption":"Doca do Cavacas abre em pleno depois de obras de 27 mil euros \u2013 O Jornal Econ\u00f3mico"},{"@type":"BreadcrumbList","@id":"https:\/\/super-news.info\/pt\/doca-do-cavacas-abre-em-pleno-depois-de-obras-de-27-mil-euros-o-jornal-economico\/#breadcrumb","itemListElement":[{"@type":"ListItem","position":1,"name":"\u0413\u043b\u0430\u0432\u043d\u0430\u044f \u0441\u0442\u0440\u0430\u043d\u0438\u0446\u0430","item":"https:\/\/super-news.info\/pt\/"},{"@type":"ListItem","position":2,"name":"Doca do Cavacas abre em pleno depois de obras de 27 mil euros \u2013 O Jornal Econ\u00f3mico"}]},{"@type":"WebSite","@id":"https:\/\/super-news.info\/pt\/#website","url":"https:\/\/super-news.info\/pt\/","name":"Super News","description":"Super News Portugal","potentialAction":[{"@type":"SearchAction","target":{"@type":"EntryPoint","urlTemplate":"https:\/\/super-news.info\/pt\/?s={search_term_string}"},"query-input":{"@type":"PropertyValueSpecification","valueRequired":true,"valueName":"search_term_string"}}],"inLanguage":"pt-PT"},{"@type":"Person","@id":"https:\/\/super-news.info\/pt\/#\/schema\/person\/2d4068cb2f39cd10008c2fce578a7356","name":"super-news","image":{"@type":"ImageObject","inLanguage":"pt-PT","@id":"https:\/\/secure.gravatar.com\/avatar\/64ebac40b93f26a154f8a9b5b6fdccfc46f442b26b3dd6756dbff3bf9dc76fd7?s=96&d=mm&r=g","url":"https:\/\/secure.gravatar.com\/avatar\/64ebac40b93f26a154f8a9b5b6fdccfc46f442b26b3dd6756dbff3bf9dc76fd7?s=96&d=mm&r=g","contentUrl":"https:\/\/secure.gravatar.com\/avatar\/64ebac40b93f26a154f8a9b5b6fdccfc46f442b26b3dd6756dbff3bf9dc76fd7?s=96&d=mm&r=g","caption":"super-news"},"url":"https:\/\/super-news.info\/pt\/author\/pt\/"}]}},"_links":{"self":[{"href":"https:\/\/super-news.info\/pt\/wp-json\/wp\/v2\/posts\/3371","targetHints":{"allow":["GET"]}}],"collection":[{"href":"https:\/\/super-news.info\/pt\/wp-json\/wp\/v2\/posts"}],"about":[{"href":"https:\/\/super-news.info\/pt\/wp-json\/wp\/v2\/types\/post"}],"author":[{"embeddable":true,"href":"https:\/\/super-news.info\/pt\/wp-json\/wp\/v2\/users\/2"}],"replies":[{"embeddable":true,"href":"https:\/\/super-news.info\/pt\/wp-json\/wp\/v2\/comments?post=3371"}],"version-history":[{"count":1,"href":"https:\/\/super-news.info\/pt\/wp-json\/wp\/v2\/posts\/3371\/revisions"}],"predecessor-version":[{"id":3373,"href":"https:\/\/super-news.info\/pt\/wp-json\/wp\/v2\/posts\/3371\/revisions\/3373"}],"wp:featuredmedia":[{"embeddable":true,"href":"https:\/\/super-news.info\/pt\/wp-json\/wp\/v2\/media\/3372"}],"wp:attachment":[{"href":"https:\/\/super-news.info\/pt\/wp-json\/wp\/v2\/media?parent=3371"}],"wp:term":[{"taxonomy":"category","embeddable":true,"href":"https:\/\/super-news.info\/pt\/wp-json\/wp\/v2\/categories?post=3371"},{"taxonomy":"post_tag","embeddable":true,"href":"https:\/\/super-news.info\/pt\/wp-json\/wp\/v2\/tags?post=3371"}],"curies":[{"name":"wp","href":"https:\/\/api.w.org\/{rel}","templated":true}]}}