{"id":3365,"date":"2019-07-24T11:03:50","date_gmt":"2019-07-24T08:03:50","guid":{"rendered":"https:\/\/super-news.info\/pt\/encontro-de-investidores-da-diaspora-para-reforcar-elos-entre-empresarios-madeirenses-espalhados-pelo-mundo-o-jornal-economico\/"},"modified":"2019-07-24T11:03:51","modified_gmt":"2019-07-24T08:03:51","slug":"encontro-de-investidores-da-diaspora-para-reforcar-elos-entre-empresarios-madeirenses-espalhados-pelo-mundo-o-jornal-economico","status":"publish","type":"post","link":"https:\/\/super-news.info\/pt\/encontro-de-investidores-da-diaspora-para-reforcar-elos-entre-empresarios-madeirenses-espalhados-pelo-mundo-o-jornal-economico\/","title":{"rendered":"Encontro de Investidores da Di\u00e1spora para \u201crefor\u00e7ar elos\u201d entre empres\u00e1rios madeirenses espalhados pelo mundo \u2013 O Jornal Econ\u00f3mico"},"content":{"rendered":"<p> [ad_1]<br \/>\n<\/p>\n<div>\n<p>A Madeira recebe esta quarta e quinta-feira o II Encontro de Investidores da Di\u00e1spora. O evento vai reunir pelo menos 260 empres\u00e1rios que v\u00eam de pa\u00edses como: \u00c1frica do Sul, Alemanha, Austr\u00e1lia, Brasil, Luxemburgo, Macau,\u00a0Reino Unido, Venezuela, e Canad\u00e1. Em declara\u00e7\u00f5es ao Econ\u00f3mico Madeira o presidente do Governo Regional, Miguel Albuquerque, fala sobre a import\u00e2ncia de ter uma reuni\u00e3o desta magnitude na regi\u00e3o, sobre os desafios de um territ\u00f3rio ultraperif\u00e9ricos num mundo globalizado, e quais s\u00e3o as \u00e1reas em que a ilha se pode distinguir face a outros territ\u00f3rios.<\/p>\n<p>O Encontro de Investidores da Di\u00e1spora \u00e9 promovido pelo Gabinete de Apoio ao Investidor da Di\u00e1spora (secretaria de Estado das comunidades) e pelo executivo madeirense. O evento traz ainda \u00e0 Madeira Dur\u00e3o Barroso, que \u00e9 o \u2018keynote speaker\u2019, numa interven\u00e7\u00e3o marcada para esta quinta-feira no Savoy Palace, a partir das 10h00.<\/p>\n<p>Na quinta-feira est\u00e3o ainda previstas interven\u00e7\u00f5es de Jos\u00e9 lu\u00eds Carneiro, secret\u00e1rio de Estado das Comunidades Portuguesas, de Miguel Albuquerque, presidente do Governo Regional, e Guilherme Silva, presidente da comiss\u00e3o organizadora dos 600 anos da Madeira e do Porto Santo, durante a sess\u00e3o de abertura.<\/p>\n<p>Vai realizar-se ainda uma mesa redonda com o tema \u2018Oportunidades e Medidas de apoio ao investimento\u2019, que tem como moderado camilo Louren\u00e7o, e re\u00fane Pedro Calado, vice-presidente do Governo Regional, Ant\u00f3nio Mendon\u00e7a Mendes, secret\u00e1rio de Estado dos Assuntos Fiscais, Jo\u00e3o Neves, secret\u00e1rio de Estado da Economia, Jorge Veiga Fran\u00e7a, presidente da Associa\u00e7\u00e3o Comercial e Industrial do Funchal (ACIF), Filipe Teixeira, administrador da Sociedade de Desenvolvimento da Madeira.<\/p>\n<p>O presidente do Governo Regional, Miguel Albuquerque, referiu que o Encontro de Investidores da Di\u00e1spora \u00e9 uma forma de \u201cconciliar vontades, potenciar rela\u00e7\u00f5es empresariais entre portugueses e madeirenses a viver l\u00e1 fora e os que ficaram na sua terra\u201d.<\/p>\n<p>O governante sublinhou ainda que numa terra que tem uma vincada presen\u00e7a de madeirenses um pouco por todo o mundo, \u00e9 \u201cimportante debater e analisar\u201d o fen\u00f3meno da Migra\u00e7\u00e3o tal como ele \u00e9 hoje, mas sobretudo as \u201ccondi\u00e7\u00f5es em que os nossos emigrantes se apresentam nos seus pa\u00edses de resid\u00eancia, a forma como est\u00e3o integrados e os investimentos que realizam\u201d.<\/p>\n<p>\u201cA Madeira, que vem colocando a t\u00f3nica no investimento p\u00fablico e privado, n\u00e3o poderia deixar de acolher um encontro em que se vai falar de investimento e de parcerias empresariais. Por interesse econ\u00f3mico, mas fundamentalmente por defender a promo\u00e7\u00e3o das estreitas rela\u00e7\u00f5es, tamb\u00e9m empresariais, entre madeirenses, independentemente do seu local de resid\u00eancia. Juntos somos mais fortes\u201d, afirma Albuquerque.<\/p>\n<p>A expetativa de Albuquerque para este encontro entre investidores da di\u00e1spora \u00e9 que o evento reforce elos.<\/p>\n<p>\u201cQue se promovam parcerias e neg\u00f3cios que sejam proveitosos para ambas as partes e tamb\u00e9m, porque n\u00e3o, para a Regi\u00e3o. Mas, sinceramente, espero que se atinjam sobretudo pontos de encontro, trocas de impress\u00f5es sobre o que se faz por c\u00e1 e o que se faz por l\u00e1. Que se troquem experi\u00eancias e que se aprenda com as viv\u00eancias e com as pr\u00e1ticas negociais, diferentes de certeza, mas tamb\u00e9m de certeza complementares. Que se realizem parcerias e se promovam neg\u00f3cios. E que tamb\u00e9m se potenciem novas amizades, novos conhecimentos\u201d, explica o governante.<\/p>\n<p>Albuquerque refere que o boca a boca tem sido uma das maneiras utilizadas pela regi\u00e3o para aproveitar a rede de madeirenses espalhada pelo mundo para promover o produto Madeira.<\/p>\n<p>\u201cOs madeirenses s\u00e3o orgulhosos da sua terra, defensores dos seus costumes, tradi\u00e7\u00f5es e gastronomia. S\u00e3o os melhores embaixadores do que por c\u00e1 fazemos, do que por c\u00e1 produzimos, do que por c\u00e1 realizamos\u201d, vinca o l\u00edder do executivo madeirense.<\/p>\n<p>Para al\u00e9m do boca-a-boca, a visita e participa\u00e7\u00f5es em feiras espec\u00edficas das comunidades, tem sido outros dos metidos aproveitados pelo Governo Regional para promover o produto Madeira.<\/p>\n<p>Albuquerque sublinha que o executivo tem procurado \u201cfacilitar a exporta\u00e7\u00e3o dos nossos produtos para esses mercados\u201d, ajudando essa comercializa\u00e7\u00e3o no exterior, e tamb\u00e9m \u201cincentivado a essa exporta\u00e7\u00e3o, ajudando no que for poss\u00edvel\u201d.<\/p>\n<p>Num mundo global o grande desafio do empresariado madeirense, de acordo com Albuquerque, \u00e9 o de \u201cultrapassar os limites insulares e apresentar-se competitivo nos mercados continentais\u201d.<\/p>\n<p>O governante diz que a miss\u00e3o \u201cn\u00e3o \u00e9 tarefa f\u00e1cil\u201d apesar de refor\u00e7ar que os empres\u00e1rios madeirenses s\u00e3o do melhor que existe no mundo.<\/p>\n<p>\u201cN\u00e3o se deixam coartar pelos limites geogr\u00e1ficos e aproveitando as novas tecnologias e os apoios comunit\u00e1rios e do Governo Regional est\u00e3o a internacionalizar-se. N\u00e3o s\u00f3 em \u00e1reas como a inform\u00e1tica, o artesanato ou a agricultura, mas tamb\u00e9m na moda, na piscicultura e at\u00e9 no com\u00e9rcio\u201d, diz Albuquerque.<\/p>\n<p>O governante acrescenta que \u201cconfia na capacidade, na criatividade e na perseveran\u00e7a\u201d dos empres\u00e1rios madeirenses.<\/p>\n<p>\u201cMuitos est\u00e3o a ter sucesso e acredito que, num futuro pr\u00f3ximo, ser\u00e3o ainda mais. Da nossa parte, tudo estamos a fazer para os ajudar, tanto ao n\u00edvel de apoios como ao n\u00edvel da redu\u00e7\u00e3o fiscal, para j\u00e1 n\u00e3o falar da forma\u00e7\u00e3o\u201d, refor\u00e7a.<\/p>\n<p><strong>Baixa do IRC para atrair investimento<\/strong><\/p>\n<p>Na atra\u00e7\u00e3o de investimento, quer este seja de empres\u00e1rios madeirenses l\u00e1 fora ou at\u00e9 mesmo estrangeiro, Albuquerque refere que a aposta tem passado pela implementa\u00e7\u00e3o de medidas como a redu\u00e7\u00e3o do IRC, que \u201c\u00e9 o mais baixo do Pa\u00eds e um dos mais baixos\u201d da Uni\u00e3o Europeia.<\/p>\n<p>\u201cE, no pr\u00f3ximo ano, queremos reduzir de 13% para os 12%, para as Pequenas e M\u00e9dias Empresas, tornando-o, a par da Irlanda, o mais baixo da Uni\u00e3o\u201d, acrescenta.<\/p>\n<p>Para al\u00e9m disso o governante diz ainda que o Governo criou a Invest Madeira, que tem como objetivo \u201catrair investimento\u201d para a regi\u00e3o.<\/p>\n<p>\u201cN\u00e3o \u00e9 s\u00f3, nem o poderia ser, investimento de emigrantes. Mas, \u00e9 uma ag\u00eancia que ajuda potenciais investidores a perceber as vantagens de investir na Regi\u00e3o, onde podem beneficiar de um bom regime fiscal, de seguran\u00e7a, da exist\u00eancia de tecnologia de ponta e de empresas do sector que garantem o acesso a mercados onde quer que estejam, de um avi\u00e3o cargueiro que coloca rapidamente os produtos no Continente. E ainda de apoios comunit\u00e1rios a empresas localizadas na Regi\u00e3o\u201d, explica Albuquerque.<\/p>\n<p>Outro dos fatores que tem servido para chamar investidores para a Madeira, tem sido o crescimento da economia madeirense h\u00e1 71 meses, a queda do desemprego, a cria\u00e7\u00e3o recorde de novas empresas, dos apoios dados \u00e0 cria\u00e7\u00e3o de postos de trabalho, refor\u00e7a o l\u00edder do executivo madeirense, lembrando ainda que a regi\u00e3o cresce a 2,3% todos os meses, a um \u201critmo muito superior\u201d ao de Portugal Continental.<\/p>\n<p>\u201cTemos tamb\u00e9m sublinhado uma balan\u00e7a comercial positiva nos \u00faltimos tr\u00eas anos, pela primeira vez na hist\u00f3ria da Madeira. As exporta\u00e7\u00f5es suplantarem as importa\u00e7\u00f5es \u00e9 um facto que se prometido anos atr\u00e1s seria logo apontado como fal\u00e1cia. Mas, conseguimo-lo\u201d, diz o governante.<\/p>\n<p>O Centro Internacional de Neg\u00f3cios da Madeira, o Registo de Navios, t\u00eam sido outras ferramentas utilizadas para chamar investidores para a Madeira.<\/p>\n<p><strong>Distinguir-se pela qualidade<\/strong><\/p>\n<p>Albuquerque diz ainda que a qualidade \u00e9 um dos fatores que a Madeira deve aproveitar para se distinguir face a outros territ\u00f3rios.<\/p>\n<p>\u201cPela qualidade dos seus produtos, pela qualidade dos seus equipamentos, pela qualidade das suas instala\u00e7\u00f5es, pela qualidade dos seus profissionais, pela qualidade das suas medidas e das suas pol\u00edticas, pela qualidade dos seus empres\u00e1rios e empresas\u201d, vinca.<\/p>\n<p>No entender de Albuquerque para al\u00e9m do Turismo, \u00e1reas como as Novas Tecnologias, Energias Renov\u00e1veis, Vinho, Agricultura (sobretudo horticultura e fruticultura), Piscicultura e Investiga\u00e7\u00e3o, s\u00e3o outros sectores onde a Madeira pode marcar a diferen\u00e7a.<\/p>\n<\/p><\/div>\n<p><script>function facebookInit(){var js=document.createElement('script');js.src='https:\/\/connect.facebook.net\/pt_PT\/sdk.js#xfbml=1&version=v3.1&appId=1708066812789184&autoLogAppEvents=1';return document.body.appendChild(js);}\nwindow.onscroll=function(){var rect=document.getElementsByClassName('je-post-content')[0].getBoundingClientRect();if(rect.bottom<window.innerHeight){facebookInit();window.onscroll=null;}}<\/script><br \/>\n<br \/>[ad_2]<br \/>\n<br \/><a href=\"https:\/\/jornaleconomico.sapo.pt\/noticias\/albuquerque-encontro-de-investidores-da-diaspora-para-reforcar-elos-entre-empresarios-madeirenses-espalhados-pelo-mundo-471098\">Source link <\/a><\/p>\n","protected":false},"excerpt":{"rendered":"<p>[ad_1] A Madeira recebe esta quarta e quinta-feira o II Encontro de Investidores da Di\u00e1spora. O evento vai reunir pelo menos 260 empres\u00e1rios que v\u00eam de pa\u00edses como: \u00c1frica do Sul, Alemanha, Austr\u00e1lia, Brasil, Luxemburgo, Macau,\u00a0Reino Unido, Venezuela, e Canad\u00e1. Em declara\u00e7\u00f5es ao Econ\u00f3mico Madeira o presidente do Governo Regional, Miguel Albuquerque, fala sobre a [&hellip;]<\/p>\n","protected":false},"author":2,"featured_media":3366,"comment_status":"open","ping_status":"open","sticky":false,"template":"","format":"standard","meta":{"footnotes":""},"categories":[1],"tags":[],"class_list":["post-3365","post","type-post","status-publish","format-standard","has-post-thumbnail","hentry","category-noticias-financeiras"],"yoast_head":"<!-- This site is optimized with the Yoast SEO plugin v27.4 - https:\/\/yoast.com\/product\/yoast-seo-wordpress\/ -->\n<title>Encontro de Investidores da Di\u00e1spora para \u201crefor\u00e7ar elos\u201d entre empres\u00e1rios madeirenses espalhados pelo mundo \u2013 O Jornal Econ\u00f3mico - Super News<\/title>\n<meta name=\"robots\" content=\"index, follow, max-snippet:-1, max-image-preview:large, max-video-preview:-1\" \/>\n<link rel=\"canonical\" href=\"https:\/\/super-news.info\/pt\/encontro-de-investidores-da-diaspora-para-reforcar-elos-entre-empresarios-madeirenses-espalhados-pelo-mundo-o-jornal-economico\/\" \/>\n<meta property=\"og:locale\" content=\"pt_PT\" \/>\n<meta property=\"og:type\" content=\"article\" \/>\n<meta property=\"og:title\" content=\"Encontro de Investidores da Di\u00e1spora para \u201crefor\u00e7ar elos\u201d entre empres\u00e1rios madeirenses espalhados pelo mundo \u2013 O Jornal Econ\u00f3mico - Super News\" \/>\n<meta property=\"og:description\" content=\"[ad_1] A Madeira recebe esta quarta e quinta-feira o II Encontro de Investidores da Di\u00e1spora. O evento vai reunir pelo menos 260 empres\u00e1rios que v\u00eam de pa\u00edses como: \u00c1frica do Sul, Alemanha, Austr\u00e1lia, Brasil, Luxemburgo, Macau,\u00a0Reino Unido, Venezuela, e Canad\u00e1. Em declara\u00e7\u00f5es ao Econ\u00f3mico Madeira o presidente do Governo Regional, Miguel Albuquerque, fala sobre a [&hellip;]\" \/>\n<meta property=\"og:url\" content=\"https:\/\/super-news.info\/pt\/encontro-de-investidores-da-diaspora-para-reforcar-elos-entre-empresarios-madeirenses-espalhados-pelo-mundo-o-jornal-economico\/\" \/>\n<meta property=\"og:site_name\" content=\"Super News\" \/>\n<meta property=\"article:published_time\" content=\"2019-07-24T08:03:50+00:00\" \/>\n<meta property=\"article:modified_time\" content=\"2019-07-24T08:03:51+00:00\" \/>\n<meta property=\"og:image\" content=\"https:\/\/super-news.info\/pt\/wp-content\/uploads\/sites\/2\/2019\/07\/Encontro-de-Investidores-da-Di\u00e1spora-para-\u201crefor\u00e7ar-elos\u201d-entre-empres\u00e1rios.png\" \/>\n\t<meta property=\"og:image:width\" content=\"600\" \/>\n\t<meta property=\"og:image:height\" content=\"596\" \/>\n\t<meta property=\"og:image:type\" content=\"image\/png\" \/>\n<meta name=\"author\" content=\"super-news\" \/>\n<meta name=\"twitter:card\" content=\"summary_large_image\" \/>\n<meta name=\"twitter:label1\" content=\"Escrito por\" \/>\n\t<meta name=\"twitter:data1\" content=\"super-news\" \/>\n\t<meta name=\"twitter:label2\" content=\"Tempo estimado de leitura\" \/>\n\t<meta name=\"twitter:data2\" content=\"7 minutos\" \/>\n<script type=\"application\/ld+json\" class=\"yoast-schema-graph\">{\"@context\":\"https:\\\/\\\/schema.org\",\"@graph\":[{\"@type\":\"Article\",\"@id\":\"https:\\\/\\\/super-news.info\\\/pt\\\/encontro-de-investidores-da-diaspora-para-reforcar-elos-entre-empresarios-madeirenses-espalhados-pelo-mundo-o-jornal-economico\\\/#article\",\"isPartOf\":{\"@id\":\"https:\\\/\\\/super-news.info\\\/pt\\\/encontro-de-investidores-da-diaspora-para-reforcar-elos-entre-empresarios-madeirenses-espalhados-pelo-mundo-o-jornal-economico\\\/\"},\"author\":{\"name\":\"super-news\",\"@id\":\"https:\\\/\\\/super-news.info\\\/pt\\\/#\\\/schema\\\/person\\\/2d4068cb2f39cd10008c2fce578a7356\"},\"headline\":\"Encontro de Investidores da Di\u00e1spora para \u201crefor\u00e7ar elos\u201d entre empres\u00e1rios madeirenses espalhados pelo mundo \u2013 O Jornal Econ\u00f3mico\",\"datePublished\":\"2019-07-24T08:03:50+00:00\",\"dateModified\":\"2019-07-24T08:03:51+00:00\",\"mainEntityOfPage\":{\"@id\":\"https:\\\/\\\/super-news.info\\\/pt\\\/encontro-de-investidores-da-diaspora-para-reforcar-elos-entre-empresarios-madeirenses-espalhados-pelo-mundo-o-jornal-economico\\\/\"},\"wordCount\":1355,\"commentCount\":0,\"image\":{\"@id\":\"https:\\\/\\\/super-news.info\\\/pt\\\/encontro-de-investidores-da-diaspora-para-reforcar-elos-entre-empresarios-madeirenses-espalhados-pelo-mundo-o-jornal-economico\\\/#primaryimage\"},\"thumbnailUrl\":\"https:\\\/\\\/super-news.info\\\/pt\\\/wp-content\\\/uploads\\\/sites\\\/2\\\/2019\\\/07\\\/Encontro-de-Investidores-da-Di\u00e1spora-para-\u201crefor\u00e7ar-elos\u201d-entre-empres\u00e1rios.png\",\"articleSection\":[\"NOT\u00cdCIAS FINANCEIRAS\"],\"inLanguage\":\"pt-PT\",\"potentialAction\":[{\"@type\":\"CommentAction\",\"name\":\"Comment\",\"target\":[\"https:\\\/\\\/super-news.info\\\/pt\\\/encontro-de-investidores-da-diaspora-para-reforcar-elos-entre-empresarios-madeirenses-espalhados-pelo-mundo-o-jornal-economico\\\/#respond\"]}]},{\"@type\":\"WebPage\",\"@id\":\"https:\\\/\\\/super-news.info\\\/pt\\\/encontro-de-investidores-da-diaspora-para-reforcar-elos-entre-empresarios-madeirenses-espalhados-pelo-mundo-o-jornal-economico\\\/\",\"url\":\"https:\\\/\\\/super-news.info\\\/pt\\\/encontro-de-investidores-da-diaspora-para-reforcar-elos-entre-empresarios-madeirenses-espalhados-pelo-mundo-o-jornal-economico\\\/\",\"name\":\"Encontro de Investidores da Di\u00e1spora para \u201crefor\u00e7ar elos\u201d entre empres\u00e1rios madeirenses espalhados pelo mundo \u2013 O Jornal Econ\u00f3mico - Super News\",\"isPartOf\":{\"@id\":\"https:\\\/\\\/super-news.info\\\/pt\\\/#website\"},\"primaryImageOfPage\":{\"@id\":\"https:\\\/\\\/super-news.info\\\/pt\\\/encontro-de-investidores-da-diaspora-para-reforcar-elos-entre-empresarios-madeirenses-espalhados-pelo-mundo-o-jornal-economico\\\/#primaryimage\"},\"image\":{\"@id\":\"https:\\\/\\\/super-news.info\\\/pt\\\/encontro-de-investidores-da-diaspora-para-reforcar-elos-entre-empresarios-madeirenses-espalhados-pelo-mundo-o-jornal-economico\\\/#primaryimage\"},\"thumbnailUrl\":\"https:\\\/\\\/super-news.info\\\/pt\\\/wp-content\\\/uploads\\\/sites\\\/2\\\/2019\\\/07\\\/Encontro-de-Investidores-da-Di\u00e1spora-para-\u201crefor\u00e7ar-elos\u201d-entre-empres\u00e1rios.png\",\"datePublished\":\"2019-07-24T08:03:50+00:00\",\"dateModified\":\"2019-07-24T08:03:51+00:00\",\"author\":{\"@id\":\"https:\\\/\\\/super-news.info\\\/pt\\\/#\\\/schema\\\/person\\\/2d4068cb2f39cd10008c2fce578a7356\"},\"breadcrumb\":{\"@id\":\"https:\\\/\\\/super-news.info\\\/pt\\\/encontro-de-investidores-da-diaspora-para-reforcar-elos-entre-empresarios-madeirenses-espalhados-pelo-mundo-o-jornal-economico\\\/#breadcrumb\"},\"inLanguage\":\"pt-PT\",\"potentialAction\":[{\"@type\":\"ReadAction\",\"target\":[\"https:\\\/\\\/super-news.info\\\/pt\\\/encontro-de-investidores-da-diaspora-para-reforcar-elos-entre-empresarios-madeirenses-espalhados-pelo-mundo-o-jornal-economico\\\/\"]}]},{\"@type\":\"ImageObject\",\"inLanguage\":\"pt-PT\",\"@id\":\"https:\\\/\\\/super-news.info\\\/pt\\\/encontro-de-investidores-da-diaspora-para-reforcar-elos-entre-empresarios-madeirenses-espalhados-pelo-mundo-o-jornal-economico\\\/#primaryimage\",\"url\":\"https:\\\/\\\/super-news.info\\\/pt\\\/wp-content\\\/uploads\\\/sites\\\/2\\\/2019\\\/07\\\/Encontro-de-Investidores-da-Di\u00e1spora-para-\u201crefor\u00e7ar-elos\u201d-entre-empres\u00e1rios.png\",\"contentUrl\":\"https:\\\/\\\/super-news.info\\\/pt\\\/wp-content\\\/uploads\\\/sites\\\/2\\\/2019\\\/07\\\/Encontro-de-Investidores-da-Di\u00e1spora-para-\u201crefor\u00e7ar-elos\u201d-entre-empres\u00e1rios.png\",\"width\":600,\"height\":596,\"caption\":\"Encontro de Investidores da Di\u00e1spora para \u201crefor\u00e7ar elos\u201d entre empres\u00e1rios madeirenses espalhados pelo mundo \u2013 O Jornal Econ\u00f3mico\"},{\"@type\":\"BreadcrumbList\",\"@id\":\"https:\\\/\\\/super-news.info\\\/pt\\\/encontro-de-investidores-da-diaspora-para-reforcar-elos-entre-empresarios-madeirenses-espalhados-pelo-mundo-o-jornal-economico\\\/#breadcrumb\",\"itemListElement\":[{\"@type\":\"ListItem\",\"position\":1,\"name\":\"\u0413\u043b\u0430\u0432\u043d\u0430\u044f \u0441\u0442\u0440\u0430\u043d\u0438\u0446\u0430\",\"item\":\"https:\\\/\\\/super-news.info\\\/pt\\\/\"},{\"@type\":\"ListItem\",\"position\":2,\"name\":\"Encontro de Investidores da Di\u00e1spora para \u201crefor\u00e7ar elos\u201d entre empres\u00e1rios madeirenses espalhados pelo mundo \u2013 O Jornal Econ\u00f3mico\"}]},{\"@type\":\"WebSite\",\"@id\":\"https:\\\/\\\/super-news.info\\\/pt\\\/#website\",\"url\":\"https:\\\/\\\/super-news.info\\\/pt\\\/\",\"name\":\"Super News\",\"description\":\"Super News Portugal\",\"potentialAction\":[{\"@type\":\"SearchAction\",\"target\":{\"@type\":\"EntryPoint\",\"urlTemplate\":\"https:\\\/\\\/super-news.info\\\/pt\\\/?s={search_term_string}\"},\"query-input\":{\"@type\":\"PropertyValueSpecification\",\"valueRequired\":true,\"valueName\":\"search_term_string\"}}],\"inLanguage\":\"pt-PT\"},{\"@type\":\"Person\",\"@id\":\"https:\\\/\\\/super-news.info\\\/pt\\\/#\\\/schema\\\/person\\\/2d4068cb2f39cd10008c2fce578a7356\",\"name\":\"super-news\",\"image\":{\"@type\":\"ImageObject\",\"inLanguage\":\"pt-PT\",\"@id\":\"https:\\\/\\\/secure.gravatar.com\\\/avatar\\\/64ebac40b93f26a154f8a9b5b6fdccfc46f442b26b3dd6756dbff3bf9dc76fd7?s=96&d=mm&r=g\",\"url\":\"https:\\\/\\\/secure.gravatar.com\\\/avatar\\\/64ebac40b93f26a154f8a9b5b6fdccfc46f442b26b3dd6756dbff3bf9dc76fd7?s=96&d=mm&r=g\",\"contentUrl\":\"https:\\\/\\\/secure.gravatar.com\\\/avatar\\\/64ebac40b93f26a154f8a9b5b6fdccfc46f442b26b3dd6756dbff3bf9dc76fd7?s=96&d=mm&r=g\",\"caption\":\"super-news\"},\"url\":\"https:\\\/\\\/super-news.info\\\/pt\\\/author\\\/pt\\\/\"}]}<\/script>\n<!-- \/ Yoast SEO plugin. -->","yoast_head_json":{"title":"Encontro de Investidores da Di\u00e1spora para \u201crefor\u00e7ar elos\u201d entre empres\u00e1rios madeirenses espalhados pelo mundo \u2013 O Jornal Econ\u00f3mico - Super News","robots":{"index":"index","follow":"follow","max-snippet":"max-snippet:-1","max-image-preview":"max-image-preview:large","max-video-preview":"max-video-preview:-1"},"canonical":"https:\/\/super-news.info\/pt\/encontro-de-investidores-da-diaspora-para-reforcar-elos-entre-empresarios-madeirenses-espalhados-pelo-mundo-o-jornal-economico\/","og_locale":"pt_PT","og_type":"article","og_title":"Encontro de Investidores da Di\u00e1spora para \u201crefor\u00e7ar elos\u201d entre empres\u00e1rios madeirenses espalhados pelo mundo \u2013 O Jornal Econ\u00f3mico - Super News","og_description":"[ad_1] A Madeira recebe esta quarta e quinta-feira o II Encontro de Investidores da Di\u00e1spora. O evento vai reunir pelo menos 260 empres\u00e1rios que v\u00eam de pa\u00edses como: \u00c1frica do Sul, Alemanha, Austr\u00e1lia, Brasil, Luxemburgo, Macau,\u00a0Reino Unido, Venezuela, e Canad\u00e1. Em declara\u00e7\u00f5es ao Econ\u00f3mico Madeira o presidente do Governo Regional, Miguel Albuquerque, fala sobre a [&hellip;]","og_url":"https:\/\/super-news.info\/pt\/encontro-de-investidores-da-diaspora-para-reforcar-elos-entre-empresarios-madeirenses-espalhados-pelo-mundo-o-jornal-economico\/","og_site_name":"Super News","article_published_time":"2019-07-24T08:03:50+00:00","article_modified_time":"2019-07-24T08:03:51+00:00","og_image":[{"width":600,"height":596,"url":"https:\/\/super-news.info\/pt\/wp-content\/uploads\/sites\/2\/2019\/07\/Encontro-de-Investidores-da-Di\u00e1spora-para-\u201crefor\u00e7ar-elos\u201d-entre-empres\u00e1rios.png","type":"image\/png"}],"author":"super-news","twitter_card":"summary_large_image","twitter_misc":{"Escrito por":"super-news","Tempo estimado de leitura":"7 minutos"},"schema":{"@context":"https:\/\/schema.org","@graph":[{"@type":"Article","@id":"https:\/\/super-news.info\/pt\/encontro-de-investidores-da-diaspora-para-reforcar-elos-entre-empresarios-madeirenses-espalhados-pelo-mundo-o-jornal-economico\/#article","isPartOf":{"@id":"https:\/\/super-news.info\/pt\/encontro-de-investidores-da-diaspora-para-reforcar-elos-entre-empresarios-madeirenses-espalhados-pelo-mundo-o-jornal-economico\/"},"author":{"name":"super-news","@id":"https:\/\/super-news.info\/pt\/#\/schema\/person\/2d4068cb2f39cd10008c2fce578a7356"},"headline":"Encontro de Investidores da Di\u00e1spora para \u201crefor\u00e7ar elos\u201d entre empres\u00e1rios madeirenses espalhados pelo mundo \u2013 O Jornal Econ\u00f3mico","datePublished":"2019-07-24T08:03:50+00:00","dateModified":"2019-07-24T08:03:51+00:00","mainEntityOfPage":{"@id":"https:\/\/super-news.info\/pt\/encontro-de-investidores-da-diaspora-para-reforcar-elos-entre-empresarios-madeirenses-espalhados-pelo-mundo-o-jornal-economico\/"},"wordCount":1355,"commentCount":0,"image":{"@id":"https:\/\/super-news.info\/pt\/encontro-de-investidores-da-diaspora-para-reforcar-elos-entre-empresarios-madeirenses-espalhados-pelo-mundo-o-jornal-economico\/#primaryimage"},"thumbnailUrl":"https:\/\/super-news.info\/pt\/wp-content\/uploads\/sites\/2\/2019\/07\/Encontro-de-Investidores-da-Di\u00e1spora-para-\u201crefor\u00e7ar-elos\u201d-entre-empres\u00e1rios.png","articleSection":["NOT\u00cdCIAS FINANCEIRAS"],"inLanguage":"pt-PT","potentialAction":[{"@type":"CommentAction","name":"Comment","target":["https:\/\/super-news.info\/pt\/encontro-de-investidores-da-diaspora-para-reforcar-elos-entre-empresarios-madeirenses-espalhados-pelo-mundo-o-jornal-economico\/#respond"]}]},{"@type":"WebPage","@id":"https:\/\/super-news.info\/pt\/encontro-de-investidores-da-diaspora-para-reforcar-elos-entre-empresarios-madeirenses-espalhados-pelo-mundo-o-jornal-economico\/","url":"https:\/\/super-news.info\/pt\/encontro-de-investidores-da-diaspora-para-reforcar-elos-entre-empresarios-madeirenses-espalhados-pelo-mundo-o-jornal-economico\/","name":"Encontro de Investidores da Di\u00e1spora para \u201crefor\u00e7ar elos\u201d entre empres\u00e1rios madeirenses espalhados pelo mundo \u2013 O Jornal Econ\u00f3mico - Super News","isPartOf":{"@id":"https:\/\/super-news.info\/pt\/#website"},"primaryImageOfPage":{"@id":"https:\/\/super-news.info\/pt\/encontro-de-investidores-da-diaspora-para-reforcar-elos-entre-empresarios-madeirenses-espalhados-pelo-mundo-o-jornal-economico\/#primaryimage"},"image":{"@id":"https:\/\/super-news.info\/pt\/encontro-de-investidores-da-diaspora-para-reforcar-elos-entre-empresarios-madeirenses-espalhados-pelo-mundo-o-jornal-economico\/#primaryimage"},"thumbnailUrl":"https:\/\/super-news.info\/pt\/wp-content\/uploads\/sites\/2\/2019\/07\/Encontro-de-Investidores-da-Di\u00e1spora-para-\u201crefor\u00e7ar-elos\u201d-entre-empres\u00e1rios.png","datePublished":"2019-07-24T08:03:50+00:00","dateModified":"2019-07-24T08:03:51+00:00","author":{"@id":"https:\/\/super-news.info\/pt\/#\/schema\/person\/2d4068cb2f39cd10008c2fce578a7356"},"breadcrumb":{"@id":"https:\/\/super-news.info\/pt\/encontro-de-investidores-da-diaspora-para-reforcar-elos-entre-empresarios-madeirenses-espalhados-pelo-mundo-o-jornal-economico\/#breadcrumb"},"inLanguage":"pt-PT","potentialAction":[{"@type":"ReadAction","target":["https:\/\/super-news.info\/pt\/encontro-de-investidores-da-diaspora-para-reforcar-elos-entre-empresarios-madeirenses-espalhados-pelo-mundo-o-jornal-economico\/"]}]},{"@type":"ImageObject","inLanguage":"pt-PT","@id":"https:\/\/super-news.info\/pt\/encontro-de-investidores-da-diaspora-para-reforcar-elos-entre-empresarios-madeirenses-espalhados-pelo-mundo-o-jornal-economico\/#primaryimage","url":"https:\/\/super-news.info\/pt\/wp-content\/uploads\/sites\/2\/2019\/07\/Encontro-de-Investidores-da-Di\u00e1spora-para-\u201crefor\u00e7ar-elos\u201d-entre-empres\u00e1rios.png","contentUrl":"https:\/\/super-news.info\/pt\/wp-content\/uploads\/sites\/2\/2019\/07\/Encontro-de-Investidores-da-Di\u00e1spora-para-\u201crefor\u00e7ar-elos\u201d-entre-empres\u00e1rios.png","width":600,"height":596,"caption":"Encontro de Investidores da Di\u00e1spora para \u201crefor\u00e7ar elos\u201d entre empres\u00e1rios madeirenses espalhados pelo mundo \u2013 O Jornal Econ\u00f3mico"},{"@type":"BreadcrumbList","@id":"https:\/\/super-news.info\/pt\/encontro-de-investidores-da-diaspora-para-reforcar-elos-entre-empresarios-madeirenses-espalhados-pelo-mundo-o-jornal-economico\/#breadcrumb","itemListElement":[{"@type":"ListItem","position":1,"name":"\u0413\u043b\u0430\u0432\u043d\u0430\u044f \u0441\u0442\u0440\u0430\u043d\u0438\u0446\u0430","item":"https:\/\/super-news.info\/pt\/"},{"@type":"ListItem","position":2,"name":"Encontro de Investidores da Di\u00e1spora para \u201crefor\u00e7ar elos\u201d entre empres\u00e1rios madeirenses espalhados pelo mundo \u2013 O Jornal Econ\u00f3mico"}]},{"@type":"WebSite","@id":"https:\/\/super-news.info\/pt\/#website","url":"https:\/\/super-news.info\/pt\/","name":"Super News","description":"Super News Portugal","potentialAction":[{"@type":"SearchAction","target":{"@type":"EntryPoint","urlTemplate":"https:\/\/super-news.info\/pt\/?s={search_term_string}"},"query-input":{"@type":"PropertyValueSpecification","valueRequired":true,"valueName":"search_term_string"}}],"inLanguage":"pt-PT"},{"@type":"Person","@id":"https:\/\/super-news.info\/pt\/#\/schema\/person\/2d4068cb2f39cd10008c2fce578a7356","name":"super-news","image":{"@type":"ImageObject","inLanguage":"pt-PT","@id":"https:\/\/secure.gravatar.com\/avatar\/64ebac40b93f26a154f8a9b5b6fdccfc46f442b26b3dd6756dbff3bf9dc76fd7?s=96&d=mm&r=g","url":"https:\/\/secure.gravatar.com\/avatar\/64ebac40b93f26a154f8a9b5b6fdccfc46f442b26b3dd6756dbff3bf9dc76fd7?s=96&d=mm&r=g","contentUrl":"https:\/\/secure.gravatar.com\/avatar\/64ebac40b93f26a154f8a9b5b6fdccfc46f442b26b3dd6756dbff3bf9dc76fd7?s=96&d=mm&r=g","caption":"super-news"},"url":"https:\/\/super-news.info\/pt\/author\/pt\/"}]}},"_links":{"self":[{"href":"https:\/\/super-news.info\/pt\/wp-json\/wp\/v2\/posts\/3365","targetHints":{"allow":["GET"]}}],"collection":[{"href":"https:\/\/super-news.info\/pt\/wp-json\/wp\/v2\/posts"}],"about":[{"href":"https:\/\/super-news.info\/pt\/wp-json\/wp\/v2\/types\/post"}],"author":[{"embeddable":true,"href":"https:\/\/super-news.info\/pt\/wp-json\/wp\/v2\/users\/2"}],"replies":[{"embeddable":true,"href":"https:\/\/super-news.info\/pt\/wp-json\/wp\/v2\/comments?post=3365"}],"version-history":[{"count":1,"href":"https:\/\/super-news.info\/pt\/wp-json\/wp\/v2\/posts\/3365\/revisions"}],"predecessor-version":[{"id":3367,"href":"https:\/\/super-news.info\/pt\/wp-json\/wp\/v2\/posts\/3365\/revisions\/3367"}],"wp:featuredmedia":[{"embeddable":true,"href":"https:\/\/super-news.info\/pt\/wp-json\/wp\/v2\/media\/3366"}],"wp:attachment":[{"href":"https:\/\/super-news.info\/pt\/wp-json\/wp\/v2\/media?parent=3365"}],"wp:term":[{"taxonomy":"category","embeddable":true,"href":"https:\/\/super-news.info\/pt\/wp-json\/wp\/v2\/categories?post=3365"},{"taxonomy":"post_tag","embeddable":true,"href":"https:\/\/super-news.info\/pt\/wp-json\/wp\/v2\/tags?post=3365"}],"curies":[{"name":"wp","href":"https:\/\/api.w.org\/{rel}","templated":true}]}}