{"id":3294,"date":"2019-07-22T10:19:03","date_gmt":"2019-07-22T07:19:03","guid":{"rendered":"https:\/\/super-news.info\/pt\/fed-e-irao-empurram-wall-street-para-o-vermelho-o-jornal-economico\/"},"modified":"2019-07-22T10:19:04","modified_gmt":"2019-07-22T07:19:04","slug":"fed-e-irao-empurram-wall-street-para-o-vermelho-o-jornal-economico","status":"publish","type":"post","link":"https:\/\/super-news.info\/pt\/fed-e-irao-empurram-wall-street-para-o-vermelho-o-jornal-economico\/","title":{"rendered":"Fed e Ir\u00e3o empurram Wall Street para o vermelho \u2013 O Jornal Econ\u00f3mico"},"content":{"rendered":"<p> [ad_1]<br \/>\n<\/p>\n<div>\n<div class=\"je-readmore\">\n<p>A sess\u00e3o de sexta-feira at\u00e9 abriu de acordo com as pretens\u00f5es dos Bulls e no seguimento da tend\u00eancia ascendente das \u00faltimas horas de quinta-feira, ap\u00f3s o presidente do New York FED, John Williams, ter indiciado a possibilidade de um corte nos juros superior ao esperado na pr\u00f3xima reuni\u00e3o, o que levou a uma subida substancial para os 71%, da possibilidade de uma redu\u00e7\u00e3o de -0.5%. Expectativas que no entanto foram algumas horas depois esmagadas, baixando para os 22.5%, com uma clarifica\u00e7\u00e3o institucional do New York FED sobre as declara\u00e7\u00f5es do seu presidente, n\u00e3o terem sido uma indica\u00e7\u00e3o de qual ser\u00e1 a pr\u00f3xima ac\u00e7\u00e3o do principal banco central do mundo.<\/p>\n<p>Esta vis\u00e3o menos agressiva de um corte de \u201capenas\u201d -0.25% \u00e9 igualmente apoiada por James Bullard, um dos membros mais dovish no board da FED. Mas apesar de alguma desilus\u00e3o neste tema, os bons resultados da Microsoft, apoiados principalmente no crescimento de 39% do segmento da Cloud, o mais lucrativo e importante na expans\u00e3o da empresa, possibilitou a Wall Street aguentar um sentimento mais positivo, pelo menos at\u00e9 cerca das 14h10m, hora de Nova Iorque, altura em que saiu a not\u00edcia de que o Ir\u00e3o tinha apreendido um petroleiro com bandeira inglesa, no Estreito de Ormuz, agravando assim as tens\u00f5es entre o pa\u00eds do m\u00e9dio oriente e alguns pa\u00edses do ocidente, como os EUA e o Reino Unido, este \u00faltimo que uns dias antes apreendeu um petroleiro em Gibraltar por suspeita de que teria crude iraniano em direc\u00e7\u00e3o \u00e0 S\u00edria, violando as san\u00e7\u00f5es impostas pelas Na\u00e7\u00f5es Unidas.<\/p>\n<p>O escalar da incerteza nesta importante zona de com\u00e9rcio mar\u00edtimo, empurrou os \u00edndice norte-americanos para uma traject\u00f3ria descendente at\u00e9 ao final da sess\u00e3o e com um registo final negativo, deixando-os com perdas semanais entre os -0.64% no Dow Jones e os -1.23% no S&amp;P500. No mercado cambial o cen\u00e1rio menos dovish para o comportamento da FED deu espa\u00e7o para que a moeda norte-americana amealhasse um ganho de 0.4% contra um cabaz de outras moedas principais, empurrando o Euro para um deslize de -0.5% nos $1.1219, enquanto que o Yen recuou -0.4% terminando nos 107.72.<\/p>\n<p>Para esta semana os olhares estar\u00e3o principalmente na earnings season com cerca de 25% das empresas do S&amp;P500 a reportar resultados nos pr\u00f3ximos cinco dias.<\/p>\n<p>O gr\u00e1fico de hoje \u00e9 do Stoxx50, o time-frame \u00e9 Mensal<\/p>\n<p>O \u00edndice Pan-europeu das 50 maiores empresas est\u00e1 claramente mais fraco que os cong\u00e9neres norte-americanos n\u00e3o tendo alcan\u00e7ado m\u00e1ximos nos \u00faltimos tr\u00eas anos.<\/p>\n<\/p><\/div>\n<\/div>\n<p><script>function facebookInit(){var js=document.createElement('script');js.src='https:\/\/connect.facebook.net\/pt_PT\/sdk.js#xfbml=1&version=v3.1&appId=1708066812789184&autoLogAppEvents=1';return document.body.appendChild(js);}\nwindow.onscroll=function(){var rect=document.getElementsByClassName('je-post-content')[0].getBoundingClientRect();if(rect.bottom<window.innerHeight){facebookInit();window.onscroll=null;}}<\/script><br \/>\n<br \/>[ad_2]<br \/>\n<br \/><a href=\"https:\/\/jornaleconomico.sapo.pt\/noticias\/fed-e-irao-empurram-wall-street-para-o-vermelho-470329\">Source link <\/a><\/p>\n","protected":false},"excerpt":{"rendered":"<p>[ad_1] A sess\u00e3o de sexta-feira at\u00e9 abriu de acordo com as pretens\u00f5es dos Bulls e no seguimento da tend\u00eancia ascendente das \u00faltimas horas de quinta-feira, ap\u00f3s o presidente do New York FED, John Williams, ter indiciado a possibilidade de um corte nos juros superior ao esperado na pr\u00f3xima reuni\u00e3o, o que levou a uma subida [&hellip;]<\/p>\n","protected":false},"author":2,"featured_media":3295,"comment_status":"open","ping_status":"open","sticky":false,"template":"","format":"standard","meta":{"footnotes":""},"categories":[1],"tags":[],"class_list":["post-3294","post","type-post","status-publish","format-standard","has-post-thumbnail","hentry","category-noticias-financeiras"],"yoast_head":"<!-- This site is optimized with the Yoast SEO plugin v27.4 - https:\/\/yoast.com\/product\/yoast-seo-wordpress\/ -->\n<title>Fed e Ir\u00e3o empurram Wall Street para o vermelho \u2013 O Jornal Econ\u00f3mico - Super News<\/title>\n<meta name=\"robots\" content=\"index, follow, max-snippet:-1, max-image-preview:large, max-video-preview:-1\" \/>\n<link rel=\"canonical\" href=\"https:\/\/super-news.info\/pt\/fed-e-irao-empurram-wall-street-para-o-vermelho-o-jornal-economico\/\" \/>\n<meta property=\"og:locale\" content=\"pt_PT\" \/>\n<meta property=\"og:type\" content=\"article\" \/>\n<meta property=\"og:title\" content=\"Fed e Ir\u00e3o empurram Wall Street para o vermelho \u2013 O Jornal Econ\u00f3mico - Super News\" \/>\n<meta property=\"og:description\" content=\"[ad_1] A sess\u00e3o de sexta-feira at\u00e9 abriu de acordo com as pretens\u00f5es dos Bulls e no seguimento da tend\u00eancia ascendente das \u00faltimas horas de quinta-feira, ap\u00f3s o presidente do New York FED, John Williams, ter indiciado a possibilidade de um corte nos juros superior ao esperado na pr\u00f3xima reuni\u00e3o, o que levou a uma subida [&hellip;]\" \/>\n<meta property=\"og:url\" content=\"https:\/\/super-news.info\/pt\/fed-e-irao-empurram-wall-street-para-o-vermelho-o-jornal-economico\/\" \/>\n<meta property=\"og:site_name\" content=\"Super News\" \/>\n<meta property=\"article:published_time\" content=\"2019-07-22T07:19:03+00:00\" \/>\n<meta property=\"article:modified_time\" content=\"2019-07-22T07:19:04+00:00\" \/>\n<meta property=\"og:image\" content=\"https:\/\/super-news.info\/pt\/wp-content\/uploads\/sites\/2\/2019\/07\/Fed-e-Ir\u00e3o-empurram-Wall-Street-para-o-vermelho-\u2013.png\" \/>\n\t<meta property=\"og:image:width\" content=\"1600\" \/>\n\t<meta property=\"og:image:height\" content=\"894\" \/>\n\t<meta property=\"og:image:type\" content=\"image\/png\" \/>\n<meta name=\"author\" content=\"super-news\" \/>\n<meta name=\"twitter:card\" content=\"summary_large_image\" \/>\n<meta name=\"twitter:label1\" content=\"Escrito por\" \/>\n\t<meta name=\"twitter:data1\" content=\"super-news\" \/>\n\t<meta name=\"twitter:label2\" content=\"Tempo estimado de leitura\" \/>\n\t<meta name=\"twitter:data2\" content=\"2 minutos\" \/>\n<script type=\"application\/ld+json\" class=\"yoast-schema-graph\">{\"@context\":\"https:\\\/\\\/schema.org\",\"@graph\":[{\"@type\":\"Article\",\"@id\":\"https:\\\/\\\/super-news.info\\\/pt\\\/fed-e-irao-empurram-wall-street-para-o-vermelho-o-jornal-economico\\\/#article\",\"isPartOf\":{\"@id\":\"https:\\\/\\\/super-news.info\\\/pt\\\/fed-e-irao-empurram-wall-street-para-o-vermelho-o-jornal-economico\\\/\"},\"author\":{\"name\":\"super-news\",\"@id\":\"https:\\\/\\\/super-news.info\\\/pt\\\/#\\\/schema\\\/person\\\/2d4068cb2f39cd10008c2fce578a7356\"},\"headline\":\"Fed e Ir\u00e3o empurram Wall Street para o vermelho \u2013 O Jornal Econ\u00f3mico\",\"datePublished\":\"2019-07-22T07:19:03+00:00\",\"dateModified\":\"2019-07-22T07:19:04+00:00\",\"mainEntityOfPage\":{\"@id\":\"https:\\\/\\\/super-news.info\\\/pt\\\/fed-e-irao-empurram-wall-street-para-o-vermelho-o-jornal-economico\\\/\"},\"wordCount\":460,\"commentCount\":0,\"image\":{\"@id\":\"https:\\\/\\\/super-news.info\\\/pt\\\/fed-e-irao-empurram-wall-street-para-o-vermelho-o-jornal-economico\\\/#primaryimage\"},\"thumbnailUrl\":\"https:\\\/\\\/super-news.info\\\/pt\\\/wp-content\\\/uploads\\\/sites\\\/2\\\/2019\\\/07\\\/Fed-e-Ir\u00e3o-empurram-Wall-Street-para-o-vermelho-\u2013.png\",\"articleSection\":[\"NOT\u00cdCIAS FINANCEIRAS\"],\"inLanguage\":\"pt-PT\",\"potentialAction\":[{\"@type\":\"CommentAction\",\"name\":\"Comment\",\"target\":[\"https:\\\/\\\/super-news.info\\\/pt\\\/fed-e-irao-empurram-wall-street-para-o-vermelho-o-jornal-economico\\\/#respond\"]}]},{\"@type\":\"WebPage\",\"@id\":\"https:\\\/\\\/super-news.info\\\/pt\\\/fed-e-irao-empurram-wall-street-para-o-vermelho-o-jornal-economico\\\/\",\"url\":\"https:\\\/\\\/super-news.info\\\/pt\\\/fed-e-irao-empurram-wall-street-para-o-vermelho-o-jornal-economico\\\/\",\"name\":\"Fed e Ir\u00e3o empurram Wall Street para o vermelho \u2013 O Jornal Econ\u00f3mico - Super News\",\"isPartOf\":{\"@id\":\"https:\\\/\\\/super-news.info\\\/pt\\\/#website\"},\"primaryImageOfPage\":{\"@id\":\"https:\\\/\\\/super-news.info\\\/pt\\\/fed-e-irao-empurram-wall-street-para-o-vermelho-o-jornal-economico\\\/#primaryimage\"},\"image\":{\"@id\":\"https:\\\/\\\/super-news.info\\\/pt\\\/fed-e-irao-empurram-wall-street-para-o-vermelho-o-jornal-economico\\\/#primaryimage\"},\"thumbnailUrl\":\"https:\\\/\\\/super-news.info\\\/pt\\\/wp-content\\\/uploads\\\/sites\\\/2\\\/2019\\\/07\\\/Fed-e-Ir\u00e3o-empurram-Wall-Street-para-o-vermelho-\u2013.png\",\"datePublished\":\"2019-07-22T07:19:03+00:00\",\"dateModified\":\"2019-07-22T07:19:04+00:00\",\"author\":{\"@id\":\"https:\\\/\\\/super-news.info\\\/pt\\\/#\\\/schema\\\/person\\\/2d4068cb2f39cd10008c2fce578a7356\"},\"breadcrumb\":{\"@id\":\"https:\\\/\\\/super-news.info\\\/pt\\\/fed-e-irao-empurram-wall-street-para-o-vermelho-o-jornal-economico\\\/#breadcrumb\"},\"inLanguage\":\"pt-PT\",\"potentialAction\":[{\"@type\":\"ReadAction\",\"target\":[\"https:\\\/\\\/super-news.info\\\/pt\\\/fed-e-irao-empurram-wall-street-para-o-vermelho-o-jornal-economico\\\/\"]}]},{\"@type\":\"ImageObject\",\"inLanguage\":\"pt-PT\",\"@id\":\"https:\\\/\\\/super-news.info\\\/pt\\\/fed-e-irao-empurram-wall-street-para-o-vermelho-o-jornal-economico\\\/#primaryimage\",\"url\":\"https:\\\/\\\/super-news.info\\\/pt\\\/wp-content\\\/uploads\\\/sites\\\/2\\\/2019\\\/07\\\/Fed-e-Ir\u00e3o-empurram-Wall-Street-para-o-vermelho-\u2013.png\",\"contentUrl\":\"https:\\\/\\\/super-news.info\\\/pt\\\/wp-content\\\/uploads\\\/sites\\\/2\\\/2019\\\/07\\\/Fed-e-Ir\u00e3o-empurram-Wall-Street-para-o-vermelho-\u2013.png\",\"width\":1600,\"height\":894,\"caption\":\"Fed e Ir\u00e3o empurram Wall Street para o vermelho \u2013 O Jornal Econ\u00f3mico\"},{\"@type\":\"BreadcrumbList\",\"@id\":\"https:\\\/\\\/super-news.info\\\/pt\\\/fed-e-irao-empurram-wall-street-para-o-vermelho-o-jornal-economico\\\/#breadcrumb\",\"itemListElement\":[{\"@type\":\"ListItem\",\"position\":1,\"name\":\"\u0413\u043b\u0430\u0432\u043d\u0430\u044f \u0441\u0442\u0440\u0430\u043d\u0438\u0446\u0430\",\"item\":\"https:\\\/\\\/super-news.info\\\/pt\\\/\"},{\"@type\":\"ListItem\",\"position\":2,\"name\":\"Fed e Ir\u00e3o empurram Wall Street para o vermelho \u2013 O Jornal Econ\u00f3mico\"}]},{\"@type\":\"WebSite\",\"@id\":\"https:\\\/\\\/super-news.info\\\/pt\\\/#website\",\"url\":\"https:\\\/\\\/super-news.info\\\/pt\\\/\",\"name\":\"Super News\",\"description\":\"Super News Portugal\",\"potentialAction\":[{\"@type\":\"SearchAction\",\"target\":{\"@type\":\"EntryPoint\",\"urlTemplate\":\"https:\\\/\\\/super-news.info\\\/pt\\\/?s={search_term_string}\"},\"query-input\":{\"@type\":\"PropertyValueSpecification\",\"valueRequired\":true,\"valueName\":\"search_term_string\"}}],\"inLanguage\":\"pt-PT\"},{\"@type\":\"Person\",\"@id\":\"https:\\\/\\\/super-news.info\\\/pt\\\/#\\\/schema\\\/person\\\/2d4068cb2f39cd10008c2fce578a7356\",\"name\":\"super-news\",\"image\":{\"@type\":\"ImageObject\",\"inLanguage\":\"pt-PT\",\"@id\":\"https:\\\/\\\/secure.gravatar.com\\\/avatar\\\/64ebac40b93f26a154f8a9b5b6fdccfc46f442b26b3dd6756dbff3bf9dc76fd7?s=96&d=mm&r=g\",\"url\":\"https:\\\/\\\/secure.gravatar.com\\\/avatar\\\/64ebac40b93f26a154f8a9b5b6fdccfc46f442b26b3dd6756dbff3bf9dc76fd7?s=96&d=mm&r=g\",\"contentUrl\":\"https:\\\/\\\/secure.gravatar.com\\\/avatar\\\/64ebac40b93f26a154f8a9b5b6fdccfc46f442b26b3dd6756dbff3bf9dc76fd7?s=96&d=mm&r=g\",\"caption\":\"super-news\"},\"url\":\"https:\\\/\\\/super-news.info\\\/pt\\\/author\\\/pt\\\/\"}]}<\/script>\n<!-- \/ Yoast SEO plugin. -->","yoast_head_json":{"title":"Fed e Ir\u00e3o empurram Wall Street para o vermelho \u2013 O Jornal Econ\u00f3mico - Super News","robots":{"index":"index","follow":"follow","max-snippet":"max-snippet:-1","max-image-preview":"max-image-preview:large","max-video-preview":"max-video-preview:-1"},"canonical":"https:\/\/super-news.info\/pt\/fed-e-irao-empurram-wall-street-para-o-vermelho-o-jornal-economico\/","og_locale":"pt_PT","og_type":"article","og_title":"Fed e Ir\u00e3o empurram Wall Street para o vermelho \u2013 O Jornal Econ\u00f3mico - Super News","og_description":"[ad_1] A sess\u00e3o de sexta-feira at\u00e9 abriu de acordo com as pretens\u00f5es dos Bulls e no seguimento da tend\u00eancia ascendente das \u00faltimas horas de quinta-feira, ap\u00f3s o presidente do New York FED, John Williams, ter indiciado a possibilidade de um corte nos juros superior ao esperado na pr\u00f3xima reuni\u00e3o, o que levou a uma subida [&hellip;]","og_url":"https:\/\/super-news.info\/pt\/fed-e-irao-empurram-wall-street-para-o-vermelho-o-jornal-economico\/","og_site_name":"Super News","article_published_time":"2019-07-22T07:19:03+00:00","article_modified_time":"2019-07-22T07:19:04+00:00","og_image":[{"width":1600,"height":894,"url":"https:\/\/super-news.info\/pt\/wp-content\/uploads\/sites\/2\/2019\/07\/Fed-e-Ir\u00e3o-empurram-Wall-Street-para-o-vermelho-\u2013.png","type":"image\/png"}],"author":"super-news","twitter_card":"summary_large_image","twitter_misc":{"Escrito por":"super-news","Tempo estimado de leitura":"2 minutos"},"schema":{"@context":"https:\/\/schema.org","@graph":[{"@type":"Article","@id":"https:\/\/super-news.info\/pt\/fed-e-irao-empurram-wall-street-para-o-vermelho-o-jornal-economico\/#article","isPartOf":{"@id":"https:\/\/super-news.info\/pt\/fed-e-irao-empurram-wall-street-para-o-vermelho-o-jornal-economico\/"},"author":{"name":"super-news","@id":"https:\/\/super-news.info\/pt\/#\/schema\/person\/2d4068cb2f39cd10008c2fce578a7356"},"headline":"Fed e Ir\u00e3o empurram Wall Street para o vermelho \u2013 O Jornal Econ\u00f3mico","datePublished":"2019-07-22T07:19:03+00:00","dateModified":"2019-07-22T07:19:04+00:00","mainEntityOfPage":{"@id":"https:\/\/super-news.info\/pt\/fed-e-irao-empurram-wall-street-para-o-vermelho-o-jornal-economico\/"},"wordCount":460,"commentCount":0,"image":{"@id":"https:\/\/super-news.info\/pt\/fed-e-irao-empurram-wall-street-para-o-vermelho-o-jornal-economico\/#primaryimage"},"thumbnailUrl":"https:\/\/super-news.info\/pt\/wp-content\/uploads\/sites\/2\/2019\/07\/Fed-e-Ir\u00e3o-empurram-Wall-Street-para-o-vermelho-\u2013.png","articleSection":["NOT\u00cdCIAS FINANCEIRAS"],"inLanguage":"pt-PT","potentialAction":[{"@type":"CommentAction","name":"Comment","target":["https:\/\/super-news.info\/pt\/fed-e-irao-empurram-wall-street-para-o-vermelho-o-jornal-economico\/#respond"]}]},{"@type":"WebPage","@id":"https:\/\/super-news.info\/pt\/fed-e-irao-empurram-wall-street-para-o-vermelho-o-jornal-economico\/","url":"https:\/\/super-news.info\/pt\/fed-e-irao-empurram-wall-street-para-o-vermelho-o-jornal-economico\/","name":"Fed e Ir\u00e3o empurram Wall Street para o vermelho \u2013 O Jornal Econ\u00f3mico - Super News","isPartOf":{"@id":"https:\/\/super-news.info\/pt\/#website"},"primaryImageOfPage":{"@id":"https:\/\/super-news.info\/pt\/fed-e-irao-empurram-wall-street-para-o-vermelho-o-jornal-economico\/#primaryimage"},"image":{"@id":"https:\/\/super-news.info\/pt\/fed-e-irao-empurram-wall-street-para-o-vermelho-o-jornal-economico\/#primaryimage"},"thumbnailUrl":"https:\/\/super-news.info\/pt\/wp-content\/uploads\/sites\/2\/2019\/07\/Fed-e-Ir\u00e3o-empurram-Wall-Street-para-o-vermelho-\u2013.png","datePublished":"2019-07-22T07:19:03+00:00","dateModified":"2019-07-22T07:19:04+00:00","author":{"@id":"https:\/\/super-news.info\/pt\/#\/schema\/person\/2d4068cb2f39cd10008c2fce578a7356"},"breadcrumb":{"@id":"https:\/\/super-news.info\/pt\/fed-e-irao-empurram-wall-street-para-o-vermelho-o-jornal-economico\/#breadcrumb"},"inLanguage":"pt-PT","potentialAction":[{"@type":"ReadAction","target":["https:\/\/super-news.info\/pt\/fed-e-irao-empurram-wall-street-para-o-vermelho-o-jornal-economico\/"]}]},{"@type":"ImageObject","inLanguage":"pt-PT","@id":"https:\/\/super-news.info\/pt\/fed-e-irao-empurram-wall-street-para-o-vermelho-o-jornal-economico\/#primaryimage","url":"https:\/\/super-news.info\/pt\/wp-content\/uploads\/sites\/2\/2019\/07\/Fed-e-Ir\u00e3o-empurram-Wall-Street-para-o-vermelho-\u2013.png","contentUrl":"https:\/\/super-news.info\/pt\/wp-content\/uploads\/sites\/2\/2019\/07\/Fed-e-Ir\u00e3o-empurram-Wall-Street-para-o-vermelho-\u2013.png","width":1600,"height":894,"caption":"Fed e Ir\u00e3o empurram Wall Street para o vermelho \u2013 O Jornal Econ\u00f3mico"},{"@type":"BreadcrumbList","@id":"https:\/\/super-news.info\/pt\/fed-e-irao-empurram-wall-street-para-o-vermelho-o-jornal-economico\/#breadcrumb","itemListElement":[{"@type":"ListItem","position":1,"name":"\u0413\u043b\u0430\u0432\u043d\u0430\u044f \u0441\u0442\u0440\u0430\u043d\u0438\u0446\u0430","item":"https:\/\/super-news.info\/pt\/"},{"@type":"ListItem","position":2,"name":"Fed e Ir\u00e3o empurram Wall Street para o vermelho \u2013 O Jornal Econ\u00f3mico"}]},{"@type":"WebSite","@id":"https:\/\/super-news.info\/pt\/#website","url":"https:\/\/super-news.info\/pt\/","name":"Super News","description":"Super News Portugal","potentialAction":[{"@type":"SearchAction","target":{"@type":"EntryPoint","urlTemplate":"https:\/\/super-news.info\/pt\/?s={search_term_string}"},"query-input":{"@type":"PropertyValueSpecification","valueRequired":true,"valueName":"search_term_string"}}],"inLanguage":"pt-PT"},{"@type":"Person","@id":"https:\/\/super-news.info\/pt\/#\/schema\/person\/2d4068cb2f39cd10008c2fce578a7356","name":"super-news","image":{"@type":"ImageObject","inLanguage":"pt-PT","@id":"https:\/\/secure.gravatar.com\/avatar\/64ebac40b93f26a154f8a9b5b6fdccfc46f442b26b3dd6756dbff3bf9dc76fd7?s=96&d=mm&r=g","url":"https:\/\/secure.gravatar.com\/avatar\/64ebac40b93f26a154f8a9b5b6fdccfc46f442b26b3dd6756dbff3bf9dc76fd7?s=96&d=mm&r=g","contentUrl":"https:\/\/secure.gravatar.com\/avatar\/64ebac40b93f26a154f8a9b5b6fdccfc46f442b26b3dd6756dbff3bf9dc76fd7?s=96&d=mm&r=g","caption":"super-news"},"url":"https:\/\/super-news.info\/pt\/author\/pt\/"}]}},"_links":{"self":[{"href":"https:\/\/super-news.info\/pt\/wp-json\/wp\/v2\/posts\/3294","targetHints":{"allow":["GET"]}}],"collection":[{"href":"https:\/\/super-news.info\/pt\/wp-json\/wp\/v2\/posts"}],"about":[{"href":"https:\/\/super-news.info\/pt\/wp-json\/wp\/v2\/types\/post"}],"author":[{"embeddable":true,"href":"https:\/\/super-news.info\/pt\/wp-json\/wp\/v2\/users\/2"}],"replies":[{"embeddable":true,"href":"https:\/\/super-news.info\/pt\/wp-json\/wp\/v2\/comments?post=3294"}],"version-history":[{"count":1,"href":"https:\/\/super-news.info\/pt\/wp-json\/wp\/v2\/posts\/3294\/revisions"}],"predecessor-version":[{"id":3296,"href":"https:\/\/super-news.info\/pt\/wp-json\/wp\/v2\/posts\/3294\/revisions\/3296"}],"wp:featuredmedia":[{"embeddable":true,"href":"https:\/\/super-news.info\/pt\/wp-json\/wp\/v2\/media\/3295"}],"wp:attachment":[{"href":"https:\/\/super-news.info\/pt\/wp-json\/wp\/v2\/media?parent=3294"}],"wp:term":[{"taxonomy":"category","embeddable":true,"href":"https:\/\/super-news.info\/pt\/wp-json\/wp\/v2\/categories?post=3294"},{"taxonomy":"post_tag","embeddable":true,"href":"https:\/\/super-news.info\/pt\/wp-json\/wp\/v2\/tags?post=3294"}],"curies":[{"name":"wp","href":"https:\/\/api.w.org\/{rel}","templated":true}]}}