{"id":3285,"date":"2019-07-20T12:32:06","date_gmt":"2019-07-20T09:32:06","guid":{"rendered":"https:\/\/super-news.info\/pt\/entender-o-que-nos-divide-no-passado-e-no-presente-o-jornal-economico\/"},"modified":"2019-07-20T12:32:07","modified_gmt":"2019-07-20T09:32:07","slug":"entender-o-que-nos-divide-no-passado-e-no-presente-o-jornal-economico","status":"publish","type":"post","link":"https:\/\/super-news.info\/pt\/entender-o-que-nos-divide-no-passado-e-no-presente-o-jornal-economico\/","title":{"rendered":"entender o que nos divide no passado e no presente \u2013 O Jornal Econ\u00f3mico"},"content":{"rendered":"<p> [ad_1]<br \/>\n<\/p>\n<div>\n<p>Os muros est\u00e3o a crescer. As pol\u00edticas nacionalistas est\u00e3o em ascens\u00e3o. Milhares de quil\u00f3metros de veda\u00e7\u00f5es foram erguidos nos \u00faltimos dez anos e est\u00e3o a redefinir a nossa paisagem pol\u00edtica.<\/p>\n<p>Existem muitas raz\u00f5es para se erguerem muros. Na Europa, as ruturas da \u00faltima d\u00e9cada amea\u00e7am n\u00e3o s\u00f3 a unidade europeia, mas tamb\u00e9m, em alguns pa\u00edses, a pr\u00f3pria democracia. Ali\u00e1s, uma das primeiras promessas da alem\u00e3 Ursula von der Leyen, escolhida recentemente pelo Conselho Europeu para suceder a Jean-Claude Juncker \u00e0 frente da Comiss\u00e3o Europeia, \u00e9 precisamente um endurecimento relativamente \u00e0 Hungria, pa\u00eds que tem minado consecutivamente uma pol\u00edtica europeia em prol do acolhimento de refugiados, defendendo ao inv\u00e9s uma forte restri\u00e7\u00e3o da entrada de imigrantes, e fomentando inclusive a constru\u00e7\u00e3o de muros.<\/p>\n<p>\u00a0<\/p>\n<p>\u00a0<\/p>\n<p>Neste aspeto, como noutros, Viktor Orb\u00e1n encontra uma alma g\u00e9mea no presidente Trump, que tem tentado, desde que foi eleito, construir um muro na fronteira do M\u00e9xico (de que existem j\u00e1 v\u00e1rias sec\u00e7\u00f5es, algumas deles erigidas, ali\u00e1s, ainda durante a presid\u00eancia Obama), explorando um sentimento de medo dos norte-americanos pelos seus vizinhos a sul.<\/p>\n<p>Na China, onde alguns tro\u00e7os da Grande Muralha datam do s\u00e9culo VII a.C, a necessidade de conter as divis\u00f5es forjadas pelo capitalismo definir\u00e1 o futuro da na\u00e7\u00e3o e os muros de que o autor fala s\u00e3o os que impedem o livre acesso \u00e0 internet.<\/p>\n<p>Se, no s\u00e9culo I d.C., o imperador romano Adriano erigia uma muralha de 120 quil\u00f3metros a separar o imp\u00e9rio dos b\u00e1rbaros do que \u00e9 hoje a Esc\u00f3cia, no s\u00e9culo XX foi o conflito irland\u00eas a ditar a constru\u00e7\u00e3o de muros. Em Belfast, s\u00e3o cerca de cem, por incr\u00edvel que nos pare\u00e7a, a n\u00f3s portugueses, com as nossas fronteiras terrestres t\u00e3o definidas h\u00e1 tantos s\u00e9culos e, agora, t\u00e3o abertas.<\/p>\n<p>Entender o que nos divide, no passado e no presente, \u00e9 essencial para compreender tudo o que se est\u00e1 a passar no mundo. Em \u201cA Era dos Muros\u201d, Tim Marshall volta a debru\u00e7ar-se sobre territ\u00f3rios que conhece bem. Num outro livro, \u201cPrisioneiros da Geografia\u201d, igualmente publicado em portugu\u00eas pela Desassossego, o autor, jornalista h\u00e1 mais de 25 anos, analisava dez mapas que revelam ao leitor \u201ctudo o que precisa de saber sobre pol\u00edtica internacional\u201d, \u00e1rea em que se tem destacado.<\/p>\n<p>Agora, vem de novo fazer uma demonstra\u00e7\u00e3o da import\u00e2ncia da geografia na hist\u00f3ria do mundo, sendo particularmente interessante quando se debru\u00e7a sobre realidades mais arredadas dos nossos notici\u00e1rios, como no caso do Bangladesh, um pa\u00eds encurralado entre a sistem\u00e1tica subida das \u00e1guas e a \u00cdndia.<\/p>\n<p>O seu mais recente livro, ainda sem edi\u00e7\u00e3o em Portugal, \u201cShadowplay: Behind the Lines and Under Fire. The Inside Story of Europe\u2019s Last War\u201d, \u00e9 dedicado \u00e0 guerra da Jugosl\u00e1via, nos anos 1990.<\/p>\n<\/div>\n<p><script>function facebookInit(){var js=document.createElement('script');js.src='https:\/\/connect.facebook.net\/pt_PT\/sdk.js#xfbml=1&version=v3.1&appId=1708066812789184&autoLogAppEvents=1';return document.body.appendChild(js);}\nwindow.onscroll=function(){var rect=document.getElementsByClassName('je-post-content')[0].getBoundingClientRect();if(rect.bottom<window.innerHeight){facebookInit();window.onscroll=null;}}<\/script><br \/>\n<br \/>[ad_2]<br \/>\n<br \/><a href=\"https:\/\/jornaleconomico.sapo.pt\/noticias\/a-era-dos-muros-entender-o-que-nos-divide-no-passado-e-no-presente-469406\">Source link <\/a><\/p>\n","protected":false},"excerpt":{"rendered":"<p>[ad_1] Os muros est\u00e3o a crescer. As pol\u00edticas nacionalistas est\u00e3o em ascens\u00e3o. Milhares de quil\u00f3metros de veda\u00e7\u00f5es foram erguidos nos \u00faltimos dez anos e est\u00e3o a redefinir a nossa paisagem pol\u00edtica. Existem muitas raz\u00f5es para se erguerem muros. Na Europa, as ruturas da \u00faltima d\u00e9cada amea\u00e7am n\u00e3o s\u00f3 a unidade europeia, mas tamb\u00e9m, em alguns [&hellip;]<\/p>\n","protected":false},"author":2,"featured_media":3286,"comment_status":"open","ping_status":"open","sticky":false,"template":"","format":"standard","meta":{"footnotes":""},"categories":[1],"tags":[],"class_list":["post-3285","post","type-post","status-publish","format-standard","has-post-thumbnail","hentry","category-noticias-financeiras"],"yoast_head":"<!-- This site is optimized with the Yoast SEO plugin v27.4 - https:\/\/yoast.com\/product\/yoast-seo-wordpress\/ -->\n<title>entender o que nos divide no passado e no presente \u2013 O Jornal Econ\u00f3mico - Super News<\/title>\n<meta name=\"robots\" content=\"index, follow, max-snippet:-1, max-image-preview:large, max-video-preview:-1\" \/>\n<link rel=\"canonical\" href=\"https:\/\/super-news.info\/pt\/entender-o-que-nos-divide-no-passado-e-no-presente-o-jornal-economico\/\" \/>\n<meta property=\"og:locale\" content=\"pt_PT\" \/>\n<meta property=\"og:type\" content=\"article\" \/>\n<meta property=\"og:title\" content=\"entender o que nos divide no passado e no presente \u2013 O Jornal Econ\u00f3mico - Super News\" \/>\n<meta property=\"og:description\" content=\"[ad_1] Os muros est\u00e3o a crescer. As pol\u00edticas nacionalistas est\u00e3o em ascens\u00e3o. Milhares de quil\u00f3metros de veda\u00e7\u00f5es foram erguidos nos \u00faltimos dez anos e est\u00e3o a redefinir a nossa paisagem pol\u00edtica. Existem muitas raz\u00f5es para se erguerem muros. Na Europa, as ruturas da \u00faltima d\u00e9cada amea\u00e7am n\u00e3o s\u00f3 a unidade europeia, mas tamb\u00e9m, em alguns [&hellip;]\" \/>\n<meta property=\"og:url\" content=\"https:\/\/super-news.info\/pt\/entender-o-que-nos-divide-no-passado-e-no-presente-o-jornal-economico\/\" \/>\n<meta property=\"og:site_name\" content=\"Super News\" \/>\n<meta property=\"article:published_time\" content=\"2019-07-20T09:32:06+00:00\" \/>\n<meta property=\"article:modified_time\" content=\"2019-07-20T09:32:07+00:00\" \/>\n<meta property=\"og:image\" content=\"https:\/\/super-news.info\/pt\/wp-content\/uploads\/sites\/2\/2019\/07\/entender-o-que-nos-divide-no-passado-e-no-presente.jpg\" \/>\n\t<meta property=\"og:image:width\" content=\"208\" \/>\n\t<meta property=\"og:image:height\" content=\"300\" \/>\n\t<meta property=\"og:image:type\" content=\"image\/jpeg\" \/>\n<meta name=\"author\" content=\"super-news\" \/>\n<meta name=\"twitter:card\" content=\"summary_large_image\" \/>\n<meta name=\"twitter:label1\" content=\"Escrito por\" \/>\n\t<meta name=\"twitter:data1\" content=\"super-news\" \/>\n\t<meta name=\"twitter:label2\" content=\"Tempo estimado de leitura\" \/>\n\t<meta name=\"twitter:data2\" content=\"3 minutos\" \/>\n<script type=\"application\/ld+json\" class=\"yoast-schema-graph\">{\"@context\":\"https:\\\/\\\/schema.org\",\"@graph\":[{\"@type\":\"Article\",\"@id\":\"https:\\\/\\\/super-news.info\\\/pt\\\/entender-o-que-nos-divide-no-passado-e-no-presente-o-jornal-economico\\\/#article\",\"isPartOf\":{\"@id\":\"https:\\\/\\\/super-news.info\\\/pt\\\/entender-o-que-nos-divide-no-passado-e-no-presente-o-jornal-economico\\\/\"},\"author\":{\"name\":\"super-news\",\"@id\":\"https:\\\/\\\/super-news.info\\\/pt\\\/#\\\/schema\\\/person\\\/2d4068cb2f39cd10008c2fce578a7356\"},\"headline\":\"entender o que nos divide no passado e no presente \u2013 O Jornal Econ\u00f3mico\",\"datePublished\":\"2019-07-20T09:32:06+00:00\",\"dateModified\":\"2019-07-20T09:32:07+00:00\",\"mainEntityOfPage\":{\"@id\":\"https:\\\/\\\/super-news.info\\\/pt\\\/entender-o-que-nos-divide-no-passado-e-no-presente-o-jornal-economico\\\/\"},\"wordCount\":518,\"commentCount\":0,\"image\":{\"@id\":\"https:\\\/\\\/super-news.info\\\/pt\\\/entender-o-que-nos-divide-no-passado-e-no-presente-o-jornal-economico\\\/#primaryimage\"},\"thumbnailUrl\":\"https:\\\/\\\/super-news.info\\\/pt\\\/wp-content\\\/uploads\\\/sites\\\/2\\\/2019\\\/07\\\/entender-o-que-nos-divide-no-passado-e-no-presente.jpg\",\"articleSection\":[\"NOT\u00cdCIAS FINANCEIRAS\"],\"inLanguage\":\"pt-PT\",\"potentialAction\":[{\"@type\":\"CommentAction\",\"name\":\"Comment\",\"target\":[\"https:\\\/\\\/super-news.info\\\/pt\\\/entender-o-que-nos-divide-no-passado-e-no-presente-o-jornal-economico\\\/#respond\"]}]},{\"@type\":\"WebPage\",\"@id\":\"https:\\\/\\\/super-news.info\\\/pt\\\/entender-o-que-nos-divide-no-passado-e-no-presente-o-jornal-economico\\\/\",\"url\":\"https:\\\/\\\/super-news.info\\\/pt\\\/entender-o-que-nos-divide-no-passado-e-no-presente-o-jornal-economico\\\/\",\"name\":\"entender o que nos divide no passado e no presente \u2013 O Jornal Econ\u00f3mico - Super News\",\"isPartOf\":{\"@id\":\"https:\\\/\\\/super-news.info\\\/pt\\\/#website\"},\"primaryImageOfPage\":{\"@id\":\"https:\\\/\\\/super-news.info\\\/pt\\\/entender-o-que-nos-divide-no-passado-e-no-presente-o-jornal-economico\\\/#primaryimage\"},\"image\":{\"@id\":\"https:\\\/\\\/super-news.info\\\/pt\\\/entender-o-que-nos-divide-no-passado-e-no-presente-o-jornal-economico\\\/#primaryimage\"},\"thumbnailUrl\":\"https:\\\/\\\/super-news.info\\\/pt\\\/wp-content\\\/uploads\\\/sites\\\/2\\\/2019\\\/07\\\/entender-o-que-nos-divide-no-passado-e-no-presente.jpg\",\"datePublished\":\"2019-07-20T09:32:06+00:00\",\"dateModified\":\"2019-07-20T09:32:07+00:00\",\"author\":{\"@id\":\"https:\\\/\\\/super-news.info\\\/pt\\\/#\\\/schema\\\/person\\\/2d4068cb2f39cd10008c2fce578a7356\"},\"breadcrumb\":{\"@id\":\"https:\\\/\\\/super-news.info\\\/pt\\\/entender-o-que-nos-divide-no-passado-e-no-presente-o-jornal-economico\\\/#breadcrumb\"},\"inLanguage\":\"pt-PT\",\"potentialAction\":[{\"@type\":\"ReadAction\",\"target\":[\"https:\\\/\\\/super-news.info\\\/pt\\\/entender-o-que-nos-divide-no-passado-e-no-presente-o-jornal-economico\\\/\"]}]},{\"@type\":\"ImageObject\",\"inLanguage\":\"pt-PT\",\"@id\":\"https:\\\/\\\/super-news.info\\\/pt\\\/entender-o-que-nos-divide-no-passado-e-no-presente-o-jornal-economico\\\/#primaryimage\",\"url\":\"https:\\\/\\\/super-news.info\\\/pt\\\/wp-content\\\/uploads\\\/sites\\\/2\\\/2019\\\/07\\\/entender-o-que-nos-divide-no-passado-e-no-presente.jpg\",\"contentUrl\":\"https:\\\/\\\/super-news.info\\\/pt\\\/wp-content\\\/uploads\\\/sites\\\/2\\\/2019\\\/07\\\/entender-o-que-nos-divide-no-passado-e-no-presente.jpg\",\"width\":208,\"height\":300,\"caption\":\"entender o que nos divide no passado e no presente \u2013 O Jornal Econ\u00f3mico\"},{\"@type\":\"BreadcrumbList\",\"@id\":\"https:\\\/\\\/super-news.info\\\/pt\\\/entender-o-que-nos-divide-no-passado-e-no-presente-o-jornal-economico\\\/#breadcrumb\",\"itemListElement\":[{\"@type\":\"ListItem\",\"position\":1,\"name\":\"\u0413\u043b\u0430\u0432\u043d\u0430\u044f \u0441\u0442\u0440\u0430\u043d\u0438\u0446\u0430\",\"item\":\"https:\\\/\\\/super-news.info\\\/pt\\\/\"},{\"@type\":\"ListItem\",\"position\":2,\"name\":\"entender o que nos divide no passado e no presente \u2013 O Jornal Econ\u00f3mico\"}]},{\"@type\":\"WebSite\",\"@id\":\"https:\\\/\\\/super-news.info\\\/pt\\\/#website\",\"url\":\"https:\\\/\\\/super-news.info\\\/pt\\\/\",\"name\":\"Super News\",\"description\":\"Super News Portugal\",\"potentialAction\":[{\"@type\":\"SearchAction\",\"target\":{\"@type\":\"EntryPoint\",\"urlTemplate\":\"https:\\\/\\\/super-news.info\\\/pt\\\/?s={search_term_string}\"},\"query-input\":{\"@type\":\"PropertyValueSpecification\",\"valueRequired\":true,\"valueName\":\"search_term_string\"}}],\"inLanguage\":\"pt-PT\"},{\"@type\":\"Person\",\"@id\":\"https:\\\/\\\/super-news.info\\\/pt\\\/#\\\/schema\\\/person\\\/2d4068cb2f39cd10008c2fce578a7356\",\"name\":\"super-news\",\"image\":{\"@type\":\"ImageObject\",\"inLanguage\":\"pt-PT\",\"@id\":\"https:\\\/\\\/secure.gravatar.com\\\/avatar\\\/64ebac40b93f26a154f8a9b5b6fdccfc46f442b26b3dd6756dbff3bf9dc76fd7?s=96&d=mm&r=g\",\"url\":\"https:\\\/\\\/secure.gravatar.com\\\/avatar\\\/64ebac40b93f26a154f8a9b5b6fdccfc46f442b26b3dd6756dbff3bf9dc76fd7?s=96&d=mm&r=g\",\"contentUrl\":\"https:\\\/\\\/secure.gravatar.com\\\/avatar\\\/64ebac40b93f26a154f8a9b5b6fdccfc46f442b26b3dd6756dbff3bf9dc76fd7?s=96&d=mm&r=g\",\"caption\":\"super-news\"},\"url\":\"https:\\\/\\\/super-news.info\\\/pt\\\/author\\\/pt\\\/\"}]}<\/script>\n<!-- \/ Yoast SEO plugin. -->","yoast_head_json":{"title":"entender o que nos divide no passado e no presente \u2013 O Jornal Econ\u00f3mico - Super News","robots":{"index":"index","follow":"follow","max-snippet":"max-snippet:-1","max-image-preview":"max-image-preview:large","max-video-preview":"max-video-preview:-1"},"canonical":"https:\/\/super-news.info\/pt\/entender-o-que-nos-divide-no-passado-e-no-presente-o-jornal-economico\/","og_locale":"pt_PT","og_type":"article","og_title":"entender o que nos divide no passado e no presente \u2013 O Jornal Econ\u00f3mico - Super News","og_description":"[ad_1] Os muros est\u00e3o a crescer. As pol\u00edticas nacionalistas est\u00e3o em ascens\u00e3o. Milhares de quil\u00f3metros de veda\u00e7\u00f5es foram erguidos nos \u00faltimos dez anos e est\u00e3o a redefinir a nossa paisagem pol\u00edtica. Existem muitas raz\u00f5es para se erguerem muros. Na Europa, as ruturas da \u00faltima d\u00e9cada amea\u00e7am n\u00e3o s\u00f3 a unidade europeia, mas tamb\u00e9m, em alguns [&hellip;]","og_url":"https:\/\/super-news.info\/pt\/entender-o-que-nos-divide-no-passado-e-no-presente-o-jornal-economico\/","og_site_name":"Super News","article_published_time":"2019-07-20T09:32:06+00:00","article_modified_time":"2019-07-20T09:32:07+00:00","og_image":[{"width":208,"height":300,"url":"https:\/\/super-news.info\/pt\/wp-content\/uploads\/sites\/2\/2019\/07\/entender-o-que-nos-divide-no-passado-e-no-presente.jpg","type":"image\/jpeg"}],"author":"super-news","twitter_card":"summary_large_image","twitter_misc":{"Escrito por":"super-news","Tempo estimado de leitura":"3 minutos"},"schema":{"@context":"https:\/\/schema.org","@graph":[{"@type":"Article","@id":"https:\/\/super-news.info\/pt\/entender-o-que-nos-divide-no-passado-e-no-presente-o-jornal-economico\/#article","isPartOf":{"@id":"https:\/\/super-news.info\/pt\/entender-o-que-nos-divide-no-passado-e-no-presente-o-jornal-economico\/"},"author":{"name":"super-news","@id":"https:\/\/super-news.info\/pt\/#\/schema\/person\/2d4068cb2f39cd10008c2fce578a7356"},"headline":"entender o que nos divide no passado e no presente \u2013 O Jornal Econ\u00f3mico","datePublished":"2019-07-20T09:32:06+00:00","dateModified":"2019-07-20T09:32:07+00:00","mainEntityOfPage":{"@id":"https:\/\/super-news.info\/pt\/entender-o-que-nos-divide-no-passado-e-no-presente-o-jornal-economico\/"},"wordCount":518,"commentCount":0,"image":{"@id":"https:\/\/super-news.info\/pt\/entender-o-que-nos-divide-no-passado-e-no-presente-o-jornal-economico\/#primaryimage"},"thumbnailUrl":"https:\/\/super-news.info\/pt\/wp-content\/uploads\/sites\/2\/2019\/07\/entender-o-que-nos-divide-no-passado-e-no-presente.jpg","articleSection":["NOT\u00cdCIAS FINANCEIRAS"],"inLanguage":"pt-PT","potentialAction":[{"@type":"CommentAction","name":"Comment","target":["https:\/\/super-news.info\/pt\/entender-o-que-nos-divide-no-passado-e-no-presente-o-jornal-economico\/#respond"]}]},{"@type":"WebPage","@id":"https:\/\/super-news.info\/pt\/entender-o-que-nos-divide-no-passado-e-no-presente-o-jornal-economico\/","url":"https:\/\/super-news.info\/pt\/entender-o-que-nos-divide-no-passado-e-no-presente-o-jornal-economico\/","name":"entender o que nos divide no passado e no presente \u2013 O Jornal Econ\u00f3mico - Super News","isPartOf":{"@id":"https:\/\/super-news.info\/pt\/#website"},"primaryImageOfPage":{"@id":"https:\/\/super-news.info\/pt\/entender-o-que-nos-divide-no-passado-e-no-presente-o-jornal-economico\/#primaryimage"},"image":{"@id":"https:\/\/super-news.info\/pt\/entender-o-que-nos-divide-no-passado-e-no-presente-o-jornal-economico\/#primaryimage"},"thumbnailUrl":"https:\/\/super-news.info\/pt\/wp-content\/uploads\/sites\/2\/2019\/07\/entender-o-que-nos-divide-no-passado-e-no-presente.jpg","datePublished":"2019-07-20T09:32:06+00:00","dateModified":"2019-07-20T09:32:07+00:00","author":{"@id":"https:\/\/super-news.info\/pt\/#\/schema\/person\/2d4068cb2f39cd10008c2fce578a7356"},"breadcrumb":{"@id":"https:\/\/super-news.info\/pt\/entender-o-que-nos-divide-no-passado-e-no-presente-o-jornal-economico\/#breadcrumb"},"inLanguage":"pt-PT","potentialAction":[{"@type":"ReadAction","target":["https:\/\/super-news.info\/pt\/entender-o-que-nos-divide-no-passado-e-no-presente-o-jornal-economico\/"]}]},{"@type":"ImageObject","inLanguage":"pt-PT","@id":"https:\/\/super-news.info\/pt\/entender-o-que-nos-divide-no-passado-e-no-presente-o-jornal-economico\/#primaryimage","url":"https:\/\/super-news.info\/pt\/wp-content\/uploads\/sites\/2\/2019\/07\/entender-o-que-nos-divide-no-passado-e-no-presente.jpg","contentUrl":"https:\/\/super-news.info\/pt\/wp-content\/uploads\/sites\/2\/2019\/07\/entender-o-que-nos-divide-no-passado-e-no-presente.jpg","width":208,"height":300,"caption":"entender o que nos divide no passado e no presente \u2013 O Jornal Econ\u00f3mico"},{"@type":"BreadcrumbList","@id":"https:\/\/super-news.info\/pt\/entender-o-que-nos-divide-no-passado-e-no-presente-o-jornal-economico\/#breadcrumb","itemListElement":[{"@type":"ListItem","position":1,"name":"\u0413\u043b\u0430\u0432\u043d\u0430\u044f \u0441\u0442\u0440\u0430\u043d\u0438\u0446\u0430","item":"https:\/\/super-news.info\/pt\/"},{"@type":"ListItem","position":2,"name":"entender o que nos divide no passado e no presente \u2013 O Jornal Econ\u00f3mico"}]},{"@type":"WebSite","@id":"https:\/\/super-news.info\/pt\/#website","url":"https:\/\/super-news.info\/pt\/","name":"Super News","description":"Super News Portugal","potentialAction":[{"@type":"SearchAction","target":{"@type":"EntryPoint","urlTemplate":"https:\/\/super-news.info\/pt\/?s={search_term_string}"},"query-input":{"@type":"PropertyValueSpecification","valueRequired":true,"valueName":"search_term_string"}}],"inLanguage":"pt-PT"},{"@type":"Person","@id":"https:\/\/super-news.info\/pt\/#\/schema\/person\/2d4068cb2f39cd10008c2fce578a7356","name":"super-news","image":{"@type":"ImageObject","inLanguage":"pt-PT","@id":"https:\/\/secure.gravatar.com\/avatar\/64ebac40b93f26a154f8a9b5b6fdccfc46f442b26b3dd6756dbff3bf9dc76fd7?s=96&d=mm&r=g","url":"https:\/\/secure.gravatar.com\/avatar\/64ebac40b93f26a154f8a9b5b6fdccfc46f442b26b3dd6756dbff3bf9dc76fd7?s=96&d=mm&r=g","contentUrl":"https:\/\/secure.gravatar.com\/avatar\/64ebac40b93f26a154f8a9b5b6fdccfc46f442b26b3dd6756dbff3bf9dc76fd7?s=96&d=mm&r=g","caption":"super-news"},"url":"https:\/\/super-news.info\/pt\/author\/pt\/"}]}},"_links":{"self":[{"href":"https:\/\/super-news.info\/pt\/wp-json\/wp\/v2\/posts\/3285","targetHints":{"allow":["GET"]}}],"collection":[{"href":"https:\/\/super-news.info\/pt\/wp-json\/wp\/v2\/posts"}],"about":[{"href":"https:\/\/super-news.info\/pt\/wp-json\/wp\/v2\/types\/post"}],"author":[{"embeddable":true,"href":"https:\/\/super-news.info\/pt\/wp-json\/wp\/v2\/users\/2"}],"replies":[{"embeddable":true,"href":"https:\/\/super-news.info\/pt\/wp-json\/wp\/v2\/comments?post=3285"}],"version-history":[{"count":1,"href":"https:\/\/super-news.info\/pt\/wp-json\/wp\/v2\/posts\/3285\/revisions"}],"predecessor-version":[{"id":3287,"href":"https:\/\/super-news.info\/pt\/wp-json\/wp\/v2\/posts\/3285\/revisions\/3287"}],"wp:featuredmedia":[{"embeddable":true,"href":"https:\/\/super-news.info\/pt\/wp-json\/wp\/v2\/media\/3286"}],"wp:attachment":[{"href":"https:\/\/super-news.info\/pt\/wp-json\/wp\/v2\/media?parent=3285"}],"wp:term":[{"taxonomy":"category","embeddable":true,"href":"https:\/\/super-news.info\/pt\/wp-json\/wp\/v2\/categories?post=3285"},{"taxonomy":"post_tag","embeddable":true,"href":"https:\/\/super-news.info\/pt\/wp-json\/wp\/v2\/tags?post=3285"}],"curies":[{"name":"wp","href":"https:\/\/api.w.org\/{rel}","templated":true}]}}