{"id":3280,"date":"2019-07-19T17:15:32","date_gmt":"2019-07-19T14:15:32","guid":{"rendered":"https:\/\/super-news.info\/pt\/aprovadas-alteracoes-ao-subsidio-de-mobilidade-da-madeira-o-jornal-economico\/"},"modified":"2019-07-19T17:15:33","modified_gmt":"2019-07-19T14:15:33","slug":"aprovadas-alteracoes-ao-subsidio-de-mobilidade-da-madeira-o-jornal-economico","status":"publish","type":"post","link":"https:\/\/super-news.info\/pt\/aprovadas-alteracoes-ao-subsidio-de-mobilidade-da-madeira-o-jornal-economico\/","title":{"rendered":"Aprovadas altera\u00e7\u00f5es ao subs\u00eddio de mobilidade da Madeira \u2013 O Jornal Econ\u00f3mico"},"content":{"rendered":"<p> [ad_1]<br \/>\n<\/p>\n<div>\n<p>A Assembleia da Rep\u00fablica aprovou, por maioria, com a \u00fanica absten\u00e7\u00e3o do deputado Paulo Trigo Pereira, as altera\u00e7\u00f5es ao subs\u00eddio de mobilidade da Madeira. A proposta fixa em 86 euros para residentes e em 65 euros para estudantes o valor a pagar pela liga\u00e7\u00e3o \u00e1rea entre a regi\u00e3o, o Continente e os A\u00e7ores, e o Estado assume o pagamento das indemniza\u00e7\u00f5es compensat\u00f3rias \u00e0s companhias \u00e1reas.<\/p>\n<p>O atual modelo determina que o passageiro pague o valor da passagem at\u00e9 a um tecto de 400 euros, e s\u00f3 depois de fazer a viagem, \u00e9 devolvida a diferen\u00e7a para o subs\u00eddio de mobilidade, que \u00e9 de 86 euros para residente e de 65 euros para estudantes.<\/p>\n<p>De referir que esta proposta, da Assembleia da Madeira, tinha sido aprovada por unanimidade na Assembleia Regional.<\/p>\n<\/p><\/div>\n<p><script>function facebookInit(){var js=document.createElement('script');js.src='https:\/\/connect.facebook.net\/pt_PT\/sdk.js#xfbml=1&version=v3.1&appId=1708066812789184&autoLogAppEvents=1';return document.body.appendChild(js);}\nwindow.onscroll=function(){var rect=document.getElementsByClassName('je-post-content')[0].getBoundingClientRect();if(rect.bottom<window.innerHeight){facebookInit();window.onscroll=null;}}<\/script><br \/>\n<br \/>[ad_2]<br \/>\n<br \/><a href=\"https:\/\/jornaleconomico.sapo.pt\/noticias\/aprovadas-alteracoes-ao-subsidio-de-mobilidade-da-madeira-469921\">Source link <\/a><\/p>\n","protected":false},"excerpt":{"rendered":"<p>[ad_1] A Assembleia da Rep\u00fablica aprovou, por maioria, com a \u00fanica absten\u00e7\u00e3o do deputado Paulo Trigo Pereira, as altera\u00e7\u00f5es ao subs\u00eddio de mobilidade da Madeira. A proposta fixa em 86 euros para residentes e em 65 euros para estudantes o valor a pagar pela liga\u00e7\u00e3o \u00e1rea entre a regi\u00e3o, o Continente e os A\u00e7ores, e [&hellip;]<\/p>\n","protected":false},"author":2,"featured_media":3281,"comment_status":"open","ping_status":"open","sticky":false,"template":"","format":"standard","meta":{"footnotes":""},"categories":[1],"tags":[],"class_list":["post-3280","post","type-post","status-publish","format-standard","has-post-thumbnail","hentry","category-noticias-financeiras"],"yoast_head":"<!-- This site is optimized with the Yoast SEO plugin v27.4 - https:\/\/yoast.com\/product\/yoast-seo-wordpress\/ -->\n<title>Aprovadas altera\u00e7\u00f5es ao subs\u00eddio de mobilidade da Madeira \u2013 O Jornal Econ\u00f3mico - Super News<\/title>\n<meta name=\"robots\" content=\"index, follow, max-snippet:-1, max-image-preview:large, max-video-preview:-1\" \/>\n<link rel=\"canonical\" href=\"https:\/\/super-news.info\/pt\/aprovadas-alteracoes-ao-subsidio-de-mobilidade-da-madeira-o-jornal-economico\/\" \/>\n<meta property=\"og:locale\" content=\"pt_PT\" \/>\n<meta property=\"og:type\" content=\"article\" \/>\n<meta property=\"og:title\" content=\"Aprovadas altera\u00e7\u00f5es ao subs\u00eddio de mobilidade da Madeira \u2013 O Jornal Econ\u00f3mico - Super News\" \/>\n<meta property=\"og:description\" content=\"[ad_1] A Assembleia da Rep\u00fablica aprovou, por maioria, com a \u00fanica absten\u00e7\u00e3o do deputado Paulo Trigo Pereira, as altera\u00e7\u00f5es ao subs\u00eddio de mobilidade da Madeira. A proposta fixa em 86 euros para residentes e em 65 euros para estudantes o valor a pagar pela liga\u00e7\u00e3o \u00e1rea entre a regi\u00e3o, o Continente e os A\u00e7ores, e [&hellip;]\" \/>\n<meta property=\"og:url\" content=\"https:\/\/super-news.info\/pt\/aprovadas-alteracoes-ao-subsidio-de-mobilidade-da-madeira-o-jornal-economico\/\" \/>\n<meta property=\"og:site_name\" content=\"Super News\" \/>\n<meta property=\"article:published_time\" content=\"2019-07-19T14:15:32+00:00\" \/>\n<meta property=\"article:modified_time\" content=\"2019-07-19T14:15:33+00:00\" \/>\n<meta property=\"og:image\" content=\"https:\/\/super-news.info\/pt\/wp-content\/uploads\/sites\/2\/2019\/07\/Aprovadas-altera\u00e7\u00f5es-ao-subs\u00eddio-de-mobilidade-da-Madeira-\u2013-O.png\" \/>\n\t<meta property=\"og:image:width\" content=\"600\" \/>\n\t<meta property=\"og:image:height\" content=\"698\" \/>\n\t<meta property=\"og:image:type\" content=\"image\/png\" \/>\n<meta name=\"author\" content=\"super-news\" \/>\n<meta name=\"twitter:card\" content=\"summary_large_image\" \/>\n<meta name=\"twitter:label1\" content=\"Escrito por\" \/>\n\t<meta name=\"twitter:data1\" content=\"super-news\" \/>\n\t<meta name=\"twitter:label2\" content=\"Tempo estimado de leitura\" \/>\n\t<meta name=\"twitter:data2\" content=\"1 minuto\" \/>\n<script type=\"application\/ld+json\" class=\"yoast-schema-graph\">{\"@context\":\"https:\\\/\\\/schema.org\",\"@graph\":[{\"@type\":\"Article\",\"@id\":\"https:\\\/\\\/super-news.info\\\/pt\\\/aprovadas-alteracoes-ao-subsidio-de-mobilidade-da-madeira-o-jornal-economico\\\/#article\",\"isPartOf\":{\"@id\":\"https:\\\/\\\/super-news.info\\\/pt\\\/aprovadas-alteracoes-ao-subsidio-de-mobilidade-da-madeira-o-jornal-economico\\\/\"},\"author\":{\"name\":\"super-news\",\"@id\":\"https:\\\/\\\/super-news.info\\\/pt\\\/#\\\/schema\\\/person\\\/2d4068cb2f39cd10008c2fce578a7356\"},\"headline\":\"Aprovadas altera\u00e7\u00f5es ao subs\u00eddio de mobilidade da Madeira \u2013 O Jornal Econ\u00f3mico\",\"datePublished\":\"2019-07-19T14:15:32+00:00\",\"dateModified\":\"2019-07-19T14:15:33+00:00\",\"mainEntityOfPage\":{\"@id\":\"https:\\\/\\\/super-news.info\\\/pt\\\/aprovadas-alteracoes-ao-subsidio-de-mobilidade-da-madeira-o-jornal-economico\\\/\"},\"wordCount\":152,\"commentCount\":0,\"image\":{\"@id\":\"https:\\\/\\\/super-news.info\\\/pt\\\/aprovadas-alteracoes-ao-subsidio-de-mobilidade-da-madeira-o-jornal-economico\\\/#primaryimage\"},\"thumbnailUrl\":\"https:\\\/\\\/super-news.info\\\/pt\\\/wp-content\\\/uploads\\\/sites\\\/2\\\/2019\\\/07\\\/Aprovadas-altera\u00e7\u00f5es-ao-subs\u00eddio-de-mobilidade-da-Madeira-\u2013-O.png\",\"articleSection\":[\"NOT\u00cdCIAS FINANCEIRAS\"],\"inLanguage\":\"pt-PT\",\"potentialAction\":[{\"@type\":\"CommentAction\",\"name\":\"Comment\",\"target\":[\"https:\\\/\\\/super-news.info\\\/pt\\\/aprovadas-alteracoes-ao-subsidio-de-mobilidade-da-madeira-o-jornal-economico\\\/#respond\"]}]},{\"@type\":\"WebPage\",\"@id\":\"https:\\\/\\\/super-news.info\\\/pt\\\/aprovadas-alteracoes-ao-subsidio-de-mobilidade-da-madeira-o-jornal-economico\\\/\",\"url\":\"https:\\\/\\\/super-news.info\\\/pt\\\/aprovadas-alteracoes-ao-subsidio-de-mobilidade-da-madeira-o-jornal-economico\\\/\",\"name\":\"Aprovadas altera\u00e7\u00f5es ao subs\u00eddio de mobilidade da Madeira \u2013 O Jornal Econ\u00f3mico - Super News\",\"isPartOf\":{\"@id\":\"https:\\\/\\\/super-news.info\\\/pt\\\/#website\"},\"primaryImageOfPage\":{\"@id\":\"https:\\\/\\\/super-news.info\\\/pt\\\/aprovadas-alteracoes-ao-subsidio-de-mobilidade-da-madeira-o-jornal-economico\\\/#primaryimage\"},\"image\":{\"@id\":\"https:\\\/\\\/super-news.info\\\/pt\\\/aprovadas-alteracoes-ao-subsidio-de-mobilidade-da-madeira-o-jornal-economico\\\/#primaryimage\"},\"thumbnailUrl\":\"https:\\\/\\\/super-news.info\\\/pt\\\/wp-content\\\/uploads\\\/sites\\\/2\\\/2019\\\/07\\\/Aprovadas-altera\u00e7\u00f5es-ao-subs\u00eddio-de-mobilidade-da-Madeira-\u2013-O.png\",\"datePublished\":\"2019-07-19T14:15:32+00:00\",\"dateModified\":\"2019-07-19T14:15:33+00:00\",\"author\":{\"@id\":\"https:\\\/\\\/super-news.info\\\/pt\\\/#\\\/schema\\\/person\\\/2d4068cb2f39cd10008c2fce578a7356\"},\"breadcrumb\":{\"@id\":\"https:\\\/\\\/super-news.info\\\/pt\\\/aprovadas-alteracoes-ao-subsidio-de-mobilidade-da-madeira-o-jornal-economico\\\/#breadcrumb\"},\"inLanguage\":\"pt-PT\",\"potentialAction\":[{\"@type\":\"ReadAction\",\"target\":[\"https:\\\/\\\/super-news.info\\\/pt\\\/aprovadas-alteracoes-ao-subsidio-de-mobilidade-da-madeira-o-jornal-economico\\\/\"]}]},{\"@type\":\"ImageObject\",\"inLanguage\":\"pt-PT\",\"@id\":\"https:\\\/\\\/super-news.info\\\/pt\\\/aprovadas-alteracoes-ao-subsidio-de-mobilidade-da-madeira-o-jornal-economico\\\/#primaryimage\",\"url\":\"https:\\\/\\\/super-news.info\\\/pt\\\/wp-content\\\/uploads\\\/sites\\\/2\\\/2019\\\/07\\\/Aprovadas-altera\u00e7\u00f5es-ao-subs\u00eddio-de-mobilidade-da-Madeira-\u2013-O.png\",\"contentUrl\":\"https:\\\/\\\/super-news.info\\\/pt\\\/wp-content\\\/uploads\\\/sites\\\/2\\\/2019\\\/07\\\/Aprovadas-altera\u00e7\u00f5es-ao-subs\u00eddio-de-mobilidade-da-Madeira-\u2013-O.png\",\"width\":600,\"height\":698,\"caption\":\"Aprovadas altera\u00e7\u00f5es ao subs\u00eddio de mobilidade da Madeira \u2013 O Jornal Econ\u00f3mico\"},{\"@type\":\"BreadcrumbList\",\"@id\":\"https:\\\/\\\/super-news.info\\\/pt\\\/aprovadas-alteracoes-ao-subsidio-de-mobilidade-da-madeira-o-jornal-economico\\\/#breadcrumb\",\"itemListElement\":[{\"@type\":\"ListItem\",\"position\":1,\"name\":\"\u0413\u043b\u0430\u0432\u043d\u0430\u044f \u0441\u0442\u0440\u0430\u043d\u0438\u0446\u0430\",\"item\":\"https:\\\/\\\/super-news.info\\\/pt\\\/\"},{\"@type\":\"ListItem\",\"position\":2,\"name\":\"Aprovadas altera\u00e7\u00f5es ao subs\u00eddio de mobilidade da Madeira \u2013 O Jornal Econ\u00f3mico\"}]},{\"@type\":\"WebSite\",\"@id\":\"https:\\\/\\\/super-news.info\\\/pt\\\/#website\",\"url\":\"https:\\\/\\\/super-news.info\\\/pt\\\/\",\"name\":\"Super News\",\"description\":\"Super News Portugal\",\"potentialAction\":[{\"@type\":\"SearchAction\",\"target\":{\"@type\":\"EntryPoint\",\"urlTemplate\":\"https:\\\/\\\/super-news.info\\\/pt\\\/?s={search_term_string}\"},\"query-input\":{\"@type\":\"PropertyValueSpecification\",\"valueRequired\":true,\"valueName\":\"search_term_string\"}}],\"inLanguage\":\"pt-PT\"},{\"@type\":\"Person\",\"@id\":\"https:\\\/\\\/super-news.info\\\/pt\\\/#\\\/schema\\\/person\\\/2d4068cb2f39cd10008c2fce578a7356\",\"name\":\"super-news\",\"image\":{\"@type\":\"ImageObject\",\"inLanguage\":\"pt-PT\",\"@id\":\"https:\\\/\\\/secure.gravatar.com\\\/avatar\\\/64ebac40b93f26a154f8a9b5b6fdccfc46f442b26b3dd6756dbff3bf9dc76fd7?s=96&d=mm&r=g\",\"url\":\"https:\\\/\\\/secure.gravatar.com\\\/avatar\\\/64ebac40b93f26a154f8a9b5b6fdccfc46f442b26b3dd6756dbff3bf9dc76fd7?s=96&d=mm&r=g\",\"contentUrl\":\"https:\\\/\\\/secure.gravatar.com\\\/avatar\\\/64ebac40b93f26a154f8a9b5b6fdccfc46f442b26b3dd6756dbff3bf9dc76fd7?s=96&d=mm&r=g\",\"caption\":\"super-news\"},\"url\":\"https:\\\/\\\/super-news.info\\\/pt\\\/author\\\/pt\\\/\"}]}<\/script>\n<!-- \/ Yoast SEO plugin. -->","yoast_head_json":{"title":"Aprovadas altera\u00e7\u00f5es ao subs\u00eddio de mobilidade da Madeira \u2013 O Jornal Econ\u00f3mico - Super News","robots":{"index":"index","follow":"follow","max-snippet":"max-snippet:-1","max-image-preview":"max-image-preview:large","max-video-preview":"max-video-preview:-1"},"canonical":"https:\/\/super-news.info\/pt\/aprovadas-alteracoes-ao-subsidio-de-mobilidade-da-madeira-o-jornal-economico\/","og_locale":"pt_PT","og_type":"article","og_title":"Aprovadas altera\u00e7\u00f5es ao subs\u00eddio de mobilidade da Madeira \u2013 O Jornal Econ\u00f3mico - Super News","og_description":"[ad_1] A Assembleia da Rep\u00fablica aprovou, por maioria, com a \u00fanica absten\u00e7\u00e3o do deputado Paulo Trigo Pereira, as altera\u00e7\u00f5es ao subs\u00eddio de mobilidade da Madeira. A proposta fixa em 86 euros para residentes e em 65 euros para estudantes o valor a pagar pela liga\u00e7\u00e3o \u00e1rea entre a regi\u00e3o, o Continente e os A\u00e7ores, e [&hellip;]","og_url":"https:\/\/super-news.info\/pt\/aprovadas-alteracoes-ao-subsidio-de-mobilidade-da-madeira-o-jornal-economico\/","og_site_name":"Super News","article_published_time":"2019-07-19T14:15:32+00:00","article_modified_time":"2019-07-19T14:15:33+00:00","og_image":[{"width":600,"height":698,"url":"https:\/\/super-news.info\/pt\/wp-content\/uploads\/sites\/2\/2019\/07\/Aprovadas-altera\u00e7\u00f5es-ao-subs\u00eddio-de-mobilidade-da-Madeira-\u2013-O.png","type":"image\/png"}],"author":"super-news","twitter_card":"summary_large_image","twitter_misc":{"Escrito por":"super-news","Tempo estimado de leitura":"1 minuto"},"schema":{"@context":"https:\/\/schema.org","@graph":[{"@type":"Article","@id":"https:\/\/super-news.info\/pt\/aprovadas-alteracoes-ao-subsidio-de-mobilidade-da-madeira-o-jornal-economico\/#article","isPartOf":{"@id":"https:\/\/super-news.info\/pt\/aprovadas-alteracoes-ao-subsidio-de-mobilidade-da-madeira-o-jornal-economico\/"},"author":{"name":"super-news","@id":"https:\/\/super-news.info\/pt\/#\/schema\/person\/2d4068cb2f39cd10008c2fce578a7356"},"headline":"Aprovadas altera\u00e7\u00f5es ao subs\u00eddio de mobilidade da Madeira \u2013 O Jornal Econ\u00f3mico","datePublished":"2019-07-19T14:15:32+00:00","dateModified":"2019-07-19T14:15:33+00:00","mainEntityOfPage":{"@id":"https:\/\/super-news.info\/pt\/aprovadas-alteracoes-ao-subsidio-de-mobilidade-da-madeira-o-jornal-economico\/"},"wordCount":152,"commentCount":0,"image":{"@id":"https:\/\/super-news.info\/pt\/aprovadas-alteracoes-ao-subsidio-de-mobilidade-da-madeira-o-jornal-economico\/#primaryimage"},"thumbnailUrl":"https:\/\/super-news.info\/pt\/wp-content\/uploads\/sites\/2\/2019\/07\/Aprovadas-altera\u00e7\u00f5es-ao-subs\u00eddio-de-mobilidade-da-Madeira-\u2013-O.png","articleSection":["NOT\u00cdCIAS FINANCEIRAS"],"inLanguage":"pt-PT","potentialAction":[{"@type":"CommentAction","name":"Comment","target":["https:\/\/super-news.info\/pt\/aprovadas-alteracoes-ao-subsidio-de-mobilidade-da-madeira-o-jornal-economico\/#respond"]}]},{"@type":"WebPage","@id":"https:\/\/super-news.info\/pt\/aprovadas-alteracoes-ao-subsidio-de-mobilidade-da-madeira-o-jornal-economico\/","url":"https:\/\/super-news.info\/pt\/aprovadas-alteracoes-ao-subsidio-de-mobilidade-da-madeira-o-jornal-economico\/","name":"Aprovadas altera\u00e7\u00f5es ao subs\u00eddio de mobilidade da Madeira \u2013 O Jornal Econ\u00f3mico - Super News","isPartOf":{"@id":"https:\/\/super-news.info\/pt\/#website"},"primaryImageOfPage":{"@id":"https:\/\/super-news.info\/pt\/aprovadas-alteracoes-ao-subsidio-de-mobilidade-da-madeira-o-jornal-economico\/#primaryimage"},"image":{"@id":"https:\/\/super-news.info\/pt\/aprovadas-alteracoes-ao-subsidio-de-mobilidade-da-madeira-o-jornal-economico\/#primaryimage"},"thumbnailUrl":"https:\/\/super-news.info\/pt\/wp-content\/uploads\/sites\/2\/2019\/07\/Aprovadas-altera\u00e7\u00f5es-ao-subs\u00eddio-de-mobilidade-da-Madeira-\u2013-O.png","datePublished":"2019-07-19T14:15:32+00:00","dateModified":"2019-07-19T14:15:33+00:00","author":{"@id":"https:\/\/super-news.info\/pt\/#\/schema\/person\/2d4068cb2f39cd10008c2fce578a7356"},"breadcrumb":{"@id":"https:\/\/super-news.info\/pt\/aprovadas-alteracoes-ao-subsidio-de-mobilidade-da-madeira-o-jornal-economico\/#breadcrumb"},"inLanguage":"pt-PT","potentialAction":[{"@type":"ReadAction","target":["https:\/\/super-news.info\/pt\/aprovadas-alteracoes-ao-subsidio-de-mobilidade-da-madeira-o-jornal-economico\/"]}]},{"@type":"ImageObject","inLanguage":"pt-PT","@id":"https:\/\/super-news.info\/pt\/aprovadas-alteracoes-ao-subsidio-de-mobilidade-da-madeira-o-jornal-economico\/#primaryimage","url":"https:\/\/super-news.info\/pt\/wp-content\/uploads\/sites\/2\/2019\/07\/Aprovadas-altera\u00e7\u00f5es-ao-subs\u00eddio-de-mobilidade-da-Madeira-\u2013-O.png","contentUrl":"https:\/\/super-news.info\/pt\/wp-content\/uploads\/sites\/2\/2019\/07\/Aprovadas-altera\u00e7\u00f5es-ao-subs\u00eddio-de-mobilidade-da-Madeira-\u2013-O.png","width":600,"height":698,"caption":"Aprovadas altera\u00e7\u00f5es ao subs\u00eddio de mobilidade da Madeira \u2013 O Jornal Econ\u00f3mico"},{"@type":"BreadcrumbList","@id":"https:\/\/super-news.info\/pt\/aprovadas-alteracoes-ao-subsidio-de-mobilidade-da-madeira-o-jornal-economico\/#breadcrumb","itemListElement":[{"@type":"ListItem","position":1,"name":"\u0413\u043b\u0430\u0432\u043d\u0430\u044f \u0441\u0442\u0440\u0430\u043d\u0438\u0446\u0430","item":"https:\/\/super-news.info\/pt\/"},{"@type":"ListItem","position":2,"name":"Aprovadas altera\u00e7\u00f5es ao subs\u00eddio de mobilidade da Madeira \u2013 O Jornal Econ\u00f3mico"}]},{"@type":"WebSite","@id":"https:\/\/super-news.info\/pt\/#website","url":"https:\/\/super-news.info\/pt\/","name":"Super News","description":"Super News Portugal","potentialAction":[{"@type":"SearchAction","target":{"@type":"EntryPoint","urlTemplate":"https:\/\/super-news.info\/pt\/?s={search_term_string}"},"query-input":{"@type":"PropertyValueSpecification","valueRequired":true,"valueName":"search_term_string"}}],"inLanguage":"pt-PT"},{"@type":"Person","@id":"https:\/\/super-news.info\/pt\/#\/schema\/person\/2d4068cb2f39cd10008c2fce578a7356","name":"super-news","image":{"@type":"ImageObject","inLanguage":"pt-PT","@id":"https:\/\/secure.gravatar.com\/avatar\/64ebac40b93f26a154f8a9b5b6fdccfc46f442b26b3dd6756dbff3bf9dc76fd7?s=96&d=mm&r=g","url":"https:\/\/secure.gravatar.com\/avatar\/64ebac40b93f26a154f8a9b5b6fdccfc46f442b26b3dd6756dbff3bf9dc76fd7?s=96&d=mm&r=g","contentUrl":"https:\/\/secure.gravatar.com\/avatar\/64ebac40b93f26a154f8a9b5b6fdccfc46f442b26b3dd6756dbff3bf9dc76fd7?s=96&d=mm&r=g","caption":"super-news"},"url":"https:\/\/super-news.info\/pt\/author\/pt\/"}]}},"_links":{"self":[{"href":"https:\/\/super-news.info\/pt\/wp-json\/wp\/v2\/posts\/3280","targetHints":{"allow":["GET"]}}],"collection":[{"href":"https:\/\/super-news.info\/pt\/wp-json\/wp\/v2\/posts"}],"about":[{"href":"https:\/\/super-news.info\/pt\/wp-json\/wp\/v2\/types\/post"}],"author":[{"embeddable":true,"href":"https:\/\/super-news.info\/pt\/wp-json\/wp\/v2\/users\/2"}],"replies":[{"embeddable":true,"href":"https:\/\/super-news.info\/pt\/wp-json\/wp\/v2\/comments?post=3280"}],"version-history":[{"count":1,"href":"https:\/\/super-news.info\/pt\/wp-json\/wp\/v2\/posts\/3280\/revisions"}],"predecessor-version":[{"id":3282,"href":"https:\/\/super-news.info\/pt\/wp-json\/wp\/v2\/posts\/3280\/revisions\/3282"}],"wp:featuredmedia":[{"embeddable":true,"href":"https:\/\/super-news.info\/pt\/wp-json\/wp\/v2\/media\/3281"}],"wp:attachment":[{"href":"https:\/\/super-news.info\/pt\/wp-json\/wp\/v2\/media?parent=3280"}],"wp:term":[{"taxonomy":"category","embeddable":true,"href":"https:\/\/super-news.info\/pt\/wp-json\/wp\/v2\/categories?post=3280"},{"taxonomy":"post_tag","embeddable":true,"href":"https:\/\/super-news.info\/pt\/wp-json\/wp\/v2\/tags?post=3280"}],"curies":[{"name":"wp","href":"https:\/\/api.w.org\/{rel}","templated":true}]}}