{"id":3265,"date":"2019-07-19T02:14:03","date_gmt":"2019-07-18T23:14:03","guid":{"rendered":"https:\/\/super-news.info\/pt\/offshores-e-a-abusiva-carga-fiscal-o-jornal-economico\/"},"modified":"2019-07-19T02:14:04","modified_gmt":"2019-07-18T23:14:04","slug":"offshores-e-a-abusiva-carga-fiscal-o-jornal-economico","status":"publish","type":"post","link":"https:\/\/super-news.info\/pt\/offshores-e-a-abusiva-carga-fiscal-o-jornal-economico\/","title":{"rendered":"Offshores e a abusiva carga fiscal \u2013 O Jornal Econ\u00f3mico"},"content":{"rendered":"<p> [ad_1]<br \/>\n<\/p>\n<div>\n<p>Bem sabemos como o ritmo desenfreado das sucessivas not\u00edcias \u2013 umas mais not\u00edcias do que outras, mas sobre isso falarei num outro dia \u2013 provoca o sucessivo apagamento de parcelas da mem\u00f3ria, tornando-a cada vez mais reposit\u00f3rio de informa\u00e7\u00f5es com curto prazo de validade.<\/p>\n<p>Vem esta reflex\u00e3o a prop\u00f3sito do sempre pol\u00e9mico tema das offshores, demonizadas e metidas todas \u2018no mesmo saco\u2019 e que suscitam duas quest\u00f5es diferentes, embora complementares. A primeira, de ordem pol\u00edtica, foi a que levou o CDS muito recentemente a exigir explica\u00e7\u00f5es ao Governo sobre a forma como justifica o valor depositado pelos portugueses em contas offshore ter triplicado nesta legislatura para 30 mil milh\u00f5es de euros, o equivalente a 15% do nosso PIB nacional. Este questionamento pelo CDS, regressando ao tema da mem\u00f3ria curta, tem toda a raz\u00e3o de ser se atendermos a que, por um valor substancialmente inferior, os socialistas criaram no in\u00edcio de 2017 uma pol\u00e9mica esp\u00faria insinuando m\u00e1s pr\u00e1ticas por parte da administra\u00e7\u00e3o fiscal aquando do governo liderado por Passos Coelho e Paulo Portas.<\/p>\n<p>Essa pol\u00e9mica e essas insinua\u00e7\u00f5es levariam mesmo, numa atitude de grande dignidade pessoal, \u00e0 demiss\u00e3o do ex-secret\u00e1rio de Estado dos Assuntos Fiscais, Paulo N\u00fancio, do cargo que desempenhava como dirigente do CDS. Na altura, Assun\u00e7\u00e3o Cristas, como \u00e9 seu h\u00e1bito, n\u00e3o hesitou e afirmou que \u201cPaulo N\u00fancio mostrou uma grande eleva\u00e7\u00e3o de car\u00e1ter e o pa\u00eds deve muito ao doutor Paulo N\u00fancio pelo trabalho de combate \u00e0 fraude e \u00e0 evas\u00e3o fiscal.\u201d Agora, e porque n\u00e3o devem existir dois pesos e duas medidas, uma na oposi\u00e7\u00e3o e outra no governo, cabe ao PS responder e justificar as raz\u00f5es para uma t\u00e3o elevada sa\u00edda de capitais do pa\u00eds.<\/p>\n<p>A outra quest\u00e3o \u00e9 a de que as m\u00e1s pr\u00e1ticas que efetivamente existem, aliadas \u00e0 mediatiza\u00e7\u00e3o das controv\u00e9rsias em torno das mesmas, n\u00e3o devem escamotear um facto: o combate \u00e0 evas\u00e3o fiscal deve ser uma prioridade de qualquer governo, mas infelizmente n\u00e3o foi esse o entendimento dos socialistas nestes \u00faltimos quatro anos.<\/p>\n<p>A evas\u00e3o fiscal \u00e9 um aut\u00eantico roubo \u00e0 sociedade. E n\u00e3o s\u00f3 \u00e9 necessariamente menos receita do Estado, assim como obriga a um esfor\u00e7o adicional dos contribuintes cumpridores que t\u00eam que suportar o que outros optam por n\u00e3o pagar. Se todos pagarem impostos, tamb\u00e9m todos pagaremos menos impostos.<\/p>\n<p>A mais alta carga fiscal de sempre do Governo PS\/BE\/PCP estimula a fuga fiscal e asfixia as fam\u00edlias e empresas cumpridoras. \u00c9 um abuso!<\/p>\n<p>Obviamente que os respons\u00e1veis das empresas e elas mesmas dever\u00e3o ter, sempre, uma permanente aten\u00e7\u00e3o \u00e0s boas pr\u00e1ticas, \u00e0 transpar\u00eancia e \u00e0 estrita legalidade. Mas, se assim o fizerem, n\u00e3o ser\u00e3o, em muitos casos, as offshores que devemos culpar e sim a elevada carga fiscal, bem como as sucessivas altera\u00e7\u00f5es legislativas a que assistimos permanentemente em diferentes setores de atividade.<\/p>\n<p>\u00a0<\/p>\n<p><span style=\"font-size: 10pt;\">Conquist\u00e1mos o 16\u00ba t\u00edtulo como campe\u00f5es nacionais de h\u00f3quei em patins. Algo que n\u00e3o sucedia h\u00e1 16 anos. Uma coincid\u00eancia num\u00e9rica. Mas a vit\u00f3ria da nossa sele\u00e7\u00e3o, essa, n\u00e3o foi obra do acaso e sim do esfor\u00e7o, dedica\u00e7\u00e3o e entrega dos jogadores, treinadores e t\u00e9cnicos. Para todos eles os meus agradecimentos e parab\u00e9ns pelos momentos de jogo(s) intensamente vividos.<\/span><\/p>\n<\/div>\n<p><script>function facebookInit(){var js=document.createElement('script');js.src='https:\/\/connect.facebook.net\/pt_PT\/sdk.js#xfbml=1&version=v3.1&appId=1708066812789184&autoLogAppEvents=1';return document.body.appendChild(js);}\nwindow.onscroll=function(){var rect=document.getElementsByClassName('je-post-content')[0].getBoundingClientRect();if(rect.bottom<window.innerHeight){facebookInit();window.onscroll=null;}}<\/script><br \/>\n<br \/>[ad_2]<br \/>\n<br \/><a href=\"https:\/\/jornaleconomico.sapo.pt\/noticias\/offshores-e-a-abusiva-carga-fiscal-469163\">Source link <\/a><\/p>\n","protected":false},"excerpt":{"rendered":"<p>[ad_1] Bem sabemos como o ritmo desenfreado das sucessivas not\u00edcias \u2013 umas mais not\u00edcias do que outras, mas sobre isso falarei num outro dia \u2013 provoca o sucessivo apagamento de parcelas da mem\u00f3ria, tornando-a cada vez mais reposit\u00f3rio de informa\u00e7\u00f5es com curto prazo de validade. Vem esta reflex\u00e3o a prop\u00f3sito do sempre pol\u00e9mico tema das [&hellip;]<\/p>\n","protected":false},"author":2,"featured_media":3266,"comment_status":"open","ping_status":"open","sticky":false,"template":"","format":"standard","meta":{"footnotes":""},"categories":[1],"tags":[],"class_list":["post-3265","post","type-post","status-publish","format-standard","has-post-thumbnail","hentry","category-noticias-financeiras"],"yoast_head":"<!-- This site is optimized with the Yoast SEO plugin v27.4 - https:\/\/yoast.com\/product\/yoast-seo-wordpress\/ -->\n<title>Offshores e a abusiva carga fiscal \u2013 O Jornal Econ\u00f3mico - Super News<\/title>\n<meta name=\"robots\" content=\"index, follow, max-snippet:-1, max-image-preview:large, max-video-preview:-1\" \/>\n<link rel=\"canonical\" href=\"https:\/\/super-news.info\/pt\/offshores-e-a-abusiva-carga-fiscal-o-jornal-economico\/\" \/>\n<meta property=\"og:locale\" content=\"pt_PT\" \/>\n<meta property=\"og:type\" content=\"article\" \/>\n<meta property=\"og:title\" content=\"Offshores e a abusiva carga fiscal \u2013 O Jornal Econ\u00f3mico - Super News\" \/>\n<meta property=\"og:description\" content=\"[ad_1] Bem sabemos como o ritmo desenfreado das sucessivas not\u00edcias \u2013 umas mais not\u00edcias do que outras, mas sobre isso falarei num outro dia \u2013 provoca o sucessivo apagamento de parcelas da mem\u00f3ria, tornando-a cada vez mais reposit\u00f3rio de informa\u00e7\u00f5es com curto prazo de validade. Vem esta reflex\u00e3o a prop\u00f3sito do sempre pol\u00e9mico tema das [&hellip;]\" \/>\n<meta property=\"og:url\" content=\"https:\/\/super-news.info\/pt\/offshores-e-a-abusiva-carga-fiscal-o-jornal-economico\/\" \/>\n<meta property=\"og:site_name\" content=\"Super News\" \/>\n<meta property=\"article:published_time\" content=\"2019-07-18T23:14:03+00:00\" \/>\n<meta property=\"article:modified_time\" content=\"2019-07-18T23:14:04+00:00\" \/>\n<meta property=\"og:image\" content=\"https:\/\/super-news.info\/pt\/wp-content\/uploads\/sites\/2\/2019\/07\/Offshores-e-a-abusiva-carga-fiscal-\u2013-O-Jornal-Econ\u00f3mico.jpg\" \/>\n\t<meta property=\"og:image:width\" content=\"300\" \/>\n\t<meta property=\"og:image:height\" content=\"188\" \/>\n\t<meta property=\"og:image:type\" content=\"image\/jpeg\" \/>\n<meta name=\"author\" content=\"super-news\" \/>\n<meta name=\"twitter:card\" content=\"summary_large_image\" \/>\n<meta name=\"twitter:label1\" content=\"Escrito por\" \/>\n\t<meta name=\"twitter:data1\" content=\"super-news\" \/>\n\t<meta name=\"twitter:label2\" content=\"Tempo estimado de leitura\" \/>\n\t<meta name=\"twitter:data2\" content=\"3 minutos\" \/>\n<script type=\"application\/ld+json\" class=\"yoast-schema-graph\">{\"@context\":\"https:\\\/\\\/schema.org\",\"@graph\":[{\"@type\":\"Article\",\"@id\":\"https:\\\/\\\/super-news.info\\\/pt\\\/offshores-e-a-abusiva-carga-fiscal-o-jornal-economico\\\/#article\",\"isPartOf\":{\"@id\":\"https:\\\/\\\/super-news.info\\\/pt\\\/offshores-e-a-abusiva-carga-fiscal-o-jornal-economico\\\/\"},\"author\":{\"name\":\"super-news\",\"@id\":\"https:\\\/\\\/super-news.info\\\/pt\\\/#\\\/schema\\\/person\\\/2d4068cb2f39cd10008c2fce578a7356\"},\"headline\":\"Offshores e a abusiva carga fiscal \u2013 O Jornal Econ\u00f3mico\",\"datePublished\":\"2019-07-18T23:14:03+00:00\",\"dateModified\":\"2019-07-18T23:14:04+00:00\",\"mainEntityOfPage\":{\"@id\":\"https:\\\/\\\/super-news.info\\\/pt\\\/offshores-e-a-abusiva-carga-fiscal-o-jornal-economico\\\/\"},\"wordCount\":597,\"commentCount\":0,\"image\":{\"@id\":\"https:\\\/\\\/super-news.info\\\/pt\\\/offshores-e-a-abusiva-carga-fiscal-o-jornal-economico\\\/#primaryimage\"},\"thumbnailUrl\":\"https:\\\/\\\/super-news.info\\\/pt\\\/wp-content\\\/uploads\\\/sites\\\/2\\\/2019\\\/07\\\/Offshores-e-a-abusiva-carga-fiscal-\u2013-O-Jornal-Econ\u00f3mico.jpg\",\"articleSection\":[\"NOT\u00cdCIAS FINANCEIRAS\"],\"inLanguage\":\"pt-PT\",\"potentialAction\":[{\"@type\":\"CommentAction\",\"name\":\"Comment\",\"target\":[\"https:\\\/\\\/super-news.info\\\/pt\\\/offshores-e-a-abusiva-carga-fiscal-o-jornal-economico\\\/#respond\"]}]},{\"@type\":\"WebPage\",\"@id\":\"https:\\\/\\\/super-news.info\\\/pt\\\/offshores-e-a-abusiva-carga-fiscal-o-jornal-economico\\\/\",\"url\":\"https:\\\/\\\/super-news.info\\\/pt\\\/offshores-e-a-abusiva-carga-fiscal-o-jornal-economico\\\/\",\"name\":\"Offshores e a abusiva carga fiscal \u2013 O Jornal Econ\u00f3mico - Super News\",\"isPartOf\":{\"@id\":\"https:\\\/\\\/super-news.info\\\/pt\\\/#website\"},\"primaryImageOfPage\":{\"@id\":\"https:\\\/\\\/super-news.info\\\/pt\\\/offshores-e-a-abusiva-carga-fiscal-o-jornal-economico\\\/#primaryimage\"},\"image\":{\"@id\":\"https:\\\/\\\/super-news.info\\\/pt\\\/offshores-e-a-abusiva-carga-fiscal-o-jornal-economico\\\/#primaryimage\"},\"thumbnailUrl\":\"https:\\\/\\\/super-news.info\\\/pt\\\/wp-content\\\/uploads\\\/sites\\\/2\\\/2019\\\/07\\\/Offshores-e-a-abusiva-carga-fiscal-\u2013-O-Jornal-Econ\u00f3mico.jpg\",\"datePublished\":\"2019-07-18T23:14:03+00:00\",\"dateModified\":\"2019-07-18T23:14:04+00:00\",\"author\":{\"@id\":\"https:\\\/\\\/super-news.info\\\/pt\\\/#\\\/schema\\\/person\\\/2d4068cb2f39cd10008c2fce578a7356\"},\"breadcrumb\":{\"@id\":\"https:\\\/\\\/super-news.info\\\/pt\\\/offshores-e-a-abusiva-carga-fiscal-o-jornal-economico\\\/#breadcrumb\"},\"inLanguage\":\"pt-PT\",\"potentialAction\":[{\"@type\":\"ReadAction\",\"target\":[\"https:\\\/\\\/super-news.info\\\/pt\\\/offshores-e-a-abusiva-carga-fiscal-o-jornal-economico\\\/\"]}]},{\"@type\":\"ImageObject\",\"inLanguage\":\"pt-PT\",\"@id\":\"https:\\\/\\\/super-news.info\\\/pt\\\/offshores-e-a-abusiva-carga-fiscal-o-jornal-economico\\\/#primaryimage\",\"url\":\"https:\\\/\\\/super-news.info\\\/pt\\\/wp-content\\\/uploads\\\/sites\\\/2\\\/2019\\\/07\\\/Offshores-e-a-abusiva-carga-fiscal-\u2013-O-Jornal-Econ\u00f3mico.jpg\",\"contentUrl\":\"https:\\\/\\\/super-news.info\\\/pt\\\/wp-content\\\/uploads\\\/sites\\\/2\\\/2019\\\/07\\\/Offshores-e-a-abusiva-carga-fiscal-\u2013-O-Jornal-Econ\u00f3mico.jpg\",\"width\":300,\"height\":188,\"caption\":\"Offshores e a abusiva carga fiscal \u2013 O Jornal Econ\u00f3mico\"},{\"@type\":\"BreadcrumbList\",\"@id\":\"https:\\\/\\\/super-news.info\\\/pt\\\/offshores-e-a-abusiva-carga-fiscal-o-jornal-economico\\\/#breadcrumb\",\"itemListElement\":[{\"@type\":\"ListItem\",\"position\":1,\"name\":\"\u0413\u043b\u0430\u0432\u043d\u0430\u044f \u0441\u0442\u0440\u0430\u043d\u0438\u0446\u0430\",\"item\":\"https:\\\/\\\/super-news.info\\\/pt\\\/\"},{\"@type\":\"ListItem\",\"position\":2,\"name\":\"Offshores e a abusiva carga fiscal \u2013 O Jornal Econ\u00f3mico\"}]},{\"@type\":\"WebSite\",\"@id\":\"https:\\\/\\\/super-news.info\\\/pt\\\/#website\",\"url\":\"https:\\\/\\\/super-news.info\\\/pt\\\/\",\"name\":\"Super News\",\"description\":\"Super News Portugal\",\"potentialAction\":[{\"@type\":\"SearchAction\",\"target\":{\"@type\":\"EntryPoint\",\"urlTemplate\":\"https:\\\/\\\/super-news.info\\\/pt\\\/?s={search_term_string}\"},\"query-input\":{\"@type\":\"PropertyValueSpecification\",\"valueRequired\":true,\"valueName\":\"search_term_string\"}}],\"inLanguage\":\"pt-PT\"},{\"@type\":\"Person\",\"@id\":\"https:\\\/\\\/super-news.info\\\/pt\\\/#\\\/schema\\\/person\\\/2d4068cb2f39cd10008c2fce578a7356\",\"name\":\"super-news\",\"image\":{\"@type\":\"ImageObject\",\"inLanguage\":\"pt-PT\",\"@id\":\"https:\\\/\\\/secure.gravatar.com\\\/avatar\\\/64ebac40b93f26a154f8a9b5b6fdccfc46f442b26b3dd6756dbff3bf9dc76fd7?s=96&d=mm&r=g\",\"url\":\"https:\\\/\\\/secure.gravatar.com\\\/avatar\\\/64ebac40b93f26a154f8a9b5b6fdccfc46f442b26b3dd6756dbff3bf9dc76fd7?s=96&d=mm&r=g\",\"contentUrl\":\"https:\\\/\\\/secure.gravatar.com\\\/avatar\\\/64ebac40b93f26a154f8a9b5b6fdccfc46f442b26b3dd6756dbff3bf9dc76fd7?s=96&d=mm&r=g\",\"caption\":\"super-news\"},\"url\":\"https:\\\/\\\/super-news.info\\\/pt\\\/author\\\/pt\\\/\"}]}<\/script>\n<!-- \/ Yoast SEO plugin. -->","yoast_head_json":{"title":"Offshores e a abusiva carga fiscal \u2013 O Jornal Econ\u00f3mico - Super News","robots":{"index":"index","follow":"follow","max-snippet":"max-snippet:-1","max-image-preview":"max-image-preview:large","max-video-preview":"max-video-preview:-1"},"canonical":"https:\/\/super-news.info\/pt\/offshores-e-a-abusiva-carga-fiscal-o-jornal-economico\/","og_locale":"pt_PT","og_type":"article","og_title":"Offshores e a abusiva carga fiscal \u2013 O Jornal Econ\u00f3mico - Super News","og_description":"[ad_1] Bem sabemos como o ritmo desenfreado das sucessivas not\u00edcias \u2013 umas mais not\u00edcias do que outras, mas sobre isso falarei num outro dia \u2013 provoca o sucessivo apagamento de parcelas da mem\u00f3ria, tornando-a cada vez mais reposit\u00f3rio de informa\u00e7\u00f5es com curto prazo de validade. Vem esta reflex\u00e3o a prop\u00f3sito do sempre pol\u00e9mico tema das [&hellip;]","og_url":"https:\/\/super-news.info\/pt\/offshores-e-a-abusiva-carga-fiscal-o-jornal-economico\/","og_site_name":"Super News","article_published_time":"2019-07-18T23:14:03+00:00","article_modified_time":"2019-07-18T23:14:04+00:00","og_image":[{"width":300,"height":188,"url":"https:\/\/super-news.info\/pt\/wp-content\/uploads\/sites\/2\/2019\/07\/Offshores-e-a-abusiva-carga-fiscal-\u2013-O-Jornal-Econ\u00f3mico.jpg","type":"image\/jpeg"}],"author":"super-news","twitter_card":"summary_large_image","twitter_misc":{"Escrito por":"super-news","Tempo estimado de leitura":"3 minutos"},"schema":{"@context":"https:\/\/schema.org","@graph":[{"@type":"Article","@id":"https:\/\/super-news.info\/pt\/offshores-e-a-abusiva-carga-fiscal-o-jornal-economico\/#article","isPartOf":{"@id":"https:\/\/super-news.info\/pt\/offshores-e-a-abusiva-carga-fiscal-o-jornal-economico\/"},"author":{"name":"super-news","@id":"https:\/\/super-news.info\/pt\/#\/schema\/person\/2d4068cb2f39cd10008c2fce578a7356"},"headline":"Offshores e a abusiva carga fiscal \u2013 O Jornal Econ\u00f3mico","datePublished":"2019-07-18T23:14:03+00:00","dateModified":"2019-07-18T23:14:04+00:00","mainEntityOfPage":{"@id":"https:\/\/super-news.info\/pt\/offshores-e-a-abusiva-carga-fiscal-o-jornal-economico\/"},"wordCount":597,"commentCount":0,"image":{"@id":"https:\/\/super-news.info\/pt\/offshores-e-a-abusiva-carga-fiscal-o-jornal-economico\/#primaryimage"},"thumbnailUrl":"https:\/\/super-news.info\/pt\/wp-content\/uploads\/sites\/2\/2019\/07\/Offshores-e-a-abusiva-carga-fiscal-\u2013-O-Jornal-Econ\u00f3mico.jpg","articleSection":["NOT\u00cdCIAS FINANCEIRAS"],"inLanguage":"pt-PT","potentialAction":[{"@type":"CommentAction","name":"Comment","target":["https:\/\/super-news.info\/pt\/offshores-e-a-abusiva-carga-fiscal-o-jornal-economico\/#respond"]}]},{"@type":"WebPage","@id":"https:\/\/super-news.info\/pt\/offshores-e-a-abusiva-carga-fiscal-o-jornal-economico\/","url":"https:\/\/super-news.info\/pt\/offshores-e-a-abusiva-carga-fiscal-o-jornal-economico\/","name":"Offshores e a abusiva carga fiscal \u2013 O Jornal Econ\u00f3mico - Super News","isPartOf":{"@id":"https:\/\/super-news.info\/pt\/#website"},"primaryImageOfPage":{"@id":"https:\/\/super-news.info\/pt\/offshores-e-a-abusiva-carga-fiscal-o-jornal-economico\/#primaryimage"},"image":{"@id":"https:\/\/super-news.info\/pt\/offshores-e-a-abusiva-carga-fiscal-o-jornal-economico\/#primaryimage"},"thumbnailUrl":"https:\/\/super-news.info\/pt\/wp-content\/uploads\/sites\/2\/2019\/07\/Offshores-e-a-abusiva-carga-fiscal-\u2013-O-Jornal-Econ\u00f3mico.jpg","datePublished":"2019-07-18T23:14:03+00:00","dateModified":"2019-07-18T23:14:04+00:00","author":{"@id":"https:\/\/super-news.info\/pt\/#\/schema\/person\/2d4068cb2f39cd10008c2fce578a7356"},"breadcrumb":{"@id":"https:\/\/super-news.info\/pt\/offshores-e-a-abusiva-carga-fiscal-o-jornal-economico\/#breadcrumb"},"inLanguage":"pt-PT","potentialAction":[{"@type":"ReadAction","target":["https:\/\/super-news.info\/pt\/offshores-e-a-abusiva-carga-fiscal-o-jornal-economico\/"]}]},{"@type":"ImageObject","inLanguage":"pt-PT","@id":"https:\/\/super-news.info\/pt\/offshores-e-a-abusiva-carga-fiscal-o-jornal-economico\/#primaryimage","url":"https:\/\/super-news.info\/pt\/wp-content\/uploads\/sites\/2\/2019\/07\/Offshores-e-a-abusiva-carga-fiscal-\u2013-O-Jornal-Econ\u00f3mico.jpg","contentUrl":"https:\/\/super-news.info\/pt\/wp-content\/uploads\/sites\/2\/2019\/07\/Offshores-e-a-abusiva-carga-fiscal-\u2013-O-Jornal-Econ\u00f3mico.jpg","width":300,"height":188,"caption":"Offshores e a abusiva carga fiscal \u2013 O Jornal Econ\u00f3mico"},{"@type":"BreadcrumbList","@id":"https:\/\/super-news.info\/pt\/offshores-e-a-abusiva-carga-fiscal-o-jornal-economico\/#breadcrumb","itemListElement":[{"@type":"ListItem","position":1,"name":"\u0413\u043b\u0430\u0432\u043d\u0430\u044f \u0441\u0442\u0440\u0430\u043d\u0438\u0446\u0430","item":"https:\/\/super-news.info\/pt\/"},{"@type":"ListItem","position":2,"name":"Offshores e a abusiva carga fiscal \u2013 O Jornal Econ\u00f3mico"}]},{"@type":"WebSite","@id":"https:\/\/super-news.info\/pt\/#website","url":"https:\/\/super-news.info\/pt\/","name":"Super News","description":"Super News Portugal","potentialAction":[{"@type":"SearchAction","target":{"@type":"EntryPoint","urlTemplate":"https:\/\/super-news.info\/pt\/?s={search_term_string}"},"query-input":{"@type":"PropertyValueSpecification","valueRequired":true,"valueName":"search_term_string"}}],"inLanguage":"pt-PT"},{"@type":"Person","@id":"https:\/\/super-news.info\/pt\/#\/schema\/person\/2d4068cb2f39cd10008c2fce578a7356","name":"super-news","image":{"@type":"ImageObject","inLanguage":"pt-PT","@id":"https:\/\/secure.gravatar.com\/avatar\/64ebac40b93f26a154f8a9b5b6fdccfc46f442b26b3dd6756dbff3bf9dc76fd7?s=96&d=mm&r=g","url":"https:\/\/secure.gravatar.com\/avatar\/64ebac40b93f26a154f8a9b5b6fdccfc46f442b26b3dd6756dbff3bf9dc76fd7?s=96&d=mm&r=g","contentUrl":"https:\/\/secure.gravatar.com\/avatar\/64ebac40b93f26a154f8a9b5b6fdccfc46f442b26b3dd6756dbff3bf9dc76fd7?s=96&d=mm&r=g","caption":"super-news"},"url":"https:\/\/super-news.info\/pt\/author\/pt\/"}]}},"_links":{"self":[{"href":"https:\/\/super-news.info\/pt\/wp-json\/wp\/v2\/posts\/3265","targetHints":{"allow":["GET"]}}],"collection":[{"href":"https:\/\/super-news.info\/pt\/wp-json\/wp\/v2\/posts"}],"about":[{"href":"https:\/\/super-news.info\/pt\/wp-json\/wp\/v2\/types\/post"}],"author":[{"embeddable":true,"href":"https:\/\/super-news.info\/pt\/wp-json\/wp\/v2\/users\/2"}],"replies":[{"embeddable":true,"href":"https:\/\/super-news.info\/pt\/wp-json\/wp\/v2\/comments?post=3265"}],"version-history":[{"count":1,"href":"https:\/\/super-news.info\/pt\/wp-json\/wp\/v2\/posts\/3265\/revisions"}],"predecessor-version":[{"id":3267,"href":"https:\/\/super-news.info\/pt\/wp-json\/wp\/v2\/posts\/3265\/revisions\/3267"}],"wp:featuredmedia":[{"embeddable":true,"href":"https:\/\/super-news.info\/pt\/wp-json\/wp\/v2\/media\/3266"}],"wp:attachment":[{"href":"https:\/\/super-news.info\/pt\/wp-json\/wp\/v2\/media?parent=3265"}],"wp:term":[{"taxonomy":"category","embeddable":true,"href":"https:\/\/super-news.info\/pt\/wp-json\/wp\/v2\/categories?post=3265"},{"taxonomy":"post_tag","embeddable":true,"href":"https:\/\/super-news.info\/pt\/wp-json\/wp\/v2\/tags?post=3265"}],"curies":[{"name":"wp","href":"https:\/\/api.w.org\/{rel}","templated":true}]}}