{"id":3232,"date":"2019-07-17T17:05:46","date_gmt":"2019-07-17T14:05:46","guid":{"rendered":"https:\/\/super-news.info\/pt\/assista-em-direto-a-discussao-e-votacao-do-relatorio-da-comissao-o-jornal-economico\/"},"modified":"2019-07-17T17:05:48","modified_gmt":"2019-07-17T14:05:48","slug":"assista-em-direto-a-discussao-e-votacao-do-relatorio-da-comissao-o-jornal-economico","status":"publish","type":"post","link":"https:\/\/super-news.info\/pt\/assista-em-direto-a-discussao-e-votacao-do-relatorio-da-comissao-o-jornal-economico\/","title":{"rendered":"Assista em direto \u00e0 discuss\u00e3o e vota\u00e7\u00e3o do relat\u00f3rio da comiss\u00e3o \u2013 O Jornal Econ\u00f3mico"},"content":{"rendered":"<p> [ad_1]<br \/>\n<\/p>\n<div>\n<figure class=\"je-post-thumbnail je-lazy\"><\/figure>\n<p> Deputado social-democrata Duarte Pacheco diz, sobre o relat\u00f3rio do inqu\u00e9rito \u00e0 gest\u00e3o da Caixa Geral de Dep\u00f3sitos, que \u201cfalar em abstracto sem colocar nomes \u00e9 uma tentativa escondida de querer justificar comportamentos que todos sabemos hoje serem inaceit\u00e1veis\u201d.<\/p>\n<\/div>\n<p><script>function facebookInit(){var js=document.createElement('script');js.src='https:\/\/connect.facebook.net\/pt_PT\/sdk.js#xfbml=1&version=v3.1&appId=1708066812789184&autoLogAppEvents=1';return document.body.appendChild(js);}\nwindow.onscroll=function(){var rect=document.getElementsByClassName('je-post-content')[0].getBoundingClientRect();if(rect.bottom<window.innerHeight){facebookInit();window.onscroll=null;}}<\/script><br \/>\n<br \/>[ad_2]<br \/>\n<br \/><a href=\"https:\/\/jornaleconomico.sapo.pt\/noticias\/cgd-assista-em-direto-a-discussao-e-votacao-do-relatorio-da-comissao-468787\">Source link <\/a><\/p>\n","protected":false},"excerpt":{"rendered":"<p>[ad_1] Deputado social-democrata Duarte Pacheco diz, sobre o relat\u00f3rio do inqu\u00e9rito \u00e0 gest\u00e3o da Caixa Geral de Dep\u00f3sitos, que \u201cfalar em abstracto sem colocar nomes \u00e9 uma tentativa escondida de querer justificar comportamentos que todos sabemos hoje serem inaceit\u00e1veis\u201d. [ad_2] Source link<\/p>\n","protected":false},"author":2,"featured_media":3233,"comment_status":"open","ping_status":"open","sticky":false,"template":"","format":"standard","meta":{"footnotes":""},"categories":[1],"tags":[],"class_list":["post-3232","post","type-post","status-publish","format-standard","has-post-thumbnail","hentry","category-noticias-financeiras"],"yoast_head":"<!-- This site is optimized with the Yoast SEO plugin v27.4 - https:\/\/yoast.com\/product\/yoast-seo-wordpress\/ -->\n<title>Assista em direto \u00e0 discuss\u00e3o e vota\u00e7\u00e3o do relat\u00f3rio da comiss\u00e3o \u2013 O Jornal Econ\u00f3mico - Super News<\/title>\n<meta name=\"robots\" content=\"index, follow, max-snippet:-1, max-image-preview:large, max-video-preview:-1\" \/>\n<link rel=\"canonical\" href=\"https:\/\/super-news.info\/pt\/assista-em-direto-a-discussao-e-votacao-do-relatorio-da-comissao-o-jornal-economico\/\" \/>\n<meta property=\"og:locale\" content=\"pt_PT\" \/>\n<meta property=\"og:type\" content=\"article\" \/>\n<meta property=\"og:title\" content=\"Assista em direto \u00e0 discuss\u00e3o e vota\u00e7\u00e3o do relat\u00f3rio da comiss\u00e3o \u2013 O Jornal Econ\u00f3mico - Super News\" \/>\n<meta property=\"og:description\" content=\"[ad_1] Deputado social-democrata Duarte Pacheco diz, sobre o relat\u00f3rio do inqu\u00e9rito \u00e0 gest\u00e3o da Caixa Geral de Dep\u00f3sitos, que \u201cfalar em abstracto sem colocar nomes \u00e9 uma tentativa escondida de querer justificar comportamentos que todos sabemos hoje serem inaceit\u00e1veis\u201d. [ad_2] Source link\" \/>\n<meta property=\"og:url\" content=\"https:\/\/super-news.info\/pt\/assista-em-direto-a-discussao-e-votacao-do-relatorio-da-comissao-o-jornal-economico\/\" \/>\n<meta property=\"og:site_name\" content=\"Super News\" \/>\n<meta property=\"article:published_time\" content=\"2019-07-17T14:05:46+00:00\" \/>\n<meta property=\"article:modified_time\" content=\"2019-07-17T14:05:48+00:00\" \/>\n<meta property=\"og:image\" content=\"https:\/\/super-news.info\/pt\/wp-content\/uploads\/sites\/2\/2019\/07\/Assista-em-direto-\u00e0-discuss\u00e3o-e-vota\u00e7\u00e3o-do-relat\u00f3rio-da.jpg\" \/>\n\t<meta property=\"og:image:width\" content=\"960\" \/>\n\t<meta property=\"og:image:height\" content=\"600\" \/>\n\t<meta property=\"og:image:type\" content=\"image\/jpeg\" \/>\n<meta name=\"author\" content=\"super-news\" \/>\n<meta name=\"twitter:card\" content=\"summary_large_image\" \/>\n<meta name=\"twitter:label1\" content=\"Escrito por\" \/>\n\t<meta name=\"twitter:data1\" content=\"super-news\" \/>\n<script type=\"application\/ld+json\" class=\"yoast-schema-graph\">{\"@context\":\"https:\\\/\\\/schema.org\",\"@graph\":[{\"@type\":\"Article\",\"@id\":\"https:\\\/\\\/super-news.info\\\/pt\\\/assista-em-direto-a-discussao-e-votacao-do-relatorio-da-comissao-o-jornal-economico\\\/#article\",\"isPartOf\":{\"@id\":\"https:\\\/\\\/super-news.info\\\/pt\\\/assista-em-direto-a-discussao-e-votacao-do-relatorio-da-comissao-o-jornal-economico\\\/\"},\"author\":{\"name\":\"super-news\",\"@id\":\"https:\\\/\\\/super-news.info\\\/pt\\\/#\\\/schema\\\/person\\\/2d4068cb2f39cd10008c2fce578a7356\"},\"headline\":\"Assista em direto \u00e0 discuss\u00e3o e vota\u00e7\u00e3o do relat\u00f3rio da comiss\u00e3o \u2013 O Jornal Econ\u00f3mico\",\"datePublished\":\"2019-07-17T14:05:46+00:00\",\"dateModified\":\"2019-07-17T14:05:48+00:00\",\"mainEntityOfPage\":{\"@id\":\"https:\\\/\\\/super-news.info\\\/pt\\\/assista-em-direto-a-discussao-e-votacao-do-relatorio-da-comissao-o-jornal-economico\\\/\"},\"wordCount\":63,\"commentCount\":0,\"image\":{\"@id\":\"https:\\\/\\\/super-news.info\\\/pt\\\/assista-em-direto-a-discussao-e-votacao-do-relatorio-da-comissao-o-jornal-economico\\\/#primaryimage\"},\"thumbnailUrl\":\"https:\\\/\\\/super-news.info\\\/pt\\\/wp-content\\\/uploads\\\/sites\\\/2\\\/2019\\\/07\\\/Assista-em-direto-\u00e0-discuss\u00e3o-e-vota\u00e7\u00e3o-do-relat\u00f3rio-da.jpg\",\"articleSection\":[\"NOT\u00cdCIAS FINANCEIRAS\"],\"inLanguage\":\"pt-PT\",\"potentialAction\":[{\"@type\":\"CommentAction\",\"name\":\"Comment\",\"target\":[\"https:\\\/\\\/super-news.info\\\/pt\\\/assista-em-direto-a-discussao-e-votacao-do-relatorio-da-comissao-o-jornal-economico\\\/#respond\"]}]},{\"@type\":\"WebPage\",\"@id\":\"https:\\\/\\\/super-news.info\\\/pt\\\/assista-em-direto-a-discussao-e-votacao-do-relatorio-da-comissao-o-jornal-economico\\\/\",\"url\":\"https:\\\/\\\/super-news.info\\\/pt\\\/assista-em-direto-a-discussao-e-votacao-do-relatorio-da-comissao-o-jornal-economico\\\/\",\"name\":\"Assista em direto \u00e0 discuss\u00e3o e vota\u00e7\u00e3o do relat\u00f3rio da comiss\u00e3o \u2013 O Jornal Econ\u00f3mico - Super News\",\"isPartOf\":{\"@id\":\"https:\\\/\\\/super-news.info\\\/pt\\\/#website\"},\"primaryImageOfPage\":{\"@id\":\"https:\\\/\\\/super-news.info\\\/pt\\\/assista-em-direto-a-discussao-e-votacao-do-relatorio-da-comissao-o-jornal-economico\\\/#primaryimage\"},\"image\":{\"@id\":\"https:\\\/\\\/super-news.info\\\/pt\\\/assista-em-direto-a-discussao-e-votacao-do-relatorio-da-comissao-o-jornal-economico\\\/#primaryimage\"},\"thumbnailUrl\":\"https:\\\/\\\/super-news.info\\\/pt\\\/wp-content\\\/uploads\\\/sites\\\/2\\\/2019\\\/07\\\/Assista-em-direto-\u00e0-discuss\u00e3o-e-vota\u00e7\u00e3o-do-relat\u00f3rio-da.jpg\",\"datePublished\":\"2019-07-17T14:05:46+00:00\",\"dateModified\":\"2019-07-17T14:05:48+00:00\",\"author\":{\"@id\":\"https:\\\/\\\/super-news.info\\\/pt\\\/#\\\/schema\\\/person\\\/2d4068cb2f39cd10008c2fce578a7356\"},\"breadcrumb\":{\"@id\":\"https:\\\/\\\/super-news.info\\\/pt\\\/assista-em-direto-a-discussao-e-votacao-do-relatorio-da-comissao-o-jornal-economico\\\/#breadcrumb\"},\"inLanguage\":\"pt-PT\",\"potentialAction\":[{\"@type\":\"ReadAction\",\"target\":[\"https:\\\/\\\/super-news.info\\\/pt\\\/assista-em-direto-a-discussao-e-votacao-do-relatorio-da-comissao-o-jornal-economico\\\/\"]}]},{\"@type\":\"ImageObject\",\"inLanguage\":\"pt-PT\",\"@id\":\"https:\\\/\\\/super-news.info\\\/pt\\\/assista-em-direto-a-discussao-e-votacao-do-relatorio-da-comissao-o-jornal-economico\\\/#primaryimage\",\"url\":\"https:\\\/\\\/super-news.info\\\/pt\\\/wp-content\\\/uploads\\\/sites\\\/2\\\/2019\\\/07\\\/Assista-em-direto-\u00e0-discuss\u00e3o-e-vota\u00e7\u00e3o-do-relat\u00f3rio-da.jpg\",\"contentUrl\":\"https:\\\/\\\/super-news.info\\\/pt\\\/wp-content\\\/uploads\\\/sites\\\/2\\\/2019\\\/07\\\/Assista-em-direto-\u00e0-discuss\u00e3o-e-vota\u00e7\u00e3o-do-relat\u00f3rio-da.jpg\",\"width\":960,\"height\":600,\"caption\":\"Assista em direto \u00e0 discuss\u00e3o e vota\u00e7\u00e3o do relat\u00f3rio da comiss\u00e3o \u2013 O Jornal Econ\u00f3mico\"},{\"@type\":\"BreadcrumbList\",\"@id\":\"https:\\\/\\\/super-news.info\\\/pt\\\/assista-em-direto-a-discussao-e-votacao-do-relatorio-da-comissao-o-jornal-economico\\\/#breadcrumb\",\"itemListElement\":[{\"@type\":\"ListItem\",\"position\":1,\"name\":\"\u0413\u043b\u0430\u0432\u043d\u0430\u044f \u0441\u0442\u0440\u0430\u043d\u0438\u0446\u0430\",\"item\":\"https:\\\/\\\/super-news.info\\\/pt\\\/\"},{\"@type\":\"ListItem\",\"position\":2,\"name\":\"Assista em direto \u00e0 discuss\u00e3o e vota\u00e7\u00e3o do relat\u00f3rio da comiss\u00e3o \u2013 O Jornal Econ\u00f3mico\"}]},{\"@type\":\"WebSite\",\"@id\":\"https:\\\/\\\/super-news.info\\\/pt\\\/#website\",\"url\":\"https:\\\/\\\/super-news.info\\\/pt\\\/\",\"name\":\"Super News\",\"description\":\"Super News Portugal\",\"potentialAction\":[{\"@type\":\"SearchAction\",\"target\":{\"@type\":\"EntryPoint\",\"urlTemplate\":\"https:\\\/\\\/super-news.info\\\/pt\\\/?s={search_term_string}\"},\"query-input\":{\"@type\":\"PropertyValueSpecification\",\"valueRequired\":true,\"valueName\":\"search_term_string\"}}],\"inLanguage\":\"pt-PT\"},{\"@type\":\"Person\",\"@id\":\"https:\\\/\\\/super-news.info\\\/pt\\\/#\\\/schema\\\/person\\\/2d4068cb2f39cd10008c2fce578a7356\",\"name\":\"super-news\",\"image\":{\"@type\":\"ImageObject\",\"inLanguage\":\"pt-PT\",\"@id\":\"https:\\\/\\\/secure.gravatar.com\\\/avatar\\\/64ebac40b93f26a154f8a9b5b6fdccfc46f442b26b3dd6756dbff3bf9dc76fd7?s=96&d=mm&r=g\",\"url\":\"https:\\\/\\\/secure.gravatar.com\\\/avatar\\\/64ebac40b93f26a154f8a9b5b6fdccfc46f442b26b3dd6756dbff3bf9dc76fd7?s=96&d=mm&r=g\",\"contentUrl\":\"https:\\\/\\\/secure.gravatar.com\\\/avatar\\\/64ebac40b93f26a154f8a9b5b6fdccfc46f442b26b3dd6756dbff3bf9dc76fd7?s=96&d=mm&r=g\",\"caption\":\"super-news\"},\"url\":\"https:\\\/\\\/super-news.info\\\/pt\\\/author\\\/pt\\\/\"}]}<\/script>\n<!-- \/ Yoast SEO plugin. -->","yoast_head_json":{"title":"Assista em direto \u00e0 discuss\u00e3o e vota\u00e7\u00e3o do relat\u00f3rio da comiss\u00e3o \u2013 O Jornal Econ\u00f3mico - Super News","robots":{"index":"index","follow":"follow","max-snippet":"max-snippet:-1","max-image-preview":"max-image-preview:large","max-video-preview":"max-video-preview:-1"},"canonical":"https:\/\/super-news.info\/pt\/assista-em-direto-a-discussao-e-votacao-do-relatorio-da-comissao-o-jornal-economico\/","og_locale":"pt_PT","og_type":"article","og_title":"Assista em direto \u00e0 discuss\u00e3o e vota\u00e7\u00e3o do relat\u00f3rio da comiss\u00e3o \u2013 O Jornal Econ\u00f3mico - Super News","og_description":"[ad_1] Deputado social-democrata Duarte Pacheco diz, sobre o relat\u00f3rio do inqu\u00e9rito \u00e0 gest\u00e3o da Caixa Geral de Dep\u00f3sitos, que \u201cfalar em abstracto sem colocar nomes \u00e9 uma tentativa escondida de querer justificar comportamentos que todos sabemos hoje serem inaceit\u00e1veis\u201d. [ad_2] Source link","og_url":"https:\/\/super-news.info\/pt\/assista-em-direto-a-discussao-e-votacao-do-relatorio-da-comissao-o-jornal-economico\/","og_site_name":"Super News","article_published_time":"2019-07-17T14:05:46+00:00","article_modified_time":"2019-07-17T14:05:48+00:00","og_image":[{"width":960,"height":600,"url":"https:\/\/super-news.info\/pt\/wp-content\/uploads\/sites\/2\/2019\/07\/Assista-em-direto-\u00e0-discuss\u00e3o-e-vota\u00e7\u00e3o-do-relat\u00f3rio-da.jpg","type":"image\/jpeg"}],"author":"super-news","twitter_card":"summary_large_image","twitter_misc":{"Escrito por":"super-news"},"schema":{"@context":"https:\/\/schema.org","@graph":[{"@type":"Article","@id":"https:\/\/super-news.info\/pt\/assista-em-direto-a-discussao-e-votacao-do-relatorio-da-comissao-o-jornal-economico\/#article","isPartOf":{"@id":"https:\/\/super-news.info\/pt\/assista-em-direto-a-discussao-e-votacao-do-relatorio-da-comissao-o-jornal-economico\/"},"author":{"name":"super-news","@id":"https:\/\/super-news.info\/pt\/#\/schema\/person\/2d4068cb2f39cd10008c2fce578a7356"},"headline":"Assista em direto \u00e0 discuss\u00e3o e vota\u00e7\u00e3o do relat\u00f3rio da comiss\u00e3o \u2013 O Jornal Econ\u00f3mico","datePublished":"2019-07-17T14:05:46+00:00","dateModified":"2019-07-17T14:05:48+00:00","mainEntityOfPage":{"@id":"https:\/\/super-news.info\/pt\/assista-em-direto-a-discussao-e-votacao-do-relatorio-da-comissao-o-jornal-economico\/"},"wordCount":63,"commentCount":0,"image":{"@id":"https:\/\/super-news.info\/pt\/assista-em-direto-a-discussao-e-votacao-do-relatorio-da-comissao-o-jornal-economico\/#primaryimage"},"thumbnailUrl":"https:\/\/super-news.info\/pt\/wp-content\/uploads\/sites\/2\/2019\/07\/Assista-em-direto-\u00e0-discuss\u00e3o-e-vota\u00e7\u00e3o-do-relat\u00f3rio-da.jpg","articleSection":["NOT\u00cdCIAS FINANCEIRAS"],"inLanguage":"pt-PT","potentialAction":[{"@type":"CommentAction","name":"Comment","target":["https:\/\/super-news.info\/pt\/assista-em-direto-a-discussao-e-votacao-do-relatorio-da-comissao-o-jornal-economico\/#respond"]}]},{"@type":"WebPage","@id":"https:\/\/super-news.info\/pt\/assista-em-direto-a-discussao-e-votacao-do-relatorio-da-comissao-o-jornal-economico\/","url":"https:\/\/super-news.info\/pt\/assista-em-direto-a-discussao-e-votacao-do-relatorio-da-comissao-o-jornal-economico\/","name":"Assista em direto \u00e0 discuss\u00e3o e vota\u00e7\u00e3o do relat\u00f3rio da comiss\u00e3o \u2013 O Jornal Econ\u00f3mico - Super News","isPartOf":{"@id":"https:\/\/super-news.info\/pt\/#website"},"primaryImageOfPage":{"@id":"https:\/\/super-news.info\/pt\/assista-em-direto-a-discussao-e-votacao-do-relatorio-da-comissao-o-jornal-economico\/#primaryimage"},"image":{"@id":"https:\/\/super-news.info\/pt\/assista-em-direto-a-discussao-e-votacao-do-relatorio-da-comissao-o-jornal-economico\/#primaryimage"},"thumbnailUrl":"https:\/\/super-news.info\/pt\/wp-content\/uploads\/sites\/2\/2019\/07\/Assista-em-direto-\u00e0-discuss\u00e3o-e-vota\u00e7\u00e3o-do-relat\u00f3rio-da.jpg","datePublished":"2019-07-17T14:05:46+00:00","dateModified":"2019-07-17T14:05:48+00:00","author":{"@id":"https:\/\/super-news.info\/pt\/#\/schema\/person\/2d4068cb2f39cd10008c2fce578a7356"},"breadcrumb":{"@id":"https:\/\/super-news.info\/pt\/assista-em-direto-a-discussao-e-votacao-do-relatorio-da-comissao-o-jornal-economico\/#breadcrumb"},"inLanguage":"pt-PT","potentialAction":[{"@type":"ReadAction","target":["https:\/\/super-news.info\/pt\/assista-em-direto-a-discussao-e-votacao-do-relatorio-da-comissao-o-jornal-economico\/"]}]},{"@type":"ImageObject","inLanguage":"pt-PT","@id":"https:\/\/super-news.info\/pt\/assista-em-direto-a-discussao-e-votacao-do-relatorio-da-comissao-o-jornal-economico\/#primaryimage","url":"https:\/\/super-news.info\/pt\/wp-content\/uploads\/sites\/2\/2019\/07\/Assista-em-direto-\u00e0-discuss\u00e3o-e-vota\u00e7\u00e3o-do-relat\u00f3rio-da.jpg","contentUrl":"https:\/\/super-news.info\/pt\/wp-content\/uploads\/sites\/2\/2019\/07\/Assista-em-direto-\u00e0-discuss\u00e3o-e-vota\u00e7\u00e3o-do-relat\u00f3rio-da.jpg","width":960,"height":600,"caption":"Assista em direto \u00e0 discuss\u00e3o e vota\u00e7\u00e3o do relat\u00f3rio da comiss\u00e3o \u2013 O Jornal Econ\u00f3mico"},{"@type":"BreadcrumbList","@id":"https:\/\/super-news.info\/pt\/assista-em-direto-a-discussao-e-votacao-do-relatorio-da-comissao-o-jornal-economico\/#breadcrumb","itemListElement":[{"@type":"ListItem","position":1,"name":"\u0413\u043b\u0430\u0432\u043d\u0430\u044f \u0441\u0442\u0440\u0430\u043d\u0438\u0446\u0430","item":"https:\/\/super-news.info\/pt\/"},{"@type":"ListItem","position":2,"name":"Assista em direto \u00e0 discuss\u00e3o e vota\u00e7\u00e3o do relat\u00f3rio da comiss\u00e3o \u2013 O Jornal Econ\u00f3mico"}]},{"@type":"WebSite","@id":"https:\/\/super-news.info\/pt\/#website","url":"https:\/\/super-news.info\/pt\/","name":"Super News","description":"Super News Portugal","potentialAction":[{"@type":"SearchAction","target":{"@type":"EntryPoint","urlTemplate":"https:\/\/super-news.info\/pt\/?s={search_term_string}"},"query-input":{"@type":"PropertyValueSpecification","valueRequired":true,"valueName":"search_term_string"}}],"inLanguage":"pt-PT"},{"@type":"Person","@id":"https:\/\/super-news.info\/pt\/#\/schema\/person\/2d4068cb2f39cd10008c2fce578a7356","name":"super-news","image":{"@type":"ImageObject","inLanguage":"pt-PT","@id":"https:\/\/secure.gravatar.com\/avatar\/64ebac40b93f26a154f8a9b5b6fdccfc46f442b26b3dd6756dbff3bf9dc76fd7?s=96&d=mm&r=g","url":"https:\/\/secure.gravatar.com\/avatar\/64ebac40b93f26a154f8a9b5b6fdccfc46f442b26b3dd6756dbff3bf9dc76fd7?s=96&d=mm&r=g","contentUrl":"https:\/\/secure.gravatar.com\/avatar\/64ebac40b93f26a154f8a9b5b6fdccfc46f442b26b3dd6756dbff3bf9dc76fd7?s=96&d=mm&r=g","caption":"super-news"},"url":"https:\/\/super-news.info\/pt\/author\/pt\/"}]}},"_links":{"self":[{"href":"https:\/\/super-news.info\/pt\/wp-json\/wp\/v2\/posts\/3232","targetHints":{"allow":["GET"]}}],"collection":[{"href":"https:\/\/super-news.info\/pt\/wp-json\/wp\/v2\/posts"}],"about":[{"href":"https:\/\/super-news.info\/pt\/wp-json\/wp\/v2\/types\/post"}],"author":[{"embeddable":true,"href":"https:\/\/super-news.info\/pt\/wp-json\/wp\/v2\/users\/2"}],"replies":[{"embeddable":true,"href":"https:\/\/super-news.info\/pt\/wp-json\/wp\/v2\/comments?post=3232"}],"version-history":[{"count":1,"href":"https:\/\/super-news.info\/pt\/wp-json\/wp\/v2\/posts\/3232\/revisions"}],"predecessor-version":[{"id":3234,"href":"https:\/\/super-news.info\/pt\/wp-json\/wp\/v2\/posts\/3232\/revisions\/3234"}],"wp:featuredmedia":[{"embeddable":true,"href":"https:\/\/super-news.info\/pt\/wp-json\/wp\/v2\/media\/3233"}],"wp:attachment":[{"href":"https:\/\/super-news.info\/pt\/wp-json\/wp\/v2\/media?parent=3232"}],"wp:term":[{"taxonomy":"category","embeddable":true,"href":"https:\/\/super-news.info\/pt\/wp-json\/wp\/v2\/categories?post=3232"},{"taxonomy":"post_tag","embeddable":true,"href":"https:\/\/super-news.info\/pt\/wp-json\/wp\/v2\/tags?post=3232"}],"curies":[{"name":"wp","href":"https:\/\/api.w.org\/{rel}","templated":true}]}}