{"id":3211,"date":"2019-07-17T11:19:07","date_gmt":"2019-07-17T08:19:07","guid":{"rendered":"https:\/\/super-news.info\/pt\/cds-pp-defende-programa-de-rendas-acessiveis-com-incentivos-no-irc-e-irs-o-jornal-economico\/"},"modified":"2019-07-17T11:19:08","modified_gmt":"2019-07-17T08:19:08","slug":"cds-pp-defende-programa-de-rendas-acessiveis-com-incentivos-no-irc-e-irs-o-jornal-economico","status":"publish","type":"post","link":"https:\/\/super-news.info\/pt\/cds-pp-defende-programa-de-rendas-acessiveis-com-incentivos-no-irc-e-irs-o-jornal-economico\/","title":{"rendered":"CDS-PP defende programa de rendas acess\u00edveis com incentivos no IRC e IRS \u2013 O Jornal Econ\u00f3mico"},"content":{"rendered":"<p> [ad_1]<br \/>\n<\/p>\n<div>\n<div class=\"je-readmore\">\n<p>O l\u00edder do CDS-PP Madeira, Rui Barreto, apresentou duas solu\u00e7\u00f5es para dar resposta \u00e0s dificuldades sentidas no sector da habita\u00e7\u00e3o. Uma delas passa pela disponibiliza\u00e7\u00e3o no mercado de habita\u00e7\u00f5es com rendas acess\u00edveis. O centrista diz ainda que o Governo Regional deve ter o seu papel e que deve disponibilizar edif\u00edcios que estejam desaproveitados e coloca-los a pre\u00e7os baratos no mercado.<\/p>\n<p>Rui Barreto defendeu incentivos aos senhorios para que eles disponibilizem habita\u00e7\u00f5es no mercado a pre\u00e7os acess\u00edveis, com uma redu\u00e7\u00e3o de \u201cpelo menos 20% do valor do mercado\u201d, beneficiando ainda de redu\u00e7\u00e3o no IRC e IRS.<\/p>\n<p>O centrista acrescenta que a regi\u00e3o pode adaptar o programa que vigora no Continente de rendas acess\u00edveis, e pode complementa-lo dando aos munic\u00edpios a possibilidade de puderem isentar, seja parcialmente ou totalmente o pagamento do IMI.<\/p>\n<p>A esta medida junta-se ainda a possibilidade de o sector p\u00fablico poder disponibilizar edif\u00edcios que estejam em subaproveitamento, convertendo-os em habita\u00e7\u00e3o a pre\u00e7os mais acess\u00edveis.<\/p>\n<p>\u201cCom a conjuga\u00e7\u00e3o destas duas medidas, estimamos que possamos reduzir cerca de 1.000 pessoas em cada ano de uma legislatura (um total de 4 anos) das que est\u00e3o em lista se espera\u201d, afirmou Rui Barreto.<\/p>\n<p>O centrista diz que a habita\u00e7\u00e3o ser\u00e1 uma das \u00e1reas priorit\u00e1rios no programa de governo que o CDS-PP vai levar \u00e0s elei\u00e7\u00f5es regionais de 22 de setembro.<\/p>\n<p>\u201cTemos um problema de procura maior do que a oferta\u201d, sublinhou. Rui Barreto diz que \u00e9 preciso vontade pol\u00edtica para resolver os problemas da habita\u00e7\u00e3o. Rui Barreto acrescentou que existem 3.700 fam\u00edlias em listas de espera e que o problema trata-se pelo lado da solu\u00e7\u00e3o.<\/p>\n<\/p><\/div>\n<\/div>\n<p><script>function facebookInit(){var js=document.createElement('script');js.src='https:\/\/connect.facebook.net\/pt_PT\/sdk.js#xfbml=1&version=v3.1&appId=1708066812789184&autoLogAppEvents=1';return document.body.appendChild(js);}\nwindow.onscroll=function(){var rect=document.getElementsByClassName('je-post-content')[0].getBoundingClientRect();if(rect.bottom<window.innerHeight){facebookInit();window.onscroll=null;}}<\/script><br \/>\n<br \/>[ad_2]<br \/>\n<br \/><a href=\"https:\/\/jornaleconomico.sapo.pt\/noticias\/madeira-cds-pp-defende-programa-de-rendas-acessiveis-com-incentivos-no-irc-e-irs-468604\">Source link <\/a><\/p>\n","protected":false},"excerpt":{"rendered":"<p>[ad_1] O l\u00edder do CDS-PP Madeira, Rui Barreto, apresentou duas solu\u00e7\u00f5es para dar resposta \u00e0s dificuldades sentidas no sector da habita\u00e7\u00e3o. Uma delas passa pela disponibiliza\u00e7\u00e3o no mercado de habita\u00e7\u00f5es com rendas acess\u00edveis. O centrista diz ainda que o Governo Regional deve ter o seu papel e que deve disponibilizar edif\u00edcios que estejam desaproveitados e [&hellip;]<\/p>\n","protected":false},"author":2,"featured_media":3212,"comment_status":"open","ping_status":"open","sticky":false,"template":"","format":"standard","meta":{"footnotes":""},"categories":[1],"tags":[],"class_list":["post-3211","post","type-post","status-publish","format-standard","has-post-thumbnail","hentry","category-noticias-financeiras"],"yoast_head":"<!-- This site is optimized with the Yoast SEO plugin v27.4 - https:\/\/yoast.com\/product\/yoast-seo-wordpress\/ -->\n<title>CDS-PP defende programa de rendas acess\u00edveis com incentivos no IRC e IRS \u2013 O Jornal Econ\u00f3mico - Super News<\/title>\n<meta name=\"robots\" content=\"index, follow, max-snippet:-1, max-image-preview:large, max-video-preview:-1\" \/>\n<link rel=\"canonical\" href=\"https:\/\/super-news.info\/pt\/cds-pp-defende-programa-de-rendas-acessiveis-com-incentivos-no-irc-e-irs-o-jornal-economico\/\" \/>\n<meta property=\"og:locale\" content=\"pt_PT\" \/>\n<meta property=\"og:type\" content=\"article\" \/>\n<meta property=\"og:title\" content=\"CDS-PP defende programa de rendas acess\u00edveis com incentivos no IRC e IRS \u2013 O Jornal Econ\u00f3mico - Super News\" \/>\n<meta property=\"og:description\" content=\"[ad_1] O l\u00edder do CDS-PP Madeira, Rui Barreto, apresentou duas solu\u00e7\u00f5es para dar resposta \u00e0s dificuldades sentidas no sector da habita\u00e7\u00e3o. Uma delas passa pela disponibiliza\u00e7\u00e3o no mercado de habita\u00e7\u00f5es com rendas acess\u00edveis. O centrista diz ainda que o Governo Regional deve ter o seu papel e que deve disponibilizar edif\u00edcios que estejam desaproveitados e [&hellip;]\" \/>\n<meta property=\"og:url\" content=\"https:\/\/super-news.info\/pt\/cds-pp-defende-programa-de-rendas-acessiveis-com-incentivos-no-irc-e-irs-o-jornal-economico\/\" \/>\n<meta property=\"og:site_name\" content=\"Super News\" \/>\n<meta property=\"article:published_time\" content=\"2019-07-17T08:19:07+00:00\" \/>\n<meta property=\"article:modified_time\" content=\"2019-07-17T08:19:08+00:00\" \/>\n<meta property=\"og:image\" content=\"https:\/\/super-news.info\/pt\/wp-content\/uploads\/sites\/2\/2019\/07\/CDS-PP-defende-programa-de-rendas-acess\u00edveis-com-incentivos-no-IRC.png\" \/>\n\t<meta property=\"og:image:width\" content=\"600\" \/>\n\t<meta property=\"og:image:height\" content=\"672\" \/>\n\t<meta property=\"og:image:type\" content=\"image\/png\" \/>\n<meta name=\"author\" content=\"super-news\" \/>\n<meta name=\"twitter:card\" content=\"summary_large_image\" \/>\n<meta name=\"twitter:label1\" content=\"Escrito por\" \/>\n\t<meta name=\"twitter:data1\" content=\"super-news\" \/>\n\t<meta name=\"twitter:label2\" content=\"Tempo estimado de leitura\" \/>\n\t<meta name=\"twitter:data2\" content=\"1 minuto\" \/>\n<script type=\"application\/ld+json\" class=\"yoast-schema-graph\">{\"@context\":\"https:\\\/\\\/schema.org\",\"@graph\":[{\"@type\":\"Article\",\"@id\":\"https:\\\/\\\/super-news.info\\\/pt\\\/cds-pp-defende-programa-de-rendas-acessiveis-com-incentivos-no-irc-e-irs-o-jornal-economico\\\/#article\",\"isPartOf\":{\"@id\":\"https:\\\/\\\/super-news.info\\\/pt\\\/cds-pp-defende-programa-de-rendas-acessiveis-com-incentivos-no-irc-e-irs-o-jornal-economico\\\/\"},\"author\":{\"name\":\"super-news\",\"@id\":\"https:\\\/\\\/super-news.info\\\/pt\\\/#\\\/schema\\\/person\\\/2d4068cb2f39cd10008c2fce578a7356\"},\"headline\":\"CDS-PP defende programa de rendas acess\u00edveis com incentivos no IRC e IRS \u2013 O Jornal Econ\u00f3mico\",\"datePublished\":\"2019-07-17T08:19:07+00:00\",\"dateModified\":\"2019-07-17T08:19:08+00:00\",\"mainEntityOfPage\":{\"@id\":\"https:\\\/\\\/super-news.info\\\/pt\\\/cds-pp-defende-programa-de-rendas-acessiveis-com-incentivos-no-irc-e-irs-o-jornal-economico\\\/\"},\"wordCount\":308,\"commentCount\":0,\"image\":{\"@id\":\"https:\\\/\\\/super-news.info\\\/pt\\\/cds-pp-defende-programa-de-rendas-acessiveis-com-incentivos-no-irc-e-irs-o-jornal-economico\\\/#primaryimage\"},\"thumbnailUrl\":\"https:\\\/\\\/super-news.info\\\/pt\\\/wp-content\\\/uploads\\\/sites\\\/2\\\/2019\\\/07\\\/CDS-PP-defende-programa-de-rendas-acess\u00edveis-com-incentivos-no-IRC.png\",\"articleSection\":[\"NOT\u00cdCIAS FINANCEIRAS\"],\"inLanguage\":\"pt-PT\",\"potentialAction\":[{\"@type\":\"CommentAction\",\"name\":\"Comment\",\"target\":[\"https:\\\/\\\/super-news.info\\\/pt\\\/cds-pp-defende-programa-de-rendas-acessiveis-com-incentivos-no-irc-e-irs-o-jornal-economico\\\/#respond\"]}]},{\"@type\":\"WebPage\",\"@id\":\"https:\\\/\\\/super-news.info\\\/pt\\\/cds-pp-defende-programa-de-rendas-acessiveis-com-incentivos-no-irc-e-irs-o-jornal-economico\\\/\",\"url\":\"https:\\\/\\\/super-news.info\\\/pt\\\/cds-pp-defende-programa-de-rendas-acessiveis-com-incentivos-no-irc-e-irs-o-jornal-economico\\\/\",\"name\":\"CDS-PP defende programa de rendas acess\u00edveis com incentivos no IRC e IRS \u2013 O Jornal Econ\u00f3mico - Super News\",\"isPartOf\":{\"@id\":\"https:\\\/\\\/super-news.info\\\/pt\\\/#website\"},\"primaryImageOfPage\":{\"@id\":\"https:\\\/\\\/super-news.info\\\/pt\\\/cds-pp-defende-programa-de-rendas-acessiveis-com-incentivos-no-irc-e-irs-o-jornal-economico\\\/#primaryimage\"},\"image\":{\"@id\":\"https:\\\/\\\/super-news.info\\\/pt\\\/cds-pp-defende-programa-de-rendas-acessiveis-com-incentivos-no-irc-e-irs-o-jornal-economico\\\/#primaryimage\"},\"thumbnailUrl\":\"https:\\\/\\\/super-news.info\\\/pt\\\/wp-content\\\/uploads\\\/sites\\\/2\\\/2019\\\/07\\\/CDS-PP-defende-programa-de-rendas-acess\u00edveis-com-incentivos-no-IRC.png\",\"datePublished\":\"2019-07-17T08:19:07+00:00\",\"dateModified\":\"2019-07-17T08:19:08+00:00\",\"author\":{\"@id\":\"https:\\\/\\\/super-news.info\\\/pt\\\/#\\\/schema\\\/person\\\/2d4068cb2f39cd10008c2fce578a7356\"},\"breadcrumb\":{\"@id\":\"https:\\\/\\\/super-news.info\\\/pt\\\/cds-pp-defende-programa-de-rendas-acessiveis-com-incentivos-no-irc-e-irs-o-jornal-economico\\\/#breadcrumb\"},\"inLanguage\":\"pt-PT\",\"potentialAction\":[{\"@type\":\"ReadAction\",\"target\":[\"https:\\\/\\\/super-news.info\\\/pt\\\/cds-pp-defende-programa-de-rendas-acessiveis-com-incentivos-no-irc-e-irs-o-jornal-economico\\\/\"]}]},{\"@type\":\"ImageObject\",\"inLanguage\":\"pt-PT\",\"@id\":\"https:\\\/\\\/super-news.info\\\/pt\\\/cds-pp-defende-programa-de-rendas-acessiveis-com-incentivos-no-irc-e-irs-o-jornal-economico\\\/#primaryimage\",\"url\":\"https:\\\/\\\/super-news.info\\\/pt\\\/wp-content\\\/uploads\\\/sites\\\/2\\\/2019\\\/07\\\/CDS-PP-defende-programa-de-rendas-acess\u00edveis-com-incentivos-no-IRC.png\",\"contentUrl\":\"https:\\\/\\\/super-news.info\\\/pt\\\/wp-content\\\/uploads\\\/sites\\\/2\\\/2019\\\/07\\\/CDS-PP-defende-programa-de-rendas-acess\u00edveis-com-incentivos-no-IRC.png\",\"width\":600,\"height\":672,\"caption\":\"CDS-PP defende programa de rendas acess\u00edveis com incentivos no IRC e IRS \u2013 O Jornal Econ\u00f3mico\"},{\"@type\":\"BreadcrumbList\",\"@id\":\"https:\\\/\\\/super-news.info\\\/pt\\\/cds-pp-defende-programa-de-rendas-acessiveis-com-incentivos-no-irc-e-irs-o-jornal-economico\\\/#breadcrumb\",\"itemListElement\":[{\"@type\":\"ListItem\",\"position\":1,\"name\":\"\u0413\u043b\u0430\u0432\u043d\u0430\u044f \u0441\u0442\u0440\u0430\u043d\u0438\u0446\u0430\",\"item\":\"https:\\\/\\\/super-news.info\\\/pt\\\/\"},{\"@type\":\"ListItem\",\"position\":2,\"name\":\"CDS-PP defende programa de rendas acess\u00edveis com incentivos no IRC e IRS \u2013 O Jornal Econ\u00f3mico\"}]},{\"@type\":\"WebSite\",\"@id\":\"https:\\\/\\\/super-news.info\\\/pt\\\/#website\",\"url\":\"https:\\\/\\\/super-news.info\\\/pt\\\/\",\"name\":\"Super News\",\"description\":\"Super News Portugal\",\"potentialAction\":[{\"@type\":\"SearchAction\",\"target\":{\"@type\":\"EntryPoint\",\"urlTemplate\":\"https:\\\/\\\/super-news.info\\\/pt\\\/?s={search_term_string}\"},\"query-input\":{\"@type\":\"PropertyValueSpecification\",\"valueRequired\":true,\"valueName\":\"search_term_string\"}}],\"inLanguage\":\"pt-PT\"},{\"@type\":\"Person\",\"@id\":\"https:\\\/\\\/super-news.info\\\/pt\\\/#\\\/schema\\\/person\\\/2d4068cb2f39cd10008c2fce578a7356\",\"name\":\"super-news\",\"image\":{\"@type\":\"ImageObject\",\"inLanguage\":\"pt-PT\",\"@id\":\"https:\\\/\\\/secure.gravatar.com\\\/avatar\\\/64ebac40b93f26a154f8a9b5b6fdccfc46f442b26b3dd6756dbff3bf9dc76fd7?s=96&d=mm&r=g\",\"url\":\"https:\\\/\\\/secure.gravatar.com\\\/avatar\\\/64ebac40b93f26a154f8a9b5b6fdccfc46f442b26b3dd6756dbff3bf9dc76fd7?s=96&d=mm&r=g\",\"contentUrl\":\"https:\\\/\\\/secure.gravatar.com\\\/avatar\\\/64ebac40b93f26a154f8a9b5b6fdccfc46f442b26b3dd6756dbff3bf9dc76fd7?s=96&d=mm&r=g\",\"caption\":\"super-news\"},\"url\":\"https:\\\/\\\/super-news.info\\\/pt\\\/author\\\/pt\\\/\"}]}<\/script>\n<!-- \/ Yoast SEO plugin. -->","yoast_head_json":{"title":"CDS-PP defende programa de rendas acess\u00edveis com incentivos no IRC e IRS \u2013 O Jornal Econ\u00f3mico - Super News","robots":{"index":"index","follow":"follow","max-snippet":"max-snippet:-1","max-image-preview":"max-image-preview:large","max-video-preview":"max-video-preview:-1"},"canonical":"https:\/\/super-news.info\/pt\/cds-pp-defende-programa-de-rendas-acessiveis-com-incentivos-no-irc-e-irs-o-jornal-economico\/","og_locale":"pt_PT","og_type":"article","og_title":"CDS-PP defende programa de rendas acess\u00edveis com incentivos no IRC e IRS \u2013 O Jornal Econ\u00f3mico - Super News","og_description":"[ad_1] O l\u00edder do CDS-PP Madeira, Rui Barreto, apresentou duas solu\u00e7\u00f5es para dar resposta \u00e0s dificuldades sentidas no sector da habita\u00e7\u00e3o. Uma delas passa pela disponibiliza\u00e7\u00e3o no mercado de habita\u00e7\u00f5es com rendas acess\u00edveis. O centrista diz ainda que o Governo Regional deve ter o seu papel e que deve disponibilizar edif\u00edcios que estejam desaproveitados e [&hellip;]","og_url":"https:\/\/super-news.info\/pt\/cds-pp-defende-programa-de-rendas-acessiveis-com-incentivos-no-irc-e-irs-o-jornal-economico\/","og_site_name":"Super News","article_published_time":"2019-07-17T08:19:07+00:00","article_modified_time":"2019-07-17T08:19:08+00:00","og_image":[{"width":600,"height":672,"url":"https:\/\/super-news.info\/pt\/wp-content\/uploads\/sites\/2\/2019\/07\/CDS-PP-defende-programa-de-rendas-acess\u00edveis-com-incentivos-no-IRC.png","type":"image\/png"}],"author":"super-news","twitter_card":"summary_large_image","twitter_misc":{"Escrito por":"super-news","Tempo estimado de leitura":"1 minuto"},"schema":{"@context":"https:\/\/schema.org","@graph":[{"@type":"Article","@id":"https:\/\/super-news.info\/pt\/cds-pp-defende-programa-de-rendas-acessiveis-com-incentivos-no-irc-e-irs-o-jornal-economico\/#article","isPartOf":{"@id":"https:\/\/super-news.info\/pt\/cds-pp-defende-programa-de-rendas-acessiveis-com-incentivos-no-irc-e-irs-o-jornal-economico\/"},"author":{"name":"super-news","@id":"https:\/\/super-news.info\/pt\/#\/schema\/person\/2d4068cb2f39cd10008c2fce578a7356"},"headline":"CDS-PP defende programa de rendas acess\u00edveis com incentivos no IRC e IRS \u2013 O Jornal Econ\u00f3mico","datePublished":"2019-07-17T08:19:07+00:00","dateModified":"2019-07-17T08:19:08+00:00","mainEntityOfPage":{"@id":"https:\/\/super-news.info\/pt\/cds-pp-defende-programa-de-rendas-acessiveis-com-incentivos-no-irc-e-irs-o-jornal-economico\/"},"wordCount":308,"commentCount":0,"image":{"@id":"https:\/\/super-news.info\/pt\/cds-pp-defende-programa-de-rendas-acessiveis-com-incentivos-no-irc-e-irs-o-jornal-economico\/#primaryimage"},"thumbnailUrl":"https:\/\/super-news.info\/pt\/wp-content\/uploads\/sites\/2\/2019\/07\/CDS-PP-defende-programa-de-rendas-acess\u00edveis-com-incentivos-no-IRC.png","articleSection":["NOT\u00cdCIAS FINANCEIRAS"],"inLanguage":"pt-PT","potentialAction":[{"@type":"CommentAction","name":"Comment","target":["https:\/\/super-news.info\/pt\/cds-pp-defende-programa-de-rendas-acessiveis-com-incentivos-no-irc-e-irs-o-jornal-economico\/#respond"]}]},{"@type":"WebPage","@id":"https:\/\/super-news.info\/pt\/cds-pp-defende-programa-de-rendas-acessiveis-com-incentivos-no-irc-e-irs-o-jornal-economico\/","url":"https:\/\/super-news.info\/pt\/cds-pp-defende-programa-de-rendas-acessiveis-com-incentivos-no-irc-e-irs-o-jornal-economico\/","name":"CDS-PP defende programa de rendas acess\u00edveis com incentivos no IRC e IRS \u2013 O Jornal Econ\u00f3mico - Super News","isPartOf":{"@id":"https:\/\/super-news.info\/pt\/#website"},"primaryImageOfPage":{"@id":"https:\/\/super-news.info\/pt\/cds-pp-defende-programa-de-rendas-acessiveis-com-incentivos-no-irc-e-irs-o-jornal-economico\/#primaryimage"},"image":{"@id":"https:\/\/super-news.info\/pt\/cds-pp-defende-programa-de-rendas-acessiveis-com-incentivos-no-irc-e-irs-o-jornal-economico\/#primaryimage"},"thumbnailUrl":"https:\/\/super-news.info\/pt\/wp-content\/uploads\/sites\/2\/2019\/07\/CDS-PP-defende-programa-de-rendas-acess\u00edveis-com-incentivos-no-IRC.png","datePublished":"2019-07-17T08:19:07+00:00","dateModified":"2019-07-17T08:19:08+00:00","author":{"@id":"https:\/\/super-news.info\/pt\/#\/schema\/person\/2d4068cb2f39cd10008c2fce578a7356"},"breadcrumb":{"@id":"https:\/\/super-news.info\/pt\/cds-pp-defende-programa-de-rendas-acessiveis-com-incentivos-no-irc-e-irs-o-jornal-economico\/#breadcrumb"},"inLanguage":"pt-PT","potentialAction":[{"@type":"ReadAction","target":["https:\/\/super-news.info\/pt\/cds-pp-defende-programa-de-rendas-acessiveis-com-incentivos-no-irc-e-irs-o-jornal-economico\/"]}]},{"@type":"ImageObject","inLanguage":"pt-PT","@id":"https:\/\/super-news.info\/pt\/cds-pp-defende-programa-de-rendas-acessiveis-com-incentivos-no-irc-e-irs-o-jornal-economico\/#primaryimage","url":"https:\/\/super-news.info\/pt\/wp-content\/uploads\/sites\/2\/2019\/07\/CDS-PP-defende-programa-de-rendas-acess\u00edveis-com-incentivos-no-IRC.png","contentUrl":"https:\/\/super-news.info\/pt\/wp-content\/uploads\/sites\/2\/2019\/07\/CDS-PP-defende-programa-de-rendas-acess\u00edveis-com-incentivos-no-IRC.png","width":600,"height":672,"caption":"CDS-PP defende programa de rendas acess\u00edveis com incentivos no IRC e IRS \u2013 O Jornal Econ\u00f3mico"},{"@type":"BreadcrumbList","@id":"https:\/\/super-news.info\/pt\/cds-pp-defende-programa-de-rendas-acessiveis-com-incentivos-no-irc-e-irs-o-jornal-economico\/#breadcrumb","itemListElement":[{"@type":"ListItem","position":1,"name":"\u0413\u043b\u0430\u0432\u043d\u0430\u044f \u0441\u0442\u0440\u0430\u043d\u0438\u0446\u0430","item":"https:\/\/super-news.info\/pt\/"},{"@type":"ListItem","position":2,"name":"CDS-PP defende programa de rendas acess\u00edveis com incentivos no IRC e IRS \u2013 O Jornal Econ\u00f3mico"}]},{"@type":"WebSite","@id":"https:\/\/super-news.info\/pt\/#website","url":"https:\/\/super-news.info\/pt\/","name":"Super News","description":"Super News Portugal","potentialAction":[{"@type":"SearchAction","target":{"@type":"EntryPoint","urlTemplate":"https:\/\/super-news.info\/pt\/?s={search_term_string}"},"query-input":{"@type":"PropertyValueSpecification","valueRequired":true,"valueName":"search_term_string"}}],"inLanguage":"pt-PT"},{"@type":"Person","@id":"https:\/\/super-news.info\/pt\/#\/schema\/person\/2d4068cb2f39cd10008c2fce578a7356","name":"super-news","image":{"@type":"ImageObject","inLanguage":"pt-PT","@id":"https:\/\/secure.gravatar.com\/avatar\/64ebac40b93f26a154f8a9b5b6fdccfc46f442b26b3dd6756dbff3bf9dc76fd7?s=96&d=mm&r=g","url":"https:\/\/secure.gravatar.com\/avatar\/64ebac40b93f26a154f8a9b5b6fdccfc46f442b26b3dd6756dbff3bf9dc76fd7?s=96&d=mm&r=g","contentUrl":"https:\/\/secure.gravatar.com\/avatar\/64ebac40b93f26a154f8a9b5b6fdccfc46f442b26b3dd6756dbff3bf9dc76fd7?s=96&d=mm&r=g","caption":"super-news"},"url":"https:\/\/super-news.info\/pt\/author\/pt\/"}]}},"_links":{"self":[{"href":"https:\/\/super-news.info\/pt\/wp-json\/wp\/v2\/posts\/3211","targetHints":{"allow":["GET"]}}],"collection":[{"href":"https:\/\/super-news.info\/pt\/wp-json\/wp\/v2\/posts"}],"about":[{"href":"https:\/\/super-news.info\/pt\/wp-json\/wp\/v2\/types\/post"}],"author":[{"embeddable":true,"href":"https:\/\/super-news.info\/pt\/wp-json\/wp\/v2\/users\/2"}],"replies":[{"embeddable":true,"href":"https:\/\/super-news.info\/pt\/wp-json\/wp\/v2\/comments?post=3211"}],"version-history":[{"count":1,"href":"https:\/\/super-news.info\/pt\/wp-json\/wp\/v2\/posts\/3211\/revisions"}],"predecessor-version":[{"id":3213,"href":"https:\/\/super-news.info\/pt\/wp-json\/wp\/v2\/posts\/3211\/revisions\/3213"}],"wp:featuredmedia":[{"embeddable":true,"href":"https:\/\/super-news.info\/pt\/wp-json\/wp\/v2\/media\/3212"}],"wp:attachment":[{"href":"https:\/\/super-news.info\/pt\/wp-json\/wp\/v2\/media?parent=3211"}],"wp:term":[{"taxonomy":"category","embeddable":true,"href":"https:\/\/super-news.info\/pt\/wp-json\/wp\/v2\/categories?post=3211"},{"taxonomy":"post_tag","embeddable":true,"href":"https:\/\/super-news.info\/pt\/wp-json\/wp\/v2\/tags?post=3211"}],"curies":[{"name":"wp","href":"https:\/\/api.w.org\/{rel}","templated":true}]}}