{"id":3169,"date":"2019-07-16T10:19:22","date_gmt":"2019-07-16T07:19:22","guid":{"rendered":"https:\/\/super-news.info\/pt\/ha-efetivamente-uma-necessidade-de-mudanca-na-madeira-o-jornal-economico\/"},"modified":"2019-07-16T10:19:23","modified_gmt":"2019-07-16T07:19:23","slug":"ha-efetivamente-uma-necessidade-de-mudanca-na-madeira-o-jornal-economico","status":"publish","type":"post","link":"https:\/\/super-news.info\/pt\/ha-efetivamente-uma-necessidade-de-mudanca-na-madeira-o-jornal-economico\/","title":{"rendered":"\u201cH\u00e1 efetivamente uma necessidade de mudan\u00e7a na Madeira\u201d \u2013 O Jornal Econ\u00f3mico"},"content":{"rendered":"<p> [ad_1]<br \/>\n<\/p>\n<div>\n<p><strong>Faltam tr\u00eas meses para as elei\u00e7\u00f5es regionais. O PS tem realmente hip\u00f3teses de vencer? Quais \u00e9 que s\u00e3o as vossas perspetivas?<\/strong><br \/>H\u00e1 dois partidos com hip\u00f3tese de vencer: ou o PSD ou o PS. Formar Governo, o caso j\u00e1 muda de figura. Mas se a normalidade imperar, um dos cabe\u00e7a-de-lista do PS ou do PSD ser\u00e1 o presidente do pr\u00f3ximo Governo. Estas elei\u00e7\u00f5es s\u00e3o aquelas em que o PS apresenta-se com melhores probabilidades, com um projeto v\u00e1lido de quebrar com a hegemonia de um partido que gere os destinos da regi\u00e3o durante 43 anos. Parece-me que o PStem-no feito da forma correta, n\u00e3o tem fechado portas a ningu\u00e9m, os Estados Gerais t\u00eam permitido aduzir muito conhecimento. Se os madeirenses reconhecerem que o trabalho que tem vindo a ser efetuado na constru\u00e7\u00e3o de um programa merece ser implementado, acho que h\u00e1 boas possibilidades de haver a tal altern\u00e2ncia.<\/p>\n<p><strong>Na eventualidade do PS vir a vencer, h\u00e1 aliados naturais para conseguir formar um Governo, se houver essa necessidade?<\/strong><br \/>Sobre os aliados naturais, eu costumo olhar para a c\u00e2mara. N\u00f3s temos aqui uma coliga\u00e7\u00e3o que se manteve entre o PS e o Bloco de Esquerda, entretanto uns partidos t\u00eam sa\u00eddo, outros t\u00eam entrado, mas esses dois partidos conseguiram no Funchal encontrar alguma estabilidade governativa. Acho que isso pode ser um bom pren\u00fancio para as regionais. No entanto, aquilo que os resultados apontam \u00e9 que pode n\u00e3o ser suficiente dois partidos para formar governo, e a\u00ed h\u00e1 que encontrar quer \u00e0 esquerda, quer ao centro ou \u00e0 direita. Nisso acho que o Paulo Caf\u00f4fo tem todo o m\u00e9rito de conseguir gerir duas coliga\u00e7\u00f5es aqui na C\u00e2mara do Funchal, conseguindo sempre encontrar consensos ora \u00e0 esquerda, ora \u00e0 direita, ora ao centro, para implementar aquilo que \u00e9 necess\u00e1rio, aquilo que s\u00e3o as melhores medidas aqui no Funchal. Se h\u00e1 pessoa que o consegue fazer, ser\u00e1 Paulo Caf\u00f4fo com certeza.<\/p>\n<p><strong>Conte\u00fado reservado a assinantes. Para ler a vers\u00e3o completa, aceda aqui ao JE Leitor. Edi\u00e7\u00e3o do Econ\u00f3mico Madeira de 5 de julho.<\/strong><\/p>\n<\/p><\/div>\n<p><script>function facebookInit(){var js=document.createElement('script');js.src='https:\/\/connect.facebook.net\/pt_PT\/sdk.js#xfbml=1&version=v3.1&appId=1708066812789184&autoLogAppEvents=1';return document.body.appendChild(js);}\nwindow.onscroll=function(){var rect=document.getElementsByClassName('je-post-content')[0].getBoundingClientRect();if(rect.bottom<window.innerHeight){facebookInit();window.onscroll=null;}}<\/script><br \/>\n<br \/>[ad_2]<br \/>\n<br \/><a href=\"https:\/\/jornaleconomico.sapo.pt\/noticias\/ha-efetivamente-uma-necessidade-de-mudanca-na-madeira-463893\">Source link <\/a><\/p>\n","protected":false},"excerpt":{"rendered":"<p>[ad_1] Faltam tr\u00eas meses para as elei\u00e7\u00f5es regionais. O PS tem realmente hip\u00f3teses de vencer? Quais \u00e9 que s\u00e3o as vossas perspetivas?H\u00e1 dois partidos com hip\u00f3tese de vencer: ou o PSD ou o PS. Formar Governo, o caso j\u00e1 muda de figura. Mas se a normalidade imperar, um dos cabe\u00e7a-de-lista do PS ou do PSD [&hellip;]<\/p>\n","protected":false},"author":2,"featured_media":3170,"comment_status":"open","ping_status":"open","sticky":false,"template":"","format":"standard","meta":{"footnotes":""},"categories":[1],"tags":[],"class_list":["post-3169","post","type-post","status-publish","format-standard","has-post-thumbnail","hentry","category-noticias-financeiras"],"yoast_head":"<!-- This site is optimized with the Yoast SEO plugin v27.4 - https:\/\/yoast.com\/product\/yoast-seo-wordpress\/ -->\n<title>\u201cH\u00e1 efetivamente uma necessidade de mudan\u00e7a na Madeira\u201d \u2013 O Jornal Econ\u00f3mico - Super News<\/title>\n<meta name=\"robots\" content=\"index, follow, max-snippet:-1, max-image-preview:large, max-video-preview:-1\" \/>\n<link rel=\"canonical\" href=\"https:\/\/super-news.info\/pt\/ha-efetivamente-uma-necessidade-de-mudanca-na-madeira-o-jornal-economico\/\" \/>\n<meta property=\"og:locale\" content=\"pt_PT\" \/>\n<meta property=\"og:type\" content=\"article\" \/>\n<meta property=\"og:title\" content=\"\u201cH\u00e1 efetivamente uma necessidade de mudan\u00e7a na Madeira\u201d \u2013 O Jornal Econ\u00f3mico - Super News\" \/>\n<meta property=\"og:description\" content=\"[ad_1] Faltam tr\u00eas meses para as elei\u00e7\u00f5es regionais. O PS tem realmente hip\u00f3teses de vencer? Quais \u00e9 que s\u00e3o as vossas perspetivas?H\u00e1 dois partidos com hip\u00f3tese de vencer: ou o PSD ou o PS. Formar Governo, o caso j\u00e1 muda de figura. Mas se a normalidade imperar, um dos cabe\u00e7a-de-lista do PS ou do PSD [&hellip;]\" \/>\n<meta property=\"og:url\" content=\"https:\/\/super-news.info\/pt\/ha-efetivamente-uma-necessidade-de-mudanca-na-madeira-o-jornal-economico\/\" \/>\n<meta property=\"og:site_name\" content=\"Super News\" \/>\n<meta property=\"article:published_time\" content=\"2019-07-16T07:19:22+00:00\" \/>\n<meta property=\"article:modified_time\" content=\"2019-07-16T07:19:23+00:00\" \/>\n<meta property=\"og:image\" content=\"https:\/\/super-news.info\/pt\/wp-content\/uploads\/sites\/2\/2019\/07\/\u201cH\u00e1-efetivamente-uma-necessidade-de-mudan\u00e7a-na-Madeira\u201d-\u2013-O.png\" \/>\n\t<meta property=\"og:image:width\" content=\"600\" \/>\n\t<meta property=\"og:image:height\" content=\"698\" \/>\n\t<meta property=\"og:image:type\" content=\"image\/png\" \/>\n<meta name=\"author\" content=\"super-news\" \/>\n<meta name=\"twitter:card\" content=\"summary_large_image\" \/>\n<meta name=\"twitter:label1\" content=\"Escrito por\" \/>\n\t<meta name=\"twitter:data1\" content=\"super-news\" \/>\n\t<meta name=\"twitter:label2\" content=\"Tempo estimado de leitura\" \/>\n\t<meta name=\"twitter:data2\" content=\"2 minutos\" \/>\n<script type=\"application\/ld+json\" class=\"yoast-schema-graph\">{\"@context\":\"https:\\\/\\\/schema.org\",\"@graph\":[{\"@type\":\"Article\",\"@id\":\"https:\\\/\\\/super-news.info\\\/pt\\\/ha-efetivamente-uma-necessidade-de-mudanca-na-madeira-o-jornal-economico\\\/#article\",\"isPartOf\":{\"@id\":\"https:\\\/\\\/super-news.info\\\/pt\\\/ha-efetivamente-uma-necessidade-de-mudanca-na-madeira-o-jornal-economico\\\/\"},\"author\":{\"name\":\"super-news\",\"@id\":\"https:\\\/\\\/super-news.info\\\/pt\\\/#\\\/schema\\\/person\\\/2d4068cb2f39cd10008c2fce578a7356\"},\"headline\":\"\u201cH\u00e1 efetivamente uma necessidade de mudan\u00e7a na Madeira\u201d \u2013 O Jornal Econ\u00f3mico\",\"datePublished\":\"2019-07-16T07:19:22+00:00\",\"dateModified\":\"2019-07-16T07:19:23+00:00\",\"mainEntityOfPage\":{\"@id\":\"https:\\\/\\\/super-news.info\\\/pt\\\/ha-efetivamente-uma-necessidade-de-mudanca-na-madeira-o-jornal-economico\\\/\"},\"wordCount\":379,\"commentCount\":0,\"image\":{\"@id\":\"https:\\\/\\\/super-news.info\\\/pt\\\/ha-efetivamente-uma-necessidade-de-mudanca-na-madeira-o-jornal-economico\\\/#primaryimage\"},\"thumbnailUrl\":\"https:\\\/\\\/super-news.info\\\/pt\\\/wp-content\\\/uploads\\\/sites\\\/2\\\/2019\\\/07\\\/\u201cH\u00e1-efetivamente-uma-necessidade-de-mudan\u00e7a-na-Madeira\u201d-\u2013-O.png\",\"articleSection\":[\"NOT\u00cdCIAS FINANCEIRAS\"],\"inLanguage\":\"pt-PT\",\"potentialAction\":[{\"@type\":\"CommentAction\",\"name\":\"Comment\",\"target\":[\"https:\\\/\\\/super-news.info\\\/pt\\\/ha-efetivamente-uma-necessidade-de-mudanca-na-madeira-o-jornal-economico\\\/#respond\"]}]},{\"@type\":\"WebPage\",\"@id\":\"https:\\\/\\\/super-news.info\\\/pt\\\/ha-efetivamente-uma-necessidade-de-mudanca-na-madeira-o-jornal-economico\\\/\",\"url\":\"https:\\\/\\\/super-news.info\\\/pt\\\/ha-efetivamente-uma-necessidade-de-mudanca-na-madeira-o-jornal-economico\\\/\",\"name\":\"\u201cH\u00e1 efetivamente uma necessidade de mudan\u00e7a na Madeira\u201d \u2013 O Jornal Econ\u00f3mico - Super News\",\"isPartOf\":{\"@id\":\"https:\\\/\\\/super-news.info\\\/pt\\\/#website\"},\"primaryImageOfPage\":{\"@id\":\"https:\\\/\\\/super-news.info\\\/pt\\\/ha-efetivamente-uma-necessidade-de-mudanca-na-madeira-o-jornal-economico\\\/#primaryimage\"},\"image\":{\"@id\":\"https:\\\/\\\/super-news.info\\\/pt\\\/ha-efetivamente-uma-necessidade-de-mudanca-na-madeira-o-jornal-economico\\\/#primaryimage\"},\"thumbnailUrl\":\"https:\\\/\\\/super-news.info\\\/pt\\\/wp-content\\\/uploads\\\/sites\\\/2\\\/2019\\\/07\\\/\u201cH\u00e1-efetivamente-uma-necessidade-de-mudan\u00e7a-na-Madeira\u201d-\u2013-O.png\",\"datePublished\":\"2019-07-16T07:19:22+00:00\",\"dateModified\":\"2019-07-16T07:19:23+00:00\",\"author\":{\"@id\":\"https:\\\/\\\/super-news.info\\\/pt\\\/#\\\/schema\\\/person\\\/2d4068cb2f39cd10008c2fce578a7356\"},\"breadcrumb\":{\"@id\":\"https:\\\/\\\/super-news.info\\\/pt\\\/ha-efetivamente-uma-necessidade-de-mudanca-na-madeira-o-jornal-economico\\\/#breadcrumb\"},\"inLanguage\":\"pt-PT\",\"potentialAction\":[{\"@type\":\"ReadAction\",\"target\":[\"https:\\\/\\\/super-news.info\\\/pt\\\/ha-efetivamente-uma-necessidade-de-mudanca-na-madeira-o-jornal-economico\\\/\"]}]},{\"@type\":\"ImageObject\",\"inLanguage\":\"pt-PT\",\"@id\":\"https:\\\/\\\/super-news.info\\\/pt\\\/ha-efetivamente-uma-necessidade-de-mudanca-na-madeira-o-jornal-economico\\\/#primaryimage\",\"url\":\"https:\\\/\\\/super-news.info\\\/pt\\\/wp-content\\\/uploads\\\/sites\\\/2\\\/2019\\\/07\\\/\u201cH\u00e1-efetivamente-uma-necessidade-de-mudan\u00e7a-na-Madeira\u201d-\u2013-O.png\",\"contentUrl\":\"https:\\\/\\\/super-news.info\\\/pt\\\/wp-content\\\/uploads\\\/sites\\\/2\\\/2019\\\/07\\\/\u201cH\u00e1-efetivamente-uma-necessidade-de-mudan\u00e7a-na-Madeira\u201d-\u2013-O.png\",\"width\":600,\"height\":698,\"caption\":\"\u201cH\u00e1 efetivamente uma necessidade de mudan\u00e7a na Madeira\u201d \u2013 O Jornal Econ\u00f3mico\"},{\"@type\":\"BreadcrumbList\",\"@id\":\"https:\\\/\\\/super-news.info\\\/pt\\\/ha-efetivamente-uma-necessidade-de-mudanca-na-madeira-o-jornal-economico\\\/#breadcrumb\",\"itemListElement\":[{\"@type\":\"ListItem\",\"position\":1,\"name\":\"\u0413\u043b\u0430\u0432\u043d\u0430\u044f \u0441\u0442\u0440\u0430\u043d\u0438\u0446\u0430\",\"item\":\"https:\\\/\\\/super-news.info\\\/pt\\\/\"},{\"@type\":\"ListItem\",\"position\":2,\"name\":\"\u201cH\u00e1 efetivamente uma necessidade de mudan\u00e7a na Madeira\u201d \u2013 O Jornal Econ\u00f3mico\"}]},{\"@type\":\"WebSite\",\"@id\":\"https:\\\/\\\/super-news.info\\\/pt\\\/#website\",\"url\":\"https:\\\/\\\/super-news.info\\\/pt\\\/\",\"name\":\"Super News\",\"description\":\"Super News Portugal\",\"potentialAction\":[{\"@type\":\"SearchAction\",\"target\":{\"@type\":\"EntryPoint\",\"urlTemplate\":\"https:\\\/\\\/super-news.info\\\/pt\\\/?s={search_term_string}\"},\"query-input\":{\"@type\":\"PropertyValueSpecification\",\"valueRequired\":true,\"valueName\":\"search_term_string\"}}],\"inLanguage\":\"pt-PT\"},{\"@type\":\"Person\",\"@id\":\"https:\\\/\\\/super-news.info\\\/pt\\\/#\\\/schema\\\/person\\\/2d4068cb2f39cd10008c2fce578a7356\",\"name\":\"super-news\",\"image\":{\"@type\":\"ImageObject\",\"inLanguage\":\"pt-PT\",\"@id\":\"https:\\\/\\\/secure.gravatar.com\\\/avatar\\\/64ebac40b93f26a154f8a9b5b6fdccfc46f442b26b3dd6756dbff3bf9dc76fd7?s=96&d=mm&r=g\",\"url\":\"https:\\\/\\\/secure.gravatar.com\\\/avatar\\\/64ebac40b93f26a154f8a9b5b6fdccfc46f442b26b3dd6756dbff3bf9dc76fd7?s=96&d=mm&r=g\",\"contentUrl\":\"https:\\\/\\\/secure.gravatar.com\\\/avatar\\\/64ebac40b93f26a154f8a9b5b6fdccfc46f442b26b3dd6756dbff3bf9dc76fd7?s=96&d=mm&r=g\",\"caption\":\"super-news\"},\"url\":\"https:\\\/\\\/super-news.info\\\/pt\\\/author\\\/pt\\\/\"}]}<\/script>\n<!-- \/ Yoast SEO plugin. -->","yoast_head_json":{"title":"\u201cH\u00e1 efetivamente uma necessidade de mudan\u00e7a na Madeira\u201d \u2013 O Jornal Econ\u00f3mico - Super News","robots":{"index":"index","follow":"follow","max-snippet":"max-snippet:-1","max-image-preview":"max-image-preview:large","max-video-preview":"max-video-preview:-1"},"canonical":"https:\/\/super-news.info\/pt\/ha-efetivamente-uma-necessidade-de-mudanca-na-madeira-o-jornal-economico\/","og_locale":"pt_PT","og_type":"article","og_title":"\u201cH\u00e1 efetivamente uma necessidade de mudan\u00e7a na Madeira\u201d \u2013 O Jornal Econ\u00f3mico - Super News","og_description":"[ad_1] Faltam tr\u00eas meses para as elei\u00e7\u00f5es regionais. O PS tem realmente hip\u00f3teses de vencer? Quais \u00e9 que s\u00e3o as vossas perspetivas?H\u00e1 dois partidos com hip\u00f3tese de vencer: ou o PSD ou o PS. Formar Governo, o caso j\u00e1 muda de figura. Mas se a normalidade imperar, um dos cabe\u00e7a-de-lista do PS ou do PSD [&hellip;]","og_url":"https:\/\/super-news.info\/pt\/ha-efetivamente-uma-necessidade-de-mudanca-na-madeira-o-jornal-economico\/","og_site_name":"Super News","article_published_time":"2019-07-16T07:19:22+00:00","article_modified_time":"2019-07-16T07:19:23+00:00","og_image":[{"width":600,"height":698,"url":"https:\/\/super-news.info\/pt\/wp-content\/uploads\/sites\/2\/2019\/07\/\u201cH\u00e1-efetivamente-uma-necessidade-de-mudan\u00e7a-na-Madeira\u201d-\u2013-O.png","type":"image\/png"}],"author":"super-news","twitter_card":"summary_large_image","twitter_misc":{"Escrito por":"super-news","Tempo estimado de leitura":"2 minutos"},"schema":{"@context":"https:\/\/schema.org","@graph":[{"@type":"Article","@id":"https:\/\/super-news.info\/pt\/ha-efetivamente-uma-necessidade-de-mudanca-na-madeira-o-jornal-economico\/#article","isPartOf":{"@id":"https:\/\/super-news.info\/pt\/ha-efetivamente-uma-necessidade-de-mudanca-na-madeira-o-jornal-economico\/"},"author":{"name":"super-news","@id":"https:\/\/super-news.info\/pt\/#\/schema\/person\/2d4068cb2f39cd10008c2fce578a7356"},"headline":"\u201cH\u00e1 efetivamente uma necessidade de mudan\u00e7a na Madeira\u201d \u2013 O Jornal Econ\u00f3mico","datePublished":"2019-07-16T07:19:22+00:00","dateModified":"2019-07-16T07:19:23+00:00","mainEntityOfPage":{"@id":"https:\/\/super-news.info\/pt\/ha-efetivamente-uma-necessidade-de-mudanca-na-madeira-o-jornal-economico\/"},"wordCount":379,"commentCount":0,"image":{"@id":"https:\/\/super-news.info\/pt\/ha-efetivamente-uma-necessidade-de-mudanca-na-madeira-o-jornal-economico\/#primaryimage"},"thumbnailUrl":"https:\/\/super-news.info\/pt\/wp-content\/uploads\/sites\/2\/2019\/07\/\u201cH\u00e1-efetivamente-uma-necessidade-de-mudan\u00e7a-na-Madeira\u201d-\u2013-O.png","articleSection":["NOT\u00cdCIAS FINANCEIRAS"],"inLanguage":"pt-PT","potentialAction":[{"@type":"CommentAction","name":"Comment","target":["https:\/\/super-news.info\/pt\/ha-efetivamente-uma-necessidade-de-mudanca-na-madeira-o-jornal-economico\/#respond"]}]},{"@type":"WebPage","@id":"https:\/\/super-news.info\/pt\/ha-efetivamente-uma-necessidade-de-mudanca-na-madeira-o-jornal-economico\/","url":"https:\/\/super-news.info\/pt\/ha-efetivamente-uma-necessidade-de-mudanca-na-madeira-o-jornal-economico\/","name":"\u201cH\u00e1 efetivamente uma necessidade de mudan\u00e7a na Madeira\u201d \u2013 O Jornal Econ\u00f3mico - Super News","isPartOf":{"@id":"https:\/\/super-news.info\/pt\/#website"},"primaryImageOfPage":{"@id":"https:\/\/super-news.info\/pt\/ha-efetivamente-uma-necessidade-de-mudanca-na-madeira-o-jornal-economico\/#primaryimage"},"image":{"@id":"https:\/\/super-news.info\/pt\/ha-efetivamente-uma-necessidade-de-mudanca-na-madeira-o-jornal-economico\/#primaryimage"},"thumbnailUrl":"https:\/\/super-news.info\/pt\/wp-content\/uploads\/sites\/2\/2019\/07\/\u201cH\u00e1-efetivamente-uma-necessidade-de-mudan\u00e7a-na-Madeira\u201d-\u2013-O.png","datePublished":"2019-07-16T07:19:22+00:00","dateModified":"2019-07-16T07:19:23+00:00","author":{"@id":"https:\/\/super-news.info\/pt\/#\/schema\/person\/2d4068cb2f39cd10008c2fce578a7356"},"breadcrumb":{"@id":"https:\/\/super-news.info\/pt\/ha-efetivamente-uma-necessidade-de-mudanca-na-madeira-o-jornal-economico\/#breadcrumb"},"inLanguage":"pt-PT","potentialAction":[{"@type":"ReadAction","target":["https:\/\/super-news.info\/pt\/ha-efetivamente-uma-necessidade-de-mudanca-na-madeira-o-jornal-economico\/"]}]},{"@type":"ImageObject","inLanguage":"pt-PT","@id":"https:\/\/super-news.info\/pt\/ha-efetivamente-uma-necessidade-de-mudanca-na-madeira-o-jornal-economico\/#primaryimage","url":"https:\/\/super-news.info\/pt\/wp-content\/uploads\/sites\/2\/2019\/07\/\u201cH\u00e1-efetivamente-uma-necessidade-de-mudan\u00e7a-na-Madeira\u201d-\u2013-O.png","contentUrl":"https:\/\/super-news.info\/pt\/wp-content\/uploads\/sites\/2\/2019\/07\/\u201cH\u00e1-efetivamente-uma-necessidade-de-mudan\u00e7a-na-Madeira\u201d-\u2013-O.png","width":600,"height":698,"caption":"\u201cH\u00e1 efetivamente uma necessidade de mudan\u00e7a na Madeira\u201d \u2013 O Jornal Econ\u00f3mico"},{"@type":"BreadcrumbList","@id":"https:\/\/super-news.info\/pt\/ha-efetivamente-uma-necessidade-de-mudanca-na-madeira-o-jornal-economico\/#breadcrumb","itemListElement":[{"@type":"ListItem","position":1,"name":"\u0413\u043b\u0430\u0432\u043d\u0430\u044f \u0441\u0442\u0440\u0430\u043d\u0438\u0446\u0430","item":"https:\/\/super-news.info\/pt\/"},{"@type":"ListItem","position":2,"name":"\u201cH\u00e1 efetivamente uma necessidade de mudan\u00e7a na Madeira\u201d \u2013 O Jornal Econ\u00f3mico"}]},{"@type":"WebSite","@id":"https:\/\/super-news.info\/pt\/#website","url":"https:\/\/super-news.info\/pt\/","name":"Super News","description":"Super News Portugal","potentialAction":[{"@type":"SearchAction","target":{"@type":"EntryPoint","urlTemplate":"https:\/\/super-news.info\/pt\/?s={search_term_string}"},"query-input":{"@type":"PropertyValueSpecification","valueRequired":true,"valueName":"search_term_string"}}],"inLanguage":"pt-PT"},{"@type":"Person","@id":"https:\/\/super-news.info\/pt\/#\/schema\/person\/2d4068cb2f39cd10008c2fce578a7356","name":"super-news","image":{"@type":"ImageObject","inLanguage":"pt-PT","@id":"https:\/\/secure.gravatar.com\/avatar\/64ebac40b93f26a154f8a9b5b6fdccfc46f442b26b3dd6756dbff3bf9dc76fd7?s=96&d=mm&r=g","url":"https:\/\/secure.gravatar.com\/avatar\/64ebac40b93f26a154f8a9b5b6fdccfc46f442b26b3dd6756dbff3bf9dc76fd7?s=96&d=mm&r=g","contentUrl":"https:\/\/secure.gravatar.com\/avatar\/64ebac40b93f26a154f8a9b5b6fdccfc46f442b26b3dd6756dbff3bf9dc76fd7?s=96&d=mm&r=g","caption":"super-news"},"url":"https:\/\/super-news.info\/pt\/author\/pt\/"}]}},"_links":{"self":[{"href":"https:\/\/super-news.info\/pt\/wp-json\/wp\/v2\/posts\/3169","targetHints":{"allow":["GET"]}}],"collection":[{"href":"https:\/\/super-news.info\/pt\/wp-json\/wp\/v2\/posts"}],"about":[{"href":"https:\/\/super-news.info\/pt\/wp-json\/wp\/v2\/types\/post"}],"author":[{"embeddable":true,"href":"https:\/\/super-news.info\/pt\/wp-json\/wp\/v2\/users\/2"}],"replies":[{"embeddable":true,"href":"https:\/\/super-news.info\/pt\/wp-json\/wp\/v2\/comments?post=3169"}],"version-history":[{"count":1,"href":"https:\/\/super-news.info\/pt\/wp-json\/wp\/v2\/posts\/3169\/revisions"}],"predecessor-version":[{"id":3171,"href":"https:\/\/super-news.info\/pt\/wp-json\/wp\/v2\/posts\/3169\/revisions\/3171"}],"wp:featuredmedia":[{"embeddable":true,"href":"https:\/\/super-news.info\/pt\/wp-json\/wp\/v2\/media\/3170"}],"wp:attachment":[{"href":"https:\/\/super-news.info\/pt\/wp-json\/wp\/v2\/media?parent=3169"}],"wp:term":[{"taxonomy":"category","embeddable":true,"href":"https:\/\/super-news.info\/pt\/wp-json\/wp\/v2\/categories?post=3169"},{"taxonomy":"post_tag","embeddable":true,"href":"https:\/\/super-news.info\/pt\/wp-json\/wp\/v2\/tags?post=3169"}],"curies":[{"name":"wp","href":"https:\/\/api.w.org\/{rel}","templated":true}]}}