{"id":2223,"date":"2019-06-07T18:30:56","date_gmt":"2019-06-07T15:30:56","guid":{"rendered":"https:\/\/super-news.info\/pt\/rebranding-da-sical-a-cargo-da-publicis-meios-publicidade\/"},"modified":"2019-06-07T18:30:57","modified_gmt":"2019-06-07T15:30:57","slug":"rebranding-da-sical-a-cargo-da-publicis-meios-publicidade","status":"publish","type":"post","link":"https:\/\/super-news.info\/pt\/rebranding-da-sical-a-cargo-da-publicis-meios-publicidade\/","title":{"rendered":"Rebranding da Sical a cargo da Publicis &#8211; Meios &#038; Publicidade"},"content":{"rendered":"<p> [ad_1]<br \/>\n<\/p>\n<div>\n<p style=\"text-align: left;\" align=\"JUSTIFY\">\u201cD\u00ea Origem a Novos Momentos\u201d \u00e9 o novo claim da marca portuguesa de caf\u00e9s torrados Sical na sequ\u00eancia de um rebranding desenvolvido pela Publicis. A par de um novo log\u00f3tipo, caracterizado por \u201cuma baiana mais jovem, positiva e confiante que expressa o respeito pelas origens\u201d, a nova identidade da marca inclui um novo grafismo e cores que ser\u00e3o aplicadas a todos os materiais da Sical, desde as ch\u00e1venas aos espa\u00e7os da marca e esplanadas. \u201cTodo o mood vai reflectir mais naturalidade e conforto, quer pelas cores, quer pelos materiais utilizados\u201d, assegura a marca em nota de imprensa.<\/p>\n<p style=\"text-align: left;\" align=\"JUSTIFY\">\u201cRegressar \u00e0s origens, num mundo de excessos a todos os n\u00edveis, transporta-nos para uma vida mais consciente e equilibrada. \u00c9 esta inspira\u00e7\u00e3o que pretendemos passar aos nossos consumidores\u201d, explica Jorge Santos Silva, respons\u00e1vel de marketing de caf\u00e9s torrados da Nestl\u00e9 Portugal, referindo que \u201cum momento de pausa, de partilha, com um caf\u00e9 seleccionado das melhores origens, pode ser exactamente aquilo de que precisamos\u201d. \u201cQueremos celebrar com as pessoas que adoram viver e que privilegiam a autenticidade, a consci\u00eancia, o respeito. \u00c9 essa a marca que Sical quer deixar na mente dos portugueses\u201d, conclui o respons\u00e1vel.<\/p>\n<p style=\"text-align: left;\" align=\"JUSTIFY\">A nova imagem da marca, que ser\u00e1 agora aplicada gradualmente, j\u00e1 pode ser vista em alguns pontos de venda e na nova colec\u00e7\u00e3o de pacotes de a\u00e7\u00facar da Sical.<\/p>\n<\/div>\n<p><script type=\"b494f03e0f7cf56b4d8732b2-text\/javascript\"><\/p>\n<p>\/\/<![CDATA[\n\n(function(d, s, id) {\n\n  var js, fjs = d.getElementsByTagName(s)[0];\n\n  if (d.getElementById(id)) return;\n\n  js = d.createElement(s); js.id = id;\n\n  js.async = true;\n\n  js.src = \"http:\/\/connect.facebook.net\/en_US\/all.js#xfbml=1\";\n\n  fjs.parentNode.insertBefore(js, fjs);\n\n}(document, 'script', 'facebook-jssdk'));\n\n\/\/]]><\/p>\n<p><\/script><br \/>\n<br \/>[ad_2]<br \/>\n<br \/><a href=\"http:\/\/www.meiosepublicidade.pt\/2019\/06\/rebranding-da-sical-cargo-da-publicis\/\">Source link <\/a><\/p>\n","protected":false},"excerpt":{"rendered":"<p>[ad_1] \u201cD\u00ea Origem a Novos Momentos\u201d \u00e9 o novo claim da marca portuguesa de caf\u00e9s torrados Sical na sequ\u00eancia de um rebranding desenvolvido pela Publicis. A par de um novo log\u00f3tipo, caracterizado por \u201cuma baiana mais jovem, positiva e confiante que expressa o respeito pelas origens\u201d, a nova identidade da marca inclui um novo grafismo [&hellip;]<\/p>\n","protected":false},"author":2,"featured_media":2224,"comment_status":"open","ping_status":"open","sticky":false,"template":"","format":"standard","meta":{"footnotes":""},"categories":[2],"tags":[],"class_list":["post-2223","post","type-post","status-publish","format-standard","has-post-thumbnail","hentry","category-noticias-de-marketing-digital"],"yoast_head":"<!-- This site is optimized with the Yoast SEO plugin v27.4 - https:\/\/yoast.com\/product\/yoast-seo-wordpress\/ -->\n<title>Rebranding da Sical a cargo da Publicis - Meios &amp; Publicidade - Super News<\/title>\n<meta name=\"robots\" content=\"index, follow, max-snippet:-1, max-image-preview:large, max-video-preview:-1\" \/>\n<link rel=\"canonical\" href=\"https:\/\/super-news.info\/pt\/rebranding-da-sical-a-cargo-da-publicis-meios-publicidade\/\" \/>\n<meta property=\"og:locale\" content=\"pt_PT\" \/>\n<meta property=\"og:type\" content=\"article\" \/>\n<meta property=\"og:title\" content=\"Rebranding da Sical a cargo da Publicis - Meios &amp; Publicidade - Super News\" \/>\n<meta property=\"og:description\" content=\"[ad_1] \u201cD\u00ea Origem a Novos Momentos\u201d \u00e9 o novo claim da marca portuguesa de caf\u00e9s torrados Sical na sequ\u00eancia de um rebranding desenvolvido pela Publicis. A par de um novo log\u00f3tipo, caracterizado por \u201cuma baiana mais jovem, positiva e confiante que expressa o respeito pelas origens\u201d, a nova identidade da marca inclui um novo grafismo [&hellip;]\" \/>\n<meta property=\"og:url\" content=\"https:\/\/super-news.info\/pt\/rebranding-da-sical-a-cargo-da-publicis-meios-publicidade\/\" \/>\n<meta property=\"og:site_name\" content=\"Super News\" \/>\n<meta property=\"article:published_time\" content=\"2019-06-07T15:30:56+00:00\" \/>\n<meta property=\"article:modified_time\" content=\"2019-06-07T15:30:57+00:00\" \/>\n<meta property=\"og:image\" content=\"https:\/\/super-news.info\/pt\/wp-content\/uploads\/sites\/2\/2019\/06\/Rebranding-da-Sical-a-cargo-da-Publicis-Meios.png\" \/>\n\t<meta property=\"og:image:width\" content=\"300\" \/>\n\t<meta property=\"og:image:height\" content=\"152\" \/>\n\t<meta property=\"og:image:type\" content=\"image\/png\" \/>\n<meta name=\"author\" content=\"super-news\" \/>\n<meta name=\"twitter:card\" content=\"summary_large_image\" \/>\n<meta name=\"twitter:label1\" content=\"Escrito por\" \/>\n\t<meta name=\"twitter:data1\" content=\"super-news\" \/>\n\t<meta name=\"twitter:label2\" content=\"Tempo estimado de leitura\" \/>\n\t<meta name=\"twitter:data2\" content=\"1 minuto\" \/>\n<script type=\"application\/ld+json\" class=\"yoast-schema-graph\">{\"@context\":\"https:\\\/\\\/schema.org\",\"@graph\":[{\"@type\":\"Article\",\"@id\":\"https:\\\/\\\/super-news.info\\\/pt\\\/rebranding-da-sical-a-cargo-da-publicis-meios-publicidade\\\/#article\",\"isPartOf\":{\"@id\":\"https:\\\/\\\/super-news.info\\\/pt\\\/rebranding-da-sical-a-cargo-da-publicis-meios-publicidade\\\/\"},\"author\":{\"name\":\"super-news\",\"@id\":\"https:\\\/\\\/super-news.info\\\/pt\\\/#\\\/schema\\\/person\\\/2d4068cb2f39cd10008c2fce578a7356\"},\"headline\":\"Rebranding da Sical a cargo da Publicis &#8211; Meios &#038; Publicidade\",\"datePublished\":\"2019-06-07T15:30:56+00:00\",\"dateModified\":\"2019-06-07T15:30:57+00:00\",\"mainEntityOfPage\":{\"@id\":\"https:\\\/\\\/super-news.info\\\/pt\\\/rebranding-da-sical-a-cargo-da-publicis-meios-publicidade\\\/\"},\"wordCount\":246,\"commentCount\":0,\"image\":{\"@id\":\"https:\\\/\\\/super-news.info\\\/pt\\\/rebranding-da-sical-a-cargo-da-publicis-meios-publicidade\\\/#primaryimage\"},\"thumbnailUrl\":\"https:\\\/\\\/super-news.info\\\/pt\\\/wp-content\\\/uploads\\\/sites\\\/2\\\/2019\\\/06\\\/Rebranding-da-Sical-a-cargo-da-Publicis-Meios.png\",\"articleSection\":[\"NOT\u00cdCIAS DE MARKETING DIGITAL\"],\"inLanguage\":\"pt-PT\",\"potentialAction\":[{\"@type\":\"CommentAction\",\"name\":\"Comment\",\"target\":[\"https:\\\/\\\/super-news.info\\\/pt\\\/rebranding-da-sical-a-cargo-da-publicis-meios-publicidade\\\/#respond\"]}]},{\"@type\":\"WebPage\",\"@id\":\"https:\\\/\\\/super-news.info\\\/pt\\\/rebranding-da-sical-a-cargo-da-publicis-meios-publicidade\\\/\",\"url\":\"https:\\\/\\\/super-news.info\\\/pt\\\/rebranding-da-sical-a-cargo-da-publicis-meios-publicidade\\\/\",\"name\":\"Rebranding da Sical a cargo da Publicis - Meios & Publicidade - Super News\",\"isPartOf\":{\"@id\":\"https:\\\/\\\/super-news.info\\\/pt\\\/#website\"},\"primaryImageOfPage\":{\"@id\":\"https:\\\/\\\/super-news.info\\\/pt\\\/rebranding-da-sical-a-cargo-da-publicis-meios-publicidade\\\/#primaryimage\"},\"image\":{\"@id\":\"https:\\\/\\\/super-news.info\\\/pt\\\/rebranding-da-sical-a-cargo-da-publicis-meios-publicidade\\\/#primaryimage\"},\"thumbnailUrl\":\"https:\\\/\\\/super-news.info\\\/pt\\\/wp-content\\\/uploads\\\/sites\\\/2\\\/2019\\\/06\\\/Rebranding-da-Sical-a-cargo-da-Publicis-Meios.png\",\"datePublished\":\"2019-06-07T15:30:56+00:00\",\"dateModified\":\"2019-06-07T15:30:57+00:00\",\"author\":{\"@id\":\"https:\\\/\\\/super-news.info\\\/pt\\\/#\\\/schema\\\/person\\\/2d4068cb2f39cd10008c2fce578a7356\"},\"breadcrumb\":{\"@id\":\"https:\\\/\\\/super-news.info\\\/pt\\\/rebranding-da-sical-a-cargo-da-publicis-meios-publicidade\\\/#breadcrumb\"},\"inLanguage\":\"pt-PT\",\"potentialAction\":[{\"@type\":\"ReadAction\",\"target\":[\"https:\\\/\\\/super-news.info\\\/pt\\\/rebranding-da-sical-a-cargo-da-publicis-meios-publicidade\\\/\"]}]},{\"@type\":\"ImageObject\",\"inLanguage\":\"pt-PT\",\"@id\":\"https:\\\/\\\/super-news.info\\\/pt\\\/rebranding-da-sical-a-cargo-da-publicis-meios-publicidade\\\/#primaryimage\",\"url\":\"https:\\\/\\\/super-news.info\\\/pt\\\/wp-content\\\/uploads\\\/sites\\\/2\\\/2019\\\/06\\\/Rebranding-da-Sical-a-cargo-da-Publicis-Meios.png\",\"contentUrl\":\"https:\\\/\\\/super-news.info\\\/pt\\\/wp-content\\\/uploads\\\/sites\\\/2\\\/2019\\\/06\\\/Rebranding-da-Sical-a-cargo-da-Publicis-Meios.png\",\"width\":300,\"height\":152,\"caption\":\"SICAL_NovoLogo\"},{\"@type\":\"BreadcrumbList\",\"@id\":\"https:\\\/\\\/super-news.info\\\/pt\\\/rebranding-da-sical-a-cargo-da-publicis-meios-publicidade\\\/#breadcrumb\",\"itemListElement\":[{\"@type\":\"ListItem\",\"position\":1,\"name\":\"\u0413\u043b\u0430\u0432\u043d\u0430\u044f \u0441\u0442\u0440\u0430\u043d\u0438\u0446\u0430\",\"item\":\"https:\\\/\\\/super-news.info\\\/pt\\\/\"},{\"@type\":\"ListItem\",\"position\":2,\"name\":\"Rebranding da Sical a cargo da Publicis &#8211; Meios &#038; Publicidade\"}]},{\"@type\":\"WebSite\",\"@id\":\"https:\\\/\\\/super-news.info\\\/pt\\\/#website\",\"url\":\"https:\\\/\\\/super-news.info\\\/pt\\\/\",\"name\":\"Super News\",\"description\":\"Super News Portugal\",\"potentialAction\":[{\"@type\":\"SearchAction\",\"target\":{\"@type\":\"EntryPoint\",\"urlTemplate\":\"https:\\\/\\\/super-news.info\\\/pt\\\/?s={search_term_string}\"},\"query-input\":{\"@type\":\"PropertyValueSpecification\",\"valueRequired\":true,\"valueName\":\"search_term_string\"}}],\"inLanguage\":\"pt-PT\"},{\"@type\":\"Person\",\"@id\":\"https:\\\/\\\/super-news.info\\\/pt\\\/#\\\/schema\\\/person\\\/2d4068cb2f39cd10008c2fce578a7356\",\"name\":\"super-news\",\"image\":{\"@type\":\"ImageObject\",\"inLanguage\":\"pt-PT\",\"@id\":\"https:\\\/\\\/secure.gravatar.com\\\/avatar\\\/64ebac40b93f26a154f8a9b5b6fdccfc46f442b26b3dd6756dbff3bf9dc76fd7?s=96&d=mm&r=g\",\"url\":\"https:\\\/\\\/secure.gravatar.com\\\/avatar\\\/64ebac40b93f26a154f8a9b5b6fdccfc46f442b26b3dd6756dbff3bf9dc76fd7?s=96&d=mm&r=g\",\"contentUrl\":\"https:\\\/\\\/secure.gravatar.com\\\/avatar\\\/64ebac40b93f26a154f8a9b5b6fdccfc46f442b26b3dd6756dbff3bf9dc76fd7?s=96&d=mm&r=g\",\"caption\":\"super-news\"},\"url\":\"https:\\\/\\\/super-news.info\\\/pt\\\/author\\\/pt\\\/\"}]}<\/script>\n<!-- \/ Yoast SEO plugin. -->","yoast_head_json":{"title":"Rebranding da Sical a cargo da Publicis - Meios & Publicidade - Super News","robots":{"index":"index","follow":"follow","max-snippet":"max-snippet:-1","max-image-preview":"max-image-preview:large","max-video-preview":"max-video-preview:-1"},"canonical":"https:\/\/super-news.info\/pt\/rebranding-da-sical-a-cargo-da-publicis-meios-publicidade\/","og_locale":"pt_PT","og_type":"article","og_title":"Rebranding da Sical a cargo da Publicis - Meios & Publicidade - Super News","og_description":"[ad_1] \u201cD\u00ea Origem a Novos Momentos\u201d \u00e9 o novo claim da marca portuguesa de caf\u00e9s torrados Sical na sequ\u00eancia de um rebranding desenvolvido pela Publicis. A par de um novo log\u00f3tipo, caracterizado por \u201cuma baiana mais jovem, positiva e confiante que expressa o respeito pelas origens\u201d, a nova identidade da marca inclui um novo grafismo [&hellip;]","og_url":"https:\/\/super-news.info\/pt\/rebranding-da-sical-a-cargo-da-publicis-meios-publicidade\/","og_site_name":"Super News","article_published_time":"2019-06-07T15:30:56+00:00","article_modified_time":"2019-06-07T15:30:57+00:00","og_image":[{"width":300,"height":152,"url":"https:\/\/super-news.info\/pt\/wp-content\/uploads\/sites\/2\/2019\/06\/Rebranding-da-Sical-a-cargo-da-Publicis-Meios.png","type":"image\/png"}],"author":"super-news","twitter_card":"summary_large_image","twitter_misc":{"Escrito por":"super-news","Tempo estimado de leitura":"1 minuto"},"schema":{"@context":"https:\/\/schema.org","@graph":[{"@type":"Article","@id":"https:\/\/super-news.info\/pt\/rebranding-da-sical-a-cargo-da-publicis-meios-publicidade\/#article","isPartOf":{"@id":"https:\/\/super-news.info\/pt\/rebranding-da-sical-a-cargo-da-publicis-meios-publicidade\/"},"author":{"name":"super-news","@id":"https:\/\/super-news.info\/pt\/#\/schema\/person\/2d4068cb2f39cd10008c2fce578a7356"},"headline":"Rebranding da Sical a cargo da Publicis &#8211; Meios &#038; Publicidade","datePublished":"2019-06-07T15:30:56+00:00","dateModified":"2019-06-07T15:30:57+00:00","mainEntityOfPage":{"@id":"https:\/\/super-news.info\/pt\/rebranding-da-sical-a-cargo-da-publicis-meios-publicidade\/"},"wordCount":246,"commentCount":0,"image":{"@id":"https:\/\/super-news.info\/pt\/rebranding-da-sical-a-cargo-da-publicis-meios-publicidade\/#primaryimage"},"thumbnailUrl":"https:\/\/super-news.info\/pt\/wp-content\/uploads\/sites\/2\/2019\/06\/Rebranding-da-Sical-a-cargo-da-Publicis-Meios.png","articleSection":["NOT\u00cdCIAS DE MARKETING DIGITAL"],"inLanguage":"pt-PT","potentialAction":[{"@type":"CommentAction","name":"Comment","target":["https:\/\/super-news.info\/pt\/rebranding-da-sical-a-cargo-da-publicis-meios-publicidade\/#respond"]}]},{"@type":"WebPage","@id":"https:\/\/super-news.info\/pt\/rebranding-da-sical-a-cargo-da-publicis-meios-publicidade\/","url":"https:\/\/super-news.info\/pt\/rebranding-da-sical-a-cargo-da-publicis-meios-publicidade\/","name":"Rebranding da Sical a cargo da Publicis - Meios & Publicidade - Super News","isPartOf":{"@id":"https:\/\/super-news.info\/pt\/#website"},"primaryImageOfPage":{"@id":"https:\/\/super-news.info\/pt\/rebranding-da-sical-a-cargo-da-publicis-meios-publicidade\/#primaryimage"},"image":{"@id":"https:\/\/super-news.info\/pt\/rebranding-da-sical-a-cargo-da-publicis-meios-publicidade\/#primaryimage"},"thumbnailUrl":"https:\/\/super-news.info\/pt\/wp-content\/uploads\/sites\/2\/2019\/06\/Rebranding-da-Sical-a-cargo-da-Publicis-Meios.png","datePublished":"2019-06-07T15:30:56+00:00","dateModified":"2019-06-07T15:30:57+00:00","author":{"@id":"https:\/\/super-news.info\/pt\/#\/schema\/person\/2d4068cb2f39cd10008c2fce578a7356"},"breadcrumb":{"@id":"https:\/\/super-news.info\/pt\/rebranding-da-sical-a-cargo-da-publicis-meios-publicidade\/#breadcrumb"},"inLanguage":"pt-PT","potentialAction":[{"@type":"ReadAction","target":["https:\/\/super-news.info\/pt\/rebranding-da-sical-a-cargo-da-publicis-meios-publicidade\/"]}]},{"@type":"ImageObject","inLanguage":"pt-PT","@id":"https:\/\/super-news.info\/pt\/rebranding-da-sical-a-cargo-da-publicis-meios-publicidade\/#primaryimage","url":"https:\/\/super-news.info\/pt\/wp-content\/uploads\/sites\/2\/2019\/06\/Rebranding-da-Sical-a-cargo-da-Publicis-Meios.png","contentUrl":"https:\/\/super-news.info\/pt\/wp-content\/uploads\/sites\/2\/2019\/06\/Rebranding-da-Sical-a-cargo-da-Publicis-Meios.png","width":300,"height":152,"caption":"SICAL_NovoLogo"},{"@type":"BreadcrumbList","@id":"https:\/\/super-news.info\/pt\/rebranding-da-sical-a-cargo-da-publicis-meios-publicidade\/#breadcrumb","itemListElement":[{"@type":"ListItem","position":1,"name":"\u0413\u043b\u0430\u0432\u043d\u0430\u044f \u0441\u0442\u0440\u0430\u043d\u0438\u0446\u0430","item":"https:\/\/super-news.info\/pt\/"},{"@type":"ListItem","position":2,"name":"Rebranding da Sical a cargo da Publicis &#8211; Meios &#038; Publicidade"}]},{"@type":"WebSite","@id":"https:\/\/super-news.info\/pt\/#website","url":"https:\/\/super-news.info\/pt\/","name":"Super News","description":"Super News Portugal","potentialAction":[{"@type":"SearchAction","target":{"@type":"EntryPoint","urlTemplate":"https:\/\/super-news.info\/pt\/?s={search_term_string}"},"query-input":{"@type":"PropertyValueSpecification","valueRequired":true,"valueName":"search_term_string"}}],"inLanguage":"pt-PT"},{"@type":"Person","@id":"https:\/\/super-news.info\/pt\/#\/schema\/person\/2d4068cb2f39cd10008c2fce578a7356","name":"super-news","image":{"@type":"ImageObject","inLanguage":"pt-PT","@id":"https:\/\/secure.gravatar.com\/avatar\/64ebac40b93f26a154f8a9b5b6fdccfc46f442b26b3dd6756dbff3bf9dc76fd7?s=96&d=mm&r=g","url":"https:\/\/secure.gravatar.com\/avatar\/64ebac40b93f26a154f8a9b5b6fdccfc46f442b26b3dd6756dbff3bf9dc76fd7?s=96&d=mm&r=g","contentUrl":"https:\/\/secure.gravatar.com\/avatar\/64ebac40b93f26a154f8a9b5b6fdccfc46f442b26b3dd6756dbff3bf9dc76fd7?s=96&d=mm&r=g","caption":"super-news"},"url":"https:\/\/super-news.info\/pt\/author\/pt\/"}]}},"_links":{"self":[{"href":"https:\/\/super-news.info\/pt\/wp-json\/wp\/v2\/posts\/2223","targetHints":{"allow":["GET"]}}],"collection":[{"href":"https:\/\/super-news.info\/pt\/wp-json\/wp\/v2\/posts"}],"about":[{"href":"https:\/\/super-news.info\/pt\/wp-json\/wp\/v2\/types\/post"}],"author":[{"embeddable":true,"href":"https:\/\/super-news.info\/pt\/wp-json\/wp\/v2\/users\/2"}],"replies":[{"embeddable":true,"href":"https:\/\/super-news.info\/pt\/wp-json\/wp\/v2\/comments?post=2223"}],"version-history":[{"count":1,"href":"https:\/\/super-news.info\/pt\/wp-json\/wp\/v2\/posts\/2223\/revisions"}],"predecessor-version":[{"id":2225,"href":"https:\/\/super-news.info\/pt\/wp-json\/wp\/v2\/posts\/2223\/revisions\/2225"}],"wp:featuredmedia":[{"embeddable":true,"href":"https:\/\/super-news.info\/pt\/wp-json\/wp\/v2\/media\/2224"}],"wp:attachment":[{"href":"https:\/\/super-news.info\/pt\/wp-json\/wp\/v2\/media?parent=2223"}],"wp:term":[{"taxonomy":"category","embeddable":true,"href":"https:\/\/super-news.info\/pt\/wp-json\/wp\/v2\/categories?post=2223"},{"taxonomy":"post_tag","embeddable":true,"href":"https:\/\/super-news.info\/pt\/wp-json\/wp\/v2\/tags?post=2223"}],"curies":[{"name":"wp","href":"https:\/\/api.w.org\/{rel}","templated":true}]}}