{"id":1933,"date":"2019-05-29T20:29:07","date_gmt":"2019-05-29T17:29:07","guid":{"rendered":"https:\/\/super-news.info\/pt\/governo-da-madeira-considera-medicina-nuclear-especialmente-carenciada-o-jornal-economico\/"},"modified":"2019-05-29T20:29:09","modified_gmt":"2019-05-29T17:29:09","slug":"governo-da-madeira-considera-medicina-nuclear-especialmente-carenciada-o-jornal-economico","status":"publish","type":"post","link":"https:\/\/super-news.info\/pt\/governo-da-madeira-considera-medicina-nuclear-especialmente-carenciada-o-jornal-economico\/","title":{"rendered":"Governo da Madeira considera medicina nuclear \u201cespecialmente carenciada\u201d \u2013 O Jornal Econ\u00f3mico"},"content":{"rendered":"<p> [ad_1]<br \/>\n<\/p>\n<div>\n<div class=\"je-readmore\">\n<p>O Governo da Regi\u00e3o Aut\u00f3noma da Madeira identificou a Medicina Nuclear, do Servi\u00e7o de Sa\u00fade da Regi\u00e3o Aut\u00f3noma da Madeira (SESARAM), \u201ccomo especialidade especialmente carenciada\u201d devido \u00e0 falta de m\u00e9dicos, revela um despacho hoje publicado no Jornal Oficial.<\/p>\n<p>\u201cO Servi\u00e7o de Sa\u00fade da Regi\u00e3o Aut\u00f3noma da Madeira depara-se atualmente com uma grave car\u00eancia de M\u00e9dicos na Especialidade M\u00e9dica de Medicina Nuclear\u201d, l\u00ea-se no despacho.<\/p>\n<p>Nesse sentido, o Governo da Madeira considerou que est\u00e3o reunidas as condi\u00e7\u00f5es previstas num diploma apresentado em agosto de 2018, que \u201cestabelece os termos e as condi\u00e7\u00f5es de atribui\u00e7\u00e3o de incentivos aos trabalhadores m\u00e9dicos a contratar pelo SESARAM em especialidades consideradas especialmente carenciadas\u201d.<\/p>\n<p>Assim, no despacho hoje publicado, o executivo defende a atribui\u00e7\u00e3o \u201caos trabalhadores m\u00e9dicos da especialidade de Medicina Nuclear a contratar, os incentivos de natureza pecuni\u00e1ria e n\u00e3o pecuni\u00e1ria previstos no diploma atr\u00e1s mencionado\u201d.<\/p>\n<p>O diploma apresentado em agosto de 2018 indicou que o Governo Regional da Madeira pretende fixar m\u00e9dicos no SESARAM por tr\u00eas anos com um incentivo remunerat\u00f3rio equivalente a 40% da remunera\u00e7\u00e3o base das respetivas carreiras, al\u00e9m de outras regalias.<\/p>\n<p>Esse valor pecuni\u00e1rio do incentivo \u201c\u00e9 fixado em 40% da remunera\u00e7\u00e3o base correspondente \u00e0 primeira posi\u00e7\u00e3o remunerat\u00f3ria da categoria de assistente, da carreira especial m\u00e9dica ou da carreira m\u00e9dica, a pagar 12 meses por ano\u201d, sendo este incentivo \u201catribu\u00eddo pelo per\u00edodo de tr\u00eas anos ap\u00f3s a celebra\u00e7\u00e3o do contrato de trabalho\u201d.<\/p>\n<p>O despacho hoje publicado produz efeitos a partir de 1 de junho de 2019.<\/p>\n<p>De acordo com fonte da Secretaria Regional da Sa\u00fade, esta iniciativa \u201ctem apenas como objetivo fixar, nos pr\u00f3ximos anos, um m\u00e9dico especialista nesta \u00e1rea\u201d da medicina nuclear.<\/p>\n<\/p><\/div>\n<\/div>\n<p><script>function facebookInit(){var js=document.createElement('script');js.src='https:\/\/connect.facebook.net\/pt_PT\/sdk.js#xfbml=1&version=v3.1&appId=1708066812789184&autoLogAppEvents=1';return document.body.appendChild(js);}\nwindow.onscroll=function(){var rect=document.getElementsByClassName('je-post-content')[0].getBoundingClientRect();if(rect.bottom<window.innerHeight){facebookInit();window.onscroll=null;}}<\/script><br \/>\n<br \/>[ad_2]<br \/>\n<br \/><a href=\"https:\/\/jornaleconomico.sapo.pt\/noticias\/governo-da-madeira-considera-medicina-nuclear-especialmente-carenciada-450671\">Source link <\/a><\/p>\n","protected":false},"excerpt":{"rendered":"<p>[ad_1] O Governo da Regi\u00e3o Aut\u00f3noma da Madeira identificou a Medicina Nuclear, do Servi\u00e7o de Sa\u00fade da Regi\u00e3o Aut\u00f3noma da Madeira (SESARAM), \u201ccomo especialidade especialmente carenciada\u201d devido \u00e0 falta de m\u00e9dicos, revela um despacho hoje publicado no Jornal Oficial. \u201cO Servi\u00e7o de Sa\u00fade da Regi\u00e3o Aut\u00f3noma da Madeira depara-se atualmente com uma grave car\u00eancia de [&hellip;]<\/p>\n","protected":false},"author":2,"featured_media":1934,"comment_status":"open","ping_status":"open","sticky":false,"template":"","format":"standard","meta":{"footnotes":""},"categories":[1],"tags":[],"class_list":["post-1933","post","type-post","status-publish","format-standard","has-post-thumbnail","hentry","category-noticias-financeiras"],"yoast_head":"<!-- This site is optimized with the Yoast SEO plugin v27.4 - https:\/\/yoast.com\/product\/yoast-seo-wordpress\/ -->\n<title>Governo da Madeira considera medicina nuclear \u201cespecialmente carenciada\u201d \u2013 O Jornal Econ\u00f3mico - Super News<\/title>\n<meta name=\"robots\" content=\"index, follow, max-snippet:-1, max-image-preview:large, max-video-preview:-1\" \/>\n<link rel=\"canonical\" href=\"https:\/\/super-news.info\/pt\/governo-da-madeira-considera-medicina-nuclear-especialmente-carenciada-o-jornal-economico\/\" \/>\n<meta property=\"og:locale\" content=\"pt_PT\" \/>\n<meta property=\"og:type\" content=\"article\" \/>\n<meta property=\"og:title\" content=\"Governo da Madeira considera medicina nuclear \u201cespecialmente carenciada\u201d \u2013 O Jornal Econ\u00f3mico - Super News\" \/>\n<meta property=\"og:description\" content=\"[ad_1] O Governo da Regi\u00e3o Aut\u00f3noma da Madeira identificou a Medicina Nuclear, do Servi\u00e7o de Sa\u00fade da Regi\u00e3o Aut\u00f3noma da Madeira (SESARAM), \u201ccomo especialidade especialmente carenciada\u201d devido \u00e0 falta de m\u00e9dicos, revela um despacho hoje publicado no Jornal Oficial. \u201cO Servi\u00e7o de Sa\u00fade da Regi\u00e3o Aut\u00f3noma da Madeira depara-se atualmente com uma grave car\u00eancia de [&hellip;]\" \/>\n<meta property=\"og:url\" content=\"https:\/\/super-news.info\/pt\/governo-da-madeira-considera-medicina-nuclear-especialmente-carenciada-o-jornal-economico\/\" \/>\n<meta property=\"og:site_name\" content=\"Super News\" \/>\n<meta property=\"article:published_time\" content=\"2019-05-29T17:29:07+00:00\" \/>\n<meta property=\"article:modified_time\" content=\"2019-05-29T17:29:09+00:00\" \/>\n<meta property=\"og:image\" content=\"https:\/\/super-news.info\/pt\/wp-content\/uploads\/sites\/2\/2019\/05\/Governo-da-Madeira-considera-medicina-nuclear-\u201cespecialmente-carenciada\u201d-\u2013-O.png\" \/>\n\t<meta property=\"og:image:width\" content=\"600\" \/>\n\t<meta property=\"og:image:height\" content=\"664\" \/>\n\t<meta property=\"og:image:type\" content=\"image\/png\" \/>\n<meta name=\"author\" content=\"super-news\" \/>\n<meta name=\"twitter:card\" content=\"summary_large_image\" \/>\n<meta name=\"twitter:label1\" content=\"Escrito por\" \/>\n\t<meta name=\"twitter:data1\" content=\"super-news\" \/>\n\t<meta name=\"twitter:label2\" content=\"Tempo estimado de leitura\" \/>\n\t<meta name=\"twitter:data2\" content=\"2 minutos\" \/>\n<script type=\"application\/ld+json\" class=\"yoast-schema-graph\">{\"@context\":\"https:\\\/\\\/schema.org\",\"@graph\":[{\"@type\":\"Article\",\"@id\":\"https:\\\/\\\/super-news.info\\\/pt\\\/governo-da-madeira-considera-medicina-nuclear-especialmente-carenciada-o-jornal-economico\\\/#article\",\"isPartOf\":{\"@id\":\"https:\\\/\\\/super-news.info\\\/pt\\\/governo-da-madeira-considera-medicina-nuclear-especialmente-carenciada-o-jornal-economico\\\/\"},\"author\":{\"name\":\"super-news\",\"@id\":\"https:\\\/\\\/super-news.info\\\/pt\\\/#\\\/schema\\\/person\\\/2d4068cb2f39cd10008c2fce578a7356\"},\"headline\":\"Governo da Madeira considera medicina nuclear \u201cespecialmente carenciada\u201d \u2013 O Jornal Econ\u00f3mico\",\"datePublished\":\"2019-05-29T17:29:07+00:00\",\"dateModified\":\"2019-05-29T17:29:09+00:00\",\"mainEntityOfPage\":{\"@id\":\"https:\\\/\\\/super-news.info\\\/pt\\\/governo-da-madeira-considera-medicina-nuclear-especialmente-carenciada-o-jornal-economico\\\/\"},\"wordCount\":322,\"commentCount\":0,\"image\":{\"@id\":\"https:\\\/\\\/super-news.info\\\/pt\\\/governo-da-madeira-considera-medicina-nuclear-especialmente-carenciada-o-jornal-economico\\\/#primaryimage\"},\"thumbnailUrl\":\"https:\\\/\\\/super-news.info\\\/pt\\\/wp-content\\\/uploads\\\/sites\\\/2\\\/2019\\\/05\\\/Governo-da-Madeira-considera-medicina-nuclear-\u201cespecialmente-carenciada\u201d-\u2013-O.png\",\"articleSection\":[\"NOT\u00cdCIAS FINANCEIRAS\"],\"inLanguage\":\"pt-PT\",\"potentialAction\":[{\"@type\":\"CommentAction\",\"name\":\"Comment\",\"target\":[\"https:\\\/\\\/super-news.info\\\/pt\\\/governo-da-madeira-considera-medicina-nuclear-especialmente-carenciada-o-jornal-economico\\\/#respond\"]}]},{\"@type\":\"WebPage\",\"@id\":\"https:\\\/\\\/super-news.info\\\/pt\\\/governo-da-madeira-considera-medicina-nuclear-especialmente-carenciada-o-jornal-economico\\\/\",\"url\":\"https:\\\/\\\/super-news.info\\\/pt\\\/governo-da-madeira-considera-medicina-nuclear-especialmente-carenciada-o-jornal-economico\\\/\",\"name\":\"Governo da Madeira considera medicina nuclear \u201cespecialmente carenciada\u201d \u2013 O Jornal Econ\u00f3mico - Super News\",\"isPartOf\":{\"@id\":\"https:\\\/\\\/super-news.info\\\/pt\\\/#website\"},\"primaryImageOfPage\":{\"@id\":\"https:\\\/\\\/super-news.info\\\/pt\\\/governo-da-madeira-considera-medicina-nuclear-especialmente-carenciada-o-jornal-economico\\\/#primaryimage\"},\"image\":{\"@id\":\"https:\\\/\\\/super-news.info\\\/pt\\\/governo-da-madeira-considera-medicina-nuclear-especialmente-carenciada-o-jornal-economico\\\/#primaryimage\"},\"thumbnailUrl\":\"https:\\\/\\\/super-news.info\\\/pt\\\/wp-content\\\/uploads\\\/sites\\\/2\\\/2019\\\/05\\\/Governo-da-Madeira-considera-medicina-nuclear-\u201cespecialmente-carenciada\u201d-\u2013-O.png\",\"datePublished\":\"2019-05-29T17:29:07+00:00\",\"dateModified\":\"2019-05-29T17:29:09+00:00\",\"author\":{\"@id\":\"https:\\\/\\\/super-news.info\\\/pt\\\/#\\\/schema\\\/person\\\/2d4068cb2f39cd10008c2fce578a7356\"},\"breadcrumb\":{\"@id\":\"https:\\\/\\\/super-news.info\\\/pt\\\/governo-da-madeira-considera-medicina-nuclear-especialmente-carenciada-o-jornal-economico\\\/#breadcrumb\"},\"inLanguage\":\"pt-PT\",\"potentialAction\":[{\"@type\":\"ReadAction\",\"target\":[\"https:\\\/\\\/super-news.info\\\/pt\\\/governo-da-madeira-considera-medicina-nuclear-especialmente-carenciada-o-jornal-economico\\\/\"]}]},{\"@type\":\"ImageObject\",\"inLanguage\":\"pt-PT\",\"@id\":\"https:\\\/\\\/super-news.info\\\/pt\\\/governo-da-madeira-considera-medicina-nuclear-especialmente-carenciada-o-jornal-economico\\\/#primaryimage\",\"url\":\"https:\\\/\\\/super-news.info\\\/pt\\\/wp-content\\\/uploads\\\/sites\\\/2\\\/2019\\\/05\\\/Governo-da-Madeira-considera-medicina-nuclear-\u201cespecialmente-carenciada\u201d-\u2013-O.png\",\"contentUrl\":\"https:\\\/\\\/super-news.info\\\/pt\\\/wp-content\\\/uploads\\\/sites\\\/2\\\/2019\\\/05\\\/Governo-da-Madeira-considera-medicina-nuclear-\u201cespecialmente-carenciada\u201d-\u2013-O.png\",\"width\":600,\"height\":664,\"caption\":\"Governo da Madeira considera medicina nuclear \u201cespecialmente carenciada\u201d \u2013 O Jornal Econ\u00f3mico\"},{\"@type\":\"BreadcrumbList\",\"@id\":\"https:\\\/\\\/super-news.info\\\/pt\\\/governo-da-madeira-considera-medicina-nuclear-especialmente-carenciada-o-jornal-economico\\\/#breadcrumb\",\"itemListElement\":[{\"@type\":\"ListItem\",\"position\":1,\"name\":\"\u0413\u043b\u0430\u0432\u043d\u0430\u044f \u0441\u0442\u0440\u0430\u043d\u0438\u0446\u0430\",\"item\":\"https:\\\/\\\/super-news.info\\\/pt\\\/\"},{\"@type\":\"ListItem\",\"position\":2,\"name\":\"Governo da Madeira considera medicina nuclear \u201cespecialmente carenciada\u201d \u2013 O Jornal Econ\u00f3mico\"}]},{\"@type\":\"WebSite\",\"@id\":\"https:\\\/\\\/super-news.info\\\/pt\\\/#website\",\"url\":\"https:\\\/\\\/super-news.info\\\/pt\\\/\",\"name\":\"Super News\",\"description\":\"Super News Portugal\",\"potentialAction\":[{\"@type\":\"SearchAction\",\"target\":{\"@type\":\"EntryPoint\",\"urlTemplate\":\"https:\\\/\\\/super-news.info\\\/pt\\\/?s={search_term_string}\"},\"query-input\":{\"@type\":\"PropertyValueSpecification\",\"valueRequired\":true,\"valueName\":\"search_term_string\"}}],\"inLanguage\":\"pt-PT\"},{\"@type\":\"Person\",\"@id\":\"https:\\\/\\\/super-news.info\\\/pt\\\/#\\\/schema\\\/person\\\/2d4068cb2f39cd10008c2fce578a7356\",\"name\":\"super-news\",\"image\":{\"@type\":\"ImageObject\",\"inLanguage\":\"pt-PT\",\"@id\":\"https:\\\/\\\/secure.gravatar.com\\\/avatar\\\/64ebac40b93f26a154f8a9b5b6fdccfc46f442b26b3dd6756dbff3bf9dc76fd7?s=96&d=mm&r=g\",\"url\":\"https:\\\/\\\/secure.gravatar.com\\\/avatar\\\/64ebac40b93f26a154f8a9b5b6fdccfc46f442b26b3dd6756dbff3bf9dc76fd7?s=96&d=mm&r=g\",\"contentUrl\":\"https:\\\/\\\/secure.gravatar.com\\\/avatar\\\/64ebac40b93f26a154f8a9b5b6fdccfc46f442b26b3dd6756dbff3bf9dc76fd7?s=96&d=mm&r=g\",\"caption\":\"super-news\"},\"url\":\"https:\\\/\\\/super-news.info\\\/pt\\\/author\\\/pt\\\/\"}]}<\/script>\n<!-- \/ Yoast SEO plugin. -->","yoast_head_json":{"title":"Governo da Madeira considera medicina nuclear \u201cespecialmente carenciada\u201d \u2013 O Jornal Econ\u00f3mico - Super News","robots":{"index":"index","follow":"follow","max-snippet":"max-snippet:-1","max-image-preview":"max-image-preview:large","max-video-preview":"max-video-preview:-1"},"canonical":"https:\/\/super-news.info\/pt\/governo-da-madeira-considera-medicina-nuclear-especialmente-carenciada-o-jornal-economico\/","og_locale":"pt_PT","og_type":"article","og_title":"Governo da Madeira considera medicina nuclear \u201cespecialmente carenciada\u201d \u2013 O Jornal Econ\u00f3mico - Super News","og_description":"[ad_1] O Governo da Regi\u00e3o Aut\u00f3noma da Madeira identificou a Medicina Nuclear, do Servi\u00e7o de Sa\u00fade da Regi\u00e3o Aut\u00f3noma da Madeira (SESARAM), \u201ccomo especialidade especialmente carenciada\u201d devido \u00e0 falta de m\u00e9dicos, revela um despacho hoje publicado no Jornal Oficial. \u201cO Servi\u00e7o de Sa\u00fade da Regi\u00e3o Aut\u00f3noma da Madeira depara-se atualmente com uma grave car\u00eancia de [&hellip;]","og_url":"https:\/\/super-news.info\/pt\/governo-da-madeira-considera-medicina-nuclear-especialmente-carenciada-o-jornal-economico\/","og_site_name":"Super News","article_published_time":"2019-05-29T17:29:07+00:00","article_modified_time":"2019-05-29T17:29:09+00:00","og_image":[{"width":600,"height":664,"url":"https:\/\/super-news.info\/pt\/wp-content\/uploads\/sites\/2\/2019\/05\/Governo-da-Madeira-considera-medicina-nuclear-\u201cespecialmente-carenciada\u201d-\u2013-O.png","type":"image\/png"}],"author":"super-news","twitter_card":"summary_large_image","twitter_misc":{"Escrito por":"super-news","Tempo estimado de leitura":"2 minutos"},"schema":{"@context":"https:\/\/schema.org","@graph":[{"@type":"Article","@id":"https:\/\/super-news.info\/pt\/governo-da-madeira-considera-medicina-nuclear-especialmente-carenciada-o-jornal-economico\/#article","isPartOf":{"@id":"https:\/\/super-news.info\/pt\/governo-da-madeira-considera-medicina-nuclear-especialmente-carenciada-o-jornal-economico\/"},"author":{"name":"super-news","@id":"https:\/\/super-news.info\/pt\/#\/schema\/person\/2d4068cb2f39cd10008c2fce578a7356"},"headline":"Governo da Madeira considera medicina nuclear \u201cespecialmente carenciada\u201d \u2013 O Jornal Econ\u00f3mico","datePublished":"2019-05-29T17:29:07+00:00","dateModified":"2019-05-29T17:29:09+00:00","mainEntityOfPage":{"@id":"https:\/\/super-news.info\/pt\/governo-da-madeira-considera-medicina-nuclear-especialmente-carenciada-o-jornal-economico\/"},"wordCount":322,"commentCount":0,"image":{"@id":"https:\/\/super-news.info\/pt\/governo-da-madeira-considera-medicina-nuclear-especialmente-carenciada-o-jornal-economico\/#primaryimage"},"thumbnailUrl":"https:\/\/super-news.info\/pt\/wp-content\/uploads\/sites\/2\/2019\/05\/Governo-da-Madeira-considera-medicina-nuclear-\u201cespecialmente-carenciada\u201d-\u2013-O.png","articleSection":["NOT\u00cdCIAS FINANCEIRAS"],"inLanguage":"pt-PT","potentialAction":[{"@type":"CommentAction","name":"Comment","target":["https:\/\/super-news.info\/pt\/governo-da-madeira-considera-medicina-nuclear-especialmente-carenciada-o-jornal-economico\/#respond"]}]},{"@type":"WebPage","@id":"https:\/\/super-news.info\/pt\/governo-da-madeira-considera-medicina-nuclear-especialmente-carenciada-o-jornal-economico\/","url":"https:\/\/super-news.info\/pt\/governo-da-madeira-considera-medicina-nuclear-especialmente-carenciada-o-jornal-economico\/","name":"Governo da Madeira considera medicina nuclear \u201cespecialmente carenciada\u201d \u2013 O Jornal Econ\u00f3mico - Super News","isPartOf":{"@id":"https:\/\/super-news.info\/pt\/#website"},"primaryImageOfPage":{"@id":"https:\/\/super-news.info\/pt\/governo-da-madeira-considera-medicina-nuclear-especialmente-carenciada-o-jornal-economico\/#primaryimage"},"image":{"@id":"https:\/\/super-news.info\/pt\/governo-da-madeira-considera-medicina-nuclear-especialmente-carenciada-o-jornal-economico\/#primaryimage"},"thumbnailUrl":"https:\/\/super-news.info\/pt\/wp-content\/uploads\/sites\/2\/2019\/05\/Governo-da-Madeira-considera-medicina-nuclear-\u201cespecialmente-carenciada\u201d-\u2013-O.png","datePublished":"2019-05-29T17:29:07+00:00","dateModified":"2019-05-29T17:29:09+00:00","author":{"@id":"https:\/\/super-news.info\/pt\/#\/schema\/person\/2d4068cb2f39cd10008c2fce578a7356"},"breadcrumb":{"@id":"https:\/\/super-news.info\/pt\/governo-da-madeira-considera-medicina-nuclear-especialmente-carenciada-o-jornal-economico\/#breadcrumb"},"inLanguage":"pt-PT","potentialAction":[{"@type":"ReadAction","target":["https:\/\/super-news.info\/pt\/governo-da-madeira-considera-medicina-nuclear-especialmente-carenciada-o-jornal-economico\/"]}]},{"@type":"ImageObject","inLanguage":"pt-PT","@id":"https:\/\/super-news.info\/pt\/governo-da-madeira-considera-medicina-nuclear-especialmente-carenciada-o-jornal-economico\/#primaryimage","url":"https:\/\/super-news.info\/pt\/wp-content\/uploads\/sites\/2\/2019\/05\/Governo-da-Madeira-considera-medicina-nuclear-\u201cespecialmente-carenciada\u201d-\u2013-O.png","contentUrl":"https:\/\/super-news.info\/pt\/wp-content\/uploads\/sites\/2\/2019\/05\/Governo-da-Madeira-considera-medicina-nuclear-\u201cespecialmente-carenciada\u201d-\u2013-O.png","width":600,"height":664,"caption":"Governo da Madeira considera medicina nuclear \u201cespecialmente carenciada\u201d \u2013 O Jornal Econ\u00f3mico"},{"@type":"BreadcrumbList","@id":"https:\/\/super-news.info\/pt\/governo-da-madeira-considera-medicina-nuclear-especialmente-carenciada-o-jornal-economico\/#breadcrumb","itemListElement":[{"@type":"ListItem","position":1,"name":"\u0413\u043b\u0430\u0432\u043d\u0430\u044f \u0441\u0442\u0440\u0430\u043d\u0438\u0446\u0430","item":"https:\/\/super-news.info\/pt\/"},{"@type":"ListItem","position":2,"name":"Governo da Madeira considera medicina nuclear \u201cespecialmente carenciada\u201d \u2013 O Jornal Econ\u00f3mico"}]},{"@type":"WebSite","@id":"https:\/\/super-news.info\/pt\/#website","url":"https:\/\/super-news.info\/pt\/","name":"Super News","description":"Super News Portugal","potentialAction":[{"@type":"SearchAction","target":{"@type":"EntryPoint","urlTemplate":"https:\/\/super-news.info\/pt\/?s={search_term_string}"},"query-input":{"@type":"PropertyValueSpecification","valueRequired":true,"valueName":"search_term_string"}}],"inLanguage":"pt-PT"},{"@type":"Person","@id":"https:\/\/super-news.info\/pt\/#\/schema\/person\/2d4068cb2f39cd10008c2fce578a7356","name":"super-news","image":{"@type":"ImageObject","inLanguage":"pt-PT","@id":"https:\/\/secure.gravatar.com\/avatar\/64ebac40b93f26a154f8a9b5b6fdccfc46f442b26b3dd6756dbff3bf9dc76fd7?s=96&d=mm&r=g","url":"https:\/\/secure.gravatar.com\/avatar\/64ebac40b93f26a154f8a9b5b6fdccfc46f442b26b3dd6756dbff3bf9dc76fd7?s=96&d=mm&r=g","contentUrl":"https:\/\/secure.gravatar.com\/avatar\/64ebac40b93f26a154f8a9b5b6fdccfc46f442b26b3dd6756dbff3bf9dc76fd7?s=96&d=mm&r=g","caption":"super-news"},"url":"https:\/\/super-news.info\/pt\/author\/pt\/"}]}},"_links":{"self":[{"href":"https:\/\/super-news.info\/pt\/wp-json\/wp\/v2\/posts\/1933","targetHints":{"allow":["GET"]}}],"collection":[{"href":"https:\/\/super-news.info\/pt\/wp-json\/wp\/v2\/posts"}],"about":[{"href":"https:\/\/super-news.info\/pt\/wp-json\/wp\/v2\/types\/post"}],"author":[{"embeddable":true,"href":"https:\/\/super-news.info\/pt\/wp-json\/wp\/v2\/users\/2"}],"replies":[{"embeddable":true,"href":"https:\/\/super-news.info\/pt\/wp-json\/wp\/v2\/comments?post=1933"}],"version-history":[{"count":1,"href":"https:\/\/super-news.info\/pt\/wp-json\/wp\/v2\/posts\/1933\/revisions"}],"predecessor-version":[{"id":1935,"href":"https:\/\/super-news.info\/pt\/wp-json\/wp\/v2\/posts\/1933\/revisions\/1935"}],"wp:featuredmedia":[{"embeddable":true,"href":"https:\/\/super-news.info\/pt\/wp-json\/wp\/v2\/media\/1934"}],"wp:attachment":[{"href":"https:\/\/super-news.info\/pt\/wp-json\/wp\/v2\/media?parent=1933"}],"wp:term":[{"taxonomy":"category","embeddable":true,"href":"https:\/\/super-news.info\/pt\/wp-json\/wp\/v2\/categories?post=1933"},{"taxonomy":"post_tag","embeddable":true,"href":"https:\/\/super-news.info\/pt\/wp-json\/wp\/v2\/tags?post=1933"}],"curies":[{"name":"wp","href":"https:\/\/api.w.org\/{rel}","templated":true}]}}