{"id":1880,"date":"2019-05-28T16:08:11","date_gmt":"2019-05-28T13:08:11","guid":{"rendered":"https:\/\/super-news.info\/pt\/cds-pp-quer-criar-comissao-de-humanizacao-na-saude-na-madeira-o-jornal-economico\/"},"modified":"2019-05-28T16:08:13","modified_gmt":"2019-05-28T13:08:13","slug":"cds-pp-quer-criar-comissao-de-humanizacao-na-saude-na-madeira-o-jornal-economico","status":"publish","type":"post","link":"https:\/\/super-news.info\/pt\/cds-pp-quer-criar-comissao-de-humanizacao-na-saude-na-madeira-o-jornal-economico\/","title":{"rendered":"CDS-PP quer criar comiss\u00e3o de humaniza\u00e7\u00e3o na Sa\u00fade na Madeira \u2013 O Jornal Econ\u00f3mico"},"content":{"rendered":"<p> [ad_1]<br \/>\n<\/p>\n<div>\n<p>O CDS-PP quer criar uma comiss\u00e3o de humaniza\u00e7\u00e3o dos cuidados assistenciais do Servi\u00e7o Regional de Sa\u00fade (SESARAM). O objetivo passa por reunir v\u00e1rias entidades do sector da sa\u00fade de modo a que estas apresentem ideias e projetos, ao conselho de administra\u00e7\u00e3o do SESARAM, no sentido de tornar os cuidados de sa\u00fade mais humanos.<\/p>\n<p>\u201c\u00c9 reconhecido que o SESARAM tem bons profissionais e forma\u00e7\u00e3o adequada\u201d, disse M\u00e1rio Pereira, deputado do CDS-PP.<\/p>\n<p>O deputado do CDS-PP disse que a percep\u00e7\u00e3o da popula\u00e7\u00e3o relativamente \u00e0 sa\u00fade na Madeira, \u00e9 que os cuidados de sa\u00fade prestados no SESARAM \u201cn\u00e3o s\u00e3o oferecidos em n\u00fameros suficientes\u201d, e que \u201calguns cuidados poderiam ser tratados\u201d de melhor maneira.<\/p>\n<p>\u201cH\u00e1 um problema de subst\u00e2ncia e de percep\u00e7\u00e3o e isso tem que ver com a qualidade dos servi\u00e7os prestados\u201d, acrescentou.<\/p>\n<p>M\u00e1rio Pereira, disse na sess\u00e3o plen\u00e1rio que est\u00e1 a discutir esta proposta dos centristas, que h\u00e1 tamb\u00e9m \u201cproblemas de transpar\u00eancia, equidade, de acesso \u00e0 informa\u00e7\u00e3o e relat\u00f3rio, a exames de diagn\u00f3sticos\u201d.<\/p>\n<p>O deputado centrista considerou que \u201ch\u00e1 muito a fazer\u201d no SESARAM. \u201cE qual \u00e9 a resposta do Governo? O governo diz que est\u00e1 tudo bem\u201d, sublinhou.<\/p>\n<p>A ideia da cria\u00e7\u00e3o desta comiss\u00e3o de humaniza\u00e7\u00e3o passa tamb\u00e9m pelo aporte de entidades fora do SESARAM, explicou o deputado do CDS-PP.<\/p>\n<p>\u201cQueremos que haja ideias, projetos, que sejam dados \u00e0 administra\u00e7\u00e3o do SESARAM, no sentido de tornar os cuidados do SESARAM mais humanos\u201d, explicou M\u00e1rio Pereira.<\/p>\n<p>No projeto de Decreto Legislativo Regional, apresentado pelos centristas, esta comiss\u00e3o de humaniza\u00e7\u00e3o seria constitu\u00edda por um m\u00e9dico indicado pelo conselho de administra\u00e7\u00e3o, e por mais seis vogais, sendo tr\u00eas indicados pelo conselho de administra\u00e7\u00e3o, provenientes das diversas \u00e1reas de actua\u00e7\u00e3o do SESARAM, incluindo os cuidados de sa\u00fade prim\u00e1rios, um pela Ordem dos M\u00e9dicos, um pela Ordem dos Enfermeiros, um representativo das associa\u00e7\u00f5es de doentes.<\/p>\n<\/p><\/div>\n<p><script>function facebookInit(){var js=document.createElement('script');js.src='https:\/\/connect.facebook.net\/pt_PT\/sdk.js#xfbml=1&version=v3.1&appId=1708066812789184&autoLogAppEvents=1';return document.body.appendChild(js);}\nwindow.onscroll=function(){var rect=document.getElementsByClassName('je-post-content')[0].getBoundingClientRect();if(rect.bottom<window.innerHeight){facebookInit();window.onscroll=null;}}<\/script><br \/>\n<br \/>[ad_2]<br \/>\n<br \/><a href=\"https:\/\/jornaleconomico.sapo.pt\/noticias\/cds-pp-quer-criar-comissao-de-humanizacao-na-saude-na-madeira-450024\">Source link <\/a><\/p>\n","protected":false},"excerpt":{"rendered":"<p>[ad_1] O CDS-PP quer criar uma comiss\u00e3o de humaniza\u00e7\u00e3o dos cuidados assistenciais do Servi\u00e7o Regional de Sa\u00fade (SESARAM). O objetivo passa por reunir v\u00e1rias entidades do sector da sa\u00fade de modo a que estas apresentem ideias e projetos, ao conselho de administra\u00e7\u00e3o do SESARAM, no sentido de tornar os cuidados de sa\u00fade mais humanos. \u201c\u00c9 [&hellip;]<\/p>\n","protected":false},"author":2,"featured_media":1881,"comment_status":"open","ping_status":"open","sticky":false,"template":"","format":"standard","meta":{"footnotes":""},"categories":[1],"tags":[],"class_list":["post-1880","post","type-post","status-publish","format-standard","has-post-thumbnail","hentry","category-noticias-financeiras"],"yoast_head":"<!-- This site is optimized with the Yoast SEO plugin v27.4 - https:\/\/yoast.com\/product\/yoast-seo-wordpress\/ -->\n<title>CDS-PP quer criar comiss\u00e3o de humaniza\u00e7\u00e3o na Sa\u00fade na Madeira \u2013 O Jornal Econ\u00f3mico - Super News<\/title>\n<meta name=\"robots\" content=\"index, follow, max-snippet:-1, max-image-preview:large, max-video-preview:-1\" \/>\n<link rel=\"canonical\" href=\"https:\/\/super-news.info\/pt\/cds-pp-quer-criar-comissao-de-humanizacao-na-saude-na-madeira-o-jornal-economico\/\" \/>\n<meta property=\"og:locale\" content=\"pt_PT\" \/>\n<meta property=\"og:type\" content=\"article\" \/>\n<meta property=\"og:title\" content=\"CDS-PP quer criar comiss\u00e3o de humaniza\u00e7\u00e3o na Sa\u00fade na Madeira \u2013 O Jornal Econ\u00f3mico - Super News\" \/>\n<meta property=\"og:description\" content=\"[ad_1] O CDS-PP quer criar uma comiss\u00e3o de humaniza\u00e7\u00e3o dos cuidados assistenciais do Servi\u00e7o Regional de Sa\u00fade (SESARAM). O objetivo passa por reunir v\u00e1rias entidades do sector da sa\u00fade de modo a que estas apresentem ideias e projetos, ao conselho de administra\u00e7\u00e3o do SESARAM, no sentido de tornar os cuidados de sa\u00fade mais humanos. \u201c\u00c9 [&hellip;]\" \/>\n<meta property=\"og:url\" content=\"https:\/\/super-news.info\/pt\/cds-pp-quer-criar-comissao-de-humanizacao-na-saude-na-madeira-o-jornal-economico\/\" \/>\n<meta property=\"og:site_name\" content=\"Super News\" \/>\n<meta property=\"article:published_time\" content=\"2019-05-28T13:08:11+00:00\" \/>\n<meta property=\"article:modified_time\" content=\"2019-05-28T13:08:13+00:00\" \/>\n<meta property=\"og:image\" content=\"https:\/\/super-news.info\/pt\/wp-content\/uploads\/sites\/2\/2019\/05\/CDS-PP-quer-criar-comiss\u00e3o-de-humaniza\u00e7\u00e3o-na-Sa\u00fade-na-Madeira.png\" \/>\n\t<meta property=\"og:image:width\" content=\"600\" \/>\n\t<meta property=\"og:image:height\" content=\"664\" \/>\n\t<meta property=\"og:image:type\" content=\"image\/png\" \/>\n<meta name=\"author\" content=\"super-news\" \/>\n<meta name=\"twitter:card\" content=\"summary_large_image\" \/>\n<meta name=\"twitter:label1\" content=\"Escrito por\" \/>\n\t<meta name=\"twitter:data1\" content=\"super-news\" \/>\n\t<meta name=\"twitter:label2\" content=\"Tempo estimado de leitura\" \/>\n\t<meta name=\"twitter:data2\" content=\"2 minutos\" \/>\n<script type=\"application\/ld+json\" class=\"yoast-schema-graph\">{\"@context\":\"https:\\\/\\\/schema.org\",\"@graph\":[{\"@type\":\"Article\",\"@id\":\"https:\\\/\\\/super-news.info\\\/pt\\\/cds-pp-quer-criar-comissao-de-humanizacao-na-saude-na-madeira-o-jornal-economico\\\/#article\",\"isPartOf\":{\"@id\":\"https:\\\/\\\/super-news.info\\\/pt\\\/cds-pp-quer-criar-comissao-de-humanizacao-na-saude-na-madeira-o-jornal-economico\\\/\"},\"author\":{\"name\":\"super-news\",\"@id\":\"https:\\\/\\\/super-news.info\\\/pt\\\/#\\\/schema\\\/person\\\/2d4068cb2f39cd10008c2fce578a7356\"},\"headline\":\"CDS-PP quer criar comiss\u00e3o de humaniza\u00e7\u00e3o na Sa\u00fade na Madeira \u2013 O Jornal Econ\u00f3mico\",\"datePublished\":\"2019-05-28T13:08:11+00:00\",\"dateModified\":\"2019-05-28T13:08:13+00:00\",\"mainEntityOfPage\":{\"@id\":\"https:\\\/\\\/super-news.info\\\/pt\\\/cds-pp-quer-criar-comissao-de-humanizacao-na-saude-na-madeira-o-jornal-economico\\\/\"},\"wordCount\":360,\"commentCount\":0,\"image\":{\"@id\":\"https:\\\/\\\/super-news.info\\\/pt\\\/cds-pp-quer-criar-comissao-de-humanizacao-na-saude-na-madeira-o-jornal-economico\\\/#primaryimage\"},\"thumbnailUrl\":\"https:\\\/\\\/super-news.info\\\/pt\\\/wp-content\\\/uploads\\\/sites\\\/2\\\/2019\\\/05\\\/CDS-PP-quer-criar-comiss\u00e3o-de-humaniza\u00e7\u00e3o-na-Sa\u00fade-na-Madeira.png\",\"articleSection\":[\"NOT\u00cdCIAS FINANCEIRAS\"],\"inLanguage\":\"pt-PT\",\"potentialAction\":[{\"@type\":\"CommentAction\",\"name\":\"Comment\",\"target\":[\"https:\\\/\\\/super-news.info\\\/pt\\\/cds-pp-quer-criar-comissao-de-humanizacao-na-saude-na-madeira-o-jornal-economico\\\/#respond\"]}]},{\"@type\":\"WebPage\",\"@id\":\"https:\\\/\\\/super-news.info\\\/pt\\\/cds-pp-quer-criar-comissao-de-humanizacao-na-saude-na-madeira-o-jornal-economico\\\/\",\"url\":\"https:\\\/\\\/super-news.info\\\/pt\\\/cds-pp-quer-criar-comissao-de-humanizacao-na-saude-na-madeira-o-jornal-economico\\\/\",\"name\":\"CDS-PP quer criar comiss\u00e3o de humaniza\u00e7\u00e3o na Sa\u00fade na Madeira \u2013 O Jornal Econ\u00f3mico - Super News\",\"isPartOf\":{\"@id\":\"https:\\\/\\\/super-news.info\\\/pt\\\/#website\"},\"primaryImageOfPage\":{\"@id\":\"https:\\\/\\\/super-news.info\\\/pt\\\/cds-pp-quer-criar-comissao-de-humanizacao-na-saude-na-madeira-o-jornal-economico\\\/#primaryimage\"},\"image\":{\"@id\":\"https:\\\/\\\/super-news.info\\\/pt\\\/cds-pp-quer-criar-comissao-de-humanizacao-na-saude-na-madeira-o-jornal-economico\\\/#primaryimage\"},\"thumbnailUrl\":\"https:\\\/\\\/super-news.info\\\/pt\\\/wp-content\\\/uploads\\\/sites\\\/2\\\/2019\\\/05\\\/CDS-PP-quer-criar-comiss\u00e3o-de-humaniza\u00e7\u00e3o-na-Sa\u00fade-na-Madeira.png\",\"datePublished\":\"2019-05-28T13:08:11+00:00\",\"dateModified\":\"2019-05-28T13:08:13+00:00\",\"author\":{\"@id\":\"https:\\\/\\\/super-news.info\\\/pt\\\/#\\\/schema\\\/person\\\/2d4068cb2f39cd10008c2fce578a7356\"},\"breadcrumb\":{\"@id\":\"https:\\\/\\\/super-news.info\\\/pt\\\/cds-pp-quer-criar-comissao-de-humanizacao-na-saude-na-madeira-o-jornal-economico\\\/#breadcrumb\"},\"inLanguage\":\"pt-PT\",\"potentialAction\":[{\"@type\":\"ReadAction\",\"target\":[\"https:\\\/\\\/super-news.info\\\/pt\\\/cds-pp-quer-criar-comissao-de-humanizacao-na-saude-na-madeira-o-jornal-economico\\\/\"]}]},{\"@type\":\"ImageObject\",\"inLanguage\":\"pt-PT\",\"@id\":\"https:\\\/\\\/super-news.info\\\/pt\\\/cds-pp-quer-criar-comissao-de-humanizacao-na-saude-na-madeira-o-jornal-economico\\\/#primaryimage\",\"url\":\"https:\\\/\\\/super-news.info\\\/pt\\\/wp-content\\\/uploads\\\/sites\\\/2\\\/2019\\\/05\\\/CDS-PP-quer-criar-comiss\u00e3o-de-humaniza\u00e7\u00e3o-na-Sa\u00fade-na-Madeira.png\",\"contentUrl\":\"https:\\\/\\\/super-news.info\\\/pt\\\/wp-content\\\/uploads\\\/sites\\\/2\\\/2019\\\/05\\\/CDS-PP-quer-criar-comiss\u00e3o-de-humaniza\u00e7\u00e3o-na-Sa\u00fade-na-Madeira.png\",\"width\":600,\"height\":664,\"caption\":\"CDS-PP quer criar comiss\u00e3o de humaniza\u00e7\u00e3o na Sa\u00fade na Madeira \u2013 O Jornal Econ\u00f3mico\"},{\"@type\":\"BreadcrumbList\",\"@id\":\"https:\\\/\\\/super-news.info\\\/pt\\\/cds-pp-quer-criar-comissao-de-humanizacao-na-saude-na-madeira-o-jornal-economico\\\/#breadcrumb\",\"itemListElement\":[{\"@type\":\"ListItem\",\"position\":1,\"name\":\"\u0413\u043b\u0430\u0432\u043d\u0430\u044f \u0441\u0442\u0440\u0430\u043d\u0438\u0446\u0430\",\"item\":\"https:\\\/\\\/super-news.info\\\/pt\\\/\"},{\"@type\":\"ListItem\",\"position\":2,\"name\":\"CDS-PP quer criar comiss\u00e3o de humaniza\u00e7\u00e3o na Sa\u00fade na Madeira \u2013 O Jornal Econ\u00f3mico\"}]},{\"@type\":\"WebSite\",\"@id\":\"https:\\\/\\\/super-news.info\\\/pt\\\/#website\",\"url\":\"https:\\\/\\\/super-news.info\\\/pt\\\/\",\"name\":\"Super News\",\"description\":\"Super News Portugal\",\"potentialAction\":[{\"@type\":\"SearchAction\",\"target\":{\"@type\":\"EntryPoint\",\"urlTemplate\":\"https:\\\/\\\/super-news.info\\\/pt\\\/?s={search_term_string}\"},\"query-input\":{\"@type\":\"PropertyValueSpecification\",\"valueRequired\":true,\"valueName\":\"search_term_string\"}}],\"inLanguage\":\"pt-PT\"},{\"@type\":\"Person\",\"@id\":\"https:\\\/\\\/super-news.info\\\/pt\\\/#\\\/schema\\\/person\\\/2d4068cb2f39cd10008c2fce578a7356\",\"name\":\"super-news\",\"image\":{\"@type\":\"ImageObject\",\"inLanguage\":\"pt-PT\",\"@id\":\"https:\\\/\\\/secure.gravatar.com\\\/avatar\\\/64ebac40b93f26a154f8a9b5b6fdccfc46f442b26b3dd6756dbff3bf9dc76fd7?s=96&d=mm&r=g\",\"url\":\"https:\\\/\\\/secure.gravatar.com\\\/avatar\\\/64ebac40b93f26a154f8a9b5b6fdccfc46f442b26b3dd6756dbff3bf9dc76fd7?s=96&d=mm&r=g\",\"contentUrl\":\"https:\\\/\\\/secure.gravatar.com\\\/avatar\\\/64ebac40b93f26a154f8a9b5b6fdccfc46f442b26b3dd6756dbff3bf9dc76fd7?s=96&d=mm&r=g\",\"caption\":\"super-news\"},\"url\":\"https:\\\/\\\/super-news.info\\\/pt\\\/author\\\/pt\\\/\"}]}<\/script>\n<!-- \/ Yoast SEO plugin. -->","yoast_head_json":{"title":"CDS-PP quer criar comiss\u00e3o de humaniza\u00e7\u00e3o na Sa\u00fade na Madeira \u2013 O Jornal Econ\u00f3mico - Super News","robots":{"index":"index","follow":"follow","max-snippet":"max-snippet:-1","max-image-preview":"max-image-preview:large","max-video-preview":"max-video-preview:-1"},"canonical":"https:\/\/super-news.info\/pt\/cds-pp-quer-criar-comissao-de-humanizacao-na-saude-na-madeira-o-jornal-economico\/","og_locale":"pt_PT","og_type":"article","og_title":"CDS-PP quer criar comiss\u00e3o de humaniza\u00e7\u00e3o na Sa\u00fade na Madeira \u2013 O Jornal Econ\u00f3mico - Super News","og_description":"[ad_1] O CDS-PP quer criar uma comiss\u00e3o de humaniza\u00e7\u00e3o dos cuidados assistenciais do Servi\u00e7o Regional de Sa\u00fade (SESARAM). O objetivo passa por reunir v\u00e1rias entidades do sector da sa\u00fade de modo a que estas apresentem ideias e projetos, ao conselho de administra\u00e7\u00e3o do SESARAM, no sentido de tornar os cuidados de sa\u00fade mais humanos. \u201c\u00c9 [&hellip;]","og_url":"https:\/\/super-news.info\/pt\/cds-pp-quer-criar-comissao-de-humanizacao-na-saude-na-madeira-o-jornal-economico\/","og_site_name":"Super News","article_published_time":"2019-05-28T13:08:11+00:00","article_modified_time":"2019-05-28T13:08:13+00:00","og_image":[{"width":600,"height":664,"url":"https:\/\/super-news.info\/pt\/wp-content\/uploads\/sites\/2\/2019\/05\/CDS-PP-quer-criar-comiss\u00e3o-de-humaniza\u00e7\u00e3o-na-Sa\u00fade-na-Madeira.png","type":"image\/png"}],"author":"super-news","twitter_card":"summary_large_image","twitter_misc":{"Escrito por":"super-news","Tempo estimado de leitura":"2 minutos"},"schema":{"@context":"https:\/\/schema.org","@graph":[{"@type":"Article","@id":"https:\/\/super-news.info\/pt\/cds-pp-quer-criar-comissao-de-humanizacao-na-saude-na-madeira-o-jornal-economico\/#article","isPartOf":{"@id":"https:\/\/super-news.info\/pt\/cds-pp-quer-criar-comissao-de-humanizacao-na-saude-na-madeira-o-jornal-economico\/"},"author":{"name":"super-news","@id":"https:\/\/super-news.info\/pt\/#\/schema\/person\/2d4068cb2f39cd10008c2fce578a7356"},"headline":"CDS-PP quer criar comiss\u00e3o de humaniza\u00e7\u00e3o na Sa\u00fade na Madeira \u2013 O Jornal Econ\u00f3mico","datePublished":"2019-05-28T13:08:11+00:00","dateModified":"2019-05-28T13:08:13+00:00","mainEntityOfPage":{"@id":"https:\/\/super-news.info\/pt\/cds-pp-quer-criar-comissao-de-humanizacao-na-saude-na-madeira-o-jornal-economico\/"},"wordCount":360,"commentCount":0,"image":{"@id":"https:\/\/super-news.info\/pt\/cds-pp-quer-criar-comissao-de-humanizacao-na-saude-na-madeira-o-jornal-economico\/#primaryimage"},"thumbnailUrl":"https:\/\/super-news.info\/pt\/wp-content\/uploads\/sites\/2\/2019\/05\/CDS-PP-quer-criar-comiss\u00e3o-de-humaniza\u00e7\u00e3o-na-Sa\u00fade-na-Madeira.png","articleSection":["NOT\u00cdCIAS FINANCEIRAS"],"inLanguage":"pt-PT","potentialAction":[{"@type":"CommentAction","name":"Comment","target":["https:\/\/super-news.info\/pt\/cds-pp-quer-criar-comissao-de-humanizacao-na-saude-na-madeira-o-jornal-economico\/#respond"]}]},{"@type":"WebPage","@id":"https:\/\/super-news.info\/pt\/cds-pp-quer-criar-comissao-de-humanizacao-na-saude-na-madeira-o-jornal-economico\/","url":"https:\/\/super-news.info\/pt\/cds-pp-quer-criar-comissao-de-humanizacao-na-saude-na-madeira-o-jornal-economico\/","name":"CDS-PP quer criar comiss\u00e3o de humaniza\u00e7\u00e3o na Sa\u00fade na Madeira \u2013 O Jornal Econ\u00f3mico - Super News","isPartOf":{"@id":"https:\/\/super-news.info\/pt\/#website"},"primaryImageOfPage":{"@id":"https:\/\/super-news.info\/pt\/cds-pp-quer-criar-comissao-de-humanizacao-na-saude-na-madeira-o-jornal-economico\/#primaryimage"},"image":{"@id":"https:\/\/super-news.info\/pt\/cds-pp-quer-criar-comissao-de-humanizacao-na-saude-na-madeira-o-jornal-economico\/#primaryimage"},"thumbnailUrl":"https:\/\/super-news.info\/pt\/wp-content\/uploads\/sites\/2\/2019\/05\/CDS-PP-quer-criar-comiss\u00e3o-de-humaniza\u00e7\u00e3o-na-Sa\u00fade-na-Madeira.png","datePublished":"2019-05-28T13:08:11+00:00","dateModified":"2019-05-28T13:08:13+00:00","author":{"@id":"https:\/\/super-news.info\/pt\/#\/schema\/person\/2d4068cb2f39cd10008c2fce578a7356"},"breadcrumb":{"@id":"https:\/\/super-news.info\/pt\/cds-pp-quer-criar-comissao-de-humanizacao-na-saude-na-madeira-o-jornal-economico\/#breadcrumb"},"inLanguage":"pt-PT","potentialAction":[{"@type":"ReadAction","target":["https:\/\/super-news.info\/pt\/cds-pp-quer-criar-comissao-de-humanizacao-na-saude-na-madeira-o-jornal-economico\/"]}]},{"@type":"ImageObject","inLanguage":"pt-PT","@id":"https:\/\/super-news.info\/pt\/cds-pp-quer-criar-comissao-de-humanizacao-na-saude-na-madeira-o-jornal-economico\/#primaryimage","url":"https:\/\/super-news.info\/pt\/wp-content\/uploads\/sites\/2\/2019\/05\/CDS-PP-quer-criar-comiss\u00e3o-de-humaniza\u00e7\u00e3o-na-Sa\u00fade-na-Madeira.png","contentUrl":"https:\/\/super-news.info\/pt\/wp-content\/uploads\/sites\/2\/2019\/05\/CDS-PP-quer-criar-comiss\u00e3o-de-humaniza\u00e7\u00e3o-na-Sa\u00fade-na-Madeira.png","width":600,"height":664,"caption":"CDS-PP quer criar comiss\u00e3o de humaniza\u00e7\u00e3o na Sa\u00fade na Madeira \u2013 O Jornal Econ\u00f3mico"},{"@type":"BreadcrumbList","@id":"https:\/\/super-news.info\/pt\/cds-pp-quer-criar-comissao-de-humanizacao-na-saude-na-madeira-o-jornal-economico\/#breadcrumb","itemListElement":[{"@type":"ListItem","position":1,"name":"\u0413\u043b\u0430\u0432\u043d\u0430\u044f \u0441\u0442\u0440\u0430\u043d\u0438\u0446\u0430","item":"https:\/\/super-news.info\/pt\/"},{"@type":"ListItem","position":2,"name":"CDS-PP quer criar comiss\u00e3o de humaniza\u00e7\u00e3o na Sa\u00fade na Madeira \u2013 O Jornal Econ\u00f3mico"}]},{"@type":"WebSite","@id":"https:\/\/super-news.info\/pt\/#website","url":"https:\/\/super-news.info\/pt\/","name":"Super News","description":"Super News Portugal","potentialAction":[{"@type":"SearchAction","target":{"@type":"EntryPoint","urlTemplate":"https:\/\/super-news.info\/pt\/?s={search_term_string}"},"query-input":{"@type":"PropertyValueSpecification","valueRequired":true,"valueName":"search_term_string"}}],"inLanguage":"pt-PT"},{"@type":"Person","@id":"https:\/\/super-news.info\/pt\/#\/schema\/person\/2d4068cb2f39cd10008c2fce578a7356","name":"super-news","image":{"@type":"ImageObject","inLanguage":"pt-PT","@id":"https:\/\/secure.gravatar.com\/avatar\/64ebac40b93f26a154f8a9b5b6fdccfc46f442b26b3dd6756dbff3bf9dc76fd7?s=96&d=mm&r=g","url":"https:\/\/secure.gravatar.com\/avatar\/64ebac40b93f26a154f8a9b5b6fdccfc46f442b26b3dd6756dbff3bf9dc76fd7?s=96&d=mm&r=g","contentUrl":"https:\/\/secure.gravatar.com\/avatar\/64ebac40b93f26a154f8a9b5b6fdccfc46f442b26b3dd6756dbff3bf9dc76fd7?s=96&d=mm&r=g","caption":"super-news"},"url":"https:\/\/super-news.info\/pt\/author\/pt\/"}]}},"_links":{"self":[{"href":"https:\/\/super-news.info\/pt\/wp-json\/wp\/v2\/posts\/1880","targetHints":{"allow":["GET"]}}],"collection":[{"href":"https:\/\/super-news.info\/pt\/wp-json\/wp\/v2\/posts"}],"about":[{"href":"https:\/\/super-news.info\/pt\/wp-json\/wp\/v2\/types\/post"}],"author":[{"embeddable":true,"href":"https:\/\/super-news.info\/pt\/wp-json\/wp\/v2\/users\/2"}],"replies":[{"embeddable":true,"href":"https:\/\/super-news.info\/pt\/wp-json\/wp\/v2\/comments?post=1880"}],"version-history":[{"count":1,"href":"https:\/\/super-news.info\/pt\/wp-json\/wp\/v2\/posts\/1880\/revisions"}],"predecessor-version":[{"id":1882,"href":"https:\/\/super-news.info\/pt\/wp-json\/wp\/v2\/posts\/1880\/revisions\/1882"}],"wp:featuredmedia":[{"embeddable":true,"href":"https:\/\/super-news.info\/pt\/wp-json\/wp\/v2\/media\/1881"}],"wp:attachment":[{"href":"https:\/\/super-news.info\/pt\/wp-json\/wp\/v2\/media?parent=1880"}],"wp:term":[{"taxonomy":"category","embeddable":true,"href":"https:\/\/super-news.info\/pt\/wp-json\/wp\/v2\/categories?post=1880"},{"taxonomy":"post_tag","embeddable":true,"href":"https:\/\/super-news.info\/pt\/wp-json\/wp\/v2\/tags?post=1880"}],"curies":[{"name":"wp","href":"https:\/\/api.w.org\/{rel}","templated":true}]}}