{"id":1877,"date":"2019-05-28T14:49:20","date_gmt":"2019-05-28T11:49:20","guid":{"rendered":"https:\/\/super-news.info\/pt\/nunca-uma-maioria-da-assembleia-da-republica-castigou-o-poder-da-nossa-autonomia-como-a-atual-afirma-psd-madeira-o-jornal-economico\/"},"modified":"2019-05-28T14:49:21","modified_gmt":"2019-05-28T11:49:21","slug":"nunca-uma-maioria-da-assembleia-da-republica-castigou-o-poder-da-nossa-autonomia-como-a-atual-afirma-psd-madeira-o-jornal-economico","status":"publish","type":"post","link":"https:\/\/super-news.info\/pt\/nunca-uma-maioria-da-assembleia-da-republica-castigou-o-poder-da-nossa-autonomia-como-a-atual-afirma-psd-madeira-o-jornal-economico\/","title":{"rendered":"\u201cNunca uma maioria da Assembleia da Rep\u00fablica castigou o poder da nossa autonomia como a atual\u201d, afirma PSD Madeira \u2013 O Jornal Econ\u00f3mico"},"content":{"rendered":"<p> [ad_1]<br \/>\n<\/p>\n<div>\n<p>Para o PSD Madeira a maioria de esquerda, que existe na Assembleia da Rep\u00fablica, tem sido marcada pela negativa. Os sociais democratas afirmam que nunca uma maioria assembleia nacional castigou o poder da autonomia como a atual.<\/p>\n<p>\u201cA autonomia foi a maior conquista da democracia, se a consagra\u00e7\u00e3o na constitui\u00e7\u00e3o foi ambi\u00e7\u00e3o do nosso povo, respeitar essa ambi\u00e7\u00e3o \u00e9 um direito consagrado na democracia e deve ser real\u201d, disse Jaime Filipe Ramos, deputado do PSD, na Assembleia Legislativa da Madeira.<\/p>\n<p>O social democrata salientou que esse direito existe, mas que \u00e9 \u201cimportante refletir\u201d se a Madeira tem \u201cusufru\u00eddo desse direito, e de exercer a nossa autonomia\u201d.<\/p>\n<p>Entre esses direitos, sublinhou o deputado do PSD, est\u00e1 a apresenta\u00e7\u00e3o de propostas \u00e0 Assembleia da Rep\u00fablica por parte da Assembleia Regional.<\/p>\n<p>\u201cEsta Assembleia tem representado ao povo da Madeira um castigo, secundarizando, ignorando, negligenciando, a atua\u00e7\u00e3o do parlamento regional, e at\u00e9 das iniciativas aprovadas por unanimidade\u201d, refor\u00e7ou o social democrata.<\/p>\n<p>\u201cTivemos propostas de v\u00e1rios partidos. Esta legislatura no que diz respeito \u00e0 maioria de esquerda, na Rep\u00fablica, fica marcada pela negativa. Nunca uma maioria parlamentar da Rep\u00fablica foi t\u00e3o madrasta para a nossa autonomia. Nunca uma maioria na assembleia castigou o poder da nossa autonomia como esta maioria\u201d, afirmou Jaime Filipe Ramos.<\/p>\n<p>Jaime Filipe Ramos considerou que esta situa\u00e7\u00e3o \u201cn\u00e3o tem explica\u00e7\u00e3o\u201d, acrescentando que \u201calgu\u00e9m n\u00e3o quer\u201d que o parlamento regional exer\u00e7a livremente um direito que lhe assiste. \u201cS\u00f3 assim se percebe que existam mais de duas dezenas de proposta engavetadas na Assembleia da Rep\u00fablica\u201d, disse o deputado do PSD.<\/p>\n<\/p><\/div>\n<p><script>function facebookInit(){var js=document.createElement('script');js.src='https:\/\/connect.facebook.net\/pt_PT\/sdk.js#xfbml=1&version=v3.1&appId=1708066812789184&autoLogAppEvents=1';return document.body.appendChild(js);}\nwindow.onscroll=function(){var rect=document.getElementsByClassName('je-post-content')[0].getBoundingClientRect();if(rect.bottom<window.innerHeight){facebookInit();window.onscroll=null;}}<\/script><br \/>\n<br \/>[ad_2]<br \/>\n<br \/><a href=\"https:\/\/jornaleconomico.sapo.pt\/noticias\/nunca-uma-maioria-da-assembleia-da-republica-castigou-o-poder-da-nossa-autonomia-como-a-atual-afirma-psd-madeira-449994\">Source link <\/a><\/p>\n","protected":false},"excerpt":{"rendered":"<p>[ad_1] Para o PSD Madeira a maioria de esquerda, que existe na Assembleia da Rep\u00fablica, tem sido marcada pela negativa. Os sociais democratas afirmam que nunca uma maioria assembleia nacional castigou o poder da autonomia como a atual. \u201cA autonomia foi a maior conquista da democracia, se a consagra\u00e7\u00e3o na constitui\u00e7\u00e3o foi ambi\u00e7\u00e3o do nosso [&hellip;]<\/p>\n","protected":false},"author":2,"featured_media":1878,"comment_status":"open","ping_status":"open","sticky":false,"template":"","format":"standard","meta":{"footnotes":""},"categories":[1],"tags":[],"class_list":["post-1877","post","type-post","status-publish","format-standard","has-post-thumbnail","hentry","category-noticias-financeiras"],"yoast_head":"<!-- This site is optimized with the Yoast SEO plugin v27.4 - https:\/\/yoast.com\/product\/yoast-seo-wordpress\/ -->\n<title>\u201cNunca uma maioria da Assembleia da Rep\u00fablica castigou o poder da nossa autonomia como a atual\u201d, afirma PSD Madeira \u2013 O Jornal Econ\u00f3mico - Super News<\/title>\n<meta name=\"robots\" content=\"index, follow, max-snippet:-1, max-image-preview:large, max-video-preview:-1\" \/>\n<link rel=\"canonical\" href=\"https:\/\/super-news.info\/pt\/nunca-uma-maioria-da-assembleia-da-republica-castigou-o-poder-da-nossa-autonomia-como-a-atual-afirma-psd-madeira-o-jornal-economico\/\" \/>\n<meta property=\"og:locale\" content=\"pt_PT\" \/>\n<meta property=\"og:type\" content=\"article\" \/>\n<meta property=\"og:title\" content=\"\u201cNunca uma maioria da Assembleia da Rep\u00fablica castigou o poder da nossa autonomia como a atual\u201d, afirma PSD Madeira \u2013 O Jornal Econ\u00f3mico - Super News\" \/>\n<meta property=\"og:description\" content=\"[ad_1] Para o PSD Madeira a maioria de esquerda, que existe na Assembleia da Rep\u00fablica, tem sido marcada pela negativa. Os sociais democratas afirmam que nunca uma maioria assembleia nacional castigou o poder da autonomia como a atual. \u201cA autonomia foi a maior conquista da democracia, se a consagra\u00e7\u00e3o na constitui\u00e7\u00e3o foi ambi\u00e7\u00e3o do nosso [&hellip;]\" \/>\n<meta property=\"og:url\" content=\"https:\/\/super-news.info\/pt\/nunca-uma-maioria-da-assembleia-da-republica-castigou-o-poder-da-nossa-autonomia-como-a-atual-afirma-psd-madeira-o-jornal-economico\/\" \/>\n<meta property=\"og:site_name\" content=\"Super News\" \/>\n<meta property=\"article:published_time\" content=\"2019-05-28T11:49:20+00:00\" \/>\n<meta property=\"article:modified_time\" content=\"2019-05-28T11:49:21+00:00\" \/>\n<meta property=\"og:image\" content=\"https:\/\/super-news.info\/pt\/wp-content\/uploads\/sites\/2\/2019\/05\/\u201cNunca-uma-maioria-da-Assembleia-da-Rep\u00fablica-castigou-o-poder.png\" \/>\n\t<meta property=\"og:image:width\" content=\"600\" \/>\n\t<meta property=\"og:image:height\" content=\"698\" \/>\n\t<meta property=\"og:image:type\" content=\"image\/png\" \/>\n<meta name=\"author\" content=\"super-news\" \/>\n<meta name=\"twitter:card\" content=\"summary_large_image\" \/>\n<meta name=\"twitter:label1\" content=\"Escrito por\" \/>\n\t<meta name=\"twitter:data1\" content=\"super-news\" \/>\n\t<meta name=\"twitter:label2\" content=\"Tempo estimado de leitura\" \/>\n\t<meta name=\"twitter:data2\" content=\"1 minuto\" \/>\n<script type=\"application\/ld+json\" class=\"yoast-schema-graph\">{\"@context\":\"https:\\\/\\\/schema.org\",\"@graph\":[{\"@type\":\"Article\",\"@id\":\"https:\\\/\\\/super-news.info\\\/pt\\\/nunca-uma-maioria-da-assembleia-da-republica-castigou-o-poder-da-nossa-autonomia-como-a-atual-afirma-psd-madeira-o-jornal-economico\\\/#article\",\"isPartOf\":{\"@id\":\"https:\\\/\\\/super-news.info\\\/pt\\\/nunca-uma-maioria-da-assembleia-da-republica-castigou-o-poder-da-nossa-autonomia-como-a-atual-afirma-psd-madeira-o-jornal-economico\\\/\"},\"author\":{\"name\":\"super-news\",\"@id\":\"https:\\\/\\\/super-news.info\\\/pt\\\/#\\\/schema\\\/person\\\/2d4068cb2f39cd10008c2fce578a7356\"},\"headline\":\"\u201cNunca uma maioria da Assembleia da Rep\u00fablica castigou o poder da nossa autonomia como a atual\u201d, afirma PSD Madeira \u2013 O Jornal Econ\u00f3mico\",\"datePublished\":\"2019-05-28T11:49:20+00:00\",\"dateModified\":\"2019-05-28T11:49:21+00:00\",\"mainEntityOfPage\":{\"@id\":\"https:\\\/\\\/super-news.info\\\/pt\\\/nunca-uma-maioria-da-assembleia-da-republica-castigou-o-poder-da-nossa-autonomia-como-a-atual-afirma-psd-madeira-o-jornal-economico\\\/\"},\"wordCount\":302,\"commentCount\":0,\"image\":{\"@id\":\"https:\\\/\\\/super-news.info\\\/pt\\\/nunca-uma-maioria-da-assembleia-da-republica-castigou-o-poder-da-nossa-autonomia-como-a-atual-afirma-psd-madeira-o-jornal-economico\\\/#primaryimage\"},\"thumbnailUrl\":\"https:\\\/\\\/super-news.info\\\/pt\\\/wp-content\\\/uploads\\\/sites\\\/2\\\/2019\\\/05\\\/\u201cNunca-uma-maioria-da-Assembleia-da-Rep\u00fablica-castigou-o-poder.png\",\"articleSection\":[\"NOT\u00cdCIAS FINANCEIRAS\"],\"inLanguage\":\"pt-PT\",\"potentialAction\":[{\"@type\":\"CommentAction\",\"name\":\"Comment\",\"target\":[\"https:\\\/\\\/super-news.info\\\/pt\\\/nunca-uma-maioria-da-assembleia-da-republica-castigou-o-poder-da-nossa-autonomia-como-a-atual-afirma-psd-madeira-o-jornal-economico\\\/#respond\"]}]},{\"@type\":\"WebPage\",\"@id\":\"https:\\\/\\\/super-news.info\\\/pt\\\/nunca-uma-maioria-da-assembleia-da-republica-castigou-o-poder-da-nossa-autonomia-como-a-atual-afirma-psd-madeira-o-jornal-economico\\\/\",\"url\":\"https:\\\/\\\/super-news.info\\\/pt\\\/nunca-uma-maioria-da-assembleia-da-republica-castigou-o-poder-da-nossa-autonomia-como-a-atual-afirma-psd-madeira-o-jornal-economico\\\/\",\"name\":\"\u201cNunca uma maioria da Assembleia da Rep\u00fablica castigou o poder da nossa autonomia como a atual\u201d, afirma PSD Madeira \u2013 O Jornal Econ\u00f3mico - Super News\",\"isPartOf\":{\"@id\":\"https:\\\/\\\/super-news.info\\\/pt\\\/#website\"},\"primaryImageOfPage\":{\"@id\":\"https:\\\/\\\/super-news.info\\\/pt\\\/nunca-uma-maioria-da-assembleia-da-republica-castigou-o-poder-da-nossa-autonomia-como-a-atual-afirma-psd-madeira-o-jornal-economico\\\/#primaryimage\"},\"image\":{\"@id\":\"https:\\\/\\\/super-news.info\\\/pt\\\/nunca-uma-maioria-da-assembleia-da-republica-castigou-o-poder-da-nossa-autonomia-como-a-atual-afirma-psd-madeira-o-jornal-economico\\\/#primaryimage\"},\"thumbnailUrl\":\"https:\\\/\\\/super-news.info\\\/pt\\\/wp-content\\\/uploads\\\/sites\\\/2\\\/2019\\\/05\\\/\u201cNunca-uma-maioria-da-Assembleia-da-Rep\u00fablica-castigou-o-poder.png\",\"datePublished\":\"2019-05-28T11:49:20+00:00\",\"dateModified\":\"2019-05-28T11:49:21+00:00\",\"author\":{\"@id\":\"https:\\\/\\\/super-news.info\\\/pt\\\/#\\\/schema\\\/person\\\/2d4068cb2f39cd10008c2fce578a7356\"},\"breadcrumb\":{\"@id\":\"https:\\\/\\\/super-news.info\\\/pt\\\/nunca-uma-maioria-da-assembleia-da-republica-castigou-o-poder-da-nossa-autonomia-como-a-atual-afirma-psd-madeira-o-jornal-economico\\\/#breadcrumb\"},\"inLanguage\":\"pt-PT\",\"potentialAction\":[{\"@type\":\"ReadAction\",\"target\":[\"https:\\\/\\\/super-news.info\\\/pt\\\/nunca-uma-maioria-da-assembleia-da-republica-castigou-o-poder-da-nossa-autonomia-como-a-atual-afirma-psd-madeira-o-jornal-economico\\\/\"]}]},{\"@type\":\"ImageObject\",\"inLanguage\":\"pt-PT\",\"@id\":\"https:\\\/\\\/super-news.info\\\/pt\\\/nunca-uma-maioria-da-assembleia-da-republica-castigou-o-poder-da-nossa-autonomia-como-a-atual-afirma-psd-madeira-o-jornal-economico\\\/#primaryimage\",\"url\":\"https:\\\/\\\/super-news.info\\\/pt\\\/wp-content\\\/uploads\\\/sites\\\/2\\\/2019\\\/05\\\/\u201cNunca-uma-maioria-da-Assembleia-da-Rep\u00fablica-castigou-o-poder.png\",\"contentUrl\":\"https:\\\/\\\/super-news.info\\\/pt\\\/wp-content\\\/uploads\\\/sites\\\/2\\\/2019\\\/05\\\/\u201cNunca-uma-maioria-da-Assembleia-da-Rep\u00fablica-castigou-o-poder.png\",\"width\":600,\"height\":698,\"caption\":\"\u201cNunca uma maioria da Assembleia da Rep\u00fablica castigou o poder da nossa autonomia como a atual\u201d, afirma PSD Madeira \u2013 O Jornal Econ\u00f3mico\"},{\"@type\":\"BreadcrumbList\",\"@id\":\"https:\\\/\\\/super-news.info\\\/pt\\\/nunca-uma-maioria-da-assembleia-da-republica-castigou-o-poder-da-nossa-autonomia-como-a-atual-afirma-psd-madeira-o-jornal-economico\\\/#breadcrumb\",\"itemListElement\":[{\"@type\":\"ListItem\",\"position\":1,\"name\":\"\u0413\u043b\u0430\u0432\u043d\u0430\u044f \u0441\u0442\u0440\u0430\u043d\u0438\u0446\u0430\",\"item\":\"https:\\\/\\\/super-news.info\\\/pt\\\/\"},{\"@type\":\"ListItem\",\"position\":2,\"name\":\"\u201cNunca uma maioria da Assembleia da Rep\u00fablica castigou o poder da nossa autonomia como a atual\u201d, afirma PSD Madeira \u2013 O Jornal Econ\u00f3mico\"}]},{\"@type\":\"WebSite\",\"@id\":\"https:\\\/\\\/super-news.info\\\/pt\\\/#website\",\"url\":\"https:\\\/\\\/super-news.info\\\/pt\\\/\",\"name\":\"Super News\",\"description\":\"Super News Portugal\",\"potentialAction\":[{\"@type\":\"SearchAction\",\"target\":{\"@type\":\"EntryPoint\",\"urlTemplate\":\"https:\\\/\\\/super-news.info\\\/pt\\\/?s={search_term_string}\"},\"query-input\":{\"@type\":\"PropertyValueSpecification\",\"valueRequired\":true,\"valueName\":\"search_term_string\"}}],\"inLanguage\":\"pt-PT\"},{\"@type\":\"Person\",\"@id\":\"https:\\\/\\\/super-news.info\\\/pt\\\/#\\\/schema\\\/person\\\/2d4068cb2f39cd10008c2fce578a7356\",\"name\":\"super-news\",\"image\":{\"@type\":\"ImageObject\",\"inLanguage\":\"pt-PT\",\"@id\":\"https:\\\/\\\/secure.gravatar.com\\\/avatar\\\/64ebac40b93f26a154f8a9b5b6fdccfc46f442b26b3dd6756dbff3bf9dc76fd7?s=96&d=mm&r=g\",\"url\":\"https:\\\/\\\/secure.gravatar.com\\\/avatar\\\/64ebac40b93f26a154f8a9b5b6fdccfc46f442b26b3dd6756dbff3bf9dc76fd7?s=96&d=mm&r=g\",\"contentUrl\":\"https:\\\/\\\/secure.gravatar.com\\\/avatar\\\/64ebac40b93f26a154f8a9b5b6fdccfc46f442b26b3dd6756dbff3bf9dc76fd7?s=96&d=mm&r=g\",\"caption\":\"super-news\"},\"url\":\"https:\\\/\\\/super-news.info\\\/pt\\\/author\\\/pt\\\/\"}]}<\/script>\n<!-- \/ Yoast SEO plugin. -->","yoast_head_json":{"title":"\u201cNunca uma maioria da Assembleia da Rep\u00fablica castigou o poder da nossa autonomia como a atual\u201d, afirma PSD Madeira \u2013 O Jornal Econ\u00f3mico - Super News","robots":{"index":"index","follow":"follow","max-snippet":"max-snippet:-1","max-image-preview":"max-image-preview:large","max-video-preview":"max-video-preview:-1"},"canonical":"https:\/\/super-news.info\/pt\/nunca-uma-maioria-da-assembleia-da-republica-castigou-o-poder-da-nossa-autonomia-como-a-atual-afirma-psd-madeira-o-jornal-economico\/","og_locale":"pt_PT","og_type":"article","og_title":"\u201cNunca uma maioria da Assembleia da Rep\u00fablica castigou o poder da nossa autonomia como a atual\u201d, afirma PSD Madeira \u2013 O Jornal Econ\u00f3mico - Super News","og_description":"[ad_1] Para o PSD Madeira a maioria de esquerda, que existe na Assembleia da Rep\u00fablica, tem sido marcada pela negativa. Os sociais democratas afirmam que nunca uma maioria assembleia nacional castigou o poder da autonomia como a atual. \u201cA autonomia foi a maior conquista da democracia, se a consagra\u00e7\u00e3o na constitui\u00e7\u00e3o foi ambi\u00e7\u00e3o do nosso [&hellip;]","og_url":"https:\/\/super-news.info\/pt\/nunca-uma-maioria-da-assembleia-da-republica-castigou-o-poder-da-nossa-autonomia-como-a-atual-afirma-psd-madeira-o-jornal-economico\/","og_site_name":"Super News","article_published_time":"2019-05-28T11:49:20+00:00","article_modified_time":"2019-05-28T11:49:21+00:00","og_image":[{"width":600,"height":698,"url":"https:\/\/super-news.info\/pt\/wp-content\/uploads\/sites\/2\/2019\/05\/\u201cNunca-uma-maioria-da-Assembleia-da-Rep\u00fablica-castigou-o-poder.png","type":"image\/png"}],"author":"super-news","twitter_card":"summary_large_image","twitter_misc":{"Escrito por":"super-news","Tempo estimado de leitura":"1 minuto"},"schema":{"@context":"https:\/\/schema.org","@graph":[{"@type":"Article","@id":"https:\/\/super-news.info\/pt\/nunca-uma-maioria-da-assembleia-da-republica-castigou-o-poder-da-nossa-autonomia-como-a-atual-afirma-psd-madeira-o-jornal-economico\/#article","isPartOf":{"@id":"https:\/\/super-news.info\/pt\/nunca-uma-maioria-da-assembleia-da-republica-castigou-o-poder-da-nossa-autonomia-como-a-atual-afirma-psd-madeira-o-jornal-economico\/"},"author":{"name":"super-news","@id":"https:\/\/super-news.info\/pt\/#\/schema\/person\/2d4068cb2f39cd10008c2fce578a7356"},"headline":"\u201cNunca uma maioria da Assembleia da Rep\u00fablica castigou o poder da nossa autonomia como a atual\u201d, afirma PSD Madeira \u2013 O Jornal Econ\u00f3mico","datePublished":"2019-05-28T11:49:20+00:00","dateModified":"2019-05-28T11:49:21+00:00","mainEntityOfPage":{"@id":"https:\/\/super-news.info\/pt\/nunca-uma-maioria-da-assembleia-da-republica-castigou-o-poder-da-nossa-autonomia-como-a-atual-afirma-psd-madeira-o-jornal-economico\/"},"wordCount":302,"commentCount":0,"image":{"@id":"https:\/\/super-news.info\/pt\/nunca-uma-maioria-da-assembleia-da-republica-castigou-o-poder-da-nossa-autonomia-como-a-atual-afirma-psd-madeira-o-jornal-economico\/#primaryimage"},"thumbnailUrl":"https:\/\/super-news.info\/pt\/wp-content\/uploads\/sites\/2\/2019\/05\/\u201cNunca-uma-maioria-da-Assembleia-da-Rep\u00fablica-castigou-o-poder.png","articleSection":["NOT\u00cdCIAS FINANCEIRAS"],"inLanguage":"pt-PT","potentialAction":[{"@type":"CommentAction","name":"Comment","target":["https:\/\/super-news.info\/pt\/nunca-uma-maioria-da-assembleia-da-republica-castigou-o-poder-da-nossa-autonomia-como-a-atual-afirma-psd-madeira-o-jornal-economico\/#respond"]}]},{"@type":"WebPage","@id":"https:\/\/super-news.info\/pt\/nunca-uma-maioria-da-assembleia-da-republica-castigou-o-poder-da-nossa-autonomia-como-a-atual-afirma-psd-madeira-o-jornal-economico\/","url":"https:\/\/super-news.info\/pt\/nunca-uma-maioria-da-assembleia-da-republica-castigou-o-poder-da-nossa-autonomia-como-a-atual-afirma-psd-madeira-o-jornal-economico\/","name":"\u201cNunca uma maioria da Assembleia da Rep\u00fablica castigou o poder da nossa autonomia como a atual\u201d, afirma PSD Madeira \u2013 O Jornal Econ\u00f3mico - Super News","isPartOf":{"@id":"https:\/\/super-news.info\/pt\/#website"},"primaryImageOfPage":{"@id":"https:\/\/super-news.info\/pt\/nunca-uma-maioria-da-assembleia-da-republica-castigou-o-poder-da-nossa-autonomia-como-a-atual-afirma-psd-madeira-o-jornal-economico\/#primaryimage"},"image":{"@id":"https:\/\/super-news.info\/pt\/nunca-uma-maioria-da-assembleia-da-republica-castigou-o-poder-da-nossa-autonomia-como-a-atual-afirma-psd-madeira-o-jornal-economico\/#primaryimage"},"thumbnailUrl":"https:\/\/super-news.info\/pt\/wp-content\/uploads\/sites\/2\/2019\/05\/\u201cNunca-uma-maioria-da-Assembleia-da-Rep\u00fablica-castigou-o-poder.png","datePublished":"2019-05-28T11:49:20+00:00","dateModified":"2019-05-28T11:49:21+00:00","author":{"@id":"https:\/\/super-news.info\/pt\/#\/schema\/person\/2d4068cb2f39cd10008c2fce578a7356"},"breadcrumb":{"@id":"https:\/\/super-news.info\/pt\/nunca-uma-maioria-da-assembleia-da-republica-castigou-o-poder-da-nossa-autonomia-como-a-atual-afirma-psd-madeira-o-jornal-economico\/#breadcrumb"},"inLanguage":"pt-PT","potentialAction":[{"@type":"ReadAction","target":["https:\/\/super-news.info\/pt\/nunca-uma-maioria-da-assembleia-da-republica-castigou-o-poder-da-nossa-autonomia-como-a-atual-afirma-psd-madeira-o-jornal-economico\/"]}]},{"@type":"ImageObject","inLanguage":"pt-PT","@id":"https:\/\/super-news.info\/pt\/nunca-uma-maioria-da-assembleia-da-republica-castigou-o-poder-da-nossa-autonomia-como-a-atual-afirma-psd-madeira-o-jornal-economico\/#primaryimage","url":"https:\/\/super-news.info\/pt\/wp-content\/uploads\/sites\/2\/2019\/05\/\u201cNunca-uma-maioria-da-Assembleia-da-Rep\u00fablica-castigou-o-poder.png","contentUrl":"https:\/\/super-news.info\/pt\/wp-content\/uploads\/sites\/2\/2019\/05\/\u201cNunca-uma-maioria-da-Assembleia-da-Rep\u00fablica-castigou-o-poder.png","width":600,"height":698,"caption":"\u201cNunca uma maioria da Assembleia da Rep\u00fablica castigou o poder da nossa autonomia como a atual\u201d, afirma PSD Madeira \u2013 O Jornal Econ\u00f3mico"},{"@type":"BreadcrumbList","@id":"https:\/\/super-news.info\/pt\/nunca-uma-maioria-da-assembleia-da-republica-castigou-o-poder-da-nossa-autonomia-como-a-atual-afirma-psd-madeira-o-jornal-economico\/#breadcrumb","itemListElement":[{"@type":"ListItem","position":1,"name":"\u0413\u043b\u0430\u0432\u043d\u0430\u044f \u0441\u0442\u0440\u0430\u043d\u0438\u0446\u0430","item":"https:\/\/super-news.info\/pt\/"},{"@type":"ListItem","position":2,"name":"\u201cNunca uma maioria da Assembleia da Rep\u00fablica castigou o poder da nossa autonomia como a atual\u201d, afirma PSD Madeira \u2013 O Jornal Econ\u00f3mico"}]},{"@type":"WebSite","@id":"https:\/\/super-news.info\/pt\/#website","url":"https:\/\/super-news.info\/pt\/","name":"Super News","description":"Super News Portugal","potentialAction":[{"@type":"SearchAction","target":{"@type":"EntryPoint","urlTemplate":"https:\/\/super-news.info\/pt\/?s={search_term_string}"},"query-input":{"@type":"PropertyValueSpecification","valueRequired":true,"valueName":"search_term_string"}}],"inLanguage":"pt-PT"},{"@type":"Person","@id":"https:\/\/super-news.info\/pt\/#\/schema\/person\/2d4068cb2f39cd10008c2fce578a7356","name":"super-news","image":{"@type":"ImageObject","inLanguage":"pt-PT","@id":"https:\/\/secure.gravatar.com\/avatar\/64ebac40b93f26a154f8a9b5b6fdccfc46f442b26b3dd6756dbff3bf9dc76fd7?s=96&d=mm&r=g","url":"https:\/\/secure.gravatar.com\/avatar\/64ebac40b93f26a154f8a9b5b6fdccfc46f442b26b3dd6756dbff3bf9dc76fd7?s=96&d=mm&r=g","contentUrl":"https:\/\/secure.gravatar.com\/avatar\/64ebac40b93f26a154f8a9b5b6fdccfc46f442b26b3dd6756dbff3bf9dc76fd7?s=96&d=mm&r=g","caption":"super-news"},"url":"https:\/\/super-news.info\/pt\/author\/pt\/"}]}},"_links":{"self":[{"href":"https:\/\/super-news.info\/pt\/wp-json\/wp\/v2\/posts\/1877","targetHints":{"allow":["GET"]}}],"collection":[{"href":"https:\/\/super-news.info\/pt\/wp-json\/wp\/v2\/posts"}],"about":[{"href":"https:\/\/super-news.info\/pt\/wp-json\/wp\/v2\/types\/post"}],"author":[{"embeddable":true,"href":"https:\/\/super-news.info\/pt\/wp-json\/wp\/v2\/users\/2"}],"replies":[{"embeddable":true,"href":"https:\/\/super-news.info\/pt\/wp-json\/wp\/v2\/comments?post=1877"}],"version-history":[{"count":1,"href":"https:\/\/super-news.info\/pt\/wp-json\/wp\/v2\/posts\/1877\/revisions"}],"predecessor-version":[{"id":1879,"href":"https:\/\/super-news.info\/pt\/wp-json\/wp\/v2\/posts\/1877\/revisions\/1879"}],"wp:featuredmedia":[{"embeddable":true,"href":"https:\/\/super-news.info\/pt\/wp-json\/wp\/v2\/media\/1878"}],"wp:attachment":[{"href":"https:\/\/super-news.info\/pt\/wp-json\/wp\/v2\/media?parent=1877"}],"wp:term":[{"taxonomy":"category","embeddable":true,"href":"https:\/\/super-news.info\/pt\/wp-json\/wp\/v2\/categories?post=1877"},{"taxonomy":"post_tag","embeddable":true,"href":"https:\/\/super-news.info\/pt\/wp-json\/wp\/v2\/tags?post=1877"}],"curies":[{"name":"wp","href":"https:\/\/api.w.org\/{rel}","templated":true}]}}