{"id":1871,"date":"2019-05-28T13:25:42","date_gmt":"2019-05-28T10:25:42","guid":{"rendered":"https:\/\/super-news.info\/pt\/presidente-da-camara-do-funchal-renuncia-ao-mandato-esta-quinta-feira-o-jornal-economico\/"},"modified":"2019-05-28T13:25:44","modified_gmt":"2019-05-28T10:25:44","slug":"presidente-da-camara-do-funchal-renuncia-ao-mandato-esta-quinta-feira-o-jornal-economico","status":"publish","type":"post","link":"https:\/\/super-news.info\/pt\/presidente-da-camara-do-funchal-renuncia-ao-mandato-esta-quinta-feira-o-jornal-economico\/","title":{"rendered":"Presidente da C\u00e2mara do Funchal renuncia ao mandato esta quinta-feira \u2013 O Jornal Econ\u00f3mico"},"content":{"rendered":"<p> [ad_1]<br \/>\n<\/p>\n<div>\n<p>O presidente da C\u00e2mara do Funchal, Paulo Caf\u00f4fo, candidato do PS \u00e0 presid\u00eancia do Governo Regional, nas legislativas regionais de 22 de setembro, deve renunciar ao mandato na autarquia esta quinta-feira, diz o gabinete do autarca.<\/p>\n<p>A decis\u00e3o foi hoje avan\u00e7ada pelo Di\u00e1rio de Not\u00edcias da Madeira e confirmada \u00e0 ag\u00eancia Lusa pelo chefe de gabinete de Paulo Caf\u00f4fo, Miguel Igl\u00e9sias.<\/p>\n<p>\u201cO presidente n\u00e3o far\u00e1 qualquer declara\u00e7\u00e3o sobre este assunto antes de quinta-feira, ap\u00f3s a reuni\u00e3o semanal do executivo da C\u00e2mara do Funchal\u201d, referiu.<\/p>\n<p>Quando questionado sobre este assunto, Paulo Caf\u00f4fo tinha j\u00e1 respondido que a sua sa\u00edda do munic\u00edpio decorreria dentro dos prazos legais, cujo limite \u00e9 de 40 dias antes do ato eleitoral.<\/p>\n<p>A decis\u00e3o foi ditada pelos resultados eleitorais das europeias, em que o PS apenas venceu em dois dos concelhos da Madeira (Machico e Porto Moniz), tendo o PSD sido a for\u00e7a mais votada nos restantes nove munic\u00edpios.<\/p>\n<p>O objetivo do candidato \u00e9 apostar numa \u201ccampanha de mobiliza\u00e7\u00e3o para um novo ciclo de desenvolvimento da regi\u00e3o\u201d, disse o chefe de gabinete.<\/p>\n<p>O PSD foi o partido mais votado na Regi\u00e3o Aut\u00f3noma da Madeira nas europeias de domingo, com 37,15% dos votos, tendo o PS obtido 25,81%.<\/p>\n<p>A absten\u00e7\u00e3o situou-se nos 61,47%, ou seja, foi inferior aos 66,14% registada em 2014.<\/p>\n<p>No ato eleitoral de domingo, a Madeira manteve duas eurodeputadas no Parlamento Europeu, nomeadamente Sara Cerdas (PS) e Cl\u00e1udia Monteiro de Aguiar (PSD), que conseguiu ser reeleita.<\/p>\n<p>Paulo Caf\u00f4fo, que se tornou presidente da principal c\u00e2mara madeirense em 2013, foi reeleito em 2017 pela coliga\u00e7\u00e3o Confian\u00e7a (PS\/BE\/JPP\/PDR\/N\u00f3s, Cidad\u00e3os!), conquistando a maioria absoluta.<\/p>\n<p>At\u00e9 ent\u00e3o, o munic\u00edpio tinha sido liderado pelo PSD, partido que governa a Madeira.<\/p>\n<p>Nas elei\u00e7\u00f5es de setembro, o atual presidente do Governo Regional, Miguel Albuquerque, recandidata-se ao cargo.<\/p>\n<\/p><\/div>\n<p><script>function facebookInit(){var js=document.createElement('script');js.src='https:\/\/connect.facebook.net\/pt_PT\/sdk.js#xfbml=1&version=v3.1&appId=1708066812789184&autoLogAppEvents=1';return document.body.appendChild(js);}\nwindow.onscroll=function(){var rect=document.getElementsByClassName('je-post-content')[0].getBoundingClientRect();if(rect.bottom<window.innerHeight){facebookInit();window.onscroll=null;}}<\/script><br \/>\n<br \/>[ad_2]<br \/>\n<br \/><a href=\"https:\/\/jornaleconomico.sapo.pt\/noticias\/presidente-da-camara-do-funchal-renuncia-ao-mandato-esta-quinta-feira-450028\">Source link <\/a><\/p>\n","protected":false},"excerpt":{"rendered":"<p>[ad_1] O presidente da C\u00e2mara do Funchal, Paulo Caf\u00f4fo, candidato do PS \u00e0 presid\u00eancia do Governo Regional, nas legislativas regionais de 22 de setembro, deve renunciar ao mandato na autarquia esta quinta-feira, diz o gabinete do autarca. A decis\u00e3o foi hoje avan\u00e7ada pelo Di\u00e1rio de Not\u00edcias da Madeira e confirmada \u00e0 ag\u00eancia Lusa pelo chefe [&hellip;]<\/p>\n","protected":false},"author":2,"featured_media":1872,"comment_status":"open","ping_status":"open","sticky":false,"template":"","format":"standard","meta":{"footnotes":""},"categories":[1],"tags":[],"class_list":["post-1871","post","type-post","status-publish","format-standard","has-post-thumbnail","hentry","category-noticias-financeiras"],"yoast_head":"<!-- This site is optimized with the Yoast SEO plugin v27.4 - https:\/\/yoast.com\/product\/yoast-seo-wordpress\/ -->\n<title>Presidente da C\u00e2mara do Funchal renuncia ao mandato esta quinta-feira \u2013 O Jornal Econ\u00f3mico - Super News<\/title>\n<meta name=\"robots\" content=\"index, follow, max-snippet:-1, max-image-preview:large, max-video-preview:-1\" \/>\n<link rel=\"canonical\" href=\"https:\/\/super-news.info\/pt\/presidente-da-camara-do-funchal-renuncia-ao-mandato-esta-quinta-feira-o-jornal-economico\/\" \/>\n<meta property=\"og:locale\" content=\"pt_PT\" \/>\n<meta property=\"og:type\" content=\"article\" \/>\n<meta property=\"og:title\" content=\"Presidente da C\u00e2mara do Funchal renuncia ao mandato esta quinta-feira \u2013 O Jornal Econ\u00f3mico - Super News\" \/>\n<meta property=\"og:description\" content=\"[ad_1] O presidente da C\u00e2mara do Funchal, Paulo Caf\u00f4fo, candidato do PS \u00e0 presid\u00eancia do Governo Regional, nas legislativas regionais de 22 de setembro, deve renunciar ao mandato na autarquia esta quinta-feira, diz o gabinete do autarca. A decis\u00e3o foi hoje avan\u00e7ada pelo Di\u00e1rio de Not\u00edcias da Madeira e confirmada \u00e0 ag\u00eancia Lusa pelo chefe [&hellip;]\" \/>\n<meta property=\"og:url\" content=\"https:\/\/super-news.info\/pt\/presidente-da-camara-do-funchal-renuncia-ao-mandato-esta-quinta-feira-o-jornal-economico\/\" \/>\n<meta property=\"og:site_name\" content=\"Super News\" \/>\n<meta property=\"article:published_time\" content=\"2019-05-28T10:25:42+00:00\" \/>\n<meta property=\"article:modified_time\" content=\"2019-05-28T10:25:44+00:00\" \/>\n<meta property=\"og:image\" content=\"https:\/\/super-news.info\/pt\/wp-content\/uploads\/sites\/2\/2019\/05\/Presidente-da-C\u00e2mara-do-Funchal-renuncia-ao-mandato-esta-quinta-feira.png\" \/>\n\t<meta property=\"og:image:width\" content=\"600\" \/>\n\t<meta property=\"og:image:height\" content=\"698\" \/>\n\t<meta property=\"og:image:type\" content=\"image\/png\" \/>\n<meta name=\"author\" content=\"super-news\" \/>\n<meta name=\"twitter:card\" content=\"summary_large_image\" \/>\n<meta name=\"twitter:label1\" content=\"Escrito por\" \/>\n\t<meta name=\"twitter:data1\" content=\"super-news\" \/>\n\t<meta name=\"twitter:label2\" content=\"Tempo estimado de leitura\" \/>\n\t<meta name=\"twitter:data2\" content=\"2 minutos\" \/>\n<script type=\"application\/ld+json\" class=\"yoast-schema-graph\">{\"@context\":\"https:\\\/\\\/schema.org\",\"@graph\":[{\"@type\":\"Article\",\"@id\":\"https:\\\/\\\/super-news.info\\\/pt\\\/presidente-da-camara-do-funchal-renuncia-ao-mandato-esta-quinta-feira-o-jornal-economico\\\/#article\",\"isPartOf\":{\"@id\":\"https:\\\/\\\/super-news.info\\\/pt\\\/presidente-da-camara-do-funchal-renuncia-ao-mandato-esta-quinta-feira-o-jornal-economico\\\/\"},\"author\":{\"name\":\"super-news\",\"@id\":\"https:\\\/\\\/super-news.info\\\/pt\\\/#\\\/schema\\\/person\\\/2d4068cb2f39cd10008c2fce578a7356\"},\"headline\":\"Presidente da C\u00e2mara do Funchal renuncia ao mandato esta quinta-feira \u2013 O Jornal Econ\u00f3mico\",\"datePublished\":\"2019-05-28T10:25:42+00:00\",\"dateModified\":\"2019-05-28T10:25:44+00:00\",\"mainEntityOfPage\":{\"@id\":\"https:\\\/\\\/super-news.info\\\/pt\\\/presidente-da-camara-do-funchal-renuncia-ao-mandato-esta-quinta-feira-o-jornal-economico\\\/\"},\"wordCount\":341,\"commentCount\":0,\"image\":{\"@id\":\"https:\\\/\\\/super-news.info\\\/pt\\\/presidente-da-camara-do-funchal-renuncia-ao-mandato-esta-quinta-feira-o-jornal-economico\\\/#primaryimage\"},\"thumbnailUrl\":\"https:\\\/\\\/super-news.info\\\/pt\\\/wp-content\\\/uploads\\\/sites\\\/2\\\/2019\\\/05\\\/Presidente-da-C\u00e2mara-do-Funchal-renuncia-ao-mandato-esta-quinta-feira.png\",\"articleSection\":[\"NOT\u00cdCIAS FINANCEIRAS\"],\"inLanguage\":\"pt-PT\",\"potentialAction\":[{\"@type\":\"CommentAction\",\"name\":\"Comment\",\"target\":[\"https:\\\/\\\/super-news.info\\\/pt\\\/presidente-da-camara-do-funchal-renuncia-ao-mandato-esta-quinta-feira-o-jornal-economico\\\/#respond\"]}]},{\"@type\":\"WebPage\",\"@id\":\"https:\\\/\\\/super-news.info\\\/pt\\\/presidente-da-camara-do-funchal-renuncia-ao-mandato-esta-quinta-feira-o-jornal-economico\\\/\",\"url\":\"https:\\\/\\\/super-news.info\\\/pt\\\/presidente-da-camara-do-funchal-renuncia-ao-mandato-esta-quinta-feira-o-jornal-economico\\\/\",\"name\":\"Presidente da C\u00e2mara do Funchal renuncia ao mandato esta quinta-feira \u2013 O Jornal Econ\u00f3mico - Super News\",\"isPartOf\":{\"@id\":\"https:\\\/\\\/super-news.info\\\/pt\\\/#website\"},\"primaryImageOfPage\":{\"@id\":\"https:\\\/\\\/super-news.info\\\/pt\\\/presidente-da-camara-do-funchal-renuncia-ao-mandato-esta-quinta-feira-o-jornal-economico\\\/#primaryimage\"},\"image\":{\"@id\":\"https:\\\/\\\/super-news.info\\\/pt\\\/presidente-da-camara-do-funchal-renuncia-ao-mandato-esta-quinta-feira-o-jornal-economico\\\/#primaryimage\"},\"thumbnailUrl\":\"https:\\\/\\\/super-news.info\\\/pt\\\/wp-content\\\/uploads\\\/sites\\\/2\\\/2019\\\/05\\\/Presidente-da-C\u00e2mara-do-Funchal-renuncia-ao-mandato-esta-quinta-feira.png\",\"datePublished\":\"2019-05-28T10:25:42+00:00\",\"dateModified\":\"2019-05-28T10:25:44+00:00\",\"author\":{\"@id\":\"https:\\\/\\\/super-news.info\\\/pt\\\/#\\\/schema\\\/person\\\/2d4068cb2f39cd10008c2fce578a7356\"},\"breadcrumb\":{\"@id\":\"https:\\\/\\\/super-news.info\\\/pt\\\/presidente-da-camara-do-funchal-renuncia-ao-mandato-esta-quinta-feira-o-jornal-economico\\\/#breadcrumb\"},\"inLanguage\":\"pt-PT\",\"potentialAction\":[{\"@type\":\"ReadAction\",\"target\":[\"https:\\\/\\\/super-news.info\\\/pt\\\/presidente-da-camara-do-funchal-renuncia-ao-mandato-esta-quinta-feira-o-jornal-economico\\\/\"]}]},{\"@type\":\"ImageObject\",\"inLanguage\":\"pt-PT\",\"@id\":\"https:\\\/\\\/super-news.info\\\/pt\\\/presidente-da-camara-do-funchal-renuncia-ao-mandato-esta-quinta-feira-o-jornal-economico\\\/#primaryimage\",\"url\":\"https:\\\/\\\/super-news.info\\\/pt\\\/wp-content\\\/uploads\\\/sites\\\/2\\\/2019\\\/05\\\/Presidente-da-C\u00e2mara-do-Funchal-renuncia-ao-mandato-esta-quinta-feira.png\",\"contentUrl\":\"https:\\\/\\\/super-news.info\\\/pt\\\/wp-content\\\/uploads\\\/sites\\\/2\\\/2019\\\/05\\\/Presidente-da-C\u00e2mara-do-Funchal-renuncia-ao-mandato-esta-quinta-feira.png\",\"width\":600,\"height\":698,\"caption\":\"Presidente da C\u00e2mara do Funchal renuncia ao mandato esta quinta-feira \u2013 O Jornal Econ\u00f3mico\"},{\"@type\":\"BreadcrumbList\",\"@id\":\"https:\\\/\\\/super-news.info\\\/pt\\\/presidente-da-camara-do-funchal-renuncia-ao-mandato-esta-quinta-feira-o-jornal-economico\\\/#breadcrumb\",\"itemListElement\":[{\"@type\":\"ListItem\",\"position\":1,\"name\":\"\u0413\u043b\u0430\u0432\u043d\u0430\u044f \u0441\u0442\u0440\u0430\u043d\u0438\u0446\u0430\",\"item\":\"https:\\\/\\\/super-news.info\\\/pt\\\/\"},{\"@type\":\"ListItem\",\"position\":2,\"name\":\"Presidente da C\u00e2mara do Funchal renuncia ao mandato esta quinta-feira \u2013 O Jornal Econ\u00f3mico\"}]},{\"@type\":\"WebSite\",\"@id\":\"https:\\\/\\\/super-news.info\\\/pt\\\/#website\",\"url\":\"https:\\\/\\\/super-news.info\\\/pt\\\/\",\"name\":\"Super News\",\"description\":\"Super News Portugal\",\"potentialAction\":[{\"@type\":\"SearchAction\",\"target\":{\"@type\":\"EntryPoint\",\"urlTemplate\":\"https:\\\/\\\/super-news.info\\\/pt\\\/?s={search_term_string}\"},\"query-input\":{\"@type\":\"PropertyValueSpecification\",\"valueRequired\":true,\"valueName\":\"search_term_string\"}}],\"inLanguage\":\"pt-PT\"},{\"@type\":\"Person\",\"@id\":\"https:\\\/\\\/super-news.info\\\/pt\\\/#\\\/schema\\\/person\\\/2d4068cb2f39cd10008c2fce578a7356\",\"name\":\"super-news\",\"image\":{\"@type\":\"ImageObject\",\"inLanguage\":\"pt-PT\",\"@id\":\"https:\\\/\\\/secure.gravatar.com\\\/avatar\\\/64ebac40b93f26a154f8a9b5b6fdccfc46f442b26b3dd6756dbff3bf9dc76fd7?s=96&d=mm&r=g\",\"url\":\"https:\\\/\\\/secure.gravatar.com\\\/avatar\\\/64ebac40b93f26a154f8a9b5b6fdccfc46f442b26b3dd6756dbff3bf9dc76fd7?s=96&d=mm&r=g\",\"contentUrl\":\"https:\\\/\\\/secure.gravatar.com\\\/avatar\\\/64ebac40b93f26a154f8a9b5b6fdccfc46f442b26b3dd6756dbff3bf9dc76fd7?s=96&d=mm&r=g\",\"caption\":\"super-news\"},\"url\":\"https:\\\/\\\/super-news.info\\\/pt\\\/author\\\/pt\\\/\"}]}<\/script>\n<!-- \/ Yoast SEO plugin. -->","yoast_head_json":{"title":"Presidente da C\u00e2mara do Funchal renuncia ao mandato esta quinta-feira \u2013 O Jornal Econ\u00f3mico - Super News","robots":{"index":"index","follow":"follow","max-snippet":"max-snippet:-1","max-image-preview":"max-image-preview:large","max-video-preview":"max-video-preview:-1"},"canonical":"https:\/\/super-news.info\/pt\/presidente-da-camara-do-funchal-renuncia-ao-mandato-esta-quinta-feira-o-jornal-economico\/","og_locale":"pt_PT","og_type":"article","og_title":"Presidente da C\u00e2mara do Funchal renuncia ao mandato esta quinta-feira \u2013 O Jornal Econ\u00f3mico - Super News","og_description":"[ad_1] O presidente da C\u00e2mara do Funchal, Paulo Caf\u00f4fo, candidato do PS \u00e0 presid\u00eancia do Governo Regional, nas legislativas regionais de 22 de setembro, deve renunciar ao mandato na autarquia esta quinta-feira, diz o gabinete do autarca. A decis\u00e3o foi hoje avan\u00e7ada pelo Di\u00e1rio de Not\u00edcias da Madeira e confirmada \u00e0 ag\u00eancia Lusa pelo chefe [&hellip;]","og_url":"https:\/\/super-news.info\/pt\/presidente-da-camara-do-funchal-renuncia-ao-mandato-esta-quinta-feira-o-jornal-economico\/","og_site_name":"Super News","article_published_time":"2019-05-28T10:25:42+00:00","article_modified_time":"2019-05-28T10:25:44+00:00","og_image":[{"width":600,"height":698,"url":"https:\/\/super-news.info\/pt\/wp-content\/uploads\/sites\/2\/2019\/05\/Presidente-da-C\u00e2mara-do-Funchal-renuncia-ao-mandato-esta-quinta-feira.png","type":"image\/png"}],"author":"super-news","twitter_card":"summary_large_image","twitter_misc":{"Escrito por":"super-news","Tempo estimado de leitura":"2 minutos"},"schema":{"@context":"https:\/\/schema.org","@graph":[{"@type":"Article","@id":"https:\/\/super-news.info\/pt\/presidente-da-camara-do-funchal-renuncia-ao-mandato-esta-quinta-feira-o-jornal-economico\/#article","isPartOf":{"@id":"https:\/\/super-news.info\/pt\/presidente-da-camara-do-funchal-renuncia-ao-mandato-esta-quinta-feira-o-jornal-economico\/"},"author":{"name":"super-news","@id":"https:\/\/super-news.info\/pt\/#\/schema\/person\/2d4068cb2f39cd10008c2fce578a7356"},"headline":"Presidente da C\u00e2mara do Funchal renuncia ao mandato esta quinta-feira \u2013 O Jornal Econ\u00f3mico","datePublished":"2019-05-28T10:25:42+00:00","dateModified":"2019-05-28T10:25:44+00:00","mainEntityOfPage":{"@id":"https:\/\/super-news.info\/pt\/presidente-da-camara-do-funchal-renuncia-ao-mandato-esta-quinta-feira-o-jornal-economico\/"},"wordCount":341,"commentCount":0,"image":{"@id":"https:\/\/super-news.info\/pt\/presidente-da-camara-do-funchal-renuncia-ao-mandato-esta-quinta-feira-o-jornal-economico\/#primaryimage"},"thumbnailUrl":"https:\/\/super-news.info\/pt\/wp-content\/uploads\/sites\/2\/2019\/05\/Presidente-da-C\u00e2mara-do-Funchal-renuncia-ao-mandato-esta-quinta-feira.png","articleSection":["NOT\u00cdCIAS FINANCEIRAS"],"inLanguage":"pt-PT","potentialAction":[{"@type":"CommentAction","name":"Comment","target":["https:\/\/super-news.info\/pt\/presidente-da-camara-do-funchal-renuncia-ao-mandato-esta-quinta-feira-o-jornal-economico\/#respond"]}]},{"@type":"WebPage","@id":"https:\/\/super-news.info\/pt\/presidente-da-camara-do-funchal-renuncia-ao-mandato-esta-quinta-feira-o-jornal-economico\/","url":"https:\/\/super-news.info\/pt\/presidente-da-camara-do-funchal-renuncia-ao-mandato-esta-quinta-feira-o-jornal-economico\/","name":"Presidente da C\u00e2mara do Funchal renuncia ao mandato esta quinta-feira \u2013 O Jornal Econ\u00f3mico - Super News","isPartOf":{"@id":"https:\/\/super-news.info\/pt\/#website"},"primaryImageOfPage":{"@id":"https:\/\/super-news.info\/pt\/presidente-da-camara-do-funchal-renuncia-ao-mandato-esta-quinta-feira-o-jornal-economico\/#primaryimage"},"image":{"@id":"https:\/\/super-news.info\/pt\/presidente-da-camara-do-funchal-renuncia-ao-mandato-esta-quinta-feira-o-jornal-economico\/#primaryimage"},"thumbnailUrl":"https:\/\/super-news.info\/pt\/wp-content\/uploads\/sites\/2\/2019\/05\/Presidente-da-C\u00e2mara-do-Funchal-renuncia-ao-mandato-esta-quinta-feira.png","datePublished":"2019-05-28T10:25:42+00:00","dateModified":"2019-05-28T10:25:44+00:00","author":{"@id":"https:\/\/super-news.info\/pt\/#\/schema\/person\/2d4068cb2f39cd10008c2fce578a7356"},"breadcrumb":{"@id":"https:\/\/super-news.info\/pt\/presidente-da-camara-do-funchal-renuncia-ao-mandato-esta-quinta-feira-o-jornal-economico\/#breadcrumb"},"inLanguage":"pt-PT","potentialAction":[{"@type":"ReadAction","target":["https:\/\/super-news.info\/pt\/presidente-da-camara-do-funchal-renuncia-ao-mandato-esta-quinta-feira-o-jornal-economico\/"]}]},{"@type":"ImageObject","inLanguage":"pt-PT","@id":"https:\/\/super-news.info\/pt\/presidente-da-camara-do-funchal-renuncia-ao-mandato-esta-quinta-feira-o-jornal-economico\/#primaryimage","url":"https:\/\/super-news.info\/pt\/wp-content\/uploads\/sites\/2\/2019\/05\/Presidente-da-C\u00e2mara-do-Funchal-renuncia-ao-mandato-esta-quinta-feira.png","contentUrl":"https:\/\/super-news.info\/pt\/wp-content\/uploads\/sites\/2\/2019\/05\/Presidente-da-C\u00e2mara-do-Funchal-renuncia-ao-mandato-esta-quinta-feira.png","width":600,"height":698,"caption":"Presidente da C\u00e2mara do Funchal renuncia ao mandato esta quinta-feira \u2013 O Jornal Econ\u00f3mico"},{"@type":"BreadcrumbList","@id":"https:\/\/super-news.info\/pt\/presidente-da-camara-do-funchal-renuncia-ao-mandato-esta-quinta-feira-o-jornal-economico\/#breadcrumb","itemListElement":[{"@type":"ListItem","position":1,"name":"\u0413\u043b\u0430\u0432\u043d\u0430\u044f \u0441\u0442\u0440\u0430\u043d\u0438\u0446\u0430","item":"https:\/\/super-news.info\/pt\/"},{"@type":"ListItem","position":2,"name":"Presidente da C\u00e2mara do Funchal renuncia ao mandato esta quinta-feira \u2013 O Jornal Econ\u00f3mico"}]},{"@type":"WebSite","@id":"https:\/\/super-news.info\/pt\/#website","url":"https:\/\/super-news.info\/pt\/","name":"Super News","description":"Super News Portugal","potentialAction":[{"@type":"SearchAction","target":{"@type":"EntryPoint","urlTemplate":"https:\/\/super-news.info\/pt\/?s={search_term_string}"},"query-input":{"@type":"PropertyValueSpecification","valueRequired":true,"valueName":"search_term_string"}}],"inLanguage":"pt-PT"},{"@type":"Person","@id":"https:\/\/super-news.info\/pt\/#\/schema\/person\/2d4068cb2f39cd10008c2fce578a7356","name":"super-news","image":{"@type":"ImageObject","inLanguage":"pt-PT","@id":"https:\/\/secure.gravatar.com\/avatar\/64ebac40b93f26a154f8a9b5b6fdccfc46f442b26b3dd6756dbff3bf9dc76fd7?s=96&d=mm&r=g","url":"https:\/\/secure.gravatar.com\/avatar\/64ebac40b93f26a154f8a9b5b6fdccfc46f442b26b3dd6756dbff3bf9dc76fd7?s=96&d=mm&r=g","contentUrl":"https:\/\/secure.gravatar.com\/avatar\/64ebac40b93f26a154f8a9b5b6fdccfc46f442b26b3dd6756dbff3bf9dc76fd7?s=96&d=mm&r=g","caption":"super-news"},"url":"https:\/\/super-news.info\/pt\/author\/pt\/"}]}},"_links":{"self":[{"href":"https:\/\/super-news.info\/pt\/wp-json\/wp\/v2\/posts\/1871","targetHints":{"allow":["GET"]}}],"collection":[{"href":"https:\/\/super-news.info\/pt\/wp-json\/wp\/v2\/posts"}],"about":[{"href":"https:\/\/super-news.info\/pt\/wp-json\/wp\/v2\/types\/post"}],"author":[{"embeddable":true,"href":"https:\/\/super-news.info\/pt\/wp-json\/wp\/v2\/users\/2"}],"replies":[{"embeddable":true,"href":"https:\/\/super-news.info\/pt\/wp-json\/wp\/v2\/comments?post=1871"}],"version-history":[{"count":1,"href":"https:\/\/super-news.info\/pt\/wp-json\/wp\/v2\/posts\/1871\/revisions"}],"predecessor-version":[{"id":1873,"href":"https:\/\/super-news.info\/pt\/wp-json\/wp\/v2\/posts\/1871\/revisions\/1873"}],"wp:featuredmedia":[{"embeddable":true,"href":"https:\/\/super-news.info\/pt\/wp-json\/wp\/v2\/media\/1872"}],"wp:attachment":[{"href":"https:\/\/super-news.info\/pt\/wp-json\/wp\/v2\/media?parent=1871"}],"wp:term":[{"taxonomy":"category","embeddable":true,"href":"https:\/\/super-news.info\/pt\/wp-json\/wp\/v2\/categories?post=1871"},{"taxonomy":"post_tag","embeddable":true,"href":"https:\/\/super-news.info\/pt\/wp-json\/wp\/v2\/tags?post=1871"}],"curies":[{"name":"wp","href":"https:\/\/api.w.org\/{rel}","templated":true}]}}