{"id":1629,"date":"2019-05-18T15:06:08","date_gmt":"2019-05-18T12:06:08","guid":{"rendered":"https:\/\/super-news.info\/pt\/vice-chanceler-austriaco-demite-se-apos-escandalo-envolvendo-ligacoes-comprometedoras-com-a-russia-o-jornal-economico\/"},"modified":"2019-05-18T15:06:09","modified_gmt":"2019-05-18T12:06:09","slug":"vice-chanceler-austriaco-demite-se-apos-escandalo-envolvendo-ligacoes-comprometedoras-com-a-russia-o-jornal-economico","status":"publish","type":"post","link":"https:\/\/super-news.info\/pt\/vice-chanceler-austriaco-demite-se-apos-escandalo-envolvendo-ligacoes-comprometedoras-com-a-russia-o-jornal-economico\/","title":{"rendered":"Vice-chanceler austr\u00edaco demite-se ap\u00f3s esc\u00e2ndalo envolvendo \u201cliga\u00e7\u00f5es comprometedoras\u201d com a R\u00fassia \u2013 O Jornal Econ\u00f3mico"},"content":{"rendered":"<p> [ad_1]<br \/>\n<\/p>\n<div>\n<p>O vice-chanceler austr\u00edaco e l\u00edder da extrema-direita, Heinz-Christian Strache, demitiu-se do Governo, depois das revela\u00e7\u00f5es de \u201cliga\u00e7\u00f5es comprometedoras\u201d com a R\u00fassia envolvendo a adjudica\u00e7\u00e3o de contratos p\u00fablicos em troca de apoio financeiro.<\/p>\n<p>\u201cApresentei ao chanceler Sebastian Kurz a demiss\u00e3o das minhas fun\u00e7\u00f5es de vice-chanceler e ele aceitou\u201d, disse Heinz-Christian Strache numa confer\u00eancia de imprensa, assumindo que cometeu \u201cum erro\u201d que n\u00e3o quer que sirva de \u201cpretexto para minar a coliga\u00e7\u00e3o\u201d.<\/p>\n<p>Heinz-Christian Strache, l\u00edder do partido de extrema-direita FP\u00d6, formou Governo com o chanceler conservador Sebastian Kurz em dezembro de 2017.<\/p>\n<p>Strache foi gravado a prometer a uma suposta sobrinha de um milion\u00e1rio russo a adjudica\u00e7\u00e3o de contratos p\u00fablicos em troca de apoio financeiro, noticiou a imprensa.<\/p>\n<p>Segundo informa\u00e7\u00f5es divulgadas na sexta-feira por dois jornais alem\u00e3es, o vice-chanceler demission\u00e1rio foi filmado, por uma c\u00e2mara oculta, a conversar com uma mulher, alguns meses antes das elei\u00e7\u00f5es legislativas austr\u00edacas de 2017, sobre a possibilidade de um apoio financeiro e medi\u00e1tico ao FP\u00d6 em troca da adjudica\u00e7\u00e3o de contratos p\u00fablicos.<\/p>\n<p>Os t\u00edtulos alem\u00e3es S\u00fcddeutsche Zeitung e Der Spiegel referiram que Heinz-Christian Strache se encontrou com esta mulher por acreditar que esta teria liga\u00e7\u00f5es a um oligarca russo influente.<\/p>\n<p>A poucos dias das elei\u00e7\u00f5es europeias, que se realizam a 26 de maio, este esc\u00e2ndalo est\u00e1 a abalar a extrema-direita austr\u00edaca e a coliga\u00e7\u00e3o governamental liderada por Sebastian Kurz, l\u00edder do Partido Popular Austr\u00edaco (\u00d6VP, conservador).<\/p>\n<p>O Partido da Liberdade da \u00c1ustria (FP\u00d6) \u00e9 provavelmente o mais antigo partido de extrema-direita nacionalista da Uni\u00e3o Europeia, fundado em 1956 por um antigo oficial das SS e declaradamente nacionalista, conservador e euroc\u00e9tico.<\/p>\n<p>De acordo com as mais recentes proje\u00e7\u00f5es para as elei\u00e7\u00f5es europeias, o FP\u00d6 registava 23,5% das inten\u00e7\u00f5es de voto, o que poder\u00e1 representar a elei\u00e7\u00e3o de cinco eurodeputados.<\/p>\n<p>A \u00c1ustria elege 18 dos 751 deputados do Parlamento Europeu.<\/p>\n<\/p><\/div>\n<p><script>function facebookInit(){var js=document.createElement('script');js.src='https:\/\/connect.facebook.net\/pt_PT\/sdk.js#xfbml=1&version=v3.1&appId=1708066812789184&autoLogAppEvents=1';return document.body.appendChild(js);}\nwindow.onscroll=function(){var rect=document.getElementsByClassName('je-post-content')[0].getBoundingClientRect();if(rect.bottom<window.innerHeight){facebookInit();window.onscroll=null;}}<\/script><br \/>\n<br \/>[ad_2]<br \/>\n<br \/><a href=\"https:\/\/jornaleconomico.sapo.pt\/noticias\/vice-chanceler-austriaco-demite-se-apos-escandalo-envolvendo-ligacoes-comprometedoras-com-a-russia-446305\">Source link <\/a><\/p>\n","protected":false},"excerpt":{"rendered":"<p>[ad_1] O vice-chanceler austr\u00edaco e l\u00edder da extrema-direita, Heinz-Christian Strache, demitiu-se do Governo, depois das revela\u00e7\u00f5es de \u201cliga\u00e7\u00f5es comprometedoras\u201d com a R\u00fassia envolvendo a adjudica\u00e7\u00e3o de contratos p\u00fablicos em troca de apoio financeiro. \u201cApresentei ao chanceler Sebastian Kurz a demiss\u00e3o das minhas fun\u00e7\u00f5es de vice-chanceler e ele aceitou\u201d, disse Heinz-Christian Strache numa confer\u00eancia de imprensa, [&hellip;]<\/p>\n","protected":false},"author":2,"featured_media":1630,"comment_status":"open","ping_status":"open","sticky":false,"template":"","format":"standard","meta":{"footnotes":""},"categories":[1],"tags":[],"class_list":["post-1629","post","type-post","status-publish","format-standard","has-post-thumbnail","hentry","category-noticias-financeiras"],"yoast_head":"<!-- This site is optimized with the Yoast SEO plugin v27.4 - https:\/\/yoast.com\/product\/yoast-seo-wordpress\/ -->\n<title>Vice-chanceler austr\u00edaco demite-se ap\u00f3s esc\u00e2ndalo envolvendo \u201cliga\u00e7\u00f5es comprometedoras\u201d com a R\u00fassia \u2013 O Jornal Econ\u00f3mico - Super News<\/title>\n<meta name=\"robots\" content=\"index, follow, max-snippet:-1, max-image-preview:large, max-video-preview:-1\" \/>\n<link rel=\"canonical\" href=\"https:\/\/super-news.info\/pt\/vice-chanceler-austriaco-demite-se-apos-escandalo-envolvendo-ligacoes-comprometedoras-com-a-russia-o-jornal-economico\/\" \/>\n<meta property=\"og:locale\" content=\"pt_PT\" \/>\n<meta property=\"og:type\" content=\"article\" \/>\n<meta property=\"og:title\" content=\"Vice-chanceler austr\u00edaco demite-se ap\u00f3s esc\u00e2ndalo envolvendo \u201cliga\u00e7\u00f5es comprometedoras\u201d com a R\u00fassia \u2013 O Jornal Econ\u00f3mico - Super News\" \/>\n<meta property=\"og:description\" content=\"[ad_1] O vice-chanceler austr\u00edaco e l\u00edder da extrema-direita, Heinz-Christian Strache, demitiu-se do Governo, depois das revela\u00e7\u00f5es de \u201cliga\u00e7\u00f5es comprometedoras\u201d com a R\u00fassia envolvendo a adjudica\u00e7\u00e3o de contratos p\u00fablicos em troca de apoio financeiro. \u201cApresentei ao chanceler Sebastian Kurz a demiss\u00e3o das minhas fun\u00e7\u00f5es de vice-chanceler e ele aceitou\u201d, disse Heinz-Christian Strache numa confer\u00eancia de imprensa, [&hellip;]\" \/>\n<meta property=\"og:url\" content=\"https:\/\/super-news.info\/pt\/vice-chanceler-austriaco-demite-se-apos-escandalo-envolvendo-ligacoes-comprometedoras-com-a-russia-o-jornal-economico\/\" \/>\n<meta property=\"og:site_name\" content=\"Super News\" \/>\n<meta property=\"article:published_time\" content=\"2019-05-18T12:06:08+00:00\" \/>\n<meta property=\"article:modified_time\" content=\"2019-05-18T12:06:09+00:00\" \/>\n<meta property=\"og:image\" content=\"https:\/\/super-news.info\/pt\/wp-content\/uploads\/sites\/2\/2019\/05\/Vice-chanceler-austr\u00edaco-demite-se-ap\u00f3s-esc\u00e2ndalo-envolvendo-\u201cliga\u00e7\u00f5es-comprometedoras\u201d-com-a.png\" \/>\n\t<meta property=\"og:image:width\" content=\"600\" \/>\n\t<meta property=\"og:image:height\" content=\"604\" \/>\n\t<meta property=\"og:image:type\" content=\"image\/png\" \/>\n<meta name=\"author\" content=\"super-news\" \/>\n<meta name=\"twitter:card\" content=\"summary_large_image\" \/>\n<meta name=\"twitter:label1\" content=\"Escrito por\" \/>\n\t<meta name=\"twitter:data1\" content=\"super-news\" \/>\n\t<meta name=\"twitter:label2\" content=\"Tempo estimado de leitura\" \/>\n\t<meta name=\"twitter:data2\" content=\"2 minutos\" \/>\n<script type=\"application\/ld+json\" class=\"yoast-schema-graph\">{\"@context\":\"https:\\\/\\\/schema.org\",\"@graph\":[{\"@type\":\"Article\",\"@id\":\"https:\\\/\\\/super-news.info\\\/pt\\\/vice-chanceler-austriaco-demite-se-apos-escandalo-envolvendo-ligacoes-comprometedoras-com-a-russia-o-jornal-economico\\\/#article\",\"isPartOf\":{\"@id\":\"https:\\\/\\\/super-news.info\\\/pt\\\/vice-chanceler-austriaco-demite-se-apos-escandalo-envolvendo-ligacoes-comprometedoras-com-a-russia-o-jornal-economico\\\/\"},\"author\":{\"name\":\"super-news\",\"@id\":\"https:\\\/\\\/super-news.info\\\/pt\\\/#\\\/schema\\\/person\\\/2d4068cb2f39cd10008c2fce578a7356\"},\"headline\":\"Vice-chanceler austr\u00edaco demite-se ap\u00f3s esc\u00e2ndalo envolvendo \u201cliga\u00e7\u00f5es comprometedoras\u201d com a R\u00fassia \u2013 O Jornal Econ\u00f3mico\",\"datePublished\":\"2019-05-18T12:06:08+00:00\",\"dateModified\":\"2019-05-18T12:06:09+00:00\",\"mainEntityOfPage\":{\"@id\":\"https:\\\/\\\/super-news.info\\\/pt\\\/vice-chanceler-austriaco-demite-se-apos-escandalo-envolvendo-ligacoes-comprometedoras-com-a-russia-o-jornal-economico\\\/\"},\"wordCount\":359,\"commentCount\":0,\"image\":{\"@id\":\"https:\\\/\\\/super-news.info\\\/pt\\\/vice-chanceler-austriaco-demite-se-apos-escandalo-envolvendo-ligacoes-comprometedoras-com-a-russia-o-jornal-economico\\\/#primaryimage\"},\"thumbnailUrl\":\"https:\\\/\\\/super-news.info\\\/pt\\\/wp-content\\\/uploads\\\/sites\\\/2\\\/2019\\\/05\\\/Vice-chanceler-austr\u00edaco-demite-se-ap\u00f3s-esc\u00e2ndalo-envolvendo-\u201cliga\u00e7\u00f5es-comprometedoras\u201d-com-a.png\",\"articleSection\":[\"NOT\u00cdCIAS FINANCEIRAS\"],\"inLanguage\":\"pt-PT\",\"potentialAction\":[{\"@type\":\"CommentAction\",\"name\":\"Comment\",\"target\":[\"https:\\\/\\\/super-news.info\\\/pt\\\/vice-chanceler-austriaco-demite-se-apos-escandalo-envolvendo-ligacoes-comprometedoras-com-a-russia-o-jornal-economico\\\/#respond\"]}]},{\"@type\":\"WebPage\",\"@id\":\"https:\\\/\\\/super-news.info\\\/pt\\\/vice-chanceler-austriaco-demite-se-apos-escandalo-envolvendo-ligacoes-comprometedoras-com-a-russia-o-jornal-economico\\\/\",\"url\":\"https:\\\/\\\/super-news.info\\\/pt\\\/vice-chanceler-austriaco-demite-se-apos-escandalo-envolvendo-ligacoes-comprometedoras-com-a-russia-o-jornal-economico\\\/\",\"name\":\"Vice-chanceler austr\u00edaco demite-se ap\u00f3s esc\u00e2ndalo envolvendo \u201cliga\u00e7\u00f5es comprometedoras\u201d com a R\u00fassia \u2013 O Jornal Econ\u00f3mico - Super News\",\"isPartOf\":{\"@id\":\"https:\\\/\\\/super-news.info\\\/pt\\\/#website\"},\"primaryImageOfPage\":{\"@id\":\"https:\\\/\\\/super-news.info\\\/pt\\\/vice-chanceler-austriaco-demite-se-apos-escandalo-envolvendo-ligacoes-comprometedoras-com-a-russia-o-jornal-economico\\\/#primaryimage\"},\"image\":{\"@id\":\"https:\\\/\\\/super-news.info\\\/pt\\\/vice-chanceler-austriaco-demite-se-apos-escandalo-envolvendo-ligacoes-comprometedoras-com-a-russia-o-jornal-economico\\\/#primaryimage\"},\"thumbnailUrl\":\"https:\\\/\\\/super-news.info\\\/pt\\\/wp-content\\\/uploads\\\/sites\\\/2\\\/2019\\\/05\\\/Vice-chanceler-austr\u00edaco-demite-se-ap\u00f3s-esc\u00e2ndalo-envolvendo-\u201cliga\u00e7\u00f5es-comprometedoras\u201d-com-a.png\",\"datePublished\":\"2019-05-18T12:06:08+00:00\",\"dateModified\":\"2019-05-18T12:06:09+00:00\",\"author\":{\"@id\":\"https:\\\/\\\/super-news.info\\\/pt\\\/#\\\/schema\\\/person\\\/2d4068cb2f39cd10008c2fce578a7356\"},\"breadcrumb\":{\"@id\":\"https:\\\/\\\/super-news.info\\\/pt\\\/vice-chanceler-austriaco-demite-se-apos-escandalo-envolvendo-ligacoes-comprometedoras-com-a-russia-o-jornal-economico\\\/#breadcrumb\"},\"inLanguage\":\"pt-PT\",\"potentialAction\":[{\"@type\":\"ReadAction\",\"target\":[\"https:\\\/\\\/super-news.info\\\/pt\\\/vice-chanceler-austriaco-demite-se-apos-escandalo-envolvendo-ligacoes-comprometedoras-com-a-russia-o-jornal-economico\\\/\"]}]},{\"@type\":\"ImageObject\",\"inLanguage\":\"pt-PT\",\"@id\":\"https:\\\/\\\/super-news.info\\\/pt\\\/vice-chanceler-austriaco-demite-se-apos-escandalo-envolvendo-ligacoes-comprometedoras-com-a-russia-o-jornal-economico\\\/#primaryimage\",\"url\":\"https:\\\/\\\/super-news.info\\\/pt\\\/wp-content\\\/uploads\\\/sites\\\/2\\\/2019\\\/05\\\/Vice-chanceler-austr\u00edaco-demite-se-ap\u00f3s-esc\u00e2ndalo-envolvendo-\u201cliga\u00e7\u00f5es-comprometedoras\u201d-com-a.png\",\"contentUrl\":\"https:\\\/\\\/super-news.info\\\/pt\\\/wp-content\\\/uploads\\\/sites\\\/2\\\/2019\\\/05\\\/Vice-chanceler-austr\u00edaco-demite-se-ap\u00f3s-esc\u00e2ndalo-envolvendo-\u201cliga\u00e7\u00f5es-comprometedoras\u201d-com-a.png\",\"width\":600,\"height\":604,\"caption\":\"Vice-chanceler austr\u00edaco demite-se ap\u00f3s esc\u00e2ndalo envolvendo \u201cliga\u00e7\u00f5es comprometedoras\u201d com a R\u00fassia \u2013 O Jornal Econ\u00f3mico\"},{\"@type\":\"BreadcrumbList\",\"@id\":\"https:\\\/\\\/super-news.info\\\/pt\\\/vice-chanceler-austriaco-demite-se-apos-escandalo-envolvendo-ligacoes-comprometedoras-com-a-russia-o-jornal-economico\\\/#breadcrumb\",\"itemListElement\":[{\"@type\":\"ListItem\",\"position\":1,\"name\":\"\u0413\u043b\u0430\u0432\u043d\u0430\u044f \u0441\u0442\u0440\u0430\u043d\u0438\u0446\u0430\",\"item\":\"https:\\\/\\\/super-news.info\\\/pt\\\/\"},{\"@type\":\"ListItem\",\"position\":2,\"name\":\"Vice-chanceler austr\u00edaco demite-se ap\u00f3s esc\u00e2ndalo envolvendo \u201cliga\u00e7\u00f5es comprometedoras\u201d com a R\u00fassia \u2013 O Jornal Econ\u00f3mico\"}]},{\"@type\":\"WebSite\",\"@id\":\"https:\\\/\\\/super-news.info\\\/pt\\\/#website\",\"url\":\"https:\\\/\\\/super-news.info\\\/pt\\\/\",\"name\":\"Super News\",\"description\":\"Super News Portugal\",\"potentialAction\":[{\"@type\":\"SearchAction\",\"target\":{\"@type\":\"EntryPoint\",\"urlTemplate\":\"https:\\\/\\\/super-news.info\\\/pt\\\/?s={search_term_string}\"},\"query-input\":{\"@type\":\"PropertyValueSpecification\",\"valueRequired\":true,\"valueName\":\"search_term_string\"}}],\"inLanguage\":\"pt-PT\"},{\"@type\":\"Person\",\"@id\":\"https:\\\/\\\/super-news.info\\\/pt\\\/#\\\/schema\\\/person\\\/2d4068cb2f39cd10008c2fce578a7356\",\"name\":\"super-news\",\"image\":{\"@type\":\"ImageObject\",\"inLanguage\":\"pt-PT\",\"@id\":\"https:\\\/\\\/secure.gravatar.com\\\/avatar\\\/64ebac40b93f26a154f8a9b5b6fdccfc46f442b26b3dd6756dbff3bf9dc76fd7?s=96&d=mm&r=g\",\"url\":\"https:\\\/\\\/secure.gravatar.com\\\/avatar\\\/64ebac40b93f26a154f8a9b5b6fdccfc46f442b26b3dd6756dbff3bf9dc76fd7?s=96&d=mm&r=g\",\"contentUrl\":\"https:\\\/\\\/secure.gravatar.com\\\/avatar\\\/64ebac40b93f26a154f8a9b5b6fdccfc46f442b26b3dd6756dbff3bf9dc76fd7?s=96&d=mm&r=g\",\"caption\":\"super-news\"},\"url\":\"https:\\\/\\\/super-news.info\\\/pt\\\/author\\\/pt\\\/\"}]}<\/script>\n<!-- \/ Yoast SEO plugin. -->","yoast_head_json":{"title":"Vice-chanceler austr\u00edaco demite-se ap\u00f3s esc\u00e2ndalo envolvendo \u201cliga\u00e7\u00f5es comprometedoras\u201d com a R\u00fassia \u2013 O Jornal Econ\u00f3mico - Super News","robots":{"index":"index","follow":"follow","max-snippet":"max-snippet:-1","max-image-preview":"max-image-preview:large","max-video-preview":"max-video-preview:-1"},"canonical":"https:\/\/super-news.info\/pt\/vice-chanceler-austriaco-demite-se-apos-escandalo-envolvendo-ligacoes-comprometedoras-com-a-russia-o-jornal-economico\/","og_locale":"pt_PT","og_type":"article","og_title":"Vice-chanceler austr\u00edaco demite-se ap\u00f3s esc\u00e2ndalo envolvendo \u201cliga\u00e7\u00f5es comprometedoras\u201d com a R\u00fassia \u2013 O Jornal Econ\u00f3mico - Super News","og_description":"[ad_1] O vice-chanceler austr\u00edaco e l\u00edder da extrema-direita, Heinz-Christian Strache, demitiu-se do Governo, depois das revela\u00e7\u00f5es de \u201cliga\u00e7\u00f5es comprometedoras\u201d com a R\u00fassia envolvendo a adjudica\u00e7\u00e3o de contratos p\u00fablicos em troca de apoio financeiro. \u201cApresentei ao chanceler Sebastian Kurz a demiss\u00e3o das minhas fun\u00e7\u00f5es de vice-chanceler e ele aceitou\u201d, disse Heinz-Christian Strache numa confer\u00eancia de imprensa, [&hellip;]","og_url":"https:\/\/super-news.info\/pt\/vice-chanceler-austriaco-demite-se-apos-escandalo-envolvendo-ligacoes-comprometedoras-com-a-russia-o-jornal-economico\/","og_site_name":"Super News","article_published_time":"2019-05-18T12:06:08+00:00","article_modified_time":"2019-05-18T12:06:09+00:00","og_image":[{"width":600,"height":604,"url":"https:\/\/super-news.info\/pt\/wp-content\/uploads\/sites\/2\/2019\/05\/Vice-chanceler-austr\u00edaco-demite-se-ap\u00f3s-esc\u00e2ndalo-envolvendo-\u201cliga\u00e7\u00f5es-comprometedoras\u201d-com-a.png","type":"image\/png"}],"author":"super-news","twitter_card":"summary_large_image","twitter_misc":{"Escrito por":"super-news","Tempo estimado de leitura":"2 minutos"},"schema":{"@context":"https:\/\/schema.org","@graph":[{"@type":"Article","@id":"https:\/\/super-news.info\/pt\/vice-chanceler-austriaco-demite-se-apos-escandalo-envolvendo-ligacoes-comprometedoras-com-a-russia-o-jornal-economico\/#article","isPartOf":{"@id":"https:\/\/super-news.info\/pt\/vice-chanceler-austriaco-demite-se-apos-escandalo-envolvendo-ligacoes-comprometedoras-com-a-russia-o-jornal-economico\/"},"author":{"name":"super-news","@id":"https:\/\/super-news.info\/pt\/#\/schema\/person\/2d4068cb2f39cd10008c2fce578a7356"},"headline":"Vice-chanceler austr\u00edaco demite-se ap\u00f3s esc\u00e2ndalo envolvendo \u201cliga\u00e7\u00f5es comprometedoras\u201d com a R\u00fassia \u2013 O Jornal Econ\u00f3mico","datePublished":"2019-05-18T12:06:08+00:00","dateModified":"2019-05-18T12:06:09+00:00","mainEntityOfPage":{"@id":"https:\/\/super-news.info\/pt\/vice-chanceler-austriaco-demite-se-apos-escandalo-envolvendo-ligacoes-comprometedoras-com-a-russia-o-jornal-economico\/"},"wordCount":359,"commentCount":0,"image":{"@id":"https:\/\/super-news.info\/pt\/vice-chanceler-austriaco-demite-se-apos-escandalo-envolvendo-ligacoes-comprometedoras-com-a-russia-o-jornal-economico\/#primaryimage"},"thumbnailUrl":"https:\/\/super-news.info\/pt\/wp-content\/uploads\/sites\/2\/2019\/05\/Vice-chanceler-austr\u00edaco-demite-se-ap\u00f3s-esc\u00e2ndalo-envolvendo-\u201cliga\u00e7\u00f5es-comprometedoras\u201d-com-a.png","articleSection":["NOT\u00cdCIAS FINANCEIRAS"],"inLanguage":"pt-PT","potentialAction":[{"@type":"CommentAction","name":"Comment","target":["https:\/\/super-news.info\/pt\/vice-chanceler-austriaco-demite-se-apos-escandalo-envolvendo-ligacoes-comprometedoras-com-a-russia-o-jornal-economico\/#respond"]}]},{"@type":"WebPage","@id":"https:\/\/super-news.info\/pt\/vice-chanceler-austriaco-demite-se-apos-escandalo-envolvendo-ligacoes-comprometedoras-com-a-russia-o-jornal-economico\/","url":"https:\/\/super-news.info\/pt\/vice-chanceler-austriaco-demite-se-apos-escandalo-envolvendo-ligacoes-comprometedoras-com-a-russia-o-jornal-economico\/","name":"Vice-chanceler austr\u00edaco demite-se ap\u00f3s esc\u00e2ndalo envolvendo \u201cliga\u00e7\u00f5es comprometedoras\u201d com a R\u00fassia \u2013 O Jornal Econ\u00f3mico - Super News","isPartOf":{"@id":"https:\/\/super-news.info\/pt\/#website"},"primaryImageOfPage":{"@id":"https:\/\/super-news.info\/pt\/vice-chanceler-austriaco-demite-se-apos-escandalo-envolvendo-ligacoes-comprometedoras-com-a-russia-o-jornal-economico\/#primaryimage"},"image":{"@id":"https:\/\/super-news.info\/pt\/vice-chanceler-austriaco-demite-se-apos-escandalo-envolvendo-ligacoes-comprometedoras-com-a-russia-o-jornal-economico\/#primaryimage"},"thumbnailUrl":"https:\/\/super-news.info\/pt\/wp-content\/uploads\/sites\/2\/2019\/05\/Vice-chanceler-austr\u00edaco-demite-se-ap\u00f3s-esc\u00e2ndalo-envolvendo-\u201cliga\u00e7\u00f5es-comprometedoras\u201d-com-a.png","datePublished":"2019-05-18T12:06:08+00:00","dateModified":"2019-05-18T12:06:09+00:00","author":{"@id":"https:\/\/super-news.info\/pt\/#\/schema\/person\/2d4068cb2f39cd10008c2fce578a7356"},"breadcrumb":{"@id":"https:\/\/super-news.info\/pt\/vice-chanceler-austriaco-demite-se-apos-escandalo-envolvendo-ligacoes-comprometedoras-com-a-russia-o-jornal-economico\/#breadcrumb"},"inLanguage":"pt-PT","potentialAction":[{"@type":"ReadAction","target":["https:\/\/super-news.info\/pt\/vice-chanceler-austriaco-demite-se-apos-escandalo-envolvendo-ligacoes-comprometedoras-com-a-russia-o-jornal-economico\/"]}]},{"@type":"ImageObject","inLanguage":"pt-PT","@id":"https:\/\/super-news.info\/pt\/vice-chanceler-austriaco-demite-se-apos-escandalo-envolvendo-ligacoes-comprometedoras-com-a-russia-o-jornal-economico\/#primaryimage","url":"https:\/\/super-news.info\/pt\/wp-content\/uploads\/sites\/2\/2019\/05\/Vice-chanceler-austr\u00edaco-demite-se-ap\u00f3s-esc\u00e2ndalo-envolvendo-\u201cliga\u00e7\u00f5es-comprometedoras\u201d-com-a.png","contentUrl":"https:\/\/super-news.info\/pt\/wp-content\/uploads\/sites\/2\/2019\/05\/Vice-chanceler-austr\u00edaco-demite-se-ap\u00f3s-esc\u00e2ndalo-envolvendo-\u201cliga\u00e7\u00f5es-comprometedoras\u201d-com-a.png","width":600,"height":604,"caption":"Vice-chanceler austr\u00edaco demite-se ap\u00f3s esc\u00e2ndalo envolvendo \u201cliga\u00e7\u00f5es comprometedoras\u201d com a R\u00fassia \u2013 O Jornal Econ\u00f3mico"},{"@type":"BreadcrumbList","@id":"https:\/\/super-news.info\/pt\/vice-chanceler-austriaco-demite-se-apos-escandalo-envolvendo-ligacoes-comprometedoras-com-a-russia-o-jornal-economico\/#breadcrumb","itemListElement":[{"@type":"ListItem","position":1,"name":"\u0413\u043b\u0430\u0432\u043d\u0430\u044f \u0441\u0442\u0440\u0430\u043d\u0438\u0446\u0430","item":"https:\/\/super-news.info\/pt\/"},{"@type":"ListItem","position":2,"name":"Vice-chanceler austr\u00edaco demite-se ap\u00f3s esc\u00e2ndalo envolvendo \u201cliga\u00e7\u00f5es comprometedoras\u201d com a R\u00fassia \u2013 O Jornal Econ\u00f3mico"}]},{"@type":"WebSite","@id":"https:\/\/super-news.info\/pt\/#website","url":"https:\/\/super-news.info\/pt\/","name":"Super News","description":"Super News Portugal","potentialAction":[{"@type":"SearchAction","target":{"@type":"EntryPoint","urlTemplate":"https:\/\/super-news.info\/pt\/?s={search_term_string}"},"query-input":{"@type":"PropertyValueSpecification","valueRequired":true,"valueName":"search_term_string"}}],"inLanguage":"pt-PT"},{"@type":"Person","@id":"https:\/\/super-news.info\/pt\/#\/schema\/person\/2d4068cb2f39cd10008c2fce578a7356","name":"super-news","image":{"@type":"ImageObject","inLanguage":"pt-PT","@id":"https:\/\/secure.gravatar.com\/avatar\/64ebac40b93f26a154f8a9b5b6fdccfc46f442b26b3dd6756dbff3bf9dc76fd7?s=96&d=mm&r=g","url":"https:\/\/secure.gravatar.com\/avatar\/64ebac40b93f26a154f8a9b5b6fdccfc46f442b26b3dd6756dbff3bf9dc76fd7?s=96&d=mm&r=g","contentUrl":"https:\/\/secure.gravatar.com\/avatar\/64ebac40b93f26a154f8a9b5b6fdccfc46f442b26b3dd6756dbff3bf9dc76fd7?s=96&d=mm&r=g","caption":"super-news"},"url":"https:\/\/super-news.info\/pt\/author\/pt\/"}]}},"_links":{"self":[{"href":"https:\/\/super-news.info\/pt\/wp-json\/wp\/v2\/posts\/1629","targetHints":{"allow":["GET"]}}],"collection":[{"href":"https:\/\/super-news.info\/pt\/wp-json\/wp\/v2\/posts"}],"about":[{"href":"https:\/\/super-news.info\/pt\/wp-json\/wp\/v2\/types\/post"}],"author":[{"embeddable":true,"href":"https:\/\/super-news.info\/pt\/wp-json\/wp\/v2\/users\/2"}],"replies":[{"embeddable":true,"href":"https:\/\/super-news.info\/pt\/wp-json\/wp\/v2\/comments?post=1629"}],"version-history":[{"count":1,"href":"https:\/\/super-news.info\/pt\/wp-json\/wp\/v2\/posts\/1629\/revisions"}],"predecessor-version":[{"id":1631,"href":"https:\/\/super-news.info\/pt\/wp-json\/wp\/v2\/posts\/1629\/revisions\/1631"}],"wp:featuredmedia":[{"embeddable":true,"href":"https:\/\/super-news.info\/pt\/wp-json\/wp\/v2\/media\/1630"}],"wp:attachment":[{"href":"https:\/\/super-news.info\/pt\/wp-json\/wp\/v2\/media?parent=1629"}],"wp:term":[{"taxonomy":"category","embeddable":true,"href":"https:\/\/super-news.info\/pt\/wp-json\/wp\/v2\/categories?post=1629"},{"taxonomy":"post_tag","embeddable":true,"href":"https:\/\/super-news.info\/pt\/wp-json\/wp\/v2\/tags?post=1629"}],"curies":[{"name":"wp","href":"https:\/\/api.w.org\/{rel}","templated":true}]}}