{"id":1626,"date":"2019-05-18T14:08:17","date_gmt":"2019-05-18T11:08:17","guid":{"rendered":"https:\/\/super-news.info\/pt\/socrates-afirma-que-escolha-decisiva-da-ue-e-colaboracao-ou-isolamento-da-extrema-direita-o-jornal-economico\/"},"modified":"2019-05-18T14:08:18","modified_gmt":"2019-05-18T11:08:18","slug":"socrates-afirma-que-escolha-decisiva-da-ue-e-colaboracao-ou-isolamento-da-extrema-direita-o-jornal-economico","status":"publish","type":"post","link":"https:\/\/super-news.info\/pt\/socrates-afirma-que-escolha-decisiva-da-ue-e-colaboracao-ou-isolamento-da-extrema-direita-o-jornal-economico\/","title":{"rendered":"S\u00f3crates afirma que escolha decisiva da UE \u00e9 colabora\u00e7\u00e3o ou isolamento da extrema-direita \u2013 O Jornal Econ\u00f3mico"},"content":{"rendered":"<p> [ad_1]<br \/>\n<\/p>\n<div>\n<p>O antigo primeiro-ministro, Jos\u00e9 S\u00f3crates, disse que a Europa foi alvo de \u201cum vendaval\u201d que mudou a sua cultura pol\u00edtica nas elei\u00e7\u00f5es europeias a escolha decisiva \u00e9 entre colabora\u00e7\u00e3o ou isolamento da extrema direita.<\/p>\n<p>Estas posi\u00e7\u00f5es s\u00e3o defendidas por Jos\u00e9 S\u00f3crates num artigo sobre as elei\u00e7\u00f5es para o Parlamento Europeu que publicou na revista semanal brasileira \u201cCarta Capital\u201d e ao qual a ag\u00eancia Lusa teve acesso.<\/p>\n<p>Neste artigo, intitulado \u201cUma chance para a Europa\u201d, sem qualquer refer\u00eancia \u00e0 pol\u00edtica portuguesa, o antigo l\u00edder socialista (2004\/2011) adverte que a experi\u00eancia dos \u00faltimos anos da Uni\u00e3o Europeia mostrou que nada j\u00e1 pode ser dado como certo e que a crise financeira (em que culpa a resposta da direita) \u201ce a trag\u00e9dia\u201d dos refugiados \u201cn\u00e3o foram uma pequena coisa, uma pequena troca de um pouco menos de liberdade por um pouco mais de seguran\u00e7a\u201d.<\/p>\n<p>\u201cJuntos representaram um vendaval pol\u00edtico na confian\u00e7a e uma s\u00e9ria mudan\u00e7a na cultura pol\u00edtica europeia. Nestas elei\u00e7\u00f5es, novas escolhas ser\u00e3o feitas e come\u00e7am logo na noite eleitoral [do pr\u00f3ximo dia 26]: a pol\u00edtica europeia dir\u00e1 o que fazer com a extrema direita \u2013 colabora\u00e7\u00e3o ou isolamento. Isso marcar\u00e1 o rumo e a escolha entre as duas faces da nossa hist\u00f3ria \u2013 o continente das luzes ou o continente das trevas. A Europa tem a sua segunda oportunidade\u201d, sustenta<\/p>\n<p>Na perspetiva de Jos\u00e9 S\u00f3crates, a Uni\u00e3o Europeia \u201cdesempenhou uma fun\u00e7\u00e3o importante no mundo \u2013 a voz da paz, a voz da cultura humanista, a voz da ordem mundial que procura legitimidade no direito e vai al\u00e9m da rela\u00e7\u00e3o de for\u00e7as\u201d, mas, \u201cde repente, esse espa\u00e7o ficou vago e esse capital pol\u00edtico foi deitado fora\u201d.<\/p>\n<p>\u201cSubitamente, todo o discurso pol\u00edtico europeu mudou \u2013 a linguagem, as prioridades, at\u00e9 os princ\u00edpios fundadores parecem esquecidos. Deix\u00e1mos de falar do modelo social europeu, a coes\u00e3o desapareceu como objetivo da uni\u00e3o e, pior, muito pior, a liberdade individual foi sendo substitu\u00edda pela ideia de seguran\u00e7a coletiva\u201d, critica.<\/p>\n<p>\u201cO ideal do fim das fronteiras internas\u201d, segundo o l\u00edder do executivo portugu\u00eas entre 2005 e 2011, \u201cparece ter acabado\u201d.<\/p>\n<p>\u201cO direito internacional \u00e9 agora discut\u00edvel; os direitos individuais deixam de ser um absoluto para entrar na relatividade da conting\u00eancia pol\u00edtica e do interesse nacional. Este \u00e9 o vento que sopra \u2013 sem nada nem ningu\u00e9m que se lhe oponha\u201d, aponta o antigo primeiro-ministro.<\/p>\n<p>Para Jos\u00e9 S\u00f3crates, \u201co que est\u00e1 a acontecer n\u00e3o \u00e9 uma simples mudan\u00e7a pol\u00edtica, mas uma profunda mudan\u00e7a de cultura pol\u00edtica\u201d.<\/p>\n<p>\u201cO poder moderador e arbitral da Europa para quem muita gente se virava em tempos de afli\u00e7\u00e3o deixou de se ouvir\u201d, escreve, antes de se interrogar \u201cquando \u00e9 que tudo isto come\u00e7ou\u201d \u201cSim, a crise econ\u00f3mica ajudou (mais propriamente a austeridade como resposta \u00e0 crise), mas, na verdade, a mudan\u00e7a j\u00e1 vinha de antes. A guerra do Iraque e a crise dos refugiados aceleraram o movimento. A Europa humanista, a ideia de uma Europa fiel ao direito internacional, so\u00e7obrou. E justamente no momento em que o mundo mais dela precisava\u201d, defende.<\/p>\n<p>Na opini\u00e3o do antigo primeiro-ministro, as principais quest\u00f5es pol\u00edticas da Europa remetem para o \u201cantigo dilema: depois de s\u00e9culos de dom\u00ednio, qual \u00e9 afinal o seu papel no mundo \u2013 simples testa de ponte da superpot\u00eancia americana na Eur\u00e1sia ou bloco pol\u00edtico aliado com identidade e voz pr\u00f3pria\u201d.<\/p>\n<p>\u201cSe a escolha \u00e9 pela segunda, ent\u00e3o o contributo da Europa para a ordem internacional n\u00e3o pode ser outro que a proje\u00e7\u00e3o no mundo do melhor da sua hist\u00f3ria: o universalismo dos direitos humanos e a defesa do direito internacional, constituindo-se assim como ator pol\u00edtico moderador do seu aliado transatl\u00e2ntico (mais necess\u00e1rio que nunca). Por v\u00e1rias vezes esse papel mostrou os seus limites, \u00e9 certo, mas tamb\u00e9m \u00e9 certo que em muitas ocasi\u00f5es essa duplicidade de pap\u00e9is provou ser ben\u00e9fica e produtiva \u00e0 estabilidade mundial\u201d, acrescenta.<\/p>\n<p>Ou seja, acentua Jos\u00e9 S\u00f3crates, \u201cse a Europa quer ter uma presen\u00e7a aut\u00f3noma na pol\u00edtica internacional ent\u00e3o necessita de recuperar o prest\u00edgio e autoridade que j\u00e1 teve nos assuntos pol\u00edticos que fizeram de si uma voz singular no mundo \u2013 a defesa dos direitos humanos e do direito internacional\u201d.<\/p>\n<p>\u201cComo parece \u00f3bvio isso tr\u00e1s consigo, igualmente, uma imperiosa alternativa de rumo na sua pol\u00edtica interna: recusar o crescente autoritarismo estatal; rejeitar a limita\u00e7\u00e3o de direitos individuais; e reestabelecer a ideia de direito como limitador do poder do Estado\u201d, salienta neste seu artigo<\/p>\n<\/p><\/div>\n<p><script>function facebookInit(){var js=document.createElement('script');js.src='https:\/\/connect.facebook.net\/pt_PT\/sdk.js#xfbml=1&version=v3.1&appId=1708066812789184&autoLogAppEvents=1';return document.body.appendChild(js);}\nwindow.onscroll=function(){var rect=document.getElementsByClassName('je-post-content')[0].getBoundingClientRect();if(rect.bottom<window.innerHeight){facebookInit();window.onscroll=null;}}<\/script><br \/>\n<br \/>[ad_2]<br \/>\n<br \/><a href=\"https:\/\/jornaleconomico.sapo.pt\/noticias\/europeias-socrates-afirma-que-escolha-decisiva-da-ue-e-colaboracao-ou-isolamento-da-extrema-direita-446301\">Source link <\/a><\/p>\n","protected":false},"excerpt":{"rendered":"<p>[ad_1] O antigo primeiro-ministro, Jos\u00e9 S\u00f3crates, disse que a Europa foi alvo de \u201cum vendaval\u201d que mudou a sua cultura pol\u00edtica nas elei\u00e7\u00f5es europeias a escolha decisiva \u00e9 entre colabora\u00e7\u00e3o ou isolamento da extrema direita. Estas posi\u00e7\u00f5es s\u00e3o defendidas por Jos\u00e9 S\u00f3crates num artigo sobre as elei\u00e7\u00f5es para o Parlamento Europeu que publicou na revista [&hellip;]<\/p>\n","protected":false},"author":2,"featured_media":1627,"comment_status":"open","ping_status":"open","sticky":false,"template":"","format":"standard","meta":{"footnotes":""},"categories":[1],"tags":[],"class_list":["post-1626","post","type-post","status-publish","format-standard","has-post-thumbnail","hentry","category-noticias-financeiras"],"yoast_head":"<!-- This site is optimized with the Yoast SEO plugin v27.4 - https:\/\/yoast.com\/product\/yoast-seo-wordpress\/ -->\n<title>S\u00f3crates afirma que escolha decisiva da UE \u00e9 colabora\u00e7\u00e3o ou isolamento da extrema-direita \u2013 O Jornal Econ\u00f3mico - Super News<\/title>\n<meta name=\"robots\" content=\"index, follow, max-snippet:-1, max-image-preview:large, max-video-preview:-1\" \/>\n<link rel=\"canonical\" href=\"https:\/\/super-news.info\/pt\/socrates-afirma-que-escolha-decisiva-da-ue-e-colaboracao-ou-isolamento-da-extrema-direita-o-jornal-economico\/\" \/>\n<meta property=\"og:locale\" content=\"pt_PT\" \/>\n<meta property=\"og:type\" content=\"article\" \/>\n<meta property=\"og:title\" content=\"S\u00f3crates afirma que escolha decisiva da UE \u00e9 colabora\u00e7\u00e3o ou isolamento da extrema-direita \u2013 O Jornal Econ\u00f3mico - Super News\" \/>\n<meta property=\"og:description\" content=\"[ad_1] O antigo primeiro-ministro, Jos\u00e9 S\u00f3crates, disse que a Europa foi alvo de \u201cum vendaval\u201d que mudou a sua cultura pol\u00edtica nas elei\u00e7\u00f5es europeias a escolha decisiva \u00e9 entre colabora\u00e7\u00e3o ou isolamento da extrema direita. Estas posi\u00e7\u00f5es s\u00e3o defendidas por Jos\u00e9 S\u00f3crates num artigo sobre as elei\u00e7\u00f5es para o Parlamento Europeu que publicou na revista [&hellip;]\" \/>\n<meta property=\"og:url\" content=\"https:\/\/super-news.info\/pt\/socrates-afirma-que-escolha-decisiva-da-ue-e-colaboracao-ou-isolamento-da-extrema-direita-o-jornal-economico\/\" \/>\n<meta property=\"og:site_name\" content=\"Super News\" \/>\n<meta property=\"article:published_time\" content=\"2019-05-18T11:08:17+00:00\" \/>\n<meta property=\"article:modified_time\" content=\"2019-05-18T11:08:18+00:00\" \/>\n<meta property=\"og:image\" content=\"https:\/\/super-news.info\/pt\/wp-content\/uploads\/sites\/2\/2019\/05\/S\u00f3crates-afirma-que-escolha-decisiva-da-UE-\u00e9-colabora\u00e7\u00e3o-ou.png\" \/>\n\t<meta property=\"og:image:width\" content=\"600\" \/>\n\t<meta property=\"og:image:height\" content=\"662\" \/>\n\t<meta property=\"og:image:type\" content=\"image\/png\" \/>\n<meta name=\"author\" content=\"super-news\" \/>\n<meta name=\"twitter:card\" content=\"summary_large_image\" \/>\n<meta name=\"twitter:label1\" content=\"Escrito por\" \/>\n\t<meta name=\"twitter:data1\" content=\"super-news\" \/>\n\t<meta name=\"twitter:label2\" content=\"Tempo estimado de leitura\" \/>\n\t<meta name=\"twitter:data2\" content=\"4 minutos\" \/>\n<script type=\"application\/ld+json\" class=\"yoast-schema-graph\">{\"@context\":\"https:\\\/\\\/schema.org\",\"@graph\":[{\"@type\":\"Article\",\"@id\":\"https:\\\/\\\/super-news.info\\\/pt\\\/socrates-afirma-que-escolha-decisiva-da-ue-e-colaboracao-ou-isolamento-da-extrema-direita-o-jornal-economico\\\/#article\",\"isPartOf\":{\"@id\":\"https:\\\/\\\/super-news.info\\\/pt\\\/socrates-afirma-que-escolha-decisiva-da-ue-e-colaboracao-ou-isolamento-da-extrema-direita-o-jornal-economico\\\/\"},\"author\":{\"name\":\"super-news\",\"@id\":\"https:\\\/\\\/super-news.info\\\/pt\\\/#\\\/schema\\\/person\\\/2d4068cb2f39cd10008c2fce578a7356\"},\"headline\":\"S\u00f3crates afirma que escolha decisiva da UE \u00e9 colabora\u00e7\u00e3o ou isolamento da extrema-direita \u2013 O Jornal Econ\u00f3mico\",\"datePublished\":\"2019-05-18T11:08:17+00:00\",\"dateModified\":\"2019-05-18T11:08:18+00:00\",\"mainEntityOfPage\":{\"@id\":\"https:\\\/\\\/super-news.info\\\/pt\\\/socrates-afirma-que-escolha-decisiva-da-ue-e-colaboracao-ou-isolamento-da-extrema-direita-o-jornal-economico\\\/\"},\"wordCount\":815,\"commentCount\":0,\"image\":{\"@id\":\"https:\\\/\\\/super-news.info\\\/pt\\\/socrates-afirma-que-escolha-decisiva-da-ue-e-colaboracao-ou-isolamento-da-extrema-direita-o-jornal-economico\\\/#primaryimage\"},\"thumbnailUrl\":\"https:\\\/\\\/super-news.info\\\/pt\\\/wp-content\\\/uploads\\\/sites\\\/2\\\/2019\\\/05\\\/S\u00f3crates-afirma-que-escolha-decisiva-da-UE-\u00e9-colabora\u00e7\u00e3o-ou.png\",\"articleSection\":[\"NOT\u00cdCIAS FINANCEIRAS\"],\"inLanguage\":\"pt-PT\",\"potentialAction\":[{\"@type\":\"CommentAction\",\"name\":\"Comment\",\"target\":[\"https:\\\/\\\/super-news.info\\\/pt\\\/socrates-afirma-que-escolha-decisiva-da-ue-e-colaboracao-ou-isolamento-da-extrema-direita-o-jornal-economico\\\/#respond\"]}]},{\"@type\":\"WebPage\",\"@id\":\"https:\\\/\\\/super-news.info\\\/pt\\\/socrates-afirma-que-escolha-decisiva-da-ue-e-colaboracao-ou-isolamento-da-extrema-direita-o-jornal-economico\\\/\",\"url\":\"https:\\\/\\\/super-news.info\\\/pt\\\/socrates-afirma-que-escolha-decisiva-da-ue-e-colaboracao-ou-isolamento-da-extrema-direita-o-jornal-economico\\\/\",\"name\":\"S\u00f3crates afirma que escolha decisiva da UE \u00e9 colabora\u00e7\u00e3o ou isolamento da extrema-direita \u2013 O Jornal Econ\u00f3mico - Super News\",\"isPartOf\":{\"@id\":\"https:\\\/\\\/super-news.info\\\/pt\\\/#website\"},\"primaryImageOfPage\":{\"@id\":\"https:\\\/\\\/super-news.info\\\/pt\\\/socrates-afirma-que-escolha-decisiva-da-ue-e-colaboracao-ou-isolamento-da-extrema-direita-o-jornal-economico\\\/#primaryimage\"},\"image\":{\"@id\":\"https:\\\/\\\/super-news.info\\\/pt\\\/socrates-afirma-que-escolha-decisiva-da-ue-e-colaboracao-ou-isolamento-da-extrema-direita-o-jornal-economico\\\/#primaryimage\"},\"thumbnailUrl\":\"https:\\\/\\\/super-news.info\\\/pt\\\/wp-content\\\/uploads\\\/sites\\\/2\\\/2019\\\/05\\\/S\u00f3crates-afirma-que-escolha-decisiva-da-UE-\u00e9-colabora\u00e7\u00e3o-ou.png\",\"datePublished\":\"2019-05-18T11:08:17+00:00\",\"dateModified\":\"2019-05-18T11:08:18+00:00\",\"author\":{\"@id\":\"https:\\\/\\\/super-news.info\\\/pt\\\/#\\\/schema\\\/person\\\/2d4068cb2f39cd10008c2fce578a7356\"},\"breadcrumb\":{\"@id\":\"https:\\\/\\\/super-news.info\\\/pt\\\/socrates-afirma-que-escolha-decisiva-da-ue-e-colaboracao-ou-isolamento-da-extrema-direita-o-jornal-economico\\\/#breadcrumb\"},\"inLanguage\":\"pt-PT\",\"potentialAction\":[{\"@type\":\"ReadAction\",\"target\":[\"https:\\\/\\\/super-news.info\\\/pt\\\/socrates-afirma-que-escolha-decisiva-da-ue-e-colaboracao-ou-isolamento-da-extrema-direita-o-jornal-economico\\\/\"]}]},{\"@type\":\"ImageObject\",\"inLanguage\":\"pt-PT\",\"@id\":\"https:\\\/\\\/super-news.info\\\/pt\\\/socrates-afirma-que-escolha-decisiva-da-ue-e-colaboracao-ou-isolamento-da-extrema-direita-o-jornal-economico\\\/#primaryimage\",\"url\":\"https:\\\/\\\/super-news.info\\\/pt\\\/wp-content\\\/uploads\\\/sites\\\/2\\\/2019\\\/05\\\/S\u00f3crates-afirma-que-escolha-decisiva-da-UE-\u00e9-colabora\u00e7\u00e3o-ou.png\",\"contentUrl\":\"https:\\\/\\\/super-news.info\\\/pt\\\/wp-content\\\/uploads\\\/sites\\\/2\\\/2019\\\/05\\\/S\u00f3crates-afirma-que-escolha-decisiva-da-UE-\u00e9-colabora\u00e7\u00e3o-ou.png\",\"width\":600,\"height\":662,\"caption\":\"S\u00f3crates afirma que escolha decisiva da UE \u00e9 colabora\u00e7\u00e3o ou isolamento da extrema-direita \u2013 O Jornal Econ\u00f3mico\"},{\"@type\":\"BreadcrumbList\",\"@id\":\"https:\\\/\\\/super-news.info\\\/pt\\\/socrates-afirma-que-escolha-decisiva-da-ue-e-colaboracao-ou-isolamento-da-extrema-direita-o-jornal-economico\\\/#breadcrumb\",\"itemListElement\":[{\"@type\":\"ListItem\",\"position\":1,\"name\":\"\u0413\u043b\u0430\u0432\u043d\u0430\u044f \u0441\u0442\u0440\u0430\u043d\u0438\u0446\u0430\",\"item\":\"https:\\\/\\\/super-news.info\\\/pt\\\/\"},{\"@type\":\"ListItem\",\"position\":2,\"name\":\"S\u00f3crates afirma que escolha decisiva da UE \u00e9 colabora\u00e7\u00e3o ou isolamento da extrema-direita \u2013 O Jornal Econ\u00f3mico\"}]},{\"@type\":\"WebSite\",\"@id\":\"https:\\\/\\\/super-news.info\\\/pt\\\/#website\",\"url\":\"https:\\\/\\\/super-news.info\\\/pt\\\/\",\"name\":\"Super News\",\"description\":\"Super News Portugal\",\"potentialAction\":[{\"@type\":\"SearchAction\",\"target\":{\"@type\":\"EntryPoint\",\"urlTemplate\":\"https:\\\/\\\/super-news.info\\\/pt\\\/?s={search_term_string}\"},\"query-input\":{\"@type\":\"PropertyValueSpecification\",\"valueRequired\":true,\"valueName\":\"search_term_string\"}}],\"inLanguage\":\"pt-PT\"},{\"@type\":\"Person\",\"@id\":\"https:\\\/\\\/super-news.info\\\/pt\\\/#\\\/schema\\\/person\\\/2d4068cb2f39cd10008c2fce578a7356\",\"name\":\"super-news\",\"image\":{\"@type\":\"ImageObject\",\"inLanguage\":\"pt-PT\",\"@id\":\"https:\\\/\\\/secure.gravatar.com\\\/avatar\\\/64ebac40b93f26a154f8a9b5b6fdccfc46f442b26b3dd6756dbff3bf9dc76fd7?s=96&d=mm&r=g\",\"url\":\"https:\\\/\\\/secure.gravatar.com\\\/avatar\\\/64ebac40b93f26a154f8a9b5b6fdccfc46f442b26b3dd6756dbff3bf9dc76fd7?s=96&d=mm&r=g\",\"contentUrl\":\"https:\\\/\\\/secure.gravatar.com\\\/avatar\\\/64ebac40b93f26a154f8a9b5b6fdccfc46f442b26b3dd6756dbff3bf9dc76fd7?s=96&d=mm&r=g\",\"caption\":\"super-news\"},\"url\":\"https:\\\/\\\/super-news.info\\\/pt\\\/author\\\/pt\\\/\"}]}<\/script>\n<!-- \/ Yoast SEO plugin. -->","yoast_head_json":{"title":"S\u00f3crates afirma que escolha decisiva da UE \u00e9 colabora\u00e7\u00e3o ou isolamento da extrema-direita \u2013 O Jornal Econ\u00f3mico - Super News","robots":{"index":"index","follow":"follow","max-snippet":"max-snippet:-1","max-image-preview":"max-image-preview:large","max-video-preview":"max-video-preview:-1"},"canonical":"https:\/\/super-news.info\/pt\/socrates-afirma-que-escolha-decisiva-da-ue-e-colaboracao-ou-isolamento-da-extrema-direita-o-jornal-economico\/","og_locale":"pt_PT","og_type":"article","og_title":"S\u00f3crates afirma que escolha decisiva da UE \u00e9 colabora\u00e7\u00e3o ou isolamento da extrema-direita \u2013 O Jornal Econ\u00f3mico - Super News","og_description":"[ad_1] O antigo primeiro-ministro, Jos\u00e9 S\u00f3crates, disse que a Europa foi alvo de \u201cum vendaval\u201d que mudou a sua cultura pol\u00edtica nas elei\u00e7\u00f5es europeias a escolha decisiva \u00e9 entre colabora\u00e7\u00e3o ou isolamento da extrema direita. Estas posi\u00e7\u00f5es s\u00e3o defendidas por Jos\u00e9 S\u00f3crates num artigo sobre as elei\u00e7\u00f5es para o Parlamento Europeu que publicou na revista [&hellip;]","og_url":"https:\/\/super-news.info\/pt\/socrates-afirma-que-escolha-decisiva-da-ue-e-colaboracao-ou-isolamento-da-extrema-direita-o-jornal-economico\/","og_site_name":"Super News","article_published_time":"2019-05-18T11:08:17+00:00","article_modified_time":"2019-05-18T11:08:18+00:00","og_image":[{"width":600,"height":662,"url":"https:\/\/super-news.info\/pt\/wp-content\/uploads\/sites\/2\/2019\/05\/S\u00f3crates-afirma-que-escolha-decisiva-da-UE-\u00e9-colabora\u00e7\u00e3o-ou.png","type":"image\/png"}],"author":"super-news","twitter_card":"summary_large_image","twitter_misc":{"Escrito por":"super-news","Tempo estimado de leitura":"4 minutos"},"schema":{"@context":"https:\/\/schema.org","@graph":[{"@type":"Article","@id":"https:\/\/super-news.info\/pt\/socrates-afirma-que-escolha-decisiva-da-ue-e-colaboracao-ou-isolamento-da-extrema-direita-o-jornal-economico\/#article","isPartOf":{"@id":"https:\/\/super-news.info\/pt\/socrates-afirma-que-escolha-decisiva-da-ue-e-colaboracao-ou-isolamento-da-extrema-direita-o-jornal-economico\/"},"author":{"name":"super-news","@id":"https:\/\/super-news.info\/pt\/#\/schema\/person\/2d4068cb2f39cd10008c2fce578a7356"},"headline":"S\u00f3crates afirma que escolha decisiva da UE \u00e9 colabora\u00e7\u00e3o ou isolamento da extrema-direita \u2013 O Jornal Econ\u00f3mico","datePublished":"2019-05-18T11:08:17+00:00","dateModified":"2019-05-18T11:08:18+00:00","mainEntityOfPage":{"@id":"https:\/\/super-news.info\/pt\/socrates-afirma-que-escolha-decisiva-da-ue-e-colaboracao-ou-isolamento-da-extrema-direita-o-jornal-economico\/"},"wordCount":815,"commentCount":0,"image":{"@id":"https:\/\/super-news.info\/pt\/socrates-afirma-que-escolha-decisiva-da-ue-e-colaboracao-ou-isolamento-da-extrema-direita-o-jornal-economico\/#primaryimage"},"thumbnailUrl":"https:\/\/super-news.info\/pt\/wp-content\/uploads\/sites\/2\/2019\/05\/S\u00f3crates-afirma-que-escolha-decisiva-da-UE-\u00e9-colabora\u00e7\u00e3o-ou.png","articleSection":["NOT\u00cdCIAS FINANCEIRAS"],"inLanguage":"pt-PT","potentialAction":[{"@type":"CommentAction","name":"Comment","target":["https:\/\/super-news.info\/pt\/socrates-afirma-que-escolha-decisiva-da-ue-e-colaboracao-ou-isolamento-da-extrema-direita-o-jornal-economico\/#respond"]}]},{"@type":"WebPage","@id":"https:\/\/super-news.info\/pt\/socrates-afirma-que-escolha-decisiva-da-ue-e-colaboracao-ou-isolamento-da-extrema-direita-o-jornal-economico\/","url":"https:\/\/super-news.info\/pt\/socrates-afirma-que-escolha-decisiva-da-ue-e-colaboracao-ou-isolamento-da-extrema-direita-o-jornal-economico\/","name":"S\u00f3crates afirma que escolha decisiva da UE \u00e9 colabora\u00e7\u00e3o ou isolamento da extrema-direita \u2013 O Jornal Econ\u00f3mico - Super News","isPartOf":{"@id":"https:\/\/super-news.info\/pt\/#website"},"primaryImageOfPage":{"@id":"https:\/\/super-news.info\/pt\/socrates-afirma-que-escolha-decisiva-da-ue-e-colaboracao-ou-isolamento-da-extrema-direita-o-jornal-economico\/#primaryimage"},"image":{"@id":"https:\/\/super-news.info\/pt\/socrates-afirma-que-escolha-decisiva-da-ue-e-colaboracao-ou-isolamento-da-extrema-direita-o-jornal-economico\/#primaryimage"},"thumbnailUrl":"https:\/\/super-news.info\/pt\/wp-content\/uploads\/sites\/2\/2019\/05\/S\u00f3crates-afirma-que-escolha-decisiva-da-UE-\u00e9-colabora\u00e7\u00e3o-ou.png","datePublished":"2019-05-18T11:08:17+00:00","dateModified":"2019-05-18T11:08:18+00:00","author":{"@id":"https:\/\/super-news.info\/pt\/#\/schema\/person\/2d4068cb2f39cd10008c2fce578a7356"},"breadcrumb":{"@id":"https:\/\/super-news.info\/pt\/socrates-afirma-que-escolha-decisiva-da-ue-e-colaboracao-ou-isolamento-da-extrema-direita-o-jornal-economico\/#breadcrumb"},"inLanguage":"pt-PT","potentialAction":[{"@type":"ReadAction","target":["https:\/\/super-news.info\/pt\/socrates-afirma-que-escolha-decisiva-da-ue-e-colaboracao-ou-isolamento-da-extrema-direita-o-jornal-economico\/"]}]},{"@type":"ImageObject","inLanguage":"pt-PT","@id":"https:\/\/super-news.info\/pt\/socrates-afirma-que-escolha-decisiva-da-ue-e-colaboracao-ou-isolamento-da-extrema-direita-o-jornal-economico\/#primaryimage","url":"https:\/\/super-news.info\/pt\/wp-content\/uploads\/sites\/2\/2019\/05\/S\u00f3crates-afirma-que-escolha-decisiva-da-UE-\u00e9-colabora\u00e7\u00e3o-ou.png","contentUrl":"https:\/\/super-news.info\/pt\/wp-content\/uploads\/sites\/2\/2019\/05\/S\u00f3crates-afirma-que-escolha-decisiva-da-UE-\u00e9-colabora\u00e7\u00e3o-ou.png","width":600,"height":662,"caption":"S\u00f3crates afirma que escolha decisiva da UE \u00e9 colabora\u00e7\u00e3o ou isolamento da extrema-direita \u2013 O Jornal Econ\u00f3mico"},{"@type":"BreadcrumbList","@id":"https:\/\/super-news.info\/pt\/socrates-afirma-que-escolha-decisiva-da-ue-e-colaboracao-ou-isolamento-da-extrema-direita-o-jornal-economico\/#breadcrumb","itemListElement":[{"@type":"ListItem","position":1,"name":"\u0413\u043b\u0430\u0432\u043d\u0430\u044f \u0441\u0442\u0440\u0430\u043d\u0438\u0446\u0430","item":"https:\/\/super-news.info\/pt\/"},{"@type":"ListItem","position":2,"name":"S\u00f3crates afirma que escolha decisiva da UE \u00e9 colabora\u00e7\u00e3o ou isolamento da extrema-direita \u2013 O Jornal Econ\u00f3mico"}]},{"@type":"WebSite","@id":"https:\/\/super-news.info\/pt\/#website","url":"https:\/\/super-news.info\/pt\/","name":"Super News","description":"Super News Portugal","potentialAction":[{"@type":"SearchAction","target":{"@type":"EntryPoint","urlTemplate":"https:\/\/super-news.info\/pt\/?s={search_term_string}"},"query-input":{"@type":"PropertyValueSpecification","valueRequired":true,"valueName":"search_term_string"}}],"inLanguage":"pt-PT"},{"@type":"Person","@id":"https:\/\/super-news.info\/pt\/#\/schema\/person\/2d4068cb2f39cd10008c2fce578a7356","name":"super-news","image":{"@type":"ImageObject","inLanguage":"pt-PT","@id":"https:\/\/secure.gravatar.com\/avatar\/64ebac40b93f26a154f8a9b5b6fdccfc46f442b26b3dd6756dbff3bf9dc76fd7?s=96&d=mm&r=g","url":"https:\/\/secure.gravatar.com\/avatar\/64ebac40b93f26a154f8a9b5b6fdccfc46f442b26b3dd6756dbff3bf9dc76fd7?s=96&d=mm&r=g","contentUrl":"https:\/\/secure.gravatar.com\/avatar\/64ebac40b93f26a154f8a9b5b6fdccfc46f442b26b3dd6756dbff3bf9dc76fd7?s=96&d=mm&r=g","caption":"super-news"},"url":"https:\/\/super-news.info\/pt\/author\/pt\/"}]}},"_links":{"self":[{"href":"https:\/\/super-news.info\/pt\/wp-json\/wp\/v2\/posts\/1626","targetHints":{"allow":["GET"]}}],"collection":[{"href":"https:\/\/super-news.info\/pt\/wp-json\/wp\/v2\/posts"}],"about":[{"href":"https:\/\/super-news.info\/pt\/wp-json\/wp\/v2\/types\/post"}],"author":[{"embeddable":true,"href":"https:\/\/super-news.info\/pt\/wp-json\/wp\/v2\/users\/2"}],"replies":[{"embeddable":true,"href":"https:\/\/super-news.info\/pt\/wp-json\/wp\/v2\/comments?post=1626"}],"version-history":[{"count":1,"href":"https:\/\/super-news.info\/pt\/wp-json\/wp\/v2\/posts\/1626\/revisions"}],"predecessor-version":[{"id":1628,"href":"https:\/\/super-news.info\/pt\/wp-json\/wp\/v2\/posts\/1626\/revisions\/1628"}],"wp:featuredmedia":[{"embeddable":true,"href":"https:\/\/super-news.info\/pt\/wp-json\/wp\/v2\/media\/1627"}],"wp:attachment":[{"href":"https:\/\/super-news.info\/pt\/wp-json\/wp\/v2\/media?parent=1626"}],"wp:term":[{"taxonomy":"category","embeddable":true,"href":"https:\/\/super-news.info\/pt\/wp-json\/wp\/v2\/categories?post=1626"},{"taxonomy":"post_tag","embeddable":true,"href":"https:\/\/super-news.info\/pt\/wp-json\/wp\/v2\/tags?post=1626"}],"curies":[{"name":"wp","href":"https:\/\/api.w.org\/{rel}","templated":true}]}}