{"id":1623,"date":"2019-05-18T13:22:26","date_gmt":"2019-05-18T10:22:26","guid":{"rendered":"https:\/\/super-news.info\/pt\/governo-com-maior-atraso-da-legislatura-na-aprovacao-do-decreto-lei-de-execucao-orcamental-o-jornal-economico\/"},"modified":"2019-05-18T13:22:27","modified_gmt":"2019-05-18T10:22:27","slug":"governo-com-maior-atraso-da-legislatura-na-aprovacao-do-decreto-lei-de-execucao-orcamental-o-jornal-economico","status":"publish","type":"post","link":"https:\/\/super-news.info\/pt\/governo-com-maior-atraso-da-legislatura-na-aprovacao-do-decreto-lei-de-execucao-orcamental-o-jornal-economico\/","title":{"rendered":"Governo com maior atraso da legislatura na aprova\u00e7\u00e3o do decreto-lei de execu\u00e7\u00e3o or\u00e7amental \u2013 O Jornal Econ\u00f3mico"},"content":{"rendered":"<p> [ad_1]<br \/>\n<\/p>\n<div>\n<p>O decreto-lei relativo \u00e0 execu\u00e7\u00e3o or\u00e7amental de 2019 ainda n\u00e3o foi aprovado pelo Governo e pelo Minist\u00e9rio das Finan\u00e7as indicou \u00e0 lusa que \u201ca proposta de 2019 n\u00e3o dever\u00e1 trazer altera\u00e7\u00f5es significativas face a 2018, sem indicar uma data.<\/p>\n<p>Nos quatro anos de mandato do atual Governo, 2019 fica como aquele em que o Governo aprovar\u00e1 mais tarde o Decreto-lei de Execu\u00e7\u00e3o Or\u00e7amental, que estabelece as normas de plena execu\u00e7\u00e3o do Or\u00e7amento do Estado, nomeadamente em termos de cativa\u00e7\u00f5es.<\/p>\n<p>Em 2018, o Decreto-lei foi publicado em Di\u00e1rio da Rep\u00fablica (DR) em 15 de maio, ap\u00f3s ter sido aprovado em Conselho de Ministros em 26 de abril, tr\u00eas dias depois de o Presidente da Rep\u00fablica ter dito que esperava receber o decreto em breve para promulga\u00e7\u00e3o.<\/p>\n<p>Marcelo Rebelo de Sousa sublinhou, na altura, que o decreto \u201ctem, em pontos fundamentais, aquilo que \u00e9 a regulamenta\u00e7\u00e3o para o Or\u00e7amento poder ser cabalmente aplicado\u201d, sendo \u201cmuito importante para a aplica\u00e7\u00e3o do Or\u00e7amento\u201d do Estado.<\/p>\n<p>J\u00e1 em 2017, o Decreto-lei da Execu\u00e7\u00e3o Or\u00e7amental foi publicado em DR em 03 de mar\u00e7o e, no primeiro ano da legislatura, em 2016, o decreto foi publicado em 13 de abril.<\/p>\n<p>\u201cParece-me um pouco estranho que o Governo n\u00e3o tenha aprovado o decreto-lei de execu\u00e7\u00e3o or\u00e7amental, sobretudo porque este \u00e9 o \u00faltimo ano da legislatura e o Governo j\u00e1 ganhou muita experi\u00eancia na sua elabora\u00e7\u00e3o\u201d, afirmou \u00e0 Lusa o economista Ricardo Cabral.<\/p>\n<p>\u201cNote-se que o Decreto-lei de Execu\u00e7\u00e3o Or\u00e7amental de 2018 foi publicado a 15 de maio de 2015, pelo que a situa\u00e7\u00e3o n\u00e3o \u00e9 muito diferente do ano anterior\u201d, acrescentou o tamb\u00e9m professor da Universidade da Madeira.<\/p>\n<p>No mesmo sentido, Joaquim Miranda Sarmento, professor de Finan\u00e7as do ISEG \u2013 Instituto Superior de Economia e Gest\u00e3o da Universidade de Lisboa, disse \u00e0 Lusa que \u201cn\u00e3o h\u00e1 raz\u00e3o alguma para o Decreto-lei da Execu\u00e7\u00e3o Or\u00e7amental sair em mar\u00e7o ou ainda depois\u201d.<\/p>\n<p>O economista sustentou que \u201co Decreto-lei devia ser feito em simult\u00e2neo com o Or\u00e7amento do Estado e devia entrar em vigor a 01 de janeiro\u201d.<\/p>\n<p>\u201cMais um sinal do anacronismo da gest\u00e3o financeira do Estado\u201d, afirmou Joaquim Miranda Sarmento, considerando tratar-se de \u201cin\u00e9rcia\u201d, porque \u201csempre se fez assim\u201d.<\/p>\n<p>Francisca Guedes de Oliveira, professora da Universidade Cat\u00f3lica, no Porto, referiu, por seu turno, que o decreto-lei \u201cgeralmente sai pr\u00f3ximo do final do primeiro trimestre ou in\u00edcio do segundo\u201d.<\/p>\n<p>\u201cExiste de facto um desfasamento, sempre, \u00e9 natural. S\u00f3 depois de estar em vigor \u00e9 que se definem os moldes da execu\u00e7\u00e3o\u201d, afirmou a economista.<\/p>\n<p>Ricardo Cabral explicou que \u201co DL de execu\u00e7\u00e3o or\u00e7amental indica aos servi\u00e7os como devem executar o Or\u00e7amento em detalhe, nomeadamente em termos de cativa\u00e7\u00f5es\u201d.<\/p>\n<p>\u201cA maior parte dos artigos \u00e9 \u2018copy-paste\u2019 de anos anteriores, mas o diabo est\u00e1 nos detalhes\u201d, acrescentou.<\/p>\n<p>Questionados sobre quais os riscos e as consequ\u00eancias decorrentes de os servi\u00e7os estarem v\u00e1rios meses sem a publica\u00e7\u00e3o do Decreto-lei da Execu\u00e7\u00e3o Or\u00e7amental, Francisca Guedes de Oliveira indicou que \u201cn\u00e3o h\u00e1 grandes riscos nem consequ\u00eancias uma vez que enquanto n\u00e3o entra em vigor o novo aplica-se o anterior\u201d.<\/p>\n<p>Ricardo Cabral explicou que \u201co decreto-lei de execu\u00e7\u00e3o or\u00e7amental de 2018 ainda est\u00e1 em vigor, nos termos de um artigo desse decreto-lei\u201d.<\/p>\n<p>No artigo 183.\u00ba, o Decreto-lei de Execu\u00e7\u00e3o Or\u00e7amental de 2018 indica que \u201cproduz efeitos \u00e0 data da entrada em vigor da Lei do Or\u00e7amento do Estado [\u2026] e at\u00e9 \u00e0 entrada em vigor do decreto-lei de execu\u00e7\u00e3o or\u00e7amental para 2019\u201d.<\/p>\n<p>O economista e professor da Universidade da Madeira adiantou que \u201csaiu uma circular com instru\u00e7\u00f5es da Dire\u00e7\u00e3o-geral do Or\u00e7amento sobre este assunto. Ou seja, na pr\u00e1tica aplica-se o Decreto-lei de execu\u00e7\u00e3o or\u00e7amental de 2018\u201d.<\/p>\n<p>Questionado sobre quando ser\u00e1 aprovado o Decreto-lei de Execu\u00e7\u00e3o Or\u00e7amental (DLEO), o Minist\u00e9rio das Finan\u00e7as n\u00e3o referiu qualquer data, indicando que \u201c\u00e9 frequente ser aprovado mais tarde\u201d.<\/p>\n<p>Sobre qual a justifica\u00e7\u00e3o para n\u00e3o ter sido ainda publicado, o minist\u00e9rio tutelado por M\u00e1rio Centeno indicou apenas que \u201co DLEO do ano anterior e a respetiva regulamenta\u00e7\u00e3o continuam em vigor at\u00e9 \u00e0 aprova\u00e7\u00e3o de um novo DLEO\u201d, acrescentando que \u201ca proposta DLEO de 2019 n\u00e3o dever\u00e1 trazer altera\u00e7\u00f5es significativas face a 2018\u201d.<\/p>\n<\/p><\/div>\n<p><script>function facebookInit(){var js=document.createElement('script');js.src='https:\/\/connect.facebook.net\/pt_PT\/sdk.js#xfbml=1&version=v3.1&appId=1708066812789184&autoLogAppEvents=1';return document.body.appendChild(js);}\nwindow.onscroll=function(){var rect=document.getElementsByClassName('je-post-content')[0].getBoundingClientRect();if(rect.bottom<window.innerHeight){facebookInit();window.onscroll=null;}}<\/script><br \/>\n<br \/>[ad_2]<br \/>\n<br \/><a href=\"https:\/\/jornaleconomico.sapo.pt\/noticias\/governo-com-maior-atraso-da-legislatura-na-aprovacao-do-decreto-lei-de-execucao-orcamental-446298\">Source link <\/a><\/p>\n","protected":false},"excerpt":{"rendered":"<p>[ad_1] O decreto-lei relativo \u00e0 execu\u00e7\u00e3o or\u00e7amental de 2019 ainda n\u00e3o foi aprovado pelo Governo e pelo Minist\u00e9rio das Finan\u00e7as indicou \u00e0 lusa que \u201ca proposta de 2019 n\u00e3o dever\u00e1 trazer altera\u00e7\u00f5es significativas face a 2018, sem indicar uma data. Nos quatro anos de mandato do atual Governo, 2019 fica como aquele em que o [&hellip;]<\/p>\n","protected":false},"author":2,"featured_media":1624,"comment_status":"open","ping_status":"open","sticky":false,"template":"","format":"standard","meta":{"footnotes":""},"categories":[1],"tags":[],"class_list":["post-1623","post","type-post","status-publish","format-standard","has-post-thumbnail","hentry","category-noticias-financeiras"],"yoast_head":"<!-- This site is optimized with the Yoast SEO plugin v27.4 - https:\/\/yoast.com\/product\/yoast-seo-wordpress\/ -->\n<title>Governo com maior atraso da legislatura na aprova\u00e7\u00e3o do decreto-lei de execu\u00e7\u00e3o or\u00e7amental \u2013 O Jornal Econ\u00f3mico - Super News<\/title>\n<meta name=\"robots\" content=\"index, follow, max-snippet:-1, max-image-preview:large, max-video-preview:-1\" \/>\n<link rel=\"canonical\" href=\"https:\/\/super-news.info\/pt\/governo-com-maior-atraso-da-legislatura-na-aprovacao-do-decreto-lei-de-execucao-orcamental-o-jornal-economico\/\" \/>\n<meta property=\"og:locale\" content=\"pt_PT\" \/>\n<meta property=\"og:type\" content=\"article\" \/>\n<meta property=\"og:title\" content=\"Governo com maior atraso da legislatura na aprova\u00e7\u00e3o do decreto-lei de execu\u00e7\u00e3o or\u00e7amental \u2013 O Jornal Econ\u00f3mico - Super News\" \/>\n<meta property=\"og:description\" content=\"[ad_1] O decreto-lei relativo \u00e0 execu\u00e7\u00e3o or\u00e7amental de 2019 ainda n\u00e3o foi aprovado pelo Governo e pelo Minist\u00e9rio das Finan\u00e7as indicou \u00e0 lusa que \u201ca proposta de 2019 n\u00e3o dever\u00e1 trazer altera\u00e7\u00f5es significativas face a 2018, sem indicar uma data. Nos quatro anos de mandato do atual Governo, 2019 fica como aquele em que o [&hellip;]\" \/>\n<meta property=\"og:url\" content=\"https:\/\/super-news.info\/pt\/governo-com-maior-atraso-da-legislatura-na-aprovacao-do-decreto-lei-de-execucao-orcamental-o-jornal-economico\/\" \/>\n<meta property=\"og:site_name\" content=\"Super News\" \/>\n<meta property=\"article:published_time\" content=\"2019-05-18T10:22:26+00:00\" \/>\n<meta property=\"article:modified_time\" content=\"2019-05-18T10:22:27+00:00\" \/>\n<meta property=\"og:image\" content=\"https:\/\/super-news.info\/pt\/wp-content\/uploads\/sites\/2\/2019\/05\/Governo-com-maior-atraso-da-legislatura-na-aprova\u00e7\u00e3o-do-decreto-lei.png\" \/>\n\t<meta property=\"og:image:width\" content=\"600\" \/>\n\t<meta property=\"og:image:height\" content=\"698\" \/>\n\t<meta property=\"og:image:type\" content=\"image\/png\" \/>\n<meta name=\"author\" content=\"super-news\" \/>\n<meta name=\"twitter:card\" content=\"summary_large_image\" \/>\n<meta name=\"twitter:label1\" content=\"Escrito por\" \/>\n\t<meta name=\"twitter:data1\" content=\"super-news\" \/>\n\t<meta name=\"twitter:label2\" content=\"Tempo estimado de leitura\" \/>\n\t<meta name=\"twitter:data2\" content=\"4 minutos\" \/>\n<script type=\"application\/ld+json\" class=\"yoast-schema-graph\">{\"@context\":\"https:\\\/\\\/schema.org\",\"@graph\":[{\"@type\":\"Article\",\"@id\":\"https:\\\/\\\/super-news.info\\\/pt\\\/governo-com-maior-atraso-da-legislatura-na-aprovacao-do-decreto-lei-de-execucao-orcamental-o-jornal-economico\\\/#article\",\"isPartOf\":{\"@id\":\"https:\\\/\\\/super-news.info\\\/pt\\\/governo-com-maior-atraso-da-legislatura-na-aprovacao-do-decreto-lei-de-execucao-orcamental-o-jornal-economico\\\/\"},\"author\":{\"name\":\"super-news\",\"@id\":\"https:\\\/\\\/super-news.info\\\/pt\\\/#\\\/schema\\\/person\\\/2d4068cb2f39cd10008c2fce578a7356\"},\"headline\":\"Governo com maior atraso da legislatura na aprova\u00e7\u00e3o do decreto-lei de execu\u00e7\u00e3o or\u00e7amental \u2013 O Jornal Econ\u00f3mico\",\"datePublished\":\"2019-05-18T10:22:26+00:00\",\"dateModified\":\"2019-05-18T10:22:27+00:00\",\"mainEntityOfPage\":{\"@id\":\"https:\\\/\\\/super-news.info\\\/pt\\\/governo-com-maior-atraso-da-legislatura-na-aprovacao-do-decreto-lei-de-execucao-orcamental-o-jornal-economico\\\/\"},\"wordCount\":755,\"commentCount\":0,\"image\":{\"@id\":\"https:\\\/\\\/super-news.info\\\/pt\\\/governo-com-maior-atraso-da-legislatura-na-aprovacao-do-decreto-lei-de-execucao-orcamental-o-jornal-economico\\\/#primaryimage\"},\"thumbnailUrl\":\"https:\\\/\\\/super-news.info\\\/pt\\\/wp-content\\\/uploads\\\/sites\\\/2\\\/2019\\\/05\\\/Governo-com-maior-atraso-da-legislatura-na-aprova\u00e7\u00e3o-do-decreto-lei.png\",\"articleSection\":[\"NOT\u00cdCIAS FINANCEIRAS\"],\"inLanguage\":\"pt-PT\",\"potentialAction\":[{\"@type\":\"CommentAction\",\"name\":\"Comment\",\"target\":[\"https:\\\/\\\/super-news.info\\\/pt\\\/governo-com-maior-atraso-da-legislatura-na-aprovacao-do-decreto-lei-de-execucao-orcamental-o-jornal-economico\\\/#respond\"]}]},{\"@type\":\"WebPage\",\"@id\":\"https:\\\/\\\/super-news.info\\\/pt\\\/governo-com-maior-atraso-da-legislatura-na-aprovacao-do-decreto-lei-de-execucao-orcamental-o-jornal-economico\\\/\",\"url\":\"https:\\\/\\\/super-news.info\\\/pt\\\/governo-com-maior-atraso-da-legislatura-na-aprovacao-do-decreto-lei-de-execucao-orcamental-o-jornal-economico\\\/\",\"name\":\"Governo com maior atraso da legislatura na aprova\u00e7\u00e3o do decreto-lei de execu\u00e7\u00e3o or\u00e7amental \u2013 O Jornal Econ\u00f3mico - Super News\",\"isPartOf\":{\"@id\":\"https:\\\/\\\/super-news.info\\\/pt\\\/#website\"},\"primaryImageOfPage\":{\"@id\":\"https:\\\/\\\/super-news.info\\\/pt\\\/governo-com-maior-atraso-da-legislatura-na-aprovacao-do-decreto-lei-de-execucao-orcamental-o-jornal-economico\\\/#primaryimage\"},\"image\":{\"@id\":\"https:\\\/\\\/super-news.info\\\/pt\\\/governo-com-maior-atraso-da-legislatura-na-aprovacao-do-decreto-lei-de-execucao-orcamental-o-jornal-economico\\\/#primaryimage\"},\"thumbnailUrl\":\"https:\\\/\\\/super-news.info\\\/pt\\\/wp-content\\\/uploads\\\/sites\\\/2\\\/2019\\\/05\\\/Governo-com-maior-atraso-da-legislatura-na-aprova\u00e7\u00e3o-do-decreto-lei.png\",\"datePublished\":\"2019-05-18T10:22:26+00:00\",\"dateModified\":\"2019-05-18T10:22:27+00:00\",\"author\":{\"@id\":\"https:\\\/\\\/super-news.info\\\/pt\\\/#\\\/schema\\\/person\\\/2d4068cb2f39cd10008c2fce578a7356\"},\"breadcrumb\":{\"@id\":\"https:\\\/\\\/super-news.info\\\/pt\\\/governo-com-maior-atraso-da-legislatura-na-aprovacao-do-decreto-lei-de-execucao-orcamental-o-jornal-economico\\\/#breadcrumb\"},\"inLanguage\":\"pt-PT\",\"potentialAction\":[{\"@type\":\"ReadAction\",\"target\":[\"https:\\\/\\\/super-news.info\\\/pt\\\/governo-com-maior-atraso-da-legislatura-na-aprovacao-do-decreto-lei-de-execucao-orcamental-o-jornal-economico\\\/\"]}]},{\"@type\":\"ImageObject\",\"inLanguage\":\"pt-PT\",\"@id\":\"https:\\\/\\\/super-news.info\\\/pt\\\/governo-com-maior-atraso-da-legislatura-na-aprovacao-do-decreto-lei-de-execucao-orcamental-o-jornal-economico\\\/#primaryimage\",\"url\":\"https:\\\/\\\/super-news.info\\\/pt\\\/wp-content\\\/uploads\\\/sites\\\/2\\\/2019\\\/05\\\/Governo-com-maior-atraso-da-legislatura-na-aprova\u00e7\u00e3o-do-decreto-lei.png\",\"contentUrl\":\"https:\\\/\\\/super-news.info\\\/pt\\\/wp-content\\\/uploads\\\/sites\\\/2\\\/2019\\\/05\\\/Governo-com-maior-atraso-da-legislatura-na-aprova\u00e7\u00e3o-do-decreto-lei.png\",\"width\":600,\"height\":698,\"caption\":\"Governo com maior atraso da legislatura na aprova\u00e7\u00e3o do decreto-lei de execu\u00e7\u00e3o or\u00e7amental \u2013 O Jornal Econ\u00f3mico\"},{\"@type\":\"BreadcrumbList\",\"@id\":\"https:\\\/\\\/super-news.info\\\/pt\\\/governo-com-maior-atraso-da-legislatura-na-aprovacao-do-decreto-lei-de-execucao-orcamental-o-jornal-economico\\\/#breadcrumb\",\"itemListElement\":[{\"@type\":\"ListItem\",\"position\":1,\"name\":\"\u0413\u043b\u0430\u0432\u043d\u0430\u044f \u0441\u0442\u0440\u0430\u043d\u0438\u0446\u0430\",\"item\":\"https:\\\/\\\/super-news.info\\\/pt\\\/\"},{\"@type\":\"ListItem\",\"position\":2,\"name\":\"Governo com maior atraso da legislatura na aprova\u00e7\u00e3o do decreto-lei de execu\u00e7\u00e3o or\u00e7amental \u2013 O Jornal Econ\u00f3mico\"}]},{\"@type\":\"WebSite\",\"@id\":\"https:\\\/\\\/super-news.info\\\/pt\\\/#website\",\"url\":\"https:\\\/\\\/super-news.info\\\/pt\\\/\",\"name\":\"Super News\",\"description\":\"Super News Portugal\",\"potentialAction\":[{\"@type\":\"SearchAction\",\"target\":{\"@type\":\"EntryPoint\",\"urlTemplate\":\"https:\\\/\\\/super-news.info\\\/pt\\\/?s={search_term_string}\"},\"query-input\":{\"@type\":\"PropertyValueSpecification\",\"valueRequired\":true,\"valueName\":\"search_term_string\"}}],\"inLanguage\":\"pt-PT\"},{\"@type\":\"Person\",\"@id\":\"https:\\\/\\\/super-news.info\\\/pt\\\/#\\\/schema\\\/person\\\/2d4068cb2f39cd10008c2fce578a7356\",\"name\":\"super-news\",\"image\":{\"@type\":\"ImageObject\",\"inLanguage\":\"pt-PT\",\"@id\":\"https:\\\/\\\/secure.gravatar.com\\\/avatar\\\/64ebac40b93f26a154f8a9b5b6fdccfc46f442b26b3dd6756dbff3bf9dc76fd7?s=96&d=mm&r=g\",\"url\":\"https:\\\/\\\/secure.gravatar.com\\\/avatar\\\/64ebac40b93f26a154f8a9b5b6fdccfc46f442b26b3dd6756dbff3bf9dc76fd7?s=96&d=mm&r=g\",\"contentUrl\":\"https:\\\/\\\/secure.gravatar.com\\\/avatar\\\/64ebac40b93f26a154f8a9b5b6fdccfc46f442b26b3dd6756dbff3bf9dc76fd7?s=96&d=mm&r=g\",\"caption\":\"super-news\"},\"url\":\"https:\\\/\\\/super-news.info\\\/pt\\\/author\\\/pt\\\/\"}]}<\/script>\n<!-- \/ Yoast SEO plugin. -->","yoast_head_json":{"title":"Governo com maior atraso da legislatura na aprova\u00e7\u00e3o do decreto-lei de execu\u00e7\u00e3o or\u00e7amental \u2013 O Jornal Econ\u00f3mico - Super News","robots":{"index":"index","follow":"follow","max-snippet":"max-snippet:-1","max-image-preview":"max-image-preview:large","max-video-preview":"max-video-preview:-1"},"canonical":"https:\/\/super-news.info\/pt\/governo-com-maior-atraso-da-legislatura-na-aprovacao-do-decreto-lei-de-execucao-orcamental-o-jornal-economico\/","og_locale":"pt_PT","og_type":"article","og_title":"Governo com maior atraso da legislatura na aprova\u00e7\u00e3o do decreto-lei de execu\u00e7\u00e3o or\u00e7amental \u2013 O Jornal Econ\u00f3mico - Super News","og_description":"[ad_1] O decreto-lei relativo \u00e0 execu\u00e7\u00e3o or\u00e7amental de 2019 ainda n\u00e3o foi aprovado pelo Governo e pelo Minist\u00e9rio das Finan\u00e7as indicou \u00e0 lusa que \u201ca proposta de 2019 n\u00e3o dever\u00e1 trazer altera\u00e7\u00f5es significativas face a 2018, sem indicar uma data. Nos quatro anos de mandato do atual Governo, 2019 fica como aquele em que o [&hellip;]","og_url":"https:\/\/super-news.info\/pt\/governo-com-maior-atraso-da-legislatura-na-aprovacao-do-decreto-lei-de-execucao-orcamental-o-jornal-economico\/","og_site_name":"Super News","article_published_time":"2019-05-18T10:22:26+00:00","article_modified_time":"2019-05-18T10:22:27+00:00","og_image":[{"width":600,"height":698,"url":"https:\/\/super-news.info\/pt\/wp-content\/uploads\/sites\/2\/2019\/05\/Governo-com-maior-atraso-da-legislatura-na-aprova\u00e7\u00e3o-do-decreto-lei.png","type":"image\/png"}],"author":"super-news","twitter_card":"summary_large_image","twitter_misc":{"Escrito por":"super-news","Tempo estimado de leitura":"4 minutos"},"schema":{"@context":"https:\/\/schema.org","@graph":[{"@type":"Article","@id":"https:\/\/super-news.info\/pt\/governo-com-maior-atraso-da-legislatura-na-aprovacao-do-decreto-lei-de-execucao-orcamental-o-jornal-economico\/#article","isPartOf":{"@id":"https:\/\/super-news.info\/pt\/governo-com-maior-atraso-da-legislatura-na-aprovacao-do-decreto-lei-de-execucao-orcamental-o-jornal-economico\/"},"author":{"name":"super-news","@id":"https:\/\/super-news.info\/pt\/#\/schema\/person\/2d4068cb2f39cd10008c2fce578a7356"},"headline":"Governo com maior atraso da legislatura na aprova\u00e7\u00e3o do decreto-lei de execu\u00e7\u00e3o or\u00e7amental \u2013 O Jornal Econ\u00f3mico","datePublished":"2019-05-18T10:22:26+00:00","dateModified":"2019-05-18T10:22:27+00:00","mainEntityOfPage":{"@id":"https:\/\/super-news.info\/pt\/governo-com-maior-atraso-da-legislatura-na-aprovacao-do-decreto-lei-de-execucao-orcamental-o-jornal-economico\/"},"wordCount":755,"commentCount":0,"image":{"@id":"https:\/\/super-news.info\/pt\/governo-com-maior-atraso-da-legislatura-na-aprovacao-do-decreto-lei-de-execucao-orcamental-o-jornal-economico\/#primaryimage"},"thumbnailUrl":"https:\/\/super-news.info\/pt\/wp-content\/uploads\/sites\/2\/2019\/05\/Governo-com-maior-atraso-da-legislatura-na-aprova\u00e7\u00e3o-do-decreto-lei.png","articleSection":["NOT\u00cdCIAS FINANCEIRAS"],"inLanguage":"pt-PT","potentialAction":[{"@type":"CommentAction","name":"Comment","target":["https:\/\/super-news.info\/pt\/governo-com-maior-atraso-da-legislatura-na-aprovacao-do-decreto-lei-de-execucao-orcamental-o-jornal-economico\/#respond"]}]},{"@type":"WebPage","@id":"https:\/\/super-news.info\/pt\/governo-com-maior-atraso-da-legislatura-na-aprovacao-do-decreto-lei-de-execucao-orcamental-o-jornal-economico\/","url":"https:\/\/super-news.info\/pt\/governo-com-maior-atraso-da-legislatura-na-aprovacao-do-decreto-lei-de-execucao-orcamental-o-jornal-economico\/","name":"Governo com maior atraso da legislatura na aprova\u00e7\u00e3o do decreto-lei de execu\u00e7\u00e3o or\u00e7amental \u2013 O Jornal Econ\u00f3mico - Super News","isPartOf":{"@id":"https:\/\/super-news.info\/pt\/#website"},"primaryImageOfPage":{"@id":"https:\/\/super-news.info\/pt\/governo-com-maior-atraso-da-legislatura-na-aprovacao-do-decreto-lei-de-execucao-orcamental-o-jornal-economico\/#primaryimage"},"image":{"@id":"https:\/\/super-news.info\/pt\/governo-com-maior-atraso-da-legislatura-na-aprovacao-do-decreto-lei-de-execucao-orcamental-o-jornal-economico\/#primaryimage"},"thumbnailUrl":"https:\/\/super-news.info\/pt\/wp-content\/uploads\/sites\/2\/2019\/05\/Governo-com-maior-atraso-da-legislatura-na-aprova\u00e7\u00e3o-do-decreto-lei.png","datePublished":"2019-05-18T10:22:26+00:00","dateModified":"2019-05-18T10:22:27+00:00","author":{"@id":"https:\/\/super-news.info\/pt\/#\/schema\/person\/2d4068cb2f39cd10008c2fce578a7356"},"breadcrumb":{"@id":"https:\/\/super-news.info\/pt\/governo-com-maior-atraso-da-legislatura-na-aprovacao-do-decreto-lei-de-execucao-orcamental-o-jornal-economico\/#breadcrumb"},"inLanguage":"pt-PT","potentialAction":[{"@type":"ReadAction","target":["https:\/\/super-news.info\/pt\/governo-com-maior-atraso-da-legislatura-na-aprovacao-do-decreto-lei-de-execucao-orcamental-o-jornal-economico\/"]}]},{"@type":"ImageObject","inLanguage":"pt-PT","@id":"https:\/\/super-news.info\/pt\/governo-com-maior-atraso-da-legislatura-na-aprovacao-do-decreto-lei-de-execucao-orcamental-o-jornal-economico\/#primaryimage","url":"https:\/\/super-news.info\/pt\/wp-content\/uploads\/sites\/2\/2019\/05\/Governo-com-maior-atraso-da-legislatura-na-aprova\u00e7\u00e3o-do-decreto-lei.png","contentUrl":"https:\/\/super-news.info\/pt\/wp-content\/uploads\/sites\/2\/2019\/05\/Governo-com-maior-atraso-da-legislatura-na-aprova\u00e7\u00e3o-do-decreto-lei.png","width":600,"height":698,"caption":"Governo com maior atraso da legislatura na aprova\u00e7\u00e3o do decreto-lei de execu\u00e7\u00e3o or\u00e7amental \u2013 O Jornal Econ\u00f3mico"},{"@type":"BreadcrumbList","@id":"https:\/\/super-news.info\/pt\/governo-com-maior-atraso-da-legislatura-na-aprovacao-do-decreto-lei-de-execucao-orcamental-o-jornal-economico\/#breadcrumb","itemListElement":[{"@type":"ListItem","position":1,"name":"\u0413\u043b\u0430\u0432\u043d\u0430\u044f \u0441\u0442\u0440\u0430\u043d\u0438\u0446\u0430","item":"https:\/\/super-news.info\/pt\/"},{"@type":"ListItem","position":2,"name":"Governo com maior atraso da legislatura na aprova\u00e7\u00e3o do decreto-lei de execu\u00e7\u00e3o or\u00e7amental \u2013 O Jornal Econ\u00f3mico"}]},{"@type":"WebSite","@id":"https:\/\/super-news.info\/pt\/#website","url":"https:\/\/super-news.info\/pt\/","name":"Super News","description":"Super News Portugal","potentialAction":[{"@type":"SearchAction","target":{"@type":"EntryPoint","urlTemplate":"https:\/\/super-news.info\/pt\/?s={search_term_string}"},"query-input":{"@type":"PropertyValueSpecification","valueRequired":true,"valueName":"search_term_string"}}],"inLanguage":"pt-PT"},{"@type":"Person","@id":"https:\/\/super-news.info\/pt\/#\/schema\/person\/2d4068cb2f39cd10008c2fce578a7356","name":"super-news","image":{"@type":"ImageObject","inLanguage":"pt-PT","@id":"https:\/\/secure.gravatar.com\/avatar\/64ebac40b93f26a154f8a9b5b6fdccfc46f442b26b3dd6756dbff3bf9dc76fd7?s=96&d=mm&r=g","url":"https:\/\/secure.gravatar.com\/avatar\/64ebac40b93f26a154f8a9b5b6fdccfc46f442b26b3dd6756dbff3bf9dc76fd7?s=96&d=mm&r=g","contentUrl":"https:\/\/secure.gravatar.com\/avatar\/64ebac40b93f26a154f8a9b5b6fdccfc46f442b26b3dd6756dbff3bf9dc76fd7?s=96&d=mm&r=g","caption":"super-news"},"url":"https:\/\/super-news.info\/pt\/author\/pt\/"}]}},"_links":{"self":[{"href":"https:\/\/super-news.info\/pt\/wp-json\/wp\/v2\/posts\/1623","targetHints":{"allow":["GET"]}}],"collection":[{"href":"https:\/\/super-news.info\/pt\/wp-json\/wp\/v2\/posts"}],"about":[{"href":"https:\/\/super-news.info\/pt\/wp-json\/wp\/v2\/types\/post"}],"author":[{"embeddable":true,"href":"https:\/\/super-news.info\/pt\/wp-json\/wp\/v2\/users\/2"}],"replies":[{"embeddable":true,"href":"https:\/\/super-news.info\/pt\/wp-json\/wp\/v2\/comments?post=1623"}],"version-history":[{"count":1,"href":"https:\/\/super-news.info\/pt\/wp-json\/wp\/v2\/posts\/1623\/revisions"}],"predecessor-version":[{"id":1625,"href":"https:\/\/super-news.info\/pt\/wp-json\/wp\/v2\/posts\/1623\/revisions\/1625"}],"wp:featuredmedia":[{"embeddable":true,"href":"https:\/\/super-news.info\/pt\/wp-json\/wp\/v2\/media\/1624"}],"wp:attachment":[{"href":"https:\/\/super-news.info\/pt\/wp-json\/wp\/v2\/media?parent=1623"}],"wp:term":[{"taxonomy":"category","embeddable":true,"href":"https:\/\/super-news.info\/pt\/wp-json\/wp\/v2\/categories?post=1623"},{"taxonomy":"post_tag","embeddable":true,"href":"https:\/\/super-news.info\/pt\/wp-json\/wp\/v2\/tags?post=1623"}],"curies":[{"name":"wp","href":"https:\/\/api.w.org\/{rel}","templated":true}]}}