{"id":1588,"date":"2019-05-17T10:05:10","date_gmt":"2019-05-17T07:05:10","guid":{"rendered":"https:\/\/super-news.info\/pt\/empresas-da-madeira-gastam-628-milhoes-de-euros-com-remuneracoes-o-jornal-economico\/"},"modified":"2019-05-17T10:05:10","modified_gmt":"2019-05-17T07:05:10","slug":"empresas-da-madeira-gastam-628-milhoes-de-euros-com-remuneracoes-o-jornal-economico","status":"publish","type":"post","link":"https:\/\/super-news.info\/pt\/empresas-da-madeira-gastam-628-milhoes-de-euros-com-remuneracoes-o-jornal-economico\/","title":{"rendered":"Empresas da Madeira gastam 628 milh\u00f5es de euros com remunera\u00e7\u00f5es \u2013 O Jornal Econ\u00f3mico"},"content":{"rendered":"<p> [ad_1]<br \/>\n<\/p>\n<div>\n<p>Os gastos com remunera\u00e7\u00f5es chegou aos 628 milh\u00f5es de euros para as empresas da Madeira, em 2017, uma subida substancial face aos 571 milh\u00f5es de euros em per\u00edodo hom\u00f3logo, de acordo com os dados da Dire\u00e7\u00e3o Regional de Estat\u00edstica (DREM).<\/p>\n<p>A influenciar este disparo nas remunera\u00e7\u00f5es est\u00e1 o aumento de 25.351 para 26.641 no n\u00famero de empresas na Madeira, entre 2017 e 2018, e o consequente aumento no n\u00fameros de trabalhadores de 65.276 para 69.652.<\/p>\n<p>Em termos de gasto com pessoal verificou-se um aumentos dos 728 para os 798 milh\u00f5es de euros. O volume de neg\u00f3cios das empresas da Madeira atingiu os 4,6 mil milh\u00f5es de euros, referem os dados da DREM.<\/p>\n<p> <img decoding=\"async\" class=\"frames-frame frames-frame-static\" data-frame-url=\"https:\/\/s.frames.news\/cards\/criacao-de-empresas\/?locale=pt-PT&amp;static\" data-frame-id=\"902\" data-frame-slug=\"criacao-de-empresas\" src=\"https:\/\/super-news.info\/pt\/wp-content\/uploads\/sites\/2\/2019\/05\/Empresas-da-Madeira-gastam-628-milhoes-de-euros-com-remuneracoes.pt.png\" style=\" width: 300px\"\/><\/div>\n<p><script>function facebookInit(){var js=document.createElement('script');js.src='https:\/\/connect.facebook.net\/pt_PT\/sdk.js#xfbml=1&version=v3.1&appId=1708066812789184&autoLogAppEvents=1';return document.body.appendChild(js);}\nwindow.onscroll=function(){var rect=document.getElementsByClassName('je-post-content')[0].getBoundingClientRect();if(rect.bottom<window.innerHeight){facebookInit();window.onscroll=null;}}<\/script><br \/>\n<br \/>[ad_2]<br \/>\n<br \/><a href=\"https:\/\/jornaleconomico.sapo.pt\/noticias\/empresas-da-madeira-gastam-628-milhoes-de-euros-com-remuneracoes-445350\">Source link <\/a><\/p>\n","protected":false},"excerpt":{"rendered":"<p>[ad_1] Os gastos com remunera\u00e7\u00f5es chegou aos 628 milh\u00f5es de euros para as empresas da Madeira, em 2017, uma subida substancial face aos 571 milh\u00f5es de euros em per\u00edodo hom\u00f3logo, de acordo com os dados da Dire\u00e7\u00e3o Regional de Estat\u00edstica (DREM). A influenciar este disparo nas remunera\u00e7\u00f5es est\u00e1 o aumento de 25.351 para 26.641 no [&hellip;]<\/p>\n","protected":false},"author":2,"featured_media":0,"comment_status":"open","ping_status":"open","sticky":false,"template":"","format":"standard","meta":{"footnotes":""},"categories":[1],"tags":[],"class_list":["post-1588","post","type-post","status-publish","format-standard","hentry","category-noticias-financeiras"],"yoast_head":"<!-- This site is optimized with the Yoast SEO plugin v27.4 - https:\/\/yoast.com\/product\/yoast-seo-wordpress\/ -->\n<title>Empresas da Madeira gastam 628 milh\u00f5es de euros com remunera\u00e7\u00f5es \u2013 O Jornal Econ\u00f3mico - Super News<\/title>\n<meta name=\"robots\" content=\"index, follow, max-snippet:-1, max-image-preview:large, max-video-preview:-1\" \/>\n<link rel=\"canonical\" href=\"https:\/\/super-news.info\/pt\/empresas-da-madeira-gastam-628-milhoes-de-euros-com-remuneracoes-o-jornal-economico\/\" \/>\n<meta property=\"og:locale\" content=\"pt_PT\" \/>\n<meta property=\"og:type\" content=\"article\" \/>\n<meta property=\"og:title\" content=\"Empresas da Madeira gastam 628 milh\u00f5es de euros com remunera\u00e7\u00f5es \u2013 O Jornal Econ\u00f3mico - Super News\" \/>\n<meta property=\"og:description\" content=\"[ad_1] Os gastos com remunera\u00e7\u00f5es chegou aos 628 milh\u00f5es de euros para as empresas da Madeira, em 2017, uma subida substancial face aos 571 milh\u00f5es de euros em per\u00edodo hom\u00f3logo, de acordo com os dados da Dire\u00e7\u00e3o Regional de Estat\u00edstica (DREM). A influenciar este disparo nas remunera\u00e7\u00f5es est\u00e1 o aumento de 25.351 para 26.641 no [&hellip;]\" \/>\n<meta property=\"og:url\" content=\"https:\/\/super-news.info\/pt\/empresas-da-madeira-gastam-628-milhoes-de-euros-com-remuneracoes-o-jornal-economico\/\" \/>\n<meta property=\"og:site_name\" content=\"Super News\" \/>\n<meta property=\"article:published_time\" content=\"2019-05-17T07:05:10+00:00\" \/>\n<meta property=\"og:image\" content=\"http:\/\/super-news.info\/pt\/wp-content\/uploads\/sites\/2\/2019\/05\/Empresas-da-Madeira-gastam-628-milhoes-de-euros-com-remuneracoes.pt.png\" \/>\n<meta name=\"author\" content=\"super-news\" \/>\n<meta name=\"twitter:card\" content=\"summary_large_image\" \/>\n<meta name=\"twitter:label1\" content=\"Escrito por\" \/>\n\t<meta name=\"twitter:data1\" content=\"super-news\" \/>\n\t<meta name=\"twitter:label2\" content=\"Tempo estimado de leitura\" \/>\n\t<meta name=\"twitter:data2\" content=\"1 minuto\" \/>\n<script type=\"application\/ld+json\" class=\"yoast-schema-graph\">{\"@context\":\"https:\\\/\\\/schema.org\",\"@graph\":[{\"@type\":\"Article\",\"@id\":\"https:\\\/\\\/super-news.info\\\/pt\\\/empresas-da-madeira-gastam-628-milhoes-de-euros-com-remuneracoes-o-jornal-economico\\\/#article\",\"isPartOf\":{\"@id\":\"https:\\\/\\\/super-news.info\\\/pt\\\/empresas-da-madeira-gastam-628-milhoes-de-euros-com-remuneracoes-o-jornal-economico\\\/\"},\"author\":{\"name\":\"super-news\",\"@id\":\"https:\\\/\\\/super-news.info\\\/pt\\\/#\\\/schema\\\/person\\\/2d4068cb2f39cd10008c2fce578a7356\"},\"headline\":\"Empresas da Madeira gastam 628 milh\u00f5es de euros com remunera\u00e7\u00f5es \u2013 O Jornal Econ\u00f3mico\",\"datePublished\":\"2019-05-17T07:05:10+00:00\",\"mainEntityOfPage\":{\"@id\":\"https:\\\/\\\/super-news.info\\\/pt\\\/empresas-da-madeira-gastam-628-milhoes-de-euros-com-remuneracoes-o-jornal-economico\\\/\"},\"wordCount\":132,\"commentCount\":0,\"image\":{\"@id\":\"https:\\\/\\\/super-news.info\\\/pt\\\/empresas-da-madeira-gastam-628-milhoes-de-euros-com-remuneracoes-o-jornal-economico\\\/#primaryimage\"},\"thumbnailUrl\":\"http:\\\/\\\/super-news.info\\\/pt\\\/wp-content\\\/uploads\\\/sites\\\/2\\\/2019\\\/05\\\/Empresas-da-Madeira-gastam-628-milhoes-de-euros-com-remuneracoes.pt.png\",\"articleSection\":[\"NOT\u00cdCIAS FINANCEIRAS\"],\"inLanguage\":\"pt-PT\",\"potentialAction\":[{\"@type\":\"CommentAction\",\"name\":\"Comment\",\"target\":[\"https:\\\/\\\/super-news.info\\\/pt\\\/empresas-da-madeira-gastam-628-milhoes-de-euros-com-remuneracoes-o-jornal-economico\\\/#respond\"]}]},{\"@type\":\"WebPage\",\"@id\":\"https:\\\/\\\/super-news.info\\\/pt\\\/empresas-da-madeira-gastam-628-milhoes-de-euros-com-remuneracoes-o-jornal-economico\\\/\",\"url\":\"https:\\\/\\\/super-news.info\\\/pt\\\/empresas-da-madeira-gastam-628-milhoes-de-euros-com-remuneracoes-o-jornal-economico\\\/\",\"name\":\"Empresas da Madeira gastam 628 milh\u00f5es de euros com remunera\u00e7\u00f5es \u2013 O Jornal Econ\u00f3mico - Super News\",\"isPartOf\":{\"@id\":\"https:\\\/\\\/super-news.info\\\/pt\\\/#website\"},\"primaryImageOfPage\":{\"@id\":\"https:\\\/\\\/super-news.info\\\/pt\\\/empresas-da-madeira-gastam-628-milhoes-de-euros-com-remuneracoes-o-jornal-economico\\\/#primaryimage\"},\"image\":{\"@id\":\"https:\\\/\\\/super-news.info\\\/pt\\\/empresas-da-madeira-gastam-628-milhoes-de-euros-com-remuneracoes-o-jornal-economico\\\/#primaryimage\"},\"thumbnailUrl\":\"http:\\\/\\\/super-news.info\\\/pt\\\/wp-content\\\/uploads\\\/sites\\\/2\\\/2019\\\/05\\\/Empresas-da-Madeira-gastam-628-milhoes-de-euros-com-remuneracoes.pt.png\",\"datePublished\":\"2019-05-17T07:05:10+00:00\",\"author\":{\"@id\":\"https:\\\/\\\/super-news.info\\\/pt\\\/#\\\/schema\\\/person\\\/2d4068cb2f39cd10008c2fce578a7356\"},\"breadcrumb\":{\"@id\":\"https:\\\/\\\/super-news.info\\\/pt\\\/empresas-da-madeira-gastam-628-milhoes-de-euros-com-remuneracoes-o-jornal-economico\\\/#breadcrumb\"},\"inLanguage\":\"pt-PT\",\"potentialAction\":[{\"@type\":\"ReadAction\",\"target\":[\"https:\\\/\\\/super-news.info\\\/pt\\\/empresas-da-madeira-gastam-628-milhoes-de-euros-com-remuneracoes-o-jornal-economico\\\/\"]}]},{\"@type\":\"ImageObject\",\"inLanguage\":\"pt-PT\",\"@id\":\"https:\\\/\\\/super-news.info\\\/pt\\\/empresas-da-madeira-gastam-628-milhoes-de-euros-com-remuneracoes-o-jornal-economico\\\/#primaryimage\",\"url\":\"http:\\\/\\\/super-news.info\\\/pt\\\/wp-content\\\/uploads\\\/sites\\\/2\\\/2019\\\/05\\\/Empresas-da-Madeira-gastam-628-milhoes-de-euros-com-remuneracoes.pt.png\",\"contentUrl\":\"http:\\\/\\\/super-news.info\\\/pt\\\/wp-content\\\/uploads\\\/sites\\\/2\\\/2019\\\/05\\\/Empresas-da-Madeira-gastam-628-milhoes-de-euros-com-remuneracoes.pt.png\"},{\"@type\":\"BreadcrumbList\",\"@id\":\"https:\\\/\\\/super-news.info\\\/pt\\\/empresas-da-madeira-gastam-628-milhoes-de-euros-com-remuneracoes-o-jornal-economico\\\/#breadcrumb\",\"itemListElement\":[{\"@type\":\"ListItem\",\"position\":1,\"name\":\"\u0413\u043b\u0430\u0432\u043d\u0430\u044f \u0441\u0442\u0440\u0430\u043d\u0438\u0446\u0430\",\"item\":\"https:\\\/\\\/super-news.info\\\/pt\\\/\"},{\"@type\":\"ListItem\",\"position\":2,\"name\":\"Empresas da Madeira gastam 628 milh\u00f5es de euros com remunera\u00e7\u00f5es \u2013 O Jornal Econ\u00f3mico\"}]},{\"@type\":\"WebSite\",\"@id\":\"https:\\\/\\\/super-news.info\\\/pt\\\/#website\",\"url\":\"https:\\\/\\\/super-news.info\\\/pt\\\/\",\"name\":\"Super News\",\"description\":\"Super News Portugal\",\"potentialAction\":[{\"@type\":\"SearchAction\",\"target\":{\"@type\":\"EntryPoint\",\"urlTemplate\":\"https:\\\/\\\/super-news.info\\\/pt\\\/?s={search_term_string}\"},\"query-input\":{\"@type\":\"PropertyValueSpecification\",\"valueRequired\":true,\"valueName\":\"search_term_string\"}}],\"inLanguage\":\"pt-PT\"},{\"@type\":\"Person\",\"@id\":\"https:\\\/\\\/super-news.info\\\/pt\\\/#\\\/schema\\\/person\\\/2d4068cb2f39cd10008c2fce578a7356\",\"name\":\"super-news\",\"image\":{\"@type\":\"ImageObject\",\"inLanguage\":\"pt-PT\",\"@id\":\"https:\\\/\\\/secure.gravatar.com\\\/avatar\\\/64ebac40b93f26a154f8a9b5b6fdccfc46f442b26b3dd6756dbff3bf9dc76fd7?s=96&d=mm&r=g\",\"url\":\"https:\\\/\\\/secure.gravatar.com\\\/avatar\\\/64ebac40b93f26a154f8a9b5b6fdccfc46f442b26b3dd6756dbff3bf9dc76fd7?s=96&d=mm&r=g\",\"contentUrl\":\"https:\\\/\\\/secure.gravatar.com\\\/avatar\\\/64ebac40b93f26a154f8a9b5b6fdccfc46f442b26b3dd6756dbff3bf9dc76fd7?s=96&d=mm&r=g\",\"caption\":\"super-news\"},\"url\":\"https:\\\/\\\/super-news.info\\\/pt\\\/author\\\/pt\\\/\"}]}<\/script>\n<!-- \/ Yoast SEO plugin. -->","yoast_head_json":{"title":"Empresas da Madeira gastam 628 milh\u00f5es de euros com remunera\u00e7\u00f5es \u2013 O Jornal Econ\u00f3mico - Super News","robots":{"index":"index","follow":"follow","max-snippet":"max-snippet:-1","max-image-preview":"max-image-preview:large","max-video-preview":"max-video-preview:-1"},"canonical":"https:\/\/super-news.info\/pt\/empresas-da-madeira-gastam-628-milhoes-de-euros-com-remuneracoes-o-jornal-economico\/","og_locale":"pt_PT","og_type":"article","og_title":"Empresas da Madeira gastam 628 milh\u00f5es de euros com remunera\u00e7\u00f5es \u2013 O Jornal Econ\u00f3mico - Super News","og_description":"[ad_1] Os gastos com remunera\u00e7\u00f5es chegou aos 628 milh\u00f5es de euros para as empresas da Madeira, em 2017, uma subida substancial face aos 571 milh\u00f5es de euros em per\u00edodo hom\u00f3logo, de acordo com os dados da Dire\u00e7\u00e3o Regional de Estat\u00edstica (DREM). A influenciar este disparo nas remunera\u00e7\u00f5es est\u00e1 o aumento de 25.351 para 26.641 no [&hellip;]","og_url":"https:\/\/super-news.info\/pt\/empresas-da-madeira-gastam-628-milhoes-de-euros-com-remuneracoes-o-jornal-economico\/","og_site_name":"Super News","article_published_time":"2019-05-17T07:05:10+00:00","og_image":[{"url":"http:\/\/super-news.info\/pt\/wp-content\/uploads\/sites\/2\/2019\/05\/Empresas-da-Madeira-gastam-628-milhoes-de-euros-com-remuneracoes.pt.png","type":"","width":"","height":""}],"author":"super-news","twitter_card":"summary_large_image","twitter_misc":{"Escrito por":"super-news","Tempo estimado de leitura":"1 minuto"},"schema":{"@context":"https:\/\/schema.org","@graph":[{"@type":"Article","@id":"https:\/\/super-news.info\/pt\/empresas-da-madeira-gastam-628-milhoes-de-euros-com-remuneracoes-o-jornal-economico\/#article","isPartOf":{"@id":"https:\/\/super-news.info\/pt\/empresas-da-madeira-gastam-628-milhoes-de-euros-com-remuneracoes-o-jornal-economico\/"},"author":{"name":"super-news","@id":"https:\/\/super-news.info\/pt\/#\/schema\/person\/2d4068cb2f39cd10008c2fce578a7356"},"headline":"Empresas da Madeira gastam 628 milh\u00f5es de euros com remunera\u00e7\u00f5es \u2013 O Jornal Econ\u00f3mico","datePublished":"2019-05-17T07:05:10+00:00","mainEntityOfPage":{"@id":"https:\/\/super-news.info\/pt\/empresas-da-madeira-gastam-628-milhoes-de-euros-com-remuneracoes-o-jornal-economico\/"},"wordCount":132,"commentCount":0,"image":{"@id":"https:\/\/super-news.info\/pt\/empresas-da-madeira-gastam-628-milhoes-de-euros-com-remuneracoes-o-jornal-economico\/#primaryimage"},"thumbnailUrl":"http:\/\/super-news.info\/pt\/wp-content\/uploads\/sites\/2\/2019\/05\/Empresas-da-Madeira-gastam-628-milhoes-de-euros-com-remuneracoes.pt.png","articleSection":["NOT\u00cdCIAS FINANCEIRAS"],"inLanguage":"pt-PT","potentialAction":[{"@type":"CommentAction","name":"Comment","target":["https:\/\/super-news.info\/pt\/empresas-da-madeira-gastam-628-milhoes-de-euros-com-remuneracoes-o-jornal-economico\/#respond"]}]},{"@type":"WebPage","@id":"https:\/\/super-news.info\/pt\/empresas-da-madeira-gastam-628-milhoes-de-euros-com-remuneracoes-o-jornal-economico\/","url":"https:\/\/super-news.info\/pt\/empresas-da-madeira-gastam-628-milhoes-de-euros-com-remuneracoes-o-jornal-economico\/","name":"Empresas da Madeira gastam 628 milh\u00f5es de euros com remunera\u00e7\u00f5es \u2013 O Jornal Econ\u00f3mico - Super News","isPartOf":{"@id":"https:\/\/super-news.info\/pt\/#website"},"primaryImageOfPage":{"@id":"https:\/\/super-news.info\/pt\/empresas-da-madeira-gastam-628-milhoes-de-euros-com-remuneracoes-o-jornal-economico\/#primaryimage"},"image":{"@id":"https:\/\/super-news.info\/pt\/empresas-da-madeira-gastam-628-milhoes-de-euros-com-remuneracoes-o-jornal-economico\/#primaryimage"},"thumbnailUrl":"http:\/\/super-news.info\/pt\/wp-content\/uploads\/sites\/2\/2019\/05\/Empresas-da-Madeira-gastam-628-milhoes-de-euros-com-remuneracoes.pt.png","datePublished":"2019-05-17T07:05:10+00:00","author":{"@id":"https:\/\/super-news.info\/pt\/#\/schema\/person\/2d4068cb2f39cd10008c2fce578a7356"},"breadcrumb":{"@id":"https:\/\/super-news.info\/pt\/empresas-da-madeira-gastam-628-milhoes-de-euros-com-remuneracoes-o-jornal-economico\/#breadcrumb"},"inLanguage":"pt-PT","potentialAction":[{"@type":"ReadAction","target":["https:\/\/super-news.info\/pt\/empresas-da-madeira-gastam-628-milhoes-de-euros-com-remuneracoes-o-jornal-economico\/"]}]},{"@type":"ImageObject","inLanguage":"pt-PT","@id":"https:\/\/super-news.info\/pt\/empresas-da-madeira-gastam-628-milhoes-de-euros-com-remuneracoes-o-jornal-economico\/#primaryimage","url":"http:\/\/super-news.info\/pt\/wp-content\/uploads\/sites\/2\/2019\/05\/Empresas-da-Madeira-gastam-628-milhoes-de-euros-com-remuneracoes.pt.png","contentUrl":"http:\/\/super-news.info\/pt\/wp-content\/uploads\/sites\/2\/2019\/05\/Empresas-da-Madeira-gastam-628-milhoes-de-euros-com-remuneracoes.pt.png"},{"@type":"BreadcrumbList","@id":"https:\/\/super-news.info\/pt\/empresas-da-madeira-gastam-628-milhoes-de-euros-com-remuneracoes-o-jornal-economico\/#breadcrumb","itemListElement":[{"@type":"ListItem","position":1,"name":"\u0413\u043b\u0430\u0432\u043d\u0430\u044f \u0441\u0442\u0440\u0430\u043d\u0438\u0446\u0430","item":"https:\/\/super-news.info\/pt\/"},{"@type":"ListItem","position":2,"name":"Empresas da Madeira gastam 628 milh\u00f5es de euros com remunera\u00e7\u00f5es \u2013 O Jornal Econ\u00f3mico"}]},{"@type":"WebSite","@id":"https:\/\/super-news.info\/pt\/#website","url":"https:\/\/super-news.info\/pt\/","name":"Super News","description":"Super News Portugal","potentialAction":[{"@type":"SearchAction","target":{"@type":"EntryPoint","urlTemplate":"https:\/\/super-news.info\/pt\/?s={search_term_string}"},"query-input":{"@type":"PropertyValueSpecification","valueRequired":true,"valueName":"search_term_string"}}],"inLanguage":"pt-PT"},{"@type":"Person","@id":"https:\/\/super-news.info\/pt\/#\/schema\/person\/2d4068cb2f39cd10008c2fce578a7356","name":"super-news","image":{"@type":"ImageObject","inLanguage":"pt-PT","@id":"https:\/\/secure.gravatar.com\/avatar\/64ebac40b93f26a154f8a9b5b6fdccfc46f442b26b3dd6756dbff3bf9dc76fd7?s=96&d=mm&r=g","url":"https:\/\/secure.gravatar.com\/avatar\/64ebac40b93f26a154f8a9b5b6fdccfc46f442b26b3dd6756dbff3bf9dc76fd7?s=96&d=mm&r=g","contentUrl":"https:\/\/secure.gravatar.com\/avatar\/64ebac40b93f26a154f8a9b5b6fdccfc46f442b26b3dd6756dbff3bf9dc76fd7?s=96&d=mm&r=g","caption":"super-news"},"url":"https:\/\/super-news.info\/pt\/author\/pt\/"}]}},"_links":{"self":[{"href":"https:\/\/super-news.info\/pt\/wp-json\/wp\/v2\/posts\/1588","targetHints":{"allow":["GET"]}}],"collection":[{"href":"https:\/\/super-news.info\/pt\/wp-json\/wp\/v2\/posts"}],"about":[{"href":"https:\/\/super-news.info\/pt\/wp-json\/wp\/v2\/types\/post"}],"author":[{"embeddable":true,"href":"https:\/\/super-news.info\/pt\/wp-json\/wp\/v2\/users\/2"}],"replies":[{"embeddable":true,"href":"https:\/\/super-news.info\/pt\/wp-json\/wp\/v2\/comments?post=1588"}],"version-history":[{"count":0,"href":"https:\/\/super-news.info\/pt\/wp-json\/wp\/v2\/posts\/1588\/revisions"}],"wp:attachment":[{"href":"https:\/\/super-news.info\/pt\/wp-json\/wp\/v2\/media?parent=1588"}],"wp:term":[{"taxonomy":"category","embeddable":true,"href":"https:\/\/super-news.info\/pt\/wp-json\/wp\/v2\/categories?post=1588"},{"taxonomy":"post_tag","embeddable":true,"href":"https:\/\/super-news.info\/pt\/wp-json\/wp\/v2\/tags?post=1588"}],"curies":[{"name":"wp","href":"https:\/\/api.w.org\/{rel}","templated":true}]}}