{"id":1587,"date":"2019-05-17T03:21:20","date_gmt":"2019-05-17T00:21:20","guid":{"rendered":"https:\/\/super-news.info\/pt\/o-apelo-do-mel-e-a-carga-fiscal-o-jornal-economico\/"},"modified":"2019-05-17T03:21:20","modified_gmt":"2019-05-17T00:21:20","slug":"o-apelo-do-mel-e-a-carga-fiscal-o-jornal-economico","status":"publish","type":"post","link":"https:\/\/super-news.info\/pt\/o-apelo-do-mel-e-a-carga-fiscal-o-jornal-economico\/","title":{"rendered":"O apelo do mel e a carga fiscal \u2013 O Jornal Econ\u00f3mico"},"content":{"rendered":"<p> [ad_1]<br \/>\n<\/p>\n<div>\n<p>Um urso pardo atravessou a fronteira e devorou 50 quilos de mel, pertencentes a um apicultor de Montesinho. Depois, regressou a Espanha de onde viera. Deu que falar. Tanto nas redes sociais como nos \u00f3rg\u00e3os de comunica\u00e7\u00e3o social. Em simult\u00e2neo com as not\u00edcias sobre o regresso do urso, o Instituto Nacional de Estat\u00edstica divulgou que em 2018 a carga fiscal imposta aos portugueses foi equivalente a 35,4% do nosso PIB, um crescimento no encaixe fiscal de 6,5%, em termos nominais. Em suma, a maior carga fiscal de sempre. O Estado arrecadou 71,4 mil milh\u00f5es de euros, sendo que os maiores contributos vieram do IVA e do IRS e que o imposto sobre o consumo subiu mais de mil milh\u00f5es de euros.<\/p>\n<p>Esta inusitada carga fiscal, tal como o CDS denunciou em sede de debate parlamentar, coincide com a pol\u00edtica de desinvestimento p\u00fablico levada a cabo pelo Governo socialista, com os efeitos altamente nefastos que essa decis\u00e3o tem comprovado na decad\u00eancia da rede ferrovi\u00e1ria, as chocantes not\u00edcias que quotidianamente surgem associadas \u00e0s dificuldades grav\u00edssimas para a gest\u00e3o dos hospitais p\u00fablicos enfrentadas pelo Servi\u00e7o Nacional de Sa\u00fade e a decad\u00eancia geral da qualidade dos servi\u00e7os p\u00fablicos.<\/p>\n<p>Uma situa\u00e7\u00e3o que, ali\u00e1s, \u00e9 espelhada a n\u00edvel aut\u00e1rquico na C\u00e2mara Municipal de Lisboa \u2013 na qualidade de vereador, n\u00e3o me tenho cansado de real\u00e7ar desde o mandato anterior. Fernando Medina aumenta as taxas e taxinhas por um lado e, por outro, insiste na repeti\u00e7\u00e3o de modelos de concurso p\u00fablico lesivos para as contas da CML, como \u00e9 bem exemplo o an\u00fancio de mais um concurso p\u00fablico num valor que pode ascender a mais 50 milh\u00f5es de euros para o fornecimento de bicicletas, ap\u00f3s a fal\u00eancia desse mesmo modelo de neg\u00f3cio comprovado pela rescis\u00e3o com a empresa \u00d3rbita.<\/p>\n<p>\u00c9 evidente que o comportamento do Governo \u00e9 o mesmo que o do urso pardo. Ataca o mel dos cidad\u00e3os contribuintes e vai-se embora, deixando nas colmeias \u2013 que s\u00e3o aqui a met\u00e1fora das micro e pequenas empresas e das fam\u00edlias \u2013 um rasto de desola\u00e7\u00e3o. O <em>spin <\/em>de Ant\u00f3nio Costa \u00e9 facilmente desmontado pela realidade dos factos. Afirma o primeiro-ministro que a receita fiscal subiu apenas porque a economia melhorou.<\/p>\n<p>Tal fal\u00e1cia \u00e9 desmontada todas as semanas pelos relat\u00f3rios da UTAO, pelos alertas expressos nos bar\u00f3metros trimestrais da Ordem dos Economistas, pela retra\u00e7\u00e3o do investimento publicit\u00e1rio, pelas dificuldades partilhadas pelas empresas que se refletem j\u00e1 no n\u00famero de encomendas dos seus produtos. A tudo isto Ant\u00f3nio Costa responde com o mesmo otimismo desenraizado da realidade a que j\u00e1 assistimos no passado com Jos\u00e9 S\u00f3crates e que deu no que deu. Todos os receios que possamos ter s\u00e3o, infelizmente, mais do que justificados.<\/p>\n<p>\u00a0<\/p>\n<p> <img loading=\"lazy\" decoding=\"async\" class=\"alignnone  wp-image-443170\" src=\"https:\/\/super-news.info\/pt\/wp-content\/uploads\/sites\/2\/2019\/05\/O-apelo-do-mel-e-a-carga-fiscal-\u2013-O.jpg\" alt=\"\" width=\"251\" height=\"157\"\/><\/p>\n<p><span style=\"font-size: 10pt;\">J\u00e1 aqui falei v\u00e1rias vezes da Caixa Geral de Dep\u00f3sitos. A recente audi\u00eancia de Berardo em comiss\u00e3o parlamentar foi confrangedora em mais do que um aspeto. A come\u00e7ar por, mais uma vez, ter demonstrado como o banco p\u00fablico \u2013 em especial quando gerido por Carlos Santos Ferreira e Armando Vara \u2013 tratou o dinheiro dos contribuintes. Sem que a CGD lhe tenha pedido avais pessoais para os cr\u00e9ditos que deu, \u00e9 chocante mas n\u00e3o surpreendente que Berardo agora se ria de todos n\u00f3s.<\/span><\/p>\n<\/div>\n<p><script>function facebookInit(){var js=document.createElement('script');js.src='https:\/\/connect.facebook.net\/pt_PT\/sdk.js#xfbml=1&version=v3.1&appId=1708066812789184&autoLogAppEvents=1';return document.body.appendChild(js);}\nwindow.onscroll=function(){var rect=document.getElementsByClassName('je-post-content')[0].getBoundingClientRect();if(rect.bottom<window.innerHeight){facebookInit();window.onscroll=null;}}<\/script><br \/>\n<br \/>[ad_2]<br \/>\n<br \/><a href=\"https:\/\/jornaleconomico.sapo.pt\/noticias\/o-apelo-do-mel-e-a-carga-fiscal-445509\">Source link <\/a><\/p>\n","protected":false},"excerpt":{"rendered":"<p>[ad_1] Um urso pardo atravessou a fronteira e devorou 50 quilos de mel, pertencentes a um apicultor de Montesinho. Depois, regressou a Espanha de onde viera. Deu que falar. Tanto nas redes sociais como nos \u00f3rg\u00e3os de comunica\u00e7\u00e3o social. Em simult\u00e2neo com as not\u00edcias sobre o regresso do urso, o Instituto Nacional de Estat\u00edstica divulgou [&hellip;]<\/p>\n","protected":false},"author":2,"featured_media":0,"comment_status":"open","ping_status":"open","sticky":false,"template":"","format":"standard","meta":{"footnotes":""},"categories":[1],"tags":[],"class_list":["post-1587","post","type-post","status-publish","format-standard","hentry","category-noticias-financeiras"],"yoast_head":"<!-- This site is optimized with the Yoast SEO plugin v27.4 - https:\/\/yoast.com\/product\/yoast-seo-wordpress\/ -->\n<title>O apelo do mel e a carga fiscal \u2013 O Jornal Econ\u00f3mico - Super News<\/title>\n<meta name=\"robots\" content=\"index, follow, max-snippet:-1, max-image-preview:large, max-video-preview:-1\" \/>\n<link rel=\"canonical\" href=\"https:\/\/super-news.info\/pt\/o-apelo-do-mel-e-a-carga-fiscal-o-jornal-economico\/\" \/>\n<meta property=\"og:locale\" content=\"pt_PT\" \/>\n<meta property=\"og:type\" content=\"article\" \/>\n<meta property=\"og:title\" content=\"O apelo do mel e a carga fiscal \u2013 O Jornal Econ\u00f3mico - Super News\" \/>\n<meta property=\"og:description\" content=\"[ad_1] Um urso pardo atravessou a fronteira e devorou 50 quilos de mel, pertencentes a um apicultor de Montesinho. Depois, regressou a Espanha de onde viera. Deu que falar. Tanto nas redes sociais como nos \u00f3rg\u00e3os de comunica\u00e7\u00e3o social. Em simult\u00e2neo com as not\u00edcias sobre o regresso do urso, o Instituto Nacional de Estat\u00edstica divulgou [&hellip;]\" \/>\n<meta property=\"og:url\" content=\"https:\/\/super-news.info\/pt\/o-apelo-do-mel-e-a-carga-fiscal-o-jornal-economico\/\" \/>\n<meta property=\"og:site_name\" content=\"Super News\" \/>\n<meta property=\"article:published_time\" content=\"2019-05-17T00:21:20+00:00\" \/>\n<meta name=\"author\" content=\"super-news\" \/>\n<meta name=\"twitter:card\" content=\"summary_large_image\" \/>\n<meta name=\"twitter:label1\" content=\"Escrito por\" \/>\n\t<meta name=\"twitter:data1\" content=\"super-news\" \/>\n\t<meta name=\"twitter:label2\" content=\"Tempo estimado de leitura\" \/>\n\t<meta name=\"twitter:data2\" content=\"3 minutos\" \/>\n<script type=\"application\/ld+json\" class=\"yoast-schema-graph\">{\"@context\":\"https:\\\/\\\/schema.org\",\"@graph\":[{\"@type\":\"Article\",\"@id\":\"https:\\\/\\\/super-news.info\\\/pt\\\/o-apelo-do-mel-e-a-carga-fiscal-o-jornal-economico\\\/#article\",\"isPartOf\":{\"@id\":\"https:\\\/\\\/super-news.info\\\/pt\\\/o-apelo-do-mel-e-a-carga-fiscal-o-jornal-economico\\\/\"},\"author\":{\"name\":\"super-news\",\"@id\":\"https:\\\/\\\/super-news.info\\\/pt\\\/#\\\/schema\\\/person\\\/2d4068cb2f39cd10008c2fce578a7356\"},\"headline\":\"O apelo do mel e a carga fiscal \u2013 O Jornal Econ\u00f3mico\",\"datePublished\":\"2019-05-17T00:21:20+00:00\",\"mainEntityOfPage\":{\"@id\":\"https:\\\/\\\/super-news.info\\\/pt\\\/o-apelo-do-mel-e-a-carga-fiscal-o-jornal-economico\\\/\"},\"wordCount\":587,\"commentCount\":0,\"articleSection\":[\"NOT\u00cdCIAS FINANCEIRAS\"],\"inLanguage\":\"pt-PT\",\"potentialAction\":[{\"@type\":\"CommentAction\",\"name\":\"Comment\",\"target\":[\"https:\\\/\\\/super-news.info\\\/pt\\\/o-apelo-do-mel-e-a-carga-fiscal-o-jornal-economico\\\/#respond\"]}]},{\"@type\":\"WebPage\",\"@id\":\"https:\\\/\\\/super-news.info\\\/pt\\\/o-apelo-do-mel-e-a-carga-fiscal-o-jornal-economico\\\/\",\"url\":\"https:\\\/\\\/super-news.info\\\/pt\\\/o-apelo-do-mel-e-a-carga-fiscal-o-jornal-economico\\\/\",\"name\":\"O apelo do mel e a carga fiscal \u2013 O Jornal Econ\u00f3mico - Super News\",\"isPartOf\":{\"@id\":\"https:\\\/\\\/super-news.info\\\/pt\\\/#website\"},\"datePublished\":\"2019-05-17T00:21:20+00:00\",\"author\":{\"@id\":\"https:\\\/\\\/super-news.info\\\/pt\\\/#\\\/schema\\\/person\\\/2d4068cb2f39cd10008c2fce578a7356\"},\"breadcrumb\":{\"@id\":\"https:\\\/\\\/super-news.info\\\/pt\\\/o-apelo-do-mel-e-a-carga-fiscal-o-jornal-economico\\\/#breadcrumb\"},\"inLanguage\":\"pt-PT\",\"potentialAction\":[{\"@type\":\"ReadAction\",\"target\":[\"https:\\\/\\\/super-news.info\\\/pt\\\/o-apelo-do-mel-e-a-carga-fiscal-o-jornal-economico\\\/\"]}]},{\"@type\":\"BreadcrumbList\",\"@id\":\"https:\\\/\\\/super-news.info\\\/pt\\\/o-apelo-do-mel-e-a-carga-fiscal-o-jornal-economico\\\/#breadcrumb\",\"itemListElement\":[{\"@type\":\"ListItem\",\"position\":1,\"name\":\"\u0413\u043b\u0430\u0432\u043d\u0430\u044f \u0441\u0442\u0440\u0430\u043d\u0438\u0446\u0430\",\"item\":\"https:\\\/\\\/super-news.info\\\/pt\\\/\"},{\"@type\":\"ListItem\",\"position\":2,\"name\":\"O apelo do mel e a carga fiscal \u2013 O Jornal Econ\u00f3mico\"}]},{\"@type\":\"WebSite\",\"@id\":\"https:\\\/\\\/super-news.info\\\/pt\\\/#website\",\"url\":\"https:\\\/\\\/super-news.info\\\/pt\\\/\",\"name\":\"Super News\",\"description\":\"Super News Portugal\",\"potentialAction\":[{\"@type\":\"SearchAction\",\"target\":{\"@type\":\"EntryPoint\",\"urlTemplate\":\"https:\\\/\\\/super-news.info\\\/pt\\\/?s={search_term_string}\"},\"query-input\":{\"@type\":\"PropertyValueSpecification\",\"valueRequired\":true,\"valueName\":\"search_term_string\"}}],\"inLanguage\":\"pt-PT\"},{\"@type\":\"Person\",\"@id\":\"https:\\\/\\\/super-news.info\\\/pt\\\/#\\\/schema\\\/person\\\/2d4068cb2f39cd10008c2fce578a7356\",\"name\":\"super-news\",\"image\":{\"@type\":\"ImageObject\",\"inLanguage\":\"pt-PT\",\"@id\":\"https:\\\/\\\/secure.gravatar.com\\\/avatar\\\/64ebac40b93f26a154f8a9b5b6fdccfc46f442b26b3dd6756dbff3bf9dc76fd7?s=96&d=mm&r=g\",\"url\":\"https:\\\/\\\/secure.gravatar.com\\\/avatar\\\/64ebac40b93f26a154f8a9b5b6fdccfc46f442b26b3dd6756dbff3bf9dc76fd7?s=96&d=mm&r=g\",\"contentUrl\":\"https:\\\/\\\/secure.gravatar.com\\\/avatar\\\/64ebac40b93f26a154f8a9b5b6fdccfc46f442b26b3dd6756dbff3bf9dc76fd7?s=96&d=mm&r=g\",\"caption\":\"super-news\"},\"url\":\"https:\\\/\\\/super-news.info\\\/pt\\\/author\\\/pt\\\/\"}]}<\/script>\n<!-- \/ Yoast SEO plugin. -->","yoast_head_json":{"title":"O apelo do mel e a carga fiscal \u2013 O Jornal Econ\u00f3mico - Super News","robots":{"index":"index","follow":"follow","max-snippet":"max-snippet:-1","max-image-preview":"max-image-preview:large","max-video-preview":"max-video-preview:-1"},"canonical":"https:\/\/super-news.info\/pt\/o-apelo-do-mel-e-a-carga-fiscal-o-jornal-economico\/","og_locale":"pt_PT","og_type":"article","og_title":"O apelo do mel e a carga fiscal \u2013 O Jornal Econ\u00f3mico - Super News","og_description":"[ad_1] Um urso pardo atravessou a fronteira e devorou 50 quilos de mel, pertencentes a um apicultor de Montesinho. Depois, regressou a Espanha de onde viera. Deu que falar. Tanto nas redes sociais como nos \u00f3rg\u00e3os de comunica\u00e7\u00e3o social. Em simult\u00e2neo com as not\u00edcias sobre o regresso do urso, o Instituto Nacional de Estat\u00edstica divulgou [&hellip;]","og_url":"https:\/\/super-news.info\/pt\/o-apelo-do-mel-e-a-carga-fiscal-o-jornal-economico\/","og_site_name":"Super News","article_published_time":"2019-05-17T00:21:20+00:00","author":"super-news","twitter_card":"summary_large_image","twitter_misc":{"Escrito por":"super-news","Tempo estimado de leitura":"3 minutos"},"schema":{"@context":"https:\/\/schema.org","@graph":[{"@type":"Article","@id":"https:\/\/super-news.info\/pt\/o-apelo-do-mel-e-a-carga-fiscal-o-jornal-economico\/#article","isPartOf":{"@id":"https:\/\/super-news.info\/pt\/o-apelo-do-mel-e-a-carga-fiscal-o-jornal-economico\/"},"author":{"name":"super-news","@id":"https:\/\/super-news.info\/pt\/#\/schema\/person\/2d4068cb2f39cd10008c2fce578a7356"},"headline":"O apelo do mel e a carga fiscal \u2013 O Jornal Econ\u00f3mico","datePublished":"2019-05-17T00:21:20+00:00","mainEntityOfPage":{"@id":"https:\/\/super-news.info\/pt\/o-apelo-do-mel-e-a-carga-fiscal-o-jornal-economico\/"},"wordCount":587,"commentCount":0,"articleSection":["NOT\u00cdCIAS FINANCEIRAS"],"inLanguage":"pt-PT","potentialAction":[{"@type":"CommentAction","name":"Comment","target":["https:\/\/super-news.info\/pt\/o-apelo-do-mel-e-a-carga-fiscal-o-jornal-economico\/#respond"]}]},{"@type":"WebPage","@id":"https:\/\/super-news.info\/pt\/o-apelo-do-mel-e-a-carga-fiscal-o-jornal-economico\/","url":"https:\/\/super-news.info\/pt\/o-apelo-do-mel-e-a-carga-fiscal-o-jornal-economico\/","name":"O apelo do mel e a carga fiscal \u2013 O Jornal Econ\u00f3mico - Super News","isPartOf":{"@id":"https:\/\/super-news.info\/pt\/#website"},"datePublished":"2019-05-17T00:21:20+00:00","author":{"@id":"https:\/\/super-news.info\/pt\/#\/schema\/person\/2d4068cb2f39cd10008c2fce578a7356"},"breadcrumb":{"@id":"https:\/\/super-news.info\/pt\/o-apelo-do-mel-e-a-carga-fiscal-o-jornal-economico\/#breadcrumb"},"inLanguage":"pt-PT","potentialAction":[{"@type":"ReadAction","target":["https:\/\/super-news.info\/pt\/o-apelo-do-mel-e-a-carga-fiscal-o-jornal-economico\/"]}]},{"@type":"BreadcrumbList","@id":"https:\/\/super-news.info\/pt\/o-apelo-do-mel-e-a-carga-fiscal-o-jornal-economico\/#breadcrumb","itemListElement":[{"@type":"ListItem","position":1,"name":"\u0413\u043b\u0430\u0432\u043d\u0430\u044f \u0441\u0442\u0440\u0430\u043d\u0438\u0446\u0430","item":"https:\/\/super-news.info\/pt\/"},{"@type":"ListItem","position":2,"name":"O apelo do mel e a carga fiscal \u2013 O Jornal Econ\u00f3mico"}]},{"@type":"WebSite","@id":"https:\/\/super-news.info\/pt\/#website","url":"https:\/\/super-news.info\/pt\/","name":"Super News","description":"Super News Portugal","potentialAction":[{"@type":"SearchAction","target":{"@type":"EntryPoint","urlTemplate":"https:\/\/super-news.info\/pt\/?s={search_term_string}"},"query-input":{"@type":"PropertyValueSpecification","valueRequired":true,"valueName":"search_term_string"}}],"inLanguage":"pt-PT"},{"@type":"Person","@id":"https:\/\/super-news.info\/pt\/#\/schema\/person\/2d4068cb2f39cd10008c2fce578a7356","name":"super-news","image":{"@type":"ImageObject","inLanguage":"pt-PT","@id":"https:\/\/secure.gravatar.com\/avatar\/64ebac40b93f26a154f8a9b5b6fdccfc46f442b26b3dd6756dbff3bf9dc76fd7?s=96&d=mm&r=g","url":"https:\/\/secure.gravatar.com\/avatar\/64ebac40b93f26a154f8a9b5b6fdccfc46f442b26b3dd6756dbff3bf9dc76fd7?s=96&d=mm&r=g","contentUrl":"https:\/\/secure.gravatar.com\/avatar\/64ebac40b93f26a154f8a9b5b6fdccfc46f442b26b3dd6756dbff3bf9dc76fd7?s=96&d=mm&r=g","caption":"super-news"},"url":"https:\/\/super-news.info\/pt\/author\/pt\/"}]}},"_links":{"self":[{"href":"https:\/\/super-news.info\/pt\/wp-json\/wp\/v2\/posts\/1587","targetHints":{"allow":["GET"]}}],"collection":[{"href":"https:\/\/super-news.info\/pt\/wp-json\/wp\/v2\/posts"}],"about":[{"href":"https:\/\/super-news.info\/pt\/wp-json\/wp\/v2\/types\/post"}],"author":[{"embeddable":true,"href":"https:\/\/super-news.info\/pt\/wp-json\/wp\/v2\/users\/2"}],"replies":[{"embeddable":true,"href":"https:\/\/super-news.info\/pt\/wp-json\/wp\/v2\/comments?post=1587"}],"version-history":[{"count":0,"href":"https:\/\/super-news.info\/pt\/wp-json\/wp\/v2\/posts\/1587\/revisions"}],"wp:attachment":[{"href":"https:\/\/super-news.info\/pt\/wp-json\/wp\/v2\/media?parent=1587"}],"wp:term":[{"taxonomy":"category","embeddable":true,"href":"https:\/\/super-news.info\/pt\/wp-json\/wp\/v2\/categories?post=1587"},{"taxonomy":"post_tag","embeddable":true,"href":"https:\/\/super-news.info\/pt\/wp-json\/wp\/v2\/tags?post=1587"}],"curies":[{"name":"wp","href":"https:\/\/api.w.org\/{rel}","templated":true}]}}