{"id":1580,"date":"2019-05-16T20:10:32","date_gmt":"2019-05-16T17:10:32","guid":{"rendered":"https:\/\/super-news.info\/pt\/e-assim-a-vida-das-familias-portuguesas-o-jornal-economico\/"},"modified":"2019-05-16T20:10:33","modified_gmt":"2019-05-16T17:10:33","slug":"e-assim-a-vida-das-familias-portuguesas-o-jornal-economico","status":"publish","type":"post","link":"https:\/\/super-news.info\/pt\/e-assim-a-vida-das-familias-portuguesas-o-jornal-economico\/","title":{"rendered":"\u00c9 assim a vida das fam\u00edlias portuguesas \u2013 O Jornal Econ\u00f3mico"},"content":{"rendered":"<p> [ad_1]<br \/>\n<\/p>\n<div>\n<p>Um dia de cada vez: \u00e9 assim a vida de 77% das fam\u00edlias portuguesas, para quem as\u00a0dificuldades econ\u00f3micas\u00a0fazem parte do quotidiano. O n\u00famero impressiona. Mas o cen\u00e1rio \u00e9 mais pessimista:\u00a07%, ou seja, cerca de 300 mil fam\u00edlias, vivem em situa\u00e7\u00e3o de pobreza. A conclus\u00e3o \u00e9 do\u00a0primeiro Bar\u00f3metro DECO PROTESTE, que avaliou o n\u00edvel de vida com base na facilidade que estas t\u00eam ou n\u00e3o em fazer face a seis grandes conjuntos de despesas:\u00a0habita\u00e7\u00e3o, sa\u00fade, alimenta\u00e7\u00e3o, educa\u00e7\u00e3o, mobilidade e tempos livres.<\/p>\n<p>Do total de 1998 respostas, tratadas estatisticamente para fazer um retrato da realidade nacional, apenas 23% dos inquiridos admitem viver com conforto. Este exerc\u00edcio estendeu-se a outros pa\u00edses europeus, onde a percentagem de agregados com dificuldades tamb\u00e9m \u00e9 elevada (61%, na B\u00e9lgica e 75%, em It\u00e1lia e Espanha). Portugal fica pior na fotografia.<\/p>\n<p><strong>Muitas contas \u00e0 vida<br \/><\/strong>Na qualidade de vida, para a generalidade dos portugueses, a habita\u00e7\u00e3o, a sa\u00fade e a alimenta\u00e7\u00e3o s\u00e3o as \u00e1reas que ocupam os lugares cimeiros. Mas fazer face a estas despesas \u00e9 motivo de ins\u00f3nias para uma grande percentagem de fam\u00edlias (46%, 45% e 32%, respetivamente).<\/p>\n<p>Desdobr\u00e1mos estas rubricas em v\u00e1rios itens, o que permitiu identificar as despesas que mais fazem tremer a estabilidade dos portugueses: na\u00a0habita\u00e7\u00e3o, a\u00a0manuten\u00e7\u00e3o\u00a0\u00e9 um encargo que 55% t\u00eam dificuldade em pagar e, para quase 50%, as\u00a0contas da luz, da \u00e1gua e do g\u00e1s\u00a0tamb\u00e9m s\u00e3o fonte de preocupa\u00e7\u00e3o.<\/p>\n<p>Na\u00a0sa\u00fade, os constrangimentos atingem 45% das fam\u00edlias. As idas ao dentista s\u00e3o sacrificadas: 59% das fam\u00edlias t\u00eam bastantes dificuldades em suportar os encargos com a\u00a0sa\u00fade oral.\u00a0Despesas com \u00f3culos e aparelhos auditivos\u00a0n\u00e3o ficam atr\u00e1s: fazer face a esta despesa \u00e9 exerc\u00edcio de contorcionismo para a maioria (59 por cento).<\/p>\n<p>Os n\u00fameros s\u00e3o menos expressivos na\u00a0alimenta\u00e7\u00e3o, mas preocupantes: a maioria afirma n\u00e3o ter dificuldades em p\u00f4r comida na mesa, mas quase um ter\u00e7o das fam\u00edlias t\u00eam de fazer restri\u00e7\u00f5es.<\/p>\n<p>Na\u00a0mobilidade, 47% dos inquiridos enfrentam dificuldades e isso deve-se aos encargos com o autom\u00f3vel, uma limita\u00e7\u00e3o para uma elevada percentagem (68 por cento). J\u00e1 no que diz respeito \u00e0s despesas com transportes p\u00fablicos, as dificuldades afetam um quarto dos agregados.\u00a0Para 32% das fam\u00edlias, est\u00e1 longe de ser f\u00e1cil arcar com as\u00a0despesas de educa\u00e7\u00e3o, sobretudo do ensino superior. A maioria das fam\u00edlias n\u00e3o tem grande margem para gastos al\u00e9m das despesas correntes. Para 47%,\u00a0lazer e cultura s\u00e3o luxos dif\u00edceis de financiar. Para dois ter\u00e7os, fazer f\u00e9rias fora de casa \u00e9 uma miragem. E at\u00e9 as escapadinhas de fim de semana ficam fora do radar de 60% das fam\u00edlias.<\/p>\n<p>Poupar\u00a0\u00e9 tamb\u00e9m tarefa praticamente imposs\u00edvel para 80% das fam\u00edlias.<\/p>\n<p><strong>Zoom \u00e0s fam\u00edlias<\/strong><\/p>\n<p>Fech\u00e1mos o \u00e2ngulo sobre um conjunto de agregados com diferentes composi\u00e7\u00f5es e verific\u00e1mos que, na generalidade, a situa\u00e7\u00e3o n\u00e3o destoa da m\u00e9dia nacional. Mas h\u00e1 casos em que os n\u00fameros s\u00e3o avassaladores: entre as fam\u00edlias monoparentais, 32% vivem na pobreza e, para cerca de 60%, \u00e9 dif\u00edcil pagar at\u00e9 a conta do supermercado.<\/p>\n<p> <img loading=\"lazy\" decoding=\"async\" class=\"aligncenter wp-image-445463 size-medium\" src=\"https:\/\/super-news.info\/pt\/wp-content\/uploads\/sites\/2\/2019\/05\/1558026631_94_E-assim-a-vida-das-familias-portuguesas-\u2013-O-Jornal.jpg\" alt=\"\" width=\"166\" height=\"300\"\/><img loading=\"lazy\" decoding=\"async\" class=\"aligncenter wp-image-445462 size-medium\" src=\"https:\/\/super-news.info\/pt\/wp-content\/uploads\/sites\/2\/2019\/05\/1558026631_654_E-assim-a-vida-das-familias-portuguesas-\u2013-O-Jornal.jpg\" alt=\"\" width=\"168\" height=\"300\"\/><img loading=\"lazy\" decoding=\"async\" class=\"aligncenter wp-image-445460 size-medium\" src=\"https:\/\/super-news.info\/pt\/wp-content\/uploads\/sites\/2\/2019\/05\/1558026632_857_E-assim-a-vida-das-familias-portuguesas-\u2013-O-Jornal.jpg\" alt=\"\" width=\"170\" height=\"300\"\/><img loading=\"lazy\" decoding=\"async\" class=\"aligncenter wp-image-445459 size-medium\" src=\"https:\/\/super-news.info\/pt\/wp-content\/uploads\/sites\/2\/2019\/05\/1558026632_287_E-assim-a-vida-das-familias-portuguesas-\u2013-O-Jornal.jpg\" alt=\"\" width=\"170\" height=\"300\"\/><\/p>\n<p>\u00a0<\/p>\n<p>A\u00a0casa\u00a0\u00e9 o principal fardo para a maioria destas fam\u00edlias: 60% dos casais jovens sem filhos admitem ter dificuldades em fazer face a este encargo, enquanto para as fam\u00edlias de quatro elementos essa percentagem \u00e9 de 48% e para as pessoas que vivem sozinhas, 40 por cento. Para 73% das fam\u00edlias monoparentais, a\u00a0educa\u00e7\u00e3o\u00a0\u00e9 a despesa que mais pesa, enquanto 41% dos casais de reformados afirmam ter dificuldade em pagar os encargos com a\u00a0sa\u00fade.<\/p>\n<p><strong>\u00cdndice na primeira pessoa<\/strong><br \/>A partir do retrato feito pelas fam\u00edlias sobre a sua capacidade para fazerem face a este conjunto de despesas, cri\u00e1mos um\u00a0\u00edndice\u00a0que reflete o grau de sustentabilidade financeira. Esta foi aferida ao n\u00edvel nacional e regional, de acordo com tr\u00eas n\u00edveis:\u00a0pobreza, dificuldades econ\u00f3micas e conforto.<\/p>\n<p> <img loading=\"lazy\" decoding=\"async\" class=\"aligncenter wp-image-445384 size-full\" src=\"https:\/\/super-news.info\/pt\/wp-content\/uploads\/sites\/2\/2019\/05\/1558026632_363_E-assim-a-vida-das-familias-portuguesas-\u2013-O-Jornal.jpg\" alt=\"\" width=\"500\" height=\"200\"\/><\/p>\n<p><strong>Como calcul\u00e1mos o \u00edndice do Bar\u00f3metro<\/strong><br \/>Para avaliar a\u00a0sustentabilidade financeira das fam\u00edlias, cri\u00e1mos um \u00edndice com base na sua capacidade em fazerem face \u00e0s principais despesas do dia-a-dia.<\/p>\n<p>Este varia entre 0 e 100 e \u00e9 tanto mais elevado quanto maior o conforto dos agregados. Os 51,8 marcaram a fronteira entre o conforto e as dificuldades econ\u00f3micas. J\u00e1 um valor abaixo de 29,7 indica que a popula\u00e7\u00e3o se encontra em\u00a0situa\u00e7\u00e3o de pobreza.<\/p>\n<p>O primeiro\u00a0Bar\u00f3metro DECO PROTESTE\u00a0atribui um \u00edndice de 44,5 a Portugal. Este valor situa a esmagadora maioria das fam\u00edlias no terreno das \u201cdificuldades financeiras\u201d.<\/p>\n<p>O novo\u00a0\u00edndice de sustentabilidade\u00a0permitir\u00e1 tra\u00e7ar a evolu\u00e7\u00e3o do\u00a0n\u00edvel de vida da popula\u00e7\u00e3o. Neste primeiro inqu\u00e9rito, levado a cabo no final de 2018, o cen\u00e1rio retratado pelos portugueses \u00e9 tudo menos risonho, refletindo um quotidiano marcado pelas dificuldades econ\u00f3micas. Mais de metade das fam\u00edlias considera que, em 2019, continuar\u00e1 mais ou menos na mesma, a contar tost\u00f5es. Mas quase um quarto acredita que se avizinha um ano ainda mais dif\u00edcil do que o anterior.<\/p>\n<p>\u00a0<\/p>\n<\/div>\n<p><script>function facebookInit(){var js=document.createElement('script');js.src='https:\/\/connect.facebook.net\/pt_PT\/sdk.js#xfbml=1&version=v3.1&appId=1708066812789184&autoLogAppEvents=1';return document.body.appendChild(js);}\nwindow.onscroll=function(){var rect=document.getElementsByClassName('je-post-content')[0].getBoundingClientRect();if(rect.bottom<window.innerHeight){facebookInit();window.onscroll=null;}}<\/script><br \/>\n<br \/>[ad_2]<br \/>\n<br \/><a href=\"https:\/\/jornaleconomico.sapo.pt\/noticias\/um-dia-de-cada-vez-e-assim-a-vida-das-familias-portuguesas-445371\">Source link <\/a><\/p>\n","protected":false},"excerpt":{"rendered":"<p>[ad_1] Um dia de cada vez: \u00e9 assim a vida de 77% das fam\u00edlias portuguesas, para quem as\u00a0dificuldades econ\u00f3micas\u00a0fazem parte do quotidiano. O n\u00famero impressiona. Mas o cen\u00e1rio \u00e9 mais pessimista:\u00a07%, ou seja, cerca de 300 mil fam\u00edlias, vivem em situa\u00e7\u00e3o de pobreza. A conclus\u00e3o \u00e9 do\u00a0primeiro Bar\u00f3metro DECO PROTESTE, que avaliou o n\u00edvel de [&hellip;]<\/p>\n","protected":false},"author":2,"featured_media":1581,"comment_status":"open","ping_status":"open","sticky":false,"template":"","format":"standard","meta":{"footnotes":""},"categories":[1],"tags":[],"class_list":["post-1580","post","type-post","status-publish","format-standard","has-post-thumbnail","hentry","category-noticias-financeiras"],"yoast_head":"<!-- This site is optimized with the Yoast SEO plugin v27.4 - https:\/\/yoast.com\/product\/yoast-seo-wordpress\/ -->\n<title>\u00c9 assim a vida das fam\u00edlias portuguesas \u2013 O Jornal Econ\u00f3mico - Super News<\/title>\n<meta name=\"robots\" content=\"index, follow, max-snippet:-1, max-image-preview:large, max-video-preview:-1\" \/>\n<link rel=\"canonical\" href=\"https:\/\/super-news.info\/pt\/e-assim-a-vida-das-familias-portuguesas-o-jornal-economico\/\" \/>\n<meta property=\"og:locale\" content=\"pt_PT\" \/>\n<meta property=\"og:type\" content=\"article\" \/>\n<meta property=\"og:title\" content=\"\u00c9 assim a vida das fam\u00edlias portuguesas \u2013 O Jornal Econ\u00f3mico - Super News\" \/>\n<meta property=\"og:description\" content=\"[ad_1] Um dia de cada vez: \u00e9 assim a vida de 77% das fam\u00edlias portuguesas, para quem as\u00a0dificuldades econ\u00f3micas\u00a0fazem parte do quotidiano. O n\u00famero impressiona. Mas o cen\u00e1rio \u00e9 mais pessimista:\u00a07%, ou seja, cerca de 300 mil fam\u00edlias, vivem em situa\u00e7\u00e3o de pobreza. A conclus\u00e3o \u00e9 do\u00a0primeiro Bar\u00f3metro DECO PROTESTE, que avaliou o n\u00edvel de [&hellip;]\" \/>\n<meta property=\"og:url\" content=\"https:\/\/super-news.info\/pt\/e-assim-a-vida-das-familias-portuguesas-o-jornal-economico\/\" \/>\n<meta property=\"og:site_name\" content=\"Super News\" \/>\n<meta property=\"article:published_time\" content=\"2019-05-16T17:10:32+00:00\" \/>\n<meta property=\"article:modified_time\" content=\"2019-05-16T17:10:33+00:00\" \/>\n<meta property=\"og:image\" content=\"https:\/\/super-news.info\/pt\/wp-content\/uploads\/sites\/2\/2019\/05\/\u00c9-assim-a-vida-das-fam\u00edlias-portuguesas-\u2013-O-Jornal.jpg\" \/>\n\t<meta property=\"og:image:width\" content=\"166\" \/>\n\t<meta property=\"og:image:height\" content=\"300\" \/>\n\t<meta property=\"og:image:type\" content=\"image\/jpeg\" \/>\n<meta name=\"author\" content=\"super-news\" \/>\n<meta name=\"twitter:card\" content=\"summary_large_image\" \/>\n<meta name=\"twitter:label1\" content=\"Escrito por\" \/>\n\t<meta name=\"twitter:data1\" content=\"super-news\" \/>\n\t<meta name=\"twitter:label2\" content=\"Tempo estimado de leitura\" \/>\n\t<meta name=\"twitter:data2\" content=\"4 minutos\" \/>\n<script type=\"application\/ld+json\" class=\"yoast-schema-graph\">{\"@context\":\"https:\\\/\\\/schema.org\",\"@graph\":[{\"@type\":\"Article\",\"@id\":\"https:\\\/\\\/super-news.info\\\/pt\\\/e-assim-a-vida-das-familias-portuguesas-o-jornal-economico\\\/#article\",\"isPartOf\":{\"@id\":\"https:\\\/\\\/super-news.info\\\/pt\\\/e-assim-a-vida-das-familias-portuguesas-o-jornal-economico\\\/\"},\"author\":{\"name\":\"super-news\",\"@id\":\"https:\\\/\\\/super-news.info\\\/pt\\\/#\\\/schema\\\/person\\\/2d4068cb2f39cd10008c2fce578a7356\"},\"headline\":\"\u00c9 assim a vida das fam\u00edlias portuguesas \u2013 O Jornal Econ\u00f3mico\",\"datePublished\":\"2019-05-16T17:10:32+00:00\",\"dateModified\":\"2019-05-16T17:10:33+00:00\",\"mainEntityOfPage\":{\"@id\":\"https:\\\/\\\/super-news.info\\\/pt\\\/e-assim-a-vida-das-familias-portuguesas-o-jornal-economico\\\/\"},\"wordCount\":875,\"commentCount\":0,\"image\":{\"@id\":\"https:\\\/\\\/super-news.info\\\/pt\\\/e-assim-a-vida-das-familias-portuguesas-o-jornal-economico\\\/#primaryimage\"},\"thumbnailUrl\":\"https:\\\/\\\/super-news.info\\\/pt\\\/wp-content\\\/uploads\\\/sites\\\/2\\\/2019\\\/05\\\/\u00c9-assim-a-vida-das-fam\u00edlias-portuguesas-\u2013-O-Jornal.jpg\",\"articleSection\":[\"NOT\u00cdCIAS FINANCEIRAS\"],\"inLanguage\":\"pt-PT\",\"potentialAction\":[{\"@type\":\"CommentAction\",\"name\":\"Comment\",\"target\":[\"https:\\\/\\\/super-news.info\\\/pt\\\/e-assim-a-vida-das-familias-portuguesas-o-jornal-economico\\\/#respond\"]}]},{\"@type\":\"WebPage\",\"@id\":\"https:\\\/\\\/super-news.info\\\/pt\\\/e-assim-a-vida-das-familias-portuguesas-o-jornal-economico\\\/\",\"url\":\"https:\\\/\\\/super-news.info\\\/pt\\\/e-assim-a-vida-das-familias-portuguesas-o-jornal-economico\\\/\",\"name\":\"\u00c9 assim a vida das fam\u00edlias portuguesas \u2013 O Jornal Econ\u00f3mico - Super News\",\"isPartOf\":{\"@id\":\"https:\\\/\\\/super-news.info\\\/pt\\\/#website\"},\"primaryImageOfPage\":{\"@id\":\"https:\\\/\\\/super-news.info\\\/pt\\\/e-assim-a-vida-das-familias-portuguesas-o-jornal-economico\\\/#primaryimage\"},\"image\":{\"@id\":\"https:\\\/\\\/super-news.info\\\/pt\\\/e-assim-a-vida-das-familias-portuguesas-o-jornal-economico\\\/#primaryimage\"},\"thumbnailUrl\":\"https:\\\/\\\/super-news.info\\\/pt\\\/wp-content\\\/uploads\\\/sites\\\/2\\\/2019\\\/05\\\/\u00c9-assim-a-vida-das-fam\u00edlias-portuguesas-\u2013-O-Jornal.jpg\",\"datePublished\":\"2019-05-16T17:10:32+00:00\",\"dateModified\":\"2019-05-16T17:10:33+00:00\",\"author\":{\"@id\":\"https:\\\/\\\/super-news.info\\\/pt\\\/#\\\/schema\\\/person\\\/2d4068cb2f39cd10008c2fce578a7356\"},\"breadcrumb\":{\"@id\":\"https:\\\/\\\/super-news.info\\\/pt\\\/e-assim-a-vida-das-familias-portuguesas-o-jornal-economico\\\/#breadcrumb\"},\"inLanguage\":\"pt-PT\",\"potentialAction\":[{\"@type\":\"ReadAction\",\"target\":[\"https:\\\/\\\/super-news.info\\\/pt\\\/e-assim-a-vida-das-familias-portuguesas-o-jornal-economico\\\/\"]}]},{\"@type\":\"ImageObject\",\"inLanguage\":\"pt-PT\",\"@id\":\"https:\\\/\\\/super-news.info\\\/pt\\\/e-assim-a-vida-das-familias-portuguesas-o-jornal-economico\\\/#primaryimage\",\"url\":\"https:\\\/\\\/super-news.info\\\/pt\\\/wp-content\\\/uploads\\\/sites\\\/2\\\/2019\\\/05\\\/\u00c9-assim-a-vida-das-fam\u00edlias-portuguesas-\u2013-O-Jornal.jpg\",\"contentUrl\":\"https:\\\/\\\/super-news.info\\\/pt\\\/wp-content\\\/uploads\\\/sites\\\/2\\\/2019\\\/05\\\/\u00c9-assim-a-vida-das-fam\u00edlias-portuguesas-\u2013-O-Jornal.jpg\",\"width\":166,\"height\":300,\"caption\":\"\u00c9 assim a vida das fam\u00edlias portuguesas \u2013 O Jornal Econ\u00f3mico\"},{\"@type\":\"BreadcrumbList\",\"@id\":\"https:\\\/\\\/super-news.info\\\/pt\\\/e-assim-a-vida-das-familias-portuguesas-o-jornal-economico\\\/#breadcrumb\",\"itemListElement\":[{\"@type\":\"ListItem\",\"position\":1,\"name\":\"\u0413\u043b\u0430\u0432\u043d\u0430\u044f \u0441\u0442\u0440\u0430\u043d\u0438\u0446\u0430\",\"item\":\"https:\\\/\\\/super-news.info\\\/pt\\\/\"},{\"@type\":\"ListItem\",\"position\":2,\"name\":\"\u00c9 assim a vida das fam\u00edlias portuguesas \u2013 O Jornal Econ\u00f3mico\"}]},{\"@type\":\"WebSite\",\"@id\":\"https:\\\/\\\/super-news.info\\\/pt\\\/#website\",\"url\":\"https:\\\/\\\/super-news.info\\\/pt\\\/\",\"name\":\"Super News\",\"description\":\"Super News Portugal\",\"potentialAction\":[{\"@type\":\"SearchAction\",\"target\":{\"@type\":\"EntryPoint\",\"urlTemplate\":\"https:\\\/\\\/super-news.info\\\/pt\\\/?s={search_term_string}\"},\"query-input\":{\"@type\":\"PropertyValueSpecification\",\"valueRequired\":true,\"valueName\":\"search_term_string\"}}],\"inLanguage\":\"pt-PT\"},{\"@type\":\"Person\",\"@id\":\"https:\\\/\\\/super-news.info\\\/pt\\\/#\\\/schema\\\/person\\\/2d4068cb2f39cd10008c2fce578a7356\",\"name\":\"super-news\",\"image\":{\"@type\":\"ImageObject\",\"inLanguage\":\"pt-PT\",\"@id\":\"https:\\\/\\\/secure.gravatar.com\\\/avatar\\\/64ebac40b93f26a154f8a9b5b6fdccfc46f442b26b3dd6756dbff3bf9dc76fd7?s=96&d=mm&r=g\",\"url\":\"https:\\\/\\\/secure.gravatar.com\\\/avatar\\\/64ebac40b93f26a154f8a9b5b6fdccfc46f442b26b3dd6756dbff3bf9dc76fd7?s=96&d=mm&r=g\",\"contentUrl\":\"https:\\\/\\\/secure.gravatar.com\\\/avatar\\\/64ebac40b93f26a154f8a9b5b6fdccfc46f442b26b3dd6756dbff3bf9dc76fd7?s=96&d=mm&r=g\",\"caption\":\"super-news\"},\"url\":\"https:\\\/\\\/super-news.info\\\/pt\\\/author\\\/pt\\\/\"}]}<\/script>\n<!-- \/ Yoast SEO plugin. -->","yoast_head_json":{"title":"\u00c9 assim a vida das fam\u00edlias portuguesas \u2013 O Jornal Econ\u00f3mico - Super News","robots":{"index":"index","follow":"follow","max-snippet":"max-snippet:-1","max-image-preview":"max-image-preview:large","max-video-preview":"max-video-preview:-1"},"canonical":"https:\/\/super-news.info\/pt\/e-assim-a-vida-das-familias-portuguesas-o-jornal-economico\/","og_locale":"pt_PT","og_type":"article","og_title":"\u00c9 assim a vida das fam\u00edlias portuguesas \u2013 O Jornal Econ\u00f3mico - Super News","og_description":"[ad_1] Um dia de cada vez: \u00e9 assim a vida de 77% das fam\u00edlias portuguesas, para quem as\u00a0dificuldades econ\u00f3micas\u00a0fazem parte do quotidiano. O n\u00famero impressiona. Mas o cen\u00e1rio \u00e9 mais pessimista:\u00a07%, ou seja, cerca de 300 mil fam\u00edlias, vivem em situa\u00e7\u00e3o de pobreza. A conclus\u00e3o \u00e9 do\u00a0primeiro Bar\u00f3metro DECO PROTESTE, que avaliou o n\u00edvel de [&hellip;]","og_url":"https:\/\/super-news.info\/pt\/e-assim-a-vida-das-familias-portuguesas-o-jornal-economico\/","og_site_name":"Super News","article_published_time":"2019-05-16T17:10:32+00:00","article_modified_time":"2019-05-16T17:10:33+00:00","og_image":[{"width":166,"height":300,"url":"https:\/\/super-news.info\/pt\/wp-content\/uploads\/sites\/2\/2019\/05\/\u00c9-assim-a-vida-das-fam\u00edlias-portuguesas-\u2013-O-Jornal.jpg","type":"image\/jpeg"}],"author":"super-news","twitter_card":"summary_large_image","twitter_misc":{"Escrito por":"super-news","Tempo estimado de leitura":"4 minutos"},"schema":{"@context":"https:\/\/schema.org","@graph":[{"@type":"Article","@id":"https:\/\/super-news.info\/pt\/e-assim-a-vida-das-familias-portuguesas-o-jornal-economico\/#article","isPartOf":{"@id":"https:\/\/super-news.info\/pt\/e-assim-a-vida-das-familias-portuguesas-o-jornal-economico\/"},"author":{"name":"super-news","@id":"https:\/\/super-news.info\/pt\/#\/schema\/person\/2d4068cb2f39cd10008c2fce578a7356"},"headline":"\u00c9 assim a vida das fam\u00edlias portuguesas \u2013 O Jornal Econ\u00f3mico","datePublished":"2019-05-16T17:10:32+00:00","dateModified":"2019-05-16T17:10:33+00:00","mainEntityOfPage":{"@id":"https:\/\/super-news.info\/pt\/e-assim-a-vida-das-familias-portuguesas-o-jornal-economico\/"},"wordCount":875,"commentCount":0,"image":{"@id":"https:\/\/super-news.info\/pt\/e-assim-a-vida-das-familias-portuguesas-o-jornal-economico\/#primaryimage"},"thumbnailUrl":"https:\/\/super-news.info\/pt\/wp-content\/uploads\/sites\/2\/2019\/05\/\u00c9-assim-a-vida-das-fam\u00edlias-portuguesas-\u2013-O-Jornal.jpg","articleSection":["NOT\u00cdCIAS FINANCEIRAS"],"inLanguage":"pt-PT","potentialAction":[{"@type":"CommentAction","name":"Comment","target":["https:\/\/super-news.info\/pt\/e-assim-a-vida-das-familias-portuguesas-o-jornal-economico\/#respond"]}]},{"@type":"WebPage","@id":"https:\/\/super-news.info\/pt\/e-assim-a-vida-das-familias-portuguesas-o-jornal-economico\/","url":"https:\/\/super-news.info\/pt\/e-assim-a-vida-das-familias-portuguesas-o-jornal-economico\/","name":"\u00c9 assim a vida das fam\u00edlias portuguesas \u2013 O Jornal Econ\u00f3mico - Super News","isPartOf":{"@id":"https:\/\/super-news.info\/pt\/#website"},"primaryImageOfPage":{"@id":"https:\/\/super-news.info\/pt\/e-assim-a-vida-das-familias-portuguesas-o-jornal-economico\/#primaryimage"},"image":{"@id":"https:\/\/super-news.info\/pt\/e-assim-a-vida-das-familias-portuguesas-o-jornal-economico\/#primaryimage"},"thumbnailUrl":"https:\/\/super-news.info\/pt\/wp-content\/uploads\/sites\/2\/2019\/05\/\u00c9-assim-a-vida-das-fam\u00edlias-portuguesas-\u2013-O-Jornal.jpg","datePublished":"2019-05-16T17:10:32+00:00","dateModified":"2019-05-16T17:10:33+00:00","author":{"@id":"https:\/\/super-news.info\/pt\/#\/schema\/person\/2d4068cb2f39cd10008c2fce578a7356"},"breadcrumb":{"@id":"https:\/\/super-news.info\/pt\/e-assim-a-vida-das-familias-portuguesas-o-jornal-economico\/#breadcrumb"},"inLanguage":"pt-PT","potentialAction":[{"@type":"ReadAction","target":["https:\/\/super-news.info\/pt\/e-assim-a-vida-das-familias-portuguesas-o-jornal-economico\/"]}]},{"@type":"ImageObject","inLanguage":"pt-PT","@id":"https:\/\/super-news.info\/pt\/e-assim-a-vida-das-familias-portuguesas-o-jornal-economico\/#primaryimage","url":"https:\/\/super-news.info\/pt\/wp-content\/uploads\/sites\/2\/2019\/05\/\u00c9-assim-a-vida-das-fam\u00edlias-portuguesas-\u2013-O-Jornal.jpg","contentUrl":"https:\/\/super-news.info\/pt\/wp-content\/uploads\/sites\/2\/2019\/05\/\u00c9-assim-a-vida-das-fam\u00edlias-portuguesas-\u2013-O-Jornal.jpg","width":166,"height":300,"caption":"\u00c9 assim a vida das fam\u00edlias portuguesas \u2013 O Jornal Econ\u00f3mico"},{"@type":"BreadcrumbList","@id":"https:\/\/super-news.info\/pt\/e-assim-a-vida-das-familias-portuguesas-o-jornal-economico\/#breadcrumb","itemListElement":[{"@type":"ListItem","position":1,"name":"\u0413\u043b\u0430\u0432\u043d\u0430\u044f \u0441\u0442\u0440\u0430\u043d\u0438\u0446\u0430","item":"https:\/\/super-news.info\/pt\/"},{"@type":"ListItem","position":2,"name":"\u00c9 assim a vida das fam\u00edlias portuguesas \u2013 O Jornal Econ\u00f3mico"}]},{"@type":"WebSite","@id":"https:\/\/super-news.info\/pt\/#website","url":"https:\/\/super-news.info\/pt\/","name":"Super News","description":"Super News Portugal","potentialAction":[{"@type":"SearchAction","target":{"@type":"EntryPoint","urlTemplate":"https:\/\/super-news.info\/pt\/?s={search_term_string}"},"query-input":{"@type":"PropertyValueSpecification","valueRequired":true,"valueName":"search_term_string"}}],"inLanguage":"pt-PT"},{"@type":"Person","@id":"https:\/\/super-news.info\/pt\/#\/schema\/person\/2d4068cb2f39cd10008c2fce578a7356","name":"super-news","image":{"@type":"ImageObject","inLanguage":"pt-PT","@id":"https:\/\/secure.gravatar.com\/avatar\/64ebac40b93f26a154f8a9b5b6fdccfc46f442b26b3dd6756dbff3bf9dc76fd7?s=96&d=mm&r=g","url":"https:\/\/secure.gravatar.com\/avatar\/64ebac40b93f26a154f8a9b5b6fdccfc46f442b26b3dd6756dbff3bf9dc76fd7?s=96&d=mm&r=g","contentUrl":"https:\/\/secure.gravatar.com\/avatar\/64ebac40b93f26a154f8a9b5b6fdccfc46f442b26b3dd6756dbff3bf9dc76fd7?s=96&d=mm&r=g","caption":"super-news"},"url":"https:\/\/super-news.info\/pt\/author\/pt\/"}]}},"_links":{"self":[{"href":"https:\/\/super-news.info\/pt\/wp-json\/wp\/v2\/posts\/1580","targetHints":{"allow":["GET"]}}],"collection":[{"href":"https:\/\/super-news.info\/pt\/wp-json\/wp\/v2\/posts"}],"about":[{"href":"https:\/\/super-news.info\/pt\/wp-json\/wp\/v2\/types\/post"}],"author":[{"embeddable":true,"href":"https:\/\/super-news.info\/pt\/wp-json\/wp\/v2\/users\/2"}],"replies":[{"embeddable":true,"href":"https:\/\/super-news.info\/pt\/wp-json\/wp\/v2\/comments?post=1580"}],"version-history":[{"count":1,"href":"https:\/\/super-news.info\/pt\/wp-json\/wp\/v2\/posts\/1580\/revisions"}],"predecessor-version":[{"id":1582,"href":"https:\/\/super-news.info\/pt\/wp-json\/wp\/v2\/posts\/1580\/revisions\/1582"}],"wp:featuredmedia":[{"embeddable":true,"href":"https:\/\/super-news.info\/pt\/wp-json\/wp\/v2\/media\/1581"}],"wp:attachment":[{"href":"https:\/\/super-news.info\/pt\/wp-json\/wp\/v2\/media?parent=1580"}],"wp:term":[{"taxonomy":"category","embeddable":true,"href":"https:\/\/super-news.info\/pt\/wp-json\/wp\/v2\/categories?post=1580"},{"taxonomy":"post_tag","embeddable":true,"href":"https:\/\/super-news.info\/pt\/wp-json\/wp\/v2\/tags?post=1580"}],"curies":[{"name":"wp","href":"https:\/\/api.w.org\/{rel}","templated":true}]}}