{"id":1568,"date":"2019-05-16T17:39:16","date_gmt":"2019-05-16T14:39:16","guid":{"rendered":"https:\/\/super-news.info\/pt\/das-maldivas-a-madeira-estes-sao-os-destinos-de-ferias-de-verao-preferidos-dos-portugueses-o-jornal-economico\/"},"modified":"2019-05-16T17:39:17","modified_gmt":"2019-05-16T14:39:17","slug":"das-maldivas-a-madeira-estes-sao-os-destinos-de-ferias-de-verao-preferidos-dos-portugueses-o-jornal-economico","status":"publish","type":"post","link":"https:\/\/super-news.info\/pt\/das-maldivas-a-madeira-estes-sao-os-destinos-de-ferias-de-verao-preferidos-dos-portugueses-o-jornal-economico\/","title":{"rendered":"Das Maldivas \u00e0 Madeira\u2026 estes s\u00e3o os destinos de f\u00e9rias de ver\u00e3o preferidos dos portugueses \u2013 O Jornal Econ\u00f3mico"},"content":{"rendered":"<p> [ad_1]<br \/>\n<\/p>\n<div>\n<p>Para quem gosta e pode sonhar alto, surge no topo das pesquisas as Maldivas. Para quem opta por mergulhar nas praias portuguesas os destinos mais pesquisados foram na zona do Algarve, com destaque para as cidades de Albufeira, Monte Gordo e Portim\u00e3o, e ainda o Funchal e Porto Santo, na Madeira.<\/p>\n<p>\u201cDepois de um ver\u00e3o com temperaturas elevadas em 2018, n\u00e3o \u00e9 de estranhar que os portugueses sonhem com f\u00e9rias na praia. De acordo com o nosso estudo anual sobre os h\u00e1bitos de viagem dos nossos utilizadores, 64% dos viajantes portugueses est\u00e3o a planear f\u00e9rias na praia, um n\u00famero superior \u00e0 m\u00e9dia dos viajantes \u00e0 escala global, que \u00e9 de 53%\u201d, afirma Margarida Gameiro, porta-voz da momondo para o mercado portugu\u00eas.<\/p>\n<p><strong>Maldivas no radar dos portugueses para o ver\u00e3o<\/strong><\/p>\n<p>As Ilhas Maldivas s\u00e3o um dos para\u00edsos na Terra que mais desperta o interesse na altura de marcar o pr\u00f3ximo destino de f\u00e9rias. Ali\u00e1s, esta \u00e9 a raz\u00e3o que leva os portugueses a pesquisar por este destino. \u201cObservando os destinos internacionais mais pesquisados pelos portugueses atrav\u00e9s da momondo, percebemos que muitos est\u00e3o determinados em fazer das Maldivas um destino de sonho que se torna realidade\u201d, salienta Margarida Gameiro. \u201cAs pesquisas por voos para Mal\u00e9 cresceram 266% em rela\u00e7\u00e3o ao ver\u00e3o de 2018\u201d, acrescenta porta-voz da momondo para o mercado portugu\u00eas.<\/p>\n<p>Umas f\u00e9rias nas Maldivas incluem sempre um cen\u00e1rio incr\u00edvel de ilhas cobertas de palmeiras, praias de areias brancas e \u00e1guas transparentes cheias de vida mar\u00edtima, que refletem o azul do c\u00e9u. Mas h\u00e1 mais a descobrir neste pa\u00eds. A capital das Maldivas, Mal\u00e9, \u00e9 uma cidade completamente diferente das restantes, e que merece uma visita para a conhecer.<\/p>\n<p>Os destinos que se seguem ficam um pouco mais perto. Vars\u00f3via cresceu 99%, seguida de Zagreb e Dubrovnik. No topo das pesquisas de quem procura um destino mais econ\u00f3mico, surgem tamb\u00e9m\u00a0 Vars\u00f3via, o cora\u00e7\u00e3o vibrante da Pol\u00f3nia, que combina o novo e o velho, e Luqa, cidade situada na Ilha de Malta. Para conhecer esta pequena ilha, a sugest\u00e3o passa por alugar um carro e partir \u00e0 descoberta das feiras tradicionais, monumentos hist\u00f3ricos, festas, pontos tur\u00edsticos e, ainda, algumas das praias mais bonitas da Europa. Os voos de ida e volta custam, em m\u00e9dia 195\u20ac e 204\u20ac, para Vars\u00f3via e Luqa respetivamente.<\/p>\n<p><strong>Praia e pequeno-almo\u00e7o s\u00e3o fatores-chave na escolha do hotel<\/strong><\/p>\n<p>O inqu\u00e9rito da momondo tamb\u00e9m revela que 68% dos viajantes portugueses prefere ficar num hotel quando vai de f\u00e9rias, e que a principal prioridade \u00e9 ter o pequeno-almo\u00e7o inclu\u00eddo no pre\u00e7o (80%).<\/p>\n<p>\u201cDos destinos internacionais mais em voga para este ver\u00e3o, quatro dos cinco mais populares s\u00e3o de praia. Cagliari registou um aumento de 215% nas pesquisas de hot\u00e9is, Ibiza chegou aos 185% e Santa Cruz de Tenerife aos 166%. O destino que mais cresceu nas pesquisas de hot\u00e9is foi Dublin, com um aumento de 226%\u201d, refere Margarida Gameiro.<\/p>\n<p>Em solo nacional, Faro assume a lideran\u00e7a no aumento das pesquisas com 290%, seguido de Porto Santo e Arma\u00e7\u00e3o de P\u00eara.<\/p>\n<p><strong>Portugueses preferem gastar o seu dinheiro a viajar (e poupam para isso)<\/strong><\/p>\n<p>Poupar para ir f\u00e9rias \u00e9 um h\u00e1bito dos portugueses. De acordo com o estudo da momondo, 34% dos portugueses preferem gastar o seu dinheiro em viagens (a m\u00e9dia mundial \u00e9 28%). Mas tamb\u00e9m s\u00e3o \u00f3timos a poupar para o efeito: 58% p\u00f5e dinheiro de parte regularmente para poder viajar. Assim que chegam ao destino, a maioria do or\u00e7amento dos viajantes portugueses \u00e9 gasto a comer fora (55%) e em atividades culturais (36%).<\/p>\n<p>Poder\u00e1 encontrar mais informa\u00e7\u00f5es sobre este estudo e respetivos destinos no blogue da momondo.<\/p>\n<p><strong>Dados<\/strong><\/p>\n<p>Responderam ao inqu\u00e9rito sobre h\u00e1bitos de viagem da momondo 997 portugueses num universo de 23.400 inquiridos. As informa\u00e7\u00f5es abaixo permitem saber mais sobre as f\u00e9rias que os portugueses mais procuram:<\/p>\n<p>\u25cf\u00a0\u00a0\u00a0\u00a0\u00a0\u00a0\u00a0\u00a0\u00a0 64% dos portugueses planeiam fazer f\u00e9rias na praia em 2019<\/p>\n<p>\u25cf\u00a0\u00a0\u00a0\u00a0\u00a0\u00a0\u00a0\u00a0\u00a0 34% dos portugueses preferem gastar o seu dinheiro a viajar<\/p>\n<p>\u25cf\u00a0\u00a0\u00a0\u00a0\u00a0\u00a0\u00a0\u00a0\u00a0 58% dos portugueses poupa regularmente para poder pagar as f\u00e9rias<\/p>\n<p>\u25cf\u00a0\u00a0\u00a0\u00a0\u00a0\u00a0\u00a0\u00a0\u00a0 55% dos portugueses preferem gastar o seu dinheiro a comer fora quando est\u00e3o no estrangeiro, 36% em atividades culturais e 32% em alimenta\u00e7\u00e3o e bebidas<\/p>\n<p>\u25cf\u00a0\u00a0\u00a0\u00a0\u00a0\u00a0\u00a0\u00a0\u00a0 68% dos portugueses preferem ficar hospedados em hot\u00e9is<\/p>\n<p>\u25cf\u00a0\u00a0\u00a0\u00a0\u00a0\u00a0\u00a0\u00a0\u00a0 As comodidades \u00e0s quais os portugueses d\u00e3o mais prioridade s\u00e3o, por ordem: 1. Pequeno-almo\u00e7o inclu\u00eddo no pre\u00e7o; 2. Wi-Fi gr\u00e1tis (63%); 3. Instala\u00e7\u00f5es do hotel (58%).<\/p>\n<p>\u00a0<\/p>\n<p>\u00a0<\/p>\n<\/div>\n<p><script>function facebookInit(){var js=document.createElement('script');js.src='https:\/\/connect.facebook.net\/pt_PT\/sdk.js#xfbml=1&version=v3.1&appId=1708066812789184&autoLogAppEvents=1';return document.body.appendChild(js);}\nwindow.onscroll=function(){var rect=document.getElementsByClassName('je-post-content')[0].getBoundingClientRect();if(rect.bottom<window.innerHeight){facebookInit();window.onscroll=null;}}<\/script><br \/>\n<br \/>[ad_2]<br \/>\n<br \/><a href=\"https:\/\/jornaleconomico.sapo.pt\/noticias\/das-maldivas-a-madeira-estes-sao-os-destinos-de-ferias-de-verao-preferidos-dos-portugueses-445411\">Source link <\/a><\/p>\n","protected":false},"excerpt":{"rendered":"<p>[ad_1] Para quem gosta e pode sonhar alto, surge no topo das pesquisas as Maldivas. Para quem opta por mergulhar nas praias portuguesas os destinos mais pesquisados foram na zona do Algarve, com destaque para as cidades de Albufeira, Monte Gordo e Portim\u00e3o, e ainda o Funchal e Porto Santo, na Madeira. \u201cDepois de um [&hellip;]<\/p>\n","protected":false},"author":2,"featured_media":1569,"comment_status":"open","ping_status":"open","sticky":false,"template":"","format":"standard","meta":{"footnotes":""},"categories":[1],"tags":[],"class_list":["post-1568","post","type-post","status-publish","format-standard","has-post-thumbnail","hentry","category-noticias-financeiras"],"yoast_head":"<!-- This site is optimized with the Yoast SEO plugin v27.4 - https:\/\/yoast.com\/product\/yoast-seo-wordpress\/ -->\n<title>Das Maldivas \u00e0 Madeira\u2026 estes s\u00e3o os destinos de f\u00e9rias de ver\u00e3o preferidos dos portugueses \u2013 O Jornal Econ\u00f3mico - Super News<\/title>\n<meta name=\"robots\" content=\"index, follow, max-snippet:-1, max-image-preview:large, max-video-preview:-1\" \/>\n<link rel=\"canonical\" href=\"https:\/\/super-news.info\/pt\/das-maldivas-a-madeira-estes-sao-os-destinos-de-ferias-de-verao-preferidos-dos-portugueses-o-jornal-economico\/\" \/>\n<meta property=\"og:locale\" content=\"pt_PT\" \/>\n<meta property=\"og:type\" content=\"article\" \/>\n<meta property=\"og:title\" content=\"Das Maldivas \u00e0 Madeira\u2026 estes s\u00e3o os destinos de f\u00e9rias de ver\u00e3o preferidos dos portugueses \u2013 O Jornal Econ\u00f3mico - Super News\" \/>\n<meta property=\"og:description\" content=\"[ad_1] Para quem gosta e pode sonhar alto, surge no topo das pesquisas as Maldivas. Para quem opta por mergulhar nas praias portuguesas os destinos mais pesquisados foram na zona do Algarve, com destaque para as cidades de Albufeira, Monte Gordo e Portim\u00e3o, e ainda o Funchal e Porto Santo, na Madeira. \u201cDepois de um [&hellip;]\" \/>\n<meta property=\"og:url\" content=\"https:\/\/super-news.info\/pt\/das-maldivas-a-madeira-estes-sao-os-destinos-de-ferias-de-verao-preferidos-dos-portugueses-o-jornal-economico\/\" \/>\n<meta property=\"og:site_name\" content=\"Super News\" \/>\n<meta property=\"article:published_time\" content=\"2019-05-16T14:39:16+00:00\" \/>\n<meta property=\"article:modified_time\" content=\"2019-05-16T14:39:17+00:00\" \/>\n<meta property=\"og:image\" content=\"https:\/\/super-news.info\/pt\/wp-content\/uploads\/sites\/2\/2019\/05\/Das-Maldivas-\u00e0-Madeira\u2026-estes-s\u00e3o-os-destinos-de-f\u00e9rias.jpg\" \/>\n\t<meta property=\"og:image:width\" content=\"811\" \/>\n\t<meta property=\"og:image:height\" content=\"588\" \/>\n\t<meta property=\"og:image:type\" content=\"image\/jpeg\" \/>\n<meta name=\"author\" content=\"super-news\" \/>\n<meta name=\"twitter:card\" content=\"summary_large_image\" \/>\n<meta name=\"twitter:label1\" content=\"Escrito por\" \/>\n\t<meta name=\"twitter:data1\" content=\"super-news\" \/>\n\t<meta name=\"twitter:label2\" content=\"Tempo estimado de leitura\" \/>\n\t<meta name=\"twitter:data2\" content=\"4 minutos\" \/>\n<script type=\"application\/ld+json\" class=\"yoast-schema-graph\">{\"@context\":\"https:\\\/\\\/schema.org\",\"@graph\":[{\"@type\":\"Article\",\"@id\":\"https:\\\/\\\/super-news.info\\\/pt\\\/das-maldivas-a-madeira-estes-sao-os-destinos-de-ferias-de-verao-preferidos-dos-portugueses-o-jornal-economico\\\/#article\",\"isPartOf\":{\"@id\":\"https:\\\/\\\/super-news.info\\\/pt\\\/das-maldivas-a-madeira-estes-sao-os-destinos-de-ferias-de-verao-preferidos-dos-portugueses-o-jornal-economico\\\/\"},\"author\":{\"name\":\"super-news\",\"@id\":\"https:\\\/\\\/super-news.info\\\/pt\\\/#\\\/schema\\\/person\\\/2d4068cb2f39cd10008c2fce578a7356\"},\"headline\":\"Das Maldivas \u00e0 Madeira\u2026 estes s\u00e3o os destinos de f\u00e9rias de ver\u00e3o preferidos dos portugueses \u2013 O Jornal Econ\u00f3mico\",\"datePublished\":\"2019-05-16T14:39:16+00:00\",\"dateModified\":\"2019-05-16T14:39:17+00:00\",\"mainEntityOfPage\":{\"@id\":\"https:\\\/\\\/super-news.info\\\/pt\\\/das-maldivas-a-madeira-estes-sao-os-destinos-de-ferias-de-verao-preferidos-dos-portugueses-o-jornal-economico\\\/\"},\"wordCount\":773,\"commentCount\":0,\"image\":{\"@id\":\"https:\\\/\\\/super-news.info\\\/pt\\\/das-maldivas-a-madeira-estes-sao-os-destinos-de-ferias-de-verao-preferidos-dos-portugueses-o-jornal-economico\\\/#primaryimage\"},\"thumbnailUrl\":\"https:\\\/\\\/super-news.info\\\/pt\\\/wp-content\\\/uploads\\\/sites\\\/2\\\/2019\\\/05\\\/Das-Maldivas-\u00e0-Madeira\u2026-estes-s\u00e3o-os-destinos-de-f\u00e9rias.jpg\",\"articleSection\":[\"NOT\u00cdCIAS FINANCEIRAS\"],\"inLanguage\":\"pt-PT\",\"potentialAction\":[{\"@type\":\"CommentAction\",\"name\":\"Comment\",\"target\":[\"https:\\\/\\\/super-news.info\\\/pt\\\/das-maldivas-a-madeira-estes-sao-os-destinos-de-ferias-de-verao-preferidos-dos-portugueses-o-jornal-economico\\\/#respond\"]}]},{\"@type\":\"WebPage\",\"@id\":\"https:\\\/\\\/super-news.info\\\/pt\\\/das-maldivas-a-madeira-estes-sao-os-destinos-de-ferias-de-verao-preferidos-dos-portugueses-o-jornal-economico\\\/\",\"url\":\"https:\\\/\\\/super-news.info\\\/pt\\\/das-maldivas-a-madeira-estes-sao-os-destinos-de-ferias-de-verao-preferidos-dos-portugueses-o-jornal-economico\\\/\",\"name\":\"Das Maldivas \u00e0 Madeira\u2026 estes s\u00e3o os destinos de f\u00e9rias de ver\u00e3o preferidos dos portugueses \u2013 O Jornal Econ\u00f3mico - Super News\",\"isPartOf\":{\"@id\":\"https:\\\/\\\/super-news.info\\\/pt\\\/#website\"},\"primaryImageOfPage\":{\"@id\":\"https:\\\/\\\/super-news.info\\\/pt\\\/das-maldivas-a-madeira-estes-sao-os-destinos-de-ferias-de-verao-preferidos-dos-portugueses-o-jornal-economico\\\/#primaryimage\"},\"image\":{\"@id\":\"https:\\\/\\\/super-news.info\\\/pt\\\/das-maldivas-a-madeira-estes-sao-os-destinos-de-ferias-de-verao-preferidos-dos-portugueses-o-jornal-economico\\\/#primaryimage\"},\"thumbnailUrl\":\"https:\\\/\\\/super-news.info\\\/pt\\\/wp-content\\\/uploads\\\/sites\\\/2\\\/2019\\\/05\\\/Das-Maldivas-\u00e0-Madeira\u2026-estes-s\u00e3o-os-destinos-de-f\u00e9rias.jpg\",\"datePublished\":\"2019-05-16T14:39:16+00:00\",\"dateModified\":\"2019-05-16T14:39:17+00:00\",\"author\":{\"@id\":\"https:\\\/\\\/super-news.info\\\/pt\\\/#\\\/schema\\\/person\\\/2d4068cb2f39cd10008c2fce578a7356\"},\"breadcrumb\":{\"@id\":\"https:\\\/\\\/super-news.info\\\/pt\\\/das-maldivas-a-madeira-estes-sao-os-destinos-de-ferias-de-verao-preferidos-dos-portugueses-o-jornal-economico\\\/#breadcrumb\"},\"inLanguage\":\"pt-PT\",\"potentialAction\":[{\"@type\":\"ReadAction\",\"target\":[\"https:\\\/\\\/super-news.info\\\/pt\\\/das-maldivas-a-madeira-estes-sao-os-destinos-de-ferias-de-verao-preferidos-dos-portugueses-o-jornal-economico\\\/\"]}]},{\"@type\":\"ImageObject\",\"inLanguage\":\"pt-PT\",\"@id\":\"https:\\\/\\\/super-news.info\\\/pt\\\/das-maldivas-a-madeira-estes-sao-os-destinos-de-ferias-de-verao-preferidos-dos-portugueses-o-jornal-economico\\\/#primaryimage\",\"url\":\"https:\\\/\\\/super-news.info\\\/pt\\\/wp-content\\\/uploads\\\/sites\\\/2\\\/2019\\\/05\\\/Das-Maldivas-\u00e0-Madeira\u2026-estes-s\u00e3o-os-destinos-de-f\u00e9rias.jpg\",\"contentUrl\":\"https:\\\/\\\/super-news.info\\\/pt\\\/wp-content\\\/uploads\\\/sites\\\/2\\\/2019\\\/05\\\/Das-Maldivas-\u00e0-Madeira\u2026-estes-s\u00e3o-os-destinos-de-f\u00e9rias.jpg\",\"width\":811,\"height\":588,\"caption\":\"Das Maldivas \u00e0 Madeira\u2026 estes s\u00e3o os destinos de f\u00e9rias de ver\u00e3o preferidos dos portugueses \u2013 O Jornal Econ\u00f3mico\"},{\"@type\":\"BreadcrumbList\",\"@id\":\"https:\\\/\\\/super-news.info\\\/pt\\\/das-maldivas-a-madeira-estes-sao-os-destinos-de-ferias-de-verao-preferidos-dos-portugueses-o-jornal-economico\\\/#breadcrumb\",\"itemListElement\":[{\"@type\":\"ListItem\",\"position\":1,\"name\":\"\u0413\u043b\u0430\u0432\u043d\u0430\u044f \u0441\u0442\u0440\u0430\u043d\u0438\u0446\u0430\",\"item\":\"https:\\\/\\\/super-news.info\\\/pt\\\/\"},{\"@type\":\"ListItem\",\"position\":2,\"name\":\"Das Maldivas \u00e0 Madeira\u2026 estes s\u00e3o os destinos de f\u00e9rias de ver\u00e3o preferidos dos portugueses \u2013 O Jornal Econ\u00f3mico\"}]},{\"@type\":\"WebSite\",\"@id\":\"https:\\\/\\\/super-news.info\\\/pt\\\/#website\",\"url\":\"https:\\\/\\\/super-news.info\\\/pt\\\/\",\"name\":\"Super News\",\"description\":\"Super News Portugal\",\"potentialAction\":[{\"@type\":\"SearchAction\",\"target\":{\"@type\":\"EntryPoint\",\"urlTemplate\":\"https:\\\/\\\/super-news.info\\\/pt\\\/?s={search_term_string}\"},\"query-input\":{\"@type\":\"PropertyValueSpecification\",\"valueRequired\":true,\"valueName\":\"search_term_string\"}}],\"inLanguage\":\"pt-PT\"},{\"@type\":\"Person\",\"@id\":\"https:\\\/\\\/super-news.info\\\/pt\\\/#\\\/schema\\\/person\\\/2d4068cb2f39cd10008c2fce578a7356\",\"name\":\"super-news\",\"image\":{\"@type\":\"ImageObject\",\"inLanguage\":\"pt-PT\",\"@id\":\"https:\\\/\\\/secure.gravatar.com\\\/avatar\\\/64ebac40b93f26a154f8a9b5b6fdccfc46f442b26b3dd6756dbff3bf9dc76fd7?s=96&d=mm&r=g\",\"url\":\"https:\\\/\\\/secure.gravatar.com\\\/avatar\\\/64ebac40b93f26a154f8a9b5b6fdccfc46f442b26b3dd6756dbff3bf9dc76fd7?s=96&d=mm&r=g\",\"contentUrl\":\"https:\\\/\\\/secure.gravatar.com\\\/avatar\\\/64ebac40b93f26a154f8a9b5b6fdccfc46f442b26b3dd6756dbff3bf9dc76fd7?s=96&d=mm&r=g\",\"caption\":\"super-news\"},\"url\":\"https:\\\/\\\/super-news.info\\\/pt\\\/author\\\/pt\\\/\"}]}<\/script>\n<!-- \/ Yoast SEO plugin. -->","yoast_head_json":{"title":"Das Maldivas \u00e0 Madeira\u2026 estes s\u00e3o os destinos de f\u00e9rias de ver\u00e3o preferidos dos portugueses \u2013 O Jornal Econ\u00f3mico - Super News","robots":{"index":"index","follow":"follow","max-snippet":"max-snippet:-1","max-image-preview":"max-image-preview:large","max-video-preview":"max-video-preview:-1"},"canonical":"https:\/\/super-news.info\/pt\/das-maldivas-a-madeira-estes-sao-os-destinos-de-ferias-de-verao-preferidos-dos-portugueses-o-jornal-economico\/","og_locale":"pt_PT","og_type":"article","og_title":"Das Maldivas \u00e0 Madeira\u2026 estes s\u00e3o os destinos de f\u00e9rias de ver\u00e3o preferidos dos portugueses \u2013 O Jornal Econ\u00f3mico - Super News","og_description":"[ad_1] Para quem gosta e pode sonhar alto, surge no topo das pesquisas as Maldivas. Para quem opta por mergulhar nas praias portuguesas os destinos mais pesquisados foram na zona do Algarve, com destaque para as cidades de Albufeira, Monte Gordo e Portim\u00e3o, e ainda o Funchal e Porto Santo, na Madeira. \u201cDepois de um [&hellip;]","og_url":"https:\/\/super-news.info\/pt\/das-maldivas-a-madeira-estes-sao-os-destinos-de-ferias-de-verao-preferidos-dos-portugueses-o-jornal-economico\/","og_site_name":"Super News","article_published_time":"2019-05-16T14:39:16+00:00","article_modified_time":"2019-05-16T14:39:17+00:00","og_image":[{"width":811,"height":588,"url":"https:\/\/super-news.info\/pt\/wp-content\/uploads\/sites\/2\/2019\/05\/Das-Maldivas-\u00e0-Madeira\u2026-estes-s\u00e3o-os-destinos-de-f\u00e9rias.jpg","type":"image\/jpeg"}],"author":"super-news","twitter_card":"summary_large_image","twitter_misc":{"Escrito por":"super-news","Tempo estimado de leitura":"4 minutos"},"schema":{"@context":"https:\/\/schema.org","@graph":[{"@type":"Article","@id":"https:\/\/super-news.info\/pt\/das-maldivas-a-madeira-estes-sao-os-destinos-de-ferias-de-verao-preferidos-dos-portugueses-o-jornal-economico\/#article","isPartOf":{"@id":"https:\/\/super-news.info\/pt\/das-maldivas-a-madeira-estes-sao-os-destinos-de-ferias-de-verao-preferidos-dos-portugueses-o-jornal-economico\/"},"author":{"name":"super-news","@id":"https:\/\/super-news.info\/pt\/#\/schema\/person\/2d4068cb2f39cd10008c2fce578a7356"},"headline":"Das Maldivas \u00e0 Madeira\u2026 estes s\u00e3o os destinos de f\u00e9rias de ver\u00e3o preferidos dos portugueses \u2013 O Jornal Econ\u00f3mico","datePublished":"2019-05-16T14:39:16+00:00","dateModified":"2019-05-16T14:39:17+00:00","mainEntityOfPage":{"@id":"https:\/\/super-news.info\/pt\/das-maldivas-a-madeira-estes-sao-os-destinos-de-ferias-de-verao-preferidos-dos-portugueses-o-jornal-economico\/"},"wordCount":773,"commentCount":0,"image":{"@id":"https:\/\/super-news.info\/pt\/das-maldivas-a-madeira-estes-sao-os-destinos-de-ferias-de-verao-preferidos-dos-portugueses-o-jornal-economico\/#primaryimage"},"thumbnailUrl":"https:\/\/super-news.info\/pt\/wp-content\/uploads\/sites\/2\/2019\/05\/Das-Maldivas-\u00e0-Madeira\u2026-estes-s\u00e3o-os-destinos-de-f\u00e9rias.jpg","articleSection":["NOT\u00cdCIAS FINANCEIRAS"],"inLanguage":"pt-PT","potentialAction":[{"@type":"CommentAction","name":"Comment","target":["https:\/\/super-news.info\/pt\/das-maldivas-a-madeira-estes-sao-os-destinos-de-ferias-de-verao-preferidos-dos-portugueses-o-jornal-economico\/#respond"]}]},{"@type":"WebPage","@id":"https:\/\/super-news.info\/pt\/das-maldivas-a-madeira-estes-sao-os-destinos-de-ferias-de-verao-preferidos-dos-portugueses-o-jornal-economico\/","url":"https:\/\/super-news.info\/pt\/das-maldivas-a-madeira-estes-sao-os-destinos-de-ferias-de-verao-preferidos-dos-portugueses-o-jornal-economico\/","name":"Das Maldivas \u00e0 Madeira\u2026 estes s\u00e3o os destinos de f\u00e9rias de ver\u00e3o preferidos dos portugueses \u2013 O Jornal Econ\u00f3mico - Super News","isPartOf":{"@id":"https:\/\/super-news.info\/pt\/#website"},"primaryImageOfPage":{"@id":"https:\/\/super-news.info\/pt\/das-maldivas-a-madeira-estes-sao-os-destinos-de-ferias-de-verao-preferidos-dos-portugueses-o-jornal-economico\/#primaryimage"},"image":{"@id":"https:\/\/super-news.info\/pt\/das-maldivas-a-madeira-estes-sao-os-destinos-de-ferias-de-verao-preferidos-dos-portugueses-o-jornal-economico\/#primaryimage"},"thumbnailUrl":"https:\/\/super-news.info\/pt\/wp-content\/uploads\/sites\/2\/2019\/05\/Das-Maldivas-\u00e0-Madeira\u2026-estes-s\u00e3o-os-destinos-de-f\u00e9rias.jpg","datePublished":"2019-05-16T14:39:16+00:00","dateModified":"2019-05-16T14:39:17+00:00","author":{"@id":"https:\/\/super-news.info\/pt\/#\/schema\/person\/2d4068cb2f39cd10008c2fce578a7356"},"breadcrumb":{"@id":"https:\/\/super-news.info\/pt\/das-maldivas-a-madeira-estes-sao-os-destinos-de-ferias-de-verao-preferidos-dos-portugueses-o-jornal-economico\/#breadcrumb"},"inLanguage":"pt-PT","potentialAction":[{"@type":"ReadAction","target":["https:\/\/super-news.info\/pt\/das-maldivas-a-madeira-estes-sao-os-destinos-de-ferias-de-verao-preferidos-dos-portugueses-o-jornal-economico\/"]}]},{"@type":"ImageObject","inLanguage":"pt-PT","@id":"https:\/\/super-news.info\/pt\/das-maldivas-a-madeira-estes-sao-os-destinos-de-ferias-de-verao-preferidos-dos-portugueses-o-jornal-economico\/#primaryimage","url":"https:\/\/super-news.info\/pt\/wp-content\/uploads\/sites\/2\/2019\/05\/Das-Maldivas-\u00e0-Madeira\u2026-estes-s\u00e3o-os-destinos-de-f\u00e9rias.jpg","contentUrl":"https:\/\/super-news.info\/pt\/wp-content\/uploads\/sites\/2\/2019\/05\/Das-Maldivas-\u00e0-Madeira\u2026-estes-s\u00e3o-os-destinos-de-f\u00e9rias.jpg","width":811,"height":588,"caption":"Das Maldivas \u00e0 Madeira\u2026 estes s\u00e3o os destinos de f\u00e9rias de ver\u00e3o preferidos dos portugueses \u2013 O Jornal Econ\u00f3mico"},{"@type":"BreadcrumbList","@id":"https:\/\/super-news.info\/pt\/das-maldivas-a-madeira-estes-sao-os-destinos-de-ferias-de-verao-preferidos-dos-portugueses-o-jornal-economico\/#breadcrumb","itemListElement":[{"@type":"ListItem","position":1,"name":"\u0413\u043b\u0430\u0432\u043d\u0430\u044f \u0441\u0442\u0440\u0430\u043d\u0438\u0446\u0430","item":"https:\/\/super-news.info\/pt\/"},{"@type":"ListItem","position":2,"name":"Das Maldivas \u00e0 Madeira\u2026 estes s\u00e3o os destinos de f\u00e9rias de ver\u00e3o preferidos dos portugueses \u2013 O Jornal Econ\u00f3mico"}]},{"@type":"WebSite","@id":"https:\/\/super-news.info\/pt\/#website","url":"https:\/\/super-news.info\/pt\/","name":"Super News","description":"Super News Portugal","potentialAction":[{"@type":"SearchAction","target":{"@type":"EntryPoint","urlTemplate":"https:\/\/super-news.info\/pt\/?s={search_term_string}"},"query-input":{"@type":"PropertyValueSpecification","valueRequired":true,"valueName":"search_term_string"}}],"inLanguage":"pt-PT"},{"@type":"Person","@id":"https:\/\/super-news.info\/pt\/#\/schema\/person\/2d4068cb2f39cd10008c2fce578a7356","name":"super-news","image":{"@type":"ImageObject","inLanguage":"pt-PT","@id":"https:\/\/secure.gravatar.com\/avatar\/64ebac40b93f26a154f8a9b5b6fdccfc46f442b26b3dd6756dbff3bf9dc76fd7?s=96&d=mm&r=g","url":"https:\/\/secure.gravatar.com\/avatar\/64ebac40b93f26a154f8a9b5b6fdccfc46f442b26b3dd6756dbff3bf9dc76fd7?s=96&d=mm&r=g","contentUrl":"https:\/\/secure.gravatar.com\/avatar\/64ebac40b93f26a154f8a9b5b6fdccfc46f442b26b3dd6756dbff3bf9dc76fd7?s=96&d=mm&r=g","caption":"super-news"},"url":"https:\/\/super-news.info\/pt\/author\/pt\/"}]}},"_links":{"self":[{"href":"https:\/\/super-news.info\/pt\/wp-json\/wp\/v2\/posts\/1568","targetHints":{"allow":["GET"]}}],"collection":[{"href":"https:\/\/super-news.info\/pt\/wp-json\/wp\/v2\/posts"}],"about":[{"href":"https:\/\/super-news.info\/pt\/wp-json\/wp\/v2\/types\/post"}],"author":[{"embeddable":true,"href":"https:\/\/super-news.info\/pt\/wp-json\/wp\/v2\/users\/2"}],"replies":[{"embeddable":true,"href":"https:\/\/super-news.info\/pt\/wp-json\/wp\/v2\/comments?post=1568"}],"version-history":[{"count":1,"href":"https:\/\/super-news.info\/pt\/wp-json\/wp\/v2\/posts\/1568\/revisions"}],"predecessor-version":[{"id":1570,"href":"https:\/\/super-news.info\/pt\/wp-json\/wp\/v2\/posts\/1568\/revisions\/1570"}],"wp:featuredmedia":[{"embeddable":true,"href":"https:\/\/super-news.info\/pt\/wp-json\/wp\/v2\/media\/1569"}],"wp:attachment":[{"href":"https:\/\/super-news.info\/pt\/wp-json\/wp\/v2\/media?parent=1568"}],"wp:term":[{"taxonomy":"category","embeddable":true,"href":"https:\/\/super-news.info\/pt\/wp-json\/wp\/v2\/categories?post=1568"},{"taxonomy":"post_tag","embeddable":true,"href":"https:\/\/super-news.info\/pt\/wp-json\/wp\/v2\/tags?post=1568"}],"curies":[{"name":"wp","href":"https:\/\/api.w.org\/{rel}","templated":true}]}}