{"id":1557,"date":"2019-05-16T11:41:33","date_gmt":"2019-05-16T08:41:33","guid":{"rendered":"https:\/\/super-news.info\/pt\/margarida-pocinho-destaca-importancia-dos-fundos-comunitarios-para-desenvolvimento-social-da-madeira-o-jornal-economico\/"},"modified":"2019-05-16T11:41:34","modified_gmt":"2019-05-16T08:41:34","slug":"margarida-pocinho-destaca-importancia-dos-fundos-comunitarios-para-desenvolvimento-social-da-madeira-o-jornal-economico","status":"publish","type":"post","link":"https:\/\/super-news.info\/pt\/margarida-pocinho-destaca-importancia-dos-fundos-comunitarios-para-desenvolvimento-social-da-madeira-o-jornal-economico\/","title":{"rendered":"Margarida Pocinho destaca import\u00e2ncia dos fundos comunit\u00e1rios para desenvolvimento social da Madeira \u2013 O Jornal Econ\u00f3mico"},"content":{"rendered":"<p> [ad_1]<br \/>\n<\/p>\n<div>\n<p>A candidata do CDS-PP ao Parlamento Europeu, Margarida Pocinho, salientou, durante uma visita \u00e0 Santa Casa da Calheta, a import\u00e2ncia que os fundos comunit\u00e1rios possuem no desenvolvimento social e econ\u00f3mico da regi\u00e3o, felicitando ainda a institui\u00e7\u00e3o por formar 50 cuidadores informais para dar resposta \u00e0s necessidades do concelho.<\/p>\n<p>Margarida Pocinho lembrou que a Santa Casa da Calheta possui um projeto para a remodela\u00e7\u00e3o do Lar e Centro de Dia, que conta com um co-financiado em 85% de fundos comunit\u00e1rios, para ilustrar a import\u00e2ncia destas verbas para o desenvolvimento da Madeira.<\/p>\n<p>A candidata centrista alertou ainda para a actual demografia regional bem como os desafios que a regi\u00e3o enfrenta nesta \u00e1rea.<\/p>\n<p>\u201cExistem cerca de 1.000 idosos \u00e0 espera de vaga para entrar num lar, temos 500 pessoas em situa\u00e7\u00e3o de alta problem\u00e1tica, que s\u00e3o na sua maioria idosos, fomos informados pelo senhor vice-Provedor que mais de 50% da popula\u00e7\u00e3o da Calheta tem mais de 65 anos, penso que este panorama \u00e9 gen\u00e9rico em toda a ilha e, portanto, temos de repensar o que vamos fazer com estas pessoas\u201d, acrescentou Margarida Pocinho.<\/p>\n<p>Foi ainda referido por Margarida Pocinho que existem verbas comunit\u00e1rios para o\u00a0envelhecimento saud\u00e1vel.<\/p>\n<\/p><\/div>\n<p><script>function facebookInit(){var js=document.createElement('script');js.src='https:\/\/connect.facebook.net\/pt_PT\/sdk.js#xfbml=1&version=v3.1&appId=1708066812789184&autoLogAppEvents=1';return document.body.appendChild(js);}\nwindow.onscroll=function(){var rect=document.getElementsByClassName('je-post-content')[0].getBoundingClientRect();if(rect.bottom<window.innerHeight){facebookInit();window.onscroll=null;}}<\/script><br \/>\n<br \/>[ad_2]<br \/>\n<br \/><a href=\"https:\/\/jornaleconomico.sapo.pt\/noticias\/margarida-pocinho-destaca-importancia-dos-fundos-comunitarios-para-desenvolvimento-social-da-madeira-445212\">Source link <\/a><\/p>\n","protected":false},"excerpt":{"rendered":"<p>[ad_1] A candidata do CDS-PP ao Parlamento Europeu, Margarida Pocinho, salientou, durante uma visita \u00e0 Santa Casa da Calheta, a import\u00e2ncia que os fundos comunit\u00e1rios possuem no desenvolvimento social e econ\u00f3mico da regi\u00e3o, felicitando ainda a institui\u00e7\u00e3o por formar 50 cuidadores informais para dar resposta \u00e0s necessidades do concelho. Margarida Pocinho lembrou que a Santa [&hellip;]<\/p>\n","protected":false},"author":2,"featured_media":1558,"comment_status":"open","ping_status":"open","sticky":false,"template":"","format":"standard","meta":{"footnotes":""},"categories":[1],"tags":[],"class_list":["post-1557","post","type-post","status-publish","format-standard","has-post-thumbnail","hentry","category-noticias-financeiras"],"yoast_head":"<!-- This site is optimized with the Yoast SEO plugin v27.4 - https:\/\/yoast.com\/product\/yoast-seo-wordpress\/ -->\n<title>Margarida Pocinho destaca import\u00e2ncia dos fundos comunit\u00e1rios para desenvolvimento social da Madeira \u2013 O Jornal Econ\u00f3mico - Super News<\/title>\n<meta name=\"robots\" content=\"index, follow, max-snippet:-1, max-image-preview:large, max-video-preview:-1\" \/>\n<link rel=\"canonical\" href=\"https:\/\/super-news.info\/pt\/margarida-pocinho-destaca-importancia-dos-fundos-comunitarios-para-desenvolvimento-social-da-madeira-o-jornal-economico\/\" \/>\n<meta property=\"og:locale\" content=\"pt_PT\" \/>\n<meta property=\"og:type\" content=\"article\" \/>\n<meta property=\"og:title\" content=\"Margarida Pocinho destaca import\u00e2ncia dos fundos comunit\u00e1rios para desenvolvimento social da Madeira \u2013 O Jornal Econ\u00f3mico - Super News\" \/>\n<meta property=\"og:description\" content=\"[ad_1] A candidata do CDS-PP ao Parlamento Europeu, Margarida Pocinho, salientou, durante uma visita \u00e0 Santa Casa da Calheta, a import\u00e2ncia que os fundos comunit\u00e1rios possuem no desenvolvimento social e econ\u00f3mico da regi\u00e3o, felicitando ainda a institui\u00e7\u00e3o por formar 50 cuidadores informais para dar resposta \u00e0s necessidades do concelho. Margarida Pocinho lembrou que a Santa [&hellip;]\" \/>\n<meta property=\"og:url\" content=\"https:\/\/super-news.info\/pt\/margarida-pocinho-destaca-importancia-dos-fundos-comunitarios-para-desenvolvimento-social-da-madeira-o-jornal-economico\/\" \/>\n<meta property=\"og:site_name\" content=\"Super News\" \/>\n<meta property=\"article:published_time\" content=\"2019-05-16T08:41:33+00:00\" \/>\n<meta property=\"article:modified_time\" content=\"2019-05-16T08:41:34+00:00\" \/>\n<meta property=\"og:image\" content=\"https:\/\/super-news.info\/pt\/wp-content\/uploads\/sites\/2\/2019\/05\/Margarida-Pocinho-destaca-import\u00e2ncia-dos-fundos-comunit\u00e1rios-para-desenvolvimento-social.png\" \/>\n\t<meta property=\"og:image:width\" content=\"600\" \/>\n\t<meta property=\"og:image:height\" content=\"734\" \/>\n\t<meta property=\"og:image:type\" content=\"image\/png\" \/>\n<meta name=\"author\" content=\"super-news\" \/>\n<meta name=\"twitter:card\" content=\"summary_large_image\" \/>\n<meta name=\"twitter:label1\" content=\"Escrito por\" \/>\n\t<meta name=\"twitter:data1\" content=\"super-news\" \/>\n\t<meta name=\"twitter:label2\" content=\"Tempo estimado de leitura\" \/>\n\t<meta name=\"twitter:data2\" content=\"1 minuto\" \/>\n<script type=\"application\/ld+json\" class=\"yoast-schema-graph\">{\"@context\":\"https:\\\/\\\/schema.org\",\"@graph\":[{\"@type\":\"Article\",\"@id\":\"https:\\\/\\\/super-news.info\\\/pt\\\/margarida-pocinho-destaca-importancia-dos-fundos-comunitarios-para-desenvolvimento-social-da-madeira-o-jornal-economico\\\/#article\",\"isPartOf\":{\"@id\":\"https:\\\/\\\/super-news.info\\\/pt\\\/margarida-pocinho-destaca-importancia-dos-fundos-comunitarios-para-desenvolvimento-social-da-madeira-o-jornal-economico\\\/\"},\"author\":{\"name\":\"super-news\",\"@id\":\"https:\\\/\\\/super-news.info\\\/pt\\\/#\\\/schema\\\/person\\\/2d4068cb2f39cd10008c2fce578a7356\"},\"headline\":\"Margarida Pocinho destaca import\u00e2ncia dos fundos comunit\u00e1rios para desenvolvimento social da Madeira \u2013 O Jornal Econ\u00f3mico\",\"datePublished\":\"2019-05-16T08:41:33+00:00\",\"dateModified\":\"2019-05-16T08:41:34+00:00\",\"mainEntityOfPage\":{\"@id\":\"https:\\\/\\\/super-news.info\\\/pt\\\/margarida-pocinho-destaca-importancia-dos-fundos-comunitarios-para-desenvolvimento-social-da-madeira-o-jornal-economico\\\/\"},\"wordCount\":223,\"commentCount\":0,\"image\":{\"@id\":\"https:\\\/\\\/super-news.info\\\/pt\\\/margarida-pocinho-destaca-importancia-dos-fundos-comunitarios-para-desenvolvimento-social-da-madeira-o-jornal-economico\\\/#primaryimage\"},\"thumbnailUrl\":\"https:\\\/\\\/super-news.info\\\/pt\\\/wp-content\\\/uploads\\\/sites\\\/2\\\/2019\\\/05\\\/Margarida-Pocinho-destaca-import\u00e2ncia-dos-fundos-comunit\u00e1rios-para-desenvolvimento-social.png\",\"articleSection\":[\"NOT\u00cdCIAS FINANCEIRAS\"],\"inLanguage\":\"pt-PT\",\"potentialAction\":[{\"@type\":\"CommentAction\",\"name\":\"Comment\",\"target\":[\"https:\\\/\\\/super-news.info\\\/pt\\\/margarida-pocinho-destaca-importancia-dos-fundos-comunitarios-para-desenvolvimento-social-da-madeira-o-jornal-economico\\\/#respond\"]}]},{\"@type\":\"WebPage\",\"@id\":\"https:\\\/\\\/super-news.info\\\/pt\\\/margarida-pocinho-destaca-importancia-dos-fundos-comunitarios-para-desenvolvimento-social-da-madeira-o-jornal-economico\\\/\",\"url\":\"https:\\\/\\\/super-news.info\\\/pt\\\/margarida-pocinho-destaca-importancia-dos-fundos-comunitarios-para-desenvolvimento-social-da-madeira-o-jornal-economico\\\/\",\"name\":\"Margarida Pocinho destaca import\u00e2ncia dos fundos comunit\u00e1rios para desenvolvimento social da Madeira \u2013 O Jornal Econ\u00f3mico - Super News\",\"isPartOf\":{\"@id\":\"https:\\\/\\\/super-news.info\\\/pt\\\/#website\"},\"primaryImageOfPage\":{\"@id\":\"https:\\\/\\\/super-news.info\\\/pt\\\/margarida-pocinho-destaca-importancia-dos-fundos-comunitarios-para-desenvolvimento-social-da-madeira-o-jornal-economico\\\/#primaryimage\"},\"image\":{\"@id\":\"https:\\\/\\\/super-news.info\\\/pt\\\/margarida-pocinho-destaca-importancia-dos-fundos-comunitarios-para-desenvolvimento-social-da-madeira-o-jornal-economico\\\/#primaryimage\"},\"thumbnailUrl\":\"https:\\\/\\\/super-news.info\\\/pt\\\/wp-content\\\/uploads\\\/sites\\\/2\\\/2019\\\/05\\\/Margarida-Pocinho-destaca-import\u00e2ncia-dos-fundos-comunit\u00e1rios-para-desenvolvimento-social.png\",\"datePublished\":\"2019-05-16T08:41:33+00:00\",\"dateModified\":\"2019-05-16T08:41:34+00:00\",\"author\":{\"@id\":\"https:\\\/\\\/super-news.info\\\/pt\\\/#\\\/schema\\\/person\\\/2d4068cb2f39cd10008c2fce578a7356\"},\"breadcrumb\":{\"@id\":\"https:\\\/\\\/super-news.info\\\/pt\\\/margarida-pocinho-destaca-importancia-dos-fundos-comunitarios-para-desenvolvimento-social-da-madeira-o-jornal-economico\\\/#breadcrumb\"},\"inLanguage\":\"pt-PT\",\"potentialAction\":[{\"@type\":\"ReadAction\",\"target\":[\"https:\\\/\\\/super-news.info\\\/pt\\\/margarida-pocinho-destaca-importancia-dos-fundos-comunitarios-para-desenvolvimento-social-da-madeira-o-jornal-economico\\\/\"]}]},{\"@type\":\"ImageObject\",\"inLanguage\":\"pt-PT\",\"@id\":\"https:\\\/\\\/super-news.info\\\/pt\\\/margarida-pocinho-destaca-importancia-dos-fundos-comunitarios-para-desenvolvimento-social-da-madeira-o-jornal-economico\\\/#primaryimage\",\"url\":\"https:\\\/\\\/super-news.info\\\/pt\\\/wp-content\\\/uploads\\\/sites\\\/2\\\/2019\\\/05\\\/Margarida-Pocinho-destaca-import\u00e2ncia-dos-fundos-comunit\u00e1rios-para-desenvolvimento-social.png\",\"contentUrl\":\"https:\\\/\\\/super-news.info\\\/pt\\\/wp-content\\\/uploads\\\/sites\\\/2\\\/2019\\\/05\\\/Margarida-Pocinho-destaca-import\u00e2ncia-dos-fundos-comunit\u00e1rios-para-desenvolvimento-social.png\",\"width\":600,\"height\":734,\"caption\":\"Margarida Pocinho destaca import\u00e2ncia dos fundos comunit\u00e1rios para desenvolvimento social da Madeira \u2013 O Jornal Econ\u00f3mico\"},{\"@type\":\"BreadcrumbList\",\"@id\":\"https:\\\/\\\/super-news.info\\\/pt\\\/margarida-pocinho-destaca-importancia-dos-fundos-comunitarios-para-desenvolvimento-social-da-madeira-o-jornal-economico\\\/#breadcrumb\",\"itemListElement\":[{\"@type\":\"ListItem\",\"position\":1,\"name\":\"\u0413\u043b\u0430\u0432\u043d\u0430\u044f \u0441\u0442\u0440\u0430\u043d\u0438\u0446\u0430\",\"item\":\"https:\\\/\\\/super-news.info\\\/pt\\\/\"},{\"@type\":\"ListItem\",\"position\":2,\"name\":\"Margarida Pocinho destaca import\u00e2ncia dos fundos comunit\u00e1rios para desenvolvimento social da Madeira \u2013 O Jornal Econ\u00f3mico\"}]},{\"@type\":\"WebSite\",\"@id\":\"https:\\\/\\\/super-news.info\\\/pt\\\/#website\",\"url\":\"https:\\\/\\\/super-news.info\\\/pt\\\/\",\"name\":\"Super News\",\"description\":\"Super News Portugal\",\"potentialAction\":[{\"@type\":\"SearchAction\",\"target\":{\"@type\":\"EntryPoint\",\"urlTemplate\":\"https:\\\/\\\/super-news.info\\\/pt\\\/?s={search_term_string}\"},\"query-input\":{\"@type\":\"PropertyValueSpecification\",\"valueRequired\":true,\"valueName\":\"search_term_string\"}}],\"inLanguage\":\"pt-PT\"},{\"@type\":\"Person\",\"@id\":\"https:\\\/\\\/super-news.info\\\/pt\\\/#\\\/schema\\\/person\\\/2d4068cb2f39cd10008c2fce578a7356\",\"name\":\"super-news\",\"image\":{\"@type\":\"ImageObject\",\"inLanguage\":\"pt-PT\",\"@id\":\"https:\\\/\\\/secure.gravatar.com\\\/avatar\\\/64ebac40b93f26a154f8a9b5b6fdccfc46f442b26b3dd6756dbff3bf9dc76fd7?s=96&d=mm&r=g\",\"url\":\"https:\\\/\\\/secure.gravatar.com\\\/avatar\\\/64ebac40b93f26a154f8a9b5b6fdccfc46f442b26b3dd6756dbff3bf9dc76fd7?s=96&d=mm&r=g\",\"contentUrl\":\"https:\\\/\\\/secure.gravatar.com\\\/avatar\\\/64ebac40b93f26a154f8a9b5b6fdccfc46f442b26b3dd6756dbff3bf9dc76fd7?s=96&d=mm&r=g\",\"caption\":\"super-news\"},\"url\":\"https:\\\/\\\/super-news.info\\\/pt\\\/author\\\/pt\\\/\"}]}<\/script>\n<!-- \/ Yoast SEO plugin. -->","yoast_head_json":{"title":"Margarida Pocinho destaca import\u00e2ncia dos fundos comunit\u00e1rios para desenvolvimento social da Madeira \u2013 O Jornal Econ\u00f3mico - Super News","robots":{"index":"index","follow":"follow","max-snippet":"max-snippet:-1","max-image-preview":"max-image-preview:large","max-video-preview":"max-video-preview:-1"},"canonical":"https:\/\/super-news.info\/pt\/margarida-pocinho-destaca-importancia-dos-fundos-comunitarios-para-desenvolvimento-social-da-madeira-o-jornal-economico\/","og_locale":"pt_PT","og_type":"article","og_title":"Margarida Pocinho destaca import\u00e2ncia dos fundos comunit\u00e1rios para desenvolvimento social da Madeira \u2013 O Jornal Econ\u00f3mico - Super News","og_description":"[ad_1] A candidata do CDS-PP ao Parlamento Europeu, Margarida Pocinho, salientou, durante uma visita \u00e0 Santa Casa da Calheta, a import\u00e2ncia que os fundos comunit\u00e1rios possuem no desenvolvimento social e econ\u00f3mico da regi\u00e3o, felicitando ainda a institui\u00e7\u00e3o por formar 50 cuidadores informais para dar resposta \u00e0s necessidades do concelho. Margarida Pocinho lembrou que a Santa [&hellip;]","og_url":"https:\/\/super-news.info\/pt\/margarida-pocinho-destaca-importancia-dos-fundos-comunitarios-para-desenvolvimento-social-da-madeira-o-jornal-economico\/","og_site_name":"Super News","article_published_time":"2019-05-16T08:41:33+00:00","article_modified_time":"2019-05-16T08:41:34+00:00","og_image":[{"width":600,"height":734,"url":"https:\/\/super-news.info\/pt\/wp-content\/uploads\/sites\/2\/2019\/05\/Margarida-Pocinho-destaca-import\u00e2ncia-dos-fundos-comunit\u00e1rios-para-desenvolvimento-social.png","type":"image\/png"}],"author":"super-news","twitter_card":"summary_large_image","twitter_misc":{"Escrito por":"super-news","Tempo estimado de leitura":"1 minuto"},"schema":{"@context":"https:\/\/schema.org","@graph":[{"@type":"Article","@id":"https:\/\/super-news.info\/pt\/margarida-pocinho-destaca-importancia-dos-fundos-comunitarios-para-desenvolvimento-social-da-madeira-o-jornal-economico\/#article","isPartOf":{"@id":"https:\/\/super-news.info\/pt\/margarida-pocinho-destaca-importancia-dos-fundos-comunitarios-para-desenvolvimento-social-da-madeira-o-jornal-economico\/"},"author":{"name":"super-news","@id":"https:\/\/super-news.info\/pt\/#\/schema\/person\/2d4068cb2f39cd10008c2fce578a7356"},"headline":"Margarida Pocinho destaca import\u00e2ncia dos fundos comunit\u00e1rios para desenvolvimento social da Madeira \u2013 O Jornal Econ\u00f3mico","datePublished":"2019-05-16T08:41:33+00:00","dateModified":"2019-05-16T08:41:34+00:00","mainEntityOfPage":{"@id":"https:\/\/super-news.info\/pt\/margarida-pocinho-destaca-importancia-dos-fundos-comunitarios-para-desenvolvimento-social-da-madeira-o-jornal-economico\/"},"wordCount":223,"commentCount":0,"image":{"@id":"https:\/\/super-news.info\/pt\/margarida-pocinho-destaca-importancia-dos-fundos-comunitarios-para-desenvolvimento-social-da-madeira-o-jornal-economico\/#primaryimage"},"thumbnailUrl":"https:\/\/super-news.info\/pt\/wp-content\/uploads\/sites\/2\/2019\/05\/Margarida-Pocinho-destaca-import\u00e2ncia-dos-fundos-comunit\u00e1rios-para-desenvolvimento-social.png","articleSection":["NOT\u00cdCIAS FINANCEIRAS"],"inLanguage":"pt-PT","potentialAction":[{"@type":"CommentAction","name":"Comment","target":["https:\/\/super-news.info\/pt\/margarida-pocinho-destaca-importancia-dos-fundos-comunitarios-para-desenvolvimento-social-da-madeira-o-jornal-economico\/#respond"]}]},{"@type":"WebPage","@id":"https:\/\/super-news.info\/pt\/margarida-pocinho-destaca-importancia-dos-fundos-comunitarios-para-desenvolvimento-social-da-madeira-o-jornal-economico\/","url":"https:\/\/super-news.info\/pt\/margarida-pocinho-destaca-importancia-dos-fundos-comunitarios-para-desenvolvimento-social-da-madeira-o-jornal-economico\/","name":"Margarida Pocinho destaca import\u00e2ncia dos fundos comunit\u00e1rios para desenvolvimento social da Madeira \u2013 O Jornal Econ\u00f3mico - Super News","isPartOf":{"@id":"https:\/\/super-news.info\/pt\/#website"},"primaryImageOfPage":{"@id":"https:\/\/super-news.info\/pt\/margarida-pocinho-destaca-importancia-dos-fundos-comunitarios-para-desenvolvimento-social-da-madeira-o-jornal-economico\/#primaryimage"},"image":{"@id":"https:\/\/super-news.info\/pt\/margarida-pocinho-destaca-importancia-dos-fundos-comunitarios-para-desenvolvimento-social-da-madeira-o-jornal-economico\/#primaryimage"},"thumbnailUrl":"https:\/\/super-news.info\/pt\/wp-content\/uploads\/sites\/2\/2019\/05\/Margarida-Pocinho-destaca-import\u00e2ncia-dos-fundos-comunit\u00e1rios-para-desenvolvimento-social.png","datePublished":"2019-05-16T08:41:33+00:00","dateModified":"2019-05-16T08:41:34+00:00","author":{"@id":"https:\/\/super-news.info\/pt\/#\/schema\/person\/2d4068cb2f39cd10008c2fce578a7356"},"breadcrumb":{"@id":"https:\/\/super-news.info\/pt\/margarida-pocinho-destaca-importancia-dos-fundos-comunitarios-para-desenvolvimento-social-da-madeira-o-jornal-economico\/#breadcrumb"},"inLanguage":"pt-PT","potentialAction":[{"@type":"ReadAction","target":["https:\/\/super-news.info\/pt\/margarida-pocinho-destaca-importancia-dos-fundos-comunitarios-para-desenvolvimento-social-da-madeira-o-jornal-economico\/"]}]},{"@type":"ImageObject","inLanguage":"pt-PT","@id":"https:\/\/super-news.info\/pt\/margarida-pocinho-destaca-importancia-dos-fundos-comunitarios-para-desenvolvimento-social-da-madeira-o-jornal-economico\/#primaryimage","url":"https:\/\/super-news.info\/pt\/wp-content\/uploads\/sites\/2\/2019\/05\/Margarida-Pocinho-destaca-import\u00e2ncia-dos-fundos-comunit\u00e1rios-para-desenvolvimento-social.png","contentUrl":"https:\/\/super-news.info\/pt\/wp-content\/uploads\/sites\/2\/2019\/05\/Margarida-Pocinho-destaca-import\u00e2ncia-dos-fundos-comunit\u00e1rios-para-desenvolvimento-social.png","width":600,"height":734,"caption":"Margarida Pocinho destaca import\u00e2ncia dos fundos comunit\u00e1rios para desenvolvimento social da Madeira \u2013 O Jornal Econ\u00f3mico"},{"@type":"BreadcrumbList","@id":"https:\/\/super-news.info\/pt\/margarida-pocinho-destaca-importancia-dos-fundos-comunitarios-para-desenvolvimento-social-da-madeira-o-jornal-economico\/#breadcrumb","itemListElement":[{"@type":"ListItem","position":1,"name":"\u0413\u043b\u0430\u0432\u043d\u0430\u044f \u0441\u0442\u0440\u0430\u043d\u0438\u0446\u0430","item":"https:\/\/super-news.info\/pt\/"},{"@type":"ListItem","position":2,"name":"Margarida Pocinho destaca import\u00e2ncia dos fundos comunit\u00e1rios para desenvolvimento social da Madeira \u2013 O Jornal Econ\u00f3mico"}]},{"@type":"WebSite","@id":"https:\/\/super-news.info\/pt\/#website","url":"https:\/\/super-news.info\/pt\/","name":"Super News","description":"Super News Portugal","potentialAction":[{"@type":"SearchAction","target":{"@type":"EntryPoint","urlTemplate":"https:\/\/super-news.info\/pt\/?s={search_term_string}"},"query-input":{"@type":"PropertyValueSpecification","valueRequired":true,"valueName":"search_term_string"}}],"inLanguage":"pt-PT"},{"@type":"Person","@id":"https:\/\/super-news.info\/pt\/#\/schema\/person\/2d4068cb2f39cd10008c2fce578a7356","name":"super-news","image":{"@type":"ImageObject","inLanguage":"pt-PT","@id":"https:\/\/secure.gravatar.com\/avatar\/64ebac40b93f26a154f8a9b5b6fdccfc46f442b26b3dd6756dbff3bf9dc76fd7?s=96&d=mm&r=g","url":"https:\/\/secure.gravatar.com\/avatar\/64ebac40b93f26a154f8a9b5b6fdccfc46f442b26b3dd6756dbff3bf9dc76fd7?s=96&d=mm&r=g","contentUrl":"https:\/\/secure.gravatar.com\/avatar\/64ebac40b93f26a154f8a9b5b6fdccfc46f442b26b3dd6756dbff3bf9dc76fd7?s=96&d=mm&r=g","caption":"super-news"},"url":"https:\/\/super-news.info\/pt\/author\/pt\/"}]}},"_links":{"self":[{"href":"https:\/\/super-news.info\/pt\/wp-json\/wp\/v2\/posts\/1557","targetHints":{"allow":["GET"]}}],"collection":[{"href":"https:\/\/super-news.info\/pt\/wp-json\/wp\/v2\/posts"}],"about":[{"href":"https:\/\/super-news.info\/pt\/wp-json\/wp\/v2\/types\/post"}],"author":[{"embeddable":true,"href":"https:\/\/super-news.info\/pt\/wp-json\/wp\/v2\/users\/2"}],"replies":[{"embeddable":true,"href":"https:\/\/super-news.info\/pt\/wp-json\/wp\/v2\/comments?post=1557"}],"version-history":[{"count":1,"href":"https:\/\/super-news.info\/pt\/wp-json\/wp\/v2\/posts\/1557\/revisions"}],"predecessor-version":[{"id":1559,"href":"https:\/\/super-news.info\/pt\/wp-json\/wp\/v2\/posts\/1557\/revisions\/1559"}],"wp:featuredmedia":[{"embeddable":true,"href":"https:\/\/super-news.info\/pt\/wp-json\/wp\/v2\/media\/1558"}],"wp:attachment":[{"href":"https:\/\/super-news.info\/pt\/wp-json\/wp\/v2\/media?parent=1557"}],"wp:term":[{"taxonomy":"category","embeddable":true,"href":"https:\/\/super-news.info\/pt\/wp-json\/wp\/v2\/categories?post=1557"},{"taxonomy":"post_tag","embeddable":true,"href":"https:\/\/super-news.info\/pt\/wp-json\/wp\/v2\/tags?post=1557"}],"curies":[{"name":"wp","href":"https:\/\/api.w.org\/{rel}","templated":true}]}}