{"id":1551,"date":"2019-05-16T09:26:24","date_gmt":"2019-05-16T06:26:24","guid":{"rendered":"https:\/\/super-news.info\/pt\/solucoes-de-confianca-talento-procura-se\/"},"modified":"2019-05-16T09:26:25","modified_gmt":"2019-05-16T06:26:25","slug":"solucoes-de-confianca-talento-procura-se","status":"publish","type":"post","link":"https:\/\/super-news.info\/pt\/solucoes-de-confianca-talento-procura-se\/","title":{"rendered":"Solu\u00e7\u00f5es de confian\u00e7a: talento procura-se"},"content":{"rendered":"<p> [ad_1]<br \/>\n<\/p>\n<p>No que respeita ao emprego, o in\u00edcio de 2019 come\u00e7ou com boas not\u00edcias. Desde 2002 que n\u00e3o era observada uma taxa de desemprego t\u00e3o baixa. Uma vit\u00f3ria ganha, ainda que o envelhecimento da popula\u00e7\u00e3o portuguesa seja um fator a ter em conta na dificuldade de fazer manter estes dados. N\u00fameros positivos, com tend\u00eancia a estabilizarem, principalmente devido a dois motivos. O primeiro tem que ver com a popula\u00e7\u00e3o em idade ativa e a trabalhar estar pr\u00f3xima de valores m\u00e1ximos dos \u00faltimos vinte anos. O segundo est\u00e1 relacionado com o aumento do setor do turismo: apesar do crescimento verificado nos \u00faltimos anos, no futuro prev\u00eaem-se taxas de crescimento mais t\u00e9nues.<\/p>\n<p><strong>Novas tecnologias conduzem a novas oportunidades<\/strong><\/p>\n<p>Portugal assiste a um ritmo de envelhecimento demogr\u00e1fico acelerado, mesmo quando conjugado com saldos migrat\u00f3rios positivos e de n\u00edveis de fecundidade mais elevados, associados a uma esperan\u00e7a m\u00e9dia de vida mais elevada. No que respeita ao \u00edndice de sustentabilidade potencial (quociente entre o n\u00famero de pessoas com idades compreendidas entre 15 e 64 anos e o n\u00famero de pessoas com 65 e mais anos), a proje\u00e7\u00e3o do INE revela que face ao decr\u00e9scimo da popula\u00e7\u00e3o em idade ativa a par do aumento da popula\u00e7\u00e3o idosa, poder\u00e1 diminuir de forma acentuada at\u00e9 meio do s\u00e9culo, estabilizando a partir de ent\u00e3o.<\/p>\n<p>Segundo dados do EUROSTAT, Portugal \u00e9 o Pa\u00eds que mais aumentou a propor\u00e7\u00e3o de popula\u00e7\u00e3o empregada pelo setor das Tecnologias de Informa\u00e7\u00e3o e Comunica\u00e7\u00e3o (TIC). Sinal dos tempos tecnol\u00f3gicos que se vivem, mas n\u00e3o s\u00f3. Por um lado, Portugal n\u00e3o est\u00e1 a formar profissionais em n\u00famero suficiente para as necessidades. Por outro, ainda n\u00e3o foi poss\u00edvel travar a emigra\u00e7\u00e3o de especialistas tecnol\u00f3gicos para p\u00f3los tecnol\u00f3gicos de excel\u00eancia, como Inglaterra ou Irlanda. A qualidade do ensino nas nossas universidades, a capacidade t\u00e9cnica dos nossos profissionais e o seu desejo de condi\u00e7\u00f5es financeiras mais aliciantes, s\u00e3o fatores que fazem com que muitos trabalhadores prefiram arriscar trabalhar no estrangeiro. O nosso Pa\u00eds tem tamb\u00e9m atra\u00eddo um n\u00famero crescente de empresas tecnol\u00f3gicas, o que gera mais emprego neste sector, empresas que procuram profissionais especializados e aptos a trabalhar em perfis ligados \u00e0 programa\u00e7\u00e3o e desenvolvimento de sistemas, ou em \u00e1reas como a virtualiza\u00e7\u00e3o, intelig\u00eancia artificial, cloud e ciber-seguran\u00e7a.<\/p>\n<p><strong>O emprego certo no momento certo<\/strong><\/p>\n<p>Not\u00edcias recentes mostram que, para al\u00e9m das novas tecnologias, h\u00e1 v\u00e1rias profiss\u00f5es onde se verifica um d\u00e9ficit de trabalhadores. A atividade industrial \u00e9 um deles, consequ\u00eancia do crescimento das exporta\u00e7\u00f5es nacionais. Segundo um estudo realizado pelo Gabinete de Estrat\u00e9gia e Estudos, do Minist\u00e9rio da Economia, o setor t\u00eaxtil \u00e9 j\u00e1 o mais relevante na economia portuguesa comparativamente a qualquer outro pa\u00eds da zona euro em termos de output, emprego e valor acrescentado. S\u00f3 entre 2013 e 2017 foram criados pela fileira t\u00eaxtil mais de 12 mil postos de trabalho! Tamb\u00e9m o crescimento do setor tur\u00edstico abriu um leque de oportunidades para todos os trabalhadores que descobrem na sazonalidade uma perspetiva de futuro. Uma das \u00e1reas onde o trabalho sazonal d\u00e1 cartas \u00e9 a agricultura, com especial destaque para a \u00e9poca das vindimas, sendo que \u00e9 a norte que se encontram as maiores e melhores oportunidades. Tradicionalmente direcionado para o Algarve e outros destinos estivais, hoje em dia o turismo e a hotelaria permitem solu\u00e7\u00f5es de norte a sul: restaura\u00e7\u00e3o, acomoda\u00e7\u00e3o, monitoriza\u00e7\u00e3o de crian\u00e7as, transportes, entre outros. O Grupo Multipessoal tem em aberto mais de um milhar de vagas para contrata\u00e7\u00e3o de profissionais para diversas ind\u00fastrias, como forma de dar resposta aos clientes cuja oferta de servi\u00e7os e produtos se concentram, com maior predomin\u00e2ncia de atividade, neste per\u00edodo do ano. Ant\u00f3nio Eloy Val\u00e9rio, CEO do Grupo Multipessoal, afirma que \u201cdecorrente da proje\u00e7\u00e3o mundial do nosso pa\u00eds, as ofertas de trabalho sazonal de Ver\u00e3o t\u00eam aumentado em todas as regi\u00f5es e j\u00e1 n\u00e3o \u00e9 s\u00f3 no Algarve que se concentram as oportunidades. Os n\u00edveis de emprego continuam em crescimento e os nossos indicadores permitem-nos concluir que na sazonalidade de trabalho existem, posteriormente, outras oportunidades de sa\u00edda profissional para diferentes tipos de fun\u00e7\u00f5es.\u201d<\/p>\n<p>&nbsp;<\/p>\n<p>&nbsp;<\/p>\n<p>Este artigo foi produzido em colabora\u00e7\u00e3o com a Multipessoal.<\/p>\n<p>[ad_2]<br \/>\n<br \/><a href=\"https:\/\/jornaleconomico.sapo.pt\/noticias\/solucoes-de-confianca-talento-procura-se-443859\">Source link <\/a><\/p>\n","protected":false},"excerpt":{"rendered":"<p>[ad_1] No que respeita ao emprego, o in\u00edcio de 2019 come\u00e7ou com boas not\u00edcias. Desde 2002 que n\u00e3o era observada uma taxa de desemprego t\u00e3o baixa. Uma vit\u00f3ria ganha, ainda que o envelhecimento da popula\u00e7\u00e3o portuguesa seja um fator a ter em conta na dificuldade de fazer manter estes dados. N\u00fameros positivos, com tend\u00eancia a [&hellip;]<\/p>\n","protected":false},"author":2,"featured_media":1552,"comment_status":"open","ping_status":"open","sticky":false,"template":"","format":"standard","meta":{"footnotes":""},"categories":[1],"tags":[],"class_list":["post-1551","post","type-post","status-publish","format-standard","has-post-thumbnail","hentry","category-noticias-financeiras"],"yoast_head":"<!-- This site is optimized with the Yoast SEO plugin v27.4 - https:\/\/yoast.com\/product\/yoast-seo-wordpress\/ -->\n<title>Solu\u00e7\u00f5es de confian\u00e7a: talento procura-se - Super News<\/title>\n<meta name=\"robots\" content=\"index, follow, max-snippet:-1, max-image-preview:large, max-video-preview:-1\" \/>\n<link rel=\"canonical\" href=\"https:\/\/super-news.info\/pt\/solucoes-de-confianca-talento-procura-se\/\" \/>\n<meta property=\"og:locale\" content=\"pt_PT\" \/>\n<meta property=\"og:type\" content=\"article\" \/>\n<meta property=\"og:title\" content=\"Solu\u00e7\u00f5es de confian\u00e7a: talento procura-se - Super News\" \/>\n<meta property=\"og:description\" content=\"[ad_1] No que respeita ao emprego, o in\u00edcio de 2019 come\u00e7ou com boas not\u00edcias. Desde 2002 que n\u00e3o era observada uma taxa de desemprego t\u00e3o baixa. Uma vit\u00f3ria ganha, ainda que o envelhecimento da popula\u00e7\u00e3o portuguesa seja um fator a ter em conta na dificuldade de fazer manter estes dados. N\u00fameros positivos, com tend\u00eancia a [&hellip;]\" \/>\n<meta property=\"og:url\" content=\"https:\/\/super-news.info\/pt\/solucoes-de-confianca-talento-procura-se\/\" \/>\n<meta property=\"og:site_name\" content=\"Super News\" \/>\n<meta property=\"article:published_time\" content=\"2019-05-16T06:26:24+00:00\" \/>\n<meta property=\"article:modified_time\" content=\"2019-05-16T06:26:25+00:00\" \/>\n<meta property=\"og:image\" content=\"https:\/\/super-news.info\/pt\/wp-content\/uploads\/sites\/2\/2019\/05\/Solu\u00e7\u00f5es-de-confian\u00e7a-talento-procura-se.jpg\" \/>\n\t<meta property=\"og:image:width\" content=\"300\" \/>\n\t<meta property=\"og:image:height\" content=\"150\" \/>\n\t<meta property=\"og:image:type\" content=\"image\/jpeg\" \/>\n<meta name=\"author\" content=\"super-news\" \/>\n<meta name=\"twitter:card\" content=\"summary_large_image\" \/>\n<meta name=\"twitter:label1\" content=\"Escrito por\" \/>\n\t<meta name=\"twitter:data1\" content=\"super-news\" \/>\n\t<meta name=\"twitter:label2\" content=\"Tempo estimado de leitura\" \/>\n\t<meta name=\"twitter:data2\" content=\"4 minutos\" \/>\n<script type=\"application\/ld+json\" class=\"yoast-schema-graph\">{\"@context\":\"https:\\\/\\\/schema.org\",\"@graph\":[{\"@type\":\"Article\",\"@id\":\"https:\\\/\\\/super-news.info\\\/pt\\\/solucoes-de-confianca-talento-procura-se\\\/#article\",\"isPartOf\":{\"@id\":\"https:\\\/\\\/super-news.info\\\/pt\\\/solucoes-de-confianca-talento-procura-se\\\/\"},\"author\":{\"name\":\"super-news\",\"@id\":\"https:\\\/\\\/super-news.info\\\/pt\\\/#\\\/schema\\\/person\\\/2d4068cb2f39cd10008c2fce578a7356\"},\"headline\":\"Solu\u00e7\u00f5es de confian\u00e7a: talento procura-se\",\"datePublished\":\"2019-05-16T06:26:24+00:00\",\"dateModified\":\"2019-05-16T06:26:25+00:00\",\"mainEntityOfPage\":{\"@id\":\"https:\\\/\\\/super-news.info\\\/pt\\\/solucoes-de-confianca-talento-procura-se\\\/\"},\"wordCount\":762,\"commentCount\":0,\"image\":{\"@id\":\"https:\\\/\\\/super-news.info\\\/pt\\\/solucoes-de-confianca-talento-procura-se\\\/#primaryimage\"},\"thumbnailUrl\":\"https:\\\/\\\/super-news.info\\\/pt\\\/wp-content\\\/uploads\\\/sites\\\/2\\\/2019\\\/05\\\/Solu\u00e7\u00f5es-de-confian\u00e7a-talento-procura-se.jpg\",\"articleSection\":[\"NOT\u00cdCIAS FINANCEIRAS\"],\"inLanguage\":\"pt-PT\",\"potentialAction\":[{\"@type\":\"CommentAction\",\"name\":\"Comment\",\"target\":[\"https:\\\/\\\/super-news.info\\\/pt\\\/solucoes-de-confianca-talento-procura-se\\\/#respond\"]}]},{\"@type\":\"WebPage\",\"@id\":\"https:\\\/\\\/super-news.info\\\/pt\\\/solucoes-de-confianca-talento-procura-se\\\/\",\"url\":\"https:\\\/\\\/super-news.info\\\/pt\\\/solucoes-de-confianca-talento-procura-se\\\/\",\"name\":\"Solu\u00e7\u00f5es de confian\u00e7a: talento procura-se - Super News\",\"isPartOf\":{\"@id\":\"https:\\\/\\\/super-news.info\\\/pt\\\/#website\"},\"primaryImageOfPage\":{\"@id\":\"https:\\\/\\\/super-news.info\\\/pt\\\/solucoes-de-confianca-talento-procura-se\\\/#primaryimage\"},\"image\":{\"@id\":\"https:\\\/\\\/super-news.info\\\/pt\\\/solucoes-de-confianca-talento-procura-se\\\/#primaryimage\"},\"thumbnailUrl\":\"https:\\\/\\\/super-news.info\\\/pt\\\/wp-content\\\/uploads\\\/sites\\\/2\\\/2019\\\/05\\\/Solu\u00e7\u00f5es-de-confian\u00e7a-talento-procura-se.jpg\",\"datePublished\":\"2019-05-16T06:26:24+00:00\",\"dateModified\":\"2019-05-16T06:26:25+00:00\",\"author\":{\"@id\":\"https:\\\/\\\/super-news.info\\\/pt\\\/#\\\/schema\\\/person\\\/2d4068cb2f39cd10008c2fce578a7356\"},\"breadcrumb\":{\"@id\":\"https:\\\/\\\/super-news.info\\\/pt\\\/solucoes-de-confianca-talento-procura-se\\\/#breadcrumb\"},\"inLanguage\":\"pt-PT\",\"potentialAction\":[{\"@type\":\"ReadAction\",\"target\":[\"https:\\\/\\\/super-news.info\\\/pt\\\/solucoes-de-confianca-talento-procura-se\\\/\"]}]},{\"@type\":\"ImageObject\",\"inLanguage\":\"pt-PT\",\"@id\":\"https:\\\/\\\/super-news.info\\\/pt\\\/solucoes-de-confianca-talento-procura-se\\\/#primaryimage\",\"url\":\"https:\\\/\\\/super-news.info\\\/pt\\\/wp-content\\\/uploads\\\/sites\\\/2\\\/2019\\\/05\\\/Solu\u00e7\u00f5es-de-confian\u00e7a-talento-procura-se.jpg\",\"contentUrl\":\"https:\\\/\\\/super-news.info\\\/pt\\\/wp-content\\\/uploads\\\/sites\\\/2\\\/2019\\\/05\\\/Solu\u00e7\u00f5es-de-confian\u00e7a-talento-procura-se.jpg\",\"width\":300,\"height\":150,\"caption\":\"Solu\u00e7\u00f5es de confian\u00e7a: talento procura-se\"},{\"@type\":\"BreadcrumbList\",\"@id\":\"https:\\\/\\\/super-news.info\\\/pt\\\/solucoes-de-confianca-talento-procura-se\\\/#breadcrumb\",\"itemListElement\":[{\"@type\":\"ListItem\",\"position\":1,\"name\":\"\u0413\u043b\u0430\u0432\u043d\u0430\u044f \u0441\u0442\u0440\u0430\u043d\u0438\u0446\u0430\",\"item\":\"https:\\\/\\\/super-news.info\\\/pt\\\/\"},{\"@type\":\"ListItem\",\"position\":2,\"name\":\"Solu\u00e7\u00f5es de confian\u00e7a: talento procura-se\"}]},{\"@type\":\"WebSite\",\"@id\":\"https:\\\/\\\/super-news.info\\\/pt\\\/#website\",\"url\":\"https:\\\/\\\/super-news.info\\\/pt\\\/\",\"name\":\"Super News\",\"description\":\"Super News Portugal\",\"potentialAction\":[{\"@type\":\"SearchAction\",\"target\":{\"@type\":\"EntryPoint\",\"urlTemplate\":\"https:\\\/\\\/super-news.info\\\/pt\\\/?s={search_term_string}\"},\"query-input\":{\"@type\":\"PropertyValueSpecification\",\"valueRequired\":true,\"valueName\":\"search_term_string\"}}],\"inLanguage\":\"pt-PT\"},{\"@type\":\"Person\",\"@id\":\"https:\\\/\\\/super-news.info\\\/pt\\\/#\\\/schema\\\/person\\\/2d4068cb2f39cd10008c2fce578a7356\",\"name\":\"super-news\",\"image\":{\"@type\":\"ImageObject\",\"inLanguage\":\"pt-PT\",\"@id\":\"https:\\\/\\\/secure.gravatar.com\\\/avatar\\\/64ebac40b93f26a154f8a9b5b6fdccfc46f442b26b3dd6756dbff3bf9dc76fd7?s=96&d=mm&r=g\",\"url\":\"https:\\\/\\\/secure.gravatar.com\\\/avatar\\\/64ebac40b93f26a154f8a9b5b6fdccfc46f442b26b3dd6756dbff3bf9dc76fd7?s=96&d=mm&r=g\",\"contentUrl\":\"https:\\\/\\\/secure.gravatar.com\\\/avatar\\\/64ebac40b93f26a154f8a9b5b6fdccfc46f442b26b3dd6756dbff3bf9dc76fd7?s=96&d=mm&r=g\",\"caption\":\"super-news\"},\"url\":\"https:\\\/\\\/super-news.info\\\/pt\\\/author\\\/pt\\\/\"}]}<\/script>\n<!-- \/ Yoast SEO plugin. -->","yoast_head_json":{"title":"Solu\u00e7\u00f5es de confian\u00e7a: talento procura-se - Super News","robots":{"index":"index","follow":"follow","max-snippet":"max-snippet:-1","max-image-preview":"max-image-preview:large","max-video-preview":"max-video-preview:-1"},"canonical":"https:\/\/super-news.info\/pt\/solucoes-de-confianca-talento-procura-se\/","og_locale":"pt_PT","og_type":"article","og_title":"Solu\u00e7\u00f5es de confian\u00e7a: talento procura-se - Super News","og_description":"[ad_1] No que respeita ao emprego, o in\u00edcio de 2019 come\u00e7ou com boas not\u00edcias. Desde 2002 que n\u00e3o era observada uma taxa de desemprego t\u00e3o baixa. Uma vit\u00f3ria ganha, ainda que o envelhecimento da popula\u00e7\u00e3o portuguesa seja um fator a ter em conta na dificuldade de fazer manter estes dados. N\u00fameros positivos, com tend\u00eancia a [&hellip;]","og_url":"https:\/\/super-news.info\/pt\/solucoes-de-confianca-talento-procura-se\/","og_site_name":"Super News","article_published_time":"2019-05-16T06:26:24+00:00","article_modified_time":"2019-05-16T06:26:25+00:00","og_image":[{"width":300,"height":150,"url":"https:\/\/super-news.info\/pt\/wp-content\/uploads\/sites\/2\/2019\/05\/Solu\u00e7\u00f5es-de-confian\u00e7a-talento-procura-se.jpg","type":"image\/jpeg"}],"author":"super-news","twitter_card":"summary_large_image","twitter_misc":{"Escrito por":"super-news","Tempo estimado de leitura":"4 minutos"},"schema":{"@context":"https:\/\/schema.org","@graph":[{"@type":"Article","@id":"https:\/\/super-news.info\/pt\/solucoes-de-confianca-talento-procura-se\/#article","isPartOf":{"@id":"https:\/\/super-news.info\/pt\/solucoes-de-confianca-talento-procura-se\/"},"author":{"name":"super-news","@id":"https:\/\/super-news.info\/pt\/#\/schema\/person\/2d4068cb2f39cd10008c2fce578a7356"},"headline":"Solu\u00e7\u00f5es de confian\u00e7a: talento procura-se","datePublished":"2019-05-16T06:26:24+00:00","dateModified":"2019-05-16T06:26:25+00:00","mainEntityOfPage":{"@id":"https:\/\/super-news.info\/pt\/solucoes-de-confianca-talento-procura-se\/"},"wordCount":762,"commentCount":0,"image":{"@id":"https:\/\/super-news.info\/pt\/solucoes-de-confianca-talento-procura-se\/#primaryimage"},"thumbnailUrl":"https:\/\/super-news.info\/pt\/wp-content\/uploads\/sites\/2\/2019\/05\/Solu\u00e7\u00f5es-de-confian\u00e7a-talento-procura-se.jpg","articleSection":["NOT\u00cdCIAS FINANCEIRAS"],"inLanguage":"pt-PT","potentialAction":[{"@type":"CommentAction","name":"Comment","target":["https:\/\/super-news.info\/pt\/solucoes-de-confianca-talento-procura-se\/#respond"]}]},{"@type":"WebPage","@id":"https:\/\/super-news.info\/pt\/solucoes-de-confianca-talento-procura-se\/","url":"https:\/\/super-news.info\/pt\/solucoes-de-confianca-talento-procura-se\/","name":"Solu\u00e7\u00f5es de confian\u00e7a: talento procura-se - Super News","isPartOf":{"@id":"https:\/\/super-news.info\/pt\/#website"},"primaryImageOfPage":{"@id":"https:\/\/super-news.info\/pt\/solucoes-de-confianca-talento-procura-se\/#primaryimage"},"image":{"@id":"https:\/\/super-news.info\/pt\/solucoes-de-confianca-talento-procura-se\/#primaryimage"},"thumbnailUrl":"https:\/\/super-news.info\/pt\/wp-content\/uploads\/sites\/2\/2019\/05\/Solu\u00e7\u00f5es-de-confian\u00e7a-talento-procura-se.jpg","datePublished":"2019-05-16T06:26:24+00:00","dateModified":"2019-05-16T06:26:25+00:00","author":{"@id":"https:\/\/super-news.info\/pt\/#\/schema\/person\/2d4068cb2f39cd10008c2fce578a7356"},"breadcrumb":{"@id":"https:\/\/super-news.info\/pt\/solucoes-de-confianca-talento-procura-se\/#breadcrumb"},"inLanguage":"pt-PT","potentialAction":[{"@type":"ReadAction","target":["https:\/\/super-news.info\/pt\/solucoes-de-confianca-talento-procura-se\/"]}]},{"@type":"ImageObject","inLanguage":"pt-PT","@id":"https:\/\/super-news.info\/pt\/solucoes-de-confianca-talento-procura-se\/#primaryimage","url":"https:\/\/super-news.info\/pt\/wp-content\/uploads\/sites\/2\/2019\/05\/Solu\u00e7\u00f5es-de-confian\u00e7a-talento-procura-se.jpg","contentUrl":"https:\/\/super-news.info\/pt\/wp-content\/uploads\/sites\/2\/2019\/05\/Solu\u00e7\u00f5es-de-confian\u00e7a-talento-procura-se.jpg","width":300,"height":150,"caption":"Solu\u00e7\u00f5es de confian\u00e7a: talento procura-se"},{"@type":"BreadcrumbList","@id":"https:\/\/super-news.info\/pt\/solucoes-de-confianca-talento-procura-se\/#breadcrumb","itemListElement":[{"@type":"ListItem","position":1,"name":"\u0413\u043b\u0430\u0432\u043d\u0430\u044f \u0441\u0442\u0440\u0430\u043d\u0438\u0446\u0430","item":"https:\/\/super-news.info\/pt\/"},{"@type":"ListItem","position":2,"name":"Solu\u00e7\u00f5es de confian\u00e7a: talento procura-se"}]},{"@type":"WebSite","@id":"https:\/\/super-news.info\/pt\/#website","url":"https:\/\/super-news.info\/pt\/","name":"Super News","description":"Super News Portugal","potentialAction":[{"@type":"SearchAction","target":{"@type":"EntryPoint","urlTemplate":"https:\/\/super-news.info\/pt\/?s={search_term_string}"},"query-input":{"@type":"PropertyValueSpecification","valueRequired":true,"valueName":"search_term_string"}}],"inLanguage":"pt-PT"},{"@type":"Person","@id":"https:\/\/super-news.info\/pt\/#\/schema\/person\/2d4068cb2f39cd10008c2fce578a7356","name":"super-news","image":{"@type":"ImageObject","inLanguage":"pt-PT","@id":"https:\/\/secure.gravatar.com\/avatar\/64ebac40b93f26a154f8a9b5b6fdccfc46f442b26b3dd6756dbff3bf9dc76fd7?s=96&d=mm&r=g","url":"https:\/\/secure.gravatar.com\/avatar\/64ebac40b93f26a154f8a9b5b6fdccfc46f442b26b3dd6756dbff3bf9dc76fd7?s=96&d=mm&r=g","contentUrl":"https:\/\/secure.gravatar.com\/avatar\/64ebac40b93f26a154f8a9b5b6fdccfc46f442b26b3dd6756dbff3bf9dc76fd7?s=96&d=mm&r=g","caption":"super-news"},"url":"https:\/\/super-news.info\/pt\/author\/pt\/"}]}},"_links":{"self":[{"href":"https:\/\/super-news.info\/pt\/wp-json\/wp\/v2\/posts\/1551","targetHints":{"allow":["GET"]}}],"collection":[{"href":"https:\/\/super-news.info\/pt\/wp-json\/wp\/v2\/posts"}],"about":[{"href":"https:\/\/super-news.info\/pt\/wp-json\/wp\/v2\/types\/post"}],"author":[{"embeddable":true,"href":"https:\/\/super-news.info\/pt\/wp-json\/wp\/v2\/users\/2"}],"replies":[{"embeddable":true,"href":"https:\/\/super-news.info\/pt\/wp-json\/wp\/v2\/comments?post=1551"}],"version-history":[{"count":1,"href":"https:\/\/super-news.info\/pt\/wp-json\/wp\/v2\/posts\/1551\/revisions"}],"predecessor-version":[{"id":1553,"href":"https:\/\/super-news.info\/pt\/wp-json\/wp\/v2\/posts\/1551\/revisions\/1553"}],"wp:featuredmedia":[{"embeddable":true,"href":"https:\/\/super-news.info\/pt\/wp-json\/wp\/v2\/media\/1552"}],"wp:attachment":[{"href":"https:\/\/super-news.info\/pt\/wp-json\/wp\/v2\/media?parent=1551"}],"wp:term":[{"taxonomy":"category","embeddable":true,"href":"https:\/\/super-news.info\/pt\/wp-json\/wp\/v2\/categories?post=1551"},{"taxonomy":"post_tag","embeddable":true,"href":"https:\/\/super-news.info\/pt\/wp-json\/wp\/v2\/tags?post=1551"}],"curies":[{"name":"wp","href":"https:\/\/api.w.org\/{rel}","templated":true}]}}