{"id":1535,"date":"2019-05-15T17:40:01","date_gmt":"2019-05-15T14:40:01","guid":{"rendered":"https:\/\/super-news.info\/pt\/rafael-macedo-e-23-acusacoes-nao-provadas-o-resumo-do-debate-parlamentar-sobre-unidade-de-medicina-nuclear-da-madeira-o-jornal-economico\/"},"modified":"2019-05-15T17:40:02","modified_gmt":"2019-05-15T14:40:02","slug":"rafael-macedo-e-23-acusacoes-nao-provadas-o-resumo-do-debate-parlamentar-sobre-unidade-de-medicina-nuclear-da-madeira-o-jornal-economico","status":"publish","type":"post","link":"https:\/\/super-news.info\/pt\/rafael-macedo-e-23-acusacoes-nao-provadas-o-resumo-do-debate-parlamentar-sobre-unidade-de-medicina-nuclear-da-madeira-o-jornal-economico\/","title":{"rendered":"Rafael Macedo e 23 acusa\u00e7\u00f5es n\u00e3o provadas. O resumo do debate parlamentar sobre Unidade de Medicina Nuclear da Madeira \u2013 O Jornal Econ\u00f3mico"},"content":{"rendered":"<p> [ad_1]<br \/>\n<\/p>\n<div>\n<p>A Assembleia Legislativa da Madeira apreciou o relat\u00f3rio da comiss\u00e3o de inqu\u00e9rito sobre a Unidade de Medicina Nuclear do Servi\u00e7o Regional de Sa\u00fade (SESARAM) um documento que acabou por causar diferentes leituras entre o PSD e as bancadas da oposi\u00e7\u00e3o. Rafael Macedo e algumas das acusa\u00e7\u00f5es que levantou na sua audi\u00e7\u00e3o foram as ideias principais que surgiram durante o debate partid\u00e1rio decorrido nesta ter\u00e7a-feira.<\/p>\n<p>O debate partid\u00e1rio sobre o relat\u00f3rio da comiss\u00e3o de inqu\u00e9rito \u00e0 Unidade de Medicina Nuclear mostrou algumas das clivagens existentes entre os partidos. Enquanto que o PSD colocou um dos focos nas 23 acusa\u00e7\u00f5es, feitas na comiss\u00e3o de inqu\u00e9rito, que n\u00e3o foram provadas, j\u00e1 o PS alega que as conclus\u00f5es do relat\u00f3rio \u201cn\u00e3o s\u00e3o s\u00e9rias e verdadeiras\u201d, enquanto que o BE acusa a comiss\u00e3o de se ter transformado num julgamento a Rafael Macedo, coordenador da Unidade de Medicina Nuclear do SESARAM, e o CDS-PP sublinha que o relat\u00f3rio \u201cbranqueia a atua\u00e7\u00e3o do SESARAM e coloca o \u00f3nus todo\u201d em Rafael Macedo.<\/p>\n<p>\u201cS\u00f3 por esta raz\u00e3o n\u00e3o pod\u00edamos votar a favor deste relat\u00f3rio\u201d, acrescentou Ant\u00f3nio Lopes da Fonseca, deputado do CDS-PP.<\/p>\n<p>As cr\u00edticas ao relat\u00f3rio foram extens\u00edveis ao JPP que defendeu que o crit\u00e9rio de funcionamento das comiss\u00f5es de inqu\u00e9rito \u201cs\u00e3o aqueles que o PSD quiser\u201d e que existiram \u201cdiferen\u00e7as de tratamento e de funcionamento\u201d, nas comiss\u00f5es de inqu\u00e9rito ao funcionamento do SESARAM e na da Unidade de Medicina Nuclear do SESARAM, que foram requeridas pela oposi\u00e7\u00e3o e pelos sociais democratas.<\/p>\n<p>\u201cPara al\u00e9m de n\u00e3o provadas o que as acusa\u00e7\u00f5es t\u00eam em comum \u00e9 a absoluta aus\u00eancia de provas com que foram feitas. Toda a acusa\u00e7\u00e3o precisa de sustenta\u00e7\u00e3o. A gravidade das acusa\u00e7\u00f5es deve ser proporcional \u00e0 exig\u00eancia de provas que as suporta\u201d, afirmou Jo\u00e3o Paulo Marques, do PSD, durante a aprecia\u00e7\u00e3o do relat\u00f3rio da comiss\u00e3o de inqu\u00e9rito.<\/p>\n<p>\u201cOs principais acusadores ficaram em sil\u00eancio e aqueles que juraram ter todas as provas. Ningu\u00e9m colocou em causa as 23 acusa\u00e7\u00f5es que n\u00e3o foram provadas\u201d, acrescentou o social democrata.<\/p>\n<p>Se o PSD denunciou as acusa\u00e7\u00f5es que n\u00e3o foram provadas j\u00e1 o PCP, atrav\u00e9s de Ricardo Lume, alertou que as audi\u00e7\u00f5es efectuadas na comiss\u00e3o de inqu\u00e9rito mostraram que o equipamento est\u00e1 a ser subaproveitados.<\/p>\n<p>As cr\u00edticas da oposi\u00e7\u00e3o n\u00e3o se ficaram por aqui. \u201cO PSD enganou-nos desde o in\u00edcio. Disseram que poder\u00edamos ouvir todas as entidades mais do que uma vez. O PS pediu a vinda pela 2\u00aa vez de Rafael Macedo e foi recusado. Tra\u00edram a palavra dada ao deputados e encerraram a comiss\u00e3o de inqu\u00e9rito\u201d, denunciou Victor Freitas, do PS.<\/p>\n<p>\u201cN\u00e3o respeitaram o objeto da comiss\u00e3o de inqu\u00e9rito, fugiram desse objeto, e desviaram aten\u00e7\u00f5es. As conclus\u00f5es n\u00e3o s\u00e3o s\u00e9rias e verdadeiras\u201d, afirmou Victor Freitas sobre o relat\u00f3rio.<\/p>\n<p>O BE lamentou que a comiss\u00e3o de inqu\u00e9rito se tenha transformado num julgamento a Rafael Macedo. \u201cFoi uma estrat\u00e9gia do PSD para descredibilizar o m\u00e9dico e desviar aten\u00e7\u00e3o do que estava em an\u00e1lise\u201d, sublinhou o bloquista.<\/p>\n<p>\u201cO SESARAM sem respeito pela comiss\u00e3o decide unilateralmente afastar Rafael Macedo suspendendo-o de fun\u00e7\u00f5es\u201d, refor\u00e7ou Roberto Almada.<\/p>\n<p>O deputado do BE disse ainda que o secret\u00e1rio regional da Sa\u00fade, Pedro Ramos, se comportou de forma lament\u00e1vel e inaceit\u00e1vel, quando disse que o \u201cSESARAM seguir\u00e1 o seu caminho e que quem discordar das pol\u00edticas da secretaria da Sa\u00fade seguir\u00e1 o seu caminho\u201d.<\/p>\n<\/p><\/div>\n<p><script>function facebookInit(){var js=document.createElement('script');js.src='https:\/\/connect.facebook.net\/pt_PT\/sdk.js#xfbml=1&version=v3.1&appId=1708066812789184&autoLogAppEvents=1';return document.body.appendChild(js);}\nwindow.onscroll=function(){var rect=document.getElementsByClassName('je-post-content')[0].getBoundingClientRect();if(rect.bottom<window.innerHeight){facebookInit();window.onscroll=null;}}<\/script><br \/>\n<br \/>[ad_2]<br \/>\n<br \/><a href=\"https:\/\/jornaleconomico.sapo.pt\/noticias\/rafael-macedo-e-23-acusacoes-nao-provadas-o-resumo-do-debate-parlamentar-sobre-unidade-de-medicina-nuclear-da-madeira-444785\">Source link <\/a><\/p>\n","protected":false},"excerpt":{"rendered":"<p>[ad_1] A Assembleia Legislativa da Madeira apreciou o relat\u00f3rio da comiss\u00e3o de inqu\u00e9rito sobre a Unidade de Medicina Nuclear do Servi\u00e7o Regional de Sa\u00fade (SESARAM) um documento que acabou por causar diferentes leituras entre o PSD e as bancadas da oposi\u00e7\u00e3o. Rafael Macedo e algumas das acusa\u00e7\u00f5es que levantou na sua audi\u00e7\u00e3o foram as ideias [&hellip;]<\/p>\n","protected":false},"author":2,"featured_media":1536,"comment_status":"open","ping_status":"open","sticky":false,"template":"","format":"standard","meta":{"footnotes":""},"categories":[1],"tags":[],"class_list":["post-1535","post","type-post","status-publish","format-standard","has-post-thumbnail","hentry","category-noticias-financeiras"],"yoast_head":"<!-- This site is optimized with the Yoast SEO plugin v27.4 - https:\/\/yoast.com\/product\/yoast-seo-wordpress\/ -->\n<title>Rafael Macedo e 23 acusa\u00e7\u00f5es n\u00e3o provadas. O resumo do debate parlamentar sobre Unidade de Medicina Nuclear da Madeira \u2013 O Jornal Econ\u00f3mico - Super News<\/title>\n<meta name=\"robots\" content=\"index, follow, max-snippet:-1, max-image-preview:large, max-video-preview:-1\" \/>\n<link rel=\"canonical\" href=\"https:\/\/super-news.info\/pt\/rafael-macedo-e-23-acusacoes-nao-provadas-o-resumo-do-debate-parlamentar-sobre-unidade-de-medicina-nuclear-da-madeira-o-jornal-economico\/\" \/>\n<meta property=\"og:locale\" content=\"pt_PT\" \/>\n<meta property=\"og:type\" content=\"article\" \/>\n<meta property=\"og:title\" content=\"Rafael Macedo e 23 acusa\u00e7\u00f5es n\u00e3o provadas. O resumo do debate parlamentar sobre Unidade de Medicina Nuclear da Madeira \u2013 O Jornal Econ\u00f3mico - Super News\" \/>\n<meta property=\"og:description\" content=\"[ad_1] A Assembleia Legislativa da Madeira apreciou o relat\u00f3rio da comiss\u00e3o de inqu\u00e9rito sobre a Unidade de Medicina Nuclear do Servi\u00e7o Regional de Sa\u00fade (SESARAM) um documento que acabou por causar diferentes leituras entre o PSD e as bancadas da oposi\u00e7\u00e3o. Rafael Macedo e algumas das acusa\u00e7\u00f5es que levantou na sua audi\u00e7\u00e3o foram as ideias [&hellip;]\" \/>\n<meta property=\"og:url\" content=\"https:\/\/super-news.info\/pt\/rafael-macedo-e-23-acusacoes-nao-provadas-o-resumo-do-debate-parlamentar-sobre-unidade-de-medicina-nuclear-da-madeira-o-jornal-economico\/\" \/>\n<meta property=\"og:site_name\" content=\"Super News\" \/>\n<meta property=\"article:published_time\" content=\"2019-05-15T14:40:01+00:00\" \/>\n<meta property=\"article:modified_time\" content=\"2019-05-15T14:40:02+00:00\" \/>\n<meta property=\"og:image\" content=\"https:\/\/super-news.info\/pt\/wp-content\/uploads\/sites\/2\/2019\/05\/Rafael-Macedo-e-23-acusa\u00e7\u00f5es-n\u00e3o-provadas.-O-resumo-do.png\" \/>\n\t<meta property=\"og:image:width\" content=\"600\" \/>\n\t<meta property=\"og:image:height\" content=\"664\" \/>\n\t<meta property=\"og:image:type\" content=\"image\/png\" \/>\n<meta name=\"author\" content=\"super-news\" \/>\n<meta name=\"twitter:card\" content=\"summary_large_image\" \/>\n<meta name=\"twitter:label1\" content=\"Escrito por\" \/>\n\t<meta name=\"twitter:data1\" content=\"super-news\" \/>\n\t<meta name=\"twitter:label2\" content=\"Tempo estimado de leitura\" \/>\n\t<meta name=\"twitter:data2\" content=\"3 minutos\" \/>\n<script type=\"application\/ld+json\" class=\"yoast-schema-graph\">{\"@context\":\"https:\\\/\\\/schema.org\",\"@graph\":[{\"@type\":\"Article\",\"@id\":\"https:\\\/\\\/super-news.info\\\/pt\\\/rafael-macedo-e-23-acusacoes-nao-provadas-o-resumo-do-debate-parlamentar-sobre-unidade-de-medicina-nuclear-da-madeira-o-jornal-economico\\\/#article\",\"isPartOf\":{\"@id\":\"https:\\\/\\\/super-news.info\\\/pt\\\/rafael-macedo-e-23-acusacoes-nao-provadas-o-resumo-do-debate-parlamentar-sobre-unidade-de-medicina-nuclear-da-madeira-o-jornal-economico\\\/\"},\"author\":{\"name\":\"super-news\",\"@id\":\"https:\\\/\\\/super-news.info\\\/pt\\\/#\\\/schema\\\/person\\\/2d4068cb2f39cd10008c2fce578a7356\"},\"headline\":\"Rafael Macedo e 23 acusa\u00e7\u00f5es n\u00e3o provadas. O resumo do debate parlamentar sobre Unidade de Medicina Nuclear da Madeira \u2013 O Jornal Econ\u00f3mico\",\"datePublished\":\"2019-05-15T14:40:01+00:00\",\"dateModified\":\"2019-05-15T14:40:02+00:00\",\"mainEntityOfPage\":{\"@id\":\"https:\\\/\\\/super-news.info\\\/pt\\\/rafael-macedo-e-23-acusacoes-nao-provadas-o-resumo-do-debate-parlamentar-sobre-unidade-de-medicina-nuclear-da-madeira-o-jornal-economico\\\/\"},\"wordCount\":666,\"commentCount\":0,\"image\":{\"@id\":\"https:\\\/\\\/super-news.info\\\/pt\\\/rafael-macedo-e-23-acusacoes-nao-provadas-o-resumo-do-debate-parlamentar-sobre-unidade-de-medicina-nuclear-da-madeira-o-jornal-economico\\\/#primaryimage\"},\"thumbnailUrl\":\"https:\\\/\\\/super-news.info\\\/pt\\\/wp-content\\\/uploads\\\/sites\\\/2\\\/2019\\\/05\\\/Rafael-Macedo-e-23-acusa\u00e7\u00f5es-n\u00e3o-provadas.-O-resumo-do.png\",\"articleSection\":[\"NOT\u00cdCIAS FINANCEIRAS\"],\"inLanguage\":\"pt-PT\",\"potentialAction\":[{\"@type\":\"CommentAction\",\"name\":\"Comment\",\"target\":[\"https:\\\/\\\/super-news.info\\\/pt\\\/rafael-macedo-e-23-acusacoes-nao-provadas-o-resumo-do-debate-parlamentar-sobre-unidade-de-medicina-nuclear-da-madeira-o-jornal-economico\\\/#respond\"]}]},{\"@type\":\"WebPage\",\"@id\":\"https:\\\/\\\/super-news.info\\\/pt\\\/rafael-macedo-e-23-acusacoes-nao-provadas-o-resumo-do-debate-parlamentar-sobre-unidade-de-medicina-nuclear-da-madeira-o-jornal-economico\\\/\",\"url\":\"https:\\\/\\\/super-news.info\\\/pt\\\/rafael-macedo-e-23-acusacoes-nao-provadas-o-resumo-do-debate-parlamentar-sobre-unidade-de-medicina-nuclear-da-madeira-o-jornal-economico\\\/\",\"name\":\"Rafael Macedo e 23 acusa\u00e7\u00f5es n\u00e3o provadas. O resumo do debate parlamentar sobre Unidade de Medicina Nuclear da Madeira \u2013 O Jornal Econ\u00f3mico - Super News\",\"isPartOf\":{\"@id\":\"https:\\\/\\\/super-news.info\\\/pt\\\/#website\"},\"primaryImageOfPage\":{\"@id\":\"https:\\\/\\\/super-news.info\\\/pt\\\/rafael-macedo-e-23-acusacoes-nao-provadas-o-resumo-do-debate-parlamentar-sobre-unidade-de-medicina-nuclear-da-madeira-o-jornal-economico\\\/#primaryimage\"},\"image\":{\"@id\":\"https:\\\/\\\/super-news.info\\\/pt\\\/rafael-macedo-e-23-acusacoes-nao-provadas-o-resumo-do-debate-parlamentar-sobre-unidade-de-medicina-nuclear-da-madeira-o-jornal-economico\\\/#primaryimage\"},\"thumbnailUrl\":\"https:\\\/\\\/super-news.info\\\/pt\\\/wp-content\\\/uploads\\\/sites\\\/2\\\/2019\\\/05\\\/Rafael-Macedo-e-23-acusa\u00e7\u00f5es-n\u00e3o-provadas.-O-resumo-do.png\",\"datePublished\":\"2019-05-15T14:40:01+00:00\",\"dateModified\":\"2019-05-15T14:40:02+00:00\",\"author\":{\"@id\":\"https:\\\/\\\/super-news.info\\\/pt\\\/#\\\/schema\\\/person\\\/2d4068cb2f39cd10008c2fce578a7356\"},\"breadcrumb\":{\"@id\":\"https:\\\/\\\/super-news.info\\\/pt\\\/rafael-macedo-e-23-acusacoes-nao-provadas-o-resumo-do-debate-parlamentar-sobre-unidade-de-medicina-nuclear-da-madeira-o-jornal-economico\\\/#breadcrumb\"},\"inLanguage\":\"pt-PT\",\"potentialAction\":[{\"@type\":\"ReadAction\",\"target\":[\"https:\\\/\\\/super-news.info\\\/pt\\\/rafael-macedo-e-23-acusacoes-nao-provadas-o-resumo-do-debate-parlamentar-sobre-unidade-de-medicina-nuclear-da-madeira-o-jornal-economico\\\/\"]}]},{\"@type\":\"ImageObject\",\"inLanguage\":\"pt-PT\",\"@id\":\"https:\\\/\\\/super-news.info\\\/pt\\\/rafael-macedo-e-23-acusacoes-nao-provadas-o-resumo-do-debate-parlamentar-sobre-unidade-de-medicina-nuclear-da-madeira-o-jornal-economico\\\/#primaryimage\",\"url\":\"https:\\\/\\\/super-news.info\\\/pt\\\/wp-content\\\/uploads\\\/sites\\\/2\\\/2019\\\/05\\\/Rafael-Macedo-e-23-acusa\u00e7\u00f5es-n\u00e3o-provadas.-O-resumo-do.png\",\"contentUrl\":\"https:\\\/\\\/super-news.info\\\/pt\\\/wp-content\\\/uploads\\\/sites\\\/2\\\/2019\\\/05\\\/Rafael-Macedo-e-23-acusa\u00e7\u00f5es-n\u00e3o-provadas.-O-resumo-do.png\",\"width\":600,\"height\":664,\"caption\":\"Rafael Macedo e 23 acusa\u00e7\u00f5es n\u00e3o provadas. O resumo do debate parlamentar sobre Unidade de Medicina Nuclear da Madeira \u2013 O Jornal Econ\u00f3mico\"},{\"@type\":\"BreadcrumbList\",\"@id\":\"https:\\\/\\\/super-news.info\\\/pt\\\/rafael-macedo-e-23-acusacoes-nao-provadas-o-resumo-do-debate-parlamentar-sobre-unidade-de-medicina-nuclear-da-madeira-o-jornal-economico\\\/#breadcrumb\",\"itemListElement\":[{\"@type\":\"ListItem\",\"position\":1,\"name\":\"\u0413\u043b\u0430\u0432\u043d\u0430\u044f \u0441\u0442\u0440\u0430\u043d\u0438\u0446\u0430\",\"item\":\"https:\\\/\\\/super-news.info\\\/pt\\\/\"},{\"@type\":\"ListItem\",\"position\":2,\"name\":\"Rafael Macedo e 23 acusa\u00e7\u00f5es n\u00e3o provadas. O resumo do debate parlamentar sobre Unidade de Medicina Nuclear da Madeira \u2013 O Jornal Econ\u00f3mico\"}]},{\"@type\":\"WebSite\",\"@id\":\"https:\\\/\\\/super-news.info\\\/pt\\\/#website\",\"url\":\"https:\\\/\\\/super-news.info\\\/pt\\\/\",\"name\":\"Super News\",\"description\":\"Super News Portugal\",\"potentialAction\":[{\"@type\":\"SearchAction\",\"target\":{\"@type\":\"EntryPoint\",\"urlTemplate\":\"https:\\\/\\\/super-news.info\\\/pt\\\/?s={search_term_string}\"},\"query-input\":{\"@type\":\"PropertyValueSpecification\",\"valueRequired\":true,\"valueName\":\"search_term_string\"}}],\"inLanguage\":\"pt-PT\"},{\"@type\":\"Person\",\"@id\":\"https:\\\/\\\/super-news.info\\\/pt\\\/#\\\/schema\\\/person\\\/2d4068cb2f39cd10008c2fce578a7356\",\"name\":\"super-news\",\"image\":{\"@type\":\"ImageObject\",\"inLanguage\":\"pt-PT\",\"@id\":\"https:\\\/\\\/secure.gravatar.com\\\/avatar\\\/64ebac40b93f26a154f8a9b5b6fdccfc46f442b26b3dd6756dbff3bf9dc76fd7?s=96&d=mm&r=g\",\"url\":\"https:\\\/\\\/secure.gravatar.com\\\/avatar\\\/64ebac40b93f26a154f8a9b5b6fdccfc46f442b26b3dd6756dbff3bf9dc76fd7?s=96&d=mm&r=g\",\"contentUrl\":\"https:\\\/\\\/secure.gravatar.com\\\/avatar\\\/64ebac40b93f26a154f8a9b5b6fdccfc46f442b26b3dd6756dbff3bf9dc76fd7?s=96&d=mm&r=g\",\"caption\":\"super-news\"},\"url\":\"https:\\\/\\\/super-news.info\\\/pt\\\/author\\\/pt\\\/\"}]}<\/script>\n<!-- \/ Yoast SEO plugin. -->","yoast_head_json":{"title":"Rafael Macedo e 23 acusa\u00e7\u00f5es n\u00e3o provadas. O resumo do debate parlamentar sobre Unidade de Medicina Nuclear da Madeira \u2013 O Jornal Econ\u00f3mico - Super News","robots":{"index":"index","follow":"follow","max-snippet":"max-snippet:-1","max-image-preview":"max-image-preview:large","max-video-preview":"max-video-preview:-1"},"canonical":"https:\/\/super-news.info\/pt\/rafael-macedo-e-23-acusacoes-nao-provadas-o-resumo-do-debate-parlamentar-sobre-unidade-de-medicina-nuclear-da-madeira-o-jornal-economico\/","og_locale":"pt_PT","og_type":"article","og_title":"Rafael Macedo e 23 acusa\u00e7\u00f5es n\u00e3o provadas. O resumo do debate parlamentar sobre Unidade de Medicina Nuclear da Madeira \u2013 O Jornal Econ\u00f3mico - Super News","og_description":"[ad_1] A Assembleia Legislativa da Madeira apreciou o relat\u00f3rio da comiss\u00e3o de inqu\u00e9rito sobre a Unidade de Medicina Nuclear do Servi\u00e7o Regional de Sa\u00fade (SESARAM) um documento que acabou por causar diferentes leituras entre o PSD e as bancadas da oposi\u00e7\u00e3o. Rafael Macedo e algumas das acusa\u00e7\u00f5es que levantou na sua audi\u00e7\u00e3o foram as ideias [&hellip;]","og_url":"https:\/\/super-news.info\/pt\/rafael-macedo-e-23-acusacoes-nao-provadas-o-resumo-do-debate-parlamentar-sobre-unidade-de-medicina-nuclear-da-madeira-o-jornal-economico\/","og_site_name":"Super News","article_published_time":"2019-05-15T14:40:01+00:00","article_modified_time":"2019-05-15T14:40:02+00:00","og_image":[{"width":600,"height":664,"url":"https:\/\/super-news.info\/pt\/wp-content\/uploads\/sites\/2\/2019\/05\/Rafael-Macedo-e-23-acusa\u00e7\u00f5es-n\u00e3o-provadas.-O-resumo-do.png","type":"image\/png"}],"author":"super-news","twitter_card":"summary_large_image","twitter_misc":{"Escrito por":"super-news","Tempo estimado de leitura":"3 minutos"},"schema":{"@context":"https:\/\/schema.org","@graph":[{"@type":"Article","@id":"https:\/\/super-news.info\/pt\/rafael-macedo-e-23-acusacoes-nao-provadas-o-resumo-do-debate-parlamentar-sobre-unidade-de-medicina-nuclear-da-madeira-o-jornal-economico\/#article","isPartOf":{"@id":"https:\/\/super-news.info\/pt\/rafael-macedo-e-23-acusacoes-nao-provadas-o-resumo-do-debate-parlamentar-sobre-unidade-de-medicina-nuclear-da-madeira-o-jornal-economico\/"},"author":{"name":"super-news","@id":"https:\/\/super-news.info\/pt\/#\/schema\/person\/2d4068cb2f39cd10008c2fce578a7356"},"headline":"Rafael Macedo e 23 acusa\u00e7\u00f5es n\u00e3o provadas. O resumo do debate parlamentar sobre Unidade de Medicina Nuclear da Madeira \u2013 O Jornal Econ\u00f3mico","datePublished":"2019-05-15T14:40:01+00:00","dateModified":"2019-05-15T14:40:02+00:00","mainEntityOfPage":{"@id":"https:\/\/super-news.info\/pt\/rafael-macedo-e-23-acusacoes-nao-provadas-o-resumo-do-debate-parlamentar-sobre-unidade-de-medicina-nuclear-da-madeira-o-jornal-economico\/"},"wordCount":666,"commentCount":0,"image":{"@id":"https:\/\/super-news.info\/pt\/rafael-macedo-e-23-acusacoes-nao-provadas-o-resumo-do-debate-parlamentar-sobre-unidade-de-medicina-nuclear-da-madeira-o-jornal-economico\/#primaryimage"},"thumbnailUrl":"https:\/\/super-news.info\/pt\/wp-content\/uploads\/sites\/2\/2019\/05\/Rafael-Macedo-e-23-acusa\u00e7\u00f5es-n\u00e3o-provadas.-O-resumo-do.png","articleSection":["NOT\u00cdCIAS FINANCEIRAS"],"inLanguage":"pt-PT","potentialAction":[{"@type":"CommentAction","name":"Comment","target":["https:\/\/super-news.info\/pt\/rafael-macedo-e-23-acusacoes-nao-provadas-o-resumo-do-debate-parlamentar-sobre-unidade-de-medicina-nuclear-da-madeira-o-jornal-economico\/#respond"]}]},{"@type":"WebPage","@id":"https:\/\/super-news.info\/pt\/rafael-macedo-e-23-acusacoes-nao-provadas-o-resumo-do-debate-parlamentar-sobre-unidade-de-medicina-nuclear-da-madeira-o-jornal-economico\/","url":"https:\/\/super-news.info\/pt\/rafael-macedo-e-23-acusacoes-nao-provadas-o-resumo-do-debate-parlamentar-sobre-unidade-de-medicina-nuclear-da-madeira-o-jornal-economico\/","name":"Rafael Macedo e 23 acusa\u00e7\u00f5es n\u00e3o provadas. O resumo do debate parlamentar sobre Unidade de Medicina Nuclear da Madeira \u2013 O Jornal Econ\u00f3mico - Super News","isPartOf":{"@id":"https:\/\/super-news.info\/pt\/#website"},"primaryImageOfPage":{"@id":"https:\/\/super-news.info\/pt\/rafael-macedo-e-23-acusacoes-nao-provadas-o-resumo-do-debate-parlamentar-sobre-unidade-de-medicina-nuclear-da-madeira-o-jornal-economico\/#primaryimage"},"image":{"@id":"https:\/\/super-news.info\/pt\/rafael-macedo-e-23-acusacoes-nao-provadas-o-resumo-do-debate-parlamentar-sobre-unidade-de-medicina-nuclear-da-madeira-o-jornal-economico\/#primaryimage"},"thumbnailUrl":"https:\/\/super-news.info\/pt\/wp-content\/uploads\/sites\/2\/2019\/05\/Rafael-Macedo-e-23-acusa\u00e7\u00f5es-n\u00e3o-provadas.-O-resumo-do.png","datePublished":"2019-05-15T14:40:01+00:00","dateModified":"2019-05-15T14:40:02+00:00","author":{"@id":"https:\/\/super-news.info\/pt\/#\/schema\/person\/2d4068cb2f39cd10008c2fce578a7356"},"breadcrumb":{"@id":"https:\/\/super-news.info\/pt\/rafael-macedo-e-23-acusacoes-nao-provadas-o-resumo-do-debate-parlamentar-sobre-unidade-de-medicina-nuclear-da-madeira-o-jornal-economico\/#breadcrumb"},"inLanguage":"pt-PT","potentialAction":[{"@type":"ReadAction","target":["https:\/\/super-news.info\/pt\/rafael-macedo-e-23-acusacoes-nao-provadas-o-resumo-do-debate-parlamentar-sobre-unidade-de-medicina-nuclear-da-madeira-o-jornal-economico\/"]}]},{"@type":"ImageObject","inLanguage":"pt-PT","@id":"https:\/\/super-news.info\/pt\/rafael-macedo-e-23-acusacoes-nao-provadas-o-resumo-do-debate-parlamentar-sobre-unidade-de-medicina-nuclear-da-madeira-o-jornal-economico\/#primaryimage","url":"https:\/\/super-news.info\/pt\/wp-content\/uploads\/sites\/2\/2019\/05\/Rafael-Macedo-e-23-acusa\u00e7\u00f5es-n\u00e3o-provadas.-O-resumo-do.png","contentUrl":"https:\/\/super-news.info\/pt\/wp-content\/uploads\/sites\/2\/2019\/05\/Rafael-Macedo-e-23-acusa\u00e7\u00f5es-n\u00e3o-provadas.-O-resumo-do.png","width":600,"height":664,"caption":"Rafael Macedo e 23 acusa\u00e7\u00f5es n\u00e3o provadas. O resumo do debate parlamentar sobre Unidade de Medicina Nuclear da Madeira \u2013 O Jornal Econ\u00f3mico"},{"@type":"BreadcrumbList","@id":"https:\/\/super-news.info\/pt\/rafael-macedo-e-23-acusacoes-nao-provadas-o-resumo-do-debate-parlamentar-sobre-unidade-de-medicina-nuclear-da-madeira-o-jornal-economico\/#breadcrumb","itemListElement":[{"@type":"ListItem","position":1,"name":"\u0413\u043b\u0430\u0432\u043d\u0430\u044f \u0441\u0442\u0440\u0430\u043d\u0438\u0446\u0430","item":"https:\/\/super-news.info\/pt\/"},{"@type":"ListItem","position":2,"name":"Rafael Macedo e 23 acusa\u00e7\u00f5es n\u00e3o provadas. O resumo do debate parlamentar sobre Unidade de Medicina Nuclear da Madeira \u2013 O Jornal Econ\u00f3mico"}]},{"@type":"WebSite","@id":"https:\/\/super-news.info\/pt\/#website","url":"https:\/\/super-news.info\/pt\/","name":"Super News","description":"Super News Portugal","potentialAction":[{"@type":"SearchAction","target":{"@type":"EntryPoint","urlTemplate":"https:\/\/super-news.info\/pt\/?s={search_term_string}"},"query-input":{"@type":"PropertyValueSpecification","valueRequired":true,"valueName":"search_term_string"}}],"inLanguage":"pt-PT"},{"@type":"Person","@id":"https:\/\/super-news.info\/pt\/#\/schema\/person\/2d4068cb2f39cd10008c2fce578a7356","name":"super-news","image":{"@type":"ImageObject","inLanguage":"pt-PT","@id":"https:\/\/secure.gravatar.com\/avatar\/64ebac40b93f26a154f8a9b5b6fdccfc46f442b26b3dd6756dbff3bf9dc76fd7?s=96&d=mm&r=g","url":"https:\/\/secure.gravatar.com\/avatar\/64ebac40b93f26a154f8a9b5b6fdccfc46f442b26b3dd6756dbff3bf9dc76fd7?s=96&d=mm&r=g","contentUrl":"https:\/\/secure.gravatar.com\/avatar\/64ebac40b93f26a154f8a9b5b6fdccfc46f442b26b3dd6756dbff3bf9dc76fd7?s=96&d=mm&r=g","caption":"super-news"},"url":"https:\/\/super-news.info\/pt\/author\/pt\/"}]}},"_links":{"self":[{"href":"https:\/\/super-news.info\/pt\/wp-json\/wp\/v2\/posts\/1535","targetHints":{"allow":["GET"]}}],"collection":[{"href":"https:\/\/super-news.info\/pt\/wp-json\/wp\/v2\/posts"}],"about":[{"href":"https:\/\/super-news.info\/pt\/wp-json\/wp\/v2\/types\/post"}],"author":[{"embeddable":true,"href":"https:\/\/super-news.info\/pt\/wp-json\/wp\/v2\/users\/2"}],"replies":[{"embeddable":true,"href":"https:\/\/super-news.info\/pt\/wp-json\/wp\/v2\/comments?post=1535"}],"version-history":[{"count":1,"href":"https:\/\/super-news.info\/pt\/wp-json\/wp\/v2\/posts\/1535\/revisions"}],"predecessor-version":[{"id":1537,"href":"https:\/\/super-news.info\/pt\/wp-json\/wp\/v2\/posts\/1535\/revisions\/1537"}],"wp:featuredmedia":[{"embeddable":true,"href":"https:\/\/super-news.info\/pt\/wp-json\/wp\/v2\/media\/1536"}],"wp:attachment":[{"href":"https:\/\/super-news.info\/pt\/wp-json\/wp\/v2\/media?parent=1535"}],"wp:term":[{"taxonomy":"category","embeddable":true,"href":"https:\/\/super-news.info\/pt\/wp-json\/wp\/v2\/categories?post=1535"},{"taxonomy":"post_tag","embeddable":true,"href":"https:\/\/super-news.info\/pt\/wp-json\/wp\/v2\/tags?post=1535"}],"curies":[{"name":"wp","href":"https:\/\/api.w.org\/{rel}","templated":true}]}}