{"id":1526,"date":"2019-05-15T16:02:30","date_gmt":"2019-05-15T13:02:30","guid":{"rendered":"https:\/\/super-news.info\/pt\/psd-critica-oposicao-por-andar-a-dormir-a-sombra-da-maioria-na-madeira-o-jornal-economico\/"},"modified":"2019-05-15T16:02:31","modified_gmt":"2019-05-15T13:02:31","slug":"psd-critica-oposicao-por-andar-a-dormir-a-sombra-da-maioria-na-madeira-o-jornal-economico","status":"publish","type":"post","link":"https:\/\/super-news.info\/pt\/psd-critica-oposicao-por-andar-a-dormir-a-sombra-da-maioria-na-madeira-o-jornal-economico\/","title":{"rendered":"PSD critica oposi\u00e7\u00e3o por \u201candar a dormir \u00e0 sombra\u201d da maioria na Madeira \u2013 O Jornal Econ\u00f3mico"},"content":{"rendered":"<p> [ad_1]<br \/>\n<\/p>\n<div>\n<div class=\"je-readmore\">\n<p>O PSD acusou a oposi\u00e7\u00e3o de andar a dormir \u00e0 sombra da maioria social democrata na Madeira, durante a preocupa\u00e7\u00e3o do relat\u00f3rio da comiss\u00e3o de inqu\u00e9rito aos servi\u00e7os prestados pelo Servi\u00e7o Regional de Sa\u00fade (SESARAM) que decorre na Assembleia Legislativa da Madeira.<\/p>\n<p>\u201cRequerem as comiss\u00f5es de inqu\u00e9rito, fazem uma ou duas capas de jornais e depois esperam que o PSD fa\u00e7a o vosso trabalho e leve a comiss\u00e3o a bom porto\u201d, disse Jo\u00e3o Paulo Marques, deputado do PSD.<\/p>\n<p>O social democrata acusou ainda a oposi\u00e7\u00e3o de ter abandonado a comiss\u00e3o de inqu\u00e9rito ao servi\u00e7os prestados pelo SESARAM desde in\u00edcio. \u201cN\u00e3o quiseram ouvir mais ningu\u00e9m nem fazer qualquer requerimento para nova documenta\u00e7\u00e3o, e agora v\u00eam ao plen\u00e1rio tentar emendar a m\u00e3o\u201d, acrescentou Jo\u00e3o Paulo Marques.<\/p>\n<p>\u201cO PSD n\u00e3o recusou qualquer nome. Voc\u00eas quiseram fechar a comiss\u00e3o e agora arrependeram-se\u201d, refor\u00e7ou. O deputado do PSD referiu ainda que numa das audi\u00e7\u00f5es a oposi\u00e7\u00e3o abandonou a sala sem que esta tivesse terminado.<\/p>\n<p>Durante o debate do relat\u00f3rio que decorre na Assembleia da Madeira o deputado do CDS-PP, Lino Abreu, perguntou se era s\u00e9rio esperar que os partidos apresentem altera\u00e7\u00f5es ao mesmo relat\u00f3rio quando este foi enviado 24 horas antes da reuni\u00e3o de aprecia\u00e7\u00e3o do documento, uma cr\u00edtica tamb\u00e9m lan\u00e7ada por Roberto Almada do BE.<\/p>\n<p>\u201cQuem tem tempo para criticar tem tamb\u00e9m tempo para apresentar alternativas\u201d, respondeu Jo\u00e3o Paulo Marques em resposta ao deputado do CDS-PP.<\/p>\n<\/p><\/div>\n<\/div>\n<p><script>function facebookInit(){var js=document.createElement('script');js.src='https:\/\/connect.facebook.net\/pt_PT\/sdk.js#xfbml=1&version=v3.1&appId=1708066812789184&autoLogAppEvents=1';return document.body.appendChild(js);}\nwindow.onscroll=function(){var rect=document.getElementsByClassName('je-post-content')[0].getBoundingClientRect();if(rect.bottom<window.innerHeight){facebookInit();window.onscroll=null;}}<\/script><br \/>\n<br \/>[ad_2]<br \/>\n<br \/><a href=\"https:\/\/jornaleconomico.sapo.pt\/noticias\/psd-critica-oposicao-por-andar-a-dormir-a-sombra-da-maioria-na-madeira-444734\">Source link <\/a><\/p>\n","protected":false},"excerpt":{"rendered":"<p>[ad_1] O PSD acusou a oposi\u00e7\u00e3o de andar a dormir \u00e0 sombra da maioria social democrata na Madeira, durante a preocupa\u00e7\u00e3o do relat\u00f3rio da comiss\u00e3o de inqu\u00e9rito aos servi\u00e7os prestados pelo Servi\u00e7o Regional de Sa\u00fade (SESARAM) que decorre na Assembleia Legislativa da Madeira. \u201cRequerem as comiss\u00f5es de inqu\u00e9rito, fazem uma ou duas capas de jornais [&hellip;]<\/p>\n","protected":false},"author":2,"featured_media":1527,"comment_status":"open","ping_status":"open","sticky":false,"template":"","format":"standard","meta":{"footnotes":""},"categories":[1],"tags":[],"class_list":["post-1526","post","type-post","status-publish","format-standard","has-post-thumbnail","hentry","category-noticias-financeiras"],"yoast_head":"<!-- This site is optimized with the Yoast SEO plugin v27.4 - https:\/\/yoast.com\/product\/yoast-seo-wordpress\/ -->\n<title>PSD critica oposi\u00e7\u00e3o por \u201candar a dormir \u00e0 sombra\u201d da maioria na Madeira \u2013 O Jornal Econ\u00f3mico - Super News<\/title>\n<meta name=\"robots\" content=\"index, follow, max-snippet:-1, max-image-preview:large, max-video-preview:-1\" \/>\n<link rel=\"canonical\" href=\"https:\/\/super-news.info\/pt\/psd-critica-oposicao-por-andar-a-dormir-a-sombra-da-maioria-na-madeira-o-jornal-economico\/\" \/>\n<meta property=\"og:locale\" content=\"pt_PT\" \/>\n<meta property=\"og:type\" content=\"article\" \/>\n<meta property=\"og:title\" content=\"PSD critica oposi\u00e7\u00e3o por \u201candar a dormir \u00e0 sombra\u201d da maioria na Madeira \u2013 O Jornal Econ\u00f3mico - Super News\" \/>\n<meta property=\"og:description\" content=\"[ad_1] O PSD acusou a oposi\u00e7\u00e3o de andar a dormir \u00e0 sombra da maioria social democrata na Madeira, durante a preocupa\u00e7\u00e3o do relat\u00f3rio da comiss\u00e3o de inqu\u00e9rito aos servi\u00e7os prestados pelo Servi\u00e7o Regional de Sa\u00fade (SESARAM) que decorre na Assembleia Legislativa da Madeira. \u201cRequerem as comiss\u00f5es de inqu\u00e9rito, fazem uma ou duas capas de jornais [&hellip;]\" \/>\n<meta property=\"og:url\" content=\"https:\/\/super-news.info\/pt\/psd-critica-oposicao-por-andar-a-dormir-a-sombra-da-maioria-na-madeira-o-jornal-economico\/\" \/>\n<meta property=\"og:site_name\" content=\"Super News\" \/>\n<meta property=\"article:published_time\" content=\"2019-05-15T13:02:30+00:00\" \/>\n<meta property=\"article:modified_time\" content=\"2019-05-15T13:02:31+00:00\" \/>\n<meta property=\"og:image\" content=\"https:\/\/super-news.info\/pt\/wp-content\/uploads\/sites\/2\/2019\/05\/PSD-critica-oposi\u00e7\u00e3o-por-\u201candar-a-dormir-\u00e0-sombra\u201d-da.png\" \/>\n\t<meta property=\"og:image:width\" content=\"600\" \/>\n\t<meta property=\"og:image:height\" content=\"698\" \/>\n\t<meta property=\"og:image:type\" content=\"image\/png\" \/>\n<meta name=\"author\" content=\"super-news\" \/>\n<meta name=\"twitter:card\" content=\"summary_large_image\" \/>\n<meta name=\"twitter:label1\" content=\"Escrito por\" \/>\n\t<meta name=\"twitter:data1\" content=\"super-news\" \/>\n\t<meta name=\"twitter:label2\" content=\"Tempo estimado de leitura\" \/>\n\t<meta name=\"twitter:data2\" content=\"1 minuto\" \/>\n<script type=\"application\/ld+json\" class=\"yoast-schema-graph\">{\"@context\":\"https:\\\/\\\/schema.org\",\"@graph\":[{\"@type\":\"Article\",\"@id\":\"https:\\\/\\\/super-news.info\\\/pt\\\/psd-critica-oposicao-por-andar-a-dormir-a-sombra-da-maioria-na-madeira-o-jornal-economico\\\/#article\",\"isPartOf\":{\"@id\":\"https:\\\/\\\/super-news.info\\\/pt\\\/psd-critica-oposicao-por-andar-a-dormir-a-sombra-da-maioria-na-madeira-o-jornal-economico\\\/\"},\"author\":{\"name\":\"super-news\",\"@id\":\"https:\\\/\\\/super-news.info\\\/pt\\\/#\\\/schema\\\/person\\\/2d4068cb2f39cd10008c2fce578a7356\"},\"headline\":\"PSD critica oposi\u00e7\u00e3o por \u201candar a dormir \u00e0 sombra\u201d da maioria na Madeira \u2013 O Jornal Econ\u00f3mico\",\"datePublished\":\"2019-05-15T13:02:30+00:00\",\"dateModified\":\"2019-05-15T13:02:31+00:00\",\"mainEntityOfPage\":{\"@id\":\"https:\\\/\\\/super-news.info\\\/pt\\\/psd-critica-oposicao-por-andar-a-dormir-a-sombra-da-maioria-na-madeira-o-jornal-economico\\\/\"},\"wordCount\":293,\"commentCount\":0,\"image\":{\"@id\":\"https:\\\/\\\/super-news.info\\\/pt\\\/psd-critica-oposicao-por-andar-a-dormir-a-sombra-da-maioria-na-madeira-o-jornal-economico\\\/#primaryimage\"},\"thumbnailUrl\":\"https:\\\/\\\/super-news.info\\\/pt\\\/wp-content\\\/uploads\\\/sites\\\/2\\\/2019\\\/05\\\/PSD-critica-oposi\u00e7\u00e3o-por-\u201candar-a-dormir-\u00e0-sombra\u201d-da.png\",\"articleSection\":[\"NOT\u00cdCIAS FINANCEIRAS\"],\"inLanguage\":\"pt-PT\",\"potentialAction\":[{\"@type\":\"CommentAction\",\"name\":\"Comment\",\"target\":[\"https:\\\/\\\/super-news.info\\\/pt\\\/psd-critica-oposicao-por-andar-a-dormir-a-sombra-da-maioria-na-madeira-o-jornal-economico\\\/#respond\"]}]},{\"@type\":\"WebPage\",\"@id\":\"https:\\\/\\\/super-news.info\\\/pt\\\/psd-critica-oposicao-por-andar-a-dormir-a-sombra-da-maioria-na-madeira-o-jornal-economico\\\/\",\"url\":\"https:\\\/\\\/super-news.info\\\/pt\\\/psd-critica-oposicao-por-andar-a-dormir-a-sombra-da-maioria-na-madeira-o-jornal-economico\\\/\",\"name\":\"PSD critica oposi\u00e7\u00e3o por \u201candar a dormir \u00e0 sombra\u201d da maioria na Madeira \u2013 O Jornal Econ\u00f3mico - Super News\",\"isPartOf\":{\"@id\":\"https:\\\/\\\/super-news.info\\\/pt\\\/#website\"},\"primaryImageOfPage\":{\"@id\":\"https:\\\/\\\/super-news.info\\\/pt\\\/psd-critica-oposicao-por-andar-a-dormir-a-sombra-da-maioria-na-madeira-o-jornal-economico\\\/#primaryimage\"},\"image\":{\"@id\":\"https:\\\/\\\/super-news.info\\\/pt\\\/psd-critica-oposicao-por-andar-a-dormir-a-sombra-da-maioria-na-madeira-o-jornal-economico\\\/#primaryimage\"},\"thumbnailUrl\":\"https:\\\/\\\/super-news.info\\\/pt\\\/wp-content\\\/uploads\\\/sites\\\/2\\\/2019\\\/05\\\/PSD-critica-oposi\u00e7\u00e3o-por-\u201candar-a-dormir-\u00e0-sombra\u201d-da.png\",\"datePublished\":\"2019-05-15T13:02:30+00:00\",\"dateModified\":\"2019-05-15T13:02:31+00:00\",\"author\":{\"@id\":\"https:\\\/\\\/super-news.info\\\/pt\\\/#\\\/schema\\\/person\\\/2d4068cb2f39cd10008c2fce578a7356\"},\"breadcrumb\":{\"@id\":\"https:\\\/\\\/super-news.info\\\/pt\\\/psd-critica-oposicao-por-andar-a-dormir-a-sombra-da-maioria-na-madeira-o-jornal-economico\\\/#breadcrumb\"},\"inLanguage\":\"pt-PT\",\"potentialAction\":[{\"@type\":\"ReadAction\",\"target\":[\"https:\\\/\\\/super-news.info\\\/pt\\\/psd-critica-oposicao-por-andar-a-dormir-a-sombra-da-maioria-na-madeira-o-jornal-economico\\\/\"]}]},{\"@type\":\"ImageObject\",\"inLanguage\":\"pt-PT\",\"@id\":\"https:\\\/\\\/super-news.info\\\/pt\\\/psd-critica-oposicao-por-andar-a-dormir-a-sombra-da-maioria-na-madeira-o-jornal-economico\\\/#primaryimage\",\"url\":\"https:\\\/\\\/super-news.info\\\/pt\\\/wp-content\\\/uploads\\\/sites\\\/2\\\/2019\\\/05\\\/PSD-critica-oposi\u00e7\u00e3o-por-\u201candar-a-dormir-\u00e0-sombra\u201d-da.png\",\"contentUrl\":\"https:\\\/\\\/super-news.info\\\/pt\\\/wp-content\\\/uploads\\\/sites\\\/2\\\/2019\\\/05\\\/PSD-critica-oposi\u00e7\u00e3o-por-\u201candar-a-dormir-\u00e0-sombra\u201d-da.png\",\"width\":600,\"height\":698,\"caption\":\"PSD critica oposi\u00e7\u00e3o por \u201candar a dormir \u00e0 sombra\u201d da maioria na Madeira \u2013 O Jornal Econ\u00f3mico\"},{\"@type\":\"BreadcrumbList\",\"@id\":\"https:\\\/\\\/super-news.info\\\/pt\\\/psd-critica-oposicao-por-andar-a-dormir-a-sombra-da-maioria-na-madeira-o-jornal-economico\\\/#breadcrumb\",\"itemListElement\":[{\"@type\":\"ListItem\",\"position\":1,\"name\":\"\u0413\u043b\u0430\u0432\u043d\u0430\u044f \u0441\u0442\u0440\u0430\u043d\u0438\u0446\u0430\",\"item\":\"https:\\\/\\\/super-news.info\\\/pt\\\/\"},{\"@type\":\"ListItem\",\"position\":2,\"name\":\"PSD critica oposi\u00e7\u00e3o por \u201candar a dormir \u00e0 sombra\u201d da maioria na Madeira \u2013 O Jornal Econ\u00f3mico\"}]},{\"@type\":\"WebSite\",\"@id\":\"https:\\\/\\\/super-news.info\\\/pt\\\/#website\",\"url\":\"https:\\\/\\\/super-news.info\\\/pt\\\/\",\"name\":\"Super News\",\"description\":\"Super News Portugal\",\"potentialAction\":[{\"@type\":\"SearchAction\",\"target\":{\"@type\":\"EntryPoint\",\"urlTemplate\":\"https:\\\/\\\/super-news.info\\\/pt\\\/?s={search_term_string}\"},\"query-input\":{\"@type\":\"PropertyValueSpecification\",\"valueRequired\":true,\"valueName\":\"search_term_string\"}}],\"inLanguage\":\"pt-PT\"},{\"@type\":\"Person\",\"@id\":\"https:\\\/\\\/super-news.info\\\/pt\\\/#\\\/schema\\\/person\\\/2d4068cb2f39cd10008c2fce578a7356\",\"name\":\"super-news\",\"image\":{\"@type\":\"ImageObject\",\"inLanguage\":\"pt-PT\",\"@id\":\"https:\\\/\\\/secure.gravatar.com\\\/avatar\\\/64ebac40b93f26a154f8a9b5b6fdccfc46f442b26b3dd6756dbff3bf9dc76fd7?s=96&d=mm&r=g\",\"url\":\"https:\\\/\\\/secure.gravatar.com\\\/avatar\\\/64ebac40b93f26a154f8a9b5b6fdccfc46f442b26b3dd6756dbff3bf9dc76fd7?s=96&d=mm&r=g\",\"contentUrl\":\"https:\\\/\\\/secure.gravatar.com\\\/avatar\\\/64ebac40b93f26a154f8a9b5b6fdccfc46f442b26b3dd6756dbff3bf9dc76fd7?s=96&d=mm&r=g\",\"caption\":\"super-news\"},\"url\":\"https:\\\/\\\/super-news.info\\\/pt\\\/author\\\/pt\\\/\"}]}<\/script>\n<!-- \/ Yoast SEO plugin. -->","yoast_head_json":{"title":"PSD critica oposi\u00e7\u00e3o por \u201candar a dormir \u00e0 sombra\u201d da maioria na Madeira \u2013 O Jornal Econ\u00f3mico - Super News","robots":{"index":"index","follow":"follow","max-snippet":"max-snippet:-1","max-image-preview":"max-image-preview:large","max-video-preview":"max-video-preview:-1"},"canonical":"https:\/\/super-news.info\/pt\/psd-critica-oposicao-por-andar-a-dormir-a-sombra-da-maioria-na-madeira-o-jornal-economico\/","og_locale":"pt_PT","og_type":"article","og_title":"PSD critica oposi\u00e7\u00e3o por \u201candar a dormir \u00e0 sombra\u201d da maioria na Madeira \u2013 O Jornal Econ\u00f3mico - Super News","og_description":"[ad_1] O PSD acusou a oposi\u00e7\u00e3o de andar a dormir \u00e0 sombra da maioria social democrata na Madeira, durante a preocupa\u00e7\u00e3o do relat\u00f3rio da comiss\u00e3o de inqu\u00e9rito aos servi\u00e7os prestados pelo Servi\u00e7o Regional de Sa\u00fade (SESARAM) que decorre na Assembleia Legislativa da Madeira. \u201cRequerem as comiss\u00f5es de inqu\u00e9rito, fazem uma ou duas capas de jornais [&hellip;]","og_url":"https:\/\/super-news.info\/pt\/psd-critica-oposicao-por-andar-a-dormir-a-sombra-da-maioria-na-madeira-o-jornal-economico\/","og_site_name":"Super News","article_published_time":"2019-05-15T13:02:30+00:00","article_modified_time":"2019-05-15T13:02:31+00:00","og_image":[{"width":600,"height":698,"url":"https:\/\/super-news.info\/pt\/wp-content\/uploads\/sites\/2\/2019\/05\/PSD-critica-oposi\u00e7\u00e3o-por-\u201candar-a-dormir-\u00e0-sombra\u201d-da.png","type":"image\/png"}],"author":"super-news","twitter_card":"summary_large_image","twitter_misc":{"Escrito por":"super-news","Tempo estimado de leitura":"1 minuto"},"schema":{"@context":"https:\/\/schema.org","@graph":[{"@type":"Article","@id":"https:\/\/super-news.info\/pt\/psd-critica-oposicao-por-andar-a-dormir-a-sombra-da-maioria-na-madeira-o-jornal-economico\/#article","isPartOf":{"@id":"https:\/\/super-news.info\/pt\/psd-critica-oposicao-por-andar-a-dormir-a-sombra-da-maioria-na-madeira-o-jornal-economico\/"},"author":{"name":"super-news","@id":"https:\/\/super-news.info\/pt\/#\/schema\/person\/2d4068cb2f39cd10008c2fce578a7356"},"headline":"PSD critica oposi\u00e7\u00e3o por \u201candar a dormir \u00e0 sombra\u201d da maioria na Madeira \u2013 O Jornal Econ\u00f3mico","datePublished":"2019-05-15T13:02:30+00:00","dateModified":"2019-05-15T13:02:31+00:00","mainEntityOfPage":{"@id":"https:\/\/super-news.info\/pt\/psd-critica-oposicao-por-andar-a-dormir-a-sombra-da-maioria-na-madeira-o-jornal-economico\/"},"wordCount":293,"commentCount":0,"image":{"@id":"https:\/\/super-news.info\/pt\/psd-critica-oposicao-por-andar-a-dormir-a-sombra-da-maioria-na-madeira-o-jornal-economico\/#primaryimage"},"thumbnailUrl":"https:\/\/super-news.info\/pt\/wp-content\/uploads\/sites\/2\/2019\/05\/PSD-critica-oposi\u00e7\u00e3o-por-\u201candar-a-dormir-\u00e0-sombra\u201d-da.png","articleSection":["NOT\u00cdCIAS FINANCEIRAS"],"inLanguage":"pt-PT","potentialAction":[{"@type":"CommentAction","name":"Comment","target":["https:\/\/super-news.info\/pt\/psd-critica-oposicao-por-andar-a-dormir-a-sombra-da-maioria-na-madeira-o-jornal-economico\/#respond"]}]},{"@type":"WebPage","@id":"https:\/\/super-news.info\/pt\/psd-critica-oposicao-por-andar-a-dormir-a-sombra-da-maioria-na-madeira-o-jornal-economico\/","url":"https:\/\/super-news.info\/pt\/psd-critica-oposicao-por-andar-a-dormir-a-sombra-da-maioria-na-madeira-o-jornal-economico\/","name":"PSD critica oposi\u00e7\u00e3o por \u201candar a dormir \u00e0 sombra\u201d da maioria na Madeira \u2013 O Jornal Econ\u00f3mico - Super News","isPartOf":{"@id":"https:\/\/super-news.info\/pt\/#website"},"primaryImageOfPage":{"@id":"https:\/\/super-news.info\/pt\/psd-critica-oposicao-por-andar-a-dormir-a-sombra-da-maioria-na-madeira-o-jornal-economico\/#primaryimage"},"image":{"@id":"https:\/\/super-news.info\/pt\/psd-critica-oposicao-por-andar-a-dormir-a-sombra-da-maioria-na-madeira-o-jornal-economico\/#primaryimage"},"thumbnailUrl":"https:\/\/super-news.info\/pt\/wp-content\/uploads\/sites\/2\/2019\/05\/PSD-critica-oposi\u00e7\u00e3o-por-\u201candar-a-dormir-\u00e0-sombra\u201d-da.png","datePublished":"2019-05-15T13:02:30+00:00","dateModified":"2019-05-15T13:02:31+00:00","author":{"@id":"https:\/\/super-news.info\/pt\/#\/schema\/person\/2d4068cb2f39cd10008c2fce578a7356"},"breadcrumb":{"@id":"https:\/\/super-news.info\/pt\/psd-critica-oposicao-por-andar-a-dormir-a-sombra-da-maioria-na-madeira-o-jornal-economico\/#breadcrumb"},"inLanguage":"pt-PT","potentialAction":[{"@type":"ReadAction","target":["https:\/\/super-news.info\/pt\/psd-critica-oposicao-por-andar-a-dormir-a-sombra-da-maioria-na-madeira-o-jornal-economico\/"]}]},{"@type":"ImageObject","inLanguage":"pt-PT","@id":"https:\/\/super-news.info\/pt\/psd-critica-oposicao-por-andar-a-dormir-a-sombra-da-maioria-na-madeira-o-jornal-economico\/#primaryimage","url":"https:\/\/super-news.info\/pt\/wp-content\/uploads\/sites\/2\/2019\/05\/PSD-critica-oposi\u00e7\u00e3o-por-\u201candar-a-dormir-\u00e0-sombra\u201d-da.png","contentUrl":"https:\/\/super-news.info\/pt\/wp-content\/uploads\/sites\/2\/2019\/05\/PSD-critica-oposi\u00e7\u00e3o-por-\u201candar-a-dormir-\u00e0-sombra\u201d-da.png","width":600,"height":698,"caption":"PSD critica oposi\u00e7\u00e3o por \u201candar a dormir \u00e0 sombra\u201d da maioria na Madeira \u2013 O Jornal Econ\u00f3mico"},{"@type":"BreadcrumbList","@id":"https:\/\/super-news.info\/pt\/psd-critica-oposicao-por-andar-a-dormir-a-sombra-da-maioria-na-madeira-o-jornal-economico\/#breadcrumb","itemListElement":[{"@type":"ListItem","position":1,"name":"\u0413\u043b\u0430\u0432\u043d\u0430\u044f \u0441\u0442\u0440\u0430\u043d\u0438\u0446\u0430","item":"https:\/\/super-news.info\/pt\/"},{"@type":"ListItem","position":2,"name":"PSD critica oposi\u00e7\u00e3o por \u201candar a dormir \u00e0 sombra\u201d da maioria na Madeira \u2013 O Jornal Econ\u00f3mico"}]},{"@type":"WebSite","@id":"https:\/\/super-news.info\/pt\/#website","url":"https:\/\/super-news.info\/pt\/","name":"Super News","description":"Super News Portugal","potentialAction":[{"@type":"SearchAction","target":{"@type":"EntryPoint","urlTemplate":"https:\/\/super-news.info\/pt\/?s={search_term_string}"},"query-input":{"@type":"PropertyValueSpecification","valueRequired":true,"valueName":"search_term_string"}}],"inLanguage":"pt-PT"},{"@type":"Person","@id":"https:\/\/super-news.info\/pt\/#\/schema\/person\/2d4068cb2f39cd10008c2fce578a7356","name":"super-news","image":{"@type":"ImageObject","inLanguage":"pt-PT","@id":"https:\/\/secure.gravatar.com\/avatar\/64ebac40b93f26a154f8a9b5b6fdccfc46f442b26b3dd6756dbff3bf9dc76fd7?s=96&d=mm&r=g","url":"https:\/\/secure.gravatar.com\/avatar\/64ebac40b93f26a154f8a9b5b6fdccfc46f442b26b3dd6756dbff3bf9dc76fd7?s=96&d=mm&r=g","contentUrl":"https:\/\/secure.gravatar.com\/avatar\/64ebac40b93f26a154f8a9b5b6fdccfc46f442b26b3dd6756dbff3bf9dc76fd7?s=96&d=mm&r=g","caption":"super-news"},"url":"https:\/\/super-news.info\/pt\/author\/pt\/"}]}},"_links":{"self":[{"href":"https:\/\/super-news.info\/pt\/wp-json\/wp\/v2\/posts\/1526","targetHints":{"allow":["GET"]}}],"collection":[{"href":"https:\/\/super-news.info\/pt\/wp-json\/wp\/v2\/posts"}],"about":[{"href":"https:\/\/super-news.info\/pt\/wp-json\/wp\/v2\/types\/post"}],"author":[{"embeddable":true,"href":"https:\/\/super-news.info\/pt\/wp-json\/wp\/v2\/users\/2"}],"replies":[{"embeddable":true,"href":"https:\/\/super-news.info\/pt\/wp-json\/wp\/v2\/comments?post=1526"}],"version-history":[{"count":1,"href":"https:\/\/super-news.info\/pt\/wp-json\/wp\/v2\/posts\/1526\/revisions"}],"predecessor-version":[{"id":1528,"href":"https:\/\/super-news.info\/pt\/wp-json\/wp\/v2\/posts\/1526\/revisions\/1528"}],"wp:featuredmedia":[{"embeddable":true,"href":"https:\/\/super-news.info\/pt\/wp-json\/wp\/v2\/media\/1527"}],"wp:attachment":[{"href":"https:\/\/super-news.info\/pt\/wp-json\/wp\/v2\/media?parent=1526"}],"wp:term":[{"taxonomy":"category","embeddable":true,"href":"https:\/\/super-news.info\/pt\/wp-json\/wp\/v2\/categories?post=1526"},{"taxonomy":"post_tag","embeddable":true,"href":"https:\/\/super-news.info\/pt\/wp-json\/wp\/v2\/tags?post=1526"}],"curies":[{"name":"wp","href":"https:\/\/api.w.org\/{rel}","templated":true}]}}