{"id":1494,"date":"2019-05-14T12:54:52","date_gmt":"2019-05-14T09:54:52","guid":{"rendered":"https:\/\/super-news.info\/pt\/cds-pp-afirma-que-dados-sobre-a-pobreza-na-madeira-deveriam-envergonhar-o-jornal-economico\/"},"modified":"2019-05-14T12:54:52","modified_gmt":"2019-05-14T09:54:52","slug":"cds-pp-afirma-que-dados-sobre-a-pobreza-na-madeira-deveriam-envergonhar-o-jornal-economico","status":"publish","type":"post","link":"https:\/\/super-news.info\/pt\/cds-pp-afirma-que-dados-sobre-a-pobreza-na-madeira-deveriam-envergonhar-o-jornal-economico\/","title":{"rendered":"CDS-PP afirma que dados sobre a pobreza na Madeira deveriam envergonhar \u2013 O Jornal Econ\u00f3mico"},"content":{"rendered":"<p> [ad_1]<br \/>\n<\/p>\n<div>\n<p>Durante a aprecia\u00e7\u00e3o do relat\u00f3rio anual sobre a Madeira na Uni\u00e3o Europeia, que decorre na Assembleia Regional, o CDS-PP defendeu que a regi\u00e3o aut\u00f3noma deveria estar envergonhada com os 27% que est\u00e3o em risco de pobreza.<\/p>\n<p>\u201c\u00c9 uma regi\u00e3o rica com muitos pobres. N\u00e3o est\u00e1 a haver uma justa redistribui\u00e7\u00e3o da riqueza. O dinheiro n\u00e3o est\u00e1 a chegar para elevar a qualidade de vida das pessoas\u201d, alertou Rui Barreto, deputado do CDS-PP.<\/p>\n<p>No debate sobre a Madeira na Uni\u00e3o Europeia, Victor Freitas, do PS, questionou o motivo para a Madeira n\u00e3o ter nomeado ningu\u00e9m para o gabinete em Bruxelas, tal como os A\u00e7ores fez, e tamb\u00e9m a raz\u00e3o de os A\u00e7ores terem uma taxa de execu\u00e7\u00e3o de fundos comunit\u00e1rios de 57% e a Madeira de 37%.<\/p>\n<p>\u201cN\u00e3o precisamos de fazer nomea\u00e7\u00f5es para que as coisas funcionem e que se apresente resultados. Temos tido colabora\u00e7\u00f5es com os A\u00e7ores muito transversais que abrangem \u00e1reas como os assuntos europeus que t\u00eam vindo a ser materializados\u201d, disse Paula Caba\u00e7o, secret\u00e1ria regional do Turismo e Cultura.<\/p>\n<p>Sobre as taxas referentes aos fundos comunit\u00e1rios, Pedro Calado, vice-presidente do Governo Regional, disse que a execu\u00e7\u00e3o financeira na Madeira \u00e9 de 44% , nos A\u00e7ores de 47%, e no Continente de 34%, a 31 de mar\u00e7o.<\/p>\n<p>O governante abordou os n\u00fameros referentes \u00e0 pobreza na Madeira.<\/p>\n<p>\u201cN\u00e3o podemos comparar realidades diferentes. Uma \u00e9 a das regi\u00f5es ultraperif\u00e9ricas e outra a do espa\u00e7o nacional. Mais de 50% das pessoas indicadas nesse estudo foram pessoas que n\u00e3o descontaram para seguran\u00e7a social. Isso agrava-se mais numa regi\u00e3o como a Madeira. N\u00e3o significa que as pessoas estejam em risco de pobreza\u201d, referiu.<\/p>\n<p>\u201cAplicamos mais de 46 milh\u00f5es de euros, em fundos comunit\u00e1rios, para promover a inclus\u00e3o e combater a pobreza\u201d, acrescentou o governante.<\/p>\n<p>O JPP pediu \u201cmais operacionalidade e pulso mais firme\u201d, ao Governo Regional, em vez de sorrisos, em termos de assuntos europeus, acrescentando que \u201cpouco tem sido feito\u201d em termos de combate \u00e0s altera\u00e7\u00f5es clim\u00e1ticas, uma \u00e1rea \u201conde a Madeira poderia ser l\u00edder\u201d.<\/p>\n<\/p><\/div>\n<p><script>function facebookInit(){var js=document.createElement('script');js.src='https:\/\/connect.facebook.net\/pt_PT\/sdk.js#xfbml=1&version=v3.1&appId=1708066812789184&autoLogAppEvents=1';return document.body.appendChild(js);}\nwindow.onscroll=function(){var rect=document.getElementsByClassName('je-post-content')[0].getBoundingClientRect();if(rect.bottom<window.innerHeight){facebookInit();window.onscroll=null;}}<\/script><br \/>\n<br \/>[ad_2]<br \/>\n<br \/><a href=\"https:\/\/jornaleconomico.sapo.pt\/noticias\/cds-pp-afirma-que-dados-sobre-a-pobreza-na-madeira-deveriam-envergonhar-444176\">Source link <\/a><\/p>\n","protected":false},"excerpt":{"rendered":"<p>[ad_1] Durante a aprecia\u00e7\u00e3o do relat\u00f3rio anual sobre a Madeira na Uni\u00e3o Europeia, que decorre na Assembleia Regional, o CDS-PP defendeu que a regi\u00e3o aut\u00f3noma deveria estar envergonhada com os 27% que est\u00e3o em risco de pobreza. \u201c\u00c9 uma regi\u00e3o rica com muitos pobres. N\u00e3o est\u00e1 a haver uma justa redistribui\u00e7\u00e3o da riqueza. O dinheiro [&hellip;]<\/p>\n","protected":false},"author":2,"featured_media":1495,"comment_status":"open","ping_status":"open","sticky":false,"template":"","format":"standard","meta":{"footnotes":""},"categories":[1],"tags":[],"class_list":["post-1494","post","type-post","status-publish","format-standard","has-post-thumbnail","hentry","category-noticias-financeiras"],"yoast_head":"<!-- This site is optimized with the Yoast SEO plugin v27.4 - https:\/\/yoast.com\/product\/yoast-seo-wordpress\/ -->\n<title>CDS-PP afirma que dados sobre a pobreza na Madeira deveriam envergonhar \u2013 O Jornal Econ\u00f3mico - Super News<\/title>\n<meta name=\"robots\" content=\"index, follow, max-snippet:-1, max-image-preview:large, max-video-preview:-1\" \/>\n<link rel=\"canonical\" href=\"https:\/\/super-news.info\/pt\/cds-pp-afirma-que-dados-sobre-a-pobreza-na-madeira-deveriam-envergonhar-o-jornal-economico\/\" \/>\n<meta property=\"og:locale\" content=\"pt_PT\" \/>\n<meta property=\"og:type\" content=\"article\" \/>\n<meta property=\"og:title\" content=\"CDS-PP afirma que dados sobre a pobreza na Madeira deveriam envergonhar \u2013 O Jornal Econ\u00f3mico - Super News\" \/>\n<meta property=\"og:description\" content=\"[ad_1] Durante a aprecia\u00e7\u00e3o do relat\u00f3rio anual sobre a Madeira na Uni\u00e3o Europeia, que decorre na Assembleia Regional, o CDS-PP defendeu que a regi\u00e3o aut\u00f3noma deveria estar envergonhada com os 27% que est\u00e3o em risco de pobreza. \u201c\u00c9 uma regi\u00e3o rica com muitos pobres. N\u00e3o est\u00e1 a haver uma justa redistribui\u00e7\u00e3o da riqueza. O dinheiro [&hellip;]\" \/>\n<meta property=\"og:url\" content=\"https:\/\/super-news.info\/pt\/cds-pp-afirma-que-dados-sobre-a-pobreza-na-madeira-deveriam-envergonhar-o-jornal-economico\/\" \/>\n<meta property=\"og:site_name\" content=\"Super News\" \/>\n<meta property=\"article:published_time\" content=\"2019-05-14T09:54:52+00:00\" \/>\n<meta property=\"og:image\" content=\"https:\/\/super-news.info\/pt\/wp-content\/uploads\/sites\/2\/2019\/05\/CDS-PP-afirma-que-dados-sobre-a-pobreza-na-Madeira-deveriam.png\" \/>\n\t<meta property=\"og:image:width\" content=\"600\" \/>\n\t<meta property=\"og:image:height\" content=\"646\" \/>\n\t<meta property=\"og:image:type\" content=\"image\/png\" \/>\n<meta name=\"author\" content=\"super-news\" \/>\n<meta name=\"twitter:card\" content=\"summary_large_image\" \/>\n<meta name=\"twitter:label1\" content=\"Escrito por\" \/>\n\t<meta name=\"twitter:data1\" content=\"super-news\" \/>\n\t<meta name=\"twitter:label2\" content=\"Tempo estimado de leitura\" \/>\n\t<meta name=\"twitter:data2\" content=\"2 minutos\" \/>\n<script type=\"application\/ld+json\" class=\"yoast-schema-graph\">{\"@context\":\"https:\\\/\\\/schema.org\",\"@graph\":[{\"@type\":\"Article\",\"@id\":\"https:\\\/\\\/super-news.info\\\/pt\\\/cds-pp-afirma-que-dados-sobre-a-pobreza-na-madeira-deveriam-envergonhar-o-jornal-economico\\\/#article\",\"isPartOf\":{\"@id\":\"https:\\\/\\\/super-news.info\\\/pt\\\/cds-pp-afirma-que-dados-sobre-a-pobreza-na-madeira-deveriam-envergonhar-o-jornal-economico\\\/\"},\"author\":{\"name\":\"super-news\",\"@id\":\"https:\\\/\\\/super-news.info\\\/pt\\\/#\\\/schema\\\/person\\\/2d4068cb2f39cd10008c2fce578a7356\"},\"headline\":\"CDS-PP afirma que dados sobre a pobreza na Madeira deveriam envergonhar \u2013 O Jornal Econ\u00f3mico\",\"datePublished\":\"2019-05-14T09:54:52+00:00\",\"mainEntityOfPage\":{\"@id\":\"https:\\\/\\\/super-news.info\\\/pt\\\/cds-pp-afirma-que-dados-sobre-a-pobreza-na-madeira-deveriam-envergonhar-o-jornal-economico\\\/\"},\"wordCount\":383,\"commentCount\":0,\"image\":{\"@id\":\"https:\\\/\\\/super-news.info\\\/pt\\\/cds-pp-afirma-que-dados-sobre-a-pobreza-na-madeira-deveriam-envergonhar-o-jornal-economico\\\/#primaryimage\"},\"thumbnailUrl\":\"https:\\\/\\\/super-news.info\\\/pt\\\/wp-content\\\/uploads\\\/sites\\\/2\\\/2019\\\/05\\\/CDS-PP-afirma-que-dados-sobre-a-pobreza-na-Madeira-deveriam.png\",\"articleSection\":[\"NOT\u00cdCIAS FINANCEIRAS\"],\"inLanguage\":\"pt-PT\",\"potentialAction\":[{\"@type\":\"CommentAction\",\"name\":\"Comment\",\"target\":[\"https:\\\/\\\/super-news.info\\\/pt\\\/cds-pp-afirma-que-dados-sobre-a-pobreza-na-madeira-deveriam-envergonhar-o-jornal-economico\\\/#respond\"]}]},{\"@type\":\"WebPage\",\"@id\":\"https:\\\/\\\/super-news.info\\\/pt\\\/cds-pp-afirma-que-dados-sobre-a-pobreza-na-madeira-deveriam-envergonhar-o-jornal-economico\\\/\",\"url\":\"https:\\\/\\\/super-news.info\\\/pt\\\/cds-pp-afirma-que-dados-sobre-a-pobreza-na-madeira-deveriam-envergonhar-o-jornal-economico\\\/\",\"name\":\"CDS-PP afirma que dados sobre a pobreza na Madeira deveriam envergonhar \u2013 O Jornal Econ\u00f3mico - Super News\",\"isPartOf\":{\"@id\":\"https:\\\/\\\/super-news.info\\\/pt\\\/#website\"},\"primaryImageOfPage\":{\"@id\":\"https:\\\/\\\/super-news.info\\\/pt\\\/cds-pp-afirma-que-dados-sobre-a-pobreza-na-madeira-deveriam-envergonhar-o-jornal-economico\\\/#primaryimage\"},\"image\":{\"@id\":\"https:\\\/\\\/super-news.info\\\/pt\\\/cds-pp-afirma-que-dados-sobre-a-pobreza-na-madeira-deveriam-envergonhar-o-jornal-economico\\\/#primaryimage\"},\"thumbnailUrl\":\"https:\\\/\\\/super-news.info\\\/pt\\\/wp-content\\\/uploads\\\/sites\\\/2\\\/2019\\\/05\\\/CDS-PP-afirma-que-dados-sobre-a-pobreza-na-Madeira-deveriam.png\",\"datePublished\":\"2019-05-14T09:54:52+00:00\",\"author\":{\"@id\":\"https:\\\/\\\/super-news.info\\\/pt\\\/#\\\/schema\\\/person\\\/2d4068cb2f39cd10008c2fce578a7356\"},\"breadcrumb\":{\"@id\":\"https:\\\/\\\/super-news.info\\\/pt\\\/cds-pp-afirma-que-dados-sobre-a-pobreza-na-madeira-deveriam-envergonhar-o-jornal-economico\\\/#breadcrumb\"},\"inLanguage\":\"pt-PT\",\"potentialAction\":[{\"@type\":\"ReadAction\",\"target\":[\"https:\\\/\\\/super-news.info\\\/pt\\\/cds-pp-afirma-que-dados-sobre-a-pobreza-na-madeira-deveriam-envergonhar-o-jornal-economico\\\/\"]}]},{\"@type\":\"ImageObject\",\"inLanguage\":\"pt-PT\",\"@id\":\"https:\\\/\\\/super-news.info\\\/pt\\\/cds-pp-afirma-que-dados-sobre-a-pobreza-na-madeira-deveriam-envergonhar-o-jornal-economico\\\/#primaryimage\",\"url\":\"https:\\\/\\\/super-news.info\\\/pt\\\/wp-content\\\/uploads\\\/sites\\\/2\\\/2019\\\/05\\\/CDS-PP-afirma-que-dados-sobre-a-pobreza-na-Madeira-deveriam.png\",\"contentUrl\":\"https:\\\/\\\/super-news.info\\\/pt\\\/wp-content\\\/uploads\\\/sites\\\/2\\\/2019\\\/05\\\/CDS-PP-afirma-que-dados-sobre-a-pobreza-na-Madeira-deveriam.png\",\"width\":600,\"height\":646,\"caption\":\"CDS-PP afirma que dados sobre a pobreza na Madeira deveriam envergonhar \u2013 O Jornal Econ\u00f3mico\"},{\"@type\":\"BreadcrumbList\",\"@id\":\"https:\\\/\\\/super-news.info\\\/pt\\\/cds-pp-afirma-que-dados-sobre-a-pobreza-na-madeira-deveriam-envergonhar-o-jornal-economico\\\/#breadcrumb\",\"itemListElement\":[{\"@type\":\"ListItem\",\"position\":1,\"name\":\"\u0413\u043b\u0430\u0432\u043d\u0430\u044f \u0441\u0442\u0440\u0430\u043d\u0438\u0446\u0430\",\"item\":\"https:\\\/\\\/super-news.info\\\/pt\\\/\"},{\"@type\":\"ListItem\",\"position\":2,\"name\":\"CDS-PP afirma que dados sobre a pobreza na Madeira deveriam envergonhar \u2013 O Jornal Econ\u00f3mico\"}]},{\"@type\":\"WebSite\",\"@id\":\"https:\\\/\\\/super-news.info\\\/pt\\\/#website\",\"url\":\"https:\\\/\\\/super-news.info\\\/pt\\\/\",\"name\":\"Super News\",\"description\":\"Super News Portugal\",\"potentialAction\":[{\"@type\":\"SearchAction\",\"target\":{\"@type\":\"EntryPoint\",\"urlTemplate\":\"https:\\\/\\\/super-news.info\\\/pt\\\/?s={search_term_string}\"},\"query-input\":{\"@type\":\"PropertyValueSpecification\",\"valueRequired\":true,\"valueName\":\"search_term_string\"}}],\"inLanguage\":\"pt-PT\"},{\"@type\":\"Person\",\"@id\":\"https:\\\/\\\/super-news.info\\\/pt\\\/#\\\/schema\\\/person\\\/2d4068cb2f39cd10008c2fce578a7356\",\"name\":\"super-news\",\"image\":{\"@type\":\"ImageObject\",\"inLanguage\":\"pt-PT\",\"@id\":\"https:\\\/\\\/secure.gravatar.com\\\/avatar\\\/64ebac40b93f26a154f8a9b5b6fdccfc46f442b26b3dd6756dbff3bf9dc76fd7?s=96&d=mm&r=g\",\"url\":\"https:\\\/\\\/secure.gravatar.com\\\/avatar\\\/64ebac40b93f26a154f8a9b5b6fdccfc46f442b26b3dd6756dbff3bf9dc76fd7?s=96&d=mm&r=g\",\"contentUrl\":\"https:\\\/\\\/secure.gravatar.com\\\/avatar\\\/64ebac40b93f26a154f8a9b5b6fdccfc46f442b26b3dd6756dbff3bf9dc76fd7?s=96&d=mm&r=g\",\"caption\":\"super-news\"},\"url\":\"https:\\\/\\\/super-news.info\\\/pt\\\/author\\\/pt\\\/\"}]}<\/script>\n<!-- \/ Yoast SEO plugin. -->","yoast_head_json":{"title":"CDS-PP afirma que dados sobre a pobreza na Madeira deveriam envergonhar \u2013 O Jornal Econ\u00f3mico - Super News","robots":{"index":"index","follow":"follow","max-snippet":"max-snippet:-1","max-image-preview":"max-image-preview:large","max-video-preview":"max-video-preview:-1"},"canonical":"https:\/\/super-news.info\/pt\/cds-pp-afirma-que-dados-sobre-a-pobreza-na-madeira-deveriam-envergonhar-o-jornal-economico\/","og_locale":"pt_PT","og_type":"article","og_title":"CDS-PP afirma que dados sobre a pobreza na Madeira deveriam envergonhar \u2013 O Jornal Econ\u00f3mico - Super News","og_description":"[ad_1] Durante a aprecia\u00e7\u00e3o do relat\u00f3rio anual sobre a Madeira na Uni\u00e3o Europeia, que decorre na Assembleia Regional, o CDS-PP defendeu que a regi\u00e3o aut\u00f3noma deveria estar envergonhada com os 27% que est\u00e3o em risco de pobreza. \u201c\u00c9 uma regi\u00e3o rica com muitos pobres. N\u00e3o est\u00e1 a haver uma justa redistribui\u00e7\u00e3o da riqueza. O dinheiro [&hellip;]","og_url":"https:\/\/super-news.info\/pt\/cds-pp-afirma-que-dados-sobre-a-pobreza-na-madeira-deveriam-envergonhar-o-jornal-economico\/","og_site_name":"Super News","article_published_time":"2019-05-14T09:54:52+00:00","og_image":[{"width":600,"height":646,"url":"https:\/\/super-news.info\/pt\/wp-content\/uploads\/sites\/2\/2019\/05\/CDS-PP-afirma-que-dados-sobre-a-pobreza-na-Madeira-deveriam.png","type":"image\/png"}],"author":"super-news","twitter_card":"summary_large_image","twitter_misc":{"Escrito por":"super-news","Tempo estimado de leitura":"2 minutos"},"schema":{"@context":"https:\/\/schema.org","@graph":[{"@type":"Article","@id":"https:\/\/super-news.info\/pt\/cds-pp-afirma-que-dados-sobre-a-pobreza-na-madeira-deveriam-envergonhar-o-jornal-economico\/#article","isPartOf":{"@id":"https:\/\/super-news.info\/pt\/cds-pp-afirma-que-dados-sobre-a-pobreza-na-madeira-deveriam-envergonhar-o-jornal-economico\/"},"author":{"name":"super-news","@id":"https:\/\/super-news.info\/pt\/#\/schema\/person\/2d4068cb2f39cd10008c2fce578a7356"},"headline":"CDS-PP afirma que dados sobre a pobreza na Madeira deveriam envergonhar \u2013 O Jornal Econ\u00f3mico","datePublished":"2019-05-14T09:54:52+00:00","mainEntityOfPage":{"@id":"https:\/\/super-news.info\/pt\/cds-pp-afirma-que-dados-sobre-a-pobreza-na-madeira-deveriam-envergonhar-o-jornal-economico\/"},"wordCount":383,"commentCount":0,"image":{"@id":"https:\/\/super-news.info\/pt\/cds-pp-afirma-que-dados-sobre-a-pobreza-na-madeira-deveriam-envergonhar-o-jornal-economico\/#primaryimage"},"thumbnailUrl":"https:\/\/super-news.info\/pt\/wp-content\/uploads\/sites\/2\/2019\/05\/CDS-PP-afirma-que-dados-sobre-a-pobreza-na-Madeira-deveriam.png","articleSection":["NOT\u00cdCIAS FINANCEIRAS"],"inLanguage":"pt-PT","potentialAction":[{"@type":"CommentAction","name":"Comment","target":["https:\/\/super-news.info\/pt\/cds-pp-afirma-que-dados-sobre-a-pobreza-na-madeira-deveriam-envergonhar-o-jornal-economico\/#respond"]}]},{"@type":"WebPage","@id":"https:\/\/super-news.info\/pt\/cds-pp-afirma-que-dados-sobre-a-pobreza-na-madeira-deveriam-envergonhar-o-jornal-economico\/","url":"https:\/\/super-news.info\/pt\/cds-pp-afirma-que-dados-sobre-a-pobreza-na-madeira-deveriam-envergonhar-o-jornal-economico\/","name":"CDS-PP afirma que dados sobre a pobreza na Madeira deveriam envergonhar \u2013 O Jornal Econ\u00f3mico - Super News","isPartOf":{"@id":"https:\/\/super-news.info\/pt\/#website"},"primaryImageOfPage":{"@id":"https:\/\/super-news.info\/pt\/cds-pp-afirma-que-dados-sobre-a-pobreza-na-madeira-deveriam-envergonhar-o-jornal-economico\/#primaryimage"},"image":{"@id":"https:\/\/super-news.info\/pt\/cds-pp-afirma-que-dados-sobre-a-pobreza-na-madeira-deveriam-envergonhar-o-jornal-economico\/#primaryimage"},"thumbnailUrl":"https:\/\/super-news.info\/pt\/wp-content\/uploads\/sites\/2\/2019\/05\/CDS-PP-afirma-que-dados-sobre-a-pobreza-na-Madeira-deveriam.png","datePublished":"2019-05-14T09:54:52+00:00","author":{"@id":"https:\/\/super-news.info\/pt\/#\/schema\/person\/2d4068cb2f39cd10008c2fce578a7356"},"breadcrumb":{"@id":"https:\/\/super-news.info\/pt\/cds-pp-afirma-que-dados-sobre-a-pobreza-na-madeira-deveriam-envergonhar-o-jornal-economico\/#breadcrumb"},"inLanguage":"pt-PT","potentialAction":[{"@type":"ReadAction","target":["https:\/\/super-news.info\/pt\/cds-pp-afirma-que-dados-sobre-a-pobreza-na-madeira-deveriam-envergonhar-o-jornal-economico\/"]}]},{"@type":"ImageObject","inLanguage":"pt-PT","@id":"https:\/\/super-news.info\/pt\/cds-pp-afirma-que-dados-sobre-a-pobreza-na-madeira-deveriam-envergonhar-o-jornal-economico\/#primaryimage","url":"https:\/\/super-news.info\/pt\/wp-content\/uploads\/sites\/2\/2019\/05\/CDS-PP-afirma-que-dados-sobre-a-pobreza-na-Madeira-deveriam.png","contentUrl":"https:\/\/super-news.info\/pt\/wp-content\/uploads\/sites\/2\/2019\/05\/CDS-PP-afirma-que-dados-sobre-a-pobreza-na-Madeira-deveriam.png","width":600,"height":646,"caption":"CDS-PP afirma que dados sobre a pobreza na Madeira deveriam envergonhar \u2013 O Jornal Econ\u00f3mico"},{"@type":"BreadcrumbList","@id":"https:\/\/super-news.info\/pt\/cds-pp-afirma-que-dados-sobre-a-pobreza-na-madeira-deveriam-envergonhar-o-jornal-economico\/#breadcrumb","itemListElement":[{"@type":"ListItem","position":1,"name":"\u0413\u043b\u0430\u0432\u043d\u0430\u044f \u0441\u0442\u0440\u0430\u043d\u0438\u0446\u0430","item":"https:\/\/super-news.info\/pt\/"},{"@type":"ListItem","position":2,"name":"CDS-PP afirma que dados sobre a pobreza na Madeira deveriam envergonhar \u2013 O Jornal Econ\u00f3mico"}]},{"@type":"WebSite","@id":"https:\/\/super-news.info\/pt\/#website","url":"https:\/\/super-news.info\/pt\/","name":"Super News","description":"Super News Portugal","potentialAction":[{"@type":"SearchAction","target":{"@type":"EntryPoint","urlTemplate":"https:\/\/super-news.info\/pt\/?s={search_term_string}"},"query-input":{"@type":"PropertyValueSpecification","valueRequired":true,"valueName":"search_term_string"}}],"inLanguage":"pt-PT"},{"@type":"Person","@id":"https:\/\/super-news.info\/pt\/#\/schema\/person\/2d4068cb2f39cd10008c2fce578a7356","name":"super-news","image":{"@type":"ImageObject","inLanguage":"pt-PT","@id":"https:\/\/secure.gravatar.com\/avatar\/64ebac40b93f26a154f8a9b5b6fdccfc46f442b26b3dd6756dbff3bf9dc76fd7?s=96&d=mm&r=g","url":"https:\/\/secure.gravatar.com\/avatar\/64ebac40b93f26a154f8a9b5b6fdccfc46f442b26b3dd6756dbff3bf9dc76fd7?s=96&d=mm&r=g","contentUrl":"https:\/\/secure.gravatar.com\/avatar\/64ebac40b93f26a154f8a9b5b6fdccfc46f442b26b3dd6756dbff3bf9dc76fd7?s=96&d=mm&r=g","caption":"super-news"},"url":"https:\/\/super-news.info\/pt\/author\/pt\/"}]}},"_links":{"self":[{"href":"https:\/\/super-news.info\/pt\/wp-json\/wp\/v2\/posts\/1494","targetHints":{"allow":["GET"]}}],"collection":[{"href":"https:\/\/super-news.info\/pt\/wp-json\/wp\/v2\/posts"}],"about":[{"href":"https:\/\/super-news.info\/pt\/wp-json\/wp\/v2\/types\/post"}],"author":[{"embeddable":true,"href":"https:\/\/super-news.info\/pt\/wp-json\/wp\/v2\/users\/2"}],"replies":[{"embeddable":true,"href":"https:\/\/super-news.info\/pt\/wp-json\/wp\/v2\/comments?post=1494"}],"version-history":[{"count":1,"href":"https:\/\/super-news.info\/pt\/wp-json\/wp\/v2\/posts\/1494\/revisions"}],"predecessor-version":[{"id":1496,"href":"https:\/\/super-news.info\/pt\/wp-json\/wp\/v2\/posts\/1494\/revisions\/1496"}],"wp:featuredmedia":[{"embeddable":true,"href":"https:\/\/super-news.info\/pt\/wp-json\/wp\/v2\/media\/1495"}],"wp:attachment":[{"href":"https:\/\/super-news.info\/pt\/wp-json\/wp\/v2\/media?parent=1494"}],"wp:term":[{"taxonomy":"category","embeddable":true,"href":"https:\/\/super-news.info\/pt\/wp-json\/wp\/v2\/categories?post=1494"},{"taxonomy":"post_tag","embeddable":true,"href":"https:\/\/super-news.info\/pt\/wp-json\/wp\/v2\/tags?post=1494"}],"curies":[{"name":"wp","href":"https:\/\/api.w.org\/{rel}","templated":true}]}}