{"id":1465,"date":"2019-05-13T14:57:20","date_gmt":"2019-05-13T11:57:20","guid":{"rendered":"https:\/\/super-news.info\/pt\/funchal-recebe-reuniao-da-rede-yenesis-para-combate-ao-desemprego-jovem-o-jornal-economico\/"},"modified":"2019-05-13T14:57:20","modified_gmt":"2019-05-13T11:57:20","slug":"funchal-recebe-reuniao-da-rede-yenesis-para-combate-ao-desemprego-jovem-o-jornal-economico","status":"publish","type":"post","link":"https:\/\/super-news.info\/pt\/funchal-recebe-reuniao-da-rede-yenesis-para-combate-ao-desemprego-jovem-o-jornal-economico\/","title":{"rendered":"Funchal recebe reuni\u00e3o da rede Yenesis para combate ao desemprego jovem \u2013 O Jornal Econ\u00f3mico"},"content":{"rendered":"<p> [ad_1]<br \/>\n<\/p>\n<div>\n<p>O Funchal vai receber esta ter\u00e7a e quarta-feira, no S\u00e9 Boutique Hotel, a segunda reuni\u00e3o da rede Yenesis, um programa que se destina a combater o desemprego jovem, atrav\u00e9s da forma\u00e7\u00e3o em \u00e1reas do emprego verde, efici\u00eancia energ\u00e9tica, energias renov\u00e1veis, turismo e mobilidade sustent\u00e1vel e inova\u00e7\u00e3o empresarial.<\/p>\n<p>O projeto Yenesis envolve 10 parceiros de 8 pa\u00edses (Noruega, Espanha, Chipre, Gr\u00e9cia, Est\u00f3nia, It\u00e1lia, Cro\u00e1cia e Portugal), e \u00e9 co-financiado pelo EEA and Norway Grants Fund for Youth Employment, e tem como alvo jovens entre os 25 e os 29 anos que n\u00e3o estudam, n\u00e3o trabalham e n\u00e3o frequentam forma\u00e7\u00e3o profissional (NEETs).<\/p>\n<p>Os associados do Yenesis v\u00e3o seleccionar 12 NEETs para participar em a\u00e7\u00f5es de forma\u00e7\u00e3o, estar em contacto com boas pr\u00e1ticas de empregos verdes na Noruega, participar numa experi\u00eancia laboral de um m\u00eas num dos pa\u00edses parceiros do projeto, e de seis meses na Regi\u00e3o, em articula\u00e7\u00e3o com entidades p\u00fablicas e empresas regionais.<\/p>\n<p>Na Madeira a Ag\u00eancia Regional da Energia e Ambiente (AREAM) \u00e9 a entidade parceira do Yenesis.<\/p>\n<\/p><\/div>\n<p><script>function facebookInit(){var js=document.createElement('script');js.src='https:\/\/connect.facebook.net\/pt_PT\/sdk.js#xfbml=1&version=v3.1&appId=1708066812789184&autoLogAppEvents=1';return document.body.appendChild(js);}\nwindow.onscroll=function(){var rect=document.getElementsByClassName('je-post-content')[0].getBoundingClientRect();if(rect.bottom<window.innerHeight){facebookInit();window.onscroll=null;}}<\/script><br \/>\n<br \/>[ad_2]<br \/>\n<br \/><a href=\"https:\/\/jornaleconomico.sapo.pt\/noticias\/funchal-recebe-reuniao-da-rede-yenesis-para-combate-ao-desemprego-jovem-443747\">Source link <\/a><\/p>\n","protected":false},"excerpt":{"rendered":"<p>[ad_1] O Funchal vai receber esta ter\u00e7a e quarta-feira, no S\u00e9 Boutique Hotel, a segunda reuni\u00e3o da rede Yenesis, um programa que se destina a combater o desemprego jovem, atrav\u00e9s da forma\u00e7\u00e3o em \u00e1reas do emprego verde, efici\u00eancia energ\u00e9tica, energias renov\u00e1veis, turismo e mobilidade sustent\u00e1vel e inova\u00e7\u00e3o empresarial. O projeto Yenesis envolve 10 parceiros de [&hellip;]<\/p>\n","protected":false},"author":2,"featured_media":1466,"comment_status":"open","ping_status":"open","sticky":false,"template":"","format":"standard","meta":{"footnotes":""},"categories":[1],"tags":[],"class_list":["post-1465","post","type-post","status-publish","format-standard","has-post-thumbnail","hentry","category-noticias-financeiras"],"yoast_head":"<!-- This site is optimized with the Yoast SEO plugin v27.4 - https:\/\/yoast.com\/product\/yoast-seo-wordpress\/ -->\n<title>Funchal recebe reuni\u00e3o da rede Yenesis para combate ao desemprego jovem \u2013 O Jornal Econ\u00f3mico - Super News<\/title>\n<meta name=\"robots\" content=\"index, follow, max-snippet:-1, max-image-preview:large, max-video-preview:-1\" \/>\n<link rel=\"canonical\" href=\"https:\/\/super-news.info\/pt\/funchal-recebe-reuniao-da-rede-yenesis-para-combate-ao-desemprego-jovem-o-jornal-economico\/\" \/>\n<meta property=\"og:locale\" content=\"pt_PT\" \/>\n<meta property=\"og:type\" content=\"article\" \/>\n<meta property=\"og:title\" content=\"Funchal recebe reuni\u00e3o da rede Yenesis para combate ao desemprego jovem \u2013 O Jornal Econ\u00f3mico - Super News\" \/>\n<meta property=\"og:description\" content=\"[ad_1] O Funchal vai receber esta ter\u00e7a e quarta-feira, no S\u00e9 Boutique Hotel, a segunda reuni\u00e3o da rede Yenesis, um programa que se destina a combater o desemprego jovem, atrav\u00e9s da forma\u00e7\u00e3o em \u00e1reas do emprego verde, efici\u00eancia energ\u00e9tica, energias renov\u00e1veis, turismo e mobilidade sustent\u00e1vel e inova\u00e7\u00e3o empresarial. O projeto Yenesis envolve 10 parceiros de [&hellip;]\" \/>\n<meta property=\"og:url\" content=\"https:\/\/super-news.info\/pt\/funchal-recebe-reuniao-da-rede-yenesis-para-combate-ao-desemprego-jovem-o-jornal-economico\/\" \/>\n<meta property=\"og:site_name\" content=\"Super News\" \/>\n<meta property=\"article:published_time\" content=\"2019-05-13T11:57:20+00:00\" \/>\n<meta property=\"og:image\" content=\"https:\/\/super-news.info\/pt\/wp-content\/uploads\/sites\/2\/2019\/05\/Funchal-recebe-reuni\u00e3o-da-rede-Yenesis-para-combate-ao-desemprego.png\" \/>\n\t<meta property=\"og:image:width\" content=\"600\" \/>\n\t<meta property=\"og:image:height\" content=\"600\" \/>\n\t<meta property=\"og:image:type\" content=\"image\/png\" \/>\n<meta name=\"author\" content=\"super-news\" \/>\n<meta name=\"twitter:card\" content=\"summary_large_image\" \/>\n<meta name=\"twitter:label1\" content=\"Escrito por\" \/>\n\t<meta name=\"twitter:data1\" content=\"super-news\" \/>\n\t<meta name=\"twitter:label2\" content=\"Tempo estimado de leitura\" \/>\n\t<meta name=\"twitter:data2\" content=\"1 minuto\" \/>\n<script type=\"application\/ld+json\" class=\"yoast-schema-graph\">{\"@context\":\"https:\\\/\\\/schema.org\",\"@graph\":[{\"@type\":\"Article\",\"@id\":\"https:\\\/\\\/super-news.info\\\/pt\\\/funchal-recebe-reuniao-da-rede-yenesis-para-combate-ao-desemprego-jovem-o-jornal-economico\\\/#article\",\"isPartOf\":{\"@id\":\"https:\\\/\\\/super-news.info\\\/pt\\\/funchal-recebe-reuniao-da-rede-yenesis-para-combate-ao-desemprego-jovem-o-jornal-economico\\\/\"},\"author\":{\"name\":\"super-news\",\"@id\":\"https:\\\/\\\/super-news.info\\\/pt\\\/#\\\/schema\\\/person\\\/2d4068cb2f39cd10008c2fce578a7356\"},\"headline\":\"Funchal recebe reuni\u00e3o da rede Yenesis para combate ao desemprego jovem \u2013 O Jornal Econ\u00f3mico\",\"datePublished\":\"2019-05-13T11:57:20+00:00\",\"mainEntityOfPage\":{\"@id\":\"https:\\\/\\\/super-news.info\\\/pt\\\/funchal-recebe-reuniao-da-rede-yenesis-para-combate-ao-desemprego-jovem-o-jornal-economico\\\/\"},\"wordCount\":210,\"commentCount\":0,\"image\":{\"@id\":\"https:\\\/\\\/super-news.info\\\/pt\\\/funchal-recebe-reuniao-da-rede-yenesis-para-combate-ao-desemprego-jovem-o-jornal-economico\\\/#primaryimage\"},\"thumbnailUrl\":\"https:\\\/\\\/super-news.info\\\/pt\\\/wp-content\\\/uploads\\\/sites\\\/2\\\/2019\\\/05\\\/Funchal-recebe-reuni\u00e3o-da-rede-Yenesis-para-combate-ao-desemprego.png\",\"articleSection\":[\"NOT\u00cdCIAS FINANCEIRAS\"],\"inLanguage\":\"pt-PT\",\"potentialAction\":[{\"@type\":\"CommentAction\",\"name\":\"Comment\",\"target\":[\"https:\\\/\\\/super-news.info\\\/pt\\\/funchal-recebe-reuniao-da-rede-yenesis-para-combate-ao-desemprego-jovem-o-jornal-economico\\\/#respond\"]}]},{\"@type\":\"WebPage\",\"@id\":\"https:\\\/\\\/super-news.info\\\/pt\\\/funchal-recebe-reuniao-da-rede-yenesis-para-combate-ao-desemprego-jovem-o-jornal-economico\\\/\",\"url\":\"https:\\\/\\\/super-news.info\\\/pt\\\/funchal-recebe-reuniao-da-rede-yenesis-para-combate-ao-desemprego-jovem-o-jornal-economico\\\/\",\"name\":\"Funchal recebe reuni\u00e3o da rede Yenesis para combate ao desemprego jovem \u2013 O Jornal Econ\u00f3mico - Super News\",\"isPartOf\":{\"@id\":\"https:\\\/\\\/super-news.info\\\/pt\\\/#website\"},\"primaryImageOfPage\":{\"@id\":\"https:\\\/\\\/super-news.info\\\/pt\\\/funchal-recebe-reuniao-da-rede-yenesis-para-combate-ao-desemprego-jovem-o-jornal-economico\\\/#primaryimage\"},\"image\":{\"@id\":\"https:\\\/\\\/super-news.info\\\/pt\\\/funchal-recebe-reuniao-da-rede-yenesis-para-combate-ao-desemprego-jovem-o-jornal-economico\\\/#primaryimage\"},\"thumbnailUrl\":\"https:\\\/\\\/super-news.info\\\/pt\\\/wp-content\\\/uploads\\\/sites\\\/2\\\/2019\\\/05\\\/Funchal-recebe-reuni\u00e3o-da-rede-Yenesis-para-combate-ao-desemprego.png\",\"datePublished\":\"2019-05-13T11:57:20+00:00\",\"author\":{\"@id\":\"https:\\\/\\\/super-news.info\\\/pt\\\/#\\\/schema\\\/person\\\/2d4068cb2f39cd10008c2fce578a7356\"},\"breadcrumb\":{\"@id\":\"https:\\\/\\\/super-news.info\\\/pt\\\/funchal-recebe-reuniao-da-rede-yenesis-para-combate-ao-desemprego-jovem-o-jornal-economico\\\/#breadcrumb\"},\"inLanguage\":\"pt-PT\",\"potentialAction\":[{\"@type\":\"ReadAction\",\"target\":[\"https:\\\/\\\/super-news.info\\\/pt\\\/funchal-recebe-reuniao-da-rede-yenesis-para-combate-ao-desemprego-jovem-o-jornal-economico\\\/\"]}]},{\"@type\":\"ImageObject\",\"inLanguage\":\"pt-PT\",\"@id\":\"https:\\\/\\\/super-news.info\\\/pt\\\/funchal-recebe-reuniao-da-rede-yenesis-para-combate-ao-desemprego-jovem-o-jornal-economico\\\/#primaryimage\",\"url\":\"https:\\\/\\\/super-news.info\\\/pt\\\/wp-content\\\/uploads\\\/sites\\\/2\\\/2019\\\/05\\\/Funchal-recebe-reuni\u00e3o-da-rede-Yenesis-para-combate-ao-desemprego.png\",\"contentUrl\":\"https:\\\/\\\/super-news.info\\\/pt\\\/wp-content\\\/uploads\\\/sites\\\/2\\\/2019\\\/05\\\/Funchal-recebe-reuni\u00e3o-da-rede-Yenesis-para-combate-ao-desemprego.png\",\"width\":600,\"height\":600,\"caption\":\"Funchal recebe reuni\u00e3o da rede Yenesis para combate ao desemprego jovem \u2013 O Jornal Econ\u00f3mico\"},{\"@type\":\"BreadcrumbList\",\"@id\":\"https:\\\/\\\/super-news.info\\\/pt\\\/funchal-recebe-reuniao-da-rede-yenesis-para-combate-ao-desemprego-jovem-o-jornal-economico\\\/#breadcrumb\",\"itemListElement\":[{\"@type\":\"ListItem\",\"position\":1,\"name\":\"\u0413\u043b\u0430\u0432\u043d\u0430\u044f \u0441\u0442\u0440\u0430\u043d\u0438\u0446\u0430\",\"item\":\"https:\\\/\\\/super-news.info\\\/pt\\\/\"},{\"@type\":\"ListItem\",\"position\":2,\"name\":\"Funchal recebe reuni\u00e3o da rede Yenesis para combate ao desemprego jovem \u2013 O Jornal Econ\u00f3mico\"}]},{\"@type\":\"WebSite\",\"@id\":\"https:\\\/\\\/super-news.info\\\/pt\\\/#website\",\"url\":\"https:\\\/\\\/super-news.info\\\/pt\\\/\",\"name\":\"Super News\",\"description\":\"Super News Portugal\",\"potentialAction\":[{\"@type\":\"SearchAction\",\"target\":{\"@type\":\"EntryPoint\",\"urlTemplate\":\"https:\\\/\\\/super-news.info\\\/pt\\\/?s={search_term_string}\"},\"query-input\":{\"@type\":\"PropertyValueSpecification\",\"valueRequired\":true,\"valueName\":\"search_term_string\"}}],\"inLanguage\":\"pt-PT\"},{\"@type\":\"Person\",\"@id\":\"https:\\\/\\\/super-news.info\\\/pt\\\/#\\\/schema\\\/person\\\/2d4068cb2f39cd10008c2fce578a7356\",\"name\":\"super-news\",\"image\":{\"@type\":\"ImageObject\",\"inLanguage\":\"pt-PT\",\"@id\":\"https:\\\/\\\/secure.gravatar.com\\\/avatar\\\/64ebac40b93f26a154f8a9b5b6fdccfc46f442b26b3dd6756dbff3bf9dc76fd7?s=96&d=mm&r=g\",\"url\":\"https:\\\/\\\/secure.gravatar.com\\\/avatar\\\/64ebac40b93f26a154f8a9b5b6fdccfc46f442b26b3dd6756dbff3bf9dc76fd7?s=96&d=mm&r=g\",\"contentUrl\":\"https:\\\/\\\/secure.gravatar.com\\\/avatar\\\/64ebac40b93f26a154f8a9b5b6fdccfc46f442b26b3dd6756dbff3bf9dc76fd7?s=96&d=mm&r=g\",\"caption\":\"super-news\"},\"url\":\"https:\\\/\\\/super-news.info\\\/pt\\\/author\\\/pt\\\/\"}]}<\/script>\n<!-- \/ Yoast SEO plugin. -->","yoast_head_json":{"title":"Funchal recebe reuni\u00e3o da rede Yenesis para combate ao desemprego jovem \u2013 O Jornal Econ\u00f3mico - Super News","robots":{"index":"index","follow":"follow","max-snippet":"max-snippet:-1","max-image-preview":"max-image-preview:large","max-video-preview":"max-video-preview:-1"},"canonical":"https:\/\/super-news.info\/pt\/funchal-recebe-reuniao-da-rede-yenesis-para-combate-ao-desemprego-jovem-o-jornal-economico\/","og_locale":"pt_PT","og_type":"article","og_title":"Funchal recebe reuni\u00e3o da rede Yenesis para combate ao desemprego jovem \u2013 O Jornal Econ\u00f3mico - Super News","og_description":"[ad_1] O Funchal vai receber esta ter\u00e7a e quarta-feira, no S\u00e9 Boutique Hotel, a segunda reuni\u00e3o da rede Yenesis, um programa que se destina a combater o desemprego jovem, atrav\u00e9s da forma\u00e7\u00e3o em \u00e1reas do emprego verde, efici\u00eancia energ\u00e9tica, energias renov\u00e1veis, turismo e mobilidade sustent\u00e1vel e inova\u00e7\u00e3o empresarial. O projeto Yenesis envolve 10 parceiros de [&hellip;]","og_url":"https:\/\/super-news.info\/pt\/funchal-recebe-reuniao-da-rede-yenesis-para-combate-ao-desemprego-jovem-o-jornal-economico\/","og_site_name":"Super News","article_published_time":"2019-05-13T11:57:20+00:00","og_image":[{"width":600,"height":600,"url":"https:\/\/super-news.info\/pt\/wp-content\/uploads\/sites\/2\/2019\/05\/Funchal-recebe-reuni\u00e3o-da-rede-Yenesis-para-combate-ao-desemprego.png","type":"image\/png"}],"author":"super-news","twitter_card":"summary_large_image","twitter_misc":{"Escrito por":"super-news","Tempo estimado de leitura":"1 minuto"},"schema":{"@context":"https:\/\/schema.org","@graph":[{"@type":"Article","@id":"https:\/\/super-news.info\/pt\/funchal-recebe-reuniao-da-rede-yenesis-para-combate-ao-desemprego-jovem-o-jornal-economico\/#article","isPartOf":{"@id":"https:\/\/super-news.info\/pt\/funchal-recebe-reuniao-da-rede-yenesis-para-combate-ao-desemprego-jovem-o-jornal-economico\/"},"author":{"name":"super-news","@id":"https:\/\/super-news.info\/pt\/#\/schema\/person\/2d4068cb2f39cd10008c2fce578a7356"},"headline":"Funchal recebe reuni\u00e3o da rede Yenesis para combate ao desemprego jovem \u2013 O Jornal Econ\u00f3mico","datePublished":"2019-05-13T11:57:20+00:00","mainEntityOfPage":{"@id":"https:\/\/super-news.info\/pt\/funchal-recebe-reuniao-da-rede-yenesis-para-combate-ao-desemprego-jovem-o-jornal-economico\/"},"wordCount":210,"commentCount":0,"image":{"@id":"https:\/\/super-news.info\/pt\/funchal-recebe-reuniao-da-rede-yenesis-para-combate-ao-desemprego-jovem-o-jornal-economico\/#primaryimage"},"thumbnailUrl":"https:\/\/super-news.info\/pt\/wp-content\/uploads\/sites\/2\/2019\/05\/Funchal-recebe-reuni\u00e3o-da-rede-Yenesis-para-combate-ao-desemprego.png","articleSection":["NOT\u00cdCIAS FINANCEIRAS"],"inLanguage":"pt-PT","potentialAction":[{"@type":"CommentAction","name":"Comment","target":["https:\/\/super-news.info\/pt\/funchal-recebe-reuniao-da-rede-yenesis-para-combate-ao-desemprego-jovem-o-jornal-economico\/#respond"]}]},{"@type":"WebPage","@id":"https:\/\/super-news.info\/pt\/funchal-recebe-reuniao-da-rede-yenesis-para-combate-ao-desemprego-jovem-o-jornal-economico\/","url":"https:\/\/super-news.info\/pt\/funchal-recebe-reuniao-da-rede-yenesis-para-combate-ao-desemprego-jovem-o-jornal-economico\/","name":"Funchal recebe reuni\u00e3o da rede Yenesis para combate ao desemprego jovem \u2013 O Jornal Econ\u00f3mico - Super News","isPartOf":{"@id":"https:\/\/super-news.info\/pt\/#website"},"primaryImageOfPage":{"@id":"https:\/\/super-news.info\/pt\/funchal-recebe-reuniao-da-rede-yenesis-para-combate-ao-desemprego-jovem-o-jornal-economico\/#primaryimage"},"image":{"@id":"https:\/\/super-news.info\/pt\/funchal-recebe-reuniao-da-rede-yenesis-para-combate-ao-desemprego-jovem-o-jornal-economico\/#primaryimage"},"thumbnailUrl":"https:\/\/super-news.info\/pt\/wp-content\/uploads\/sites\/2\/2019\/05\/Funchal-recebe-reuni\u00e3o-da-rede-Yenesis-para-combate-ao-desemprego.png","datePublished":"2019-05-13T11:57:20+00:00","author":{"@id":"https:\/\/super-news.info\/pt\/#\/schema\/person\/2d4068cb2f39cd10008c2fce578a7356"},"breadcrumb":{"@id":"https:\/\/super-news.info\/pt\/funchal-recebe-reuniao-da-rede-yenesis-para-combate-ao-desemprego-jovem-o-jornal-economico\/#breadcrumb"},"inLanguage":"pt-PT","potentialAction":[{"@type":"ReadAction","target":["https:\/\/super-news.info\/pt\/funchal-recebe-reuniao-da-rede-yenesis-para-combate-ao-desemprego-jovem-o-jornal-economico\/"]}]},{"@type":"ImageObject","inLanguage":"pt-PT","@id":"https:\/\/super-news.info\/pt\/funchal-recebe-reuniao-da-rede-yenesis-para-combate-ao-desemprego-jovem-o-jornal-economico\/#primaryimage","url":"https:\/\/super-news.info\/pt\/wp-content\/uploads\/sites\/2\/2019\/05\/Funchal-recebe-reuni\u00e3o-da-rede-Yenesis-para-combate-ao-desemprego.png","contentUrl":"https:\/\/super-news.info\/pt\/wp-content\/uploads\/sites\/2\/2019\/05\/Funchal-recebe-reuni\u00e3o-da-rede-Yenesis-para-combate-ao-desemprego.png","width":600,"height":600,"caption":"Funchal recebe reuni\u00e3o da rede Yenesis para combate ao desemprego jovem \u2013 O Jornal Econ\u00f3mico"},{"@type":"BreadcrumbList","@id":"https:\/\/super-news.info\/pt\/funchal-recebe-reuniao-da-rede-yenesis-para-combate-ao-desemprego-jovem-o-jornal-economico\/#breadcrumb","itemListElement":[{"@type":"ListItem","position":1,"name":"\u0413\u043b\u0430\u0432\u043d\u0430\u044f \u0441\u0442\u0440\u0430\u043d\u0438\u0446\u0430","item":"https:\/\/super-news.info\/pt\/"},{"@type":"ListItem","position":2,"name":"Funchal recebe reuni\u00e3o da rede Yenesis para combate ao desemprego jovem \u2013 O Jornal Econ\u00f3mico"}]},{"@type":"WebSite","@id":"https:\/\/super-news.info\/pt\/#website","url":"https:\/\/super-news.info\/pt\/","name":"Super News","description":"Super News Portugal","potentialAction":[{"@type":"SearchAction","target":{"@type":"EntryPoint","urlTemplate":"https:\/\/super-news.info\/pt\/?s={search_term_string}"},"query-input":{"@type":"PropertyValueSpecification","valueRequired":true,"valueName":"search_term_string"}}],"inLanguage":"pt-PT"},{"@type":"Person","@id":"https:\/\/super-news.info\/pt\/#\/schema\/person\/2d4068cb2f39cd10008c2fce578a7356","name":"super-news","image":{"@type":"ImageObject","inLanguage":"pt-PT","@id":"https:\/\/secure.gravatar.com\/avatar\/64ebac40b93f26a154f8a9b5b6fdccfc46f442b26b3dd6756dbff3bf9dc76fd7?s=96&d=mm&r=g","url":"https:\/\/secure.gravatar.com\/avatar\/64ebac40b93f26a154f8a9b5b6fdccfc46f442b26b3dd6756dbff3bf9dc76fd7?s=96&d=mm&r=g","contentUrl":"https:\/\/secure.gravatar.com\/avatar\/64ebac40b93f26a154f8a9b5b6fdccfc46f442b26b3dd6756dbff3bf9dc76fd7?s=96&d=mm&r=g","caption":"super-news"},"url":"https:\/\/super-news.info\/pt\/author\/pt\/"}]}},"_links":{"self":[{"href":"https:\/\/super-news.info\/pt\/wp-json\/wp\/v2\/posts\/1465","targetHints":{"allow":["GET"]}}],"collection":[{"href":"https:\/\/super-news.info\/pt\/wp-json\/wp\/v2\/posts"}],"about":[{"href":"https:\/\/super-news.info\/pt\/wp-json\/wp\/v2\/types\/post"}],"author":[{"embeddable":true,"href":"https:\/\/super-news.info\/pt\/wp-json\/wp\/v2\/users\/2"}],"replies":[{"embeddable":true,"href":"https:\/\/super-news.info\/pt\/wp-json\/wp\/v2\/comments?post=1465"}],"version-history":[{"count":1,"href":"https:\/\/super-news.info\/pt\/wp-json\/wp\/v2\/posts\/1465\/revisions"}],"predecessor-version":[{"id":1467,"href":"https:\/\/super-news.info\/pt\/wp-json\/wp\/v2\/posts\/1465\/revisions\/1467"}],"wp:featuredmedia":[{"embeddable":true,"href":"https:\/\/super-news.info\/pt\/wp-json\/wp\/v2\/media\/1466"}],"wp:attachment":[{"href":"https:\/\/super-news.info\/pt\/wp-json\/wp\/v2\/media?parent=1465"}],"wp:term":[{"taxonomy":"category","embeddable":true,"href":"https:\/\/super-news.info\/pt\/wp-json\/wp\/v2\/categories?post=1465"},{"taxonomy":"post_tag","embeddable":true,"href":"https:\/\/super-news.info\/pt\/wp-json\/wp\/v2\/tags?post=1465"}],"curies":[{"name":"wp","href":"https:\/\/api.w.org\/{rel}","templated":true}]}}