{"id":1447,"date":"2019-05-11T20:18:56","date_gmt":"2019-05-11T17:18:56","guid":{"rendered":"https:\/\/super-news.info\/pt\/entre-tantos-ha-sempre-um-homenagem-a-rui-nabeiro-em-garrafa-e-papel-o-jornal-economico\/"},"modified":"2019-05-11T20:18:57","modified_gmt":"2019-05-11T17:18:57","slug":"entre-tantos-ha-sempre-um-homenagem-a-rui-nabeiro-em-garrafa-e-papel-o-jornal-economico","status":"publish","type":"post","link":"https:\/\/super-news.info\/pt\/entre-tantos-ha-sempre-um-homenagem-a-rui-nabeiro-em-garrafa-e-papel-o-jornal-economico\/","title":{"rendered":"\u201cEntre Tantos\u201d, h\u00e1 sempre um. Homenagem a Rui Nabeiro em garrafa e papel \u2013 O Jornal Econ\u00f3mico"},"content":{"rendered":"<p> [ad_1]<br \/>\n<\/p>\n<div>\n<p>\u201cUm livro em aberto, com um caminho em aberto\u201d. Foi assim que foi descrito na biografia \u201cA P\u00e1ginas Tantas\u201d dedicado ao comendador Rui Nabeiro, apresentado na noite de quinta-feira, dia 9 de maio, na Adega Mayor, em Campo Maior.<\/p>\n<p>O livro foi apenas uma parte da homenagem no jantar junto \u00e0s barricas da adega. O vinho \u201cEntre Tantos\u201d tamb\u00e9m faz parte da surpresa que pretende homenagear o fundador da Delta Caf\u00e9s, no ano em que comemorou 88 anos.<\/p>\n<p>A CEO da Adega Mayor, Rita Nabeiro, juntou-se a dois en\u00f3logos para a cria\u00e7\u00e3o do n\u00e9ctar que demorou seis anos a ser produzido nas vinhas da adega. \u201cMais que um vinho, \u00e9 uma homenagem\u201d, explicou ao Jornal Econ\u00f3mico. \u201cFoi fazer uma homenagem n\u00e3o s\u00f3 ao meu av\u00f4, mas tamb\u00e9m a uma pessoa que nos inspira\u201d.<\/p>\n<p>O jantar, que foi confecionado pelo \u2018chef\u2019 V\u00edtor Sobral, contou com a apresenta\u00e7\u00e3o da biografia em forma de papel. \u201cT\u00e3o diferentes dos demais e t\u00e3o igual\u201d, \u00e9 como se inicia a leitura de um conjunto de testemunhos de amigos, familiares, membros e trabalhadores da comunidade, e do pr\u00f3prio Rui Nabeiro, que t\u00eam como objetivo relembrar a vida de um homem que dedicou a sua vida \u00e0 fam\u00edlia e a Campo Maior. \u201cAs palavras perpetuam a mem\u00f3ria. \u00c9 uma homenagem sentida e merecida\u201d, rematou a CEO ao Jornal Econ\u00f3mico.<\/p>\n<figure id=\"attachment_442910\" aria-describedby=\"caption-attachment-442910\" style=\"width: 641px\" class=\"wp-caption aligncenter\"><figcaption id=\"caption-attachment-442910\" class=\"wp-caption-text\">\u201cEntre Tantos\u201d, edi\u00e7\u00e3o de homenagem a Rui Nabeiro\/ J\u00e9ssica Sousa<\/figcaption><\/figure>\n<p>Foi com \u201camizade, carinho, amor e proximidade\u201d que o octogen\u00e1rio reagiu \u00e0 surpresa. Rui Nabeiro sublinhou ao JE que a mensagem, em forma de livro, que conta a vida e obra do empres\u00e1rio campomaiorense, fortalece o sentimento de familiaridade que \u201cj\u00e1 \u00e9 t\u00e3o forte\u201d.<\/p>\n<p>\u201cEu caminhei aqui, e a caminhei acol\u00e1. Eu n\u00e3o sonhava que isto pudesse acontecer, n\u00e3o sonhava poder caminhar t\u00e3o longe. Mas este caminho, eu fa\u00e7o-o ao lado de todos v\u00f3s\u201d, contou o empres\u00e1rio. \u201cTodos voc\u00eas s\u00e3o fam\u00edlia para mim\u201d, vincou.<\/p>\n<p>Tal como criar o \u201cEntre Tantos\u201d de raiz n\u00e3o foi f\u00e1cil, organizar o evento em segredo tamb\u00e9m n\u00e3o, dado que o homenageado \u00e9 como um \u2018padrinho\u2019 para Campo Maior: \u201cadorado por muitos, adorado por todos\u201d, tal como foi dito durante o evento.<\/p>\n<p>\u201cMas ele n\u00e3o sabia de nada\u201d, prometeu a neta. \u201cA rea\u00e7\u00e3o dele foi aquilo que se esperava; ele tem 88 anos, e tem sempre a mesma garra, alegria, entusiasmo e o sorriso\u201d, contou. \u201cIsto foi mais que um evento, foi um momento de partilha. Come\u00e7ou em 2013, com o vinho, e apesar de serem apenas 2.800 mil garrafas, s\u00e3o garrafas especiais. Isto foi apenas uma pequena parte daquilo que j\u00e1 quer\u00edamos fazer h\u00e1 muito tempo\u201d, explicou a neta.\u00a0 \u201cSomos uma fam\u00edlia que vem do caf\u00e9. Era tempo de homenagear quem nos inspira\u201d, rematou.<\/p>\n<p>Desde a abertura da f\u00e1brica Delta Caf\u00e9s, em 1961, que Rui Nabeiro \u00e9 visto como um empres\u00e1rio que pretende partilhar a riqueza da empresa com o resto da popula\u00e7\u00e3o campomaiorense. Nascido em 1931, no seio de uma fam\u00edlia humilde, come\u00e7ou a trabalhar por volta dos doze anos. Aos dezassete, ap\u00f3s a morte do pai, assumiu os destinos da pequena torrefa\u00e7\u00e3o familiar e assim nasceu o amor pelo caf\u00e9.<\/p>\n<p>Dono de um imp\u00e9rio que se expande por todo o mundo, e com quase 3.500 mil trabalhadores (que considera fam\u00edlia), Nabeiro prometeu ao JE uma coisa: \u201cespero viver pelo menos mais 20 anos. N\u00e3o quero morrer amanh\u00e3, essa \u00e9 uma promessa que fa\u00e7o\u201d, assumiu.<\/p>\n<\/div>\n<p><script>function facebookInit(){var js=document.createElement('script');js.src='https:\/\/connect.facebook.net\/pt_PT\/sdk.js#xfbml=1&version=v3.1&appId=1708066812789184&autoLogAppEvents=1';return document.body.appendChild(js);}\nwindow.onscroll=function(){var rect=document.getElementsByClassName('je-post-content')[0].getBoundingClientRect();if(rect.bottom<window.innerHeight){facebookInit();window.onscroll=null;}}<\/script><br \/>\n<br \/>[ad_2]<br \/>\n<br \/><a href=\"https:\/\/jornaleconomico.sapo.pt\/noticias\/entre-tantos-ha-sempre-um-a-homenagem-a-rui-nabeiro-em-forma-de-livro-e-vinho-fds-442619\">Source link <\/a><\/p>\n","protected":false},"excerpt":{"rendered":"<p>[ad_1] \u201cUm livro em aberto, com um caminho em aberto\u201d. Foi assim que foi descrito na biografia \u201cA P\u00e1ginas Tantas\u201d dedicado ao comendador Rui Nabeiro, apresentado na noite de quinta-feira, dia 9 de maio, na Adega Mayor, em Campo Maior. O livro foi apenas uma parte da homenagem no jantar junto \u00e0s barricas da adega. [&hellip;]<\/p>\n","protected":false},"author":2,"featured_media":1448,"comment_status":"open","ping_status":"open","sticky":false,"template":"","format":"standard","meta":{"footnotes":""},"categories":[1],"tags":[],"class_list":["post-1447","post","type-post","status-publish","format-standard","has-post-thumbnail","hentry","category-noticias-financeiras"],"yoast_head":"<!-- This site is optimized with the Yoast SEO plugin v27.4 - https:\/\/yoast.com\/product\/yoast-seo-wordpress\/ -->\n<title>\u201cEntre Tantos\u201d, h\u00e1 sempre um. Homenagem a Rui Nabeiro em garrafa e papel \u2013 O Jornal Econ\u00f3mico - Super News<\/title>\n<meta name=\"robots\" content=\"index, follow, max-snippet:-1, max-image-preview:large, max-video-preview:-1\" \/>\n<link rel=\"canonical\" href=\"https:\/\/super-news.info\/pt\/entre-tantos-ha-sempre-um-homenagem-a-rui-nabeiro-em-garrafa-e-papel-o-jornal-economico\/\" \/>\n<meta property=\"og:locale\" content=\"pt_PT\" \/>\n<meta property=\"og:type\" content=\"article\" \/>\n<meta property=\"og:title\" content=\"\u201cEntre Tantos\u201d, h\u00e1 sempre um. Homenagem a Rui Nabeiro em garrafa e papel \u2013 O Jornal Econ\u00f3mico - Super News\" \/>\n<meta property=\"og:description\" content=\"[ad_1] \u201cUm livro em aberto, com um caminho em aberto\u201d. Foi assim que foi descrito na biografia \u201cA P\u00e1ginas Tantas\u201d dedicado ao comendador Rui Nabeiro, apresentado na noite de quinta-feira, dia 9 de maio, na Adega Mayor, em Campo Maior. O livro foi apenas uma parte da homenagem no jantar junto \u00e0s barricas da adega. [&hellip;]\" \/>\n<meta property=\"og:url\" content=\"https:\/\/super-news.info\/pt\/entre-tantos-ha-sempre-um-homenagem-a-rui-nabeiro-em-garrafa-e-papel-o-jornal-economico\/\" \/>\n<meta property=\"og:site_name\" content=\"Super News\" \/>\n<meta property=\"article:published_time\" content=\"2019-05-11T17:18:56+00:00\" \/>\n<meta property=\"article:modified_time\" content=\"2019-05-11T17:18:57+00:00\" \/>\n<meta property=\"og:image\" content=\"https:\/\/super-news.info\/pt\/wp-content\/uploads\/sites\/2\/2019\/05\/\u201cEntre-Tantos\u201d-h\u00e1-sempre-um.-Homenagem-a-Rui-Nabeiro-em.jpg\" \/>\n\t<meta property=\"og:image:width\" content=\"960\" \/>\n\t<meta property=\"og:image:height\" content=\"600\" \/>\n\t<meta property=\"og:image:type\" content=\"image\/jpeg\" \/>\n<meta name=\"author\" content=\"super-news\" \/>\n<meta name=\"twitter:card\" content=\"summary_large_image\" \/>\n<meta name=\"twitter:label1\" content=\"Escrito por\" \/>\n\t<meta name=\"twitter:data1\" content=\"super-news\" \/>\n\t<meta name=\"twitter:label2\" content=\"Tempo estimado de leitura\" \/>\n\t<meta name=\"twitter:data2\" content=\"3 minutos\" \/>\n<script type=\"application\/ld+json\" class=\"yoast-schema-graph\">{\"@context\":\"https:\\\/\\\/schema.org\",\"@graph\":[{\"@type\":\"Article\",\"@id\":\"https:\\\/\\\/super-news.info\\\/pt\\\/entre-tantos-ha-sempre-um-homenagem-a-rui-nabeiro-em-garrafa-e-papel-o-jornal-economico\\\/#article\",\"isPartOf\":{\"@id\":\"https:\\\/\\\/super-news.info\\\/pt\\\/entre-tantos-ha-sempre-um-homenagem-a-rui-nabeiro-em-garrafa-e-papel-o-jornal-economico\\\/\"},\"author\":{\"name\":\"super-news\",\"@id\":\"https:\\\/\\\/super-news.info\\\/pt\\\/#\\\/schema\\\/person\\\/2d4068cb2f39cd10008c2fce578a7356\"},\"headline\":\"\u201cEntre Tantos\u201d, h\u00e1 sempre um. Homenagem a Rui Nabeiro em garrafa e papel \u2013 O Jornal Econ\u00f3mico\",\"datePublished\":\"2019-05-11T17:18:56+00:00\",\"dateModified\":\"2019-05-11T17:18:57+00:00\",\"mainEntityOfPage\":{\"@id\":\"https:\\\/\\\/super-news.info\\\/pt\\\/entre-tantos-ha-sempre-um-homenagem-a-rui-nabeiro-em-garrafa-e-papel-o-jornal-economico\\\/\"},\"wordCount\":619,\"commentCount\":0,\"image\":{\"@id\":\"https:\\\/\\\/super-news.info\\\/pt\\\/entre-tantos-ha-sempre-um-homenagem-a-rui-nabeiro-em-garrafa-e-papel-o-jornal-economico\\\/#primaryimage\"},\"thumbnailUrl\":\"https:\\\/\\\/super-news.info\\\/pt\\\/wp-content\\\/uploads\\\/sites\\\/2\\\/2019\\\/05\\\/\u201cEntre-Tantos\u201d-h\u00e1-sempre-um.-Homenagem-a-Rui-Nabeiro-em.jpg\",\"articleSection\":[\"NOT\u00cdCIAS FINANCEIRAS\"],\"inLanguage\":\"pt-PT\",\"potentialAction\":[{\"@type\":\"CommentAction\",\"name\":\"Comment\",\"target\":[\"https:\\\/\\\/super-news.info\\\/pt\\\/entre-tantos-ha-sempre-um-homenagem-a-rui-nabeiro-em-garrafa-e-papel-o-jornal-economico\\\/#respond\"]}]},{\"@type\":\"WebPage\",\"@id\":\"https:\\\/\\\/super-news.info\\\/pt\\\/entre-tantos-ha-sempre-um-homenagem-a-rui-nabeiro-em-garrafa-e-papel-o-jornal-economico\\\/\",\"url\":\"https:\\\/\\\/super-news.info\\\/pt\\\/entre-tantos-ha-sempre-um-homenagem-a-rui-nabeiro-em-garrafa-e-papel-o-jornal-economico\\\/\",\"name\":\"\u201cEntre Tantos\u201d, h\u00e1 sempre um. Homenagem a Rui Nabeiro em garrafa e papel \u2013 O Jornal Econ\u00f3mico - Super News\",\"isPartOf\":{\"@id\":\"https:\\\/\\\/super-news.info\\\/pt\\\/#website\"},\"primaryImageOfPage\":{\"@id\":\"https:\\\/\\\/super-news.info\\\/pt\\\/entre-tantos-ha-sempre-um-homenagem-a-rui-nabeiro-em-garrafa-e-papel-o-jornal-economico\\\/#primaryimage\"},\"image\":{\"@id\":\"https:\\\/\\\/super-news.info\\\/pt\\\/entre-tantos-ha-sempre-um-homenagem-a-rui-nabeiro-em-garrafa-e-papel-o-jornal-economico\\\/#primaryimage\"},\"thumbnailUrl\":\"https:\\\/\\\/super-news.info\\\/pt\\\/wp-content\\\/uploads\\\/sites\\\/2\\\/2019\\\/05\\\/\u201cEntre-Tantos\u201d-h\u00e1-sempre-um.-Homenagem-a-Rui-Nabeiro-em.jpg\",\"datePublished\":\"2019-05-11T17:18:56+00:00\",\"dateModified\":\"2019-05-11T17:18:57+00:00\",\"author\":{\"@id\":\"https:\\\/\\\/super-news.info\\\/pt\\\/#\\\/schema\\\/person\\\/2d4068cb2f39cd10008c2fce578a7356\"},\"breadcrumb\":{\"@id\":\"https:\\\/\\\/super-news.info\\\/pt\\\/entre-tantos-ha-sempre-um-homenagem-a-rui-nabeiro-em-garrafa-e-papel-o-jornal-economico\\\/#breadcrumb\"},\"inLanguage\":\"pt-PT\",\"potentialAction\":[{\"@type\":\"ReadAction\",\"target\":[\"https:\\\/\\\/super-news.info\\\/pt\\\/entre-tantos-ha-sempre-um-homenagem-a-rui-nabeiro-em-garrafa-e-papel-o-jornal-economico\\\/\"]}]},{\"@type\":\"ImageObject\",\"inLanguage\":\"pt-PT\",\"@id\":\"https:\\\/\\\/super-news.info\\\/pt\\\/entre-tantos-ha-sempre-um-homenagem-a-rui-nabeiro-em-garrafa-e-papel-o-jornal-economico\\\/#primaryimage\",\"url\":\"https:\\\/\\\/super-news.info\\\/pt\\\/wp-content\\\/uploads\\\/sites\\\/2\\\/2019\\\/05\\\/\u201cEntre-Tantos\u201d-h\u00e1-sempre-um.-Homenagem-a-Rui-Nabeiro-em.jpg\",\"contentUrl\":\"https:\\\/\\\/super-news.info\\\/pt\\\/wp-content\\\/uploads\\\/sites\\\/2\\\/2019\\\/05\\\/\u201cEntre-Tantos\u201d-h\u00e1-sempre-um.-Homenagem-a-Rui-Nabeiro-em.jpg\",\"width\":960,\"height\":600,\"caption\":\"\u201cEntre Tantos\u201d, h\u00e1 sempre um. Homenagem a Rui Nabeiro em garrafa e papel \u2013 O Jornal Econ\u00f3mico\"},{\"@type\":\"BreadcrumbList\",\"@id\":\"https:\\\/\\\/super-news.info\\\/pt\\\/entre-tantos-ha-sempre-um-homenagem-a-rui-nabeiro-em-garrafa-e-papel-o-jornal-economico\\\/#breadcrumb\",\"itemListElement\":[{\"@type\":\"ListItem\",\"position\":1,\"name\":\"\u0413\u043b\u0430\u0432\u043d\u0430\u044f \u0441\u0442\u0440\u0430\u043d\u0438\u0446\u0430\",\"item\":\"https:\\\/\\\/super-news.info\\\/pt\\\/\"},{\"@type\":\"ListItem\",\"position\":2,\"name\":\"\u201cEntre Tantos\u201d, h\u00e1 sempre um. Homenagem a Rui Nabeiro em garrafa e papel \u2013 O Jornal Econ\u00f3mico\"}]},{\"@type\":\"WebSite\",\"@id\":\"https:\\\/\\\/super-news.info\\\/pt\\\/#website\",\"url\":\"https:\\\/\\\/super-news.info\\\/pt\\\/\",\"name\":\"Super News\",\"description\":\"Super News Portugal\",\"potentialAction\":[{\"@type\":\"SearchAction\",\"target\":{\"@type\":\"EntryPoint\",\"urlTemplate\":\"https:\\\/\\\/super-news.info\\\/pt\\\/?s={search_term_string}\"},\"query-input\":{\"@type\":\"PropertyValueSpecification\",\"valueRequired\":true,\"valueName\":\"search_term_string\"}}],\"inLanguage\":\"pt-PT\"},{\"@type\":\"Person\",\"@id\":\"https:\\\/\\\/super-news.info\\\/pt\\\/#\\\/schema\\\/person\\\/2d4068cb2f39cd10008c2fce578a7356\",\"name\":\"super-news\",\"image\":{\"@type\":\"ImageObject\",\"inLanguage\":\"pt-PT\",\"@id\":\"https:\\\/\\\/secure.gravatar.com\\\/avatar\\\/64ebac40b93f26a154f8a9b5b6fdccfc46f442b26b3dd6756dbff3bf9dc76fd7?s=96&d=mm&r=g\",\"url\":\"https:\\\/\\\/secure.gravatar.com\\\/avatar\\\/64ebac40b93f26a154f8a9b5b6fdccfc46f442b26b3dd6756dbff3bf9dc76fd7?s=96&d=mm&r=g\",\"contentUrl\":\"https:\\\/\\\/secure.gravatar.com\\\/avatar\\\/64ebac40b93f26a154f8a9b5b6fdccfc46f442b26b3dd6756dbff3bf9dc76fd7?s=96&d=mm&r=g\",\"caption\":\"super-news\"},\"url\":\"https:\\\/\\\/super-news.info\\\/pt\\\/author\\\/pt\\\/\"}]}<\/script>\n<!-- \/ Yoast SEO plugin. -->","yoast_head_json":{"title":"\u201cEntre Tantos\u201d, h\u00e1 sempre um. Homenagem a Rui Nabeiro em garrafa e papel \u2013 O Jornal Econ\u00f3mico - Super News","robots":{"index":"index","follow":"follow","max-snippet":"max-snippet:-1","max-image-preview":"max-image-preview:large","max-video-preview":"max-video-preview:-1"},"canonical":"https:\/\/super-news.info\/pt\/entre-tantos-ha-sempre-um-homenagem-a-rui-nabeiro-em-garrafa-e-papel-o-jornal-economico\/","og_locale":"pt_PT","og_type":"article","og_title":"\u201cEntre Tantos\u201d, h\u00e1 sempre um. Homenagem a Rui Nabeiro em garrafa e papel \u2013 O Jornal Econ\u00f3mico - Super News","og_description":"[ad_1] \u201cUm livro em aberto, com um caminho em aberto\u201d. Foi assim que foi descrito na biografia \u201cA P\u00e1ginas Tantas\u201d dedicado ao comendador Rui Nabeiro, apresentado na noite de quinta-feira, dia 9 de maio, na Adega Mayor, em Campo Maior. O livro foi apenas uma parte da homenagem no jantar junto \u00e0s barricas da adega. [&hellip;]","og_url":"https:\/\/super-news.info\/pt\/entre-tantos-ha-sempre-um-homenagem-a-rui-nabeiro-em-garrafa-e-papel-o-jornal-economico\/","og_site_name":"Super News","article_published_time":"2019-05-11T17:18:56+00:00","article_modified_time":"2019-05-11T17:18:57+00:00","og_image":[{"width":960,"height":600,"url":"https:\/\/super-news.info\/pt\/wp-content\/uploads\/sites\/2\/2019\/05\/\u201cEntre-Tantos\u201d-h\u00e1-sempre-um.-Homenagem-a-Rui-Nabeiro-em.jpg","type":"image\/jpeg"}],"author":"super-news","twitter_card":"summary_large_image","twitter_misc":{"Escrito por":"super-news","Tempo estimado de leitura":"3 minutos"},"schema":{"@context":"https:\/\/schema.org","@graph":[{"@type":"Article","@id":"https:\/\/super-news.info\/pt\/entre-tantos-ha-sempre-um-homenagem-a-rui-nabeiro-em-garrafa-e-papel-o-jornal-economico\/#article","isPartOf":{"@id":"https:\/\/super-news.info\/pt\/entre-tantos-ha-sempre-um-homenagem-a-rui-nabeiro-em-garrafa-e-papel-o-jornal-economico\/"},"author":{"name":"super-news","@id":"https:\/\/super-news.info\/pt\/#\/schema\/person\/2d4068cb2f39cd10008c2fce578a7356"},"headline":"\u201cEntre Tantos\u201d, h\u00e1 sempre um. Homenagem a Rui Nabeiro em garrafa e papel \u2013 O Jornal Econ\u00f3mico","datePublished":"2019-05-11T17:18:56+00:00","dateModified":"2019-05-11T17:18:57+00:00","mainEntityOfPage":{"@id":"https:\/\/super-news.info\/pt\/entre-tantos-ha-sempre-um-homenagem-a-rui-nabeiro-em-garrafa-e-papel-o-jornal-economico\/"},"wordCount":619,"commentCount":0,"image":{"@id":"https:\/\/super-news.info\/pt\/entre-tantos-ha-sempre-um-homenagem-a-rui-nabeiro-em-garrafa-e-papel-o-jornal-economico\/#primaryimage"},"thumbnailUrl":"https:\/\/super-news.info\/pt\/wp-content\/uploads\/sites\/2\/2019\/05\/\u201cEntre-Tantos\u201d-h\u00e1-sempre-um.-Homenagem-a-Rui-Nabeiro-em.jpg","articleSection":["NOT\u00cdCIAS FINANCEIRAS"],"inLanguage":"pt-PT","potentialAction":[{"@type":"CommentAction","name":"Comment","target":["https:\/\/super-news.info\/pt\/entre-tantos-ha-sempre-um-homenagem-a-rui-nabeiro-em-garrafa-e-papel-o-jornal-economico\/#respond"]}]},{"@type":"WebPage","@id":"https:\/\/super-news.info\/pt\/entre-tantos-ha-sempre-um-homenagem-a-rui-nabeiro-em-garrafa-e-papel-o-jornal-economico\/","url":"https:\/\/super-news.info\/pt\/entre-tantos-ha-sempre-um-homenagem-a-rui-nabeiro-em-garrafa-e-papel-o-jornal-economico\/","name":"\u201cEntre Tantos\u201d, h\u00e1 sempre um. Homenagem a Rui Nabeiro em garrafa e papel \u2013 O Jornal Econ\u00f3mico - Super News","isPartOf":{"@id":"https:\/\/super-news.info\/pt\/#website"},"primaryImageOfPage":{"@id":"https:\/\/super-news.info\/pt\/entre-tantos-ha-sempre-um-homenagem-a-rui-nabeiro-em-garrafa-e-papel-o-jornal-economico\/#primaryimage"},"image":{"@id":"https:\/\/super-news.info\/pt\/entre-tantos-ha-sempre-um-homenagem-a-rui-nabeiro-em-garrafa-e-papel-o-jornal-economico\/#primaryimage"},"thumbnailUrl":"https:\/\/super-news.info\/pt\/wp-content\/uploads\/sites\/2\/2019\/05\/\u201cEntre-Tantos\u201d-h\u00e1-sempre-um.-Homenagem-a-Rui-Nabeiro-em.jpg","datePublished":"2019-05-11T17:18:56+00:00","dateModified":"2019-05-11T17:18:57+00:00","author":{"@id":"https:\/\/super-news.info\/pt\/#\/schema\/person\/2d4068cb2f39cd10008c2fce578a7356"},"breadcrumb":{"@id":"https:\/\/super-news.info\/pt\/entre-tantos-ha-sempre-um-homenagem-a-rui-nabeiro-em-garrafa-e-papel-o-jornal-economico\/#breadcrumb"},"inLanguage":"pt-PT","potentialAction":[{"@type":"ReadAction","target":["https:\/\/super-news.info\/pt\/entre-tantos-ha-sempre-um-homenagem-a-rui-nabeiro-em-garrafa-e-papel-o-jornal-economico\/"]}]},{"@type":"ImageObject","inLanguage":"pt-PT","@id":"https:\/\/super-news.info\/pt\/entre-tantos-ha-sempre-um-homenagem-a-rui-nabeiro-em-garrafa-e-papel-o-jornal-economico\/#primaryimage","url":"https:\/\/super-news.info\/pt\/wp-content\/uploads\/sites\/2\/2019\/05\/\u201cEntre-Tantos\u201d-h\u00e1-sempre-um.-Homenagem-a-Rui-Nabeiro-em.jpg","contentUrl":"https:\/\/super-news.info\/pt\/wp-content\/uploads\/sites\/2\/2019\/05\/\u201cEntre-Tantos\u201d-h\u00e1-sempre-um.-Homenagem-a-Rui-Nabeiro-em.jpg","width":960,"height":600,"caption":"\u201cEntre Tantos\u201d, h\u00e1 sempre um. Homenagem a Rui Nabeiro em garrafa e papel \u2013 O Jornal Econ\u00f3mico"},{"@type":"BreadcrumbList","@id":"https:\/\/super-news.info\/pt\/entre-tantos-ha-sempre-um-homenagem-a-rui-nabeiro-em-garrafa-e-papel-o-jornal-economico\/#breadcrumb","itemListElement":[{"@type":"ListItem","position":1,"name":"\u0413\u043b\u0430\u0432\u043d\u0430\u044f \u0441\u0442\u0440\u0430\u043d\u0438\u0446\u0430","item":"https:\/\/super-news.info\/pt\/"},{"@type":"ListItem","position":2,"name":"\u201cEntre Tantos\u201d, h\u00e1 sempre um. Homenagem a Rui Nabeiro em garrafa e papel \u2013 O Jornal Econ\u00f3mico"}]},{"@type":"WebSite","@id":"https:\/\/super-news.info\/pt\/#website","url":"https:\/\/super-news.info\/pt\/","name":"Super News","description":"Super News Portugal","potentialAction":[{"@type":"SearchAction","target":{"@type":"EntryPoint","urlTemplate":"https:\/\/super-news.info\/pt\/?s={search_term_string}"},"query-input":{"@type":"PropertyValueSpecification","valueRequired":true,"valueName":"search_term_string"}}],"inLanguage":"pt-PT"},{"@type":"Person","@id":"https:\/\/super-news.info\/pt\/#\/schema\/person\/2d4068cb2f39cd10008c2fce578a7356","name":"super-news","image":{"@type":"ImageObject","inLanguage":"pt-PT","@id":"https:\/\/secure.gravatar.com\/avatar\/64ebac40b93f26a154f8a9b5b6fdccfc46f442b26b3dd6756dbff3bf9dc76fd7?s=96&d=mm&r=g","url":"https:\/\/secure.gravatar.com\/avatar\/64ebac40b93f26a154f8a9b5b6fdccfc46f442b26b3dd6756dbff3bf9dc76fd7?s=96&d=mm&r=g","contentUrl":"https:\/\/secure.gravatar.com\/avatar\/64ebac40b93f26a154f8a9b5b6fdccfc46f442b26b3dd6756dbff3bf9dc76fd7?s=96&d=mm&r=g","caption":"super-news"},"url":"https:\/\/super-news.info\/pt\/author\/pt\/"}]}},"_links":{"self":[{"href":"https:\/\/super-news.info\/pt\/wp-json\/wp\/v2\/posts\/1447","targetHints":{"allow":["GET"]}}],"collection":[{"href":"https:\/\/super-news.info\/pt\/wp-json\/wp\/v2\/posts"}],"about":[{"href":"https:\/\/super-news.info\/pt\/wp-json\/wp\/v2\/types\/post"}],"author":[{"embeddable":true,"href":"https:\/\/super-news.info\/pt\/wp-json\/wp\/v2\/users\/2"}],"replies":[{"embeddable":true,"href":"https:\/\/super-news.info\/pt\/wp-json\/wp\/v2\/comments?post=1447"}],"version-history":[{"count":1,"href":"https:\/\/super-news.info\/pt\/wp-json\/wp\/v2\/posts\/1447\/revisions"}],"predecessor-version":[{"id":1449,"href":"https:\/\/super-news.info\/pt\/wp-json\/wp\/v2\/posts\/1447\/revisions\/1449"}],"wp:featuredmedia":[{"embeddable":true,"href":"https:\/\/super-news.info\/pt\/wp-json\/wp\/v2\/media\/1448"}],"wp:attachment":[{"href":"https:\/\/super-news.info\/pt\/wp-json\/wp\/v2\/media?parent=1447"}],"wp:term":[{"taxonomy":"category","embeddable":true,"href":"https:\/\/super-news.info\/pt\/wp-json\/wp\/v2\/categories?post=1447"},{"taxonomy":"post_tag","embeddable":true,"href":"https:\/\/super-news.info\/pt\/wp-json\/wp\/v2\/tags?post=1447"}],"curies":[{"name":"wp","href":"https:\/\/api.w.org\/{rel}","templated":true}]}}