{"id":1420,"date":"2019-05-10T12:44:49","date_gmt":"2019-05-10T09:44:49","guid":{"rendered":"https:\/\/super-news.info\/pt\/joe-berardo-vai-ser-ouvido-no-parlamento-esta-tarde-o-jornal-economico\/"},"modified":"2019-05-10T12:44:50","modified_gmt":"2019-05-10T09:44:50","slug":"joe-berardo-vai-ser-ouvido-no-parlamento-esta-tarde-o-jornal-economico","status":"publish","type":"post","link":"https:\/\/super-news.info\/pt\/joe-berardo-vai-ser-ouvido-no-parlamento-esta-tarde-o-jornal-economico\/","title":{"rendered":"Joe Berardo vai ser ouvido no parlamento esta tarde \u2013 O Jornal Econ\u00f3mico"},"content":{"rendered":"<p> [ad_1]<br \/>\n<\/p>\n<div>\n<p>O empres\u00e1rio Joe Berardo \u00e9 ouvido hoje na comiss\u00e3o de inqu\u00e9rito \u00e0 recapitaliza\u00e7\u00e3o e gest\u00e3o da Caixa Geral de Dep\u00f3sitos (CGD), na Assembleia da Rep\u00fablica, pelas 14h30, depois de ter sido um dos nomes mais mencionados nas audi\u00e7\u00f5es.<\/p>\n<p>A audi\u00e7\u00e3o estava inicialmente prevista para o dia 07 de maio, tal como a do empres\u00e1rio Manuel Fino, mas acabou por ser adiada para hoje.<\/p>\n<p>Segundo a auditoria da EY \u00e0 gest\u00e3o da Caixa Geral de Dep\u00f3sitos (CGD) entre 2000 e 2015, o banco p\u00fablico tinha neste ano uma exposi\u00e7\u00e3o a Joe Berardo e \u00e0 Metalgest, empresa do seu universo, na ordem dos 321 milh\u00f5es de euros.<\/p>\n<p>Os empr\u00e9stimos a Joe Berardo serviram para financiar a compra de a\u00e7\u00f5es do BCP, naquilo que alguns deputados j\u00e1 classificaram de \u201cassalto\u201d ao banco, em 2007, cuja garantia eram as pr\u00f3prias a\u00e7\u00f5es, que depois desvalorizaram praticamente na totalidade, gerando grandes perdas para o banco p\u00fablico.<\/p>\n<p>O patrim\u00f3nio de Joe Berardo tem sido escalpelizado na comiss\u00e3o, tendo sido repetido v\u00e1rias vezes durante as audi\u00e7\u00f5es que o \u00fanico bem registado em seu nome \u00e9 \u201cuma garagem na Madeira\u201d.<\/p>\n<p>Em 02 de abril, o antigo revisor oficial de contas da CGD Manuel de Oliveira Rego disse, sem referir diretamente o nome do empres\u00e1rio, que \u201cfoi feito um esfor\u00e7o, em termos de aval pessoal dele [Joe Berardo] e da esposa, em termos de cole\u00e7\u00f5es de arte\u201d.<\/p>\n<p>No dia seguinte, o antigo presidente do conselho fiscal da CGD Eduardo Paz Ferreira considerou \u201cextremamente dif\u00edcil\u201d que o banco consiga recuperar as garantias dadas pelo empres\u00e1rio madeirense, por se tratar de \u201cuma enorme confus\u00e3o jur\u00eddica\u201d que envolve \u201ca Funda\u00e7\u00e3o Berardo\u201d e \u201cas liga\u00e7\u00f5es com o Estado\u201d.<\/p>\n<p>\u201cSe h\u00e1 coisa que [Joe Berardo] sabe fazer \u00e9 escolher bons advogados\u201d, acrescentou Eduardo Paz Ferreira.<\/p>\n<p>O tamb\u00e9m professor universit\u00e1rio desejou ainda \u201cmuito boa sorte\u201d \u00e0 atual administra\u00e7\u00e3o da Caixa numa \u201copera\u00e7\u00e3o \u2018kamikaze\u2019 para conseguir ir ao \u2018core\u2019 [centro] do senhor Berardo\u201d, e sugeriu que era um \u201ccliente totalmente especial e \u00e0 margem das regras\u201d na CGD.<\/p>\n<p>No entanto, o ex-diretor de grandes empresas da CGD Cabral dos Santos disse que \u201ca Metalgest e a Funda\u00e7\u00e3o Jos\u00e9 Berardo nunca tiveram qualquer tipo de privil\u00e9gio de tratamento na Caixa, muito menos um tratamento \u00e0 margem das regras\u201d.<\/p>\n<p>O antigo presidente da CGD Carlos Santos Ferreira alinhou pela mesma ideia, dizendo que nunca viu \u201cnada que permitisse concluir que essa pessoa [\u2026] tivesse tido tratamento fora das regras\u201d, numa resposta ao deputado Paulo S\u00e1 (PCP).<\/p>\n<p>Em 20 de abril, a CGD, BCP e Novo Banco entregaram no Tribunal Judicial da Comarca de Lisboa uma a\u00e7\u00e3o executiva para cobrar d\u00edvidas de Joe Berardo, de quase 1.000 milh\u00f5es de euros, executando ainda a Funda\u00e7\u00e3o e duas empresas ligadas ao empres\u00e1rio.<\/p>\n<p>Um dos objetivos da a\u00e7\u00e3o \u00e9 aceder \u00e0s obras de arte da Cole\u00e7\u00e3o Berardo, sobre a qual o empres\u00e1rio tem um acordo com o Estado pela qual as obras est\u00e3o em exposi\u00e7\u00e3o no Centro Cultural de Bel\u00e9m (CCB), em Lisboa, at\u00e9 2022, n\u00e3o podendo ser vendidas.<\/p>\n<\/p><\/div>\n<p><script>function facebookInit(){var js=document.createElement('script');js.src='https:\/\/connect.facebook.net\/pt_PT\/sdk.js#xfbml=1&version=v3.1&appId=1708066812789184&autoLogAppEvents=1';return document.body.appendChild(js);}\nwindow.onscroll=function(){var rect=document.getElementsByClassName('je-post-content')[0].getBoundingClientRect();if(rect.bottom<window.innerHeight){facebookInit();window.onscroll=null;}}<\/script><br \/>\n<br \/>[ad_2]<br \/>\n<br \/><a href=\"https:\/\/jornaleconomico.sapo.pt\/noticias\/joe-berardo-vai-ser-ouvido-no-parlamento-esta-tarde-442775\">Source link <\/a><\/p>\n","protected":false},"excerpt":{"rendered":"<p>[ad_1] O empres\u00e1rio Joe Berardo \u00e9 ouvido hoje na comiss\u00e3o de inqu\u00e9rito \u00e0 recapitaliza\u00e7\u00e3o e gest\u00e3o da Caixa Geral de Dep\u00f3sitos (CGD), na Assembleia da Rep\u00fablica, pelas 14h30, depois de ter sido um dos nomes mais mencionados nas audi\u00e7\u00f5es. A audi\u00e7\u00e3o estava inicialmente prevista para o dia 07 de maio, tal como a do empres\u00e1rio [&hellip;]<\/p>\n","protected":false},"author":2,"featured_media":1421,"comment_status":"open","ping_status":"open","sticky":false,"template":"","format":"standard","meta":{"footnotes":""},"categories":[1],"tags":[],"class_list":["post-1420","post","type-post","status-publish","format-standard","has-post-thumbnail","hentry","category-noticias-financeiras"],"yoast_head":"<!-- This site is optimized with the Yoast SEO plugin v27.4 - https:\/\/yoast.com\/product\/yoast-seo-wordpress\/ -->\n<title>Joe Berardo vai ser ouvido no parlamento esta tarde \u2013 O Jornal Econ\u00f3mico - Super News<\/title>\n<meta name=\"robots\" content=\"index, follow, max-snippet:-1, max-image-preview:large, max-video-preview:-1\" \/>\n<link rel=\"canonical\" href=\"https:\/\/super-news.info\/pt\/joe-berardo-vai-ser-ouvido-no-parlamento-esta-tarde-o-jornal-economico\/\" \/>\n<meta property=\"og:locale\" content=\"pt_PT\" \/>\n<meta property=\"og:type\" content=\"article\" \/>\n<meta property=\"og:title\" content=\"Joe Berardo vai ser ouvido no parlamento esta tarde \u2013 O Jornal Econ\u00f3mico - Super News\" \/>\n<meta property=\"og:description\" content=\"[ad_1] O empres\u00e1rio Joe Berardo \u00e9 ouvido hoje na comiss\u00e3o de inqu\u00e9rito \u00e0 recapitaliza\u00e7\u00e3o e gest\u00e3o da Caixa Geral de Dep\u00f3sitos (CGD), na Assembleia da Rep\u00fablica, pelas 14h30, depois de ter sido um dos nomes mais mencionados nas audi\u00e7\u00f5es. A audi\u00e7\u00e3o estava inicialmente prevista para o dia 07 de maio, tal como a do empres\u00e1rio [&hellip;]\" \/>\n<meta property=\"og:url\" content=\"https:\/\/super-news.info\/pt\/joe-berardo-vai-ser-ouvido-no-parlamento-esta-tarde-o-jornal-economico\/\" \/>\n<meta property=\"og:site_name\" content=\"Super News\" \/>\n<meta property=\"article:published_time\" content=\"2019-05-10T09:44:49+00:00\" \/>\n<meta property=\"article:modified_time\" content=\"2019-05-10T09:44:50+00:00\" \/>\n<meta property=\"og:image\" content=\"https:\/\/super-news.info\/pt\/wp-content\/uploads\/sites\/2\/2019\/05\/Joe-Berardo-vai-ser-ouvido-no-parlamento-esta-tarde-\u2013.png\" \/>\n\t<meta property=\"og:image:width\" content=\"600\" \/>\n\t<meta property=\"og:image:height\" content=\"632\" \/>\n\t<meta property=\"og:image:type\" content=\"image\/png\" \/>\n<meta name=\"author\" content=\"super-news\" \/>\n<meta name=\"twitter:card\" content=\"summary_large_image\" \/>\n<meta name=\"twitter:label1\" content=\"Escrito por\" \/>\n\t<meta name=\"twitter:data1\" content=\"super-news\" \/>\n\t<meta name=\"twitter:label2\" content=\"Tempo estimado de leitura\" \/>\n\t<meta name=\"twitter:data2\" content=\"3 minutos\" \/>\n<script type=\"application\/ld+json\" class=\"yoast-schema-graph\">{\"@context\":\"https:\\\/\\\/schema.org\",\"@graph\":[{\"@type\":\"Article\",\"@id\":\"https:\\\/\\\/super-news.info\\\/pt\\\/joe-berardo-vai-ser-ouvido-no-parlamento-esta-tarde-o-jornal-economico\\\/#article\",\"isPartOf\":{\"@id\":\"https:\\\/\\\/super-news.info\\\/pt\\\/joe-berardo-vai-ser-ouvido-no-parlamento-esta-tarde-o-jornal-economico\\\/\"},\"author\":{\"name\":\"super-news\",\"@id\":\"https:\\\/\\\/super-news.info\\\/pt\\\/#\\\/schema\\\/person\\\/2d4068cb2f39cd10008c2fce578a7356\"},\"headline\":\"Joe Berardo vai ser ouvido no parlamento esta tarde \u2013 O Jornal Econ\u00f3mico\",\"datePublished\":\"2019-05-10T09:44:49+00:00\",\"dateModified\":\"2019-05-10T09:44:50+00:00\",\"mainEntityOfPage\":{\"@id\":\"https:\\\/\\\/super-news.info\\\/pt\\\/joe-berardo-vai-ser-ouvido-no-parlamento-esta-tarde-o-jornal-economico\\\/\"},\"wordCount\":544,\"commentCount\":0,\"image\":{\"@id\":\"https:\\\/\\\/super-news.info\\\/pt\\\/joe-berardo-vai-ser-ouvido-no-parlamento-esta-tarde-o-jornal-economico\\\/#primaryimage\"},\"thumbnailUrl\":\"https:\\\/\\\/super-news.info\\\/pt\\\/wp-content\\\/uploads\\\/sites\\\/2\\\/2019\\\/05\\\/Joe-Berardo-vai-ser-ouvido-no-parlamento-esta-tarde-\u2013.png\",\"articleSection\":[\"NOT\u00cdCIAS FINANCEIRAS\"],\"inLanguage\":\"pt-PT\",\"potentialAction\":[{\"@type\":\"CommentAction\",\"name\":\"Comment\",\"target\":[\"https:\\\/\\\/super-news.info\\\/pt\\\/joe-berardo-vai-ser-ouvido-no-parlamento-esta-tarde-o-jornal-economico\\\/#respond\"]}]},{\"@type\":\"WebPage\",\"@id\":\"https:\\\/\\\/super-news.info\\\/pt\\\/joe-berardo-vai-ser-ouvido-no-parlamento-esta-tarde-o-jornal-economico\\\/\",\"url\":\"https:\\\/\\\/super-news.info\\\/pt\\\/joe-berardo-vai-ser-ouvido-no-parlamento-esta-tarde-o-jornal-economico\\\/\",\"name\":\"Joe Berardo vai ser ouvido no parlamento esta tarde \u2013 O Jornal Econ\u00f3mico - Super News\",\"isPartOf\":{\"@id\":\"https:\\\/\\\/super-news.info\\\/pt\\\/#website\"},\"primaryImageOfPage\":{\"@id\":\"https:\\\/\\\/super-news.info\\\/pt\\\/joe-berardo-vai-ser-ouvido-no-parlamento-esta-tarde-o-jornal-economico\\\/#primaryimage\"},\"image\":{\"@id\":\"https:\\\/\\\/super-news.info\\\/pt\\\/joe-berardo-vai-ser-ouvido-no-parlamento-esta-tarde-o-jornal-economico\\\/#primaryimage\"},\"thumbnailUrl\":\"https:\\\/\\\/super-news.info\\\/pt\\\/wp-content\\\/uploads\\\/sites\\\/2\\\/2019\\\/05\\\/Joe-Berardo-vai-ser-ouvido-no-parlamento-esta-tarde-\u2013.png\",\"datePublished\":\"2019-05-10T09:44:49+00:00\",\"dateModified\":\"2019-05-10T09:44:50+00:00\",\"author\":{\"@id\":\"https:\\\/\\\/super-news.info\\\/pt\\\/#\\\/schema\\\/person\\\/2d4068cb2f39cd10008c2fce578a7356\"},\"breadcrumb\":{\"@id\":\"https:\\\/\\\/super-news.info\\\/pt\\\/joe-berardo-vai-ser-ouvido-no-parlamento-esta-tarde-o-jornal-economico\\\/#breadcrumb\"},\"inLanguage\":\"pt-PT\",\"potentialAction\":[{\"@type\":\"ReadAction\",\"target\":[\"https:\\\/\\\/super-news.info\\\/pt\\\/joe-berardo-vai-ser-ouvido-no-parlamento-esta-tarde-o-jornal-economico\\\/\"]}]},{\"@type\":\"ImageObject\",\"inLanguage\":\"pt-PT\",\"@id\":\"https:\\\/\\\/super-news.info\\\/pt\\\/joe-berardo-vai-ser-ouvido-no-parlamento-esta-tarde-o-jornal-economico\\\/#primaryimage\",\"url\":\"https:\\\/\\\/super-news.info\\\/pt\\\/wp-content\\\/uploads\\\/sites\\\/2\\\/2019\\\/05\\\/Joe-Berardo-vai-ser-ouvido-no-parlamento-esta-tarde-\u2013.png\",\"contentUrl\":\"https:\\\/\\\/super-news.info\\\/pt\\\/wp-content\\\/uploads\\\/sites\\\/2\\\/2019\\\/05\\\/Joe-Berardo-vai-ser-ouvido-no-parlamento-esta-tarde-\u2013.png\",\"width\":600,\"height\":632,\"caption\":\"Joe Berardo vai ser ouvido no parlamento esta tarde \u2013 O Jornal Econ\u00f3mico\"},{\"@type\":\"BreadcrumbList\",\"@id\":\"https:\\\/\\\/super-news.info\\\/pt\\\/joe-berardo-vai-ser-ouvido-no-parlamento-esta-tarde-o-jornal-economico\\\/#breadcrumb\",\"itemListElement\":[{\"@type\":\"ListItem\",\"position\":1,\"name\":\"\u0413\u043b\u0430\u0432\u043d\u0430\u044f \u0441\u0442\u0440\u0430\u043d\u0438\u0446\u0430\",\"item\":\"https:\\\/\\\/super-news.info\\\/pt\\\/\"},{\"@type\":\"ListItem\",\"position\":2,\"name\":\"Joe Berardo vai ser ouvido no parlamento esta tarde \u2013 O Jornal Econ\u00f3mico\"}]},{\"@type\":\"WebSite\",\"@id\":\"https:\\\/\\\/super-news.info\\\/pt\\\/#website\",\"url\":\"https:\\\/\\\/super-news.info\\\/pt\\\/\",\"name\":\"Super News\",\"description\":\"Super News Portugal\",\"potentialAction\":[{\"@type\":\"SearchAction\",\"target\":{\"@type\":\"EntryPoint\",\"urlTemplate\":\"https:\\\/\\\/super-news.info\\\/pt\\\/?s={search_term_string}\"},\"query-input\":{\"@type\":\"PropertyValueSpecification\",\"valueRequired\":true,\"valueName\":\"search_term_string\"}}],\"inLanguage\":\"pt-PT\"},{\"@type\":\"Person\",\"@id\":\"https:\\\/\\\/super-news.info\\\/pt\\\/#\\\/schema\\\/person\\\/2d4068cb2f39cd10008c2fce578a7356\",\"name\":\"super-news\",\"image\":{\"@type\":\"ImageObject\",\"inLanguage\":\"pt-PT\",\"@id\":\"https:\\\/\\\/secure.gravatar.com\\\/avatar\\\/64ebac40b93f26a154f8a9b5b6fdccfc46f442b26b3dd6756dbff3bf9dc76fd7?s=96&d=mm&r=g\",\"url\":\"https:\\\/\\\/secure.gravatar.com\\\/avatar\\\/64ebac40b93f26a154f8a9b5b6fdccfc46f442b26b3dd6756dbff3bf9dc76fd7?s=96&d=mm&r=g\",\"contentUrl\":\"https:\\\/\\\/secure.gravatar.com\\\/avatar\\\/64ebac40b93f26a154f8a9b5b6fdccfc46f442b26b3dd6756dbff3bf9dc76fd7?s=96&d=mm&r=g\",\"caption\":\"super-news\"},\"url\":\"https:\\\/\\\/super-news.info\\\/pt\\\/author\\\/pt\\\/\"}]}<\/script>\n<!-- \/ Yoast SEO plugin. -->","yoast_head_json":{"title":"Joe Berardo vai ser ouvido no parlamento esta tarde \u2013 O Jornal Econ\u00f3mico - Super News","robots":{"index":"index","follow":"follow","max-snippet":"max-snippet:-1","max-image-preview":"max-image-preview:large","max-video-preview":"max-video-preview:-1"},"canonical":"https:\/\/super-news.info\/pt\/joe-berardo-vai-ser-ouvido-no-parlamento-esta-tarde-o-jornal-economico\/","og_locale":"pt_PT","og_type":"article","og_title":"Joe Berardo vai ser ouvido no parlamento esta tarde \u2013 O Jornal Econ\u00f3mico - Super News","og_description":"[ad_1] O empres\u00e1rio Joe Berardo \u00e9 ouvido hoje na comiss\u00e3o de inqu\u00e9rito \u00e0 recapitaliza\u00e7\u00e3o e gest\u00e3o da Caixa Geral de Dep\u00f3sitos (CGD), na Assembleia da Rep\u00fablica, pelas 14h30, depois de ter sido um dos nomes mais mencionados nas audi\u00e7\u00f5es. A audi\u00e7\u00e3o estava inicialmente prevista para o dia 07 de maio, tal como a do empres\u00e1rio [&hellip;]","og_url":"https:\/\/super-news.info\/pt\/joe-berardo-vai-ser-ouvido-no-parlamento-esta-tarde-o-jornal-economico\/","og_site_name":"Super News","article_published_time":"2019-05-10T09:44:49+00:00","article_modified_time":"2019-05-10T09:44:50+00:00","og_image":[{"width":600,"height":632,"url":"https:\/\/super-news.info\/pt\/wp-content\/uploads\/sites\/2\/2019\/05\/Joe-Berardo-vai-ser-ouvido-no-parlamento-esta-tarde-\u2013.png","type":"image\/png"}],"author":"super-news","twitter_card":"summary_large_image","twitter_misc":{"Escrito por":"super-news","Tempo estimado de leitura":"3 minutos"},"schema":{"@context":"https:\/\/schema.org","@graph":[{"@type":"Article","@id":"https:\/\/super-news.info\/pt\/joe-berardo-vai-ser-ouvido-no-parlamento-esta-tarde-o-jornal-economico\/#article","isPartOf":{"@id":"https:\/\/super-news.info\/pt\/joe-berardo-vai-ser-ouvido-no-parlamento-esta-tarde-o-jornal-economico\/"},"author":{"name":"super-news","@id":"https:\/\/super-news.info\/pt\/#\/schema\/person\/2d4068cb2f39cd10008c2fce578a7356"},"headline":"Joe Berardo vai ser ouvido no parlamento esta tarde \u2013 O Jornal Econ\u00f3mico","datePublished":"2019-05-10T09:44:49+00:00","dateModified":"2019-05-10T09:44:50+00:00","mainEntityOfPage":{"@id":"https:\/\/super-news.info\/pt\/joe-berardo-vai-ser-ouvido-no-parlamento-esta-tarde-o-jornal-economico\/"},"wordCount":544,"commentCount":0,"image":{"@id":"https:\/\/super-news.info\/pt\/joe-berardo-vai-ser-ouvido-no-parlamento-esta-tarde-o-jornal-economico\/#primaryimage"},"thumbnailUrl":"https:\/\/super-news.info\/pt\/wp-content\/uploads\/sites\/2\/2019\/05\/Joe-Berardo-vai-ser-ouvido-no-parlamento-esta-tarde-\u2013.png","articleSection":["NOT\u00cdCIAS FINANCEIRAS"],"inLanguage":"pt-PT","potentialAction":[{"@type":"CommentAction","name":"Comment","target":["https:\/\/super-news.info\/pt\/joe-berardo-vai-ser-ouvido-no-parlamento-esta-tarde-o-jornal-economico\/#respond"]}]},{"@type":"WebPage","@id":"https:\/\/super-news.info\/pt\/joe-berardo-vai-ser-ouvido-no-parlamento-esta-tarde-o-jornal-economico\/","url":"https:\/\/super-news.info\/pt\/joe-berardo-vai-ser-ouvido-no-parlamento-esta-tarde-o-jornal-economico\/","name":"Joe Berardo vai ser ouvido no parlamento esta tarde \u2013 O Jornal Econ\u00f3mico - Super News","isPartOf":{"@id":"https:\/\/super-news.info\/pt\/#website"},"primaryImageOfPage":{"@id":"https:\/\/super-news.info\/pt\/joe-berardo-vai-ser-ouvido-no-parlamento-esta-tarde-o-jornal-economico\/#primaryimage"},"image":{"@id":"https:\/\/super-news.info\/pt\/joe-berardo-vai-ser-ouvido-no-parlamento-esta-tarde-o-jornal-economico\/#primaryimage"},"thumbnailUrl":"https:\/\/super-news.info\/pt\/wp-content\/uploads\/sites\/2\/2019\/05\/Joe-Berardo-vai-ser-ouvido-no-parlamento-esta-tarde-\u2013.png","datePublished":"2019-05-10T09:44:49+00:00","dateModified":"2019-05-10T09:44:50+00:00","author":{"@id":"https:\/\/super-news.info\/pt\/#\/schema\/person\/2d4068cb2f39cd10008c2fce578a7356"},"breadcrumb":{"@id":"https:\/\/super-news.info\/pt\/joe-berardo-vai-ser-ouvido-no-parlamento-esta-tarde-o-jornal-economico\/#breadcrumb"},"inLanguage":"pt-PT","potentialAction":[{"@type":"ReadAction","target":["https:\/\/super-news.info\/pt\/joe-berardo-vai-ser-ouvido-no-parlamento-esta-tarde-o-jornal-economico\/"]}]},{"@type":"ImageObject","inLanguage":"pt-PT","@id":"https:\/\/super-news.info\/pt\/joe-berardo-vai-ser-ouvido-no-parlamento-esta-tarde-o-jornal-economico\/#primaryimage","url":"https:\/\/super-news.info\/pt\/wp-content\/uploads\/sites\/2\/2019\/05\/Joe-Berardo-vai-ser-ouvido-no-parlamento-esta-tarde-\u2013.png","contentUrl":"https:\/\/super-news.info\/pt\/wp-content\/uploads\/sites\/2\/2019\/05\/Joe-Berardo-vai-ser-ouvido-no-parlamento-esta-tarde-\u2013.png","width":600,"height":632,"caption":"Joe Berardo vai ser ouvido no parlamento esta tarde \u2013 O Jornal Econ\u00f3mico"},{"@type":"BreadcrumbList","@id":"https:\/\/super-news.info\/pt\/joe-berardo-vai-ser-ouvido-no-parlamento-esta-tarde-o-jornal-economico\/#breadcrumb","itemListElement":[{"@type":"ListItem","position":1,"name":"\u0413\u043b\u0430\u0432\u043d\u0430\u044f \u0441\u0442\u0440\u0430\u043d\u0438\u0446\u0430","item":"https:\/\/super-news.info\/pt\/"},{"@type":"ListItem","position":2,"name":"Joe Berardo vai ser ouvido no parlamento esta tarde \u2013 O Jornal Econ\u00f3mico"}]},{"@type":"WebSite","@id":"https:\/\/super-news.info\/pt\/#website","url":"https:\/\/super-news.info\/pt\/","name":"Super News","description":"Super News Portugal","potentialAction":[{"@type":"SearchAction","target":{"@type":"EntryPoint","urlTemplate":"https:\/\/super-news.info\/pt\/?s={search_term_string}"},"query-input":{"@type":"PropertyValueSpecification","valueRequired":true,"valueName":"search_term_string"}}],"inLanguage":"pt-PT"},{"@type":"Person","@id":"https:\/\/super-news.info\/pt\/#\/schema\/person\/2d4068cb2f39cd10008c2fce578a7356","name":"super-news","image":{"@type":"ImageObject","inLanguage":"pt-PT","@id":"https:\/\/secure.gravatar.com\/avatar\/64ebac40b93f26a154f8a9b5b6fdccfc46f442b26b3dd6756dbff3bf9dc76fd7?s=96&d=mm&r=g","url":"https:\/\/secure.gravatar.com\/avatar\/64ebac40b93f26a154f8a9b5b6fdccfc46f442b26b3dd6756dbff3bf9dc76fd7?s=96&d=mm&r=g","contentUrl":"https:\/\/secure.gravatar.com\/avatar\/64ebac40b93f26a154f8a9b5b6fdccfc46f442b26b3dd6756dbff3bf9dc76fd7?s=96&d=mm&r=g","caption":"super-news"},"url":"https:\/\/super-news.info\/pt\/author\/pt\/"}]}},"_links":{"self":[{"href":"https:\/\/super-news.info\/pt\/wp-json\/wp\/v2\/posts\/1420","targetHints":{"allow":["GET"]}}],"collection":[{"href":"https:\/\/super-news.info\/pt\/wp-json\/wp\/v2\/posts"}],"about":[{"href":"https:\/\/super-news.info\/pt\/wp-json\/wp\/v2\/types\/post"}],"author":[{"embeddable":true,"href":"https:\/\/super-news.info\/pt\/wp-json\/wp\/v2\/users\/2"}],"replies":[{"embeddable":true,"href":"https:\/\/super-news.info\/pt\/wp-json\/wp\/v2\/comments?post=1420"}],"version-history":[{"count":1,"href":"https:\/\/super-news.info\/pt\/wp-json\/wp\/v2\/posts\/1420\/revisions"}],"predecessor-version":[{"id":1422,"href":"https:\/\/super-news.info\/pt\/wp-json\/wp\/v2\/posts\/1420\/revisions\/1422"}],"wp:featuredmedia":[{"embeddable":true,"href":"https:\/\/super-news.info\/pt\/wp-json\/wp\/v2\/media\/1421"}],"wp:attachment":[{"href":"https:\/\/super-news.info\/pt\/wp-json\/wp\/v2\/media?parent=1420"}],"wp:term":[{"taxonomy":"category","embeddable":true,"href":"https:\/\/super-news.info\/pt\/wp-json\/wp\/v2\/categories?post=1420"},{"taxonomy":"post_tag","embeddable":true,"href":"https:\/\/super-news.info\/pt\/wp-json\/wp\/v2\/tags?post=1420"}],"curies":[{"name":"wp","href":"https:\/\/api.w.org\/{rel}","templated":true}]}}