{"id":1102,"date":"2019-05-02T12:36:57","date_gmt":"2019-05-02T09:36:57","guid":{"rendered":"https:\/\/super-news.info\/pt\/podera-iker-casillas-voltar-aos-relvados-apos-o-enfarte-do-miocardio-o-jornal-economico\/"},"modified":"2019-05-02T12:36:59","modified_gmt":"2019-05-02T09:36:59","slug":"podera-iker-casillas-voltar-aos-relvados-apos-o-enfarte-do-miocardio-o-jornal-economico","status":"publish","type":"post","link":"https:\/\/super-news.info\/pt\/podera-iker-casillas-voltar-aos-relvados-apos-o-enfarte-do-miocardio-o-jornal-economico\/","title":{"rendered":"Poder\u00e1 Iker Casillas voltar aos relvados ap\u00f3s o enfarte do mioc\u00e1rdio? \u2013 O Jornal Econ\u00f3mico"},"content":{"rendered":"<p> [ad_1]<br \/>\n<\/p>\n<div>\n<p>Depois de ultrapassado o susto, esta \u00e9 a pergunta que todos colocam agora: poder\u00e1 Casillas voltar aos relvados depois de ter sofrido um enfarte do mioc\u00e1rdio no treino de quarta-feira do FC Porto?<\/p>\n<p>Em declara\u00e7\u00f5es ao \u201cPorto Canal\u201d, Nelson Puga, m\u00e9dico da equipa portista explica que \u201c\u00e9 muito cedo para nos pronunciarmos pois vai depender de muitos fatores, desde a medica\u00e7\u00e3o, da avalia\u00e7\u00e3o que ter\u00e1 de ser feita n\u00e3o apenas em situa\u00e7\u00f5es de repouso, mas em stress de exerc\u00edcio f\u00edsico e tamb\u00e9m da vontade que ele tem de continuar a fazer este tipo de atividade\u201d.<\/p>\n<p>O m\u00e9dico refere que \u201cs\u00f3 depois de ponderados estes fatores, com calma e di\u00e1logo, \u00e9 que se vai decidir se ele continua, se quer continuar\u201d, assegurando que Casillas \u201cvai ficar perfeitamente recuperado, isso temos quase toda a certeza\u201d.<\/p>\n<p>Por sua vez, Carlos Cutropia, empres\u00e1rio do guarda-redes, afirmou a uma r\u00e1dio espanhola que por vontade de Casillas \u201cteria sa\u00eddo do hospital esta tarde [ontem]. Ele \u00e9 um lutador. Porque \u00e9 que n\u00e3o voltaria a jogar? Mas, agora n\u00e3o \u00e9 isso que importa. O importante \u00e9 que ele est\u00e1 bem. Essa \u00e9 a maior vit\u00f3ria da vida dele. Estou mais feliz do que quando ele ganhou o Mundial\u201d.<\/p>\n<p>Carlos Cutropia salientou que Iker Casillas\u201dnunca desmaiou. Mas n\u00e3o sabia o que lhe estava a acontecer. Ele n\u00e3o sabia que tinha um enfarte agudo do mioc\u00e1rdio\u201d, at\u00e9 porque \u201cnunca tinha tido um sintoma antes. Ele faz uma vida saud\u00e1vel e calma\u201d.<\/p>\n<p>Quem n\u00e3o tem d\u00favidas sobre o ponto final na carreira futebol\u00edstica do guarda-redes s\u00e3o os m\u00e9dicos especialistas na \u00e1rea de cardiologia. O ex-m\u00e9dico da sele\u00e7\u00e3o espanhola de basquetebol, Juan Antonio Corbal\u00e1n, em declara\u00e7\u00f5es \u00e0 \u201cTVE\u201d na quarta-feira assumiu que Casillas n\u00e3o tem qualquer condi\u00e7\u00e3o para voltar a jogar sem colocar em risco a sua vida.<\/p>\n<p>\u201cN\u00e3o se pode jogar futebol com um \u2018stent\u2019 (um tubo que serve para manter aberto um vaso ou art\u00e9ria), muito menos um guarda-redes. O Iker [Casillas] vai conseguir voltar a fazer a sua vida normal, mas n\u00e3o jogar\u00e1 desporto a n\u00edvel profissional\u201d.<\/p>\n<p>J\u00e1 esta quinta-feira\u00a0Ov\u00eddio Costa, cardiologista e ex-diretor do Centro de Medicina Desportiva do Porto, questionado pelo jornal \u201cO Jogo\u201d se Iker Casillas poder\u00e1 voltar a jogar futebol, sublinhou que \u201cn\u00e3o\u00a0\u00e9 muito f\u00e1cil que algu\u00e9m o aconselhe a uma retoma r\u00e1pida. Mesmo que corra bem, Casillas ficar\u00e1 com medicamentos antiagregantes plaquet\u00e1rios que depois s\u00e3o contraindica\u00e7\u00e3o para uma pr\u00e1tica desportiva onde os traumatismos s\u00e3o frequentes\u201d.<\/p>\n<p>O especialista relembra que \u201cno futebol \u00e9 frequente haver um traumatismo de uma cabe\u00e7a, pontap\u00e9 ou queda. Voltar depressa n\u00e3o faz sentido, porque os riscos ap\u00f3s ele ter traumatismos, mesmo relativamente pequenos, \u00e9 muito grande e poderia complicar a recupera\u00e7\u00e3o\u201d, destacando ainda a quest\u00e3o psicol\u00f3gica. \u201cEle pode pensar que vai ultrapassar isto ou pode pensar que, atendendo \u00e0 idade, n\u00e3o vale a pena jogar mais dois ou tr\u00eas anos. Depois, h\u00e1 a press\u00e3o da fam\u00edlia, que pode apelar a mudar de vida\u201d, disse Ov\u00eddio Costa ao Jogo.<\/p>\n<\/div>\n<p><script>\/*<![CDATA[*\/function facebookInit(){var js=document.createElement('script');js.src='https:\/\/connect.facebook.net\/pt_PT\/sdk.js#xfbml=1&#038;version=v3.1&#038;appId=1708066812789184&#038;autoLogAppEvents=1';return document.body.appendChild(js);}\nwindow.onscroll=function(){var rect=document.getElementsByClassName('je-post-content')[0].getBoundingClientRect();if(rect.bottom<window.innerHeight){facebookInit();window.onscroll=null;}}\/*]]>*\/<\/script><br \/>\n<br \/>[ad_2]<br \/>\n<br \/><a href=\"https:\/\/jornaleconomico.sapo.pt\/noticias\/podera-iker-casillas-voltar-aos-relvados-apos-o-enfarte-do-miocardio-439489\">Source link <\/a><\/p>\n","protected":false},"excerpt":{"rendered":"<p>[ad_1] Depois de ultrapassado o susto, esta \u00e9 a pergunta que todos colocam agora: poder\u00e1 Casillas voltar aos relvados depois de ter sofrido um enfarte do mioc\u00e1rdio no treino de quarta-feira do FC Porto? Em declara\u00e7\u00f5es ao \u201cPorto Canal\u201d, Nelson Puga, m\u00e9dico da equipa portista explica que \u201c\u00e9 muito cedo para nos pronunciarmos pois vai [&hellip;]<\/p>\n","protected":false},"author":2,"featured_media":1103,"comment_status":"open","ping_status":"open","sticky":false,"template":"","format":"standard","meta":{"footnotes":""},"categories":[1],"tags":[],"class_list":["post-1102","post","type-post","status-publish","format-standard","has-post-thumbnail","hentry","category-noticias-financeiras"],"yoast_head":"<!-- This site is optimized with the Yoast SEO plugin v27.4 - https:\/\/yoast.com\/product\/yoast-seo-wordpress\/ -->\n<title>Poder\u00e1 Iker Casillas voltar aos relvados ap\u00f3s o enfarte do mioc\u00e1rdio? \u2013 O Jornal Econ\u00f3mico - Super News<\/title>\n<meta name=\"robots\" content=\"index, follow, max-snippet:-1, max-image-preview:large, max-video-preview:-1\" \/>\n<link rel=\"canonical\" href=\"https:\/\/super-news.info\/pt\/podera-iker-casillas-voltar-aos-relvados-apos-o-enfarte-do-miocardio-o-jornal-economico\/\" \/>\n<meta property=\"og:locale\" content=\"pt_PT\" \/>\n<meta property=\"og:type\" content=\"article\" \/>\n<meta property=\"og:title\" content=\"Poder\u00e1 Iker Casillas voltar aos relvados ap\u00f3s o enfarte do mioc\u00e1rdio? \u2013 O Jornal Econ\u00f3mico - Super News\" \/>\n<meta property=\"og:description\" content=\"[ad_1] Depois de ultrapassado o susto, esta \u00e9 a pergunta que todos colocam agora: poder\u00e1 Casillas voltar aos relvados depois de ter sofrido um enfarte do mioc\u00e1rdio no treino de quarta-feira do FC Porto? Em declara\u00e7\u00f5es ao \u201cPorto Canal\u201d, Nelson Puga, m\u00e9dico da equipa portista explica que \u201c\u00e9 muito cedo para nos pronunciarmos pois vai [&hellip;]\" \/>\n<meta property=\"og:url\" content=\"https:\/\/super-news.info\/pt\/podera-iker-casillas-voltar-aos-relvados-apos-o-enfarte-do-miocardio-o-jornal-economico\/\" \/>\n<meta property=\"og:site_name\" content=\"Super News\" \/>\n<meta property=\"article:published_time\" content=\"2019-05-02T09:36:57+00:00\" \/>\n<meta property=\"article:modified_time\" content=\"2019-05-02T09:36:59+00:00\" \/>\n<meta property=\"og:image\" content=\"https:\/\/super-news.info\/pt\/wp-content\/uploads\/sites\/2\/2019\/05\/Poder\u00e1-Iker-Casillas-voltar-aos-relvados-ap\u00f3s-o-enfarte-do.jpg\" \/>\n\t<meta property=\"og:image:width\" content=\"960\" \/>\n\t<meta property=\"og:image:height\" content=\"600\" \/>\n\t<meta property=\"og:image:type\" content=\"image\/jpeg\" \/>\n<meta name=\"author\" content=\"super-news\" \/>\n<meta name=\"twitter:card\" content=\"summary_large_image\" \/>\n<meta name=\"twitter:label1\" content=\"Escrito por\" \/>\n\t<meta name=\"twitter:data1\" content=\"super-news\" \/>\n\t<meta name=\"twitter:label2\" content=\"Tempo estimado de leitura\" \/>\n\t<meta name=\"twitter:data2\" content=\"3 minutos\" \/>\n<script type=\"application\/ld+json\" class=\"yoast-schema-graph\">{\"@context\":\"https:\\\/\\\/schema.org\",\"@graph\":[{\"@type\":\"Article\",\"@id\":\"https:\\\/\\\/super-news.info\\\/pt\\\/podera-iker-casillas-voltar-aos-relvados-apos-o-enfarte-do-miocardio-o-jornal-economico\\\/#article\",\"isPartOf\":{\"@id\":\"https:\\\/\\\/super-news.info\\\/pt\\\/podera-iker-casillas-voltar-aos-relvados-apos-o-enfarte-do-miocardio-o-jornal-economico\\\/\"},\"author\":{\"name\":\"super-news\",\"@id\":\"https:\\\/\\\/super-news.info\\\/pt\\\/#\\\/schema\\\/person\\\/2d4068cb2f39cd10008c2fce578a7356\"},\"headline\":\"Poder\u00e1 Iker Casillas voltar aos relvados ap\u00f3s o enfarte do mioc\u00e1rdio? \u2013 O Jornal Econ\u00f3mico\",\"datePublished\":\"2019-05-02T09:36:57+00:00\",\"dateModified\":\"2019-05-02T09:36:59+00:00\",\"mainEntityOfPage\":{\"@id\":\"https:\\\/\\\/super-news.info\\\/pt\\\/podera-iker-casillas-voltar-aos-relvados-apos-o-enfarte-do-miocardio-o-jornal-economico\\\/\"},\"wordCount\":558,\"commentCount\":0,\"image\":{\"@id\":\"https:\\\/\\\/super-news.info\\\/pt\\\/podera-iker-casillas-voltar-aos-relvados-apos-o-enfarte-do-miocardio-o-jornal-economico\\\/#primaryimage\"},\"thumbnailUrl\":\"https:\\\/\\\/super-news.info\\\/pt\\\/wp-content\\\/uploads\\\/sites\\\/2\\\/2019\\\/05\\\/Poder\u00e1-Iker-Casillas-voltar-aos-relvados-ap\u00f3s-o-enfarte-do.jpg\",\"articleSection\":[\"NOT\u00cdCIAS FINANCEIRAS\"],\"inLanguage\":\"pt-PT\",\"potentialAction\":[{\"@type\":\"CommentAction\",\"name\":\"Comment\",\"target\":[\"https:\\\/\\\/super-news.info\\\/pt\\\/podera-iker-casillas-voltar-aos-relvados-apos-o-enfarte-do-miocardio-o-jornal-economico\\\/#respond\"]}]},{\"@type\":\"WebPage\",\"@id\":\"https:\\\/\\\/super-news.info\\\/pt\\\/podera-iker-casillas-voltar-aos-relvados-apos-o-enfarte-do-miocardio-o-jornal-economico\\\/\",\"url\":\"https:\\\/\\\/super-news.info\\\/pt\\\/podera-iker-casillas-voltar-aos-relvados-apos-o-enfarte-do-miocardio-o-jornal-economico\\\/\",\"name\":\"Poder\u00e1 Iker Casillas voltar aos relvados ap\u00f3s o enfarte do mioc\u00e1rdio? \u2013 O Jornal Econ\u00f3mico - Super News\",\"isPartOf\":{\"@id\":\"https:\\\/\\\/super-news.info\\\/pt\\\/#website\"},\"primaryImageOfPage\":{\"@id\":\"https:\\\/\\\/super-news.info\\\/pt\\\/podera-iker-casillas-voltar-aos-relvados-apos-o-enfarte-do-miocardio-o-jornal-economico\\\/#primaryimage\"},\"image\":{\"@id\":\"https:\\\/\\\/super-news.info\\\/pt\\\/podera-iker-casillas-voltar-aos-relvados-apos-o-enfarte-do-miocardio-o-jornal-economico\\\/#primaryimage\"},\"thumbnailUrl\":\"https:\\\/\\\/super-news.info\\\/pt\\\/wp-content\\\/uploads\\\/sites\\\/2\\\/2019\\\/05\\\/Poder\u00e1-Iker-Casillas-voltar-aos-relvados-ap\u00f3s-o-enfarte-do.jpg\",\"datePublished\":\"2019-05-02T09:36:57+00:00\",\"dateModified\":\"2019-05-02T09:36:59+00:00\",\"author\":{\"@id\":\"https:\\\/\\\/super-news.info\\\/pt\\\/#\\\/schema\\\/person\\\/2d4068cb2f39cd10008c2fce578a7356\"},\"breadcrumb\":{\"@id\":\"https:\\\/\\\/super-news.info\\\/pt\\\/podera-iker-casillas-voltar-aos-relvados-apos-o-enfarte-do-miocardio-o-jornal-economico\\\/#breadcrumb\"},\"inLanguage\":\"pt-PT\",\"potentialAction\":[{\"@type\":\"ReadAction\",\"target\":[\"https:\\\/\\\/super-news.info\\\/pt\\\/podera-iker-casillas-voltar-aos-relvados-apos-o-enfarte-do-miocardio-o-jornal-economico\\\/\"]}]},{\"@type\":\"ImageObject\",\"inLanguage\":\"pt-PT\",\"@id\":\"https:\\\/\\\/super-news.info\\\/pt\\\/podera-iker-casillas-voltar-aos-relvados-apos-o-enfarte-do-miocardio-o-jornal-economico\\\/#primaryimage\",\"url\":\"https:\\\/\\\/super-news.info\\\/pt\\\/wp-content\\\/uploads\\\/sites\\\/2\\\/2019\\\/05\\\/Poder\u00e1-Iker-Casillas-voltar-aos-relvados-ap\u00f3s-o-enfarte-do.jpg\",\"contentUrl\":\"https:\\\/\\\/super-news.info\\\/pt\\\/wp-content\\\/uploads\\\/sites\\\/2\\\/2019\\\/05\\\/Poder\u00e1-Iker-Casillas-voltar-aos-relvados-ap\u00f3s-o-enfarte-do.jpg\",\"width\":960,\"height\":600,\"caption\":\"Poder\u00e1 Iker Casillas voltar aos relvados ap\u00f3s o enfarte do mioc\u00e1rdio? \u2013 O Jornal Econ\u00f3mico\"},{\"@type\":\"BreadcrumbList\",\"@id\":\"https:\\\/\\\/super-news.info\\\/pt\\\/podera-iker-casillas-voltar-aos-relvados-apos-o-enfarte-do-miocardio-o-jornal-economico\\\/#breadcrumb\",\"itemListElement\":[{\"@type\":\"ListItem\",\"position\":1,\"name\":\"\u0413\u043b\u0430\u0432\u043d\u0430\u044f \u0441\u0442\u0440\u0430\u043d\u0438\u0446\u0430\",\"item\":\"https:\\\/\\\/super-news.info\\\/pt\\\/\"},{\"@type\":\"ListItem\",\"position\":2,\"name\":\"Poder\u00e1 Iker Casillas voltar aos relvados ap\u00f3s o enfarte do mioc\u00e1rdio? \u2013 O Jornal Econ\u00f3mico\"}]},{\"@type\":\"WebSite\",\"@id\":\"https:\\\/\\\/super-news.info\\\/pt\\\/#website\",\"url\":\"https:\\\/\\\/super-news.info\\\/pt\\\/\",\"name\":\"Super News\",\"description\":\"Super News Portugal\",\"potentialAction\":[{\"@type\":\"SearchAction\",\"target\":{\"@type\":\"EntryPoint\",\"urlTemplate\":\"https:\\\/\\\/super-news.info\\\/pt\\\/?s={search_term_string}\"},\"query-input\":{\"@type\":\"PropertyValueSpecification\",\"valueRequired\":true,\"valueName\":\"search_term_string\"}}],\"inLanguage\":\"pt-PT\"},{\"@type\":\"Person\",\"@id\":\"https:\\\/\\\/super-news.info\\\/pt\\\/#\\\/schema\\\/person\\\/2d4068cb2f39cd10008c2fce578a7356\",\"name\":\"super-news\",\"image\":{\"@type\":\"ImageObject\",\"inLanguage\":\"pt-PT\",\"@id\":\"https:\\\/\\\/secure.gravatar.com\\\/avatar\\\/64ebac40b93f26a154f8a9b5b6fdccfc46f442b26b3dd6756dbff3bf9dc76fd7?s=96&d=mm&r=g\",\"url\":\"https:\\\/\\\/secure.gravatar.com\\\/avatar\\\/64ebac40b93f26a154f8a9b5b6fdccfc46f442b26b3dd6756dbff3bf9dc76fd7?s=96&d=mm&r=g\",\"contentUrl\":\"https:\\\/\\\/secure.gravatar.com\\\/avatar\\\/64ebac40b93f26a154f8a9b5b6fdccfc46f442b26b3dd6756dbff3bf9dc76fd7?s=96&d=mm&r=g\",\"caption\":\"super-news\"},\"url\":\"https:\\\/\\\/super-news.info\\\/pt\\\/author\\\/pt\\\/\"}]}<\/script>\n<!-- \/ Yoast SEO plugin. -->","yoast_head_json":{"title":"Poder\u00e1 Iker Casillas voltar aos relvados ap\u00f3s o enfarte do mioc\u00e1rdio? \u2013 O Jornal Econ\u00f3mico - Super News","robots":{"index":"index","follow":"follow","max-snippet":"max-snippet:-1","max-image-preview":"max-image-preview:large","max-video-preview":"max-video-preview:-1"},"canonical":"https:\/\/super-news.info\/pt\/podera-iker-casillas-voltar-aos-relvados-apos-o-enfarte-do-miocardio-o-jornal-economico\/","og_locale":"pt_PT","og_type":"article","og_title":"Poder\u00e1 Iker Casillas voltar aos relvados ap\u00f3s o enfarte do mioc\u00e1rdio? \u2013 O Jornal Econ\u00f3mico - Super News","og_description":"[ad_1] Depois de ultrapassado o susto, esta \u00e9 a pergunta que todos colocam agora: poder\u00e1 Casillas voltar aos relvados depois de ter sofrido um enfarte do mioc\u00e1rdio no treino de quarta-feira do FC Porto? Em declara\u00e7\u00f5es ao \u201cPorto Canal\u201d, Nelson Puga, m\u00e9dico da equipa portista explica que \u201c\u00e9 muito cedo para nos pronunciarmos pois vai [&hellip;]","og_url":"https:\/\/super-news.info\/pt\/podera-iker-casillas-voltar-aos-relvados-apos-o-enfarte-do-miocardio-o-jornal-economico\/","og_site_name":"Super News","article_published_time":"2019-05-02T09:36:57+00:00","article_modified_time":"2019-05-02T09:36:59+00:00","og_image":[{"width":960,"height":600,"url":"https:\/\/super-news.info\/pt\/wp-content\/uploads\/sites\/2\/2019\/05\/Poder\u00e1-Iker-Casillas-voltar-aos-relvados-ap\u00f3s-o-enfarte-do.jpg","type":"image\/jpeg"}],"author":"super-news","twitter_card":"summary_large_image","twitter_misc":{"Escrito por":"super-news","Tempo estimado de leitura":"3 minutos"},"schema":{"@context":"https:\/\/schema.org","@graph":[{"@type":"Article","@id":"https:\/\/super-news.info\/pt\/podera-iker-casillas-voltar-aos-relvados-apos-o-enfarte-do-miocardio-o-jornal-economico\/#article","isPartOf":{"@id":"https:\/\/super-news.info\/pt\/podera-iker-casillas-voltar-aos-relvados-apos-o-enfarte-do-miocardio-o-jornal-economico\/"},"author":{"name":"super-news","@id":"https:\/\/super-news.info\/pt\/#\/schema\/person\/2d4068cb2f39cd10008c2fce578a7356"},"headline":"Poder\u00e1 Iker Casillas voltar aos relvados ap\u00f3s o enfarte do mioc\u00e1rdio? \u2013 O Jornal Econ\u00f3mico","datePublished":"2019-05-02T09:36:57+00:00","dateModified":"2019-05-02T09:36:59+00:00","mainEntityOfPage":{"@id":"https:\/\/super-news.info\/pt\/podera-iker-casillas-voltar-aos-relvados-apos-o-enfarte-do-miocardio-o-jornal-economico\/"},"wordCount":558,"commentCount":0,"image":{"@id":"https:\/\/super-news.info\/pt\/podera-iker-casillas-voltar-aos-relvados-apos-o-enfarte-do-miocardio-o-jornal-economico\/#primaryimage"},"thumbnailUrl":"https:\/\/super-news.info\/pt\/wp-content\/uploads\/sites\/2\/2019\/05\/Poder\u00e1-Iker-Casillas-voltar-aos-relvados-ap\u00f3s-o-enfarte-do.jpg","articleSection":["NOT\u00cdCIAS FINANCEIRAS"],"inLanguage":"pt-PT","potentialAction":[{"@type":"CommentAction","name":"Comment","target":["https:\/\/super-news.info\/pt\/podera-iker-casillas-voltar-aos-relvados-apos-o-enfarte-do-miocardio-o-jornal-economico\/#respond"]}]},{"@type":"WebPage","@id":"https:\/\/super-news.info\/pt\/podera-iker-casillas-voltar-aos-relvados-apos-o-enfarte-do-miocardio-o-jornal-economico\/","url":"https:\/\/super-news.info\/pt\/podera-iker-casillas-voltar-aos-relvados-apos-o-enfarte-do-miocardio-o-jornal-economico\/","name":"Poder\u00e1 Iker Casillas voltar aos relvados ap\u00f3s o enfarte do mioc\u00e1rdio? \u2013 O Jornal Econ\u00f3mico - Super News","isPartOf":{"@id":"https:\/\/super-news.info\/pt\/#website"},"primaryImageOfPage":{"@id":"https:\/\/super-news.info\/pt\/podera-iker-casillas-voltar-aos-relvados-apos-o-enfarte-do-miocardio-o-jornal-economico\/#primaryimage"},"image":{"@id":"https:\/\/super-news.info\/pt\/podera-iker-casillas-voltar-aos-relvados-apos-o-enfarte-do-miocardio-o-jornal-economico\/#primaryimage"},"thumbnailUrl":"https:\/\/super-news.info\/pt\/wp-content\/uploads\/sites\/2\/2019\/05\/Poder\u00e1-Iker-Casillas-voltar-aos-relvados-ap\u00f3s-o-enfarte-do.jpg","datePublished":"2019-05-02T09:36:57+00:00","dateModified":"2019-05-02T09:36:59+00:00","author":{"@id":"https:\/\/super-news.info\/pt\/#\/schema\/person\/2d4068cb2f39cd10008c2fce578a7356"},"breadcrumb":{"@id":"https:\/\/super-news.info\/pt\/podera-iker-casillas-voltar-aos-relvados-apos-o-enfarte-do-miocardio-o-jornal-economico\/#breadcrumb"},"inLanguage":"pt-PT","potentialAction":[{"@type":"ReadAction","target":["https:\/\/super-news.info\/pt\/podera-iker-casillas-voltar-aos-relvados-apos-o-enfarte-do-miocardio-o-jornal-economico\/"]}]},{"@type":"ImageObject","inLanguage":"pt-PT","@id":"https:\/\/super-news.info\/pt\/podera-iker-casillas-voltar-aos-relvados-apos-o-enfarte-do-miocardio-o-jornal-economico\/#primaryimage","url":"https:\/\/super-news.info\/pt\/wp-content\/uploads\/sites\/2\/2019\/05\/Poder\u00e1-Iker-Casillas-voltar-aos-relvados-ap\u00f3s-o-enfarte-do.jpg","contentUrl":"https:\/\/super-news.info\/pt\/wp-content\/uploads\/sites\/2\/2019\/05\/Poder\u00e1-Iker-Casillas-voltar-aos-relvados-ap\u00f3s-o-enfarte-do.jpg","width":960,"height":600,"caption":"Poder\u00e1 Iker Casillas voltar aos relvados ap\u00f3s o enfarte do mioc\u00e1rdio? \u2013 O Jornal Econ\u00f3mico"},{"@type":"BreadcrumbList","@id":"https:\/\/super-news.info\/pt\/podera-iker-casillas-voltar-aos-relvados-apos-o-enfarte-do-miocardio-o-jornal-economico\/#breadcrumb","itemListElement":[{"@type":"ListItem","position":1,"name":"\u0413\u043b\u0430\u0432\u043d\u0430\u044f \u0441\u0442\u0440\u0430\u043d\u0438\u0446\u0430","item":"https:\/\/super-news.info\/pt\/"},{"@type":"ListItem","position":2,"name":"Poder\u00e1 Iker Casillas voltar aos relvados ap\u00f3s o enfarte do mioc\u00e1rdio? \u2013 O Jornal Econ\u00f3mico"}]},{"@type":"WebSite","@id":"https:\/\/super-news.info\/pt\/#website","url":"https:\/\/super-news.info\/pt\/","name":"Super News","description":"Super News Portugal","potentialAction":[{"@type":"SearchAction","target":{"@type":"EntryPoint","urlTemplate":"https:\/\/super-news.info\/pt\/?s={search_term_string}"},"query-input":{"@type":"PropertyValueSpecification","valueRequired":true,"valueName":"search_term_string"}}],"inLanguage":"pt-PT"},{"@type":"Person","@id":"https:\/\/super-news.info\/pt\/#\/schema\/person\/2d4068cb2f39cd10008c2fce578a7356","name":"super-news","image":{"@type":"ImageObject","inLanguage":"pt-PT","@id":"https:\/\/secure.gravatar.com\/avatar\/64ebac40b93f26a154f8a9b5b6fdccfc46f442b26b3dd6756dbff3bf9dc76fd7?s=96&d=mm&r=g","url":"https:\/\/secure.gravatar.com\/avatar\/64ebac40b93f26a154f8a9b5b6fdccfc46f442b26b3dd6756dbff3bf9dc76fd7?s=96&d=mm&r=g","contentUrl":"https:\/\/secure.gravatar.com\/avatar\/64ebac40b93f26a154f8a9b5b6fdccfc46f442b26b3dd6756dbff3bf9dc76fd7?s=96&d=mm&r=g","caption":"super-news"},"url":"https:\/\/super-news.info\/pt\/author\/pt\/"}]}},"_links":{"self":[{"href":"https:\/\/super-news.info\/pt\/wp-json\/wp\/v2\/posts\/1102","targetHints":{"allow":["GET"]}}],"collection":[{"href":"https:\/\/super-news.info\/pt\/wp-json\/wp\/v2\/posts"}],"about":[{"href":"https:\/\/super-news.info\/pt\/wp-json\/wp\/v2\/types\/post"}],"author":[{"embeddable":true,"href":"https:\/\/super-news.info\/pt\/wp-json\/wp\/v2\/users\/2"}],"replies":[{"embeddable":true,"href":"https:\/\/super-news.info\/pt\/wp-json\/wp\/v2\/comments?post=1102"}],"version-history":[{"count":1,"href":"https:\/\/super-news.info\/pt\/wp-json\/wp\/v2\/posts\/1102\/revisions"}],"predecessor-version":[{"id":1104,"href":"https:\/\/super-news.info\/pt\/wp-json\/wp\/v2\/posts\/1102\/revisions\/1104"}],"wp:featuredmedia":[{"embeddable":true,"href":"https:\/\/super-news.info\/pt\/wp-json\/wp\/v2\/media\/1103"}],"wp:attachment":[{"href":"https:\/\/super-news.info\/pt\/wp-json\/wp\/v2\/media?parent=1102"}],"wp:term":[{"taxonomy":"category","embeddable":true,"href":"https:\/\/super-news.info\/pt\/wp-json\/wp\/v2\/categories?post=1102"},{"taxonomy":"post_tag","embeddable":true,"href":"https:\/\/super-news.info\/pt\/wp-json\/wp\/v2\/tags?post=1102"}],"curies":[{"name":"wp","href":"https:\/\/api.w.org\/{rel}","templated":true}]}}