{"id":1099,"date":"2019-05-02T10:19:50","date_gmt":"2019-05-02T07:19:50","guid":{"rendered":"https:\/\/super-news.info\/pt\/combustiveis-voltam-a-subir-em-cabo-verde-o-jornal-economico\/"},"modified":"2019-05-02T10:19:52","modified_gmt":"2019-05-02T07:19:52","slug":"combustiveis-voltam-a-subir-em-cabo-verde-o-jornal-economico","status":"publish","type":"post","link":"https:\/\/super-news.info\/pt\/combustiveis-voltam-a-subir-em-cabo-verde-o-jornal-economico\/","title":{"rendered":"Combust\u00edveis voltam a subir em Cabo Verde \u2013 O Jornal Econ\u00f3mico"},"content":{"rendered":"<p> [ad_1]<br \/>\n<\/p>\n<div>\n<p>Os combust\u00edveis em Cabo Verde ficaram mais caros a partir da meia-noite do primeiro dia do m\u00eas, \u00e0 exce\u00e7\u00e3o do g\u00e1s butano. A 1 de maio o aumento mais significativo foi o da gasolina, que subiu mais de 6 pontos percentuais (p.p.). \u00c9 o que aponta o comunicado mensal divulgado esta ter\u00e7a-feira (1 de maio) pela Ag\u00eancia Reguladora Multissetorial da Economia (ARME).<\/p>\n<p>O pre\u00e7o da gasolina seguiu a tend\u00eancia de aumento que vinha registando desde janeiro, em que cada litro custava 108 escudos. Nesta ultima atualiza\u00e7\u00e3o, passou de 124,30 escudos para 132 escudos, uma subida de 6,19 p.p. Quanto ao\u00a0gas\u00f3leo, manteve a tend\u00eancia de subida mais ligeira, aumentou 2,23 p.p.: de 103 escudos para 105 escudos.<\/p>\n<p>J\u00e1 o g\u00e1s butano foi dos \u00fanicos a ter redu\u00e7\u00e3o, passando a ser vendido a granel por 128,70 escudos cabo-verdianos (ECV) o quilograma (kg). As garrafas de 3kg passaram a custar 367,00 ECV, as de 6kg custam 772,00 ECV; as de 12,5kg 1.609,00 ECV e as de 55kg custam agora 7.081,00 ECV.<\/p>\n<p>A ARME explica a atualiza\u00e7\u00e3o com os dados publicados no Platts European Marketscan e LPGasWire: \u201cOs pre\u00e7os m\u00e9dios dos combust\u00edveis nos mercados internacionais, cotados em USD\/ton, mantiveram a tend\u00eancia de subida durante o m\u00eas de abril (2,75%), relativamente ao m\u00eas de mar\u00e7o\u201d- raz\u00e3o pela qual se registou o aumento tamb\u00e9m no mercado interno.<\/p>\n<blockquote>\n<p>\u201cPor um lado, o m\u00eas de abril ficou marcado por uma tend\u00eancia m\u00e9dia de subida das cota\u00e7\u00f5es do petr\u00f3leo, impulsionadas pelo an\u00fancio do fim das isen\u00e7\u00f5es norte-americanas \u00e0s san\u00e7\u00f5es impostas ao Ir\u00e3o\u201d, explica a ARME, acrescentando que \u201cessa decis\u00e3o veio refor\u00e7ar a press\u00e3o em alta do lado da oferta, estimulando o pre\u00e7o desta mat\u00e9ria-prima a m\u00e1ximos desde outubro do ano passado\u201d. \u201cPor outro lado, a instabilidade pol\u00edtica na L\u00edbia e na Venezuela continua a agravar os n\u00edveis de produ\u00e7\u00e3o\u201d, acrescenta a mesma fonte.<\/p>\n<\/blockquote>\n<p>A ARME acrescenta que a cota\u00e7\u00e3o do c\u00e2mbio euro-d\u00f3lar, tendo como refer\u00eancia a Bloomberg (14 horas no hor\u00e1rio de Frankfurt), no \u00faltimo dia \u00fatil do m\u00eas de abril \u201cevidenciou uma deprecia\u00e7\u00e3o ligeira do euro face ao d\u00f3lar dos Estados Unidos, em 0,12% (1,1233), comparado ao c\u00e2mbio do \u00faltimo dia do m\u00eas de mar\u00e7o, com t\u00e9nue impacto no aumento dos pre\u00e7os dos combust\u00edveis no mercado interno\u201d.<\/p>\n<\/div>\n<p><script>\/*<![CDATA[*\/function facebookInit(){var js=document.createElement('script');js.src='https:\/\/connect.facebook.net\/pt_PT\/sdk.js#xfbml=1&#038;version=v3.1&#038;appId=1708066812789184&#038;autoLogAppEvents=1';return document.body.appendChild(js);}\nwindow.onscroll=function(){var rect=document.getElementsByClassName('je-post-content')[0].getBoundingClientRect();if(rect.bottom<window.innerHeight){facebookInit();window.onscroll=null;}}\/*]]>*\/<\/script><br \/>\n<br \/>[ad_2]<br \/>\n<br \/><a href=\"https:\/\/jornaleconomico.sapo.pt\/noticias\/combustiveis-voltam-a-subir-em-cabo-verde-439440\">Source link <\/a><\/p>\n","protected":false},"excerpt":{"rendered":"<p>[ad_1] Os combust\u00edveis em Cabo Verde ficaram mais caros a partir da meia-noite do primeiro dia do m\u00eas, \u00e0 exce\u00e7\u00e3o do g\u00e1s butano. A 1 de maio o aumento mais significativo foi o da gasolina, que subiu mais de 6 pontos percentuais (p.p.). \u00c9 o que aponta o comunicado mensal divulgado esta ter\u00e7a-feira (1 de [&hellip;]<\/p>\n","protected":false},"author":2,"featured_media":1100,"comment_status":"open","ping_status":"open","sticky":false,"template":"","format":"standard","meta":{"footnotes":""},"categories":[1],"tags":[],"class_list":["post-1099","post","type-post","status-publish","format-standard","has-post-thumbnail","hentry","category-noticias-financeiras"],"yoast_head":"<!-- This site is optimized with the Yoast SEO plugin v27.4 - https:\/\/yoast.com\/product\/yoast-seo-wordpress\/ -->\n<title>Combust\u00edveis voltam a subir em Cabo Verde \u2013 O Jornal Econ\u00f3mico - Super News<\/title>\n<meta name=\"robots\" content=\"index, follow, max-snippet:-1, max-image-preview:large, max-video-preview:-1\" \/>\n<link rel=\"canonical\" href=\"https:\/\/super-news.info\/pt\/combustiveis-voltam-a-subir-em-cabo-verde-o-jornal-economico\/\" \/>\n<meta property=\"og:locale\" content=\"pt_PT\" \/>\n<meta property=\"og:type\" content=\"article\" \/>\n<meta property=\"og:title\" content=\"Combust\u00edveis voltam a subir em Cabo Verde \u2013 O Jornal Econ\u00f3mico - Super News\" \/>\n<meta property=\"og:description\" content=\"[ad_1] Os combust\u00edveis em Cabo Verde ficaram mais caros a partir da meia-noite do primeiro dia do m\u00eas, \u00e0 exce\u00e7\u00e3o do g\u00e1s butano. A 1 de maio o aumento mais significativo foi o da gasolina, que subiu mais de 6 pontos percentuais (p.p.). \u00c9 o que aponta o comunicado mensal divulgado esta ter\u00e7a-feira (1 de [&hellip;]\" \/>\n<meta property=\"og:url\" content=\"https:\/\/super-news.info\/pt\/combustiveis-voltam-a-subir-em-cabo-verde-o-jornal-economico\/\" \/>\n<meta property=\"og:site_name\" content=\"Super News\" \/>\n<meta property=\"article:published_time\" content=\"2019-05-02T07:19:50+00:00\" \/>\n<meta property=\"article:modified_time\" content=\"2019-05-02T07:19:52+00:00\" \/>\n<meta property=\"og:image\" content=\"https:\/\/super-news.info\/pt\/wp-content\/uploads\/sites\/2\/2019\/05\/Combust\u00edveis-voltam-a-subir-em-Cabo-Verde-\u2013-O-Jornal.jpg\" \/>\n\t<meta property=\"og:image:width\" content=\"960\" \/>\n\t<meta property=\"og:image:height\" content=\"600\" \/>\n\t<meta property=\"og:image:type\" content=\"image\/jpeg\" \/>\n<meta name=\"author\" content=\"super-news\" \/>\n<meta name=\"twitter:card\" content=\"summary_large_image\" \/>\n<meta name=\"twitter:label1\" content=\"Escrito por\" \/>\n\t<meta name=\"twitter:data1\" content=\"super-news\" \/>\n\t<meta name=\"twitter:label2\" content=\"Tempo estimado de leitura\" \/>\n\t<meta name=\"twitter:data2\" content=\"2 minutos\" \/>\n<script type=\"application\/ld+json\" class=\"yoast-schema-graph\">{\"@context\":\"https:\\\/\\\/schema.org\",\"@graph\":[{\"@type\":\"Article\",\"@id\":\"https:\\\/\\\/super-news.info\\\/pt\\\/combustiveis-voltam-a-subir-em-cabo-verde-o-jornal-economico\\\/#article\",\"isPartOf\":{\"@id\":\"https:\\\/\\\/super-news.info\\\/pt\\\/combustiveis-voltam-a-subir-em-cabo-verde-o-jornal-economico\\\/\"},\"author\":{\"name\":\"super-news\",\"@id\":\"https:\\\/\\\/super-news.info\\\/pt\\\/#\\\/schema\\\/person\\\/2d4068cb2f39cd10008c2fce578a7356\"},\"headline\":\"Combust\u00edveis voltam a subir em Cabo Verde \u2013 O Jornal Econ\u00f3mico\",\"datePublished\":\"2019-05-02T07:19:50+00:00\",\"dateModified\":\"2019-05-02T07:19:52+00:00\",\"mainEntityOfPage\":{\"@id\":\"https:\\\/\\\/super-news.info\\\/pt\\\/combustiveis-voltam-a-subir-em-cabo-verde-o-jornal-economico\\\/\"},\"wordCount\":426,\"commentCount\":0,\"image\":{\"@id\":\"https:\\\/\\\/super-news.info\\\/pt\\\/combustiveis-voltam-a-subir-em-cabo-verde-o-jornal-economico\\\/#primaryimage\"},\"thumbnailUrl\":\"https:\\\/\\\/super-news.info\\\/pt\\\/wp-content\\\/uploads\\\/sites\\\/2\\\/2019\\\/05\\\/Combust\u00edveis-voltam-a-subir-em-Cabo-Verde-\u2013-O-Jornal.jpg\",\"articleSection\":[\"NOT\u00cdCIAS FINANCEIRAS\"],\"inLanguage\":\"pt-PT\",\"potentialAction\":[{\"@type\":\"CommentAction\",\"name\":\"Comment\",\"target\":[\"https:\\\/\\\/super-news.info\\\/pt\\\/combustiveis-voltam-a-subir-em-cabo-verde-o-jornal-economico\\\/#respond\"]}]},{\"@type\":\"WebPage\",\"@id\":\"https:\\\/\\\/super-news.info\\\/pt\\\/combustiveis-voltam-a-subir-em-cabo-verde-o-jornal-economico\\\/\",\"url\":\"https:\\\/\\\/super-news.info\\\/pt\\\/combustiveis-voltam-a-subir-em-cabo-verde-o-jornal-economico\\\/\",\"name\":\"Combust\u00edveis voltam a subir em Cabo Verde \u2013 O Jornal Econ\u00f3mico - Super News\",\"isPartOf\":{\"@id\":\"https:\\\/\\\/super-news.info\\\/pt\\\/#website\"},\"primaryImageOfPage\":{\"@id\":\"https:\\\/\\\/super-news.info\\\/pt\\\/combustiveis-voltam-a-subir-em-cabo-verde-o-jornal-economico\\\/#primaryimage\"},\"image\":{\"@id\":\"https:\\\/\\\/super-news.info\\\/pt\\\/combustiveis-voltam-a-subir-em-cabo-verde-o-jornal-economico\\\/#primaryimage\"},\"thumbnailUrl\":\"https:\\\/\\\/super-news.info\\\/pt\\\/wp-content\\\/uploads\\\/sites\\\/2\\\/2019\\\/05\\\/Combust\u00edveis-voltam-a-subir-em-Cabo-Verde-\u2013-O-Jornal.jpg\",\"datePublished\":\"2019-05-02T07:19:50+00:00\",\"dateModified\":\"2019-05-02T07:19:52+00:00\",\"author\":{\"@id\":\"https:\\\/\\\/super-news.info\\\/pt\\\/#\\\/schema\\\/person\\\/2d4068cb2f39cd10008c2fce578a7356\"},\"breadcrumb\":{\"@id\":\"https:\\\/\\\/super-news.info\\\/pt\\\/combustiveis-voltam-a-subir-em-cabo-verde-o-jornal-economico\\\/#breadcrumb\"},\"inLanguage\":\"pt-PT\",\"potentialAction\":[{\"@type\":\"ReadAction\",\"target\":[\"https:\\\/\\\/super-news.info\\\/pt\\\/combustiveis-voltam-a-subir-em-cabo-verde-o-jornal-economico\\\/\"]}]},{\"@type\":\"ImageObject\",\"inLanguage\":\"pt-PT\",\"@id\":\"https:\\\/\\\/super-news.info\\\/pt\\\/combustiveis-voltam-a-subir-em-cabo-verde-o-jornal-economico\\\/#primaryimage\",\"url\":\"https:\\\/\\\/super-news.info\\\/pt\\\/wp-content\\\/uploads\\\/sites\\\/2\\\/2019\\\/05\\\/Combust\u00edveis-voltam-a-subir-em-Cabo-Verde-\u2013-O-Jornal.jpg\",\"contentUrl\":\"https:\\\/\\\/super-news.info\\\/pt\\\/wp-content\\\/uploads\\\/sites\\\/2\\\/2019\\\/05\\\/Combust\u00edveis-voltam-a-subir-em-Cabo-Verde-\u2013-O-Jornal.jpg\",\"width\":960,\"height\":600,\"caption\":\"Combust\u00edveis voltam a subir em Cabo Verde \u2013 O Jornal Econ\u00f3mico\"},{\"@type\":\"BreadcrumbList\",\"@id\":\"https:\\\/\\\/super-news.info\\\/pt\\\/combustiveis-voltam-a-subir-em-cabo-verde-o-jornal-economico\\\/#breadcrumb\",\"itemListElement\":[{\"@type\":\"ListItem\",\"position\":1,\"name\":\"\u0413\u043b\u0430\u0432\u043d\u0430\u044f \u0441\u0442\u0440\u0430\u043d\u0438\u0446\u0430\",\"item\":\"https:\\\/\\\/super-news.info\\\/pt\\\/\"},{\"@type\":\"ListItem\",\"position\":2,\"name\":\"Combust\u00edveis voltam a subir em Cabo Verde \u2013 O Jornal Econ\u00f3mico\"}]},{\"@type\":\"WebSite\",\"@id\":\"https:\\\/\\\/super-news.info\\\/pt\\\/#website\",\"url\":\"https:\\\/\\\/super-news.info\\\/pt\\\/\",\"name\":\"Super News\",\"description\":\"Super News Portugal\",\"potentialAction\":[{\"@type\":\"SearchAction\",\"target\":{\"@type\":\"EntryPoint\",\"urlTemplate\":\"https:\\\/\\\/super-news.info\\\/pt\\\/?s={search_term_string}\"},\"query-input\":{\"@type\":\"PropertyValueSpecification\",\"valueRequired\":true,\"valueName\":\"search_term_string\"}}],\"inLanguage\":\"pt-PT\"},{\"@type\":\"Person\",\"@id\":\"https:\\\/\\\/super-news.info\\\/pt\\\/#\\\/schema\\\/person\\\/2d4068cb2f39cd10008c2fce578a7356\",\"name\":\"super-news\",\"image\":{\"@type\":\"ImageObject\",\"inLanguage\":\"pt-PT\",\"@id\":\"https:\\\/\\\/secure.gravatar.com\\\/avatar\\\/64ebac40b93f26a154f8a9b5b6fdccfc46f442b26b3dd6756dbff3bf9dc76fd7?s=96&d=mm&r=g\",\"url\":\"https:\\\/\\\/secure.gravatar.com\\\/avatar\\\/64ebac40b93f26a154f8a9b5b6fdccfc46f442b26b3dd6756dbff3bf9dc76fd7?s=96&d=mm&r=g\",\"contentUrl\":\"https:\\\/\\\/secure.gravatar.com\\\/avatar\\\/64ebac40b93f26a154f8a9b5b6fdccfc46f442b26b3dd6756dbff3bf9dc76fd7?s=96&d=mm&r=g\",\"caption\":\"super-news\"},\"url\":\"https:\\\/\\\/super-news.info\\\/pt\\\/author\\\/pt\\\/\"}]}<\/script>\n<!-- \/ Yoast SEO plugin. -->","yoast_head_json":{"title":"Combust\u00edveis voltam a subir em Cabo Verde \u2013 O Jornal Econ\u00f3mico - Super News","robots":{"index":"index","follow":"follow","max-snippet":"max-snippet:-1","max-image-preview":"max-image-preview:large","max-video-preview":"max-video-preview:-1"},"canonical":"https:\/\/super-news.info\/pt\/combustiveis-voltam-a-subir-em-cabo-verde-o-jornal-economico\/","og_locale":"pt_PT","og_type":"article","og_title":"Combust\u00edveis voltam a subir em Cabo Verde \u2013 O Jornal Econ\u00f3mico - Super News","og_description":"[ad_1] Os combust\u00edveis em Cabo Verde ficaram mais caros a partir da meia-noite do primeiro dia do m\u00eas, \u00e0 exce\u00e7\u00e3o do g\u00e1s butano. A 1 de maio o aumento mais significativo foi o da gasolina, que subiu mais de 6 pontos percentuais (p.p.). \u00c9 o que aponta o comunicado mensal divulgado esta ter\u00e7a-feira (1 de [&hellip;]","og_url":"https:\/\/super-news.info\/pt\/combustiveis-voltam-a-subir-em-cabo-verde-o-jornal-economico\/","og_site_name":"Super News","article_published_time":"2019-05-02T07:19:50+00:00","article_modified_time":"2019-05-02T07:19:52+00:00","og_image":[{"width":960,"height":600,"url":"https:\/\/super-news.info\/pt\/wp-content\/uploads\/sites\/2\/2019\/05\/Combust\u00edveis-voltam-a-subir-em-Cabo-Verde-\u2013-O-Jornal.jpg","type":"image\/jpeg"}],"author":"super-news","twitter_card":"summary_large_image","twitter_misc":{"Escrito por":"super-news","Tempo estimado de leitura":"2 minutos"},"schema":{"@context":"https:\/\/schema.org","@graph":[{"@type":"Article","@id":"https:\/\/super-news.info\/pt\/combustiveis-voltam-a-subir-em-cabo-verde-o-jornal-economico\/#article","isPartOf":{"@id":"https:\/\/super-news.info\/pt\/combustiveis-voltam-a-subir-em-cabo-verde-o-jornal-economico\/"},"author":{"name":"super-news","@id":"https:\/\/super-news.info\/pt\/#\/schema\/person\/2d4068cb2f39cd10008c2fce578a7356"},"headline":"Combust\u00edveis voltam a subir em Cabo Verde \u2013 O Jornal Econ\u00f3mico","datePublished":"2019-05-02T07:19:50+00:00","dateModified":"2019-05-02T07:19:52+00:00","mainEntityOfPage":{"@id":"https:\/\/super-news.info\/pt\/combustiveis-voltam-a-subir-em-cabo-verde-o-jornal-economico\/"},"wordCount":426,"commentCount":0,"image":{"@id":"https:\/\/super-news.info\/pt\/combustiveis-voltam-a-subir-em-cabo-verde-o-jornal-economico\/#primaryimage"},"thumbnailUrl":"https:\/\/super-news.info\/pt\/wp-content\/uploads\/sites\/2\/2019\/05\/Combust\u00edveis-voltam-a-subir-em-Cabo-Verde-\u2013-O-Jornal.jpg","articleSection":["NOT\u00cdCIAS FINANCEIRAS"],"inLanguage":"pt-PT","potentialAction":[{"@type":"CommentAction","name":"Comment","target":["https:\/\/super-news.info\/pt\/combustiveis-voltam-a-subir-em-cabo-verde-o-jornal-economico\/#respond"]}]},{"@type":"WebPage","@id":"https:\/\/super-news.info\/pt\/combustiveis-voltam-a-subir-em-cabo-verde-o-jornal-economico\/","url":"https:\/\/super-news.info\/pt\/combustiveis-voltam-a-subir-em-cabo-verde-o-jornal-economico\/","name":"Combust\u00edveis voltam a subir em Cabo Verde \u2013 O Jornal Econ\u00f3mico - Super News","isPartOf":{"@id":"https:\/\/super-news.info\/pt\/#website"},"primaryImageOfPage":{"@id":"https:\/\/super-news.info\/pt\/combustiveis-voltam-a-subir-em-cabo-verde-o-jornal-economico\/#primaryimage"},"image":{"@id":"https:\/\/super-news.info\/pt\/combustiveis-voltam-a-subir-em-cabo-verde-o-jornal-economico\/#primaryimage"},"thumbnailUrl":"https:\/\/super-news.info\/pt\/wp-content\/uploads\/sites\/2\/2019\/05\/Combust\u00edveis-voltam-a-subir-em-Cabo-Verde-\u2013-O-Jornal.jpg","datePublished":"2019-05-02T07:19:50+00:00","dateModified":"2019-05-02T07:19:52+00:00","author":{"@id":"https:\/\/super-news.info\/pt\/#\/schema\/person\/2d4068cb2f39cd10008c2fce578a7356"},"breadcrumb":{"@id":"https:\/\/super-news.info\/pt\/combustiveis-voltam-a-subir-em-cabo-verde-o-jornal-economico\/#breadcrumb"},"inLanguage":"pt-PT","potentialAction":[{"@type":"ReadAction","target":["https:\/\/super-news.info\/pt\/combustiveis-voltam-a-subir-em-cabo-verde-o-jornal-economico\/"]}]},{"@type":"ImageObject","inLanguage":"pt-PT","@id":"https:\/\/super-news.info\/pt\/combustiveis-voltam-a-subir-em-cabo-verde-o-jornal-economico\/#primaryimage","url":"https:\/\/super-news.info\/pt\/wp-content\/uploads\/sites\/2\/2019\/05\/Combust\u00edveis-voltam-a-subir-em-Cabo-Verde-\u2013-O-Jornal.jpg","contentUrl":"https:\/\/super-news.info\/pt\/wp-content\/uploads\/sites\/2\/2019\/05\/Combust\u00edveis-voltam-a-subir-em-Cabo-Verde-\u2013-O-Jornal.jpg","width":960,"height":600,"caption":"Combust\u00edveis voltam a subir em Cabo Verde \u2013 O Jornal Econ\u00f3mico"},{"@type":"BreadcrumbList","@id":"https:\/\/super-news.info\/pt\/combustiveis-voltam-a-subir-em-cabo-verde-o-jornal-economico\/#breadcrumb","itemListElement":[{"@type":"ListItem","position":1,"name":"\u0413\u043b\u0430\u0432\u043d\u0430\u044f \u0441\u0442\u0440\u0430\u043d\u0438\u0446\u0430","item":"https:\/\/super-news.info\/pt\/"},{"@type":"ListItem","position":2,"name":"Combust\u00edveis voltam a subir em Cabo Verde \u2013 O Jornal Econ\u00f3mico"}]},{"@type":"WebSite","@id":"https:\/\/super-news.info\/pt\/#website","url":"https:\/\/super-news.info\/pt\/","name":"Super News","description":"Super News Portugal","potentialAction":[{"@type":"SearchAction","target":{"@type":"EntryPoint","urlTemplate":"https:\/\/super-news.info\/pt\/?s={search_term_string}"},"query-input":{"@type":"PropertyValueSpecification","valueRequired":true,"valueName":"search_term_string"}}],"inLanguage":"pt-PT"},{"@type":"Person","@id":"https:\/\/super-news.info\/pt\/#\/schema\/person\/2d4068cb2f39cd10008c2fce578a7356","name":"super-news","image":{"@type":"ImageObject","inLanguage":"pt-PT","@id":"https:\/\/secure.gravatar.com\/avatar\/64ebac40b93f26a154f8a9b5b6fdccfc46f442b26b3dd6756dbff3bf9dc76fd7?s=96&d=mm&r=g","url":"https:\/\/secure.gravatar.com\/avatar\/64ebac40b93f26a154f8a9b5b6fdccfc46f442b26b3dd6756dbff3bf9dc76fd7?s=96&d=mm&r=g","contentUrl":"https:\/\/secure.gravatar.com\/avatar\/64ebac40b93f26a154f8a9b5b6fdccfc46f442b26b3dd6756dbff3bf9dc76fd7?s=96&d=mm&r=g","caption":"super-news"},"url":"https:\/\/super-news.info\/pt\/author\/pt\/"}]}},"_links":{"self":[{"href":"https:\/\/super-news.info\/pt\/wp-json\/wp\/v2\/posts\/1099","targetHints":{"allow":["GET"]}}],"collection":[{"href":"https:\/\/super-news.info\/pt\/wp-json\/wp\/v2\/posts"}],"about":[{"href":"https:\/\/super-news.info\/pt\/wp-json\/wp\/v2\/types\/post"}],"author":[{"embeddable":true,"href":"https:\/\/super-news.info\/pt\/wp-json\/wp\/v2\/users\/2"}],"replies":[{"embeddable":true,"href":"https:\/\/super-news.info\/pt\/wp-json\/wp\/v2\/comments?post=1099"}],"version-history":[{"count":1,"href":"https:\/\/super-news.info\/pt\/wp-json\/wp\/v2\/posts\/1099\/revisions"}],"predecessor-version":[{"id":1101,"href":"https:\/\/super-news.info\/pt\/wp-json\/wp\/v2\/posts\/1099\/revisions\/1101"}],"wp:featuredmedia":[{"embeddable":true,"href":"https:\/\/super-news.info\/pt\/wp-json\/wp\/v2\/media\/1100"}],"wp:attachment":[{"href":"https:\/\/super-news.info\/pt\/wp-json\/wp\/v2\/media?parent=1099"}],"wp:term":[{"taxonomy":"category","embeddable":true,"href":"https:\/\/super-news.info\/pt\/wp-json\/wp\/v2\/categories?post=1099"},{"taxonomy":"post_tag","embeddable":true,"href":"https:\/\/super-news.info\/pt\/wp-json\/wp\/v2\/tags?post=1099"}],"curies":[{"name":"wp","href":"https:\/\/api.w.org\/{rel}","templated":true}]}}