{"id":1096,"date":"2019-05-02T09:02:14","date_gmt":"2019-05-02T06:02:14","guid":{"rendered":"https:\/\/super-news.info\/pt\/um-debate-nacionalizado-entre-populismos-e-legados-de-socrates-o-jornal-economico\/"},"modified":"2019-05-02T09:02:16","modified_gmt":"2019-05-02T06:02:16","slug":"um-debate-nacionalizado-entre-populismos-e-legados-de-socrates-o-jornal-economico","status":"publish","type":"post","link":"https:\/\/super-news.info\/pt\/um-debate-nacionalizado-entre-populismos-e-legados-de-socrates-o-jornal-economico\/","title":{"rendered":"Um debate \u201cnacionalizado\u201d entre populismos e legados de S\u00f3crates \u2013 O Jornal Econ\u00f3mico"},"content":{"rendered":"<p> [ad_1]<br \/>\n<\/p>\n<div>\n<p>O debate de uma hora e 50 minutos, na SIC e na SIC-Not\u00edcias, moderado pelo jornalista Bento Rodrigues, op\u00f4s os cabe\u00e7as-de-lista dos seis partidos com representa\u00e7\u00e3o no Parlamento Europeu: Pedro Marques (PS), Paulo Rangel (PSD), Jo\u00e3o Ferreira (PCP), Marisa Matias (BE) e Marinho e Pinto (Partido Democr\u00e1tico Republicano \u2013 PDR).<\/p>\n<p>O candidato do CDS, Nuno Melo, tentou \u201ccolar\u201d Pedro Marques a Jos\u00e9 S\u00f3crates, e usou \u201ctweets\u201d e fotografias em que o ex-primeiro-ministro aparece ao lado do candidato socialista e do atual chefe do Governo, Ant\u00f3nio Costa.\u00a0O \u201clegado tr\u00e1gico\u201d de S\u00f3crates, afirmou Nuno Melo, \u201cmede-se pelo peso da d\u00edvida e pelo sacrif\u00edcio de muitas pessoas\u201d ao longo dos anos, e valeu um sorriso de Pedro Marques.<\/p>\n<p>Pelo PSD, Paulo Rangel contestou a ideia de Ant\u00f3nio Costa de \u201cnacionalizar\u201d estas elei\u00e7\u00f5es, e recusou a ideia de tornar estas europeias uma esp\u00e9cie de \u201cplebiscito cesarista ou bonapartista\u201d.\u00a0Estas s\u00e3o elei\u00e7\u00f5es que Rangel qualificou de muito importantes para a Europa, tendo em conta problemas como o \u201cBrexit\u201d, a sa\u00edda do Reino Unido, os populismos, a imigra\u00e7\u00e3o ou o terrorismo e, a n\u00edvel nacional, o baixo n\u00edvel de investimento p\u00fablico, \u201ca maior carga fiscal de sempre\u201d e baixa execu\u00e7\u00e3o de fundos comunit\u00e1rios.<\/p>\n<p>Num debate muito ritmado, com perguntas e respostas curtas dos seis candidatos, que Marinho e Pinto qualificou de \u201ctelegr\u00e1fico\u201d, os temas sucederam-se, como o crescimento da extrema-direita.\u00a0\u00c0 esquerda, os candidatos do PCP, BE e do PS admitiram que a explica\u00e7\u00e3o do crescimento da extrema-direita e do populismo na Europa se deve, tamb\u00e9m, a erros dos partidos do \u201cbloco central\u201d que governaram na Uni\u00e3o e n\u00e3o deram respostas cabais a problemas como a imigra\u00e7\u00e3o.<\/p>\n<p>Nuno Melo mant\u00e9m o que disse \u00e0 Lusa sobre o partido Vox, de Espanha, n\u00e3o ser de extrema-direita, acrescentou estar preocupado com a dualidade de crit\u00e9rios.\u00a0E confessou a sua preocupa\u00e7\u00e3o com a extrema-esquerda, no caso o BE, que anda \u201cna rua a cantar\u201d, a pedir a morte de Jair Bolsonaro, \u201cpresidente eleito do Brasil\u201d, como aconteceu no desfile do 25 de Abril, em Lisboa.<\/p>\n<p>\u00c0 esquerda, entre Jo\u00e3o Ferreira e Marisa Matias chegou a existir um momento de tens\u00e3o, depois de o eurodeputado comunista reivindicar para o PCP um papel importante na \u201crevers\u00e3o\u201d da retirada de direitos, por ter alvitrado um acordo \u00e0 esquerda na noite das legislativas de 2015.\u00a0A candidata do BE anotou \u201cesta obsess\u00e3o\u201d de Jo\u00e3o Ferreira quanto a si, e comentou que os bloquistas n\u00e3o se enganam \u201cno opositor\u201d.<\/p>\n<p>Pelo PSD, Paulo Rangel apresentou-se como um candidato europeu de \u201cum partido moderado\u201d, e Nuno Melo reclamou para o CDS \u201ca \u00fanica escolha poss\u00edvel para quem \u00e9 de direita\u201d, nestas elei\u00e7\u00f5es.<\/p>\n<p>Pedro Marques reclamou para o PS louros dos resultados da governa\u00e7\u00e3o, com o apoio dos partidos de esquerda, como a quebra no desemprego ou a devolu\u00e7\u00e3o de rendimentos aos portugueses, \u201cmantendo contas [p\u00fablicas] saud\u00e1veis\u201d.<\/p>\n<p>Marinho e Pinto, do PDR, apresentou, logo no seu minuto inicial, duas propostas, a fixa\u00e7\u00e3o de um sal\u00e1rio m\u00ednimo europeu e de uma pens\u00e3o m\u00ednima, que n\u00e3o quantificou nem explicou.\u00a0O advogado tamb\u00e9m criticou PCP e BE por terem apoiado o Governo, \u201cestes tr\u00eas anos e meio\u201d, e de, em Estrasburgo, terem uma \u201cret\u00f3rica completamente diferente\u201d.<\/p>\n<p>De objetivos eleitorais, os dois candidatos, do PS e do PSD, n\u00e3o se comprometeram com fasquias, mas ambos querem ganhar.\u00a0Pedro Marques relativizou as sondagens que d\u00e3o ao PS um empate t\u00e9cnico com o PSD, dizendo que est\u00e3o \u00e0 frente nas inten\u00e7\u00f5es de voto, e Paulo Rangel admite que ganhar \u201cn\u00e3o \u00e9 f\u00e1cil\u201d, \u201cmas poss\u00edvel\u201d, sendo mais taxativo ao dizer: \u201cVamos subir substancialmente\u201d.<\/p>\n<\/div>\n<p><script>\/*<![CDATA[*\/function facebookInit(){var js=document.createElement('script');js.src='https:\/\/connect.facebook.net\/pt_PT\/sdk.js#xfbml=1&#038;version=v3.1&#038;appId=1708066812789184&#038;autoLogAppEvents=1';return document.body.appendChild(js);}\nwindow.onscroll=function(){var rect=document.getElementsByClassName('je-post-content')[0].getBoundingClientRect();if(rect.bottom<window.innerHeight){facebookInit();window.onscroll=null;}}\/*]]>*\/<\/script><br \/>\n<br \/>[ad_2]<br \/>\n<br \/><a href=\"https:\/\/jornaleconomico.sapo.pt\/noticias\/eleicoes-europeias-um-debate-nacionalizado-entre-populismos-e-legados-de-socrates-439447\">Source link <\/a><\/p>\n","protected":false},"excerpt":{"rendered":"<p>[ad_1] O debate de uma hora e 50 minutos, na SIC e na SIC-Not\u00edcias, moderado pelo jornalista Bento Rodrigues, op\u00f4s os cabe\u00e7as-de-lista dos seis partidos com representa\u00e7\u00e3o no Parlamento Europeu: Pedro Marques (PS), Paulo Rangel (PSD), Jo\u00e3o Ferreira (PCP), Marisa Matias (BE) e Marinho e Pinto (Partido Democr\u00e1tico Republicano \u2013 PDR). O candidato do CDS, [&hellip;]<\/p>\n","protected":false},"author":2,"featured_media":1097,"comment_status":"open","ping_status":"open","sticky":false,"template":"","format":"standard","meta":{"footnotes":""},"categories":[1],"tags":[],"class_list":["post-1096","post","type-post","status-publish","format-standard","has-post-thumbnail","hentry","category-noticias-financeiras"],"yoast_head":"<!-- This site is optimized with the Yoast SEO plugin v27.4 - https:\/\/yoast.com\/product\/yoast-seo-wordpress\/ -->\n<title>Um debate \u201cnacionalizado\u201d entre populismos e legados de S\u00f3crates \u2013 O Jornal Econ\u00f3mico - Super News<\/title>\n<meta name=\"robots\" content=\"index, follow, max-snippet:-1, max-image-preview:large, max-video-preview:-1\" \/>\n<link rel=\"canonical\" href=\"https:\/\/super-news.info\/pt\/um-debate-nacionalizado-entre-populismos-e-legados-de-socrates-o-jornal-economico\/\" \/>\n<meta property=\"og:locale\" content=\"pt_PT\" \/>\n<meta property=\"og:type\" content=\"article\" \/>\n<meta property=\"og:title\" content=\"Um debate \u201cnacionalizado\u201d entre populismos e legados de S\u00f3crates \u2013 O Jornal Econ\u00f3mico - Super News\" \/>\n<meta property=\"og:description\" content=\"[ad_1] O debate de uma hora e 50 minutos, na SIC e na SIC-Not\u00edcias, moderado pelo jornalista Bento Rodrigues, op\u00f4s os cabe\u00e7as-de-lista dos seis partidos com representa\u00e7\u00e3o no Parlamento Europeu: Pedro Marques (PS), Paulo Rangel (PSD), Jo\u00e3o Ferreira (PCP), Marisa Matias (BE) e Marinho e Pinto (Partido Democr\u00e1tico Republicano \u2013 PDR). O candidato do CDS, [&hellip;]\" \/>\n<meta property=\"og:url\" content=\"https:\/\/super-news.info\/pt\/um-debate-nacionalizado-entre-populismos-e-legados-de-socrates-o-jornal-economico\/\" \/>\n<meta property=\"og:site_name\" content=\"Super News\" \/>\n<meta property=\"article:published_time\" content=\"2019-05-02T06:02:14+00:00\" \/>\n<meta property=\"article:modified_time\" content=\"2019-05-02T06:02:16+00:00\" \/>\n<meta property=\"og:image\" content=\"https:\/\/super-news.info\/pt\/wp-content\/uploads\/sites\/2\/2019\/05\/Um-debate-\u201cnacionalizado\u201d-entre-populismos-e-legados-de-S\u00f3crates-\u2013.jpg\" \/>\n\t<meta property=\"og:image:width\" content=\"960\" \/>\n\t<meta property=\"og:image:height\" content=\"600\" \/>\n\t<meta property=\"og:image:type\" content=\"image\/jpeg\" \/>\n<meta name=\"author\" content=\"super-news\" \/>\n<meta name=\"twitter:card\" content=\"summary_large_image\" \/>\n<meta name=\"twitter:label1\" content=\"Escrito por\" \/>\n\t<meta name=\"twitter:data1\" content=\"super-news\" \/>\n\t<meta name=\"twitter:label2\" content=\"Tempo estimado de leitura\" \/>\n\t<meta name=\"twitter:data2\" content=\"3 minutos\" \/>\n<script type=\"application\/ld+json\" class=\"yoast-schema-graph\">{\"@context\":\"https:\\\/\\\/schema.org\",\"@graph\":[{\"@type\":\"Article\",\"@id\":\"https:\\\/\\\/super-news.info\\\/pt\\\/um-debate-nacionalizado-entre-populismos-e-legados-de-socrates-o-jornal-economico\\\/#article\",\"isPartOf\":{\"@id\":\"https:\\\/\\\/super-news.info\\\/pt\\\/um-debate-nacionalizado-entre-populismos-e-legados-de-socrates-o-jornal-economico\\\/\"},\"author\":{\"name\":\"super-news\",\"@id\":\"https:\\\/\\\/super-news.info\\\/pt\\\/#\\\/schema\\\/person\\\/2d4068cb2f39cd10008c2fce578a7356\"},\"headline\":\"Um debate \u201cnacionalizado\u201d entre populismos e legados de S\u00f3crates \u2013 O Jornal Econ\u00f3mico\",\"datePublished\":\"2019-05-02T06:02:14+00:00\",\"dateModified\":\"2019-05-02T06:02:16+00:00\",\"mainEntityOfPage\":{\"@id\":\"https:\\\/\\\/super-news.info\\\/pt\\\/um-debate-nacionalizado-entre-populismos-e-legados-de-socrates-o-jornal-economico\\\/\"},\"wordCount\":660,\"commentCount\":0,\"image\":{\"@id\":\"https:\\\/\\\/super-news.info\\\/pt\\\/um-debate-nacionalizado-entre-populismos-e-legados-de-socrates-o-jornal-economico\\\/#primaryimage\"},\"thumbnailUrl\":\"https:\\\/\\\/super-news.info\\\/pt\\\/wp-content\\\/uploads\\\/sites\\\/2\\\/2019\\\/05\\\/Um-debate-\u201cnacionalizado\u201d-entre-populismos-e-legados-de-S\u00f3crates-\u2013.jpg\",\"articleSection\":[\"NOT\u00cdCIAS FINANCEIRAS\"],\"inLanguage\":\"pt-PT\",\"potentialAction\":[{\"@type\":\"CommentAction\",\"name\":\"Comment\",\"target\":[\"https:\\\/\\\/super-news.info\\\/pt\\\/um-debate-nacionalizado-entre-populismos-e-legados-de-socrates-o-jornal-economico\\\/#respond\"]}]},{\"@type\":\"WebPage\",\"@id\":\"https:\\\/\\\/super-news.info\\\/pt\\\/um-debate-nacionalizado-entre-populismos-e-legados-de-socrates-o-jornal-economico\\\/\",\"url\":\"https:\\\/\\\/super-news.info\\\/pt\\\/um-debate-nacionalizado-entre-populismos-e-legados-de-socrates-o-jornal-economico\\\/\",\"name\":\"Um debate \u201cnacionalizado\u201d entre populismos e legados de S\u00f3crates \u2013 O Jornal Econ\u00f3mico - Super News\",\"isPartOf\":{\"@id\":\"https:\\\/\\\/super-news.info\\\/pt\\\/#website\"},\"primaryImageOfPage\":{\"@id\":\"https:\\\/\\\/super-news.info\\\/pt\\\/um-debate-nacionalizado-entre-populismos-e-legados-de-socrates-o-jornal-economico\\\/#primaryimage\"},\"image\":{\"@id\":\"https:\\\/\\\/super-news.info\\\/pt\\\/um-debate-nacionalizado-entre-populismos-e-legados-de-socrates-o-jornal-economico\\\/#primaryimage\"},\"thumbnailUrl\":\"https:\\\/\\\/super-news.info\\\/pt\\\/wp-content\\\/uploads\\\/sites\\\/2\\\/2019\\\/05\\\/Um-debate-\u201cnacionalizado\u201d-entre-populismos-e-legados-de-S\u00f3crates-\u2013.jpg\",\"datePublished\":\"2019-05-02T06:02:14+00:00\",\"dateModified\":\"2019-05-02T06:02:16+00:00\",\"author\":{\"@id\":\"https:\\\/\\\/super-news.info\\\/pt\\\/#\\\/schema\\\/person\\\/2d4068cb2f39cd10008c2fce578a7356\"},\"breadcrumb\":{\"@id\":\"https:\\\/\\\/super-news.info\\\/pt\\\/um-debate-nacionalizado-entre-populismos-e-legados-de-socrates-o-jornal-economico\\\/#breadcrumb\"},\"inLanguage\":\"pt-PT\",\"potentialAction\":[{\"@type\":\"ReadAction\",\"target\":[\"https:\\\/\\\/super-news.info\\\/pt\\\/um-debate-nacionalizado-entre-populismos-e-legados-de-socrates-o-jornal-economico\\\/\"]}]},{\"@type\":\"ImageObject\",\"inLanguage\":\"pt-PT\",\"@id\":\"https:\\\/\\\/super-news.info\\\/pt\\\/um-debate-nacionalizado-entre-populismos-e-legados-de-socrates-o-jornal-economico\\\/#primaryimage\",\"url\":\"https:\\\/\\\/super-news.info\\\/pt\\\/wp-content\\\/uploads\\\/sites\\\/2\\\/2019\\\/05\\\/Um-debate-\u201cnacionalizado\u201d-entre-populismos-e-legados-de-S\u00f3crates-\u2013.jpg\",\"contentUrl\":\"https:\\\/\\\/super-news.info\\\/pt\\\/wp-content\\\/uploads\\\/sites\\\/2\\\/2019\\\/05\\\/Um-debate-\u201cnacionalizado\u201d-entre-populismos-e-legados-de-S\u00f3crates-\u2013.jpg\",\"width\":960,\"height\":600,\"caption\":\"Um debate \u201cnacionalizado\u201d entre populismos e legados de S\u00f3crates \u2013 O Jornal Econ\u00f3mico\"},{\"@type\":\"BreadcrumbList\",\"@id\":\"https:\\\/\\\/super-news.info\\\/pt\\\/um-debate-nacionalizado-entre-populismos-e-legados-de-socrates-o-jornal-economico\\\/#breadcrumb\",\"itemListElement\":[{\"@type\":\"ListItem\",\"position\":1,\"name\":\"\u0413\u043b\u0430\u0432\u043d\u0430\u044f \u0441\u0442\u0440\u0430\u043d\u0438\u0446\u0430\",\"item\":\"https:\\\/\\\/super-news.info\\\/pt\\\/\"},{\"@type\":\"ListItem\",\"position\":2,\"name\":\"Um debate \u201cnacionalizado\u201d entre populismos e legados de S\u00f3crates \u2013 O Jornal Econ\u00f3mico\"}]},{\"@type\":\"WebSite\",\"@id\":\"https:\\\/\\\/super-news.info\\\/pt\\\/#website\",\"url\":\"https:\\\/\\\/super-news.info\\\/pt\\\/\",\"name\":\"Super News\",\"description\":\"Super News Portugal\",\"potentialAction\":[{\"@type\":\"SearchAction\",\"target\":{\"@type\":\"EntryPoint\",\"urlTemplate\":\"https:\\\/\\\/super-news.info\\\/pt\\\/?s={search_term_string}\"},\"query-input\":{\"@type\":\"PropertyValueSpecification\",\"valueRequired\":true,\"valueName\":\"search_term_string\"}}],\"inLanguage\":\"pt-PT\"},{\"@type\":\"Person\",\"@id\":\"https:\\\/\\\/super-news.info\\\/pt\\\/#\\\/schema\\\/person\\\/2d4068cb2f39cd10008c2fce578a7356\",\"name\":\"super-news\",\"image\":{\"@type\":\"ImageObject\",\"inLanguage\":\"pt-PT\",\"@id\":\"https:\\\/\\\/secure.gravatar.com\\\/avatar\\\/64ebac40b93f26a154f8a9b5b6fdccfc46f442b26b3dd6756dbff3bf9dc76fd7?s=96&d=mm&r=g\",\"url\":\"https:\\\/\\\/secure.gravatar.com\\\/avatar\\\/64ebac40b93f26a154f8a9b5b6fdccfc46f442b26b3dd6756dbff3bf9dc76fd7?s=96&d=mm&r=g\",\"contentUrl\":\"https:\\\/\\\/secure.gravatar.com\\\/avatar\\\/64ebac40b93f26a154f8a9b5b6fdccfc46f442b26b3dd6756dbff3bf9dc76fd7?s=96&d=mm&r=g\",\"caption\":\"super-news\"},\"url\":\"https:\\\/\\\/super-news.info\\\/pt\\\/author\\\/pt\\\/\"}]}<\/script>\n<!-- \/ Yoast SEO plugin. -->","yoast_head_json":{"title":"Um debate \u201cnacionalizado\u201d entre populismos e legados de S\u00f3crates \u2013 O Jornal Econ\u00f3mico - Super News","robots":{"index":"index","follow":"follow","max-snippet":"max-snippet:-1","max-image-preview":"max-image-preview:large","max-video-preview":"max-video-preview:-1"},"canonical":"https:\/\/super-news.info\/pt\/um-debate-nacionalizado-entre-populismos-e-legados-de-socrates-o-jornal-economico\/","og_locale":"pt_PT","og_type":"article","og_title":"Um debate \u201cnacionalizado\u201d entre populismos e legados de S\u00f3crates \u2013 O Jornal Econ\u00f3mico - Super News","og_description":"[ad_1] O debate de uma hora e 50 minutos, na SIC e na SIC-Not\u00edcias, moderado pelo jornalista Bento Rodrigues, op\u00f4s os cabe\u00e7as-de-lista dos seis partidos com representa\u00e7\u00e3o no Parlamento Europeu: Pedro Marques (PS), Paulo Rangel (PSD), Jo\u00e3o Ferreira (PCP), Marisa Matias (BE) e Marinho e Pinto (Partido Democr\u00e1tico Republicano \u2013 PDR). O candidato do CDS, [&hellip;]","og_url":"https:\/\/super-news.info\/pt\/um-debate-nacionalizado-entre-populismos-e-legados-de-socrates-o-jornal-economico\/","og_site_name":"Super News","article_published_time":"2019-05-02T06:02:14+00:00","article_modified_time":"2019-05-02T06:02:16+00:00","og_image":[{"width":960,"height":600,"url":"https:\/\/super-news.info\/pt\/wp-content\/uploads\/sites\/2\/2019\/05\/Um-debate-\u201cnacionalizado\u201d-entre-populismos-e-legados-de-S\u00f3crates-\u2013.jpg","type":"image\/jpeg"}],"author":"super-news","twitter_card":"summary_large_image","twitter_misc":{"Escrito por":"super-news","Tempo estimado de leitura":"3 minutos"},"schema":{"@context":"https:\/\/schema.org","@graph":[{"@type":"Article","@id":"https:\/\/super-news.info\/pt\/um-debate-nacionalizado-entre-populismos-e-legados-de-socrates-o-jornal-economico\/#article","isPartOf":{"@id":"https:\/\/super-news.info\/pt\/um-debate-nacionalizado-entre-populismos-e-legados-de-socrates-o-jornal-economico\/"},"author":{"name":"super-news","@id":"https:\/\/super-news.info\/pt\/#\/schema\/person\/2d4068cb2f39cd10008c2fce578a7356"},"headline":"Um debate \u201cnacionalizado\u201d entre populismos e legados de S\u00f3crates \u2013 O Jornal Econ\u00f3mico","datePublished":"2019-05-02T06:02:14+00:00","dateModified":"2019-05-02T06:02:16+00:00","mainEntityOfPage":{"@id":"https:\/\/super-news.info\/pt\/um-debate-nacionalizado-entre-populismos-e-legados-de-socrates-o-jornal-economico\/"},"wordCount":660,"commentCount":0,"image":{"@id":"https:\/\/super-news.info\/pt\/um-debate-nacionalizado-entre-populismos-e-legados-de-socrates-o-jornal-economico\/#primaryimage"},"thumbnailUrl":"https:\/\/super-news.info\/pt\/wp-content\/uploads\/sites\/2\/2019\/05\/Um-debate-\u201cnacionalizado\u201d-entre-populismos-e-legados-de-S\u00f3crates-\u2013.jpg","articleSection":["NOT\u00cdCIAS FINANCEIRAS"],"inLanguage":"pt-PT","potentialAction":[{"@type":"CommentAction","name":"Comment","target":["https:\/\/super-news.info\/pt\/um-debate-nacionalizado-entre-populismos-e-legados-de-socrates-o-jornal-economico\/#respond"]}]},{"@type":"WebPage","@id":"https:\/\/super-news.info\/pt\/um-debate-nacionalizado-entre-populismos-e-legados-de-socrates-o-jornal-economico\/","url":"https:\/\/super-news.info\/pt\/um-debate-nacionalizado-entre-populismos-e-legados-de-socrates-o-jornal-economico\/","name":"Um debate \u201cnacionalizado\u201d entre populismos e legados de S\u00f3crates \u2013 O Jornal Econ\u00f3mico - Super News","isPartOf":{"@id":"https:\/\/super-news.info\/pt\/#website"},"primaryImageOfPage":{"@id":"https:\/\/super-news.info\/pt\/um-debate-nacionalizado-entre-populismos-e-legados-de-socrates-o-jornal-economico\/#primaryimage"},"image":{"@id":"https:\/\/super-news.info\/pt\/um-debate-nacionalizado-entre-populismos-e-legados-de-socrates-o-jornal-economico\/#primaryimage"},"thumbnailUrl":"https:\/\/super-news.info\/pt\/wp-content\/uploads\/sites\/2\/2019\/05\/Um-debate-\u201cnacionalizado\u201d-entre-populismos-e-legados-de-S\u00f3crates-\u2013.jpg","datePublished":"2019-05-02T06:02:14+00:00","dateModified":"2019-05-02T06:02:16+00:00","author":{"@id":"https:\/\/super-news.info\/pt\/#\/schema\/person\/2d4068cb2f39cd10008c2fce578a7356"},"breadcrumb":{"@id":"https:\/\/super-news.info\/pt\/um-debate-nacionalizado-entre-populismos-e-legados-de-socrates-o-jornal-economico\/#breadcrumb"},"inLanguage":"pt-PT","potentialAction":[{"@type":"ReadAction","target":["https:\/\/super-news.info\/pt\/um-debate-nacionalizado-entre-populismos-e-legados-de-socrates-o-jornal-economico\/"]}]},{"@type":"ImageObject","inLanguage":"pt-PT","@id":"https:\/\/super-news.info\/pt\/um-debate-nacionalizado-entre-populismos-e-legados-de-socrates-o-jornal-economico\/#primaryimage","url":"https:\/\/super-news.info\/pt\/wp-content\/uploads\/sites\/2\/2019\/05\/Um-debate-\u201cnacionalizado\u201d-entre-populismos-e-legados-de-S\u00f3crates-\u2013.jpg","contentUrl":"https:\/\/super-news.info\/pt\/wp-content\/uploads\/sites\/2\/2019\/05\/Um-debate-\u201cnacionalizado\u201d-entre-populismos-e-legados-de-S\u00f3crates-\u2013.jpg","width":960,"height":600,"caption":"Um debate \u201cnacionalizado\u201d entre populismos e legados de S\u00f3crates \u2013 O Jornal Econ\u00f3mico"},{"@type":"BreadcrumbList","@id":"https:\/\/super-news.info\/pt\/um-debate-nacionalizado-entre-populismos-e-legados-de-socrates-o-jornal-economico\/#breadcrumb","itemListElement":[{"@type":"ListItem","position":1,"name":"\u0413\u043b\u0430\u0432\u043d\u0430\u044f \u0441\u0442\u0440\u0430\u043d\u0438\u0446\u0430","item":"https:\/\/super-news.info\/pt\/"},{"@type":"ListItem","position":2,"name":"Um debate \u201cnacionalizado\u201d entre populismos e legados de S\u00f3crates \u2013 O Jornal Econ\u00f3mico"}]},{"@type":"WebSite","@id":"https:\/\/super-news.info\/pt\/#website","url":"https:\/\/super-news.info\/pt\/","name":"Super News","description":"Super News Portugal","potentialAction":[{"@type":"SearchAction","target":{"@type":"EntryPoint","urlTemplate":"https:\/\/super-news.info\/pt\/?s={search_term_string}"},"query-input":{"@type":"PropertyValueSpecification","valueRequired":true,"valueName":"search_term_string"}}],"inLanguage":"pt-PT"},{"@type":"Person","@id":"https:\/\/super-news.info\/pt\/#\/schema\/person\/2d4068cb2f39cd10008c2fce578a7356","name":"super-news","image":{"@type":"ImageObject","inLanguage":"pt-PT","@id":"https:\/\/secure.gravatar.com\/avatar\/64ebac40b93f26a154f8a9b5b6fdccfc46f442b26b3dd6756dbff3bf9dc76fd7?s=96&d=mm&r=g","url":"https:\/\/secure.gravatar.com\/avatar\/64ebac40b93f26a154f8a9b5b6fdccfc46f442b26b3dd6756dbff3bf9dc76fd7?s=96&d=mm&r=g","contentUrl":"https:\/\/secure.gravatar.com\/avatar\/64ebac40b93f26a154f8a9b5b6fdccfc46f442b26b3dd6756dbff3bf9dc76fd7?s=96&d=mm&r=g","caption":"super-news"},"url":"https:\/\/super-news.info\/pt\/author\/pt\/"}]}},"_links":{"self":[{"href":"https:\/\/super-news.info\/pt\/wp-json\/wp\/v2\/posts\/1096","targetHints":{"allow":["GET"]}}],"collection":[{"href":"https:\/\/super-news.info\/pt\/wp-json\/wp\/v2\/posts"}],"about":[{"href":"https:\/\/super-news.info\/pt\/wp-json\/wp\/v2\/types\/post"}],"author":[{"embeddable":true,"href":"https:\/\/super-news.info\/pt\/wp-json\/wp\/v2\/users\/2"}],"replies":[{"embeddable":true,"href":"https:\/\/super-news.info\/pt\/wp-json\/wp\/v2\/comments?post=1096"}],"version-history":[{"count":1,"href":"https:\/\/super-news.info\/pt\/wp-json\/wp\/v2\/posts\/1096\/revisions"}],"predecessor-version":[{"id":1098,"href":"https:\/\/super-news.info\/pt\/wp-json\/wp\/v2\/posts\/1096\/revisions\/1098"}],"wp:featuredmedia":[{"embeddable":true,"href":"https:\/\/super-news.info\/pt\/wp-json\/wp\/v2\/media\/1097"}],"wp:attachment":[{"href":"https:\/\/super-news.info\/pt\/wp-json\/wp\/v2\/media?parent=1096"}],"wp:term":[{"taxonomy":"category","embeddable":true,"href":"https:\/\/super-news.info\/pt\/wp-json\/wp\/v2\/categories?post=1096"},{"taxonomy":"post_tag","embeddable":true,"href":"https:\/\/super-news.info\/pt\/wp-json\/wp\/v2\/tags?post=1096"}],"curies":[{"name":"wp","href":"https:\/\/api.w.org\/{rel}","templated":true}]}}