{"id":1093,"date":"2019-05-02T04:00:57","date_gmt":"2019-05-02T01:00:57","guid":{"rendered":"https:\/\/super-news.info\/pt\/vale-a-pena-pagar-para-ser-cidadao-portugues-o-jornal-economico\/"},"modified":"2019-05-02T04:01:01","modified_gmt":"2019-05-02T01:01:01","slug":"vale-a-pena-pagar-para-ser-cidadao-portugues-o-jornal-economico","status":"publish","type":"post","link":"https:\/\/super-news.info\/pt\/vale-a-pena-pagar-para-ser-cidadao-portugues-o-jornal-economico\/","title":{"rendered":"Vale a pena pagar para ser cidad\u00e3o portugu\u00eas? \u2013 O Jornal Econ\u00f3mico"},"content":{"rendered":"<p> [ad_1]<br \/>\n<\/p>\n<div>\n<p>Das poucas vezes que fui ao cinema com o meu pai, era a estreia do filme \u201cLawrence da Ar\u00e1bia\u201d. Eu teria uns 13 anos. Nunca mais esqueci o filme e o grande evento que foi ir ao cinema com o meu pai. No intervalo do filme corremos, como muitos outros espetadores, para o bar do Tivoli. Quer\u00edamos \u00e1gua. Um filme em grande parte passado no deserto fazia sede. Ingenuamente, perguntei-lhe se se pagava a \u00e1gua. Tamb\u00e9m nunca mais esqueci a resposta: na vida tudo se paga, at\u00e9 o ar que se respira. E deu como exemplo o ar que respir\u00e1vamos no hall do Tivoli.<\/p>\n<p>Lembrei-me deste epis\u00f3dio grato h\u00e1 dias quando em conversa com minha mulher fal\u00e1vamos sobre impostos, sobre o trabalho e descontos para a Seguran\u00e7a Social. Apenas uma vez na vida tinha usado o SNS, quando de um acidente em jovem, e depois nunca mais. Foi uma experi\u00eancia m\u00e9dica e administrativa\u00a0que, literalmente, deixou evit\u00e1veis marcas para a vida.<\/p>\n<p>Perguntou,\u00a0como muitos outros portugueses que n\u00e3o dependem do Estado para ter acesso a servi\u00e7os b\u00e1sicos, como \u00e9 o caso da sa\u00fade: o que \u00e9 que o Estado me d\u00e1 em troca dos impostos que me cobra? A minha resposta r\u00e1pida foi: a nacionalidade portuguesa e, por sorte, a de cidad\u00e3os da Uni\u00e3o Europeia e o privil\u00e9gio de resid\u00eancia nesses pa\u00edses. Por isso h\u00e1 quem compre a resid\u00eancia portuguesa sem esperar nada mais em troca.<\/p>\n<p>Pagamos quase tudo o resto, ao Estado ou a oligop\u00f3lios privados, por exemplo, na sa\u00fade, na energia ou nas autoestradas. O pre\u00e7o pago ao Estado \u00e9 em geral demasiado elevado para a qualidade da oferta.\u00a0Ou aquele que \u00e9 pago a empresas concession\u00e1rias do Estado cujo servi\u00e7o ao cliente \u00e9 ridiculamente mau, como por exemplo a \u00c1guas do Sado, que abrange o concelho de Set\u00fabal. A sensa\u00e7\u00e3o que se tem muitas vezes \u00e9 de incompet\u00eancia, desleixo, indiferen\u00e7a, atavismo, feudalismo, extors\u00e3o institucionalizados.<\/p>\n<p>Por outro lado, algumas institui\u00e7\u00f5es fundamentais do Estado s\u00e3o muitas vezes desconsideradas ou at\u00e9 menosprezadas, sendo-lhes recusados recursos. Estou a pensar em tr\u00eas institui\u00e7\u00f5es e setores espec\u00edficos fundamentais: as For\u00e7as Armadas, de quem esperamos a defesa e soberania nacionais, a pol\u00edcia e, na educa\u00e7\u00e3o, em particular, os professores pr\u00e9-prim\u00e1rios e prim\u00e1rios.<\/p>\n<p>N\u00e3o \u00e9 na universidade que se formam os futuros portugueses. \u00c9 na creche. Sabe-se hoje que a forma\u00e7\u00e3o do c\u00e9rebro e, consequentemente, da personalidade, tem dois momentos cruciais: at\u00e9 aos dois anos de vida e aos 15. O c\u00e9rebro continua em forte adapta\u00e7\u00e3o a novas circunst\u00e2ncias e ambientes at\u00e9 aos 25 (quando antes se pensava que a forma\u00e7\u00e3o terminava na puberdade) e a adapta\u00e7\u00e3o permanece ao longo da vida.<\/p>\n<p>A possibilidade de emigrar para qualquer pa\u00eds da UE ou de viajar com um passaporte reconhecido em todo mundo, e de ter uma sele\u00e7\u00e3o de futebol que l\u00e1 se vai safando, vale o pre\u00e7o que pagamos ao Estado para termos o privil\u00e9gio de ser portugueses? \u00c9 um neg\u00f3cio desigual em que quem se lixa \u00e9 o mais fraco. O Estado n\u00e3o corresponde dignamente ao esfor\u00e7o financeiro que \u00e9 exigido aos honrados portadores de nacionalidade portuguesa.<\/p>\n<p>S\u00e3o pois bem-vindas as iniciativas da sociedade civil, como a Ordem dos Enfermeiros \u2013 outra profiss\u00e3o fundamental e menosprezada pela qual tenho o maior respeito e gratid\u00e3o \u2013 para combater a prepot\u00eancia do Estado.<\/p>\n<p>Tal como \u00e9 bem-vinda a economia digital que permite \u00e0s organiza\u00e7\u00f5es da sociedade civil adquirirem autonomia financeira para defender direitos e melhores qualifica\u00e7\u00f5es para os portugueses. E tamb\u00e9m a necessidade de melhores sal\u00e1rios, como h\u00e1 dias defendeu o ministro da Economia, Pedro Siza Vieira.<\/p>\n<\/div>\n<p><script>\/*<![CDATA[*\/function facebookInit(){var js=document.createElement('script');js.src='https:\/\/connect.facebook.net\/pt_PT\/sdk.js#xfbml=1&#038;version=v3.1&#038;appId=1708066812789184&#038;autoLogAppEvents=1';return document.body.appendChild(js);}\nwindow.onscroll=function(){var rect=document.getElementsByClassName('je-post-content')[0].getBoundingClientRect();if(rect.bottom<window.innerHeight){facebookInit();window.onscroll=null;}}\/*]]>*\/<\/script><br \/>\n<br \/>[ad_2]<br \/>\n<br \/><a href=\"https:\/\/jornaleconomico.sapo.pt\/noticias\/vale-a-pena-pagar-para-ser-cidadao-portugues-439279\">Source link <\/a><\/p>\n","protected":false},"excerpt":{"rendered":"<p>[ad_1] Das poucas vezes que fui ao cinema com o meu pai, era a estreia do filme \u201cLawrence da Ar\u00e1bia\u201d. Eu teria uns 13 anos. Nunca mais esqueci o filme e o grande evento que foi ir ao cinema com o meu pai. No intervalo do filme corremos, como muitos outros espetadores, para o bar [&hellip;]<\/p>\n","protected":false},"author":2,"featured_media":1094,"comment_status":"open","ping_status":"open","sticky":false,"template":"","format":"standard","meta":{"footnotes":""},"categories":[1],"tags":[],"class_list":["post-1093","post","type-post","status-publish","format-standard","has-post-thumbnail","hentry","category-noticias-financeiras"],"yoast_head":"<!-- This site is optimized with the Yoast SEO plugin v27.4 - https:\/\/yoast.com\/product\/yoast-seo-wordpress\/ -->\n<title>Vale a pena pagar para ser cidad\u00e3o portugu\u00eas? \u2013 O Jornal Econ\u00f3mico - Super News<\/title>\n<meta name=\"robots\" content=\"index, follow, max-snippet:-1, max-image-preview:large, max-video-preview:-1\" \/>\n<link rel=\"canonical\" href=\"https:\/\/super-news.info\/pt\/vale-a-pena-pagar-para-ser-cidadao-portugues-o-jornal-economico\/\" \/>\n<meta property=\"og:locale\" content=\"pt_PT\" \/>\n<meta property=\"og:type\" content=\"article\" \/>\n<meta property=\"og:title\" content=\"Vale a pena pagar para ser cidad\u00e3o portugu\u00eas? \u2013 O Jornal Econ\u00f3mico - Super News\" \/>\n<meta property=\"og:description\" content=\"[ad_1] Das poucas vezes que fui ao cinema com o meu pai, era a estreia do filme \u201cLawrence da Ar\u00e1bia\u201d. Eu teria uns 13 anos. Nunca mais esqueci o filme e o grande evento que foi ir ao cinema com o meu pai. No intervalo do filme corremos, como muitos outros espetadores, para o bar [&hellip;]\" \/>\n<meta property=\"og:url\" content=\"https:\/\/super-news.info\/pt\/vale-a-pena-pagar-para-ser-cidadao-portugues-o-jornal-economico\/\" \/>\n<meta property=\"og:site_name\" content=\"Super News\" \/>\n<meta property=\"article:published_time\" content=\"2019-05-02T01:00:57+00:00\" \/>\n<meta property=\"article:modified_time\" content=\"2019-05-02T01:01:01+00:00\" \/>\n<meta property=\"og:image\" content=\"https:\/\/super-news.info\/pt\/wp-content\/uploads\/sites\/2\/2019\/05\/Vale-a-pena-pagar-para-ser-cidad\u00e3o-portugu\u00eas-\u2013-O.png\" \/>\n\t<meta property=\"og:image:width\" content=\"200\" \/>\n\t<meta property=\"og:image:height\" content=\"200\" \/>\n\t<meta property=\"og:image:type\" content=\"image\/png\" \/>\n<meta name=\"author\" content=\"super-news\" \/>\n<meta name=\"twitter:card\" content=\"summary_large_image\" \/>\n<meta name=\"twitter:label1\" content=\"Escrito por\" \/>\n\t<meta name=\"twitter:data1\" content=\"super-news\" \/>\n\t<meta name=\"twitter:label2\" content=\"Tempo estimado de leitura\" \/>\n\t<meta name=\"twitter:data2\" content=\"3 minutos\" \/>\n<script type=\"application\/ld+json\" class=\"yoast-schema-graph\">{\"@context\":\"https:\\\/\\\/schema.org\",\"@graph\":[{\"@type\":\"Article\",\"@id\":\"https:\\\/\\\/super-news.info\\\/pt\\\/vale-a-pena-pagar-para-ser-cidadao-portugues-o-jornal-economico\\\/#article\",\"isPartOf\":{\"@id\":\"https:\\\/\\\/super-news.info\\\/pt\\\/vale-a-pena-pagar-para-ser-cidadao-portugues-o-jornal-economico\\\/\"},\"author\":{\"name\":\"super-news\",\"@id\":\"https:\\\/\\\/super-news.info\\\/pt\\\/#\\\/schema\\\/person\\\/2d4068cb2f39cd10008c2fce578a7356\"},\"headline\":\"Vale a pena pagar para ser cidad\u00e3o portugu\u00eas? \u2013 O Jornal Econ\u00f3mico\",\"datePublished\":\"2019-05-02T01:00:57+00:00\",\"dateModified\":\"2019-05-02T01:01:01+00:00\",\"mainEntityOfPage\":{\"@id\":\"https:\\\/\\\/super-news.info\\\/pt\\\/vale-a-pena-pagar-para-ser-cidadao-portugues-o-jornal-economico\\\/\"},\"wordCount\":656,\"commentCount\":0,\"image\":{\"@id\":\"https:\\\/\\\/super-news.info\\\/pt\\\/vale-a-pena-pagar-para-ser-cidadao-portugues-o-jornal-economico\\\/#primaryimage\"},\"thumbnailUrl\":\"https:\\\/\\\/super-news.info\\\/pt\\\/wp-content\\\/uploads\\\/sites\\\/2\\\/2019\\\/05\\\/Vale-a-pena-pagar-para-ser-cidad\u00e3o-portugu\u00eas-\u2013-O.png\",\"articleSection\":[\"NOT\u00cdCIAS FINANCEIRAS\"],\"inLanguage\":\"pt-PT\",\"potentialAction\":[{\"@type\":\"CommentAction\",\"name\":\"Comment\",\"target\":[\"https:\\\/\\\/super-news.info\\\/pt\\\/vale-a-pena-pagar-para-ser-cidadao-portugues-o-jornal-economico\\\/#respond\"]}]},{\"@type\":\"WebPage\",\"@id\":\"https:\\\/\\\/super-news.info\\\/pt\\\/vale-a-pena-pagar-para-ser-cidadao-portugues-o-jornal-economico\\\/\",\"url\":\"https:\\\/\\\/super-news.info\\\/pt\\\/vale-a-pena-pagar-para-ser-cidadao-portugues-o-jornal-economico\\\/\",\"name\":\"Vale a pena pagar para ser cidad\u00e3o portugu\u00eas? \u2013 O Jornal Econ\u00f3mico - Super News\",\"isPartOf\":{\"@id\":\"https:\\\/\\\/super-news.info\\\/pt\\\/#website\"},\"primaryImageOfPage\":{\"@id\":\"https:\\\/\\\/super-news.info\\\/pt\\\/vale-a-pena-pagar-para-ser-cidadao-portugues-o-jornal-economico\\\/#primaryimage\"},\"image\":{\"@id\":\"https:\\\/\\\/super-news.info\\\/pt\\\/vale-a-pena-pagar-para-ser-cidadao-portugues-o-jornal-economico\\\/#primaryimage\"},\"thumbnailUrl\":\"https:\\\/\\\/super-news.info\\\/pt\\\/wp-content\\\/uploads\\\/sites\\\/2\\\/2019\\\/05\\\/Vale-a-pena-pagar-para-ser-cidad\u00e3o-portugu\u00eas-\u2013-O.png\",\"datePublished\":\"2019-05-02T01:00:57+00:00\",\"dateModified\":\"2019-05-02T01:01:01+00:00\",\"author\":{\"@id\":\"https:\\\/\\\/super-news.info\\\/pt\\\/#\\\/schema\\\/person\\\/2d4068cb2f39cd10008c2fce578a7356\"},\"breadcrumb\":{\"@id\":\"https:\\\/\\\/super-news.info\\\/pt\\\/vale-a-pena-pagar-para-ser-cidadao-portugues-o-jornal-economico\\\/#breadcrumb\"},\"inLanguage\":\"pt-PT\",\"potentialAction\":[{\"@type\":\"ReadAction\",\"target\":[\"https:\\\/\\\/super-news.info\\\/pt\\\/vale-a-pena-pagar-para-ser-cidadao-portugues-o-jornal-economico\\\/\"]}]},{\"@type\":\"ImageObject\",\"inLanguage\":\"pt-PT\",\"@id\":\"https:\\\/\\\/super-news.info\\\/pt\\\/vale-a-pena-pagar-para-ser-cidadao-portugues-o-jornal-economico\\\/#primaryimage\",\"url\":\"https:\\\/\\\/super-news.info\\\/pt\\\/wp-content\\\/uploads\\\/sites\\\/2\\\/2019\\\/05\\\/Vale-a-pena-pagar-para-ser-cidad\u00e3o-portugu\u00eas-\u2013-O.png\",\"contentUrl\":\"https:\\\/\\\/super-news.info\\\/pt\\\/wp-content\\\/uploads\\\/sites\\\/2\\\/2019\\\/05\\\/Vale-a-pena-pagar-para-ser-cidad\u00e3o-portugu\u00eas-\u2013-O.png\",\"width\":200,\"height\":200,\"caption\":\"Vale a pena pagar para ser cidad\u00e3o portugu\u00eas? \u2013 O Jornal Econ\u00f3mico\"},{\"@type\":\"BreadcrumbList\",\"@id\":\"https:\\\/\\\/super-news.info\\\/pt\\\/vale-a-pena-pagar-para-ser-cidadao-portugues-o-jornal-economico\\\/#breadcrumb\",\"itemListElement\":[{\"@type\":\"ListItem\",\"position\":1,\"name\":\"\u0413\u043b\u0430\u0432\u043d\u0430\u044f \u0441\u0442\u0440\u0430\u043d\u0438\u0446\u0430\",\"item\":\"https:\\\/\\\/super-news.info\\\/pt\\\/\"},{\"@type\":\"ListItem\",\"position\":2,\"name\":\"Vale a pena pagar para ser cidad\u00e3o portugu\u00eas? \u2013 O Jornal Econ\u00f3mico\"}]},{\"@type\":\"WebSite\",\"@id\":\"https:\\\/\\\/super-news.info\\\/pt\\\/#website\",\"url\":\"https:\\\/\\\/super-news.info\\\/pt\\\/\",\"name\":\"Super News\",\"description\":\"Super News Portugal\",\"potentialAction\":[{\"@type\":\"SearchAction\",\"target\":{\"@type\":\"EntryPoint\",\"urlTemplate\":\"https:\\\/\\\/super-news.info\\\/pt\\\/?s={search_term_string}\"},\"query-input\":{\"@type\":\"PropertyValueSpecification\",\"valueRequired\":true,\"valueName\":\"search_term_string\"}}],\"inLanguage\":\"pt-PT\"},{\"@type\":\"Person\",\"@id\":\"https:\\\/\\\/super-news.info\\\/pt\\\/#\\\/schema\\\/person\\\/2d4068cb2f39cd10008c2fce578a7356\",\"name\":\"super-news\",\"image\":{\"@type\":\"ImageObject\",\"inLanguage\":\"pt-PT\",\"@id\":\"https:\\\/\\\/secure.gravatar.com\\\/avatar\\\/64ebac40b93f26a154f8a9b5b6fdccfc46f442b26b3dd6756dbff3bf9dc76fd7?s=96&d=mm&r=g\",\"url\":\"https:\\\/\\\/secure.gravatar.com\\\/avatar\\\/64ebac40b93f26a154f8a9b5b6fdccfc46f442b26b3dd6756dbff3bf9dc76fd7?s=96&d=mm&r=g\",\"contentUrl\":\"https:\\\/\\\/secure.gravatar.com\\\/avatar\\\/64ebac40b93f26a154f8a9b5b6fdccfc46f442b26b3dd6756dbff3bf9dc76fd7?s=96&d=mm&r=g\",\"caption\":\"super-news\"},\"url\":\"https:\\\/\\\/super-news.info\\\/pt\\\/author\\\/pt\\\/\"}]}<\/script>\n<!-- \/ Yoast SEO plugin. -->","yoast_head_json":{"title":"Vale a pena pagar para ser cidad\u00e3o portugu\u00eas? \u2013 O Jornal Econ\u00f3mico - Super News","robots":{"index":"index","follow":"follow","max-snippet":"max-snippet:-1","max-image-preview":"max-image-preview:large","max-video-preview":"max-video-preview:-1"},"canonical":"https:\/\/super-news.info\/pt\/vale-a-pena-pagar-para-ser-cidadao-portugues-o-jornal-economico\/","og_locale":"pt_PT","og_type":"article","og_title":"Vale a pena pagar para ser cidad\u00e3o portugu\u00eas? \u2013 O Jornal Econ\u00f3mico - Super News","og_description":"[ad_1] Das poucas vezes que fui ao cinema com o meu pai, era a estreia do filme \u201cLawrence da Ar\u00e1bia\u201d. Eu teria uns 13 anos. Nunca mais esqueci o filme e o grande evento que foi ir ao cinema com o meu pai. No intervalo do filme corremos, como muitos outros espetadores, para o bar [&hellip;]","og_url":"https:\/\/super-news.info\/pt\/vale-a-pena-pagar-para-ser-cidadao-portugues-o-jornal-economico\/","og_site_name":"Super News","article_published_time":"2019-05-02T01:00:57+00:00","article_modified_time":"2019-05-02T01:01:01+00:00","og_image":[{"width":200,"height":200,"url":"https:\/\/super-news.info\/pt\/wp-content\/uploads\/sites\/2\/2019\/05\/Vale-a-pena-pagar-para-ser-cidad\u00e3o-portugu\u00eas-\u2013-O.png","type":"image\/png"}],"author":"super-news","twitter_card":"summary_large_image","twitter_misc":{"Escrito por":"super-news","Tempo estimado de leitura":"3 minutos"},"schema":{"@context":"https:\/\/schema.org","@graph":[{"@type":"Article","@id":"https:\/\/super-news.info\/pt\/vale-a-pena-pagar-para-ser-cidadao-portugues-o-jornal-economico\/#article","isPartOf":{"@id":"https:\/\/super-news.info\/pt\/vale-a-pena-pagar-para-ser-cidadao-portugues-o-jornal-economico\/"},"author":{"name":"super-news","@id":"https:\/\/super-news.info\/pt\/#\/schema\/person\/2d4068cb2f39cd10008c2fce578a7356"},"headline":"Vale a pena pagar para ser cidad\u00e3o portugu\u00eas? \u2013 O Jornal Econ\u00f3mico","datePublished":"2019-05-02T01:00:57+00:00","dateModified":"2019-05-02T01:01:01+00:00","mainEntityOfPage":{"@id":"https:\/\/super-news.info\/pt\/vale-a-pena-pagar-para-ser-cidadao-portugues-o-jornal-economico\/"},"wordCount":656,"commentCount":0,"image":{"@id":"https:\/\/super-news.info\/pt\/vale-a-pena-pagar-para-ser-cidadao-portugues-o-jornal-economico\/#primaryimage"},"thumbnailUrl":"https:\/\/super-news.info\/pt\/wp-content\/uploads\/sites\/2\/2019\/05\/Vale-a-pena-pagar-para-ser-cidad\u00e3o-portugu\u00eas-\u2013-O.png","articleSection":["NOT\u00cdCIAS FINANCEIRAS"],"inLanguage":"pt-PT","potentialAction":[{"@type":"CommentAction","name":"Comment","target":["https:\/\/super-news.info\/pt\/vale-a-pena-pagar-para-ser-cidadao-portugues-o-jornal-economico\/#respond"]}]},{"@type":"WebPage","@id":"https:\/\/super-news.info\/pt\/vale-a-pena-pagar-para-ser-cidadao-portugues-o-jornal-economico\/","url":"https:\/\/super-news.info\/pt\/vale-a-pena-pagar-para-ser-cidadao-portugues-o-jornal-economico\/","name":"Vale a pena pagar para ser cidad\u00e3o portugu\u00eas? \u2013 O Jornal Econ\u00f3mico - Super News","isPartOf":{"@id":"https:\/\/super-news.info\/pt\/#website"},"primaryImageOfPage":{"@id":"https:\/\/super-news.info\/pt\/vale-a-pena-pagar-para-ser-cidadao-portugues-o-jornal-economico\/#primaryimage"},"image":{"@id":"https:\/\/super-news.info\/pt\/vale-a-pena-pagar-para-ser-cidadao-portugues-o-jornal-economico\/#primaryimage"},"thumbnailUrl":"https:\/\/super-news.info\/pt\/wp-content\/uploads\/sites\/2\/2019\/05\/Vale-a-pena-pagar-para-ser-cidad\u00e3o-portugu\u00eas-\u2013-O.png","datePublished":"2019-05-02T01:00:57+00:00","dateModified":"2019-05-02T01:01:01+00:00","author":{"@id":"https:\/\/super-news.info\/pt\/#\/schema\/person\/2d4068cb2f39cd10008c2fce578a7356"},"breadcrumb":{"@id":"https:\/\/super-news.info\/pt\/vale-a-pena-pagar-para-ser-cidadao-portugues-o-jornal-economico\/#breadcrumb"},"inLanguage":"pt-PT","potentialAction":[{"@type":"ReadAction","target":["https:\/\/super-news.info\/pt\/vale-a-pena-pagar-para-ser-cidadao-portugues-o-jornal-economico\/"]}]},{"@type":"ImageObject","inLanguage":"pt-PT","@id":"https:\/\/super-news.info\/pt\/vale-a-pena-pagar-para-ser-cidadao-portugues-o-jornal-economico\/#primaryimage","url":"https:\/\/super-news.info\/pt\/wp-content\/uploads\/sites\/2\/2019\/05\/Vale-a-pena-pagar-para-ser-cidad\u00e3o-portugu\u00eas-\u2013-O.png","contentUrl":"https:\/\/super-news.info\/pt\/wp-content\/uploads\/sites\/2\/2019\/05\/Vale-a-pena-pagar-para-ser-cidad\u00e3o-portugu\u00eas-\u2013-O.png","width":200,"height":200,"caption":"Vale a pena pagar para ser cidad\u00e3o portugu\u00eas? \u2013 O Jornal Econ\u00f3mico"},{"@type":"BreadcrumbList","@id":"https:\/\/super-news.info\/pt\/vale-a-pena-pagar-para-ser-cidadao-portugues-o-jornal-economico\/#breadcrumb","itemListElement":[{"@type":"ListItem","position":1,"name":"\u0413\u043b\u0430\u0432\u043d\u0430\u044f \u0441\u0442\u0440\u0430\u043d\u0438\u0446\u0430","item":"https:\/\/super-news.info\/pt\/"},{"@type":"ListItem","position":2,"name":"Vale a pena pagar para ser cidad\u00e3o portugu\u00eas? \u2013 O Jornal Econ\u00f3mico"}]},{"@type":"WebSite","@id":"https:\/\/super-news.info\/pt\/#website","url":"https:\/\/super-news.info\/pt\/","name":"Super News","description":"Super News Portugal","potentialAction":[{"@type":"SearchAction","target":{"@type":"EntryPoint","urlTemplate":"https:\/\/super-news.info\/pt\/?s={search_term_string}"},"query-input":{"@type":"PropertyValueSpecification","valueRequired":true,"valueName":"search_term_string"}}],"inLanguage":"pt-PT"},{"@type":"Person","@id":"https:\/\/super-news.info\/pt\/#\/schema\/person\/2d4068cb2f39cd10008c2fce578a7356","name":"super-news","image":{"@type":"ImageObject","inLanguage":"pt-PT","@id":"https:\/\/secure.gravatar.com\/avatar\/64ebac40b93f26a154f8a9b5b6fdccfc46f442b26b3dd6756dbff3bf9dc76fd7?s=96&d=mm&r=g","url":"https:\/\/secure.gravatar.com\/avatar\/64ebac40b93f26a154f8a9b5b6fdccfc46f442b26b3dd6756dbff3bf9dc76fd7?s=96&d=mm&r=g","contentUrl":"https:\/\/secure.gravatar.com\/avatar\/64ebac40b93f26a154f8a9b5b6fdccfc46f442b26b3dd6756dbff3bf9dc76fd7?s=96&d=mm&r=g","caption":"super-news"},"url":"https:\/\/super-news.info\/pt\/author\/pt\/"}]}},"_links":{"self":[{"href":"https:\/\/super-news.info\/pt\/wp-json\/wp\/v2\/posts\/1093","targetHints":{"allow":["GET"]}}],"collection":[{"href":"https:\/\/super-news.info\/pt\/wp-json\/wp\/v2\/posts"}],"about":[{"href":"https:\/\/super-news.info\/pt\/wp-json\/wp\/v2\/types\/post"}],"author":[{"embeddable":true,"href":"https:\/\/super-news.info\/pt\/wp-json\/wp\/v2\/users\/2"}],"replies":[{"embeddable":true,"href":"https:\/\/super-news.info\/pt\/wp-json\/wp\/v2\/comments?post=1093"}],"version-history":[{"count":1,"href":"https:\/\/super-news.info\/pt\/wp-json\/wp\/v2\/posts\/1093\/revisions"}],"predecessor-version":[{"id":1095,"href":"https:\/\/super-news.info\/pt\/wp-json\/wp\/v2\/posts\/1093\/revisions\/1095"}],"wp:featuredmedia":[{"embeddable":true,"href":"https:\/\/super-news.info\/pt\/wp-json\/wp\/v2\/media\/1094"}],"wp:attachment":[{"href":"https:\/\/super-news.info\/pt\/wp-json\/wp\/v2\/media?parent=1093"}],"wp:term":[{"taxonomy":"category","embeddable":true,"href":"https:\/\/super-news.info\/pt\/wp-json\/wp\/v2\/categories?post=1093"},{"taxonomy":"post_tag","embeddable":true,"href":"https:\/\/super-news.info\/pt\/wp-json\/wp\/v2\/tags?post=1093"}],"curies":[{"name":"wp","href":"https:\/\/api.w.org\/{rel}","templated":true}]}}