{"id":1087,"date":"2019-05-01T23:52:30","date_gmt":"2019-05-01T20:52:30","guid":{"rendered":"https:\/\/super-news.info\/pt\/subida-da-apple-nao-segura-wall-street-o-jornal-economico\/"},"modified":"2019-05-01T23:52:31","modified_gmt":"2019-05-01T20:52:31","slug":"subida-da-apple-nao-segura-wall-street-o-jornal-economico","status":"publish","type":"post","link":"https:\/\/super-news.info\/pt\/subida-da-apple-nao-segura-wall-street-o-jornal-economico\/","title":{"rendered":"Subida da Apple n\u00e3o segura Wall Street \u2013 O Jornal Econ\u00f3mico"},"content":{"rendered":"<p> [ad_1]<br \/>\n<\/p>\n<div>\n<p>As a\u00e7\u00f5es da Apple fecharam a subir\u00a04,91%, depois de ter anunciado os seus resultados do trimestre.\u00a0O segmento dos servi\u00e7os da Apple gerou receitas recorde, ascendendo aos 11,5 mil milh\u00f5es de d\u00f3lares. Este segmento inclui a Apple Music, a App Store (a loja de aplica\u00e7\u00f5es da Apple) e a Apple TV +, o servi\u00e7o de streaming anunciado este ano e que vai rivalizar com a Netflix.<\/p>\n<p>As receitas recuaram 5,1% para 58 mil milh\u00f5es de d\u00f3lares, mas superaram as estimativas dos analistas auscultados pela Bloomberg, que estimavam um volume de neg\u00f3cios de 57,5 mil milh\u00f5es de d\u00f3lares. J\u00e1 os lucros desceram para 11,6 mil milh\u00f5es, ou 2,46 d\u00f3lares por a\u00e7\u00e3o, quando os analistas previam 2,37 d\u00f3lares por t\u00edtulo.<\/p>\n<p>Mas apesar disso os \u00edndices de Wall Street fecharam em queda. O\u00a0Dow Jones Industrial Average caiu\u00a00,61% para\u00a026.430,14 pontos; o Nasdaq recuou\u00a00,38% para\u00a07.751,85 pontos e o S&amp;P 500 perdeu\u00a00,75% para\u00a02.923,73 pontos.<\/p>\n<p>O Nasdaq foi penalizado pela queda da matriz do Google que esta semana apresentou resultados. As a\u00e7\u00f5es da Alphabet ca\u00edram\u00a02,14%.<\/p>\n<p>A terceira reuni\u00e3o da Fed marcou o passo de Wall Street.\u00a0A Fed, banco central norte-americano, manteve as taxas de juro inalteradas e garante que aguarda por um crescimento \u201cs\u00f3lido\u201d da economia dos Estados Unidos. Ignorando as\u00a0recomenda\u00e7\u00f5es do presidente dos Estados Unidos, Donald Trump, que quer acelerar a atividade econ\u00f3mica baixando as taxas, a Fed manteve, por decis\u00e3o un\u00e2nime, as taxas num intervalo de 2,25% a 2,50%.<\/p>\n<p>Hoje a Europa esteve parada com o feriado do dia do trabalhador, mas nem por isso os investidores viraram os \u00edmpetos compradores para os Estados Unidos.<\/p>\n<p>Noutros mercados, o petr\u00f3leo crude West Texas no mercado norte-americano cai 0,58% para 63,54 d\u00f3lares, ao passo que o Brent, refer\u00eancia na Europa, sobe 0,06% para 72,10 d\u00f3lares o barril.<\/p>\n<p>O euro cai 0,20% para 1,1193 d\u00f3lares.<\/p>\n<\/div>\n<p><script>\/*<![CDATA[*\/function facebookInit(){var js=document.createElement('script');js.src='https:\/\/connect.facebook.net\/pt_PT\/sdk.js#xfbml=1&#038;version=v3.1&#038;appId=1708066812789184&#038;autoLogAppEvents=1';return document.body.appendChild(js);}\nwindow.onscroll=function(){var rect=document.getElementsByClassName('je-post-content')[0].getBoundingClientRect();if(rect.bottom<window.innerHeight){facebookInit();window.onscroll=null;}}\/*]]>*\/<\/script><br \/>\n<br \/>[ad_2]<br \/>\n<br \/><a href=\"https:\/\/jornaleconomico.sapo.pt\/noticias\/subida-da-apple-nao-segura-wall-street-439401\">Source link <\/a><\/p>\n","protected":false},"excerpt":{"rendered":"<p>[ad_1] As a\u00e7\u00f5es da Apple fecharam a subir\u00a04,91%, depois de ter anunciado os seus resultados do trimestre.\u00a0O segmento dos servi\u00e7os da Apple gerou receitas recorde, ascendendo aos 11,5 mil milh\u00f5es de d\u00f3lares. Este segmento inclui a Apple Music, a App Store (a loja de aplica\u00e7\u00f5es da Apple) e a Apple TV +, o servi\u00e7o de [&hellip;]<\/p>\n","protected":false},"author":2,"featured_media":1088,"comment_status":"open","ping_status":"open","sticky":false,"template":"","format":"standard","meta":{"footnotes":""},"categories":[1],"tags":[],"class_list":["post-1087","post","type-post","status-publish","format-standard","has-post-thumbnail","hentry","category-noticias-financeiras"],"yoast_head":"<!-- This site is optimized with the Yoast SEO plugin v27.4 - https:\/\/yoast.com\/product\/yoast-seo-wordpress\/ -->\n<title>Subida da Apple n\u00e3o segura Wall Street \u2013 O Jornal Econ\u00f3mico - Super News<\/title>\n<meta name=\"robots\" content=\"index, follow, max-snippet:-1, max-image-preview:large, max-video-preview:-1\" \/>\n<link rel=\"canonical\" href=\"https:\/\/super-news.info\/pt\/subida-da-apple-nao-segura-wall-street-o-jornal-economico\/\" \/>\n<meta property=\"og:locale\" content=\"pt_PT\" \/>\n<meta property=\"og:type\" content=\"article\" \/>\n<meta property=\"og:title\" content=\"Subida da Apple n\u00e3o segura Wall Street \u2013 O Jornal Econ\u00f3mico - Super News\" \/>\n<meta property=\"og:description\" content=\"[ad_1] As a\u00e7\u00f5es da Apple fecharam a subir\u00a04,91%, depois de ter anunciado os seus resultados do trimestre.\u00a0O segmento dos servi\u00e7os da Apple gerou receitas recorde, ascendendo aos 11,5 mil milh\u00f5es de d\u00f3lares. Este segmento inclui a Apple Music, a App Store (a loja de aplica\u00e7\u00f5es da Apple) e a Apple TV +, o servi\u00e7o de [&hellip;]\" \/>\n<meta property=\"og:url\" content=\"https:\/\/super-news.info\/pt\/subida-da-apple-nao-segura-wall-street-o-jornal-economico\/\" \/>\n<meta property=\"og:site_name\" content=\"Super News\" \/>\n<meta property=\"article:published_time\" content=\"2019-05-01T20:52:30+00:00\" \/>\n<meta property=\"article:modified_time\" content=\"2019-05-01T20:52:31+00:00\" \/>\n<meta property=\"og:image\" content=\"https:\/\/super-news.info\/pt\/wp-content\/uploads\/sites\/2\/2019\/05\/Subida-da-Apple-n\u00e3o-segura-Wall-Street-\u2013-O-Jornal.jpg\" \/>\n\t<meta property=\"og:image:width\" content=\"960\" \/>\n\t<meta property=\"og:image:height\" content=\"600\" \/>\n\t<meta property=\"og:image:type\" content=\"image\/jpeg\" \/>\n<meta name=\"author\" content=\"super-news\" \/>\n<meta name=\"twitter:card\" content=\"summary_large_image\" \/>\n<meta name=\"twitter:label1\" content=\"Escrito por\" \/>\n\t<meta name=\"twitter:data1\" content=\"super-news\" \/>\n\t<meta name=\"twitter:label2\" content=\"Tempo estimado de leitura\" \/>\n\t<meta name=\"twitter:data2\" content=\"2 minutos\" \/>\n<script type=\"application\/ld+json\" class=\"yoast-schema-graph\">{\"@context\":\"https:\\\/\\\/schema.org\",\"@graph\":[{\"@type\":\"Article\",\"@id\":\"https:\\\/\\\/super-news.info\\\/pt\\\/subida-da-apple-nao-segura-wall-street-o-jornal-economico\\\/#article\",\"isPartOf\":{\"@id\":\"https:\\\/\\\/super-news.info\\\/pt\\\/subida-da-apple-nao-segura-wall-street-o-jornal-economico\\\/\"},\"author\":{\"name\":\"super-news\",\"@id\":\"https:\\\/\\\/super-news.info\\\/pt\\\/#\\\/schema\\\/person\\\/2d4068cb2f39cd10008c2fce578a7356\"},\"headline\":\"Subida da Apple n\u00e3o segura Wall Street \u2013 O Jornal Econ\u00f3mico\",\"datePublished\":\"2019-05-01T20:52:30+00:00\",\"dateModified\":\"2019-05-01T20:52:31+00:00\",\"mainEntityOfPage\":{\"@id\":\"https:\\\/\\\/super-news.info\\\/pt\\\/subida-da-apple-nao-segura-wall-street-o-jornal-economico\\\/\"},\"wordCount\":330,\"commentCount\":0,\"image\":{\"@id\":\"https:\\\/\\\/super-news.info\\\/pt\\\/subida-da-apple-nao-segura-wall-street-o-jornal-economico\\\/#primaryimage\"},\"thumbnailUrl\":\"https:\\\/\\\/super-news.info\\\/pt\\\/wp-content\\\/uploads\\\/sites\\\/2\\\/2019\\\/05\\\/Subida-da-Apple-n\u00e3o-segura-Wall-Street-\u2013-O-Jornal.jpg\",\"articleSection\":[\"NOT\u00cdCIAS FINANCEIRAS\"],\"inLanguage\":\"pt-PT\",\"potentialAction\":[{\"@type\":\"CommentAction\",\"name\":\"Comment\",\"target\":[\"https:\\\/\\\/super-news.info\\\/pt\\\/subida-da-apple-nao-segura-wall-street-o-jornal-economico\\\/#respond\"]}]},{\"@type\":\"WebPage\",\"@id\":\"https:\\\/\\\/super-news.info\\\/pt\\\/subida-da-apple-nao-segura-wall-street-o-jornal-economico\\\/\",\"url\":\"https:\\\/\\\/super-news.info\\\/pt\\\/subida-da-apple-nao-segura-wall-street-o-jornal-economico\\\/\",\"name\":\"Subida da Apple n\u00e3o segura Wall Street \u2013 O Jornal Econ\u00f3mico - Super News\",\"isPartOf\":{\"@id\":\"https:\\\/\\\/super-news.info\\\/pt\\\/#website\"},\"primaryImageOfPage\":{\"@id\":\"https:\\\/\\\/super-news.info\\\/pt\\\/subida-da-apple-nao-segura-wall-street-o-jornal-economico\\\/#primaryimage\"},\"image\":{\"@id\":\"https:\\\/\\\/super-news.info\\\/pt\\\/subida-da-apple-nao-segura-wall-street-o-jornal-economico\\\/#primaryimage\"},\"thumbnailUrl\":\"https:\\\/\\\/super-news.info\\\/pt\\\/wp-content\\\/uploads\\\/sites\\\/2\\\/2019\\\/05\\\/Subida-da-Apple-n\u00e3o-segura-Wall-Street-\u2013-O-Jornal.jpg\",\"datePublished\":\"2019-05-01T20:52:30+00:00\",\"dateModified\":\"2019-05-01T20:52:31+00:00\",\"author\":{\"@id\":\"https:\\\/\\\/super-news.info\\\/pt\\\/#\\\/schema\\\/person\\\/2d4068cb2f39cd10008c2fce578a7356\"},\"breadcrumb\":{\"@id\":\"https:\\\/\\\/super-news.info\\\/pt\\\/subida-da-apple-nao-segura-wall-street-o-jornal-economico\\\/#breadcrumb\"},\"inLanguage\":\"pt-PT\",\"potentialAction\":[{\"@type\":\"ReadAction\",\"target\":[\"https:\\\/\\\/super-news.info\\\/pt\\\/subida-da-apple-nao-segura-wall-street-o-jornal-economico\\\/\"]}]},{\"@type\":\"ImageObject\",\"inLanguage\":\"pt-PT\",\"@id\":\"https:\\\/\\\/super-news.info\\\/pt\\\/subida-da-apple-nao-segura-wall-street-o-jornal-economico\\\/#primaryimage\",\"url\":\"https:\\\/\\\/super-news.info\\\/pt\\\/wp-content\\\/uploads\\\/sites\\\/2\\\/2019\\\/05\\\/Subida-da-Apple-n\u00e3o-segura-Wall-Street-\u2013-O-Jornal.jpg\",\"contentUrl\":\"https:\\\/\\\/super-news.info\\\/pt\\\/wp-content\\\/uploads\\\/sites\\\/2\\\/2019\\\/05\\\/Subida-da-Apple-n\u00e3o-segura-Wall-Street-\u2013-O-Jornal.jpg\",\"width\":960,\"height\":600,\"caption\":\"Subida da Apple n\u00e3o segura Wall Street \u2013 O Jornal Econ\u00f3mico\"},{\"@type\":\"BreadcrumbList\",\"@id\":\"https:\\\/\\\/super-news.info\\\/pt\\\/subida-da-apple-nao-segura-wall-street-o-jornal-economico\\\/#breadcrumb\",\"itemListElement\":[{\"@type\":\"ListItem\",\"position\":1,\"name\":\"\u0413\u043b\u0430\u0432\u043d\u0430\u044f \u0441\u0442\u0440\u0430\u043d\u0438\u0446\u0430\",\"item\":\"https:\\\/\\\/super-news.info\\\/pt\\\/\"},{\"@type\":\"ListItem\",\"position\":2,\"name\":\"Subida da Apple n\u00e3o segura Wall Street \u2013 O Jornal Econ\u00f3mico\"}]},{\"@type\":\"WebSite\",\"@id\":\"https:\\\/\\\/super-news.info\\\/pt\\\/#website\",\"url\":\"https:\\\/\\\/super-news.info\\\/pt\\\/\",\"name\":\"Super News\",\"description\":\"Super News Portugal\",\"potentialAction\":[{\"@type\":\"SearchAction\",\"target\":{\"@type\":\"EntryPoint\",\"urlTemplate\":\"https:\\\/\\\/super-news.info\\\/pt\\\/?s={search_term_string}\"},\"query-input\":{\"@type\":\"PropertyValueSpecification\",\"valueRequired\":true,\"valueName\":\"search_term_string\"}}],\"inLanguage\":\"pt-PT\"},{\"@type\":\"Person\",\"@id\":\"https:\\\/\\\/super-news.info\\\/pt\\\/#\\\/schema\\\/person\\\/2d4068cb2f39cd10008c2fce578a7356\",\"name\":\"super-news\",\"image\":{\"@type\":\"ImageObject\",\"inLanguage\":\"pt-PT\",\"@id\":\"https:\\\/\\\/secure.gravatar.com\\\/avatar\\\/64ebac40b93f26a154f8a9b5b6fdccfc46f442b26b3dd6756dbff3bf9dc76fd7?s=96&d=mm&r=g\",\"url\":\"https:\\\/\\\/secure.gravatar.com\\\/avatar\\\/64ebac40b93f26a154f8a9b5b6fdccfc46f442b26b3dd6756dbff3bf9dc76fd7?s=96&d=mm&r=g\",\"contentUrl\":\"https:\\\/\\\/secure.gravatar.com\\\/avatar\\\/64ebac40b93f26a154f8a9b5b6fdccfc46f442b26b3dd6756dbff3bf9dc76fd7?s=96&d=mm&r=g\",\"caption\":\"super-news\"},\"url\":\"https:\\\/\\\/super-news.info\\\/pt\\\/author\\\/pt\\\/\"}]}<\/script>\n<!-- \/ Yoast SEO plugin. -->","yoast_head_json":{"title":"Subida da Apple n\u00e3o segura Wall Street \u2013 O Jornal Econ\u00f3mico - Super News","robots":{"index":"index","follow":"follow","max-snippet":"max-snippet:-1","max-image-preview":"max-image-preview:large","max-video-preview":"max-video-preview:-1"},"canonical":"https:\/\/super-news.info\/pt\/subida-da-apple-nao-segura-wall-street-o-jornal-economico\/","og_locale":"pt_PT","og_type":"article","og_title":"Subida da Apple n\u00e3o segura Wall Street \u2013 O Jornal Econ\u00f3mico - Super News","og_description":"[ad_1] As a\u00e7\u00f5es da Apple fecharam a subir\u00a04,91%, depois de ter anunciado os seus resultados do trimestre.\u00a0O segmento dos servi\u00e7os da Apple gerou receitas recorde, ascendendo aos 11,5 mil milh\u00f5es de d\u00f3lares. Este segmento inclui a Apple Music, a App Store (a loja de aplica\u00e7\u00f5es da Apple) e a Apple TV +, o servi\u00e7o de [&hellip;]","og_url":"https:\/\/super-news.info\/pt\/subida-da-apple-nao-segura-wall-street-o-jornal-economico\/","og_site_name":"Super News","article_published_time":"2019-05-01T20:52:30+00:00","article_modified_time":"2019-05-01T20:52:31+00:00","og_image":[{"width":960,"height":600,"url":"https:\/\/super-news.info\/pt\/wp-content\/uploads\/sites\/2\/2019\/05\/Subida-da-Apple-n\u00e3o-segura-Wall-Street-\u2013-O-Jornal.jpg","type":"image\/jpeg"}],"author":"super-news","twitter_card":"summary_large_image","twitter_misc":{"Escrito por":"super-news","Tempo estimado de leitura":"2 minutos"},"schema":{"@context":"https:\/\/schema.org","@graph":[{"@type":"Article","@id":"https:\/\/super-news.info\/pt\/subida-da-apple-nao-segura-wall-street-o-jornal-economico\/#article","isPartOf":{"@id":"https:\/\/super-news.info\/pt\/subida-da-apple-nao-segura-wall-street-o-jornal-economico\/"},"author":{"name":"super-news","@id":"https:\/\/super-news.info\/pt\/#\/schema\/person\/2d4068cb2f39cd10008c2fce578a7356"},"headline":"Subida da Apple n\u00e3o segura Wall Street \u2013 O Jornal Econ\u00f3mico","datePublished":"2019-05-01T20:52:30+00:00","dateModified":"2019-05-01T20:52:31+00:00","mainEntityOfPage":{"@id":"https:\/\/super-news.info\/pt\/subida-da-apple-nao-segura-wall-street-o-jornal-economico\/"},"wordCount":330,"commentCount":0,"image":{"@id":"https:\/\/super-news.info\/pt\/subida-da-apple-nao-segura-wall-street-o-jornal-economico\/#primaryimage"},"thumbnailUrl":"https:\/\/super-news.info\/pt\/wp-content\/uploads\/sites\/2\/2019\/05\/Subida-da-Apple-n\u00e3o-segura-Wall-Street-\u2013-O-Jornal.jpg","articleSection":["NOT\u00cdCIAS FINANCEIRAS"],"inLanguage":"pt-PT","potentialAction":[{"@type":"CommentAction","name":"Comment","target":["https:\/\/super-news.info\/pt\/subida-da-apple-nao-segura-wall-street-o-jornal-economico\/#respond"]}]},{"@type":"WebPage","@id":"https:\/\/super-news.info\/pt\/subida-da-apple-nao-segura-wall-street-o-jornal-economico\/","url":"https:\/\/super-news.info\/pt\/subida-da-apple-nao-segura-wall-street-o-jornal-economico\/","name":"Subida da Apple n\u00e3o segura Wall Street \u2013 O Jornal Econ\u00f3mico - Super News","isPartOf":{"@id":"https:\/\/super-news.info\/pt\/#website"},"primaryImageOfPage":{"@id":"https:\/\/super-news.info\/pt\/subida-da-apple-nao-segura-wall-street-o-jornal-economico\/#primaryimage"},"image":{"@id":"https:\/\/super-news.info\/pt\/subida-da-apple-nao-segura-wall-street-o-jornal-economico\/#primaryimage"},"thumbnailUrl":"https:\/\/super-news.info\/pt\/wp-content\/uploads\/sites\/2\/2019\/05\/Subida-da-Apple-n\u00e3o-segura-Wall-Street-\u2013-O-Jornal.jpg","datePublished":"2019-05-01T20:52:30+00:00","dateModified":"2019-05-01T20:52:31+00:00","author":{"@id":"https:\/\/super-news.info\/pt\/#\/schema\/person\/2d4068cb2f39cd10008c2fce578a7356"},"breadcrumb":{"@id":"https:\/\/super-news.info\/pt\/subida-da-apple-nao-segura-wall-street-o-jornal-economico\/#breadcrumb"},"inLanguage":"pt-PT","potentialAction":[{"@type":"ReadAction","target":["https:\/\/super-news.info\/pt\/subida-da-apple-nao-segura-wall-street-o-jornal-economico\/"]}]},{"@type":"ImageObject","inLanguage":"pt-PT","@id":"https:\/\/super-news.info\/pt\/subida-da-apple-nao-segura-wall-street-o-jornal-economico\/#primaryimage","url":"https:\/\/super-news.info\/pt\/wp-content\/uploads\/sites\/2\/2019\/05\/Subida-da-Apple-n\u00e3o-segura-Wall-Street-\u2013-O-Jornal.jpg","contentUrl":"https:\/\/super-news.info\/pt\/wp-content\/uploads\/sites\/2\/2019\/05\/Subida-da-Apple-n\u00e3o-segura-Wall-Street-\u2013-O-Jornal.jpg","width":960,"height":600,"caption":"Subida da Apple n\u00e3o segura Wall Street \u2013 O Jornal Econ\u00f3mico"},{"@type":"BreadcrumbList","@id":"https:\/\/super-news.info\/pt\/subida-da-apple-nao-segura-wall-street-o-jornal-economico\/#breadcrumb","itemListElement":[{"@type":"ListItem","position":1,"name":"\u0413\u043b\u0430\u0432\u043d\u0430\u044f \u0441\u0442\u0440\u0430\u043d\u0438\u0446\u0430","item":"https:\/\/super-news.info\/pt\/"},{"@type":"ListItem","position":2,"name":"Subida da Apple n\u00e3o segura Wall Street \u2013 O Jornal Econ\u00f3mico"}]},{"@type":"WebSite","@id":"https:\/\/super-news.info\/pt\/#website","url":"https:\/\/super-news.info\/pt\/","name":"Super News","description":"Super News Portugal","potentialAction":[{"@type":"SearchAction","target":{"@type":"EntryPoint","urlTemplate":"https:\/\/super-news.info\/pt\/?s={search_term_string}"},"query-input":{"@type":"PropertyValueSpecification","valueRequired":true,"valueName":"search_term_string"}}],"inLanguage":"pt-PT"},{"@type":"Person","@id":"https:\/\/super-news.info\/pt\/#\/schema\/person\/2d4068cb2f39cd10008c2fce578a7356","name":"super-news","image":{"@type":"ImageObject","inLanguage":"pt-PT","@id":"https:\/\/secure.gravatar.com\/avatar\/64ebac40b93f26a154f8a9b5b6fdccfc46f442b26b3dd6756dbff3bf9dc76fd7?s=96&d=mm&r=g","url":"https:\/\/secure.gravatar.com\/avatar\/64ebac40b93f26a154f8a9b5b6fdccfc46f442b26b3dd6756dbff3bf9dc76fd7?s=96&d=mm&r=g","contentUrl":"https:\/\/secure.gravatar.com\/avatar\/64ebac40b93f26a154f8a9b5b6fdccfc46f442b26b3dd6756dbff3bf9dc76fd7?s=96&d=mm&r=g","caption":"super-news"},"url":"https:\/\/super-news.info\/pt\/author\/pt\/"}]}},"_links":{"self":[{"href":"https:\/\/super-news.info\/pt\/wp-json\/wp\/v2\/posts\/1087","targetHints":{"allow":["GET"]}}],"collection":[{"href":"https:\/\/super-news.info\/pt\/wp-json\/wp\/v2\/posts"}],"about":[{"href":"https:\/\/super-news.info\/pt\/wp-json\/wp\/v2\/types\/post"}],"author":[{"embeddable":true,"href":"https:\/\/super-news.info\/pt\/wp-json\/wp\/v2\/users\/2"}],"replies":[{"embeddable":true,"href":"https:\/\/super-news.info\/pt\/wp-json\/wp\/v2\/comments?post=1087"}],"version-history":[{"count":1,"href":"https:\/\/super-news.info\/pt\/wp-json\/wp\/v2\/posts\/1087\/revisions"}],"predecessor-version":[{"id":1089,"href":"https:\/\/super-news.info\/pt\/wp-json\/wp\/v2\/posts\/1087\/revisions\/1089"}],"wp:featuredmedia":[{"embeddable":true,"href":"https:\/\/super-news.info\/pt\/wp-json\/wp\/v2\/media\/1088"}],"wp:attachment":[{"href":"https:\/\/super-news.info\/pt\/wp-json\/wp\/v2\/media?parent=1087"}],"wp:term":[{"taxonomy":"category","embeddable":true,"href":"https:\/\/super-news.info\/pt\/wp-json\/wp\/v2\/categories?post=1087"},{"taxonomy":"post_tag","embeddable":true,"href":"https:\/\/super-news.info\/pt\/wp-json\/wp\/v2\/tags?post=1087"}],"curies":[{"name":"wp","href":"https:\/\/api.w.org\/{rel}","templated":true}]}}