{"id":1084,"date":"2019-05-01T22:18:32","date_gmt":"2019-05-01T19:18:32","guid":{"rendered":"https:\/\/super-news.info\/pt\/lider-do-pcp-tambem-defende-aumento-do-salario-minimo-para-os-850-euros-o-jornal-economico\/"},"modified":"2019-05-01T22:18:33","modified_gmt":"2019-05-01T19:18:33","slug":"lider-do-pcp-tambem-defende-aumento-do-salario-minimo-para-os-850-euros-o-jornal-economico","status":"publish","type":"post","link":"https:\/\/super-news.info\/pt\/lider-do-pcp-tambem-defende-aumento-do-salario-minimo-para-os-850-euros-o-jornal-economico\/","title":{"rendered":"L\u00edder do PCP tamb\u00e9m defende aumento do sal\u00e1rio m\u00ednimo para os 850 euros \u2013 O Jornal Econ\u00f3mico"},"content":{"rendered":"<p> [ad_1]<br \/>\n<\/p>\n<div>\n<p>O secret\u00e1rio-geral do PCP, Jer\u00f3nimo de Sousa, defendeu hoje o aumento do sal\u00e1rio m\u00ednimo para os 850 euros, argumentando que quando os trabalhadores ganham mais, a economia \u00e9 que beneficia.<\/p>\n<p>Esta posi\u00e7\u00e3o foi assumida pelo l\u00edder comunista em Lisboa, no desfile promovido pela CGTP que assinala o Dia do Trabalhador, momentos antes de o secret\u00e1rio-geral da central sindical, Arm\u00e9nio Carlos, ter defendido o mesmo no discurso que encerrou a manifesta\u00e7\u00e3o.<\/p>\n<p>Aos jornalistas, Jer\u00f3nimo de Sousa justificou a sua presen\u00e7a na Avenida Almirante Reis como sendo uma \u201cposi\u00e7\u00e3o solid\u00e1ria, naturalmente, com a luta dos trabalhadores, mas particularmente em torno desta grande reivindica\u00e7\u00e3o da CGTP \u2013 Intersindical Nacional da necessidade do aumento geral dos sal\u00e1rios, designadamente do sal\u00e1rio m\u00ednimo nacional para 850 euros, a necessidade de repor aquilo que \u00e9 devido aos trabalhadores de diversos setores, e procurar corresponder aquela avalia\u00e7\u00e3o que fizemos nesta nova fase da vida pol\u00edtica nacional\u201d.<\/p>\n<p>Na opini\u00e3o do comunista, \u201cquando houve aumento dos sal\u00e1rios e o seu descongelamento, quem beneficiou foi a economia, foi o emprego, foram os pequenos e m\u00e9dios empres\u00e1rios que viram assim tamb\u00e9m, com o aumento do mercado interno, possibilidades reais de terem trabalho e de poderem criar tamb\u00e9m mais emprego\u201d.<\/p>\n<p>\u201cIsto, do nosso ponto de vista, \u00e9 o grande objetivo. Portugal n\u00e3o pode continuar a viver com os trabalhadores empobrecidos, com sal\u00e1rios t\u00e3o baixos, ainda por cima com tanto v\u00ednculo prec\u00e1rio\u201d, considerou o l\u00edder comunista, acrescentando que \u00e9 este \u201co objetivo central, primeiro, principal, da necessidade de aumentar todos os sal\u00e1rios e, particularmente, o sal\u00e1rio m\u00ednimo nacional\u201d.<\/p>\n<p>Na ocasi\u00e3o, o l\u00edder do PCP foi tamb\u00e9m questionado sobre as palavras do ministro das Finan\u00e7as, que esteve na ter\u00e7a-feira na Assembleia da Rep\u00fablica para explicar os n\u00fameros certos do custo da contagem do tempo de servi\u00e7o congelado aos professores.<\/p>\n<p>M\u00e1rio Centeno disse que contar todo o tempo de servi\u00e7o dos professores representaria \u201co maior aumento de despesa desta legislatura\u201d, e iria abrir \u201cuma caixa de Pandora\u201d sobre a recupera\u00e7\u00e3o do passado nas carreiras.<\/p>\n<p>Na perspetiva\u00a0de Jer\u00f3nimo de Sousa, \u201co senhor ministro partiu de uma premissa errada\u201d, alegando nunca ter ouvido nenhum professor pedir \u201ctudo e para j\u00e1\u201d.<\/p>\n<p>\u201cO que querem, naturalmente, \u00e9 a reposi\u00e7\u00e3o daquilo que lhes \u00e9 devido num processo de faseamento\u201d, apontou, defendendo que \u201cvir agitar com centenas de milh\u00f5es de euros como se fosse para hoje, \u00e9 de facto uma mistifica\u00e7\u00e3o\u201d.<\/p>\n<p>Assim, o secret\u00e1rio-geral do PCP vincou que, \u201caquilo que \u00e9 preciso, \u00e9 o Governo mostrar disponibilidade para conseguir negociar\u201d.<\/p>\n<p>\u201c\u00c9 preciso fundamentalmente essa reposi\u00e7\u00e3o, que \u00e9 devida e que ningu\u00e9m nega, um processo negociado, com uma grande disponibilidade, mas n\u00e3o se crie essa mistifica\u00e7\u00e3o de que esses setores, designadamente os professores, querem tudo de uma vez s\u00f3\u201d, sublinhou.<\/p>\n<\/div>\n<p><script>\/*<![CDATA[*\/function facebookInit(){var js=document.createElement('script');js.src='https:\/\/connect.facebook.net\/pt_PT\/sdk.js#xfbml=1&#038;version=v3.1&#038;appId=1708066812789184&#038;autoLogAppEvents=1';return document.body.appendChild(js);}\nwindow.onscroll=function(){var rect=document.getElementsByClassName('je-post-content')[0].getBoundingClientRect();if(rect.bottom<window.innerHeight){facebookInit();window.onscroll=null;}}\/*]]>*\/<\/script><br \/>\n<br \/>[ad_2]<br \/>\n<br \/><a href=\"https:\/\/jornaleconomico.sapo.pt\/noticias\/lider-do-pcp-tambem-defende-aumento-do-salario-minimo-para-os-850-euros-439374\">Source link <\/a><\/p>\n","protected":false},"excerpt":{"rendered":"<p>[ad_1] O secret\u00e1rio-geral do PCP, Jer\u00f3nimo de Sousa, defendeu hoje o aumento do sal\u00e1rio m\u00ednimo para os 850 euros, argumentando que quando os trabalhadores ganham mais, a economia \u00e9 que beneficia. Esta posi\u00e7\u00e3o foi assumida pelo l\u00edder comunista em Lisboa, no desfile promovido pela CGTP que assinala o Dia do Trabalhador, momentos antes de o [&hellip;]<\/p>\n","protected":false},"author":2,"featured_media":1085,"comment_status":"open","ping_status":"open","sticky":false,"template":"","format":"standard","meta":{"footnotes":""},"categories":[1],"tags":[],"class_list":["post-1084","post","type-post","status-publish","format-standard","has-post-thumbnail","hentry","category-noticias-financeiras"],"yoast_head":"<!-- This site is optimized with the Yoast SEO plugin v27.4 - https:\/\/yoast.com\/product\/yoast-seo-wordpress\/ -->\n<title>L\u00edder do PCP tamb\u00e9m defende aumento do sal\u00e1rio m\u00ednimo para os 850 euros \u2013 O Jornal Econ\u00f3mico - Super News<\/title>\n<meta name=\"robots\" content=\"index, follow, max-snippet:-1, max-image-preview:large, max-video-preview:-1\" \/>\n<link rel=\"canonical\" href=\"https:\/\/super-news.info\/pt\/lider-do-pcp-tambem-defende-aumento-do-salario-minimo-para-os-850-euros-o-jornal-economico\/\" \/>\n<meta property=\"og:locale\" content=\"pt_PT\" \/>\n<meta property=\"og:type\" content=\"article\" \/>\n<meta property=\"og:title\" content=\"L\u00edder do PCP tamb\u00e9m defende aumento do sal\u00e1rio m\u00ednimo para os 850 euros \u2013 O Jornal Econ\u00f3mico - Super News\" \/>\n<meta property=\"og:description\" content=\"[ad_1] O secret\u00e1rio-geral do PCP, Jer\u00f3nimo de Sousa, defendeu hoje o aumento do sal\u00e1rio m\u00ednimo para os 850 euros, argumentando que quando os trabalhadores ganham mais, a economia \u00e9 que beneficia. Esta posi\u00e7\u00e3o foi assumida pelo l\u00edder comunista em Lisboa, no desfile promovido pela CGTP que assinala o Dia do Trabalhador, momentos antes de o [&hellip;]\" \/>\n<meta property=\"og:url\" content=\"https:\/\/super-news.info\/pt\/lider-do-pcp-tambem-defende-aumento-do-salario-minimo-para-os-850-euros-o-jornal-economico\/\" \/>\n<meta property=\"og:site_name\" content=\"Super News\" \/>\n<meta property=\"article:published_time\" content=\"2019-05-01T19:18:32+00:00\" \/>\n<meta property=\"article:modified_time\" content=\"2019-05-01T19:18:33+00:00\" \/>\n<meta property=\"og:image\" content=\"https:\/\/super-news.info\/pt\/wp-content\/uploads\/sites\/2\/2019\/05\/L\u00edder-do-PCP-tamb\u00e9m-defende-aumento-do-sal\u00e1rio-m\u00ednimo-para.jpg\" \/>\n\t<meta property=\"og:image:width\" content=\"960\" \/>\n\t<meta property=\"og:image:height\" content=\"600\" \/>\n\t<meta property=\"og:image:type\" content=\"image\/jpeg\" \/>\n<meta name=\"author\" content=\"super-news\" \/>\n<meta name=\"twitter:card\" content=\"summary_large_image\" \/>\n<meta name=\"twitter:label1\" content=\"Escrito por\" \/>\n\t<meta name=\"twitter:data1\" content=\"super-news\" \/>\n\t<meta name=\"twitter:label2\" content=\"Tempo estimado de leitura\" \/>\n\t<meta name=\"twitter:data2\" content=\"2 minutos\" \/>\n<script type=\"application\/ld+json\" class=\"yoast-schema-graph\">{\"@context\":\"https:\\\/\\\/schema.org\",\"@graph\":[{\"@type\":\"Article\",\"@id\":\"https:\\\/\\\/super-news.info\\\/pt\\\/lider-do-pcp-tambem-defende-aumento-do-salario-minimo-para-os-850-euros-o-jornal-economico\\\/#article\",\"isPartOf\":{\"@id\":\"https:\\\/\\\/super-news.info\\\/pt\\\/lider-do-pcp-tambem-defende-aumento-do-salario-minimo-para-os-850-euros-o-jornal-economico\\\/\"},\"author\":{\"name\":\"super-news\",\"@id\":\"https:\\\/\\\/super-news.info\\\/pt\\\/#\\\/schema\\\/person\\\/2d4068cb2f39cd10008c2fce578a7356\"},\"headline\":\"L\u00edder do PCP tamb\u00e9m defende aumento do sal\u00e1rio m\u00ednimo para os 850 euros \u2013 O Jornal Econ\u00f3mico\",\"datePublished\":\"2019-05-01T19:18:32+00:00\",\"dateModified\":\"2019-05-01T19:18:33+00:00\",\"mainEntityOfPage\":{\"@id\":\"https:\\\/\\\/super-news.info\\\/pt\\\/lider-do-pcp-tambem-defende-aumento-do-salario-minimo-para-os-850-euros-o-jornal-economico\\\/\"},\"wordCount\":512,\"commentCount\":0,\"image\":{\"@id\":\"https:\\\/\\\/super-news.info\\\/pt\\\/lider-do-pcp-tambem-defende-aumento-do-salario-minimo-para-os-850-euros-o-jornal-economico\\\/#primaryimage\"},\"thumbnailUrl\":\"https:\\\/\\\/super-news.info\\\/pt\\\/wp-content\\\/uploads\\\/sites\\\/2\\\/2019\\\/05\\\/L\u00edder-do-PCP-tamb\u00e9m-defende-aumento-do-sal\u00e1rio-m\u00ednimo-para.jpg\",\"articleSection\":[\"NOT\u00cdCIAS FINANCEIRAS\"],\"inLanguage\":\"pt-PT\",\"potentialAction\":[{\"@type\":\"CommentAction\",\"name\":\"Comment\",\"target\":[\"https:\\\/\\\/super-news.info\\\/pt\\\/lider-do-pcp-tambem-defende-aumento-do-salario-minimo-para-os-850-euros-o-jornal-economico\\\/#respond\"]}]},{\"@type\":\"WebPage\",\"@id\":\"https:\\\/\\\/super-news.info\\\/pt\\\/lider-do-pcp-tambem-defende-aumento-do-salario-minimo-para-os-850-euros-o-jornal-economico\\\/\",\"url\":\"https:\\\/\\\/super-news.info\\\/pt\\\/lider-do-pcp-tambem-defende-aumento-do-salario-minimo-para-os-850-euros-o-jornal-economico\\\/\",\"name\":\"L\u00edder do PCP tamb\u00e9m defende aumento do sal\u00e1rio m\u00ednimo para os 850 euros \u2013 O Jornal Econ\u00f3mico - Super News\",\"isPartOf\":{\"@id\":\"https:\\\/\\\/super-news.info\\\/pt\\\/#website\"},\"primaryImageOfPage\":{\"@id\":\"https:\\\/\\\/super-news.info\\\/pt\\\/lider-do-pcp-tambem-defende-aumento-do-salario-minimo-para-os-850-euros-o-jornal-economico\\\/#primaryimage\"},\"image\":{\"@id\":\"https:\\\/\\\/super-news.info\\\/pt\\\/lider-do-pcp-tambem-defende-aumento-do-salario-minimo-para-os-850-euros-o-jornal-economico\\\/#primaryimage\"},\"thumbnailUrl\":\"https:\\\/\\\/super-news.info\\\/pt\\\/wp-content\\\/uploads\\\/sites\\\/2\\\/2019\\\/05\\\/L\u00edder-do-PCP-tamb\u00e9m-defende-aumento-do-sal\u00e1rio-m\u00ednimo-para.jpg\",\"datePublished\":\"2019-05-01T19:18:32+00:00\",\"dateModified\":\"2019-05-01T19:18:33+00:00\",\"author\":{\"@id\":\"https:\\\/\\\/super-news.info\\\/pt\\\/#\\\/schema\\\/person\\\/2d4068cb2f39cd10008c2fce578a7356\"},\"breadcrumb\":{\"@id\":\"https:\\\/\\\/super-news.info\\\/pt\\\/lider-do-pcp-tambem-defende-aumento-do-salario-minimo-para-os-850-euros-o-jornal-economico\\\/#breadcrumb\"},\"inLanguage\":\"pt-PT\",\"potentialAction\":[{\"@type\":\"ReadAction\",\"target\":[\"https:\\\/\\\/super-news.info\\\/pt\\\/lider-do-pcp-tambem-defende-aumento-do-salario-minimo-para-os-850-euros-o-jornal-economico\\\/\"]}]},{\"@type\":\"ImageObject\",\"inLanguage\":\"pt-PT\",\"@id\":\"https:\\\/\\\/super-news.info\\\/pt\\\/lider-do-pcp-tambem-defende-aumento-do-salario-minimo-para-os-850-euros-o-jornal-economico\\\/#primaryimage\",\"url\":\"https:\\\/\\\/super-news.info\\\/pt\\\/wp-content\\\/uploads\\\/sites\\\/2\\\/2019\\\/05\\\/L\u00edder-do-PCP-tamb\u00e9m-defende-aumento-do-sal\u00e1rio-m\u00ednimo-para.jpg\",\"contentUrl\":\"https:\\\/\\\/super-news.info\\\/pt\\\/wp-content\\\/uploads\\\/sites\\\/2\\\/2019\\\/05\\\/L\u00edder-do-PCP-tamb\u00e9m-defende-aumento-do-sal\u00e1rio-m\u00ednimo-para.jpg\",\"width\":960,\"height\":600,\"caption\":\"L\u00edder do PCP tamb\u00e9m defende aumento do sal\u00e1rio m\u00ednimo para os 850 euros \u2013 O Jornal Econ\u00f3mico\"},{\"@type\":\"BreadcrumbList\",\"@id\":\"https:\\\/\\\/super-news.info\\\/pt\\\/lider-do-pcp-tambem-defende-aumento-do-salario-minimo-para-os-850-euros-o-jornal-economico\\\/#breadcrumb\",\"itemListElement\":[{\"@type\":\"ListItem\",\"position\":1,\"name\":\"\u0413\u043b\u0430\u0432\u043d\u0430\u044f \u0441\u0442\u0440\u0430\u043d\u0438\u0446\u0430\",\"item\":\"https:\\\/\\\/super-news.info\\\/pt\\\/\"},{\"@type\":\"ListItem\",\"position\":2,\"name\":\"L\u00edder do PCP tamb\u00e9m defende aumento do sal\u00e1rio m\u00ednimo para os 850 euros \u2013 O Jornal Econ\u00f3mico\"}]},{\"@type\":\"WebSite\",\"@id\":\"https:\\\/\\\/super-news.info\\\/pt\\\/#website\",\"url\":\"https:\\\/\\\/super-news.info\\\/pt\\\/\",\"name\":\"Super News\",\"description\":\"Super News Portugal\",\"potentialAction\":[{\"@type\":\"SearchAction\",\"target\":{\"@type\":\"EntryPoint\",\"urlTemplate\":\"https:\\\/\\\/super-news.info\\\/pt\\\/?s={search_term_string}\"},\"query-input\":{\"@type\":\"PropertyValueSpecification\",\"valueRequired\":true,\"valueName\":\"search_term_string\"}}],\"inLanguage\":\"pt-PT\"},{\"@type\":\"Person\",\"@id\":\"https:\\\/\\\/super-news.info\\\/pt\\\/#\\\/schema\\\/person\\\/2d4068cb2f39cd10008c2fce578a7356\",\"name\":\"super-news\",\"image\":{\"@type\":\"ImageObject\",\"inLanguage\":\"pt-PT\",\"@id\":\"https:\\\/\\\/secure.gravatar.com\\\/avatar\\\/64ebac40b93f26a154f8a9b5b6fdccfc46f442b26b3dd6756dbff3bf9dc76fd7?s=96&d=mm&r=g\",\"url\":\"https:\\\/\\\/secure.gravatar.com\\\/avatar\\\/64ebac40b93f26a154f8a9b5b6fdccfc46f442b26b3dd6756dbff3bf9dc76fd7?s=96&d=mm&r=g\",\"contentUrl\":\"https:\\\/\\\/secure.gravatar.com\\\/avatar\\\/64ebac40b93f26a154f8a9b5b6fdccfc46f442b26b3dd6756dbff3bf9dc76fd7?s=96&d=mm&r=g\",\"caption\":\"super-news\"},\"url\":\"https:\\\/\\\/super-news.info\\\/pt\\\/author\\\/pt\\\/\"}]}<\/script>\n<!-- \/ Yoast SEO plugin. -->","yoast_head_json":{"title":"L\u00edder do PCP tamb\u00e9m defende aumento do sal\u00e1rio m\u00ednimo para os 850 euros \u2013 O Jornal Econ\u00f3mico - Super News","robots":{"index":"index","follow":"follow","max-snippet":"max-snippet:-1","max-image-preview":"max-image-preview:large","max-video-preview":"max-video-preview:-1"},"canonical":"https:\/\/super-news.info\/pt\/lider-do-pcp-tambem-defende-aumento-do-salario-minimo-para-os-850-euros-o-jornal-economico\/","og_locale":"pt_PT","og_type":"article","og_title":"L\u00edder do PCP tamb\u00e9m defende aumento do sal\u00e1rio m\u00ednimo para os 850 euros \u2013 O Jornal Econ\u00f3mico - Super News","og_description":"[ad_1] O secret\u00e1rio-geral do PCP, Jer\u00f3nimo de Sousa, defendeu hoje o aumento do sal\u00e1rio m\u00ednimo para os 850 euros, argumentando que quando os trabalhadores ganham mais, a economia \u00e9 que beneficia. Esta posi\u00e7\u00e3o foi assumida pelo l\u00edder comunista em Lisboa, no desfile promovido pela CGTP que assinala o Dia do Trabalhador, momentos antes de o [&hellip;]","og_url":"https:\/\/super-news.info\/pt\/lider-do-pcp-tambem-defende-aumento-do-salario-minimo-para-os-850-euros-o-jornal-economico\/","og_site_name":"Super News","article_published_time":"2019-05-01T19:18:32+00:00","article_modified_time":"2019-05-01T19:18:33+00:00","og_image":[{"width":960,"height":600,"url":"https:\/\/super-news.info\/pt\/wp-content\/uploads\/sites\/2\/2019\/05\/L\u00edder-do-PCP-tamb\u00e9m-defende-aumento-do-sal\u00e1rio-m\u00ednimo-para.jpg","type":"image\/jpeg"}],"author":"super-news","twitter_card":"summary_large_image","twitter_misc":{"Escrito por":"super-news","Tempo estimado de leitura":"2 minutos"},"schema":{"@context":"https:\/\/schema.org","@graph":[{"@type":"Article","@id":"https:\/\/super-news.info\/pt\/lider-do-pcp-tambem-defende-aumento-do-salario-minimo-para-os-850-euros-o-jornal-economico\/#article","isPartOf":{"@id":"https:\/\/super-news.info\/pt\/lider-do-pcp-tambem-defende-aumento-do-salario-minimo-para-os-850-euros-o-jornal-economico\/"},"author":{"name":"super-news","@id":"https:\/\/super-news.info\/pt\/#\/schema\/person\/2d4068cb2f39cd10008c2fce578a7356"},"headline":"L\u00edder do PCP tamb\u00e9m defende aumento do sal\u00e1rio m\u00ednimo para os 850 euros \u2013 O Jornal Econ\u00f3mico","datePublished":"2019-05-01T19:18:32+00:00","dateModified":"2019-05-01T19:18:33+00:00","mainEntityOfPage":{"@id":"https:\/\/super-news.info\/pt\/lider-do-pcp-tambem-defende-aumento-do-salario-minimo-para-os-850-euros-o-jornal-economico\/"},"wordCount":512,"commentCount":0,"image":{"@id":"https:\/\/super-news.info\/pt\/lider-do-pcp-tambem-defende-aumento-do-salario-minimo-para-os-850-euros-o-jornal-economico\/#primaryimage"},"thumbnailUrl":"https:\/\/super-news.info\/pt\/wp-content\/uploads\/sites\/2\/2019\/05\/L\u00edder-do-PCP-tamb\u00e9m-defende-aumento-do-sal\u00e1rio-m\u00ednimo-para.jpg","articleSection":["NOT\u00cdCIAS FINANCEIRAS"],"inLanguage":"pt-PT","potentialAction":[{"@type":"CommentAction","name":"Comment","target":["https:\/\/super-news.info\/pt\/lider-do-pcp-tambem-defende-aumento-do-salario-minimo-para-os-850-euros-o-jornal-economico\/#respond"]}]},{"@type":"WebPage","@id":"https:\/\/super-news.info\/pt\/lider-do-pcp-tambem-defende-aumento-do-salario-minimo-para-os-850-euros-o-jornal-economico\/","url":"https:\/\/super-news.info\/pt\/lider-do-pcp-tambem-defende-aumento-do-salario-minimo-para-os-850-euros-o-jornal-economico\/","name":"L\u00edder do PCP tamb\u00e9m defende aumento do sal\u00e1rio m\u00ednimo para os 850 euros \u2013 O Jornal Econ\u00f3mico - Super News","isPartOf":{"@id":"https:\/\/super-news.info\/pt\/#website"},"primaryImageOfPage":{"@id":"https:\/\/super-news.info\/pt\/lider-do-pcp-tambem-defende-aumento-do-salario-minimo-para-os-850-euros-o-jornal-economico\/#primaryimage"},"image":{"@id":"https:\/\/super-news.info\/pt\/lider-do-pcp-tambem-defende-aumento-do-salario-minimo-para-os-850-euros-o-jornal-economico\/#primaryimage"},"thumbnailUrl":"https:\/\/super-news.info\/pt\/wp-content\/uploads\/sites\/2\/2019\/05\/L\u00edder-do-PCP-tamb\u00e9m-defende-aumento-do-sal\u00e1rio-m\u00ednimo-para.jpg","datePublished":"2019-05-01T19:18:32+00:00","dateModified":"2019-05-01T19:18:33+00:00","author":{"@id":"https:\/\/super-news.info\/pt\/#\/schema\/person\/2d4068cb2f39cd10008c2fce578a7356"},"breadcrumb":{"@id":"https:\/\/super-news.info\/pt\/lider-do-pcp-tambem-defende-aumento-do-salario-minimo-para-os-850-euros-o-jornal-economico\/#breadcrumb"},"inLanguage":"pt-PT","potentialAction":[{"@type":"ReadAction","target":["https:\/\/super-news.info\/pt\/lider-do-pcp-tambem-defende-aumento-do-salario-minimo-para-os-850-euros-o-jornal-economico\/"]}]},{"@type":"ImageObject","inLanguage":"pt-PT","@id":"https:\/\/super-news.info\/pt\/lider-do-pcp-tambem-defende-aumento-do-salario-minimo-para-os-850-euros-o-jornal-economico\/#primaryimage","url":"https:\/\/super-news.info\/pt\/wp-content\/uploads\/sites\/2\/2019\/05\/L\u00edder-do-PCP-tamb\u00e9m-defende-aumento-do-sal\u00e1rio-m\u00ednimo-para.jpg","contentUrl":"https:\/\/super-news.info\/pt\/wp-content\/uploads\/sites\/2\/2019\/05\/L\u00edder-do-PCP-tamb\u00e9m-defende-aumento-do-sal\u00e1rio-m\u00ednimo-para.jpg","width":960,"height":600,"caption":"L\u00edder do PCP tamb\u00e9m defende aumento do sal\u00e1rio m\u00ednimo para os 850 euros \u2013 O Jornal Econ\u00f3mico"},{"@type":"BreadcrumbList","@id":"https:\/\/super-news.info\/pt\/lider-do-pcp-tambem-defende-aumento-do-salario-minimo-para-os-850-euros-o-jornal-economico\/#breadcrumb","itemListElement":[{"@type":"ListItem","position":1,"name":"\u0413\u043b\u0430\u0432\u043d\u0430\u044f \u0441\u0442\u0440\u0430\u043d\u0438\u0446\u0430","item":"https:\/\/super-news.info\/pt\/"},{"@type":"ListItem","position":2,"name":"L\u00edder do PCP tamb\u00e9m defende aumento do sal\u00e1rio m\u00ednimo para os 850 euros \u2013 O Jornal Econ\u00f3mico"}]},{"@type":"WebSite","@id":"https:\/\/super-news.info\/pt\/#website","url":"https:\/\/super-news.info\/pt\/","name":"Super News","description":"Super News Portugal","potentialAction":[{"@type":"SearchAction","target":{"@type":"EntryPoint","urlTemplate":"https:\/\/super-news.info\/pt\/?s={search_term_string}"},"query-input":{"@type":"PropertyValueSpecification","valueRequired":true,"valueName":"search_term_string"}}],"inLanguage":"pt-PT"},{"@type":"Person","@id":"https:\/\/super-news.info\/pt\/#\/schema\/person\/2d4068cb2f39cd10008c2fce578a7356","name":"super-news","image":{"@type":"ImageObject","inLanguage":"pt-PT","@id":"https:\/\/secure.gravatar.com\/avatar\/64ebac40b93f26a154f8a9b5b6fdccfc46f442b26b3dd6756dbff3bf9dc76fd7?s=96&d=mm&r=g","url":"https:\/\/secure.gravatar.com\/avatar\/64ebac40b93f26a154f8a9b5b6fdccfc46f442b26b3dd6756dbff3bf9dc76fd7?s=96&d=mm&r=g","contentUrl":"https:\/\/secure.gravatar.com\/avatar\/64ebac40b93f26a154f8a9b5b6fdccfc46f442b26b3dd6756dbff3bf9dc76fd7?s=96&d=mm&r=g","caption":"super-news"},"url":"https:\/\/super-news.info\/pt\/author\/pt\/"}]}},"_links":{"self":[{"href":"https:\/\/super-news.info\/pt\/wp-json\/wp\/v2\/posts\/1084","targetHints":{"allow":["GET"]}}],"collection":[{"href":"https:\/\/super-news.info\/pt\/wp-json\/wp\/v2\/posts"}],"about":[{"href":"https:\/\/super-news.info\/pt\/wp-json\/wp\/v2\/types\/post"}],"author":[{"embeddable":true,"href":"https:\/\/super-news.info\/pt\/wp-json\/wp\/v2\/users\/2"}],"replies":[{"embeddable":true,"href":"https:\/\/super-news.info\/pt\/wp-json\/wp\/v2\/comments?post=1084"}],"version-history":[{"count":1,"href":"https:\/\/super-news.info\/pt\/wp-json\/wp\/v2\/posts\/1084\/revisions"}],"predecessor-version":[{"id":1086,"href":"https:\/\/super-news.info\/pt\/wp-json\/wp\/v2\/posts\/1084\/revisions\/1086"}],"wp:featuredmedia":[{"embeddable":true,"href":"https:\/\/super-news.info\/pt\/wp-json\/wp\/v2\/media\/1085"}],"wp:attachment":[{"href":"https:\/\/super-news.info\/pt\/wp-json\/wp\/v2\/media?parent=1084"}],"wp:term":[{"taxonomy":"category","embeddable":true,"href":"https:\/\/super-news.info\/pt\/wp-json\/wp\/v2\/categories?post=1084"},{"taxonomy":"post_tag","embeddable":true,"href":"https:\/\/super-news.info\/pt\/wp-json\/wp\/v2\/tags?post=1084"}],"curies":[{"name":"wp","href":"https:\/\/api.w.org\/{rel}","templated":true}]}}