{"id":1081,"date":"2019-05-01T20:30:57","date_gmt":"2019-05-01T17:30:57","guid":{"rendered":"https:\/\/super-news.info\/pt\/cgtp-defende-aumento-do-salario-minimo-nacional-para-850-euros-o-jornal-economico\/"},"modified":"2019-05-01T20:30:58","modified_gmt":"2019-05-01T17:30:58","slug":"cgtp-defende-aumento-do-salario-minimo-nacional-para-850-euros-o-jornal-economico","status":"publish","type":"post","link":"https:\/\/super-news.info\/pt\/cgtp-defende-aumento-do-salario-minimo-nacional-para-850-euros-o-jornal-economico\/","title":{"rendered":"CGTP defende aumento do sal\u00e1rio m\u00ednimo nacional para 850 euros \u2013 O Jornal Econ\u00f3mico"},"content":{"rendered":"<p> [ad_1]<br \/>\n<\/p>\n<div>\n<div class=\"je-readmore\">\n<p>O secret\u00e1rio-geral da central sindical CGTP, Arm\u00e9nio Carlos, defendeu hoje um aumento do sal\u00e1rio m\u00ednimo nacional para 850 euros, manifestando disponibilidade imediata para discutir com o Governo esta proposta.<\/p>\n<p>O an\u00fancio da CGTP foi feito durante o discurso de encerramento da manifesta\u00e7\u00e3o em Lisboa do 1\u00ba de Maio, que decorreu hoje \u00e0 tarde entre o Martim Moniz e a Alameda Afonso Henrique.<\/p>\n<p>Arm\u00e9nio Carlos adiantou que a proposta de aumento do sal\u00e1rio m\u00ednimo faz parte de um conjunto de cinco eixos centrais reivindicativos que a CGTP vai apresentar em breve a todos os partidos com assento parlamentar.<\/p>\n<p>Milhares de pessoas participaram hoje \u00e0 tarde em Lisboa na manifesta\u00e7\u00e3o que assinala o Dia do Trabalhador, numa iniciativa que junta os v\u00e1rios sindicatos afetos \u00e0 central sindical CGTP.<\/p>\n<p>A liderar a manifesta\u00e7\u00e3o esteve um cabe\u00e7udo a imitar o primeiro-ministro, Ant\u00f3nio Costa, sendo tamb\u00e9m vis\u00edvel v\u00e1rias bandeiras de sindicatos e faixas com mensagens contra a banca, a favor da luta dos trabalhadores e por melhores condi\u00e7\u00f5es laborais.<\/p>\n<p>A \u201cluta continua\u201d, \u201ccontra a explora\u00e7\u00e3o\u201d, \u201cMaio est\u00e1 na rua\u201d e \u201cCGTP unidade sindical\u201d foram alguns das palavras de ordem proferidas pelas milhares de pessoas que participam na manifesta\u00e7\u00e3o do 1.\u00ba de Maio em Lisboa.<\/p>\n<p>O desfile contou com a participa\u00e7\u00e3o do secret\u00e1rio-geral do PCP, Jer\u00f3nimo de Sousa, e da coordenadora do Bloco de Esquerda, Catarina Martins.<\/p>\n<p>Uma delega\u00e7\u00e3o do PS, constitu\u00edda por Maria Ant\u00f3nia Almeida Santos e Porf\u00edrio Silva, cumprimentou a dire\u00e7\u00e3o da CGTP, antes da sa\u00edda do desfile do Martim Moniz.<\/p>\n<\/div>\n<\/div>\n<p><script>\/*<![CDATA[*\/function facebookInit(){var js=document.createElement('script');js.src='https:\/\/connect.facebook.net\/pt_PT\/sdk.js#xfbml=1&#038;version=v3.1&#038;appId=1708066812789184&#038;autoLogAppEvents=1';return document.body.appendChild(js);}\nwindow.onscroll=function(){var rect=document.getElementsByClassName('je-post-content')[0].getBoundingClientRect();if(rect.bottom<window.innerHeight){facebookInit();window.onscroll=null;}}\/*]]>*\/<\/script><br \/>\n<br \/>[ad_2]<br \/>\n<br \/><a href=\"https:\/\/jornaleconomico.sapo.pt\/noticias\/1o-maio-cgtp-defende-aumento-do-salario-minimo-nacional-para-850-euros-439343\">Source link <\/a><\/p>\n","protected":false},"excerpt":{"rendered":"<p>[ad_1] O secret\u00e1rio-geral da central sindical CGTP, Arm\u00e9nio Carlos, defendeu hoje um aumento do sal\u00e1rio m\u00ednimo nacional para 850 euros, manifestando disponibilidade imediata para discutir com o Governo esta proposta. O an\u00fancio da CGTP foi feito durante o discurso de encerramento da manifesta\u00e7\u00e3o em Lisboa do 1\u00ba de Maio, que decorreu hoje \u00e0 tarde entre [&hellip;]<\/p>\n","protected":false},"author":2,"featured_media":1082,"comment_status":"open","ping_status":"open","sticky":false,"template":"","format":"standard","meta":{"footnotes":""},"categories":[1],"tags":[],"class_list":["post-1081","post","type-post","status-publish","format-standard","has-post-thumbnail","hentry","category-noticias-financeiras"],"yoast_head":"<!-- This site is optimized with the Yoast SEO plugin v27.4 - https:\/\/yoast.com\/product\/yoast-seo-wordpress\/ -->\n<title>CGTP defende aumento do sal\u00e1rio m\u00ednimo nacional para 850 euros \u2013 O Jornal Econ\u00f3mico - Super News<\/title>\n<meta name=\"robots\" content=\"index, follow, max-snippet:-1, max-image-preview:large, max-video-preview:-1\" \/>\n<link rel=\"canonical\" href=\"https:\/\/super-news.info\/pt\/cgtp-defende-aumento-do-salario-minimo-nacional-para-850-euros-o-jornal-economico\/\" \/>\n<meta property=\"og:locale\" content=\"pt_PT\" \/>\n<meta property=\"og:type\" content=\"article\" \/>\n<meta property=\"og:title\" content=\"CGTP defende aumento do sal\u00e1rio m\u00ednimo nacional para 850 euros \u2013 O Jornal Econ\u00f3mico - Super News\" \/>\n<meta property=\"og:description\" content=\"[ad_1] O secret\u00e1rio-geral da central sindical CGTP, Arm\u00e9nio Carlos, defendeu hoje um aumento do sal\u00e1rio m\u00ednimo nacional para 850 euros, manifestando disponibilidade imediata para discutir com o Governo esta proposta. O an\u00fancio da CGTP foi feito durante o discurso de encerramento da manifesta\u00e7\u00e3o em Lisboa do 1\u00ba de Maio, que decorreu hoje \u00e0 tarde entre [&hellip;]\" \/>\n<meta property=\"og:url\" content=\"https:\/\/super-news.info\/pt\/cgtp-defende-aumento-do-salario-minimo-nacional-para-850-euros-o-jornal-economico\/\" \/>\n<meta property=\"og:site_name\" content=\"Super News\" \/>\n<meta property=\"article:published_time\" content=\"2019-05-01T17:30:57+00:00\" \/>\n<meta property=\"article:modified_time\" content=\"2019-05-01T17:30:58+00:00\" \/>\n<meta property=\"og:image\" content=\"https:\/\/super-news.info\/pt\/wp-content\/uploads\/sites\/2\/2019\/05\/CGTP-defende-aumento-do-sal\u00e1rio-m\u00ednimo-nacional-para-850-euros.jpg\" \/>\n\t<meta property=\"og:image:width\" content=\"960\" \/>\n\t<meta property=\"og:image:height\" content=\"600\" \/>\n\t<meta property=\"og:image:type\" content=\"image\/jpeg\" \/>\n<meta name=\"author\" content=\"super-news\" \/>\n<meta name=\"twitter:card\" content=\"summary_large_image\" \/>\n<meta name=\"twitter:label1\" content=\"Escrito por\" \/>\n\t<meta name=\"twitter:data1\" content=\"super-news\" \/>\n\t<meta name=\"twitter:label2\" content=\"Tempo estimado de leitura\" \/>\n\t<meta name=\"twitter:data2\" content=\"1 minuto\" \/>\n<script type=\"application\/ld+json\" class=\"yoast-schema-graph\">{\"@context\":\"https:\\\/\\\/schema.org\",\"@graph\":[{\"@type\":\"Article\",\"@id\":\"https:\\\/\\\/super-news.info\\\/pt\\\/cgtp-defende-aumento-do-salario-minimo-nacional-para-850-euros-o-jornal-economico\\\/#article\",\"isPartOf\":{\"@id\":\"https:\\\/\\\/super-news.info\\\/pt\\\/cgtp-defende-aumento-do-salario-minimo-nacional-para-850-euros-o-jornal-economico\\\/\"},\"author\":{\"name\":\"super-news\",\"@id\":\"https:\\\/\\\/super-news.info\\\/pt\\\/#\\\/schema\\\/person\\\/2d4068cb2f39cd10008c2fce578a7356\"},\"headline\":\"CGTP defende aumento do sal\u00e1rio m\u00ednimo nacional para 850 euros \u2013 O Jornal Econ\u00f3mico\",\"datePublished\":\"2019-05-01T17:30:57+00:00\",\"dateModified\":\"2019-05-01T17:30:58+00:00\",\"mainEntityOfPage\":{\"@id\":\"https:\\\/\\\/super-news.info\\\/pt\\\/cgtp-defende-aumento-do-salario-minimo-nacional-para-850-euros-o-jornal-economico\\\/\"},\"wordCount\":289,\"commentCount\":0,\"image\":{\"@id\":\"https:\\\/\\\/super-news.info\\\/pt\\\/cgtp-defende-aumento-do-salario-minimo-nacional-para-850-euros-o-jornal-economico\\\/#primaryimage\"},\"thumbnailUrl\":\"https:\\\/\\\/super-news.info\\\/pt\\\/wp-content\\\/uploads\\\/sites\\\/2\\\/2019\\\/05\\\/CGTP-defende-aumento-do-sal\u00e1rio-m\u00ednimo-nacional-para-850-euros.jpg\",\"articleSection\":[\"NOT\u00cdCIAS FINANCEIRAS\"],\"inLanguage\":\"pt-PT\",\"potentialAction\":[{\"@type\":\"CommentAction\",\"name\":\"Comment\",\"target\":[\"https:\\\/\\\/super-news.info\\\/pt\\\/cgtp-defende-aumento-do-salario-minimo-nacional-para-850-euros-o-jornal-economico\\\/#respond\"]}]},{\"@type\":\"WebPage\",\"@id\":\"https:\\\/\\\/super-news.info\\\/pt\\\/cgtp-defende-aumento-do-salario-minimo-nacional-para-850-euros-o-jornal-economico\\\/\",\"url\":\"https:\\\/\\\/super-news.info\\\/pt\\\/cgtp-defende-aumento-do-salario-minimo-nacional-para-850-euros-o-jornal-economico\\\/\",\"name\":\"CGTP defende aumento do sal\u00e1rio m\u00ednimo nacional para 850 euros \u2013 O Jornal Econ\u00f3mico - Super News\",\"isPartOf\":{\"@id\":\"https:\\\/\\\/super-news.info\\\/pt\\\/#website\"},\"primaryImageOfPage\":{\"@id\":\"https:\\\/\\\/super-news.info\\\/pt\\\/cgtp-defende-aumento-do-salario-minimo-nacional-para-850-euros-o-jornal-economico\\\/#primaryimage\"},\"image\":{\"@id\":\"https:\\\/\\\/super-news.info\\\/pt\\\/cgtp-defende-aumento-do-salario-minimo-nacional-para-850-euros-o-jornal-economico\\\/#primaryimage\"},\"thumbnailUrl\":\"https:\\\/\\\/super-news.info\\\/pt\\\/wp-content\\\/uploads\\\/sites\\\/2\\\/2019\\\/05\\\/CGTP-defende-aumento-do-sal\u00e1rio-m\u00ednimo-nacional-para-850-euros.jpg\",\"datePublished\":\"2019-05-01T17:30:57+00:00\",\"dateModified\":\"2019-05-01T17:30:58+00:00\",\"author\":{\"@id\":\"https:\\\/\\\/super-news.info\\\/pt\\\/#\\\/schema\\\/person\\\/2d4068cb2f39cd10008c2fce578a7356\"},\"breadcrumb\":{\"@id\":\"https:\\\/\\\/super-news.info\\\/pt\\\/cgtp-defende-aumento-do-salario-minimo-nacional-para-850-euros-o-jornal-economico\\\/#breadcrumb\"},\"inLanguage\":\"pt-PT\",\"potentialAction\":[{\"@type\":\"ReadAction\",\"target\":[\"https:\\\/\\\/super-news.info\\\/pt\\\/cgtp-defende-aumento-do-salario-minimo-nacional-para-850-euros-o-jornal-economico\\\/\"]}]},{\"@type\":\"ImageObject\",\"inLanguage\":\"pt-PT\",\"@id\":\"https:\\\/\\\/super-news.info\\\/pt\\\/cgtp-defende-aumento-do-salario-minimo-nacional-para-850-euros-o-jornal-economico\\\/#primaryimage\",\"url\":\"https:\\\/\\\/super-news.info\\\/pt\\\/wp-content\\\/uploads\\\/sites\\\/2\\\/2019\\\/05\\\/CGTP-defende-aumento-do-sal\u00e1rio-m\u00ednimo-nacional-para-850-euros.jpg\",\"contentUrl\":\"https:\\\/\\\/super-news.info\\\/pt\\\/wp-content\\\/uploads\\\/sites\\\/2\\\/2019\\\/05\\\/CGTP-defende-aumento-do-sal\u00e1rio-m\u00ednimo-nacional-para-850-euros.jpg\",\"width\":960,\"height\":600,\"caption\":\"CGTP defende aumento do sal\u00e1rio m\u00ednimo nacional para 850 euros \u2013 O Jornal Econ\u00f3mico\"},{\"@type\":\"BreadcrumbList\",\"@id\":\"https:\\\/\\\/super-news.info\\\/pt\\\/cgtp-defende-aumento-do-salario-minimo-nacional-para-850-euros-o-jornal-economico\\\/#breadcrumb\",\"itemListElement\":[{\"@type\":\"ListItem\",\"position\":1,\"name\":\"\u0413\u043b\u0430\u0432\u043d\u0430\u044f \u0441\u0442\u0440\u0430\u043d\u0438\u0446\u0430\",\"item\":\"https:\\\/\\\/super-news.info\\\/pt\\\/\"},{\"@type\":\"ListItem\",\"position\":2,\"name\":\"CGTP defende aumento do sal\u00e1rio m\u00ednimo nacional para 850 euros \u2013 O Jornal Econ\u00f3mico\"}]},{\"@type\":\"WebSite\",\"@id\":\"https:\\\/\\\/super-news.info\\\/pt\\\/#website\",\"url\":\"https:\\\/\\\/super-news.info\\\/pt\\\/\",\"name\":\"Super News\",\"description\":\"Super News Portugal\",\"potentialAction\":[{\"@type\":\"SearchAction\",\"target\":{\"@type\":\"EntryPoint\",\"urlTemplate\":\"https:\\\/\\\/super-news.info\\\/pt\\\/?s={search_term_string}\"},\"query-input\":{\"@type\":\"PropertyValueSpecification\",\"valueRequired\":true,\"valueName\":\"search_term_string\"}}],\"inLanguage\":\"pt-PT\"},{\"@type\":\"Person\",\"@id\":\"https:\\\/\\\/super-news.info\\\/pt\\\/#\\\/schema\\\/person\\\/2d4068cb2f39cd10008c2fce578a7356\",\"name\":\"super-news\",\"image\":{\"@type\":\"ImageObject\",\"inLanguage\":\"pt-PT\",\"@id\":\"https:\\\/\\\/secure.gravatar.com\\\/avatar\\\/64ebac40b93f26a154f8a9b5b6fdccfc46f442b26b3dd6756dbff3bf9dc76fd7?s=96&d=mm&r=g\",\"url\":\"https:\\\/\\\/secure.gravatar.com\\\/avatar\\\/64ebac40b93f26a154f8a9b5b6fdccfc46f442b26b3dd6756dbff3bf9dc76fd7?s=96&d=mm&r=g\",\"contentUrl\":\"https:\\\/\\\/secure.gravatar.com\\\/avatar\\\/64ebac40b93f26a154f8a9b5b6fdccfc46f442b26b3dd6756dbff3bf9dc76fd7?s=96&d=mm&r=g\",\"caption\":\"super-news\"},\"url\":\"https:\\\/\\\/super-news.info\\\/pt\\\/author\\\/pt\\\/\"}]}<\/script>\n<!-- \/ Yoast SEO plugin. -->","yoast_head_json":{"title":"CGTP defende aumento do sal\u00e1rio m\u00ednimo nacional para 850 euros \u2013 O Jornal Econ\u00f3mico - Super News","robots":{"index":"index","follow":"follow","max-snippet":"max-snippet:-1","max-image-preview":"max-image-preview:large","max-video-preview":"max-video-preview:-1"},"canonical":"https:\/\/super-news.info\/pt\/cgtp-defende-aumento-do-salario-minimo-nacional-para-850-euros-o-jornal-economico\/","og_locale":"pt_PT","og_type":"article","og_title":"CGTP defende aumento do sal\u00e1rio m\u00ednimo nacional para 850 euros \u2013 O Jornal Econ\u00f3mico - Super News","og_description":"[ad_1] O secret\u00e1rio-geral da central sindical CGTP, Arm\u00e9nio Carlos, defendeu hoje um aumento do sal\u00e1rio m\u00ednimo nacional para 850 euros, manifestando disponibilidade imediata para discutir com o Governo esta proposta. O an\u00fancio da CGTP foi feito durante o discurso de encerramento da manifesta\u00e7\u00e3o em Lisboa do 1\u00ba de Maio, que decorreu hoje \u00e0 tarde entre [&hellip;]","og_url":"https:\/\/super-news.info\/pt\/cgtp-defende-aumento-do-salario-minimo-nacional-para-850-euros-o-jornal-economico\/","og_site_name":"Super News","article_published_time":"2019-05-01T17:30:57+00:00","article_modified_time":"2019-05-01T17:30:58+00:00","og_image":[{"width":960,"height":600,"url":"https:\/\/super-news.info\/pt\/wp-content\/uploads\/sites\/2\/2019\/05\/CGTP-defende-aumento-do-sal\u00e1rio-m\u00ednimo-nacional-para-850-euros.jpg","type":"image\/jpeg"}],"author":"super-news","twitter_card":"summary_large_image","twitter_misc":{"Escrito por":"super-news","Tempo estimado de leitura":"1 minuto"},"schema":{"@context":"https:\/\/schema.org","@graph":[{"@type":"Article","@id":"https:\/\/super-news.info\/pt\/cgtp-defende-aumento-do-salario-minimo-nacional-para-850-euros-o-jornal-economico\/#article","isPartOf":{"@id":"https:\/\/super-news.info\/pt\/cgtp-defende-aumento-do-salario-minimo-nacional-para-850-euros-o-jornal-economico\/"},"author":{"name":"super-news","@id":"https:\/\/super-news.info\/pt\/#\/schema\/person\/2d4068cb2f39cd10008c2fce578a7356"},"headline":"CGTP defende aumento do sal\u00e1rio m\u00ednimo nacional para 850 euros \u2013 O Jornal Econ\u00f3mico","datePublished":"2019-05-01T17:30:57+00:00","dateModified":"2019-05-01T17:30:58+00:00","mainEntityOfPage":{"@id":"https:\/\/super-news.info\/pt\/cgtp-defende-aumento-do-salario-minimo-nacional-para-850-euros-o-jornal-economico\/"},"wordCount":289,"commentCount":0,"image":{"@id":"https:\/\/super-news.info\/pt\/cgtp-defende-aumento-do-salario-minimo-nacional-para-850-euros-o-jornal-economico\/#primaryimage"},"thumbnailUrl":"https:\/\/super-news.info\/pt\/wp-content\/uploads\/sites\/2\/2019\/05\/CGTP-defende-aumento-do-sal\u00e1rio-m\u00ednimo-nacional-para-850-euros.jpg","articleSection":["NOT\u00cdCIAS FINANCEIRAS"],"inLanguage":"pt-PT","potentialAction":[{"@type":"CommentAction","name":"Comment","target":["https:\/\/super-news.info\/pt\/cgtp-defende-aumento-do-salario-minimo-nacional-para-850-euros-o-jornal-economico\/#respond"]}]},{"@type":"WebPage","@id":"https:\/\/super-news.info\/pt\/cgtp-defende-aumento-do-salario-minimo-nacional-para-850-euros-o-jornal-economico\/","url":"https:\/\/super-news.info\/pt\/cgtp-defende-aumento-do-salario-minimo-nacional-para-850-euros-o-jornal-economico\/","name":"CGTP defende aumento do sal\u00e1rio m\u00ednimo nacional para 850 euros \u2013 O Jornal Econ\u00f3mico - Super News","isPartOf":{"@id":"https:\/\/super-news.info\/pt\/#website"},"primaryImageOfPage":{"@id":"https:\/\/super-news.info\/pt\/cgtp-defende-aumento-do-salario-minimo-nacional-para-850-euros-o-jornal-economico\/#primaryimage"},"image":{"@id":"https:\/\/super-news.info\/pt\/cgtp-defende-aumento-do-salario-minimo-nacional-para-850-euros-o-jornal-economico\/#primaryimage"},"thumbnailUrl":"https:\/\/super-news.info\/pt\/wp-content\/uploads\/sites\/2\/2019\/05\/CGTP-defende-aumento-do-sal\u00e1rio-m\u00ednimo-nacional-para-850-euros.jpg","datePublished":"2019-05-01T17:30:57+00:00","dateModified":"2019-05-01T17:30:58+00:00","author":{"@id":"https:\/\/super-news.info\/pt\/#\/schema\/person\/2d4068cb2f39cd10008c2fce578a7356"},"breadcrumb":{"@id":"https:\/\/super-news.info\/pt\/cgtp-defende-aumento-do-salario-minimo-nacional-para-850-euros-o-jornal-economico\/#breadcrumb"},"inLanguage":"pt-PT","potentialAction":[{"@type":"ReadAction","target":["https:\/\/super-news.info\/pt\/cgtp-defende-aumento-do-salario-minimo-nacional-para-850-euros-o-jornal-economico\/"]}]},{"@type":"ImageObject","inLanguage":"pt-PT","@id":"https:\/\/super-news.info\/pt\/cgtp-defende-aumento-do-salario-minimo-nacional-para-850-euros-o-jornal-economico\/#primaryimage","url":"https:\/\/super-news.info\/pt\/wp-content\/uploads\/sites\/2\/2019\/05\/CGTP-defende-aumento-do-sal\u00e1rio-m\u00ednimo-nacional-para-850-euros.jpg","contentUrl":"https:\/\/super-news.info\/pt\/wp-content\/uploads\/sites\/2\/2019\/05\/CGTP-defende-aumento-do-sal\u00e1rio-m\u00ednimo-nacional-para-850-euros.jpg","width":960,"height":600,"caption":"CGTP defende aumento do sal\u00e1rio m\u00ednimo nacional para 850 euros \u2013 O Jornal Econ\u00f3mico"},{"@type":"BreadcrumbList","@id":"https:\/\/super-news.info\/pt\/cgtp-defende-aumento-do-salario-minimo-nacional-para-850-euros-o-jornal-economico\/#breadcrumb","itemListElement":[{"@type":"ListItem","position":1,"name":"\u0413\u043b\u0430\u0432\u043d\u0430\u044f \u0441\u0442\u0440\u0430\u043d\u0438\u0446\u0430","item":"https:\/\/super-news.info\/pt\/"},{"@type":"ListItem","position":2,"name":"CGTP defende aumento do sal\u00e1rio m\u00ednimo nacional para 850 euros \u2013 O Jornal Econ\u00f3mico"}]},{"@type":"WebSite","@id":"https:\/\/super-news.info\/pt\/#website","url":"https:\/\/super-news.info\/pt\/","name":"Super News","description":"Super News Portugal","potentialAction":[{"@type":"SearchAction","target":{"@type":"EntryPoint","urlTemplate":"https:\/\/super-news.info\/pt\/?s={search_term_string}"},"query-input":{"@type":"PropertyValueSpecification","valueRequired":true,"valueName":"search_term_string"}}],"inLanguage":"pt-PT"},{"@type":"Person","@id":"https:\/\/super-news.info\/pt\/#\/schema\/person\/2d4068cb2f39cd10008c2fce578a7356","name":"super-news","image":{"@type":"ImageObject","inLanguage":"pt-PT","@id":"https:\/\/secure.gravatar.com\/avatar\/64ebac40b93f26a154f8a9b5b6fdccfc46f442b26b3dd6756dbff3bf9dc76fd7?s=96&d=mm&r=g","url":"https:\/\/secure.gravatar.com\/avatar\/64ebac40b93f26a154f8a9b5b6fdccfc46f442b26b3dd6756dbff3bf9dc76fd7?s=96&d=mm&r=g","contentUrl":"https:\/\/secure.gravatar.com\/avatar\/64ebac40b93f26a154f8a9b5b6fdccfc46f442b26b3dd6756dbff3bf9dc76fd7?s=96&d=mm&r=g","caption":"super-news"},"url":"https:\/\/super-news.info\/pt\/author\/pt\/"}]}},"_links":{"self":[{"href":"https:\/\/super-news.info\/pt\/wp-json\/wp\/v2\/posts\/1081","targetHints":{"allow":["GET"]}}],"collection":[{"href":"https:\/\/super-news.info\/pt\/wp-json\/wp\/v2\/posts"}],"about":[{"href":"https:\/\/super-news.info\/pt\/wp-json\/wp\/v2\/types\/post"}],"author":[{"embeddable":true,"href":"https:\/\/super-news.info\/pt\/wp-json\/wp\/v2\/users\/2"}],"replies":[{"embeddable":true,"href":"https:\/\/super-news.info\/pt\/wp-json\/wp\/v2\/comments?post=1081"}],"version-history":[{"count":1,"href":"https:\/\/super-news.info\/pt\/wp-json\/wp\/v2\/posts\/1081\/revisions"}],"predecessor-version":[{"id":1083,"href":"https:\/\/super-news.info\/pt\/wp-json\/wp\/v2\/posts\/1081\/revisions\/1083"}],"wp:featuredmedia":[{"embeddable":true,"href":"https:\/\/super-news.info\/pt\/wp-json\/wp\/v2\/media\/1082"}],"wp:attachment":[{"href":"https:\/\/super-news.info\/pt\/wp-json\/wp\/v2\/media?parent=1081"}],"wp:term":[{"taxonomy":"category","embeddable":true,"href":"https:\/\/super-news.info\/pt\/wp-json\/wp\/v2\/categories?post=1081"},{"taxonomy":"post_tag","embeddable":true,"href":"https:\/\/super-news.info\/pt\/wp-json\/wp\/v2\/tags?post=1081"}],"curies":[{"name":"wp","href":"https:\/\/api.w.org\/{rel}","templated":true}]}}