{"id":1075,"date":"2019-05-01T12:46:23","date_gmt":"2019-05-01T09:46:23","guid":{"rendered":"https:\/\/super-news.info\/pt\/proprietarios-comecam-a-pagar-o-imi-a-partir-desta-quarta-feira-o-jornal-economico\/"},"modified":"2019-05-01T12:46:24","modified_gmt":"2019-05-01T09:46:24","slug":"proprietarios-comecam-a-pagar-o-imi-a-partir-desta-quarta-feira-o-jornal-economico","status":"publish","type":"post","link":"https:\/\/super-news.info\/pt\/proprietarios-comecam-a-pagar-o-imi-a-partir-desta-quarta-feira-o-jornal-economico\/","title":{"rendered":"Propriet\u00e1rios come\u00e7am a pagar o IMI a partir desta quarta-feira \u2013 O Jornal Econ\u00f3mico"},"content":{"rendered":"<p> [ad_1]<br \/>\n<\/p>\n<div>\n<p>Os propriet\u00e1rios continuam com a op\u00e7\u00e3o de o fazer faseadamente ou uma \u00fanica vez, consoante o montante global, sendo que a primeira presta\u00e7\u00e3o do IMI ter\u00e1 de ser paga at\u00e9 ao final de maio.<\/p>\n<p>De acordo com a Autoridade Tribut\u00e1ria e Aduaneira, apenas 24% dos propriet\u00e1rios far\u00e3o um \u00fanico pagamento, porque pagam menos do que 100 euros de IMI.<\/p>\n<p>Ultrapassados os 100 euros, o Imposto Municipal sobre Im\u00f3veis dever\u00e1 ser dividido em duas ou tr\u00eas fases, a serem pagas em maio ou nas seguintes datas habituais (agosto e novembro) ou na totalidade.<\/p>\n<p>As notas de liquida\u00e7\u00e3o trar\u00e3o refer\u00eancias de pagamento para uma ou outra situa\u00e7\u00e3o.<\/p>\n<p>Entre os 100 e os 500 euros, o IMI \u00e9 automaticamente dividido em duas tranches de pagamento, se for mais de 500 euros, o pagamento \u00e9 dividido em tr\u00eas fases.<\/p>\n<p>A taxa de IMI sobre os pr\u00e9dios urbanos pode oscilar dentro de um intervalo entre 0,3% e 0,45%, mas o C\u00f3digo do IMI determina que as taxas \u201cs\u00e3o elevadas, anualmente, ao triplo nos casos de pr\u00e9dios urbanos que se encontrem devolutos h\u00e1 mais de um ano, e de pr\u00e9dios em ru\u00ednas\u201d.<\/p>\n<p>A Autoridade Tribut\u00e1ria e Aduaneira emitiu este ano 3.890.587 notas de cobran\u00e7a do Imposto Municipal sobre Im\u00f3veis e a maioria (58%) corresponde a valores entre os 100 e os 500 euros, sendo 24% as inferiores a 100 euros.<\/p>\n<p>De acordo com os dados facultados \u00e0 Lusa pelo Minist\u00e9rio das Finan\u00e7as, este ano, foram criadas 960.561 notas de cobran\u00e7a com valor inferior a 100 euros, o que significa que, perante o total de 3.890.587 liquida\u00e7\u00f5es emitidas, cerca de uma em cada quatro \u00e9 de valor inferior a uma centena de euros.<\/p>\n<p>O n\u00famero mais volumoso, correspondente a 2.260.885 notas de cobran\u00e7a, refere-se a valores de IMI entre os 100 e os 500 euros, enquanto as restantes 669.141 notas de cobran\u00e7a foram dirigidas aos propriet\u00e1rios com valores de IMI que superam os 500 euros.<\/p>\n<p>Quando a primeira presta\u00e7\u00e3o estava balizada nos 250 euros, era at\u00e9 este patamar de valores que se concentrava quase 56% das notas de liquida\u00e7\u00e3o j\u00e1 que 2.064.088 contribuintes pagavam o imposto apenas numa presta\u00e7\u00e3o.<\/p>\n<p>O IMI incide sobre o valor patrimonial dos im\u00f3veis sendo que, no caso dos urbanos, a taxa do imposto pode ser fixada pelas autarquias num intervalo entre 0,3% e 0,45%.<\/p>\n<p>Cabe tamb\u00e9m \u00e0s autarquias a decis\u00e3o de atribuir um desconto no imposto \u00e0s fam\u00edlias com dependentes, sendo este de 20 euros quando haja um dependente; de 40 euros quando h\u00e1 dois e de 70 euros quando s\u00e3o tr\u00eas ou mais dependentes.<\/p>\n<\/div>\n<p><script>\/*<![CDATA[*\/function facebookInit(){var js=document.createElement('script');js.src='https:\/\/connect.facebook.net\/pt_PT\/sdk.js#xfbml=1&#038;version=v3.1&#038;appId=1708066812789184&#038;autoLogAppEvents=1';return document.body.appendChild(js);}\nwindow.onscroll=function(){var rect=document.getElementsByClassName('je-post-content')[0].getBoundingClientRect();if(rect.bottom<window.innerHeight){facebookInit();window.onscroll=null;}}\/*]]>*\/<\/script><br \/>\n<br \/>[ad_2]<br \/>\n<br \/><a href=\"https:\/\/jornaleconomico.sapo.pt\/noticias\/proprietarios-comecam-a-pagar-o-imi-a-partir-desta-quarta-feira-439214\">Source link <\/a><\/p>\n","protected":false},"excerpt":{"rendered":"<p>[ad_1] Os propriet\u00e1rios continuam com a op\u00e7\u00e3o de o fazer faseadamente ou uma \u00fanica vez, consoante o montante global, sendo que a primeira presta\u00e7\u00e3o do IMI ter\u00e1 de ser paga at\u00e9 ao final de maio. De acordo com a Autoridade Tribut\u00e1ria e Aduaneira, apenas 24% dos propriet\u00e1rios far\u00e3o um \u00fanico pagamento, porque pagam menos do [&hellip;]<\/p>\n","protected":false},"author":2,"featured_media":1076,"comment_status":"open","ping_status":"open","sticky":false,"template":"","format":"standard","meta":{"footnotes":""},"categories":[1],"tags":[],"class_list":["post-1075","post","type-post","status-publish","format-standard","has-post-thumbnail","hentry","category-noticias-financeiras"],"yoast_head":"<!-- This site is optimized with the Yoast SEO plugin v27.4 - https:\/\/yoast.com\/product\/yoast-seo-wordpress\/ -->\n<title>Propriet\u00e1rios come\u00e7am a pagar o IMI a partir desta quarta-feira \u2013 O Jornal Econ\u00f3mico - Super News<\/title>\n<meta name=\"robots\" content=\"index, follow, max-snippet:-1, max-image-preview:large, max-video-preview:-1\" \/>\n<link rel=\"canonical\" href=\"https:\/\/super-news.info\/pt\/proprietarios-comecam-a-pagar-o-imi-a-partir-desta-quarta-feira-o-jornal-economico\/\" \/>\n<meta property=\"og:locale\" content=\"pt_PT\" \/>\n<meta property=\"og:type\" content=\"article\" \/>\n<meta property=\"og:title\" content=\"Propriet\u00e1rios come\u00e7am a pagar o IMI a partir desta quarta-feira \u2013 O Jornal Econ\u00f3mico - Super News\" \/>\n<meta property=\"og:description\" content=\"[ad_1] Os propriet\u00e1rios continuam com a op\u00e7\u00e3o de o fazer faseadamente ou uma \u00fanica vez, consoante o montante global, sendo que a primeira presta\u00e7\u00e3o do IMI ter\u00e1 de ser paga at\u00e9 ao final de maio. De acordo com a Autoridade Tribut\u00e1ria e Aduaneira, apenas 24% dos propriet\u00e1rios far\u00e3o um \u00fanico pagamento, porque pagam menos do [&hellip;]\" \/>\n<meta property=\"og:url\" content=\"https:\/\/super-news.info\/pt\/proprietarios-comecam-a-pagar-o-imi-a-partir-desta-quarta-feira-o-jornal-economico\/\" \/>\n<meta property=\"og:site_name\" content=\"Super News\" \/>\n<meta property=\"article:published_time\" content=\"2019-05-01T09:46:23+00:00\" \/>\n<meta property=\"article:modified_time\" content=\"2019-05-01T09:46:24+00:00\" \/>\n<meta property=\"og:image\" content=\"https:\/\/super-news.info\/pt\/wp-content\/uploads\/sites\/2\/2019\/05\/Propriet\u00e1rios-come\u00e7am-a-pagar-o-IMI-a-partir-desta-quarta-feira.jpg\" \/>\n\t<meta property=\"og:image:width\" content=\"960\" \/>\n\t<meta property=\"og:image:height\" content=\"600\" \/>\n\t<meta property=\"og:image:type\" content=\"image\/jpeg\" \/>\n<meta name=\"author\" content=\"super-news\" \/>\n<meta name=\"twitter:card\" content=\"summary_large_image\" \/>\n<meta name=\"twitter:label1\" content=\"Escrito por\" \/>\n\t<meta name=\"twitter:data1\" content=\"super-news\" \/>\n\t<meta name=\"twitter:label2\" content=\"Tempo estimado de leitura\" \/>\n\t<meta name=\"twitter:data2\" content=\"2 minutos\" \/>\n<script type=\"application\/ld+json\" class=\"yoast-schema-graph\">{\"@context\":\"https:\\\/\\\/schema.org\",\"@graph\":[{\"@type\":\"Article\",\"@id\":\"https:\\\/\\\/super-news.info\\\/pt\\\/proprietarios-comecam-a-pagar-o-imi-a-partir-desta-quarta-feira-o-jornal-economico\\\/#article\",\"isPartOf\":{\"@id\":\"https:\\\/\\\/super-news.info\\\/pt\\\/proprietarios-comecam-a-pagar-o-imi-a-partir-desta-quarta-feira-o-jornal-economico\\\/\"},\"author\":{\"name\":\"super-news\",\"@id\":\"https:\\\/\\\/super-news.info\\\/pt\\\/#\\\/schema\\\/person\\\/2d4068cb2f39cd10008c2fce578a7356\"},\"headline\":\"Propriet\u00e1rios come\u00e7am a pagar o IMI a partir desta quarta-feira \u2013 O Jornal Econ\u00f3mico\",\"datePublished\":\"2019-05-01T09:46:23+00:00\",\"dateModified\":\"2019-05-01T09:46:24+00:00\",\"mainEntityOfPage\":{\"@id\":\"https:\\\/\\\/super-news.info\\\/pt\\\/proprietarios-comecam-a-pagar-o-imi-a-partir-desta-quarta-feira-o-jornal-economico\\\/\"},\"wordCount\":448,\"commentCount\":0,\"image\":{\"@id\":\"https:\\\/\\\/super-news.info\\\/pt\\\/proprietarios-comecam-a-pagar-o-imi-a-partir-desta-quarta-feira-o-jornal-economico\\\/#primaryimage\"},\"thumbnailUrl\":\"https:\\\/\\\/super-news.info\\\/pt\\\/wp-content\\\/uploads\\\/sites\\\/2\\\/2019\\\/05\\\/Propriet\u00e1rios-come\u00e7am-a-pagar-o-IMI-a-partir-desta-quarta-feira.jpg\",\"articleSection\":[\"NOT\u00cdCIAS FINANCEIRAS\"],\"inLanguage\":\"pt-PT\",\"potentialAction\":[{\"@type\":\"CommentAction\",\"name\":\"Comment\",\"target\":[\"https:\\\/\\\/super-news.info\\\/pt\\\/proprietarios-comecam-a-pagar-o-imi-a-partir-desta-quarta-feira-o-jornal-economico\\\/#respond\"]}]},{\"@type\":\"WebPage\",\"@id\":\"https:\\\/\\\/super-news.info\\\/pt\\\/proprietarios-comecam-a-pagar-o-imi-a-partir-desta-quarta-feira-o-jornal-economico\\\/\",\"url\":\"https:\\\/\\\/super-news.info\\\/pt\\\/proprietarios-comecam-a-pagar-o-imi-a-partir-desta-quarta-feira-o-jornal-economico\\\/\",\"name\":\"Propriet\u00e1rios come\u00e7am a pagar o IMI a partir desta quarta-feira \u2013 O Jornal Econ\u00f3mico - Super News\",\"isPartOf\":{\"@id\":\"https:\\\/\\\/super-news.info\\\/pt\\\/#website\"},\"primaryImageOfPage\":{\"@id\":\"https:\\\/\\\/super-news.info\\\/pt\\\/proprietarios-comecam-a-pagar-o-imi-a-partir-desta-quarta-feira-o-jornal-economico\\\/#primaryimage\"},\"image\":{\"@id\":\"https:\\\/\\\/super-news.info\\\/pt\\\/proprietarios-comecam-a-pagar-o-imi-a-partir-desta-quarta-feira-o-jornal-economico\\\/#primaryimage\"},\"thumbnailUrl\":\"https:\\\/\\\/super-news.info\\\/pt\\\/wp-content\\\/uploads\\\/sites\\\/2\\\/2019\\\/05\\\/Propriet\u00e1rios-come\u00e7am-a-pagar-o-IMI-a-partir-desta-quarta-feira.jpg\",\"datePublished\":\"2019-05-01T09:46:23+00:00\",\"dateModified\":\"2019-05-01T09:46:24+00:00\",\"author\":{\"@id\":\"https:\\\/\\\/super-news.info\\\/pt\\\/#\\\/schema\\\/person\\\/2d4068cb2f39cd10008c2fce578a7356\"},\"breadcrumb\":{\"@id\":\"https:\\\/\\\/super-news.info\\\/pt\\\/proprietarios-comecam-a-pagar-o-imi-a-partir-desta-quarta-feira-o-jornal-economico\\\/#breadcrumb\"},\"inLanguage\":\"pt-PT\",\"potentialAction\":[{\"@type\":\"ReadAction\",\"target\":[\"https:\\\/\\\/super-news.info\\\/pt\\\/proprietarios-comecam-a-pagar-o-imi-a-partir-desta-quarta-feira-o-jornal-economico\\\/\"]}]},{\"@type\":\"ImageObject\",\"inLanguage\":\"pt-PT\",\"@id\":\"https:\\\/\\\/super-news.info\\\/pt\\\/proprietarios-comecam-a-pagar-o-imi-a-partir-desta-quarta-feira-o-jornal-economico\\\/#primaryimage\",\"url\":\"https:\\\/\\\/super-news.info\\\/pt\\\/wp-content\\\/uploads\\\/sites\\\/2\\\/2019\\\/05\\\/Propriet\u00e1rios-come\u00e7am-a-pagar-o-IMI-a-partir-desta-quarta-feira.jpg\",\"contentUrl\":\"https:\\\/\\\/super-news.info\\\/pt\\\/wp-content\\\/uploads\\\/sites\\\/2\\\/2019\\\/05\\\/Propriet\u00e1rios-come\u00e7am-a-pagar-o-IMI-a-partir-desta-quarta-feira.jpg\",\"width\":960,\"height\":600,\"caption\":\"Propriet\u00e1rios come\u00e7am a pagar o IMI a partir desta quarta-feira \u2013 O Jornal Econ\u00f3mico\"},{\"@type\":\"BreadcrumbList\",\"@id\":\"https:\\\/\\\/super-news.info\\\/pt\\\/proprietarios-comecam-a-pagar-o-imi-a-partir-desta-quarta-feira-o-jornal-economico\\\/#breadcrumb\",\"itemListElement\":[{\"@type\":\"ListItem\",\"position\":1,\"name\":\"\u0413\u043b\u0430\u0432\u043d\u0430\u044f \u0441\u0442\u0440\u0430\u043d\u0438\u0446\u0430\",\"item\":\"https:\\\/\\\/super-news.info\\\/pt\\\/\"},{\"@type\":\"ListItem\",\"position\":2,\"name\":\"Propriet\u00e1rios come\u00e7am a pagar o IMI a partir desta quarta-feira \u2013 O Jornal Econ\u00f3mico\"}]},{\"@type\":\"WebSite\",\"@id\":\"https:\\\/\\\/super-news.info\\\/pt\\\/#website\",\"url\":\"https:\\\/\\\/super-news.info\\\/pt\\\/\",\"name\":\"Super News\",\"description\":\"Super News Portugal\",\"potentialAction\":[{\"@type\":\"SearchAction\",\"target\":{\"@type\":\"EntryPoint\",\"urlTemplate\":\"https:\\\/\\\/super-news.info\\\/pt\\\/?s={search_term_string}\"},\"query-input\":{\"@type\":\"PropertyValueSpecification\",\"valueRequired\":true,\"valueName\":\"search_term_string\"}}],\"inLanguage\":\"pt-PT\"},{\"@type\":\"Person\",\"@id\":\"https:\\\/\\\/super-news.info\\\/pt\\\/#\\\/schema\\\/person\\\/2d4068cb2f39cd10008c2fce578a7356\",\"name\":\"super-news\",\"image\":{\"@type\":\"ImageObject\",\"inLanguage\":\"pt-PT\",\"@id\":\"https:\\\/\\\/secure.gravatar.com\\\/avatar\\\/64ebac40b93f26a154f8a9b5b6fdccfc46f442b26b3dd6756dbff3bf9dc76fd7?s=96&d=mm&r=g\",\"url\":\"https:\\\/\\\/secure.gravatar.com\\\/avatar\\\/64ebac40b93f26a154f8a9b5b6fdccfc46f442b26b3dd6756dbff3bf9dc76fd7?s=96&d=mm&r=g\",\"contentUrl\":\"https:\\\/\\\/secure.gravatar.com\\\/avatar\\\/64ebac40b93f26a154f8a9b5b6fdccfc46f442b26b3dd6756dbff3bf9dc76fd7?s=96&d=mm&r=g\",\"caption\":\"super-news\"},\"url\":\"https:\\\/\\\/super-news.info\\\/pt\\\/author\\\/pt\\\/\"}]}<\/script>\n<!-- \/ Yoast SEO plugin. -->","yoast_head_json":{"title":"Propriet\u00e1rios come\u00e7am a pagar o IMI a partir desta quarta-feira \u2013 O Jornal Econ\u00f3mico - Super News","robots":{"index":"index","follow":"follow","max-snippet":"max-snippet:-1","max-image-preview":"max-image-preview:large","max-video-preview":"max-video-preview:-1"},"canonical":"https:\/\/super-news.info\/pt\/proprietarios-comecam-a-pagar-o-imi-a-partir-desta-quarta-feira-o-jornal-economico\/","og_locale":"pt_PT","og_type":"article","og_title":"Propriet\u00e1rios come\u00e7am a pagar o IMI a partir desta quarta-feira \u2013 O Jornal Econ\u00f3mico - Super News","og_description":"[ad_1] Os propriet\u00e1rios continuam com a op\u00e7\u00e3o de o fazer faseadamente ou uma \u00fanica vez, consoante o montante global, sendo que a primeira presta\u00e7\u00e3o do IMI ter\u00e1 de ser paga at\u00e9 ao final de maio. De acordo com a Autoridade Tribut\u00e1ria e Aduaneira, apenas 24% dos propriet\u00e1rios far\u00e3o um \u00fanico pagamento, porque pagam menos do [&hellip;]","og_url":"https:\/\/super-news.info\/pt\/proprietarios-comecam-a-pagar-o-imi-a-partir-desta-quarta-feira-o-jornal-economico\/","og_site_name":"Super News","article_published_time":"2019-05-01T09:46:23+00:00","article_modified_time":"2019-05-01T09:46:24+00:00","og_image":[{"width":960,"height":600,"url":"https:\/\/super-news.info\/pt\/wp-content\/uploads\/sites\/2\/2019\/05\/Propriet\u00e1rios-come\u00e7am-a-pagar-o-IMI-a-partir-desta-quarta-feira.jpg","type":"image\/jpeg"}],"author":"super-news","twitter_card":"summary_large_image","twitter_misc":{"Escrito por":"super-news","Tempo estimado de leitura":"2 minutos"},"schema":{"@context":"https:\/\/schema.org","@graph":[{"@type":"Article","@id":"https:\/\/super-news.info\/pt\/proprietarios-comecam-a-pagar-o-imi-a-partir-desta-quarta-feira-o-jornal-economico\/#article","isPartOf":{"@id":"https:\/\/super-news.info\/pt\/proprietarios-comecam-a-pagar-o-imi-a-partir-desta-quarta-feira-o-jornal-economico\/"},"author":{"name":"super-news","@id":"https:\/\/super-news.info\/pt\/#\/schema\/person\/2d4068cb2f39cd10008c2fce578a7356"},"headline":"Propriet\u00e1rios come\u00e7am a pagar o IMI a partir desta quarta-feira \u2013 O Jornal Econ\u00f3mico","datePublished":"2019-05-01T09:46:23+00:00","dateModified":"2019-05-01T09:46:24+00:00","mainEntityOfPage":{"@id":"https:\/\/super-news.info\/pt\/proprietarios-comecam-a-pagar-o-imi-a-partir-desta-quarta-feira-o-jornal-economico\/"},"wordCount":448,"commentCount":0,"image":{"@id":"https:\/\/super-news.info\/pt\/proprietarios-comecam-a-pagar-o-imi-a-partir-desta-quarta-feira-o-jornal-economico\/#primaryimage"},"thumbnailUrl":"https:\/\/super-news.info\/pt\/wp-content\/uploads\/sites\/2\/2019\/05\/Propriet\u00e1rios-come\u00e7am-a-pagar-o-IMI-a-partir-desta-quarta-feira.jpg","articleSection":["NOT\u00cdCIAS FINANCEIRAS"],"inLanguage":"pt-PT","potentialAction":[{"@type":"CommentAction","name":"Comment","target":["https:\/\/super-news.info\/pt\/proprietarios-comecam-a-pagar-o-imi-a-partir-desta-quarta-feira-o-jornal-economico\/#respond"]}]},{"@type":"WebPage","@id":"https:\/\/super-news.info\/pt\/proprietarios-comecam-a-pagar-o-imi-a-partir-desta-quarta-feira-o-jornal-economico\/","url":"https:\/\/super-news.info\/pt\/proprietarios-comecam-a-pagar-o-imi-a-partir-desta-quarta-feira-o-jornal-economico\/","name":"Propriet\u00e1rios come\u00e7am a pagar o IMI a partir desta quarta-feira \u2013 O Jornal Econ\u00f3mico - Super News","isPartOf":{"@id":"https:\/\/super-news.info\/pt\/#website"},"primaryImageOfPage":{"@id":"https:\/\/super-news.info\/pt\/proprietarios-comecam-a-pagar-o-imi-a-partir-desta-quarta-feira-o-jornal-economico\/#primaryimage"},"image":{"@id":"https:\/\/super-news.info\/pt\/proprietarios-comecam-a-pagar-o-imi-a-partir-desta-quarta-feira-o-jornal-economico\/#primaryimage"},"thumbnailUrl":"https:\/\/super-news.info\/pt\/wp-content\/uploads\/sites\/2\/2019\/05\/Propriet\u00e1rios-come\u00e7am-a-pagar-o-IMI-a-partir-desta-quarta-feira.jpg","datePublished":"2019-05-01T09:46:23+00:00","dateModified":"2019-05-01T09:46:24+00:00","author":{"@id":"https:\/\/super-news.info\/pt\/#\/schema\/person\/2d4068cb2f39cd10008c2fce578a7356"},"breadcrumb":{"@id":"https:\/\/super-news.info\/pt\/proprietarios-comecam-a-pagar-o-imi-a-partir-desta-quarta-feira-o-jornal-economico\/#breadcrumb"},"inLanguage":"pt-PT","potentialAction":[{"@type":"ReadAction","target":["https:\/\/super-news.info\/pt\/proprietarios-comecam-a-pagar-o-imi-a-partir-desta-quarta-feira-o-jornal-economico\/"]}]},{"@type":"ImageObject","inLanguage":"pt-PT","@id":"https:\/\/super-news.info\/pt\/proprietarios-comecam-a-pagar-o-imi-a-partir-desta-quarta-feira-o-jornal-economico\/#primaryimage","url":"https:\/\/super-news.info\/pt\/wp-content\/uploads\/sites\/2\/2019\/05\/Propriet\u00e1rios-come\u00e7am-a-pagar-o-IMI-a-partir-desta-quarta-feira.jpg","contentUrl":"https:\/\/super-news.info\/pt\/wp-content\/uploads\/sites\/2\/2019\/05\/Propriet\u00e1rios-come\u00e7am-a-pagar-o-IMI-a-partir-desta-quarta-feira.jpg","width":960,"height":600,"caption":"Propriet\u00e1rios come\u00e7am a pagar o IMI a partir desta quarta-feira \u2013 O Jornal Econ\u00f3mico"},{"@type":"BreadcrumbList","@id":"https:\/\/super-news.info\/pt\/proprietarios-comecam-a-pagar-o-imi-a-partir-desta-quarta-feira-o-jornal-economico\/#breadcrumb","itemListElement":[{"@type":"ListItem","position":1,"name":"\u0413\u043b\u0430\u0432\u043d\u0430\u044f \u0441\u0442\u0440\u0430\u043d\u0438\u0446\u0430","item":"https:\/\/super-news.info\/pt\/"},{"@type":"ListItem","position":2,"name":"Propriet\u00e1rios come\u00e7am a pagar o IMI a partir desta quarta-feira \u2013 O Jornal Econ\u00f3mico"}]},{"@type":"WebSite","@id":"https:\/\/super-news.info\/pt\/#website","url":"https:\/\/super-news.info\/pt\/","name":"Super News","description":"Super News Portugal","potentialAction":[{"@type":"SearchAction","target":{"@type":"EntryPoint","urlTemplate":"https:\/\/super-news.info\/pt\/?s={search_term_string}"},"query-input":{"@type":"PropertyValueSpecification","valueRequired":true,"valueName":"search_term_string"}}],"inLanguage":"pt-PT"},{"@type":"Person","@id":"https:\/\/super-news.info\/pt\/#\/schema\/person\/2d4068cb2f39cd10008c2fce578a7356","name":"super-news","image":{"@type":"ImageObject","inLanguage":"pt-PT","@id":"https:\/\/secure.gravatar.com\/avatar\/64ebac40b93f26a154f8a9b5b6fdccfc46f442b26b3dd6756dbff3bf9dc76fd7?s=96&d=mm&r=g","url":"https:\/\/secure.gravatar.com\/avatar\/64ebac40b93f26a154f8a9b5b6fdccfc46f442b26b3dd6756dbff3bf9dc76fd7?s=96&d=mm&r=g","contentUrl":"https:\/\/secure.gravatar.com\/avatar\/64ebac40b93f26a154f8a9b5b6fdccfc46f442b26b3dd6756dbff3bf9dc76fd7?s=96&d=mm&r=g","caption":"super-news"},"url":"https:\/\/super-news.info\/pt\/author\/pt\/"}]}},"_links":{"self":[{"href":"https:\/\/super-news.info\/pt\/wp-json\/wp\/v2\/posts\/1075","targetHints":{"allow":["GET"]}}],"collection":[{"href":"https:\/\/super-news.info\/pt\/wp-json\/wp\/v2\/posts"}],"about":[{"href":"https:\/\/super-news.info\/pt\/wp-json\/wp\/v2\/types\/post"}],"author":[{"embeddable":true,"href":"https:\/\/super-news.info\/pt\/wp-json\/wp\/v2\/users\/2"}],"replies":[{"embeddable":true,"href":"https:\/\/super-news.info\/pt\/wp-json\/wp\/v2\/comments?post=1075"}],"version-history":[{"count":1,"href":"https:\/\/super-news.info\/pt\/wp-json\/wp\/v2\/posts\/1075\/revisions"}],"predecessor-version":[{"id":1077,"href":"https:\/\/super-news.info\/pt\/wp-json\/wp\/v2\/posts\/1075\/revisions\/1077"}],"wp:featuredmedia":[{"embeddable":true,"href":"https:\/\/super-news.info\/pt\/wp-json\/wp\/v2\/media\/1076"}],"wp:attachment":[{"href":"https:\/\/super-news.info\/pt\/wp-json\/wp\/v2\/media?parent=1075"}],"wp:term":[{"taxonomy":"category","embeddable":true,"href":"https:\/\/super-news.info\/pt\/wp-json\/wp\/v2\/categories?post=1075"},{"taxonomy":"post_tag","embeddable":true,"href":"https:\/\/super-news.info\/pt\/wp-json\/wp\/v2\/tags?post=1075"}],"curies":[{"name":"wp","href":"https:\/\/api.w.org\/{rel}","templated":true}]}}