{"id":1072,"date":"2019-05-01T10:57:21","date_gmt":"2019-05-01T07:57:21","guid":{"rendered":"https:\/\/super-news.info\/pt\/falta-de-diversidade-e-nociva-para-as-empresas-o-jornal-economico\/"},"modified":"2019-05-01T10:57:22","modified_gmt":"2019-05-01T07:57:22","slug":"falta-de-diversidade-e-nociva-para-as-empresas-o-jornal-economico","status":"publish","type":"post","link":"https:\/\/super-news.info\/pt\/falta-de-diversidade-e-nociva-para-as-empresas-o-jornal-economico\/","title":{"rendered":"Falta de diversidade \u00e9 nociva para as empresas \u2013 O Jornal Econ\u00f3mico"},"content":{"rendered":"<p> [ad_1]<br \/>\n<\/p>\n<div>\n<p>Quando pensamos em diversidade, ocorre-nos idade, g\u00e9nero, naturalidade e heran\u00e7a cultural. Mas a educa\u00e7\u00e3o, a forma\u00e7\u00e3o, o talento, as capacidades t\u00e9cnicas e as experi\u00eancias de cada um s\u00e3o fatores a n\u00e3o ignorar. Um local de trabalho que re\u00fana pessoas com estas caracter\u00edsticas diferentes \u00e9 mais rico, fomenta a criatividade, facilita a resolu\u00e7\u00e3o de problemas e, consequentemente, melhora a produtividade e o neg\u00f3cio.<\/p>\n<p>Estudos recentes mostram-nos que as empresas \u2013 sobretudo as tecnol\u00f3gicas \u2013 enfrentam grandes desafios desta \u00e1rea. Hoje, apenas 33% dos colaboradores desta ind\u00fastria s\u00e3o mulheres, das quais 75% ocupam cargos nas fun\u00e7\u00f5es de suporte, como marketing, comunica\u00e7\u00e3o, recursos humanos ou administra\u00e7\u00e3o. Sabe-se ainda que apenas 10% das <em>startups<\/em> tecnol\u00f3gicas foram fundadas por mulheres.<\/p>\n<p>Onde reside a urg\u00eancia da mudan\u00e7a? A revolu\u00e7\u00e3o digital ir\u00e1 eliminar metade das profiss\u00f5es existentes atualmente, muitas das quais asseguradas por mulheres. Se a paridade nos sectores digitais continuar a deteriorar-se \u2013 se n\u00e3o agirmos j\u00e1 \u2013, existe um risco real de aumento da marginaliza\u00e7\u00e3o das mulheres. Isso ter\u00e1 um grande impacto na sociedade, mas ir\u00e1 tamb\u00e9m refletir-se nos resultados das empresas.<\/p>\n<p>O primeiro passo para responder a este desafio \u00e9 assumir que ele existe e que influencia a tomada de decis\u00f5es. Numa \u00e9poca em que tanto se fala em sexismo, apercebemo-nos de que os preconceitos de g\u00e9nero est\u00e3o enraizados nas nossas casas, empresas e locais que frequentamos. S\u00e3o, muitas vezes, estere\u00f3tipos n\u00e3o intencionais (que nos passam completamente despercebidos), mas que condicionam o nosso comportamento perante os outros e a forma como abordamos um homem ou uma mulher, ou mesmo n\u00f3s pr\u00f3prios.<\/p>\n<p>\u00c0 luz deste cen\u00e1rio, parece-me claro que as empresas que pretendam permanecer inclusivas e verdadeiramente competitivas precisam de fazer da igualdade de g\u00e9nero uma prioridade no desenvolvimento da sua estrat\u00e9gia de recursos humanos e assim criar condi\u00e7\u00f5es para encontrar, contratar e sustentar uma for\u00e7a de trabalho mais diversa na \u00e1rea da tecnologia.<\/p>\n<p>Felizmente, existem empresas que t\u00eam feito um percurso not\u00e1vel, inovador e inspirador para preparar o futuro e combater os preconceitos de g\u00e9nero. Um dos melhores exemplos \u00e9 a EDP, que desde 2008 promove iniciativas para fomentar a Diversidade e a Inclus\u00e3o, n\u00e3o s\u00f3 no local de trabalho, como na Sociedade.<\/p>\n<p>Uma dessas iniciativas \u00e9 um programa de forma\u00e7\u00e3o dos colaboradores da empresa, que tem como objetivo identificar casos onde ocorrem preconceitos de g\u00e9nero e definir estrat\u00e9gias para ultrapassar situa\u00e7\u00f5es nas quais esses preconceitos podem mesmo p\u00f4r em causa o neg\u00f3cio. Este programa foi distinguido em 2017 pela Carta Portuguesa para a Diversidade da Comiss\u00e3o Europeia.<\/p>\n<p>Foi por isso que convid\u00e1mos o Jo\u00e3o Tavares, Diretor Adjunto de Recursos Humanos e respons\u00e1vel pela \u00e1rea de Talento da EDP, para o segundo <em>close-up <\/em>do programa Champion for Change, uma iniciativa de longo-prazo da Natixis que visa estimular e promover a presen\u00e7a e o trabalho das mulheres no mundo da tecnologia, em Portugal e no mundo.<\/p>\n<p>Com este projeto, iremos promover uma forte intera\u00e7\u00e3o com escolas, universidades, comunidades tecnol\u00f3gicas e influenciadores, permitindo que as jovens mulheres percebam que a tecnologia \u00e9 uma op\u00e7\u00e3o, aprendendo umas com as outras, criando oportunidades e ajudando a promover uma comunidade inclusiva e relevante. Porque a solu\u00e7\u00e3o para combater os preconceitos de g\u00e9nero est\u00e1 nos l\u00edderes de opini\u00e3o, nos atores pol\u00edticos, nas empresas, mas tamb\u00e9m em cada um de n\u00f3s e nas decis\u00f5es que tomamos todos os dias.<\/p>\n<\/div>\n<p><script>\/*<![CDATA[*\/function facebookInit(){var js=document.createElement('script');js.src='https:\/\/connect.facebook.net\/pt_PT\/sdk.js#xfbml=1&#038;version=v3.1&#038;appId=1708066812789184&#038;autoLogAppEvents=1';return document.body.appendChild(js);}\nwindow.onscroll=function(){var rect=document.getElementsByClassName('je-post-content')[0].getBoundingClientRect();if(rect.bottom<window.innerHeight){facebookInit();window.onscroll=null;}}\/*]]>*\/<\/script><br \/>\n<br \/>[ad_2]<br \/>\n<br \/><a href=\"https:\/\/jornaleconomico.sapo.pt\/noticias\/falta-de-diversidade-e-nociva-para-as-empresas-439118\">Source link <\/a><\/p>\n","protected":false},"excerpt":{"rendered":"<p>[ad_1] Quando pensamos em diversidade, ocorre-nos idade, g\u00e9nero, naturalidade e heran\u00e7a cultural. Mas a educa\u00e7\u00e3o, a forma\u00e7\u00e3o, o talento, as capacidades t\u00e9cnicas e as experi\u00eancias de cada um s\u00e3o fatores a n\u00e3o ignorar. Um local de trabalho que re\u00fana pessoas com estas caracter\u00edsticas diferentes \u00e9 mais rico, fomenta a criatividade, facilita a resolu\u00e7\u00e3o de problemas [&hellip;]<\/p>\n","protected":false},"author":2,"featured_media":1073,"comment_status":"open","ping_status":"open","sticky":false,"template":"","format":"standard","meta":{"footnotes":""},"categories":[1],"tags":[],"class_list":["post-1072","post","type-post","status-publish","format-standard","has-post-thumbnail","hentry","category-noticias-financeiras"],"yoast_head":"<!-- This site is optimized with the Yoast SEO plugin v27.4 - https:\/\/yoast.com\/product\/yoast-seo-wordpress\/ -->\n<title>Falta de diversidade \u00e9 nociva para as empresas \u2013 O Jornal Econ\u00f3mico - Super News<\/title>\n<meta name=\"robots\" content=\"index, follow, max-snippet:-1, max-image-preview:large, max-video-preview:-1\" \/>\n<link rel=\"canonical\" href=\"https:\/\/super-news.info\/pt\/falta-de-diversidade-e-nociva-para-as-empresas-o-jornal-economico\/\" \/>\n<meta property=\"og:locale\" content=\"pt_PT\" \/>\n<meta property=\"og:type\" content=\"article\" \/>\n<meta property=\"og:title\" content=\"Falta de diversidade \u00e9 nociva para as empresas \u2013 O Jornal Econ\u00f3mico - Super News\" \/>\n<meta property=\"og:description\" content=\"[ad_1] Quando pensamos em diversidade, ocorre-nos idade, g\u00e9nero, naturalidade e heran\u00e7a cultural. Mas a educa\u00e7\u00e3o, a forma\u00e7\u00e3o, o talento, as capacidades t\u00e9cnicas e as experi\u00eancias de cada um s\u00e3o fatores a n\u00e3o ignorar. Um local de trabalho que re\u00fana pessoas com estas caracter\u00edsticas diferentes \u00e9 mais rico, fomenta a criatividade, facilita a resolu\u00e7\u00e3o de problemas [&hellip;]\" \/>\n<meta property=\"og:url\" content=\"https:\/\/super-news.info\/pt\/falta-de-diversidade-e-nociva-para-as-empresas-o-jornal-economico\/\" \/>\n<meta property=\"og:site_name\" content=\"Super News\" \/>\n<meta property=\"article:published_time\" content=\"2019-05-01T07:57:21+00:00\" \/>\n<meta property=\"article:modified_time\" content=\"2019-05-01T07:57:22+00:00\" \/>\n<meta property=\"og:image\" content=\"https:\/\/super-news.info\/pt\/wp-content\/uploads\/sites\/2\/2019\/05\/Falta-de-diversidade-\u00e9-nociva-para-as-empresas-\u2013-O.jpg\" \/>\n\t<meta property=\"og:image:width\" content=\"200\" \/>\n\t<meta property=\"og:image:height\" content=\"200\" \/>\n\t<meta property=\"og:image:type\" content=\"image\/jpeg\" \/>\n<meta name=\"author\" content=\"super-news\" \/>\n<meta name=\"twitter:card\" content=\"summary_large_image\" \/>\n<meta name=\"twitter:label1\" content=\"Escrito por\" \/>\n\t<meta name=\"twitter:data1\" content=\"super-news\" \/>\n\t<meta name=\"twitter:label2\" content=\"Tempo estimado de leitura\" \/>\n\t<meta name=\"twitter:data2\" content=\"3 minutos\" \/>\n<script type=\"application\/ld+json\" class=\"yoast-schema-graph\">{\"@context\":\"https:\\\/\\\/schema.org\",\"@graph\":[{\"@type\":\"Article\",\"@id\":\"https:\\\/\\\/super-news.info\\\/pt\\\/falta-de-diversidade-e-nociva-para-as-empresas-o-jornal-economico\\\/#article\",\"isPartOf\":{\"@id\":\"https:\\\/\\\/super-news.info\\\/pt\\\/falta-de-diversidade-e-nociva-para-as-empresas-o-jornal-economico\\\/\"},\"author\":{\"name\":\"super-news\",\"@id\":\"https:\\\/\\\/super-news.info\\\/pt\\\/#\\\/schema\\\/person\\\/2d4068cb2f39cd10008c2fce578a7356\"},\"headline\":\"Falta de diversidade \u00e9 nociva para as empresas \u2013 O Jornal Econ\u00f3mico\",\"datePublished\":\"2019-05-01T07:57:21+00:00\",\"dateModified\":\"2019-05-01T07:57:22+00:00\",\"mainEntityOfPage\":{\"@id\":\"https:\\\/\\\/super-news.info\\\/pt\\\/falta-de-diversidade-e-nociva-para-as-empresas-o-jornal-economico\\\/\"},\"wordCount\":614,\"commentCount\":0,\"image\":{\"@id\":\"https:\\\/\\\/super-news.info\\\/pt\\\/falta-de-diversidade-e-nociva-para-as-empresas-o-jornal-economico\\\/#primaryimage\"},\"thumbnailUrl\":\"https:\\\/\\\/super-news.info\\\/pt\\\/wp-content\\\/uploads\\\/sites\\\/2\\\/2019\\\/05\\\/Falta-de-diversidade-\u00e9-nociva-para-as-empresas-\u2013-O.jpg\",\"articleSection\":[\"NOT\u00cdCIAS FINANCEIRAS\"],\"inLanguage\":\"pt-PT\",\"potentialAction\":[{\"@type\":\"CommentAction\",\"name\":\"Comment\",\"target\":[\"https:\\\/\\\/super-news.info\\\/pt\\\/falta-de-diversidade-e-nociva-para-as-empresas-o-jornal-economico\\\/#respond\"]}]},{\"@type\":\"WebPage\",\"@id\":\"https:\\\/\\\/super-news.info\\\/pt\\\/falta-de-diversidade-e-nociva-para-as-empresas-o-jornal-economico\\\/\",\"url\":\"https:\\\/\\\/super-news.info\\\/pt\\\/falta-de-diversidade-e-nociva-para-as-empresas-o-jornal-economico\\\/\",\"name\":\"Falta de diversidade \u00e9 nociva para as empresas \u2013 O Jornal Econ\u00f3mico - Super News\",\"isPartOf\":{\"@id\":\"https:\\\/\\\/super-news.info\\\/pt\\\/#website\"},\"primaryImageOfPage\":{\"@id\":\"https:\\\/\\\/super-news.info\\\/pt\\\/falta-de-diversidade-e-nociva-para-as-empresas-o-jornal-economico\\\/#primaryimage\"},\"image\":{\"@id\":\"https:\\\/\\\/super-news.info\\\/pt\\\/falta-de-diversidade-e-nociva-para-as-empresas-o-jornal-economico\\\/#primaryimage\"},\"thumbnailUrl\":\"https:\\\/\\\/super-news.info\\\/pt\\\/wp-content\\\/uploads\\\/sites\\\/2\\\/2019\\\/05\\\/Falta-de-diversidade-\u00e9-nociva-para-as-empresas-\u2013-O.jpg\",\"datePublished\":\"2019-05-01T07:57:21+00:00\",\"dateModified\":\"2019-05-01T07:57:22+00:00\",\"author\":{\"@id\":\"https:\\\/\\\/super-news.info\\\/pt\\\/#\\\/schema\\\/person\\\/2d4068cb2f39cd10008c2fce578a7356\"},\"breadcrumb\":{\"@id\":\"https:\\\/\\\/super-news.info\\\/pt\\\/falta-de-diversidade-e-nociva-para-as-empresas-o-jornal-economico\\\/#breadcrumb\"},\"inLanguage\":\"pt-PT\",\"potentialAction\":[{\"@type\":\"ReadAction\",\"target\":[\"https:\\\/\\\/super-news.info\\\/pt\\\/falta-de-diversidade-e-nociva-para-as-empresas-o-jornal-economico\\\/\"]}]},{\"@type\":\"ImageObject\",\"inLanguage\":\"pt-PT\",\"@id\":\"https:\\\/\\\/super-news.info\\\/pt\\\/falta-de-diversidade-e-nociva-para-as-empresas-o-jornal-economico\\\/#primaryimage\",\"url\":\"https:\\\/\\\/super-news.info\\\/pt\\\/wp-content\\\/uploads\\\/sites\\\/2\\\/2019\\\/05\\\/Falta-de-diversidade-\u00e9-nociva-para-as-empresas-\u2013-O.jpg\",\"contentUrl\":\"https:\\\/\\\/super-news.info\\\/pt\\\/wp-content\\\/uploads\\\/sites\\\/2\\\/2019\\\/05\\\/Falta-de-diversidade-\u00e9-nociva-para-as-empresas-\u2013-O.jpg\",\"width\":200,\"height\":200,\"caption\":\"Falta de diversidade \u00e9 nociva para as empresas \u2013 O Jornal Econ\u00f3mico\"},{\"@type\":\"BreadcrumbList\",\"@id\":\"https:\\\/\\\/super-news.info\\\/pt\\\/falta-de-diversidade-e-nociva-para-as-empresas-o-jornal-economico\\\/#breadcrumb\",\"itemListElement\":[{\"@type\":\"ListItem\",\"position\":1,\"name\":\"\u0413\u043b\u0430\u0432\u043d\u0430\u044f \u0441\u0442\u0440\u0430\u043d\u0438\u0446\u0430\",\"item\":\"https:\\\/\\\/super-news.info\\\/pt\\\/\"},{\"@type\":\"ListItem\",\"position\":2,\"name\":\"Falta de diversidade \u00e9 nociva para as empresas \u2013 O Jornal Econ\u00f3mico\"}]},{\"@type\":\"WebSite\",\"@id\":\"https:\\\/\\\/super-news.info\\\/pt\\\/#website\",\"url\":\"https:\\\/\\\/super-news.info\\\/pt\\\/\",\"name\":\"Super News\",\"description\":\"Super News Portugal\",\"potentialAction\":[{\"@type\":\"SearchAction\",\"target\":{\"@type\":\"EntryPoint\",\"urlTemplate\":\"https:\\\/\\\/super-news.info\\\/pt\\\/?s={search_term_string}\"},\"query-input\":{\"@type\":\"PropertyValueSpecification\",\"valueRequired\":true,\"valueName\":\"search_term_string\"}}],\"inLanguage\":\"pt-PT\"},{\"@type\":\"Person\",\"@id\":\"https:\\\/\\\/super-news.info\\\/pt\\\/#\\\/schema\\\/person\\\/2d4068cb2f39cd10008c2fce578a7356\",\"name\":\"super-news\",\"image\":{\"@type\":\"ImageObject\",\"inLanguage\":\"pt-PT\",\"@id\":\"https:\\\/\\\/secure.gravatar.com\\\/avatar\\\/64ebac40b93f26a154f8a9b5b6fdccfc46f442b26b3dd6756dbff3bf9dc76fd7?s=96&d=mm&r=g\",\"url\":\"https:\\\/\\\/secure.gravatar.com\\\/avatar\\\/64ebac40b93f26a154f8a9b5b6fdccfc46f442b26b3dd6756dbff3bf9dc76fd7?s=96&d=mm&r=g\",\"contentUrl\":\"https:\\\/\\\/secure.gravatar.com\\\/avatar\\\/64ebac40b93f26a154f8a9b5b6fdccfc46f442b26b3dd6756dbff3bf9dc76fd7?s=96&d=mm&r=g\",\"caption\":\"super-news\"},\"url\":\"https:\\\/\\\/super-news.info\\\/pt\\\/author\\\/pt\\\/\"}]}<\/script>\n<!-- \/ Yoast SEO plugin. -->","yoast_head_json":{"title":"Falta de diversidade \u00e9 nociva para as empresas \u2013 O Jornal Econ\u00f3mico - Super News","robots":{"index":"index","follow":"follow","max-snippet":"max-snippet:-1","max-image-preview":"max-image-preview:large","max-video-preview":"max-video-preview:-1"},"canonical":"https:\/\/super-news.info\/pt\/falta-de-diversidade-e-nociva-para-as-empresas-o-jornal-economico\/","og_locale":"pt_PT","og_type":"article","og_title":"Falta de diversidade \u00e9 nociva para as empresas \u2013 O Jornal Econ\u00f3mico - Super News","og_description":"[ad_1] Quando pensamos em diversidade, ocorre-nos idade, g\u00e9nero, naturalidade e heran\u00e7a cultural. Mas a educa\u00e7\u00e3o, a forma\u00e7\u00e3o, o talento, as capacidades t\u00e9cnicas e as experi\u00eancias de cada um s\u00e3o fatores a n\u00e3o ignorar. Um local de trabalho que re\u00fana pessoas com estas caracter\u00edsticas diferentes \u00e9 mais rico, fomenta a criatividade, facilita a resolu\u00e7\u00e3o de problemas [&hellip;]","og_url":"https:\/\/super-news.info\/pt\/falta-de-diversidade-e-nociva-para-as-empresas-o-jornal-economico\/","og_site_name":"Super News","article_published_time":"2019-05-01T07:57:21+00:00","article_modified_time":"2019-05-01T07:57:22+00:00","og_image":[{"width":200,"height":200,"url":"https:\/\/super-news.info\/pt\/wp-content\/uploads\/sites\/2\/2019\/05\/Falta-de-diversidade-\u00e9-nociva-para-as-empresas-\u2013-O.jpg","type":"image\/jpeg"}],"author":"super-news","twitter_card":"summary_large_image","twitter_misc":{"Escrito por":"super-news","Tempo estimado de leitura":"3 minutos"},"schema":{"@context":"https:\/\/schema.org","@graph":[{"@type":"Article","@id":"https:\/\/super-news.info\/pt\/falta-de-diversidade-e-nociva-para-as-empresas-o-jornal-economico\/#article","isPartOf":{"@id":"https:\/\/super-news.info\/pt\/falta-de-diversidade-e-nociva-para-as-empresas-o-jornal-economico\/"},"author":{"name":"super-news","@id":"https:\/\/super-news.info\/pt\/#\/schema\/person\/2d4068cb2f39cd10008c2fce578a7356"},"headline":"Falta de diversidade \u00e9 nociva para as empresas \u2013 O Jornal Econ\u00f3mico","datePublished":"2019-05-01T07:57:21+00:00","dateModified":"2019-05-01T07:57:22+00:00","mainEntityOfPage":{"@id":"https:\/\/super-news.info\/pt\/falta-de-diversidade-e-nociva-para-as-empresas-o-jornal-economico\/"},"wordCount":614,"commentCount":0,"image":{"@id":"https:\/\/super-news.info\/pt\/falta-de-diversidade-e-nociva-para-as-empresas-o-jornal-economico\/#primaryimage"},"thumbnailUrl":"https:\/\/super-news.info\/pt\/wp-content\/uploads\/sites\/2\/2019\/05\/Falta-de-diversidade-\u00e9-nociva-para-as-empresas-\u2013-O.jpg","articleSection":["NOT\u00cdCIAS FINANCEIRAS"],"inLanguage":"pt-PT","potentialAction":[{"@type":"CommentAction","name":"Comment","target":["https:\/\/super-news.info\/pt\/falta-de-diversidade-e-nociva-para-as-empresas-o-jornal-economico\/#respond"]}]},{"@type":"WebPage","@id":"https:\/\/super-news.info\/pt\/falta-de-diversidade-e-nociva-para-as-empresas-o-jornal-economico\/","url":"https:\/\/super-news.info\/pt\/falta-de-diversidade-e-nociva-para-as-empresas-o-jornal-economico\/","name":"Falta de diversidade \u00e9 nociva para as empresas \u2013 O Jornal Econ\u00f3mico - Super News","isPartOf":{"@id":"https:\/\/super-news.info\/pt\/#website"},"primaryImageOfPage":{"@id":"https:\/\/super-news.info\/pt\/falta-de-diversidade-e-nociva-para-as-empresas-o-jornal-economico\/#primaryimage"},"image":{"@id":"https:\/\/super-news.info\/pt\/falta-de-diversidade-e-nociva-para-as-empresas-o-jornal-economico\/#primaryimage"},"thumbnailUrl":"https:\/\/super-news.info\/pt\/wp-content\/uploads\/sites\/2\/2019\/05\/Falta-de-diversidade-\u00e9-nociva-para-as-empresas-\u2013-O.jpg","datePublished":"2019-05-01T07:57:21+00:00","dateModified":"2019-05-01T07:57:22+00:00","author":{"@id":"https:\/\/super-news.info\/pt\/#\/schema\/person\/2d4068cb2f39cd10008c2fce578a7356"},"breadcrumb":{"@id":"https:\/\/super-news.info\/pt\/falta-de-diversidade-e-nociva-para-as-empresas-o-jornal-economico\/#breadcrumb"},"inLanguage":"pt-PT","potentialAction":[{"@type":"ReadAction","target":["https:\/\/super-news.info\/pt\/falta-de-diversidade-e-nociva-para-as-empresas-o-jornal-economico\/"]}]},{"@type":"ImageObject","inLanguage":"pt-PT","@id":"https:\/\/super-news.info\/pt\/falta-de-diversidade-e-nociva-para-as-empresas-o-jornal-economico\/#primaryimage","url":"https:\/\/super-news.info\/pt\/wp-content\/uploads\/sites\/2\/2019\/05\/Falta-de-diversidade-\u00e9-nociva-para-as-empresas-\u2013-O.jpg","contentUrl":"https:\/\/super-news.info\/pt\/wp-content\/uploads\/sites\/2\/2019\/05\/Falta-de-diversidade-\u00e9-nociva-para-as-empresas-\u2013-O.jpg","width":200,"height":200,"caption":"Falta de diversidade \u00e9 nociva para as empresas \u2013 O Jornal Econ\u00f3mico"},{"@type":"BreadcrumbList","@id":"https:\/\/super-news.info\/pt\/falta-de-diversidade-e-nociva-para-as-empresas-o-jornal-economico\/#breadcrumb","itemListElement":[{"@type":"ListItem","position":1,"name":"\u0413\u043b\u0430\u0432\u043d\u0430\u044f \u0441\u0442\u0440\u0430\u043d\u0438\u0446\u0430","item":"https:\/\/super-news.info\/pt\/"},{"@type":"ListItem","position":2,"name":"Falta de diversidade \u00e9 nociva para as empresas \u2013 O Jornal Econ\u00f3mico"}]},{"@type":"WebSite","@id":"https:\/\/super-news.info\/pt\/#website","url":"https:\/\/super-news.info\/pt\/","name":"Super News","description":"Super News Portugal","potentialAction":[{"@type":"SearchAction","target":{"@type":"EntryPoint","urlTemplate":"https:\/\/super-news.info\/pt\/?s={search_term_string}"},"query-input":{"@type":"PropertyValueSpecification","valueRequired":true,"valueName":"search_term_string"}}],"inLanguage":"pt-PT"},{"@type":"Person","@id":"https:\/\/super-news.info\/pt\/#\/schema\/person\/2d4068cb2f39cd10008c2fce578a7356","name":"super-news","image":{"@type":"ImageObject","inLanguage":"pt-PT","@id":"https:\/\/secure.gravatar.com\/avatar\/64ebac40b93f26a154f8a9b5b6fdccfc46f442b26b3dd6756dbff3bf9dc76fd7?s=96&d=mm&r=g","url":"https:\/\/secure.gravatar.com\/avatar\/64ebac40b93f26a154f8a9b5b6fdccfc46f442b26b3dd6756dbff3bf9dc76fd7?s=96&d=mm&r=g","contentUrl":"https:\/\/secure.gravatar.com\/avatar\/64ebac40b93f26a154f8a9b5b6fdccfc46f442b26b3dd6756dbff3bf9dc76fd7?s=96&d=mm&r=g","caption":"super-news"},"url":"https:\/\/super-news.info\/pt\/author\/pt\/"}]}},"_links":{"self":[{"href":"https:\/\/super-news.info\/pt\/wp-json\/wp\/v2\/posts\/1072","targetHints":{"allow":["GET"]}}],"collection":[{"href":"https:\/\/super-news.info\/pt\/wp-json\/wp\/v2\/posts"}],"about":[{"href":"https:\/\/super-news.info\/pt\/wp-json\/wp\/v2\/types\/post"}],"author":[{"embeddable":true,"href":"https:\/\/super-news.info\/pt\/wp-json\/wp\/v2\/users\/2"}],"replies":[{"embeddable":true,"href":"https:\/\/super-news.info\/pt\/wp-json\/wp\/v2\/comments?post=1072"}],"version-history":[{"count":1,"href":"https:\/\/super-news.info\/pt\/wp-json\/wp\/v2\/posts\/1072\/revisions"}],"predecessor-version":[{"id":1074,"href":"https:\/\/super-news.info\/pt\/wp-json\/wp\/v2\/posts\/1072\/revisions\/1074"}],"wp:featuredmedia":[{"embeddable":true,"href":"https:\/\/super-news.info\/pt\/wp-json\/wp\/v2\/media\/1073"}],"wp:attachment":[{"href":"https:\/\/super-news.info\/pt\/wp-json\/wp\/v2\/media?parent=1072"}],"wp:term":[{"taxonomy":"category","embeddable":true,"href":"https:\/\/super-news.info\/pt\/wp-json\/wp\/v2\/categories?post=1072"},{"taxonomy":"post_tag","embeddable":true,"href":"https:\/\/super-news.info\/pt\/wp-json\/wp\/v2\/tags?post=1072"}],"curies":[{"name":"wp","href":"https:\/\/api.w.org\/{rel}","templated":true}]}}