{"id":1069,"date":"2019-05-01T08:34:55","date_gmt":"2019-05-01T05:34:55","guid":{"rendered":"https:\/\/super-news.info\/pt\/sag-com-prejuizos-de-1769-milhoes-e-capitais-proprios-negativos-em-1692-milhoes-o-jornal-economico\/"},"modified":"2019-05-01T08:34:56","modified_gmt":"2019-05-01T05:34:56","slug":"sag-com-prejuizos-de-1769-milhoes-e-capitais-proprios-negativos-em-1692-milhoes-o-jornal-economico","status":"publish","type":"post","link":"https:\/\/super-news.info\/pt\/sag-com-prejuizos-de-1769-milhoes-e-capitais-proprios-negativos-em-1692-milhoes-o-jornal-economico\/","title":{"rendered":"SAG com preju\u00edzos de 176,9 milh\u00f5es e capitais pr\u00f3prios negativos em 169,2 milh\u00f5es \u2013 O Jornal Econ\u00f3mico"},"content":{"rendered":"<p> [ad_1]<br \/>\n<\/p>\n<div>\n<p>A SAG GEST \u2013 Solu\u00e7\u00f5es Autom\u00f3vel Globais, SGPS, (SAG), que anunciou o acordo de vendada SIVA\u00a0 \u00e0 Porsche Holding depois de uma OPA previamente lan\u00e7ada por Jo\u00e3o Pereira Coutinho, anunciou um resultado l\u00edquido consolidado relativo a 2018 negativo em 176,9 milh\u00f5es capitais pr\u00f3prios s\u00e3o negativos em 169,2 milh\u00f5es.<\/p>\n<p>Estes n\u00fameros n\u00e3o s\u00e3o ainda auditados e a SAG justifica com este acordo de venda o facto de n\u00e3o ter cumprido o prazo regulamentar para a devida divulga\u00e7\u00e3o dos documentos de presta\u00e7\u00e3o de contas.<\/p>\n<p>Em comunicado a SAG\u00a0vem informar e esclarecer o mercado que dada\u00a0a \u201ccomplexidade do processo negocial tendente ao acordo celebrado nesta ter\u00e7a-feira entre\u00a0a SAG e a Porsche Holding Gesellschaft m.b.H.,\u00a0o qual tem em vista assegurar a sustentabilidade e continuidade do neg\u00f3cio autom\u00f3vel\u00a0da SAG\u201d, revelou-se necess\u00e1rio \u201caguardar pela celebra\u00e7\u00e3o do acordo para o\u00a0incluirmos como evento subsequente nos relat\u00f3rios e para se proceder a uma \u00faltima revis\u00e3o\u00a0das Demonstra\u00e7\u00f5es Financeiras Separadas e Consolidadas do Exerc\u00edcio 2018 por forma a refletir\u00a0adequadamente as opera\u00e7\u00f5es subjacentes e integrantes da opera\u00e7\u00e3o de transa\u00e7\u00e3o, o que n\u00e3o foi poss\u00edvel concluir at\u00e9 \u00e0 presente data, prazo regulamentar para a devida divulga\u00e7\u00e3o dos documentos de\u00a0presta\u00e7\u00e3o de contas\u201d.<\/p>\n<p>\u201cNeste contexto, e n\u00e3o tendo sido poss\u00edvel finalizar atempadamente, como era inten\u00e7\u00e3o da SAG,\u00a0o processo de prepara\u00e7\u00e3o das Demonstra\u00e7\u00f5es Financeiras do Exerc\u00edcio de 2018, entendeu-se\u00a0\u00a0adequado a divulga\u00e7\u00e3o das mesmas at\u00e9 ao dia 8 de maio de 2019, com vista a concluir o\u00a0respectivo processo de revis\u00e3o pelos auditores externo\u201d, l\u00ea-se no comunicado.<\/p>\n<p>A SAG comunicou \u00e0 CMVM os resultados consolidados de 2018. Este foi um entre muitos outros comunicados da empresa de Jo\u00e3o Pereira Coutinho, nomeadamente o comunicado do acordo com a Porsche Holding e com os\u00a0bancos BCP, o Banco BPI, a Caixa Geral de\u00a0Dep\u00f3sitos, e o Novo Banco, credores da SAG e\u00a0das suas subsidi\u00e1rias, com vista a assegurar a sustentabilidade e\u00a0continuidade do neg\u00f3cio autom\u00f3vel da SAG, atualmente desenvolvido pela SIVA \u2013 Sociedade de\u00a0Importa\u00e7\u00e3o de Ve\u00edculos Autom\u00f3veis. E uma pr\u00e9via\u00a0oferta p\u00fablica geral e volunt\u00e1ria de aquisi\u00e7\u00e3o (OPA) das\u00a0a\u00e7\u00f5es representativas do capital social da SAG GEST, lan\u00e7ada por Jo\u00e3o Pereira Coutinho a 0,0615 euros por a\u00e7\u00e3o, com vista a tirar previamente a empresa de bolsa.<\/p>\n<p>O volume de neg\u00f3cios consolidado da SAG em 2018 registou uma redu\u00e7\u00e3o de 13,7%,\u00a0para 535,1 milh\u00f5es em rela\u00e7\u00e3o ao valor de 2017 (619,7 milh\u00f5es).<\/p>\n<p>O total de viaturas novas comercializadas pela SIVA (20.349 unidades)\u00a0registou uma redu\u00e7\u00e3o de 32,6% no ano de 2018 face ao ano anterior em que foram vendidas 30.171 unidades. O total de viaturas vendidas em 2018 correspondeu uma\u00a0quota de 8,4% no mercado de ve\u00edculos ligeiros de passageiros (que compara com 12,8%\u00a0em 2017) e de 7,6% no mercado de ve\u00edculos ligeiros (de passageiros + ve\u00edculos comerciais ligeiros), que compara com a quota de mercado de 11,6% do ano\u00a0anterior.<\/p>\n<p>O volume de viaturas de passageiros foi 19.075 unidades e o de ve\u00edculos comerciais ligeiros foi 1.274 unidades, correspondendo estas a uma\u00a0quota de 3,2% no mercado ve\u00edculos comerciais ligeiros. Considerando as vers\u00f5es de mercadorias e de passageiros dos\u00a0ve\u00edculos da Marca VW VCL (Caddy, Transporter, Crafter e Amarok), o volume anual foi 1.772\u00a0unidades. Esta redu\u00e7\u00e3o de volumes, transversal a todas as Marcas representadas pela Subsidi\u00e1ria SIVA, deve-se essencialmente a tr\u00eas fatores. O primeiro \u00e9 a forte redu\u00e7\u00e3o do volume relativo ao neg\u00f3cio de \u201cRent-a-Car\u201d devido \u00e0 margem reduzida deste canal e ao elevado risco envolvido (Buy Backs).O segundo a elimina\u00e7\u00e3o do volume de \u201dself registration\u201d (viaturas matriculadas para venda em\u00a0per\u00edodos subsequentes), devido ao elevado n\u00edvel de descontos que este tipo de venda\u00a0envolve. O terceiro a falta de disponibilidade de stocks de in\u00fameros modelos de todas as marcas, resultante\u00a0de atrasos na produ\u00e7\u00e3o decorrentes do novo processo de homologa\u00e7\u00e3o dos ve\u00edculos\u00a0autom\u00f3veis (WLTP) na Europa, com impacto significativo nas nossas vendas a partir de\u00a0agosto de 2018.<\/p>\n<p>No retalho autom\u00f3vel, o\u00a0n\u00famero de viaturas novas das Marcas Volkswagen, Audi, \u0160koda e Volkswagen \u2013 Ve\u00edculos<br \/>Comerciais vendidas pelas Concess\u00f5es Soauto (Soauto SA, Loures Autom\u00f3veis, Rolporto e Rolvia),\u00a0em 2018, foi de 3.831 unidades, o que representou uma diminui\u00e7\u00e3o de 13,4% em rela\u00e7\u00e3o ao mesmo\u00a0per\u00edodo do ano anterior.<\/p>\n<p>A contribui\u00e7\u00e3o da organiza\u00e7\u00e3o Soauto para o volume de neg\u00f3cios consolidado foi 127,6 milh\u00f5es de euros,<br \/>registando uma ligeira redu\u00e7\u00e3o de 4,6% em rela\u00e7\u00e3o ao valor de 133,8 milh\u00f5es de 2017.<\/p>\n<p>O EBITDA Consolidado numa base recorrente foi negativo em 701,1 mil euros, o que foi\u00a0muito influenciado pelo resultado do primeiro trimestre do ano em que\u00a0reportaram um preju\u00edzo de 3,6 milh\u00f5es.<\/p>\n<p>A SAG diz que o resultado do primeiro trimestre de 2018 foi essencialmente consequ\u00eancia de opera\u00e7\u00f5es pontuais de venda de viaturas usadas e de ve\u00edculos \u201cself\u00a0registration\u201d com impacto direto na deteriora\u00e7\u00e3o das margens, tendo como objetivo a r\u00e1pida redu\u00e7\u00e3o dos invent\u00e1rios deste tipo de viaturas; redu\u00e7\u00e3o\u00a0da atividade de carros novos que se deveu \u00e0 redu\u00e7\u00e3o de volumes no\u00a0canal e \u00e0 redu\u00e7\u00e3o de matr\u00edculas de viaturas de \u201cself registration\u201d.<\/p>\n<p>Em 2018 foram registadas imparidades no valor de 152 milh\u00f5es. A SAG diz que este\u00a0efeito \u201cnon-cash\u201d teve consequentemente um impacto significativo no resultado consolidado e no capital pr\u00f3prio do consolidado da SAG Gest.\u00a0 Os ativos envolvidos na transa\u00e7\u00e3o passaram em 2018 a estar\u00a0classificados como ativos\/passivos detidos para venda. A altera\u00e7\u00e3o\u00a0decorrente da restrutura\u00e7\u00e3o implicou o registo de imparidades com partes\u00a0relacionadas que alteram significativamente a compara\u00e7\u00e3o com o exerc\u00edcio de\u00a02017, explicou a SAG.<\/p>\n<p>Assim, o Resultado L\u00edquido Consolidado foi negativo em 176,9 milh\u00f5es e\u00a0os capitais pr\u00f3prios s\u00e3o negativos em 169,2 milh\u00f5es.<\/p>\n<p>A D\u00edvida L\u00edquida Consolidada no final de Dezembro de 2018 era 129,1\u00a0milh\u00f5es, registando um aumento de 4,0 milh\u00f5es em rela\u00e7\u00e3o ao valor do\u00a0final do ano de 2017.<\/p>\n<p>Diz o Grupo que \u201capesar\u00a0do processo de reestrutura\u00e7\u00e3o conclu\u00eddo pela SAG Gest em dezembro de 2015 com os seus principais\u00a0bancos lhe ter permitido o reequil\u00edbrio da sua estrutura financeira consolidada e criado condi\u00e7\u00f5es para a\u00a0continuidade das opera\u00e7\u00f5es da SAG Gest e das suas participadas , no final\u00a0do exerc\u00edcio de 2017, com a deteriora\u00e7\u00e3o das condi\u00e7\u00f5es do neg\u00f3cio a situa\u00e7\u00e3o financeira do Grupo SAG\u00a0deteriorou-se , agravando assim o risco de liquidez do Grupo e a sua rentabilidade operacional e financeira\u201d.<\/p>\n<p>\u201cDecorrente do processo negocial com os diversos \u201cstakeholders\u201d, incluindo\u00a0as marcas representadas pela subsidi\u00e1ria SIVA, as institui\u00e7\u00f5es financeiras\u00a0que participam nos financiamentos e garantias que o Grupo SAG disp\u00f5e e\u00a0entidades do Grupo VW, foi poss\u00edvel estabelecer um acordo que permitir\u00e1\u00a0garantir a continuidade das opera\u00e7\u00f5es\u201d, explica a empresa.<\/p>\n<p>No acordo estabelecido entre a SAG Gest, a Porsche Holdings (Sociedade\u00a0pertencente ao Grupo VW) e as Institui\u00e7\u00f5es financeiras que participam nos\u00a0financiamentos e garantias do Grupo SAG, os neg\u00f3cios da Distribui\u00e7\u00e3o e<br \/>Retalho Autom\u00f3vel, ser\u00e3o alienados pela SAG \u00e0 Porsche Holdings, devendo\u00a0este processo estar conclu\u00eddo no decurso de 2019.<\/p>\n<p>Ora, diz a SAG, \u201cesta opera\u00e7\u00e3o permitir\u00e1 adequar a estrutura de Capital da Sociedade que\u00a0assegure a capacidade de exercer a sua atividade em bases sustent\u00e1veis\u201d.<\/p>\n<p>\u00a0<\/p>\n<p>\u00a0<\/p>\n<\/div>\n<p><script>\/*<![CDATA[*\/function facebookInit(){var js=document.createElement('script');js.src='https:\/\/connect.facebook.net\/pt_PT\/sdk.js#xfbml=1&#038;version=v3.1&#038;appId=1708066812789184&#038;autoLogAppEvents=1';return document.body.appendChild(js);}\nwindow.onscroll=function(){var rect=document.getElementsByClassName('je-post-content')[0].getBoundingClientRect();if(rect.bottom<window.innerHeight){facebookInit();window.onscroll=null;}}\/*]]>*\/<\/script><br \/>\n<br \/>[ad_2]<br \/>\n<br \/><a href=\"https:\/\/jornaleconomico.sapo.pt\/noticias\/sag-com-prejuizos-de-1769-milhoes-e-capitais-proprios-negativos-em-1692-milhoes-439191\">Source link <\/a><\/p>\n","protected":false},"excerpt":{"rendered":"<p>[ad_1] A SAG GEST \u2013 Solu\u00e7\u00f5es Autom\u00f3vel Globais, SGPS, (SAG), que anunciou o acordo de vendada SIVA\u00a0 \u00e0 Porsche Holding depois de uma OPA previamente lan\u00e7ada por Jo\u00e3o Pereira Coutinho, anunciou um resultado l\u00edquido consolidado relativo a 2018 negativo em 176,9 milh\u00f5es capitais pr\u00f3prios s\u00e3o negativos em 169,2 milh\u00f5es. Estes n\u00fameros n\u00e3o s\u00e3o ainda auditados [&hellip;]<\/p>\n","protected":false},"author":2,"featured_media":1070,"comment_status":"open","ping_status":"open","sticky":false,"template":"","format":"standard","meta":{"footnotes":""},"categories":[1],"tags":[],"class_list":["post-1069","post","type-post","status-publish","format-standard","has-post-thumbnail","hentry","category-noticias-financeiras"],"yoast_head":"<!-- This site is optimized with the Yoast SEO plugin v27.4 - https:\/\/yoast.com\/product\/yoast-seo-wordpress\/ -->\n<title>SAG com preju\u00edzos de 176,9 milh\u00f5es e capitais pr\u00f3prios negativos em 169,2 milh\u00f5es \u2013 O Jornal Econ\u00f3mico - Super News<\/title>\n<meta name=\"robots\" content=\"index, follow, max-snippet:-1, max-image-preview:large, max-video-preview:-1\" \/>\n<link rel=\"canonical\" href=\"https:\/\/super-news.info\/pt\/sag-com-prejuizos-de-1769-milhoes-e-capitais-proprios-negativos-em-1692-milhoes-o-jornal-economico\/\" \/>\n<meta property=\"og:locale\" content=\"pt_PT\" \/>\n<meta property=\"og:type\" content=\"article\" \/>\n<meta property=\"og:title\" content=\"SAG com preju\u00edzos de 176,9 milh\u00f5es e capitais pr\u00f3prios negativos em 169,2 milh\u00f5es \u2013 O Jornal Econ\u00f3mico - Super News\" \/>\n<meta property=\"og:description\" content=\"[ad_1] A SAG GEST \u2013 Solu\u00e7\u00f5es Autom\u00f3vel Globais, SGPS, (SAG), que anunciou o acordo de vendada SIVA\u00a0 \u00e0 Porsche Holding depois de uma OPA previamente lan\u00e7ada por Jo\u00e3o Pereira Coutinho, anunciou um resultado l\u00edquido consolidado relativo a 2018 negativo em 176,9 milh\u00f5es capitais pr\u00f3prios s\u00e3o negativos em 169,2 milh\u00f5es. Estes n\u00fameros n\u00e3o s\u00e3o ainda auditados [&hellip;]\" \/>\n<meta property=\"og:url\" content=\"https:\/\/super-news.info\/pt\/sag-com-prejuizos-de-1769-milhoes-e-capitais-proprios-negativos-em-1692-milhoes-o-jornal-economico\/\" \/>\n<meta property=\"og:site_name\" content=\"Super News\" \/>\n<meta property=\"article:published_time\" content=\"2019-05-01T05:34:55+00:00\" \/>\n<meta property=\"article:modified_time\" content=\"2019-05-01T05:34:56+00:00\" \/>\n<meta property=\"og:image\" content=\"https:\/\/super-news.info\/pt\/wp-content\/uploads\/sites\/2\/2019\/05\/SAG-com-preju\u00edzos-de-1769-milh\u00f5es-e-capitais-pr\u00f3prios-negativos.jpg\" \/>\n\t<meta property=\"og:image:width\" content=\"960\" \/>\n\t<meta property=\"og:image:height\" content=\"600\" \/>\n\t<meta property=\"og:image:type\" content=\"image\/jpeg\" \/>\n<meta name=\"author\" content=\"super-news\" \/>\n<meta name=\"twitter:card\" content=\"summary_large_image\" \/>\n<meta name=\"twitter:label1\" content=\"Escrito por\" \/>\n\t<meta name=\"twitter:data1\" content=\"super-news\" \/>\n\t<meta name=\"twitter:label2\" content=\"Tempo estimado de leitura\" \/>\n\t<meta name=\"twitter:data2\" content=\"6 minutos\" \/>\n<script type=\"application\/ld+json\" class=\"yoast-schema-graph\">{\"@context\":\"https:\\\/\\\/schema.org\",\"@graph\":[{\"@type\":\"Article\",\"@id\":\"https:\\\/\\\/super-news.info\\\/pt\\\/sag-com-prejuizos-de-1769-milhoes-e-capitais-proprios-negativos-em-1692-milhoes-o-jornal-economico\\\/#article\",\"isPartOf\":{\"@id\":\"https:\\\/\\\/super-news.info\\\/pt\\\/sag-com-prejuizos-de-1769-milhoes-e-capitais-proprios-negativos-em-1692-milhoes-o-jornal-economico\\\/\"},\"author\":{\"name\":\"super-news\",\"@id\":\"https:\\\/\\\/super-news.info\\\/pt\\\/#\\\/schema\\\/person\\\/2d4068cb2f39cd10008c2fce578a7356\"},\"headline\":\"SAG com preju\u00edzos de 176,9 milh\u00f5es e capitais pr\u00f3prios negativos em 169,2 milh\u00f5es \u2013 O Jornal Econ\u00f3mico\",\"datePublished\":\"2019-05-01T05:34:55+00:00\",\"dateModified\":\"2019-05-01T05:34:56+00:00\",\"mainEntityOfPage\":{\"@id\":\"https:\\\/\\\/super-news.info\\\/pt\\\/sag-com-prejuizos-de-1769-milhoes-e-capitais-proprios-negativos-em-1692-milhoes-o-jornal-economico\\\/\"},\"wordCount\":1272,\"commentCount\":0,\"image\":{\"@id\":\"https:\\\/\\\/super-news.info\\\/pt\\\/sag-com-prejuizos-de-1769-milhoes-e-capitais-proprios-negativos-em-1692-milhoes-o-jornal-economico\\\/#primaryimage\"},\"thumbnailUrl\":\"https:\\\/\\\/super-news.info\\\/pt\\\/wp-content\\\/uploads\\\/sites\\\/2\\\/2019\\\/05\\\/SAG-com-preju\u00edzos-de-1769-milh\u00f5es-e-capitais-pr\u00f3prios-negativos.jpg\",\"articleSection\":[\"NOT\u00cdCIAS FINANCEIRAS\"],\"inLanguage\":\"pt-PT\",\"potentialAction\":[{\"@type\":\"CommentAction\",\"name\":\"Comment\",\"target\":[\"https:\\\/\\\/super-news.info\\\/pt\\\/sag-com-prejuizos-de-1769-milhoes-e-capitais-proprios-negativos-em-1692-milhoes-o-jornal-economico\\\/#respond\"]}]},{\"@type\":\"WebPage\",\"@id\":\"https:\\\/\\\/super-news.info\\\/pt\\\/sag-com-prejuizos-de-1769-milhoes-e-capitais-proprios-negativos-em-1692-milhoes-o-jornal-economico\\\/\",\"url\":\"https:\\\/\\\/super-news.info\\\/pt\\\/sag-com-prejuizos-de-1769-milhoes-e-capitais-proprios-negativos-em-1692-milhoes-o-jornal-economico\\\/\",\"name\":\"SAG com preju\u00edzos de 176,9 milh\u00f5es e capitais pr\u00f3prios negativos em 169,2 milh\u00f5es \u2013 O Jornal Econ\u00f3mico - Super News\",\"isPartOf\":{\"@id\":\"https:\\\/\\\/super-news.info\\\/pt\\\/#website\"},\"primaryImageOfPage\":{\"@id\":\"https:\\\/\\\/super-news.info\\\/pt\\\/sag-com-prejuizos-de-1769-milhoes-e-capitais-proprios-negativos-em-1692-milhoes-o-jornal-economico\\\/#primaryimage\"},\"image\":{\"@id\":\"https:\\\/\\\/super-news.info\\\/pt\\\/sag-com-prejuizos-de-1769-milhoes-e-capitais-proprios-negativos-em-1692-milhoes-o-jornal-economico\\\/#primaryimage\"},\"thumbnailUrl\":\"https:\\\/\\\/super-news.info\\\/pt\\\/wp-content\\\/uploads\\\/sites\\\/2\\\/2019\\\/05\\\/SAG-com-preju\u00edzos-de-1769-milh\u00f5es-e-capitais-pr\u00f3prios-negativos.jpg\",\"datePublished\":\"2019-05-01T05:34:55+00:00\",\"dateModified\":\"2019-05-01T05:34:56+00:00\",\"author\":{\"@id\":\"https:\\\/\\\/super-news.info\\\/pt\\\/#\\\/schema\\\/person\\\/2d4068cb2f39cd10008c2fce578a7356\"},\"breadcrumb\":{\"@id\":\"https:\\\/\\\/super-news.info\\\/pt\\\/sag-com-prejuizos-de-1769-milhoes-e-capitais-proprios-negativos-em-1692-milhoes-o-jornal-economico\\\/#breadcrumb\"},\"inLanguage\":\"pt-PT\",\"potentialAction\":[{\"@type\":\"ReadAction\",\"target\":[\"https:\\\/\\\/super-news.info\\\/pt\\\/sag-com-prejuizos-de-1769-milhoes-e-capitais-proprios-negativos-em-1692-milhoes-o-jornal-economico\\\/\"]}]},{\"@type\":\"ImageObject\",\"inLanguage\":\"pt-PT\",\"@id\":\"https:\\\/\\\/super-news.info\\\/pt\\\/sag-com-prejuizos-de-1769-milhoes-e-capitais-proprios-negativos-em-1692-milhoes-o-jornal-economico\\\/#primaryimage\",\"url\":\"https:\\\/\\\/super-news.info\\\/pt\\\/wp-content\\\/uploads\\\/sites\\\/2\\\/2019\\\/05\\\/SAG-com-preju\u00edzos-de-1769-milh\u00f5es-e-capitais-pr\u00f3prios-negativos.jpg\",\"contentUrl\":\"https:\\\/\\\/super-news.info\\\/pt\\\/wp-content\\\/uploads\\\/sites\\\/2\\\/2019\\\/05\\\/SAG-com-preju\u00edzos-de-1769-milh\u00f5es-e-capitais-pr\u00f3prios-negativos.jpg\",\"width\":960,\"height\":600,\"caption\":\"SAG com preju\u00edzos de 176,9 milh\u00f5es e capitais pr\u00f3prios negativos em 169,2 milh\u00f5es \u2013 O Jornal Econ\u00f3mico\"},{\"@type\":\"BreadcrumbList\",\"@id\":\"https:\\\/\\\/super-news.info\\\/pt\\\/sag-com-prejuizos-de-1769-milhoes-e-capitais-proprios-negativos-em-1692-milhoes-o-jornal-economico\\\/#breadcrumb\",\"itemListElement\":[{\"@type\":\"ListItem\",\"position\":1,\"name\":\"\u0413\u043b\u0430\u0432\u043d\u0430\u044f \u0441\u0442\u0440\u0430\u043d\u0438\u0446\u0430\",\"item\":\"https:\\\/\\\/super-news.info\\\/pt\\\/\"},{\"@type\":\"ListItem\",\"position\":2,\"name\":\"SAG com preju\u00edzos de 176,9 milh\u00f5es e capitais pr\u00f3prios negativos em 169,2 milh\u00f5es \u2013 O Jornal Econ\u00f3mico\"}]},{\"@type\":\"WebSite\",\"@id\":\"https:\\\/\\\/super-news.info\\\/pt\\\/#website\",\"url\":\"https:\\\/\\\/super-news.info\\\/pt\\\/\",\"name\":\"Super News\",\"description\":\"Super News Portugal\",\"potentialAction\":[{\"@type\":\"SearchAction\",\"target\":{\"@type\":\"EntryPoint\",\"urlTemplate\":\"https:\\\/\\\/super-news.info\\\/pt\\\/?s={search_term_string}\"},\"query-input\":{\"@type\":\"PropertyValueSpecification\",\"valueRequired\":true,\"valueName\":\"search_term_string\"}}],\"inLanguage\":\"pt-PT\"},{\"@type\":\"Person\",\"@id\":\"https:\\\/\\\/super-news.info\\\/pt\\\/#\\\/schema\\\/person\\\/2d4068cb2f39cd10008c2fce578a7356\",\"name\":\"super-news\",\"image\":{\"@type\":\"ImageObject\",\"inLanguage\":\"pt-PT\",\"@id\":\"https:\\\/\\\/secure.gravatar.com\\\/avatar\\\/64ebac40b93f26a154f8a9b5b6fdccfc46f442b26b3dd6756dbff3bf9dc76fd7?s=96&d=mm&r=g\",\"url\":\"https:\\\/\\\/secure.gravatar.com\\\/avatar\\\/64ebac40b93f26a154f8a9b5b6fdccfc46f442b26b3dd6756dbff3bf9dc76fd7?s=96&d=mm&r=g\",\"contentUrl\":\"https:\\\/\\\/secure.gravatar.com\\\/avatar\\\/64ebac40b93f26a154f8a9b5b6fdccfc46f442b26b3dd6756dbff3bf9dc76fd7?s=96&d=mm&r=g\",\"caption\":\"super-news\"},\"url\":\"https:\\\/\\\/super-news.info\\\/pt\\\/author\\\/pt\\\/\"}]}<\/script>\n<!-- \/ Yoast SEO plugin. -->","yoast_head_json":{"title":"SAG com preju\u00edzos de 176,9 milh\u00f5es e capitais pr\u00f3prios negativos em 169,2 milh\u00f5es \u2013 O Jornal Econ\u00f3mico - Super News","robots":{"index":"index","follow":"follow","max-snippet":"max-snippet:-1","max-image-preview":"max-image-preview:large","max-video-preview":"max-video-preview:-1"},"canonical":"https:\/\/super-news.info\/pt\/sag-com-prejuizos-de-1769-milhoes-e-capitais-proprios-negativos-em-1692-milhoes-o-jornal-economico\/","og_locale":"pt_PT","og_type":"article","og_title":"SAG com preju\u00edzos de 176,9 milh\u00f5es e capitais pr\u00f3prios negativos em 169,2 milh\u00f5es \u2013 O Jornal Econ\u00f3mico - Super News","og_description":"[ad_1] A SAG GEST \u2013 Solu\u00e7\u00f5es Autom\u00f3vel Globais, SGPS, (SAG), que anunciou o acordo de vendada SIVA\u00a0 \u00e0 Porsche Holding depois de uma OPA previamente lan\u00e7ada por Jo\u00e3o Pereira Coutinho, anunciou um resultado l\u00edquido consolidado relativo a 2018 negativo em 176,9 milh\u00f5es capitais pr\u00f3prios s\u00e3o negativos em 169,2 milh\u00f5es. Estes n\u00fameros n\u00e3o s\u00e3o ainda auditados [&hellip;]","og_url":"https:\/\/super-news.info\/pt\/sag-com-prejuizos-de-1769-milhoes-e-capitais-proprios-negativos-em-1692-milhoes-o-jornal-economico\/","og_site_name":"Super News","article_published_time":"2019-05-01T05:34:55+00:00","article_modified_time":"2019-05-01T05:34:56+00:00","og_image":[{"width":960,"height":600,"url":"https:\/\/super-news.info\/pt\/wp-content\/uploads\/sites\/2\/2019\/05\/SAG-com-preju\u00edzos-de-1769-milh\u00f5es-e-capitais-pr\u00f3prios-negativos.jpg","type":"image\/jpeg"}],"author":"super-news","twitter_card":"summary_large_image","twitter_misc":{"Escrito por":"super-news","Tempo estimado de leitura":"6 minutos"},"schema":{"@context":"https:\/\/schema.org","@graph":[{"@type":"Article","@id":"https:\/\/super-news.info\/pt\/sag-com-prejuizos-de-1769-milhoes-e-capitais-proprios-negativos-em-1692-milhoes-o-jornal-economico\/#article","isPartOf":{"@id":"https:\/\/super-news.info\/pt\/sag-com-prejuizos-de-1769-milhoes-e-capitais-proprios-negativos-em-1692-milhoes-o-jornal-economico\/"},"author":{"name":"super-news","@id":"https:\/\/super-news.info\/pt\/#\/schema\/person\/2d4068cb2f39cd10008c2fce578a7356"},"headline":"SAG com preju\u00edzos de 176,9 milh\u00f5es e capitais pr\u00f3prios negativos em 169,2 milh\u00f5es \u2013 O Jornal Econ\u00f3mico","datePublished":"2019-05-01T05:34:55+00:00","dateModified":"2019-05-01T05:34:56+00:00","mainEntityOfPage":{"@id":"https:\/\/super-news.info\/pt\/sag-com-prejuizos-de-1769-milhoes-e-capitais-proprios-negativos-em-1692-milhoes-o-jornal-economico\/"},"wordCount":1272,"commentCount":0,"image":{"@id":"https:\/\/super-news.info\/pt\/sag-com-prejuizos-de-1769-milhoes-e-capitais-proprios-negativos-em-1692-milhoes-o-jornal-economico\/#primaryimage"},"thumbnailUrl":"https:\/\/super-news.info\/pt\/wp-content\/uploads\/sites\/2\/2019\/05\/SAG-com-preju\u00edzos-de-1769-milh\u00f5es-e-capitais-pr\u00f3prios-negativos.jpg","articleSection":["NOT\u00cdCIAS FINANCEIRAS"],"inLanguage":"pt-PT","potentialAction":[{"@type":"CommentAction","name":"Comment","target":["https:\/\/super-news.info\/pt\/sag-com-prejuizos-de-1769-milhoes-e-capitais-proprios-negativos-em-1692-milhoes-o-jornal-economico\/#respond"]}]},{"@type":"WebPage","@id":"https:\/\/super-news.info\/pt\/sag-com-prejuizos-de-1769-milhoes-e-capitais-proprios-negativos-em-1692-milhoes-o-jornal-economico\/","url":"https:\/\/super-news.info\/pt\/sag-com-prejuizos-de-1769-milhoes-e-capitais-proprios-negativos-em-1692-milhoes-o-jornal-economico\/","name":"SAG com preju\u00edzos de 176,9 milh\u00f5es e capitais pr\u00f3prios negativos em 169,2 milh\u00f5es \u2013 O Jornal Econ\u00f3mico - Super News","isPartOf":{"@id":"https:\/\/super-news.info\/pt\/#website"},"primaryImageOfPage":{"@id":"https:\/\/super-news.info\/pt\/sag-com-prejuizos-de-1769-milhoes-e-capitais-proprios-negativos-em-1692-milhoes-o-jornal-economico\/#primaryimage"},"image":{"@id":"https:\/\/super-news.info\/pt\/sag-com-prejuizos-de-1769-milhoes-e-capitais-proprios-negativos-em-1692-milhoes-o-jornal-economico\/#primaryimage"},"thumbnailUrl":"https:\/\/super-news.info\/pt\/wp-content\/uploads\/sites\/2\/2019\/05\/SAG-com-preju\u00edzos-de-1769-milh\u00f5es-e-capitais-pr\u00f3prios-negativos.jpg","datePublished":"2019-05-01T05:34:55+00:00","dateModified":"2019-05-01T05:34:56+00:00","author":{"@id":"https:\/\/super-news.info\/pt\/#\/schema\/person\/2d4068cb2f39cd10008c2fce578a7356"},"breadcrumb":{"@id":"https:\/\/super-news.info\/pt\/sag-com-prejuizos-de-1769-milhoes-e-capitais-proprios-negativos-em-1692-milhoes-o-jornal-economico\/#breadcrumb"},"inLanguage":"pt-PT","potentialAction":[{"@type":"ReadAction","target":["https:\/\/super-news.info\/pt\/sag-com-prejuizos-de-1769-milhoes-e-capitais-proprios-negativos-em-1692-milhoes-o-jornal-economico\/"]}]},{"@type":"ImageObject","inLanguage":"pt-PT","@id":"https:\/\/super-news.info\/pt\/sag-com-prejuizos-de-1769-milhoes-e-capitais-proprios-negativos-em-1692-milhoes-o-jornal-economico\/#primaryimage","url":"https:\/\/super-news.info\/pt\/wp-content\/uploads\/sites\/2\/2019\/05\/SAG-com-preju\u00edzos-de-1769-milh\u00f5es-e-capitais-pr\u00f3prios-negativos.jpg","contentUrl":"https:\/\/super-news.info\/pt\/wp-content\/uploads\/sites\/2\/2019\/05\/SAG-com-preju\u00edzos-de-1769-milh\u00f5es-e-capitais-pr\u00f3prios-negativos.jpg","width":960,"height":600,"caption":"SAG com preju\u00edzos de 176,9 milh\u00f5es e capitais pr\u00f3prios negativos em 169,2 milh\u00f5es \u2013 O Jornal Econ\u00f3mico"},{"@type":"BreadcrumbList","@id":"https:\/\/super-news.info\/pt\/sag-com-prejuizos-de-1769-milhoes-e-capitais-proprios-negativos-em-1692-milhoes-o-jornal-economico\/#breadcrumb","itemListElement":[{"@type":"ListItem","position":1,"name":"\u0413\u043b\u0430\u0432\u043d\u0430\u044f \u0441\u0442\u0440\u0430\u043d\u0438\u0446\u0430","item":"https:\/\/super-news.info\/pt\/"},{"@type":"ListItem","position":2,"name":"SAG com preju\u00edzos de 176,9 milh\u00f5es e capitais pr\u00f3prios negativos em 169,2 milh\u00f5es \u2013 O Jornal Econ\u00f3mico"}]},{"@type":"WebSite","@id":"https:\/\/super-news.info\/pt\/#website","url":"https:\/\/super-news.info\/pt\/","name":"Super News","description":"Super News Portugal","potentialAction":[{"@type":"SearchAction","target":{"@type":"EntryPoint","urlTemplate":"https:\/\/super-news.info\/pt\/?s={search_term_string}"},"query-input":{"@type":"PropertyValueSpecification","valueRequired":true,"valueName":"search_term_string"}}],"inLanguage":"pt-PT"},{"@type":"Person","@id":"https:\/\/super-news.info\/pt\/#\/schema\/person\/2d4068cb2f39cd10008c2fce578a7356","name":"super-news","image":{"@type":"ImageObject","inLanguage":"pt-PT","@id":"https:\/\/secure.gravatar.com\/avatar\/64ebac40b93f26a154f8a9b5b6fdccfc46f442b26b3dd6756dbff3bf9dc76fd7?s=96&d=mm&r=g","url":"https:\/\/secure.gravatar.com\/avatar\/64ebac40b93f26a154f8a9b5b6fdccfc46f442b26b3dd6756dbff3bf9dc76fd7?s=96&d=mm&r=g","contentUrl":"https:\/\/secure.gravatar.com\/avatar\/64ebac40b93f26a154f8a9b5b6fdccfc46f442b26b3dd6756dbff3bf9dc76fd7?s=96&d=mm&r=g","caption":"super-news"},"url":"https:\/\/super-news.info\/pt\/author\/pt\/"}]}},"_links":{"self":[{"href":"https:\/\/super-news.info\/pt\/wp-json\/wp\/v2\/posts\/1069","targetHints":{"allow":["GET"]}}],"collection":[{"href":"https:\/\/super-news.info\/pt\/wp-json\/wp\/v2\/posts"}],"about":[{"href":"https:\/\/super-news.info\/pt\/wp-json\/wp\/v2\/types\/post"}],"author":[{"embeddable":true,"href":"https:\/\/super-news.info\/pt\/wp-json\/wp\/v2\/users\/2"}],"replies":[{"embeddable":true,"href":"https:\/\/super-news.info\/pt\/wp-json\/wp\/v2\/comments?post=1069"}],"version-history":[{"count":1,"href":"https:\/\/super-news.info\/pt\/wp-json\/wp\/v2\/posts\/1069\/revisions"}],"predecessor-version":[{"id":1071,"href":"https:\/\/super-news.info\/pt\/wp-json\/wp\/v2\/posts\/1069\/revisions\/1071"}],"wp:featuredmedia":[{"embeddable":true,"href":"https:\/\/super-news.info\/pt\/wp-json\/wp\/v2\/media\/1070"}],"wp:attachment":[{"href":"https:\/\/super-news.info\/pt\/wp-json\/wp\/v2\/media?parent=1069"}],"wp:term":[{"taxonomy":"category","embeddable":true,"href":"https:\/\/super-news.info\/pt\/wp-json\/wp\/v2\/categories?post=1069"},{"taxonomy":"post_tag","embeddable":true,"href":"https:\/\/super-news.info\/pt\/wp-json\/wp\/v2\/tags?post=1069"}],"curies":[{"name":"wp","href":"https:\/\/api.w.org\/{rel}","templated":true}]}}