{"id":1063,"date":"2019-05-01T05:13:40","date_gmt":"2019-05-01T02:13:40","guid":{"rendered":"https:\/\/super-news.info\/pt\/parpublica-com-lucros-de-704-milhoes-de-euros-em-2018-o-jornal-economico\/"},"modified":"2019-05-01T05:13:41","modified_gmt":"2019-05-01T02:13:41","slug":"parpublica-com-lucros-de-704-milhoes-de-euros-em-2018-o-jornal-economico","status":"publish","type":"post","link":"https:\/\/super-news.info\/pt\/parpublica-com-lucros-de-704-milhoes-de-euros-em-2018-o-jornal-economico\/","title":{"rendered":"Parp\u00fablica com lucros de 70,4 milh\u00f5es de euros em 2018 \u2013 O Jornal Econ\u00f3mico"},"content":{"rendered":"<p> [ad_1]<br \/>\n<\/p>\n<div>\n<p>A holding do Estado Parp\u00fablica apresentou as contas relativas a 2018 em que sinaliza que a redu\u00e7\u00e3o de d\u00edvida ultrapassa 1% do PIB e o investimento duplica em rela\u00e7\u00e3o a 2016.<\/p>\n<p>O Grupo Parp\u00fablica obteve no ano de 2018 um resultado l\u00edquido consolidado positivo de\u00a070,4 milh\u00f5es, \u201cregistando lucro em todas as \u00e1reas de neg\u00f3cio do Grupo, o que tendo acontecido\u00a0pela primeira vez em 2017, sucede agora pelo segundo ano consecutivo\u201d, l\u00ea-se no comunicado.<\/p>\n<p>A diminui\u00e7\u00e3o do lucro no Grupo, face ao que havia sido alcan\u00e7ado em 2017 (157,4\u00a0 milh\u00f5es) \u00e9 de 123,6% e \u00e9 explicada pelo impacto de situa\u00e7\u00f5es espec\u00edficas ao n\u00edvel da Parp\u00fablica, sendo os mais\u00a0significativos a varia\u00e7\u00e3o da cota\u00e7\u00e3o da sua participada Galp, que em 2017 havia contribu\u00eddo com 70,7\u00a0milh\u00f5es de euros\u00a0para os resultados. Mas \u00e9 ainda justificado com o facto de em 2017 ter sido recebido o dividendo extraordin\u00e1rio da SPE, e ainda com o efeito contabil\u00edstico negativo das opera\u00e7\u00f5es de regulariza\u00e7\u00e3o da d\u00edvida do Estado\u00a0que geraram para a\u00a0Parp\u00fablica\u00a0um preju\u00edzo de 29 milh\u00f5es.<\/p>\n<p>Estes efeitos somados representam\u00a0um impacto negativo sobre o resultado de 2018 da Parp\u00fablica de 163,5\u00a0milh\u00f5es e explicam a\u00a0redu\u00e7\u00e3o do lucro da holding de 120,6\u00a0milh\u00f5es em 2017 para 49,6\u00a0milh\u00f5es em 2018 (-143%) que, \u201cem termos\u00a0compar\u00e1veis, registaria um aumento, o que confirma a validade da estrat\u00e9gia desenvolvida ao longo do ano\u201d, diz a empresa.<\/p>\n<p>\u201cAo n\u00edvel do Grupo \u00e9 de destacar a consolida\u00e7\u00e3o da situa\u00e7\u00e3o financeira da generalidade das\u00a0empresas, com a retoma dos seus n\u00edveis de rentabilidade, como \u00e9 o caso das empresas do\u00a0setor imobili\u00e1rio, e a continua\u00e7\u00e3o da redu\u00e7\u00e3o do endividamento, que no final de 2018 era\u00a0de 4,2 mil\u00a0milh\u00f5es quando h\u00e1 apenas dois anos ascendia aos 6,1 mil milh\u00f5es de euros\u201d, diz o comunicado.<\/p>\n<p>\u00c9 ainda de assinalar o\u00a0aumento em cerca de 40% do investimento realizado pelas empresas do Grupo Parp\u00fablica,\u00a0em rela\u00e7\u00e3o a 2017, e de cerca de 100% em rela\u00e7\u00e3o a 2016.\u00a0 Entre 2017 e 2018 as empresas do Grupo reduziram as suas d\u00edvidas em cerca de\u00a02.330\u00a0milh\u00f5es o que, para perce\u00e7\u00e3o da sua import\u00e2ncia e significado, representa mais de 1% do<br \/>PIB.<\/p>\n<p>Ao n\u00edvel da Parp\u00fablica, em 2018 s\u00e3o ainda de destacar a continua\u00e7\u00e3o da trajet\u00f3ria de\u00a0redu\u00e7\u00e3o da d\u00edvida total, que diminui em 975\u00a0milh\u00f5es (cerca de 30%), a par de uma redu\u00e7\u00e3o da\u00a0taxa m\u00e9dia de juros de 4,25 para 3,5%, e do passivo em geral, que caiu 1.142 milh\u00f5es de euros, permitindo\u00a0o refor\u00e7o da sua autonomia financeira para 65%.<\/p>\n<p>\u201cNo plano estrat\u00e9gico, 2018 marca o in\u00edcio do processo de regulariza\u00e7\u00e3o da d\u00edvida do Estado\u00a0\u00e0 Parp\u00fablica decorrente da entrega de receitas de reprivatiza\u00e7\u00e3o ocorrida ao longo dos\u00a0\u00a0anos\u201d, diz a holding estatal que acrescenta que o ano marca ainda a defini\u00e7\u00e3o de orienta\u00e7\u00f5es no sentido da concentra\u00e7\u00e3o das\u00a0participa\u00e7\u00f5es do Estado em empresas, como foi j\u00e1 o caso das participa\u00e7\u00f5es da Inapa, na\u00a0sequ\u00eancia das transa\u00e7\u00f5es iniciadas no final de 2018 e conclu\u00eddas no in\u00edcio de 2019. Isto\u00a0permitir\u00e1 consolidar a carteira da Parp\u00fablica e contribuir para uma maior racionaliza\u00e7\u00e3o\u00a0do exerc\u00edcio da fun\u00e7\u00e3o acionista do Estado.<\/p>\n<p>\u201cA redu\u00e7\u00e3o de d\u00edvida, redu\u00e7\u00e3o de custo de financiamento, aumento do investimento e\u00a0resultados positivos da holding e em todos os segmentos de atividade. Estes s\u00e3o os vetores\u00a0a destacar relativamente ao exerc\u00edcio econ\u00f3mico de 2018\u201d, refere a empresa.<\/p>\n<p>As perspetivas para 2019 \u201capresentam-se positivas, assentes numa cada vez mais s\u00f3lida posi\u00e7\u00e3o financeira do Grupo, e da holding em particular, beneficiando da redu\u00e7\u00e3o dos\u00a0encargos associados \u00e0 d\u00edvida, a qual dever\u00e1 continuar a sua trajet\u00f3ria decrescente dando\u00a0concretiza\u00e7\u00e3o a um dos objetivos centrais da gest\u00e3o\u201d, acrescenta.<\/p>\n<\/div>\n<p><script>\/*<![CDATA[*\/function facebookInit(){var js=document.createElement('script');js.src='https:\/\/connect.facebook.net\/pt_PT\/sdk.js#xfbml=1&#038;version=v3.1&#038;appId=1708066812789184&#038;autoLogAppEvents=1';return document.body.appendChild(js);}\nwindow.onscroll=function(){var rect=document.getElementsByClassName('je-post-content')[0].getBoundingClientRect();if(rect.bottom<window.innerHeight){facebookInit();window.onscroll=null;}}\/*]]>*\/<\/script><br \/>\n<br \/>[ad_2]<br \/>\n<br \/><a href=\"https:\/\/jornaleconomico.sapo.pt\/noticias\/parpublica-com-lucros-de-704-milhoes-de-euros-em-2018-439200\">Source link <\/a><\/p>\n","protected":false},"excerpt":{"rendered":"<p>[ad_1] A holding do Estado Parp\u00fablica apresentou as contas relativas a 2018 em que sinaliza que a redu\u00e7\u00e3o de d\u00edvida ultrapassa 1% do PIB e o investimento duplica em rela\u00e7\u00e3o a 2016. O Grupo Parp\u00fablica obteve no ano de 2018 um resultado l\u00edquido consolidado positivo de\u00a070,4 milh\u00f5es, \u201cregistando lucro em todas as \u00e1reas de neg\u00f3cio [&hellip;]<\/p>\n","protected":false},"author":2,"featured_media":1064,"comment_status":"open","ping_status":"open","sticky":false,"template":"","format":"standard","meta":{"footnotes":""},"categories":[1],"tags":[],"class_list":["post-1063","post","type-post","status-publish","format-standard","has-post-thumbnail","hentry","category-noticias-financeiras"],"yoast_head":"<!-- This site is optimized with the Yoast SEO plugin v27.4 - https:\/\/yoast.com\/product\/yoast-seo-wordpress\/ -->\n<title>Parp\u00fablica com lucros de 70,4 milh\u00f5es de euros em 2018 \u2013 O Jornal Econ\u00f3mico - Super News<\/title>\n<meta name=\"robots\" content=\"index, follow, max-snippet:-1, max-image-preview:large, max-video-preview:-1\" \/>\n<link rel=\"canonical\" href=\"https:\/\/super-news.info\/pt\/parpublica-com-lucros-de-704-milhoes-de-euros-em-2018-o-jornal-economico\/\" \/>\n<meta property=\"og:locale\" content=\"pt_PT\" \/>\n<meta property=\"og:type\" content=\"article\" \/>\n<meta property=\"og:title\" content=\"Parp\u00fablica com lucros de 70,4 milh\u00f5es de euros em 2018 \u2013 O Jornal Econ\u00f3mico - Super News\" \/>\n<meta property=\"og:description\" content=\"[ad_1] A holding do Estado Parp\u00fablica apresentou as contas relativas a 2018 em que sinaliza que a redu\u00e7\u00e3o de d\u00edvida ultrapassa 1% do PIB e o investimento duplica em rela\u00e7\u00e3o a 2016. O Grupo Parp\u00fablica obteve no ano de 2018 um resultado l\u00edquido consolidado positivo de\u00a070,4 milh\u00f5es, \u201cregistando lucro em todas as \u00e1reas de neg\u00f3cio [&hellip;]\" \/>\n<meta property=\"og:url\" content=\"https:\/\/super-news.info\/pt\/parpublica-com-lucros-de-704-milhoes-de-euros-em-2018-o-jornal-economico\/\" \/>\n<meta property=\"og:site_name\" content=\"Super News\" \/>\n<meta property=\"article:published_time\" content=\"2019-05-01T02:13:40+00:00\" \/>\n<meta property=\"article:modified_time\" content=\"2019-05-01T02:13:41+00:00\" \/>\n<meta property=\"og:image\" content=\"https:\/\/super-news.info\/pt\/wp-content\/uploads\/sites\/2\/2019\/05\/Parp\u00fablica-com-lucros-de-704-milh\u00f5es-de-euros-em-2018.jpg\" \/>\n\t<meta property=\"og:image:width\" content=\"960\" \/>\n\t<meta property=\"og:image:height\" content=\"490\" \/>\n\t<meta property=\"og:image:type\" content=\"image\/jpeg\" \/>\n<meta name=\"author\" content=\"super-news\" \/>\n<meta name=\"twitter:card\" content=\"summary_large_image\" \/>\n<meta name=\"twitter:label1\" content=\"Escrito por\" \/>\n\t<meta name=\"twitter:data1\" content=\"super-news\" \/>\n\t<meta name=\"twitter:label2\" content=\"Tempo estimado de leitura\" \/>\n\t<meta name=\"twitter:data2\" content=\"3 minutos\" \/>\n<script type=\"application\/ld+json\" class=\"yoast-schema-graph\">{\"@context\":\"https:\\\/\\\/schema.org\",\"@graph\":[{\"@type\":\"Article\",\"@id\":\"https:\\\/\\\/super-news.info\\\/pt\\\/parpublica-com-lucros-de-704-milhoes-de-euros-em-2018-o-jornal-economico\\\/#article\",\"isPartOf\":{\"@id\":\"https:\\\/\\\/super-news.info\\\/pt\\\/parpublica-com-lucros-de-704-milhoes-de-euros-em-2018-o-jornal-economico\\\/\"},\"author\":{\"name\":\"super-news\",\"@id\":\"https:\\\/\\\/super-news.info\\\/pt\\\/#\\\/schema\\\/person\\\/2d4068cb2f39cd10008c2fce578a7356\"},\"headline\":\"Parp\u00fablica com lucros de 70,4 milh\u00f5es de euros em 2018 \u2013 O Jornal Econ\u00f3mico\",\"datePublished\":\"2019-05-01T02:13:40+00:00\",\"dateModified\":\"2019-05-01T02:13:41+00:00\",\"mainEntityOfPage\":{\"@id\":\"https:\\\/\\\/super-news.info\\\/pt\\\/parpublica-com-lucros-de-704-milhoes-de-euros-em-2018-o-jornal-economico\\\/\"},\"wordCount\":667,\"commentCount\":0,\"image\":{\"@id\":\"https:\\\/\\\/super-news.info\\\/pt\\\/parpublica-com-lucros-de-704-milhoes-de-euros-em-2018-o-jornal-economico\\\/#primaryimage\"},\"thumbnailUrl\":\"https:\\\/\\\/super-news.info\\\/pt\\\/wp-content\\\/uploads\\\/sites\\\/2\\\/2019\\\/05\\\/Parp\u00fablica-com-lucros-de-704-milh\u00f5es-de-euros-em-2018.jpg\",\"articleSection\":[\"NOT\u00cdCIAS FINANCEIRAS\"],\"inLanguage\":\"pt-PT\",\"potentialAction\":[{\"@type\":\"CommentAction\",\"name\":\"Comment\",\"target\":[\"https:\\\/\\\/super-news.info\\\/pt\\\/parpublica-com-lucros-de-704-milhoes-de-euros-em-2018-o-jornal-economico\\\/#respond\"]}]},{\"@type\":\"WebPage\",\"@id\":\"https:\\\/\\\/super-news.info\\\/pt\\\/parpublica-com-lucros-de-704-milhoes-de-euros-em-2018-o-jornal-economico\\\/\",\"url\":\"https:\\\/\\\/super-news.info\\\/pt\\\/parpublica-com-lucros-de-704-milhoes-de-euros-em-2018-o-jornal-economico\\\/\",\"name\":\"Parp\u00fablica com lucros de 70,4 milh\u00f5es de euros em 2018 \u2013 O Jornal Econ\u00f3mico - Super News\",\"isPartOf\":{\"@id\":\"https:\\\/\\\/super-news.info\\\/pt\\\/#website\"},\"primaryImageOfPage\":{\"@id\":\"https:\\\/\\\/super-news.info\\\/pt\\\/parpublica-com-lucros-de-704-milhoes-de-euros-em-2018-o-jornal-economico\\\/#primaryimage\"},\"image\":{\"@id\":\"https:\\\/\\\/super-news.info\\\/pt\\\/parpublica-com-lucros-de-704-milhoes-de-euros-em-2018-o-jornal-economico\\\/#primaryimage\"},\"thumbnailUrl\":\"https:\\\/\\\/super-news.info\\\/pt\\\/wp-content\\\/uploads\\\/sites\\\/2\\\/2019\\\/05\\\/Parp\u00fablica-com-lucros-de-704-milh\u00f5es-de-euros-em-2018.jpg\",\"datePublished\":\"2019-05-01T02:13:40+00:00\",\"dateModified\":\"2019-05-01T02:13:41+00:00\",\"author\":{\"@id\":\"https:\\\/\\\/super-news.info\\\/pt\\\/#\\\/schema\\\/person\\\/2d4068cb2f39cd10008c2fce578a7356\"},\"breadcrumb\":{\"@id\":\"https:\\\/\\\/super-news.info\\\/pt\\\/parpublica-com-lucros-de-704-milhoes-de-euros-em-2018-o-jornal-economico\\\/#breadcrumb\"},\"inLanguage\":\"pt-PT\",\"potentialAction\":[{\"@type\":\"ReadAction\",\"target\":[\"https:\\\/\\\/super-news.info\\\/pt\\\/parpublica-com-lucros-de-704-milhoes-de-euros-em-2018-o-jornal-economico\\\/\"]}]},{\"@type\":\"ImageObject\",\"inLanguage\":\"pt-PT\",\"@id\":\"https:\\\/\\\/super-news.info\\\/pt\\\/parpublica-com-lucros-de-704-milhoes-de-euros-em-2018-o-jornal-economico\\\/#primaryimage\",\"url\":\"https:\\\/\\\/super-news.info\\\/pt\\\/wp-content\\\/uploads\\\/sites\\\/2\\\/2019\\\/05\\\/Parp\u00fablica-com-lucros-de-704-milh\u00f5es-de-euros-em-2018.jpg\",\"contentUrl\":\"https:\\\/\\\/super-news.info\\\/pt\\\/wp-content\\\/uploads\\\/sites\\\/2\\\/2019\\\/05\\\/Parp\u00fablica-com-lucros-de-704-milh\u00f5es-de-euros-em-2018.jpg\",\"width\":960,\"height\":490,\"caption\":\"Parp\u00fablica com lucros de 70,4 milh\u00f5es de euros em 2018 \u2013 O Jornal Econ\u00f3mico\"},{\"@type\":\"BreadcrumbList\",\"@id\":\"https:\\\/\\\/super-news.info\\\/pt\\\/parpublica-com-lucros-de-704-milhoes-de-euros-em-2018-o-jornal-economico\\\/#breadcrumb\",\"itemListElement\":[{\"@type\":\"ListItem\",\"position\":1,\"name\":\"\u0413\u043b\u0430\u0432\u043d\u0430\u044f \u0441\u0442\u0440\u0430\u043d\u0438\u0446\u0430\",\"item\":\"https:\\\/\\\/super-news.info\\\/pt\\\/\"},{\"@type\":\"ListItem\",\"position\":2,\"name\":\"Parp\u00fablica com lucros de 70,4 milh\u00f5es de euros em 2018 \u2013 O Jornal Econ\u00f3mico\"}]},{\"@type\":\"WebSite\",\"@id\":\"https:\\\/\\\/super-news.info\\\/pt\\\/#website\",\"url\":\"https:\\\/\\\/super-news.info\\\/pt\\\/\",\"name\":\"Super News\",\"description\":\"Super News Portugal\",\"potentialAction\":[{\"@type\":\"SearchAction\",\"target\":{\"@type\":\"EntryPoint\",\"urlTemplate\":\"https:\\\/\\\/super-news.info\\\/pt\\\/?s={search_term_string}\"},\"query-input\":{\"@type\":\"PropertyValueSpecification\",\"valueRequired\":true,\"valueName\":\"search_term_string\"}}],\"inLanguage\":\"pt-PT\"},{\"@type\":\"Person\",\"@id\":\"https:\\\/\\\/super-news.info\\\/pt\\\/#\\\/schema\\\/person\\\/2d4068cb2f39cd10008c2fce578a7356\",\"name\":\"super-news\",\"image\":{\"@type\":\"ImageObject\",\"inLanguage\":\"pt-PT\",\"@id\":\"https:\\\/\\\/secure.gravatar.com\\\/avatar\\\/64ebac40b93f26a154f8a9b5b6fdccfc46f442b26b3dd6756dbff3bf9dc76fd7?s=96&d=mm&r=g\",\"url\":\"https:\\\/\\\/secure.gravatar.com\\\/avatar\\\/64ebac40b93f26a154f8a9b5b6fdccfc46f442b26b3dd6756dbff3bf9dc76fd7?s=96&d=mm&r=g\",\"contentUrl\":\"https:\\\/\\\/secure.gravatar.com\\\/avatar\\\/64ebac40b93f26a154f8a9b5b6fdccfc46f442b26b3dd6756dbff3bf9dc76fd7?s=96&d=mm&r=g\",\"caption\":\"super-news\"},\"url\":\"https:\\\/\\\/super-news.info\\\/pt\\\/author\\\/pt\\\/\"}]}<\/script>\n<!-- \/ Yoast SEO plugin. -->","yoast_head_json":{"title":"Parp\u00fablica com lucros de 70,4 milh\u00f5es de euros em 2018 \u2013 O Jornal Econ\u00f3mico - Super News","robots":{"index":"index","follow":"follow","max-snippet":"max-snippet:-1","max-image-preview":"max-image-preview:large","max-video-preview":"max-video-preview:-1"},"canonical":"https:\/\/super-news.info\/pt\/parpublica-com-lucros-de-704-milhoes-de-euros-em-2018-o-jornal-economico\/","og_locale":"pt_PT","og_type":"article","og_title":"Parp\u00fablica com lucros de 70,4 milh\u00f5es de euros em 2018 \u2013 O Jornal Econ\u00f3mico - Super News","og_description":"[ad_1] A holding do Estado Parp\u00fablica apresentou as contas relativas a 2018 em que sinaliza que a redu\u00e7\u00e3o de d\u00edvida ultrapassa 1% do PIB e o investimento duplica em rela\u00e7\u00e3o a 2016. O Grupo Parp\u00fablica obteve no ano de 2018 um resultado l\u00edquido consolidado positivo de\u00a070,4 milh\u00f5es, \u201cregistando lucro em todas as \u00e1reas de neg\u00f3cio [&hellip;]","og_url":"https:\/\/super-news.info\/pt\/parpublica-com-lucros-de-704-milhoes-de-euros-em-2018-o-jornal-economico\/","og_site_name":"Super News","article_published_time":"2019-05-01T02:13:40+00:00","article_modified_time":"2019-05-01T02:13:41+00:00","og_image":[{"width":960,"height":490,"url":"https:\/\/super-news.info\/pt\/wp-content\/uploads\/sites\/2\/2019\/05\/Parp\u00fablica-com-lucros-de-704-milh\u00f5es-de-euros-em-2018.jpg","type":"image\/jpeg"}],"author":"super-news","twitter_card":"summary_large_image","twitter_misc":{"Escrito por":"super-news","Tempo estimado de leitura":"3 minutos"},"schema":{"@context":"https:\/\/schema.org","@graph":[{"@type":"Article","@id":"https:\/\/super-news.info\/pt\/parpublica-com-lucros-de-704-milhoes-de-euros-em-2018-o-jornal-economico\/#article","isPartOf":{"@id":"https:\/\/super-news.info\/pt\/parpublica-com-lucros-de-704-milhoes-de-euros-em-2018-o-jornal-economico\/"},"author":{"name":"super-news","@id":"https:\/\/super-news.info\/pt\/#\/schema\/person\/2d4068cb2f39cd10008c2fce578a7356"},"headline":"Parp\u00fablica com lucros de 70,4 milh\u00f5es de euros em 2018 \u2013 O Jornal Econ\u00f3mico","datePublished":"2019-05-01T02:13:40+00:00","dateModified":"2019-05-01T02:13:41+00:00","mainEntityOfPage":{"@id":"https:\/\/super-news.info\/pt\/parpublica-com-lucros-de-704-milhoes-de-euros-em-2018-o-jornal-economico\/"},"wordCount":667,"commentCount":0,"image":{"@id":"https:\/\/super-news.info\/pt\/parpublica-com-lucros-de-704-milhoes-de-euros-em-2018-o-jornal-economico\/#primaryimage"},"thumbnailUrl":"https:\/\/super-news.info\/pt\/wp-content\/uploads\/sites\/2\/2019\/05\/Parp\u00fablica-com-lucros-de-704-milh\u00f5es-de-euros-em-2018.jpg","articleSection":["NOT\u00cdCIAS FINANCEIRAS"],"inLanguage":"pt-PT","potentialAction":[{"@type":"CommentAction","name":"Comment","target":["https:\/\/super-news.info\/pt\/parpublica-com-lucros-de-704-milhoes-de-euros-em-2018-o-jornal-economico\/#respond"]}]},{"@type":"WebPage","@id":"https:\/\/super-news.info\/pt\/parpublica-com-lucros-de-704-milhoes-de-euros-em-2018-o-jornal-economico\/","url":"https:\/\/super-news.info\/pt\/parpublica-com-lucros-de-704-milhoes-de-euros-em-2018-o-jornal-economico\/","name":"Parp\u00fablica com lucros de 70,4 milh\u00f5es de euros em 2018 \u2013 O Jornal Econ\u00f3mico - Super News","isPartOf":{"@id":"https:\/\/super-news.info\/pt\/#website"},"primaryImageOfPage":{"@id":"https:\/\/super-news.info\/pt\/parpublica-com-lucros-de-704-milhoes-de-euros-em-2018-o-jornal-economico\/#primaryimage"},"image":{"@id":"https:\/\/super-news.info\/pt\/parpublica-com-lucros-de-704-milhoes-de-euros-em-2018-o-jornal-economico\/#primaryimage"},"thumbnailUrl":"https:\/\/super-news.info\/pt\/wp-content\/uploads\/sites\/2\/2019\/05\/Parp\u00fablica-com-lucros-de-704-milh\u00f5es-de-euros-em-2018.jpg","datePublished":"2019-05-01T02:13:40+00:00","dateModified":"2019-05-01T02:13:41+00:00","author":{"@id":"https:\/\/super-news.info\/pt\/#\/schema\/person\/2d4068cb2f39cd10008c2fce578a7356"},"breadcrumb":{"@id":"https:\/\/super-news.info\/pt\/parpublica-com-lucros-de-704-milhoes-de-euros-em-2018-o-jornal-economico\/#breadcrumb"},"inLanguage":"pt-PT","potentialAction":[{"@type":"ReadAction","target":["https:\/\/super-news.info\/pt\/parpublica-com-lucros-de-704-milhoes-de-euros-em-2018-o-jornal-economico\/"]}]},{"@type":"ImageObject","inLanguage":"pt-PT","@id":"https:\/\/super-news.info\/pt\/parpublica-com-lucros-de-704-milhoes-de-euros-em-2018-o-jornal-economico\/#primaryimage","url":"https:\/\/super-news.info\/pt\/wp-content\/uploads\/sites\/2\/2019\/05\/Parp\u00fablica-com-lucros-de-704-milh\u00f5es-de-euros-em-2018.jpg","contentUrl":"https:\/\/super-news.info\/pt\/wp-content\/uploads\/sites\/2\/2019\/05\/Parp\u00fablica-com-lucros-de-704-milh\u00f5es-de-euros-em-2018.jpg","width":960,"height":490,"caption":"Parp\u00fablica com lucros de 70,4 milh\u00f5es de euros em 2018 \u2013 O Jornal Econ\u00f3mico"},{"@type":"BreadcrumbList","@id":"https:\/\/super-news.info\/pt\/parpublica-com-lucros-de-704-milhoes-de-euros-em-2018-o-jornal-economico\/#breadcrumb","itemListElement":[{"@type":"ListItem","position":1,"name":"\u0413\u043b\u0430\u0432\u043d\u0430\u044f \u0441\u0442\u0440\u0430\u043d\u0438\u0446\u0430","item":"https:\/\/super-news.info\/pt\/"},{"@type":"ListItem","position":2,"name":"Parp\u00fablica com lucros de 70,4 milh\u00f5es de euros em 2018 \u2013 O Jornal Econ\u00f3mico"}]},{"@type":"WebSite","@id":"https:\/\/super-news.info\/pt\/#website","url":"https:\/\/super-news.info\/pt\/","name":"Super News","description":"Super News Portugal","potentialAction":[{"@type":"SearchAction","target":{"@type":"EntryPoint","urlTemplate":"https:\/\/super-news.info\/pt\/?s={search_term_string}"},"query-input":{"@type":"PropertyValueSpecification","valueRequired":true,"valueName":"search_term_string"}}],"inLanguage":"pt-PT"},{"@type":"Person","@id":"https:\/\/super-news.info\/pt\/#\/schema\/person\/2d4068cb2f39cd10008c2fce578a7356","name":"super-news","image":{"@type":"ImageObject","inLanguage":"pt-PT","@id":"https:\/\/secure.gravatar.com\/avatar\/64ebac40b93f26a154f8a9b5b6fdccfc46f442b26b3dd6756dbff3bf9dc76fd7?s=96&d=mm&r=g","url":"https:\/\/secure.gravatar.com\/avatar\/64ebac40b93f26a154f8a9b5b6fdccfc46f442b26b3dd6756dbff3bf9dc76fd7?s=96&d=mm&r=g","contentUrl":"https:\/\/secure.gravatar.com\/avatar\/64ebac40b93f26a154f8a9b5b6fdccfc46f442b26b3dd6756dbff3bf9dc76fd7?s=96&d=mm&r=g","caption":"super-news"},"url":"https:\/\/super-news.info\/pt\/author\/pt\/"}]}},"_links":{"self":[{"href":"https:\/\/super-news.info\/pt\/wp-json\/wp\/v2\/posts\/1063","targetHints":{"allow":["GET"]}}],"collection":[{"href":"https:\/\/super-news.info\/pt\/wp-json\/wp\/v2\/posts"}],"about":[{"href":"https:\/\/super-news.info\/pt\/wp-json\/wp\/v2\/types\/post"}],"author":[{"embeddable":true,"href":"https:\/\/super-news.info\/pt\/wp-json\/wp\/v2\/users\/2"}],"replies":[{"embeddable":true,"href":"https:\/\/super-news.info\/pt\/wp-json\/wp\/v2\/comments?post=1063"}],"version-history":[{"count":1,"href":"https:\/\/super-news.info\/pt\/wp-json\/wp\/v2\/posts\/1063\/revisions"}],"predecessor-version":[{"id":1065,"href":"https:\/\/super-news.info\/pt\/wp-json\/wp\/v2\/posts\/1063\/revisions\/1065"}],"wp:featuredmedia":[{"embeddable":true,"href":"https:\/\/super-news.info\/pt\/wp-json\/wp\/v2\/media\/1064"}],"wp:attachment":[{"href":"https:\/\/super-news.info\/pt\/wp-json\/wp\/v2\/media?parent=1063"}],"wp:term":[{"taxonomy":"category","embeddable":true,"href":"https:\/\/super-news.info\/pt\/wp-json\/wp\/v2\/categories?post=1063"},{"taxonomy":"post_tag","embeddable":true,"href":"https:\/\/super-news.info\/pt\/wp-json\/wp\/v2\/tags?post=1063"}],"curies":[{"name":"wp","href":"https:\/\/api.w.org\/{rel}","templated":true}]}}