{"id":1057,"date":"2019-05-01T01:24:47","date_gmt":"2019-04-30T22:24:47","guid":{"rendered":"https:\/\/super-news.info\/pt\/orey-antunes-adia-apresentacao-de-resultados-para-maio-o-jornal-economico\/"},"modified":"2019-05-01T01:24:48","modified_gmt":"2019-04-30T22:24:48","slug":"orey-antunes-adia-apresentacao-de-resultados-para-maio-o-jornal-economico","status":"publish","type":"post","link":"https:\/\/super-news.info\/pt\/orey-antunes-adia-apresentacao-de-resultados-para-maio-o-jornal-economico\/","title":{"rendered":"Orey Antunes adia apresenta\u00e7\u00e3o de resultados para maio \u2013 O Jornal Econ\u00f3mico"},"content":{"rendered":"<p> [ad_1]<br \/>\n<\/p>\n<div>\n<div class=\"je-readmore\">\n<p>A Orey Antunes\u00a0adiou a apresenta\u00e7\u00e3o dos resultados relativos ao exerc\u00edcio de 2018. Em comunicado divulgado na Comiss\u00e3o do Mercado dos Valores Mobili\u00e1rios (CMVM), a Orey\u00a0Antunes \u201cinforma que n\u00e3o foi poss\u00edvel concluir os trabalhos de elabora\u00e7\u00e3o dos documentos de presta\u00e7\u00e3o de contas relativas ao exerc\u00edcio de 2018 dentro do prazo\u201d estabelecido na lei, isto \u00e9,\u00a0no prazo de quatro meses a contar da data de encerramento do exerc\u00edcio.<\/p>\n<p>A empresa centen\u00e1ria, focada nas atividades de transporte e log\u00edstica, revelou ainda que pretente \u201cproceder \u00e0 divulga\u00e7\u00e3o dos referidos documentos durante o pr\u00f3ximo m\u00eas de maio\u201d, sem, no entanto, explicar porqu\u00ea.<\/p>\n<p>Recorde-se que a Orey Financial, que era o ramo financeiro da Orey Antunes, tornou-se independente desta em agosto de 2018.<\/p>\n<p>Na sequ\u00eancia da apresenta\u00e7\u00e3o das contas relativas ao exerc\u00edcio de 2017, a Orey Antunes comunicou ao mercado a inten\u00e7\u00e3o de sair do setor financeiro depois de \u201ctomar a decis\u00e3o estrat\u00e9gica de focar a atividade da sociedade nas \u00e1reas de transporte e log\u00edstica e servi\u00e7os relacionados\u201d.<\/p>\n<p>Para tal, a Orey Antunes resolveu \u201cadotar todas as medidas necess\u00e1rias para alienar, com a maior brevidade poss\u00edvel\u201d os ativos relacionados com a atividade financeira.<\/p>\n<p>\u00a0<\/p>\n<\/div>\n<\/div>\n<p><script>\/*<![CDATA[*\/function facebookInit(){var js=document.createElement('script');js.src='https:\/\/connect.facebook.net\/pt_PT\/sdk.js#xfbml=1&#038;version=v3.1&#038;appId=1708066812789184&#038;autoLogAppEvents=1';return document.body.appendChild(js);}\nwindow.onscroll=function(){var rect=document.getElementsByClassName('je-post-content')[0].getBoundingClientRect();if(rect.bottom<window.innerHeight){facebookInit();window.onscroll=null;}}\/*]]>*\/<\/script><br \/>\n<br \/>[ad_2]<br \/>\n<br \/><a href=\"https:\/\/jornaleconomico.sapo.pt\/noticias\/orey-antunes-adia-apresentacao-de-resultados-para-maio-439182\">Source link <\/a><\/p>\n","protected":false},"excerpt":{"rendered":"<p>[ad_1] A Orey Antunes\u00a0adiou a apresenta\u00e7\u00e3o dos resultados relativos ao exerc\u00edcio de 2018. Em comunicado divulgado na Comiss\u00e3o do Mercado dos Valores Mobili\u00e1rios (CMVM), a Orey\u00a0Antunes \u201cinforma que n\u00e3o foi poss\u00edvel concluir os trabalhos de elabora\u00e7\u00e3o dos documentos de presta\u00e7\u00e3o de contas relativas ao exerc\u00edcio de 2018 dentro do prazo\u201d estabelecido na lei, isto \u00e9,\u00a0no [&hellip;]<\/p>\n","protected":false},"author":2,"featured_media":1058,"comment_status":"open","ping_status":"open","sticky":false,"template":"","format":"standard","meta":{"footnotes":""},"categories":[1],"tags":[],"class_list":["post-1057","post","type-post","status-publish","format-standard","has-post-thumbnail","hentry","category-noticias-financeiras"],"yoast_head":"<!-- This site is optimized with the Yoast SEO plugin v27.4 - https:\/\/yoast.com\/product\/yoast-seo-wordpress\/ -->\n<title>Orey Antunes adia apresenta\u00e7\u00e3o de resultados para maio \u2013 O Jornal Econ\u00f3mico - Super News<\/title>\n<meta name=\"robots\" content=\"index, follow, max-snippet:-1, max-image-preview:large, max-video-preview:-1\" \/>\n<link rel=\"canonical\" href=\"https:\/\/super-news.info\/pt\/orey-antunes-adia-apresentacao-de-resultados-para-maio-o-jornal-economico\/\" \/>\n<meta property=\"og:locale\" content=\"pt_PT\" \/>\n<meta property=\"og:type\" content=\"article\" \/>\n<meta property=\"og:title\" content=\"Orey Antunes adia apresenta\u00e7\u00e3o de resultados para maio \u2013 O Jornal Econ\u00f3mico - Super News\" \/>\n<meta property=\"og:description\" content=\"[ad_1] A Orey Antunes\u00a0adiou a apresenta\u00e7\u00e3o dos resultados relativos ao exerc\u00edcio de 2018. Em comunicado divulgado na Comiss\u00e3o do Mercado dos Valores Mobili\u00e1rios (CMVM), a Orey\u00a0Antunes \u201cinforma que n\u00e3o foi poss\u00edvel concluir os trabalhos de elabora\u00e7\u00e3o dos documentos de presta\u00e7\u00e3o de contas relativas ao exerc\u00edcio de 2018 dentro do prazo\u201d estabelecido na lei, isto \u00e9,\u00a0no [&hellip;]\" \/>\n<meta property=\"og:url\" content=\"https:\/\/super-news.info\/pt\/orey-antunes-adia-apresentacao-de-resultados-para-maio-o-jornal-economico\/\" \/>\n<meta property=\"og:site_name\" content=\"Super News\" \/>\n<meta property=\"article:published_time\" content=\"2019-04-30T22:24:47+00:00\" \/>\n<meta property=\"article:modified_time\" content=\"2019-04-30T22:24:48+00:00\" \/>\n<meta property=\"og:image\" content=\"https:\/\/super-news.info\/pt\/wp-content\/uploads\/sites\/2\/2019\/05\/Orey-Antunes-adia-apresenta\u00e7\u00e3o-de-resultados-para-maio-\u2013-O.jpg\" \/>\n\t<meta property=\"og:image:width\" content=\"960\" \/>\n\t<meta property=\"og:image:height\" content=\"640\" \/>\n\t<meta property=\"og:image:type\" content=\"image\/jpeg\" \/>\n<meta name=\"author\" content=\"super-news\" \/>\n<meta name=\"twitter:card\" content=\"summary_large_image\" \/>\n<meta name=\"twitter:label1\" content=\"Escrito por\" \/>\n\t<meta name=\"twitter:data1\" content=\"super-news\" \/>\n\t<meta name=\"twitter:label2\" content=\"Tempo estimado de leitura\" \/>\n\t<meta name=\"twitter:data2\" content=\"1 minuto\" \/>\n<script type=\"application\/ld+json\" class=\"yoast-schema-graph\">{\"@context\":\"https:\\\/\\\/schema.org\",\"@graph\":[{\"@type\":\"Article\",\"@id\":\"https:\\\/\\\/super-news.info\\\/pt\\\/orey-antunes-adia-apresentacao-de-resultados-para-maio-o-jornal-economico\\\/#article\",\"isPartOf\":{\"@id\":\"https:\\\/\\\/super-news.info\\\/pt\\\/orey-antunes-adia-apresentacao-de-resultados-para-maio-o-jornal-economico\\\/\"},\"author\":{\"name\":\"super-news\",\"@id\":\"https:\\\/\\\/super-news.info\\\/pt\\\/#\\\/schema\\\/person\\\/2d4068cb2f39cd10008c2fce578a7356\"},\"headline\":\"Orey Antunes adia apresenta\u00e7\u00e3o de resultados para maio \u2013 O Jornal Econ\u00f3mico\",\"datePublished\":\"2019-04-30T22:24:47+00:00\",\"dateModified\":\"2019-04-30T22:24:48+00:00\",\"mainEntityOfPage\":{\"@id\":\"https:\\\/\\\/super-news.info\\\/pt\\\/orey-antunes-adia-apresentacao-de-resultados-para-maio-o-jornal-economico\\\/\"},\"wordCount\":226,\"commentCount\":0,\"image\":{\"@id\":\"https:\\\/\\\/super-news.info\\\/pt\\\/orey-antunes-adia-apresentacao-de-resultados-para-maio-o-jornal-economico\\\/#primaryimage\"},\"thumbnailUrl\":\"https:\\\/\\\/super-news.info\\\/pt\\\/wp-content\\\/uploads\\\/sites\\\/2\\\/2019\\\/05\\\/Orey-Antunes-adia-apresenta\u00e7\u00e3o-de-resultados-para-maio-\u2013-O.jpg\",\"articleSection\":[\"NOT\u00cdCIAS FINANCEIRAS\"],\"inLanguage\":\"pt-PT\",\"potentialAction\":[{\"@type\":\"CommentAction\",\"name\":\"Comment\",\"target\":[\"https:\\\/\\\/super-news.info\\\/pt\\\/orey-antunes-adia-apresentacao-de-resultados-para-maio-o-jornal-economico\\\/#respond\"]}]},{\"@type\":\"WebPage\",\"@id\":\"https:\\\/\\\/super-news.info\\\/pt\\\/orey-antunes-adia-apresentacao-de-resultados-para-maio-o-jornal-economico\\\/\",\"url\":\"https:\\\/\\\/super-news.info\\\/pt\\\/orey-antunes-adia-apresentacao-de-resultados-para-maio-o-jornal-economico\\\/\",\"name\":\"Orey Antunes adia apresenta\u00e7\u00e3o de resultados para maio \u2013 O Jornal Econ\u00f3mico - Super News\",\"isPartOf\":{\"@id\":\"https:\\\/\\\/super-news.info\\\/pt\\\/#website\"},\"primaryImageOfPage\":{\"@id\":\"https:\\\/\\\/super-news.info\\\/pt\\\/orey-antunes-adia-apresentacao-de-resultados-para-maio-o-jornal-economico\\\/#primaryimage\"},\"image\":{\"@id\":\"https:\\\/\\\/super-news.info\\\/pt\\\/orey-antunes-adia-apresentacao-de-resultados-para-maio-o-jornal-economico\\\/#primaryimage\"},\"thumbnailUrl\":\"https:\\\/\\\/super-news.info\\\/pt\\\/wp-content\\\/uploads\\\/sites\\\/2\\\/2019\\\/05\\\/Orey-Antunes-adia-apresenta\u00e7\u00e3o-de-resultados-para-maio-\u2013-O.jpg\",\"datePublished\":\"2019-04-30T22:24:47+00:00\",\"dateModified\":\"2019-04-30T22:24:48+00:00\",\"author\":{\"@id\":\"https:\\\/\\\/super-news.info\\\/pt\\\/#\\\/schema\\\/person\\\/2d4068cb2f39cd10008c2fce578a7356\"},\"breadcrumb\":{\"@id\":\"https:\\\/\\\/super-news.info\\\/pt\\\/orey-antunes-adia-apresentacao-de-resultados-para-maio-o-jornal-economico\\\/#breadcrumb\"},\"inLanguage\":\"pt-PT\",\"potentialAction\":[{\"@type\":\"ReadAction\",\"target\":[\"https:\\\/\\\/super-news.info\\\/pt\\\/orey-antunes-adia-apresentacao-de-resultados-para-maio-o-jornal-economico\\\/\"]}]},{\"@type\":\"ImageObject\",\"inLanguage\":\"pt-PT\",\"@id\":\"https:\\\/\\\/super-news.info\\\/pt\\\/orey-antunes-adia-apresentacao-de-resultados-para-maio-o-jornal-economico\\\/#primaryimage\",\"url\":\"https:\\\/\\\/super-news.info\\\/pt\\\/wp-content\\\/uploads\\\/sites\\\/2\\\/2019\\\/05\\\/Orey-Antunes-adia-apresenta\u00e7\u00e3o-de-resultados-para-maio-\u2013-O.jpg\",\"contentUrl\":\"https:\\\/\\\/super-news.info\\\/pt\\\/wp-content\\\/uploads\\\/sites\\\/2\\\/2019\\\/05\\\/Orey-Antunes-adia-apresenta\u00e7\u00e3o-de-resultados-para-maio-\u2013-O.jpg\",\"width\":960,\"height\":640,\"caption\":\"Orey Antunes adia apresenta\u00e7\u00e3o de resultados para maio \u2013 O Jornal Econ\u00f3mico\"},{\"@type\":\"BreadcrumbList\",\"@id\":\"https:\\\/\\\/super-news.info\\\/pt\\\/orey-antunes-adia-apresentacao-de-resultados-para-maio-o-jornal-economico\\\/#breadcrumb\",\"itemListElement\":[{\"@type\":\"ListItem\",\"position\":1,\"name\":\"\u0413\u043b\u0430\u0432\u043d\u0430\u044f \u0441\u0442\u0440\u0430\u043d\u0438\u0446\u0430\",\"item\":\"https:\\\/\\\/super-news.info\\\/pt\\\/\"},{\"@type\":\"ListItem\",\"position\":2,\"name\":\"Orey Antunes adia apresenta\u00e7\u00e3o de resultados para maio \u2013 O Jornal Econ\u00f3mico\"}]},{\"@type\":\"WebSite\",\"@id\":\"https:\\\/\\\/super-news.info\\\/pt\\\/#website\",\"url\":\"https:\\\/\\\/super-news.info\\\/pt\\\/\",\"name\":\"Super News\",\"description\":\"Super News Portugal\",\"potentialAction\":[{\"@type\":\"SearchAction\",\"target\":{\"@type\":\"EntryPoint\",\"urlTemplate\":\"https:\\\/\\\/super-news.info\\\/pt\\\/?s={search_term_string}\"},\"query-input\":{\"@type\":\"PropertyValueSpecification\",\"valueRequired\":true,\"valueName\":\"search_term_string\"}}],\"inLanguage\":\"pt-PT\"},{\"@type\":\"Person\",\"@id\":\"https:\\\/\\\/super-news.info\\\/pt\\\/#\\\/schema\\\/person\\\/2d4068cb2f39cd10008c2fce578a7356\",\"name\":\"super-news\",\"image\":{\"@type\":\"ImageObject\",\"inLanguage\":\"pt-PT\",\"@id\":\"https:\\\/\\\/secure.gravatar.com\\\/avatar\\\/64ebac40b93f26a154f8a9b5b6fdccfc46f442b26b3dd6756dbff3bf9dc76fd7?s=96&d=mm&r=g\",\"url\":\"https:\\\/\\\/secure.gravatar.com\\\/avatar\\\/64ebac40b93f26a154f8a9b5b6fdccfc46f442b26b3dd6756dbff3bf9dc76fd7?s=96&d=mm&r=g\",\"contentUrl\":\"https:\\\/\\\/secure.gravatar.com\\\/avatar\\\/64ebac40b93f26a154f8a9b5b6fdccfc46f442b26b3dd6756dbff3bf9dc76fd7?s=96&d=mm&r=g\",\"caption\":\"super-news\"},\"url\":\"https:\\\/\\\/super-news.info\\\/pt\\\/author\\\/pt\\\/\"}]}<\/script>\n<!-- \/ Yoast SEO plugin. -->","yoast_head_json":{"title":"Orey Antunes adia apresenta\u00e7\u00e3o de resultados para maio \u2013 O Jornal Econ\u00f3mico - Super News","robots":{"index":"index","follow":"follow","max-snippet":"max-snippet:-1","max-image-preview":"max-image-preview:large","max-video-preview":"max-video-preview:-1"},"canonical":"https:\/\/super-news.info\/pt\/orey-antunes-adia-apresentacao-de-resultados-para-maio-o-jornal-economico\/","og_locale":"pt_PT","og_type":"article","og_title":"Orey Antunes adia apresenta\u00e7\u00e3o de resultados para maio \u2013 O Jornal Econ\u00f3mico - Super News","og_description":"[ad_1] A Orey Antunes\u00a0adiou a apresenta\u00e7\u00e3o dos resultados relativos ao exerc\u00edcio de 2018. Em comunicado divulgado na Comiss\u00e3o do Mercado dos Valores Mobili\u00e1rios (CMVM), a Orey\u00a0Antunes \u201cinforma que n\u00e3o foi poss\u00edvel concluir os trabalhos de elabora\u00e7\u00e3o dos documentos de presta\u00e7\u00e3o de contas relativas ao exerc\u00edcio de 2018 dentro do prazo\u201d estabelecido na lei, isto \u00e9,\u00a0no [&hellip;]","og_url":"https:\/\/super-news.info\/pt\/orey-antunes-adia-apresentacao-de-resultados-para-maio-o-jornal-economico\/","og_site_name":"Super News","article_published_time":"2019-04-30T22:24:47+00:00","article_modified_time":"2019-04-30T22:24:48+00:00","og_image":[{"width":960,"height":640,"url":"https:\/\/super-news.info\/pt\/wp-content\/uploads\/sites\/2\/2019\/05\/Orey-Antunes-adia-apresenta\u00e7\u00e3o-de-resultados-para-maio-\u2013-O.jpg","type":"image\/jpeg"}],"author":"super-news","twitter_card":"summary_large_image","twitter_misc":{"Escrito por":"super-news","Tempo estimado de leitura":"1 minuto"},"schema":{"@context":"https:\/\/schema.org","@graph":[{"@type":"Article","@id":"https:\/\/super-news.info\/pt\/orey-antunes-adia-apresentacao-de-resultados-para-maio-o-jornal-economico\/#article","isPartOf":{"@id":"https:\/\/super-news.info\/pt\/orey-antunes-adia-apresentacao-de-resultados-para-maio-o-jornal-economico\/"},"author":{"name":"super-news","@id":"https:\/\/super-news.info\/pt\/#\/schema\/person\/2d4068cb2f39cd10008c2fce578a7356"},"headline":"Orey Antunes adia apresenta\u00e7\u00e3o de resultados para maio \u2013 O Jornal Econ\u00f3mico","datePublished":"2019-04-30T22:24:47+00:00","dateModified":"2019-04-30T22:24:48+00:00","mainEntityOfPage":{"@id":"https:\/\/super-news.info\/pt\/orey-antunes-adia-apresentacao-de-resultados-para-maio-o-jornal-economico\/"},"wordCount":226,"commentCount":0,"image":{"@id":"https:\/\/super-news.info\/pt\/orey-antunes-adia-apresentacao-de-resultados-para-maio-o-jornal-economico\/#primaryimage"},"thumbnailUrl":"https:\/\/super-news.info\/pt\/wp-content\/uploads\/sites\/2\/2019\/05\/Orey-Antunes-adia-apresenta\u00e7\u00e3o-de-resultados-para-maio-\u2013-O.jpg","articleSection":["NOT\u00cdCIAS FINANCEIRAS"],"inLanguage":"pt-PT","potentialAction":[{"@type":"CommentAction","name":"Comment","target":["https:\/\/super-news.info\/pt\/orey-antunes-adia-apresentacao-de-resultados-para-maio-o-jornal-economico\/#respond"]}]},{"@type":"WebPage","@id":"https:\/\/super-news.info\/pt\/orey-antunes-adia-apresentacao-de-resultados-para-maio-o-jornal-economico\/","url":"https:\/\/super-news.info\/pt\/orey-antunes-adia-apresentacao-de-resultados-para-maio-o-jornal-economico\/","name":"Orey Antunes adia apresenta\u00e7\u00e3o de resultados para maio \u2013 O Jornal Econ\u00f3mico - Super News","isPartOf":{"@id":"https:\/\/super-news.info\/pt\/#website"},"primaryImageOfPage":{"@id":"https:\/\/super-news.info\/pt\/orey-antunes-adia-apresentacao-de-resultados-para-maio-o-jornal-economico\/#primaryimage"},"image":{"@id":"https:\/\/super-news.info\/pt\/orey-antunes-adia-apresentacao-de-resultados-para-maio-o-jornal-economico\/#primaryimage"},"thumbnailUrl":"https:\/\/super-news.info\/pt\/wp-content\/uploads\/sites\/2\/2019\/05\/Orey-Antunes-adia-apresenta\u00e7\u00e3o-de-resultados-para-maio-\u2013-O.jpg","datePublished":"2019-04-30T22:24:47+00:00","dateModified":"2019-04-30T22:24:48+00:00","author":{"@id":"https:\/\/super-news.info\/pt\/#\/schema\/person\/2d4068cb2f39cd10008c2fce578a7356"},"breadcrumb":{"@id":"https:\/\/super-news.info\/pt\/orey-antunes-adia-apresentacao-de-resultados-para-maio-o-jornal-economico\/#breadcrumb"},"inLanguage":"pt-PT","potentialAction":[{"@type":"ReadAction","target":["https:\/\/super-news.info\/pt\/orey-antunes-adia-apresentacao-de-resultados-para-maio-o-jornal-economico\/"]}]},{"@type":"ImageObject","inLanguage":"pt-PT","@id":"https:\/\/super-news.info\/pt\/orey-antunes-adia-apresentacao-de-resultados-para-maio-o-jornal-economico\/#primaryimage","url":"https:\/\/super-news.info\/pt\/wp-content\/uploads\/sites\/2\/2019\/05\/Orey-Antunes-adia-apresenta\u00e7\u00e3o-de-resultados-para-maio-\u2013-O.jpg","contentUrl":"https:\/\/super-news.info\/pt\/wp-content\/uploads\/sites\/2\/2019\/05\/Orey-Antunes-adia-apresenta\u00e7\u00e3o-de-resultados-para-maio-\u2013-O.jpg","width":960,"height":640,"caption":"Orey Antunes adia apresenta\u00e7\u00e3o de resultados para maio \u2013 O Jornal Econ\u00f3mico"},{"@type":"BreadcrumbList","@id":"https:\/\/super-news.info\/pt\/orey-antunes-adia-apresentacao-de-resultados-para-maio-o-jornal-economico\/#breadcrumb","itemListElement":[{"@type":"ListItem","position":1,"name":"\u0413\u043b\u0430\u0432\u043d\u0430\u044f \u0441\u0442\u0440\u0430\u043d\u0438\u0446\u0430","item":"https:\/\/super-news.info\/pt\/"},{"@type":"ListItem","position":2,"name":"Orey Antunes adia apresenta\u00e7\u00e3o de resultados para maio \u2013 O Jornal Econ\u00f3mico"}]},{"@type":"WebSite","@id":"https:\/\/super-news.info\/pt\/#website","url":"https:\/\/super-news.info\/pt\/","name":"Super News","description":"Super News Portugal","potentialAction":[{"@type":"SearchAction","target":{"@type":"EntryPoint","urlTemplate":"https:\/\/super-news.info\/pt\/?s={search_term_string}"},"query-input":{"@type":"PropertyValueSpecification","valueRequired":true,"valueName":"search_term_string"}}],"inLanguage":"pt-PT"},{"@type":"Person","@id":"https:\/\/super-news.info\/pt\/#\/schema\/person\/2d4068cb2f39cd10008c2fce578a7356","name":"super-news","image":{"@type":"ImageObject","inLanguage":"pt-PT","@id":"https:\/\/secure.gravatar.com\/avatar\/64ebac40b93f26a154f8a9b5b6fdccfc46f442b26b3dd6756dbff3bf9dc76fd7?s=96&d=mm&r=g","url":"https:\/\/secure.gravatar.com\/avatar\/64ebac40b93f26a154f8a9b5b6fdccfc46f442b26b3dd6756dbff3bf9dc76fd7?s=96&d=mm&r=g","contentUrl":"https:\/\/secure.gravatar.com\/avatar\/64ebac40b93f26a154f8a9b5b6fdccfc46f442b26b3dd6756dbff3bf9dc76fd7?s=96&d=mm&r=g","caption":"super-news"},"url":"https:\/\/super-news.info\/pt\/author\/pt\/"}]}},"_links":{"self":[{"href":"https:\/\/super-news.info\/pt\/wp-json\/wp\/v2\/posts\/1057","targetHints":{"allow":["GET"]}}],"collection":[{"href":"https:\/\/super-news.info\/pt\/wp-json\/wp\/v2\/posts"}],"about":[{"href":"https:\/\/super-news.info\/pt\/wp-json\/wp\/v2\/types\/post"}],"author":[{"embeddable":true,"href":"https:\/\/super-news.info\/pt\/wp-json\/wp\/v2\/users\/2"}],"replies":[{"embeddable":true,"href":"https:\/\/super-news.info\/pt\/wp-json\/wp\/v2\/comments?post=1057"}],"version-history":[{"count":1,"href":"https:\/\/super-news.info\/pt\/wp-json\/wp\/v2\/posts\/1057\/revisions"}],"predecessor-version":[{"id":1059,"href":"https:\/\/super-news.info\/pt\/wp-json\/wp\/v2\/posts\/1057\/revisions\/1059"}],"wp:featuredmedia":[{"embeddable":true,"href":"https:\/\/super-news.info\/pt\/wp-json\/wp\/v2\/media\/1058"}],"wp:attachment":[{"href":"https:\/\/super-news.info\/pt\/wp-json\/wp\/v2\/media?parent=1057"}],"wp:term":[{"taxonomy":"category","embeddable":true,"href":"https:\/\/super-news.info\/pt\/wp-json\/wp\/v2\/categories?post=1057"},{"taxonomy":"post_tag","embeddable":true,"href":"https:\/\/super-news.info\/pt\/wp-json\/wp\/v2\/tags?post=1057"}],"curies":[{"name":"wp","href":"https:\/\/api.w.org\/{rel}","templated":true}]}}