{"id":1034,"date":"2019-04-30T13:15:57","date_gmt":"2019-04-30T10:15:57","guid":{"rendered":"https:\/\/super-news.info\/pt\/albuquerque-assegura-renovacao-da-frota-pesqueira-da-madeira-o-jornal-economico\/"},"modified":"2019-04-30T13:15:58","modified_gmt":"2019-04-30T10:15:58","slug":"albuquerque-assegura-renovacao-da-frota-pesqueira-da-madeira-o-jornal-economico","status":"publish","type":"post","link":"https:\/\/super-news.info\/pt\/albuquerque-assegura-renovacao-da-frota-pesqueira-da-madeira-o-jornal-economico\/","title":{"rendered":"Albuquerque assegura renova\u00e7\u00e3o da frota pesqueira da Madeira \u2013 O Jornal Econ\u00f3mico"},"content":{"rendered":"<p> [ad_1]<br \/>\n<\/p>\n<div>\n<p>A renova\u00e7\u00e3o da frota pesqueira vai mesmo avan\u00e7ar na Madeira, assegurou Miguel Albuquerque, presidente do Governo Regional, durante o debate mensal que decorre na Assembleia Legislativa da Madeira, que debate a Europa, em resposta ao JPP.<\/p>\n<p>\u201cO Governo Regional assumiu que ia lutar pela necessidade da Uni\u00e3o Europeia reconhecer, no contexto das regi\u00f5es ultraperif\u00e9ricas (RUP) de renovar essa frota pesqueira. A Madeira f\u00ea-lo quer nas RUP, quer no Parlamento Europeu, e est\u00e1 previsto no pr\u00f3ximo quadro comunit\u00e1rio v\u00e3o ser consagradas verbas para renovar a frota pesqueira da Madeira\u201d, afirmou Albuquerque, em resposta a Rafael Nunes, deputado do JPP, que queria saber se a renova\u00e7\u00e3o da frota pesqueira ia avan\u00e7ar na Madeira.<\/p>\n<p>No debate mensal Rafael Nunes disse que se aproveitou verbas comunit\u00e1rias para construir hospitais mas \u201cn\u00e3o se solucionou\u201d as listas de espera, que se aproveitou essas verbas para o sector portu\u00e1rio mas que as estruturas de transportes e mercadorias \u201cestrangulam as empresas e condiciona a popula\u00e7\u00e3o\u201d, que se utilizou essas verbas comunit\u00e1rias para p\u00f3los cient\u00edficos mas que esses p\u00f3los deparam-se com \u201csobreviv\u00eancia estrutural\u201d, acrescentando que o Governo Regional n\u00e3o deu apoios\u201d aos agricultores para evoluir de forma igual no panorama europeu.<\/p>\n<p>\u201cN\u00e3o evitarem que a Madeira tenham 27% da popula\u00e7\u00e3o em risco de pobreza\u201d, refor\u00e7ou o deputado do JPP.<\/p>\n<\/p><\/div>\n<p><script>\/*<![CDATA[*\/function facebookInit(){var js=document.createElement('script');js.src='https:\/\/connect.facebook.net\/pt_PT\/sdk.js#xfbml=1&#038;version=v3.1&#038;appId=1708066812789184&#038;autoLogAppEvents=1';return document.body.appendChild(js);}\nwindow.onscroll=function(){var rect=document.getElementsByClassName('je-post-content')[0].getBoundingClientRect();if(rect.bottom<window.innerHeight){facebookInit();window.onscroll=null;}}\/*]]>*\/<\/script><br \/>\n<br \/>[ad_2]<br \/>\n<br \/><a href=\"https:\/\/jornaleconomico.sapo.pt\/noticias\/albuquerque-assegura-renovacao-da-frota-pesqueira-da-madeira-438834\">Source link <\/a><\/p>\n","protected":false},"excerpt":{"rendered":"<p>[ad_1] A renova\u00e7\u00e3o da frota pesqueira vai mesmo avan\u00e7ar na Madeira, assegurou Miguel Albuquerque, presidente do Governo Regional, durante o debate mensal que decorre na Assembleia Legislativa da Madeira, que debate a Europa, em resposta ao JPP. \u201cO Governo Regional assumiu que ia lutar pela necessidade da Uni\u00e3o Europeia reconhecer, no contexto das regi\u00f5es ultraperif\u00e9ricas [&hellip;]<\/p>\n","protected":false},"author":2,"featured_media":1035,"comment_status":"open","ping_status":"open","sticky":false,"template":"","format":"standard","meta":{"footnotes":""},"categories":[1],"tags":[],"class_list":["post-1034","post","type-post","status-publish","format-standard","has-post-thumbnail","hentry","category-noticias-financeiras"],"yoast_head":"<!-- This site is optimized with the Yoast SEO plugin v27.4 - https:\/\/yoast.com\/product\/yoast-seo-wordpress\/ -->\n<title>Albuquerque assegura renova\u00e7\u00e3o da frota pesqueira da Madeira \u2013 O Jornal Econ\u00f3mico - Super News<\/title>\n<meta name=\"robots\" content=\"index, follow, max-snippet:-1, max-image-preview:large, max-video-preview:-1\" \/>\n<link rel=\"canonical\" href=\"https:\/\/super-news.info\/pt\/albuquerque-assegura-renovacao-da-frota-pesqueira-da-madeira-o-jornal-economico\/\" \/>\n<meta property=\"og:locale\" content=\"pt_PT\" \/>\n<meta property=\"og:type\" content=\"article\" \/>\n<meta property=\"og:title\" content=\"Albuquerque assegura renova\u00e7\u00e3o da frota pesqueira da Madeira \u2013 O Jornal Econ\u00f3mico - Super News\" \/>\n<meta property=\"og:description\" content=\"[ad_1] A renova\u00e7\u00e3o da frota pesqueira vai mesmo avan\u00e7ar na Madeira, assegurou Miguel Albuquerque, presidente do Governo Regional, durante o debate mensal que decorre na Assembleia Legislativa da Madeira, que debate a Europa, em resposta ao JPP. \u201cO Governo Regional assumiu que ia lutar pela necessidade da Uni\u00e3o Europeia reconhecer, no contexto das regi\u00f5es ultraperif\u00e9ricas [&hellip;]\" \/>\n<meta property=\"og:url\" content=\"https:\/\/super-news.info\/pt\/albuquerque-assegura-renovacao-da-frota-pesqueira-da-madeira-o-jornal-economico\/\" \/>\n<meta property=\"og:site_name\" content=\"Super News\" \/>\n<meta property=\"article:published_time\" content=\"2019-04-30T10:15:57+00:00\" \/>\n<meta property=\"article:modified_time\" content=\"2019-04-30T10:15:58+00:00\" \/>\n<meta property=\"og:image\" content=\"https:\/\/super-news.info\/pt\/wp-content\/uploads\/sites\/2\/2019\/04\/Albuquerque-assegura-renova\u00e7\u00e3o-da-frota-pesqueira-da-Madeira-\u2013-O.png\" \/>\n\t<meta property=\"og:image:width\" content=\"600\" \/>\n\t<meta property=\"og:image:height\" content=\"612\" \/>\n\t<meta property=\"og:image:type\" content=\"image\/png\" \/>\n<meta name=\"author\" content=\"super-news\" \/>\n<meta name=\"twitter:card\" content=\"summary_large_image\" \/>\n<meta name=\"twitter:label1\" content=\"Escrito por\" \/>\n\t<meta name=\"twitter:data1\" content=\"super-news\" \/>\n\t<meta name=\"twitter:label2\" content=\"Tempo estimado de leitura\" \/>\n\t<meta name=\"twitter:data2\" content=\"1 minuto\" \/>\n<script type=\"application\/ld+json\" class=\"yoast-schema-graph\">{\"@context\":\"https:\\\/\\\/schema.org\",\"@graph\":[{\"@type\":\"Article\",\"@id\":\"https:\\\/\\\/super-news.info\\\/pt\\\/albuquerque-assegura-renovacao-da-frota-pesqueira-da-madeira-o-jornal-economico\\\/#article\",\"isPartOf\":{\"@id\":\"https:\\\/\\\/super-news.info\\\/pt\\\/albuquerque-assegura-renovacao-da-frota-pesqueira-da-madeira-o-jornal-economico\\\/\"},\"author\":{\"name\":\"super-news\",\"@id\":\"https:\\\/\\\/super-news.info\\\/pt\\\/#\\\/schema\\\/person\\\/2d4068cb2f39cd10008c2fce578a7356\"},\"headline\":\"Albuquerque assegura renova\u00e7\u00e3o da frota pesqueira da Madeira \u2013 O Jornal Econ\u00f3mico\",\"datePublished\":\"2019-04-30T10:15:57+00:00\",\"dateModified\":\"2019-04-30T10:15:58+00:00\",\"mainEntityOfPage\":{\"@id\":\"https:\\\/\\\/super-news.info\\\/pt\\\/albuquerque-assegura-renovacao-da-frota-pesqueira-da-madeira-o-jornal-economico\\\/\"},\"wordCount\":250,\"commentCount\":0,\"image\":{\"@id\":\"https:\\\/\\\/super-news.info\\\/pt\\\/albuquerque-assegura-renovacao-da-frota-pesqueira-da-madeira-o-jornal-economico\\\/#primaryimage\"},\"thumbnailUrl\":\"https:\\\/\\\/super-news.info\\\/pt\\\/wp-content\\\/uploads\\\/sites\\\/2\\\/2019\\\/04\\\/Albuquerque-assegura-renova\u00e7\u00e3o-da-frota-pesqueira-da-Madeira-\u2013-O.png\",\"articleSection\":[\"NOT\u00cdCIAS FINANCEIRAS\"],\"inLanguage\":\"pt-PT\",\"potentialAction\":[{\"@type\":\"CommentAction\",\"name\":\"Comment\",\"target\":[\"https:\\\/\\\/super-news.info\\\/pt\\\/albuquerque-assegura-renovacao-da-frota-pesqueira-da-madeira-o-jornal-economico\\\/#respond\"]}]},{\"@type\":\"WebPage\",\"@id\":\"https:\\\/\\\/super-news.info\\\/pt\\\/albuquerque-assegura-renovacao-da-frota-pesqueira-da-madeira-o-jornal-economico\\\/\",\"url\":\"https:\\\/\\\/super-news.info\\\/pt\\\/albuquerque-assegura-renovacao-da-frota-pesqueira-da-madeira-o-jornal-economico\\\/\",\"name\":\"Albuquerque assegura renova\u00e7\u00e3o da frota pesqueira da Madeira \u2013 O Jornal Econ\u00f3mico - Super News\",\"isPartOf\":{\"@id\":\"https:\\\/\\\/super-news.info\\\/pt\\\/#website\"},\"primaryImageOfPage\":{\"@id\":\"https:\\\/\\\/super-news.info\\\/pt\\\/albuquerque-assegura-renovacao-da-frota-pesqueira-da-madeira-o-jornal-economico\\\/#primaryimage\"},\"image\":{\"@id\":\"https:\\\/\\\/super-news.info\\\/pt\\\/albuquerque-assegura-renovacao-da-frota-pesqueira-da-madeira-o-jornal-economico\\\/#primaryimage\"},\"thumbnailUrl\":\"https:\\\/\\\/super-news.info\\\/pt\\\/wp-content\\\/uploads\\\/sites\\\/2\\\/2019\\\/04\\\/Albuquerque-assegura-renova\u00e7\u00e3o-da-frota-pesqueira-da-Madeira-\u2013-O.png\",\"datePublished\":\"2019-04-30T10:15:57+00:00\",\"dateModified\":\"2019-04-30T10:15:58+00:00\",\"author\":{\"@id\":\"https:\\\/\\\/super-news.info\\\/pt\\\/#\\\/schema\\\/person\\\/2d4068cb2f39cd10008c2fce578a7356\"},\"breadcrumb\":{\"@id\":\"https:\\\/\\\/super-news.info\\\/pt\\\/albuquerque-assegura-renovacao-da-frota-pesqueira-da-madeira-o-jornal-economico\\\/#breadcrumb\"},\"inLanguage\":\"pt-PT\",\"potentialAction\":[{\"@type\":\"ReadAction\",\"target\":[\"https:\\\/\\\/super-news.info\\\/pt\\\/albuquerque-assegura-renovacao-da-frota-pesqueira-da-madeira-o-jornal-economico\\\/\"]}]},{\"@type\":\"ImageObject\",\"inLanguage\":\"pt-PT\",\"@id\":\"https:\\\/\\\/super-news.info\\\/pt\\\/albuquerque-assegura-renovacao-da-frota-pesqueira-da-madeira-o-jornal-economico\\\/#primaryimage\",\"url\":\"https:\\\/\\\/super-news.info\\\/pt\\\/wp-content\\\/uploads\\\/sites\\\/2\\\/2019\\\/04\\\/Albuquerque-assegura-renova\u00e7\u00e3o-da-frota-pesqueira-da-Madeira-\u2013-O.png\",\"contentUrl\":\"https:\\\/\\\/super-news.info\\\/pt\\\/wp-content\\\/uploads\\\/sites\\\/2\\\/2019\\\/04\\\/Albuquerque-assegura-renova\u00e7\u00e3o-da-frota-pesqueira-da-Madeira-\u2013-O.png\",\"width\":600,\"height\":612,\"caption\":\"Albuquerque assegura renova\u00e7\u00e3o da frota pesqueira da Madeira \u2013 O Jornal Econ\u00f3mico\"},{\"@type\":\"BreadcrumbList\",\"@id\":\"https:\\\/\\\/super-news.info\\\/pt\\\/albuquerque-assegura-renovacao-da-frota-pesqueira-da-madeira-o-jornal-economico\\\/#breadcrumb\",\"itemListElement\":[{\"@type\":\"ListItem\",\"position\":1,\"name\":\"\u0413\u043b\u0430\u0432\u043d\u0430\u044f \u0441\u0442\u0440\u0430\u043d\u0438\u0446\u0430\",\"item\":\"https:\\\/\\\/super-news.info\\\/pt\\\/\"},{\"@type\":\"ListItem\",\"position\":2,\"name\":\"Albuquerque assegura renova\u00e7\u00e3o da frota pesqueira da Madeira \u2013 O Jornal Econ\u00f3mico\"}]},{\"@type\":\"WebSite\",\"@id\":\"https:\\\/\\\/super-news.info\\\/pt\\\/#website\",\"url\":\"https:\\\/\\\/super-news.info\\\/pt\\\/\",\"name\":\"Super News\",\"description\":\"Super News Portugal\",\"potentialAction\":[{\"@type\":\"SearchAction\",\"target\":{\"@type\":\"EntryPoint\",\"urlTemplate\":\"https:\\\/\\\/super-news.info\\\/pt\\\/?s={search_term_string}\"},\"query-input\":{\"@type\":\"PropertyValueSpecification\",\"valueRequired\":true,\"valueName\":\"search_term_string\"}}],\"inLanguage\":\"pt-PT\"},{\"@type\":\"Person\",\"@id\":\"https:\\\/\\\/super-news.info\\\/pt\\\/#\\\/schema\\\/person\\\/2d4068cb2f39cd10008c2fce578a7356\",\"name\":\"super-news\",\"image\":{\"@type\":\"ImageObject\",\"inLanguage\":\"pt-PT\",\"@id\":\"https:\\\/\\\/secure.gravatar.com\\\/avatar\\\/64ebac40b93f26a154f8a9b5b6fdccfc46f442b26b3dd6756dbff3bf9dc76fd7?s=96&d=mm&r=g\",\"url\":\"https:\\\/\\\/secure.gravatar.com\\\/avatar\\\/64ebac40b93f26a154f8a9b5b6fdccfc46f442b26b3dd6756dbff3bf9dc76fd7?s=96&d=mm&r=g\",\"contentUrl\":\"https:\\\/\\\/secure.gravatar.com\\\/avatar\\\/64ebac40b93f26a154f8a9b5b6fdccfc46f442b26b3dd6756dbff3bf9dc76fd7?s=96&d=mm&r=g\",\"caption\":\"super-news\"},\"url\":\"https:\\\/\\\/super-news.info\\\/pt\\\/author\\\/pt\\\/\"}]}<\/script>\n<!-- \/ Yoast SEO plugin. -->","yoast_head_json":{"title":"Albuquerque assegura renova\u00e7\u00e3o da frota pesqueira da Madeira \u2013 O Jornal Econ\u00f3mico - Super News","robots":{"index":"index","follow":"follow","max-snippet":"max-snippet:-1","max-image-preview":"max-image-preview:large","max-video-preview":"max-video-preview:-1"},"canonical":"https:\/\/super-news.info\/pt\/albuquerque-assegura-renovacao-da-frota-pesqueira-da-madeira-o-jornal-economico\/","og_locale":"pt_PT","og_type":"article","og_title":"Albuquerque assegura renova\u00e7\u00e3o da frota pesqueira da Madeira \u2013 O Jornal Econ\u00f3mico - Super News","og_description":"[ad_1] A renova\u00e7\u00e3o da frota pesqueira vai mesmo avan\u00e7ar na Madeira, assegurou Miguel Albuquerque, presidente do Governo Regional, durante o debate mensal que decorre na Assembleia Legislativa da Madeira, que debate a Europa, em resposta ao JPP. \u201cO Governo Regional assumiu que ia lutar pela necessidade da Uni\u00e3o Europeia reconhecer, no contexto das regi\u00f5es ultraperif\u00e9ricas [&hellip;]","og_url":"https:\/\/super-news.info\/pt\/albuquerque-assegura-renovacao-da-frota-pesqueira-da-madeira-o-jornal-economico\/","og_site_name":"Super News","article_published_time":"2019-04-30T10:15:57+00:00","article_modified_time":"2019-04-30T10:15:58+00:00","og_image":[{"width":600,"height":612,"url":"https:\/\/super-news.info\/pt\/wp-content\/uploads\/sites\/2\/2019\/04\/Albuquerque-assegura-renova\u00e7\u00e3o-da-frota-pesqueira-da-Madeira-\u2013-O.png","type":"image\/png"}],"author":"super-news","twitter_card":"summary_large_image","twitter_misc":{"Escrito por":"super-news","Tempo estimado de leitura":"1 minuto"},"schema":{"@context":"https:\/\/schema.org","@graph":[{"@type":"Article","@id":"https:\/\/super-news.info\/pt\/albuquerque-assegura-renovacao-da-frota-pesqueira-da-madeira-o-jornal-economico\/#article","isPartOf":{"@id":"https:\/\/super-news.info\/pt\/albuquerque-assegura-renovacao-da-frota-pesqueira-da-madeira-o-jornal-economico\/"},"author":{"name":"super-news","@id":"https:\/\/super-news.info\/pt\/#\/schema\/person\/2d4068cb2f39cd10008c2fce578a7356"},"headline":"Albuquerque assegura renova\u00e7\u00e3o da frota pesqueira da Madeira \u2013 O Jornal Econ\u00f3mico","datePublished":"2019-04-30T10:15:57+00:00","dateModified":"2019-04-30T10:15:58+00:00","mainEntityOfPage":{"@id":"https:\/\/super-news.info\/pt\/albuquerque-assegura-renovacao-da-frota-pesqueira-da-madeira-o-jornal-economico\/"},"wordCount":250,"commentCount":0,"image":{"@id":"https:\/\/super-news.info\/pt\/albuquerque-assegura-renovacao-da-frota-pesqueira-da-madeira-o-jornal-economico\/#primaryimage"},"thumbnailUrl":"https:\/\/super-news.info\/pt\/wp-content\/uploads\/sites\/2\/2019\/04\/Albuquerque-assegura-renova\u00e7\u00e3o-da-frota-pesqueira-da-Madeira-\u2013-O.png","articleSection":["NOT\u00cdCIAS FINANCEIRAS"],"inLanguage":"pt-PT","potentialAction":[{"@type":"CommentAction","name":"Comment","target":["https:\/\/super-news.info\/pt\/albuquerque-assegura-renovacao-da-frota-pesqueira-da-madeira-o-jornal-economico\/#respond"]}]},{"@type":"WebPage","@id":"https:\/\/super-news.info\/pt\/albuquerque-assegura-renovacao-da-frota-pesqueira-da-madeira-o-jornal-economico\/","url":"https:\/\/super-news.info\/pt\/albuquerque-assegura-renovacao-da-frota-pesqueira-da-madeira-o-jornal-economico\/","name":"Albuquerque assegura renova\u00e7\u00e3o da frota pesqueira da Madeira \u2013 O Jornal Econ\u00f3mico - Super News","isPartOf":{"@id":"https:\/\/super-news.info\/pt\/#website"},"primaryImageOfPage":{"@id":"https:\/\/super-news.info\/pt\/albuquerque-assegura-renovacao-da-frota-pesqueira-da-madeira-o-jornal-economico\/#primaryimage"},"image":{"@id":"https:\/\/super-news.info\/pt\/albuquerque-assegura-renovacao-da-frota-pesqueira-da-madeira-o-jornal-economico\/#primaryimage"},"thumbnailUrl":"https:\/\/super-news.info\/pt\/wp-content\/uploads\/sites\/2\/2019\/04\/Albuquerque-assegura-renova\u00e7\u00e3o-da-frota-pesqueira-da-Madeira-\u2013-O.png","datePublished":"2019-04-30T10:15:57+00:00","dateModified":"2019-04-30T10:15:58+00:00","author":{"@id":"https:\/\/super-news.info\/pt\/#\/schema\/person\/2d4068cb2f39cd10008c2fce578a7356"},"breadcrumb":{"@id":"https:\/\/super-news.info\/pt\/albuquerque-assegura-renovacao-da-frota-pesqueira-da-madeira-o-jornal-economico\/#breadcrumb"},"inLanguage":"pt-PT","potentialAction":[{"@type":"ReadAction","target":["https:\/\/super-news.info\/pt\/albuquerque-assegura-renovacao-da-frota-pesqueira-da-madeira-o-jornal-economico\/"]}]},{"@type":"ImageObject","inLanguage":"pt-PT","@id":"https:\/\/super-news.info\/pt\/albuquerque-assegura-renovacao-da-frota-pesqueira-da-madeira-o-jornal-economico\/#primaryimage","url":"https:\/\/super-news.info\/pt\/wp-content\/uploads\/sites\/2\/2019\/04\/Albuquerque-assegura-renova\u00e7\u00e3o-da-frota-pesqueira-da-Madeira-\u2013-O.png","contentUrl":"https:\/\/super-news.info\/pt\/wp-content\/uploads\/sites\/2\/2019\/04\/Albuquerque-assegura-renova\u00e7\u00e3o-da-frota-pesqueira-da-Madeira-\u2013-O.png","width":600,"height":612,"caption":"Albuquerque assegura renova\u00e7\u00e3o da frota pesqueira da Madeira \u2013 O Jornal Econ\u00f3mico"},{"@type":"BreadcrumbList","@id":"https:\/\/super-news.info\/pt\/albuquerque-assegura-renovacao-da-frota-pesqueira-da-madeira-o-jornal-economico\/#breadcrumb","itemListElement":[{"@type":"ListItem","position":1,"name":"\u0413\u043b\u0430\u0432\u043d\u0430\u044f \u0441\u0442\u0440\u0430\u043d\u0438\u0446\u0430","item":"https:\/\/super-news.info\/pt\/"},{"@type":"ListItem","position":2,"name":"Albuquerque assegura renova\u00e7\u00e3o da frota pesqueira da Madeira \u2013 O Jornal Econ\u00f3mico"}]},{"@type":"WebSite","@id":"https:\/\/super-news.info\/pt\/#website","url":"https:\/\/super-news.info\/pt\/","name":"Super News","description":"Super News Portugal","potentialAction":[{"@type":"SearchAction","target":{"@type":"EntryPoint","urlTemplate":"https:\/\/super-news.info\/pt\/?s={search_term_string}"},"query-input":{"@type":"PropertyValueSpecification","valueRequired":true,"valueName":"search_term_string"}}],"inLanguage":"pt-PT"},{"@type":"Person","@id":"https:\/\/super-news.info\/pt\/#\/schema\/person\/2d4068cb2f39cd10008c2fce578a7356","name":"super-news","image":{"@type":"ImageObject","inLanguage":"pt-PT","@id":"https:\/\/secure.gravatar.com\/avatar\/64ebac40b93f26a154f8a9b5b6fdccfc46f442b26b3dd6756dbff3bf9dc76fd7?s=96&d=mm&r=g","url":"https:\/\/secure.gravatar.com\/avatar\/64ebac40b93f26a154f8a9b5b6fdccfc46f442b26b3dd6756dbff3bf9dc76fd7?s=96&d=mm&r=g","contentUrl":"https:\/\/secure.gravatar.com\/avatar\/64ebac40b93f26a154f8a9b5b6fdccfc46f442b26b3dd6756dbff3bf9dc76fd7?s=96&d=mm&r=g","caption":"super-news"},"url":"https:\/\/super-news.info\/pt\/author\/pt\/"}]}},"_links":{"self":[{"href":"https:\/\/super-news.info\/pt\/wp-json\/wp\/v2\/posts\/1034","targetHints":{"allow":["GET"]}}],"collection":[{"href":"https:\/\/super-news.info\/pt\/wp-json\/wp\/v2\/posts"}],"about":[{"href":"https:\/\/super-news.info\/pt\/wp-json\/wp\/v2\/types\/post"}],"author":[{"embeddable":true,"href":"https:\/\/super-news.info\/pt\/wp-json\/wp\/v2\/users\/2"}],"replies":[{"embeddable":true,"href":"https:\/\/super-news.info\/pt\/wp-json\/wp\/v2\/comments?post=1034"}],"version-history":[{"count":1,"href":"https:\/\/super-news.info\/pt\/wp-json\/wp\/v2\/posts\/1034\/revisions"}],"predecessor-version":[{"id":1036,"href":"https:\/\/super-news.info\/pt\/wp-json\/wp\/v2\/posts\/1034\/revisions\/1036"}],"wp:featuredmedia":[{"embeddable":true,"href":"https:\/\/super-news.info\/pt\/wp-json\/wp\/v2\/media\/1035"}],"wp:attachment":[{"href":"https:\/\/super-news.info\/pt\/wp-json\/wp\/v2\/media?parent=1034"}],"wp:term":[{"taxonomy":"category","embeddable":true,"href":"https:\/\/super-news.info\/pt\/wp-json\/wp\/v2\/categories?post=1034"},{"taxonomy":"post_tag","embeddable":true,"href":"https:\/\/super-news.info\/pt\/wp-json\/wp\/v2\/tags?post=1034"}],"curies":[{"name":"wp","href":"https:\/\/api.w.org\/{rel}","templated":true}]}}