{"id":98,"date":"2019-04-10T01:17:29","date_gmt":"2019-04-09T22:17:29","guid":{"rendered":"https:\/\/super-news.info\/pl\/wiadomosci-marketingowe\/co-to-jest-hejt-kto-obraza-innych-raport\/"},"modified":"2019-04-10T01:17:30","modified_gmt":"2019-04-09T22:17:30","slug":"co-to-jest-hejt-kto-obraza-innych-raport","status":"publish","type":"post","link":"https:\/\/super-news.info\/pl\/co-to-jest-hejt-kto-obraza-innych-raport\/","title":{"rendered":"Co to jest hejt kto obra\u017ca innych raport"},"content":{"rendered":"<p> [ad_1]<br \/>\n<\/p>\n<div id=\"\">\n<p>Krytyczne opinie w sieci zostawia 46 proc. badanych, cz\u0119\u015bciej panowie ni\u017c panie (52 proc. vs. 40 proc), a tak\u017ce osoby w wieku 15-24 lata (55 proc.). Po r\u00f3wno krytykuj\u0105 badani z wy\u017cszym, \u015brednim czy podstawowym wykszta\u0142ceniem.<\/p>\n<p>&#13;<br \/>\n&#13;<\/p>\n<p>Zdecydowanie najcz\u0119\u015bciej krytykowane jest czyje\u015b zachowanie (ponad 70 proc. wskaza\u0144).<\/p>\n<p>&#13;<br \/>\n&#13;<\/p>\n<p>Kobiety dwukrotnie cz\u0119\u015bciej krytykuj\u0105 wygl\u0105d, za\u015b m\u0119\u017cczy\u017ani du\u017co cz\u0119\u015bciej pogl\u0105dy. Wygl\u0105d te\u017c jest cz\u0119\u015bciej krytykowany przez ludzi m\u0142odych \u2013 do 34. roku \u017cycia, za\u015b pogl\u0105dy w\u015br\u00f3d os\u00f3b z najstarszej badanej grupy wiekowej \u2013 powy\u017cej 45. roku \u017cycia.<\/p>\n<p>&#13;<br \/>\n&#13;<\/p>\n<p>&#13;<br \/>\n&#13;<\/p>\n<p><span style=\"font-size:20px;\"><strong>Po co krytykujemy?<\/strong><\/span><\/p>\n<p>&#13;<br \/>\n&#13;<\/p>\n<p>Badani zupe\u0142nie inaczej postrzegaj\u0105 wyra\u017canie krytycznych opinii przez siebie ni\u017c ze strony innych os\u00f3b.<\/p>\n<p>&#13;<br \/>\n&#13;<\/p>\n<p>Jedynie 1 proc. badanych przyznaje, \u017ce swoj\u0105 krytyk\u0105 chce sprawi\u0107 komu\u015b przykro\u015b\u0107, ale a\u017c 64 proc. jest przekonanych, \u017ce inni maj\u0105 taki cel.<\/p>\n<p>&#13;<br \/>\n&#13;<\/p>\n<p>Oceniaj\u0105c siebie, tylko 4 proc. os\u00f3b przyznaje, \u017ce krytykuj\u0105c co\u015b odreagowuj\u0105, za\u015b 64 proc. uwa\u017ca, \u017ce to inni chc\u0105 odreagowa\u0107. M\u00f3wi\u0105c o sobie najcz\u0119\u015bciej respondenci wskazywali ch\u0119\u0107 wyra\u017cenia opinii. M\u00f3wi\u0105c o innych \u2013 ch\u0119\u0107 sprawienia komu\u015b przykro\u015bci.<\/p>\n<p>&#13;<br \/>\n&#13;<\/p>\n<p>Odsetek os\u00f3b przyznaj\u0105cych si\u0119 do krytykowania \u201edla rozrywki\u201d jest w przypadku os\u00f3b najm\u0142odszych ponad czterokrotnie wy\u017cszy (9 proc.) ni\u017c w przypadku os\u00f3b z grupy wiekowej 45+ (2 proc.). Krytykowanie \u201edla rozrywki\u201d jest te\u017c dziesi\u0119ciokrotnie wy\u017csze w przypadku os\u00f3b z wykszta\u0142ceniem podstawowym i zawodowym (20 proc.) ni\u017c z wykszta\u0142ceniem wy\u017cszym (1 proc.).<\/p>\n<p>&#13;<br \/>\n&#13;<\/p>\n<p><img decoding=\"async\" alt=\"\" src=\"https:\/\/super-news.info\/pl\/wp-content\/uploads\/sites\/6\/2019\/04\/1554848249_360_Co-to-jest-hejt-kto-obraza-innych-raport.png\" style=\"width: 484px; height: 442px;\"\/><\/p>\n<p>&#13;<br \/>\n&#13;<\/p>\n<p>Z deklaracji respondent\u00f3w wynika, \u017ce krytykuj\u0105c w sieci nie maj\u0105 oni z\u0142ych zamiar\u00f3w, tylko kieruj\u0105 si\u0119 ch\u0119ci\u0105 wyra\u017cenia opinii czy zmiany istniej\u0105cej sytuacji. Trzeba jednak pami\u0119ta\u0107, \u017ce s\u0105 to deklaracje &#8211; ocenia dr Adam Czarnecki z ARC Rynek i Opinia.<\/p>\n<p>&#13;<br \/>\n&#13;<\/p>\n<p><span style=\"font-size:20px;\"><strong>Hejt nasz powszedni &#8211; za pogl\u0105dy, za wygl\u0105d<\/strong><\/span><\/p>\n<p>&#13;<br \/>\n&#13;<\/p>\n<p>Co trzeci doros\u0142y Polak do\u015bwiadczy\u0142 w \u017cyciu hejtu na sobie. W\u015br\u00f3d najm\u0142odszych respondent\u00f3w &#8211; co drugi.<\/p>\n<p>&#13;<br \/>\n&#13;<\/p>\n<p><strong>Im starsi respondenci, tym rzadziej spotkali si\u0119 z krytyk\u0105 w\u0142asnej osoby w sieci. W grupie najstarszej odsetek ten spada do 20 proc.. Cz\u0119\u015bciej z hejtem spotykali si\u0119 mieszka\u0144cy miast powy\u017cej 100 tysi\u0119cy mieszka\u0144c\u00f3w (39 proc.) ni\u017c wsi (30 proc.).<\/strong><\/p>\n<p>&#13;<br \/>\n&#13;<\/p>\n<p><img decoding=\"async\" alt=\"\" src=\"https:\/\/super-news.info\/pl\/wp-content\/uploads\/sites\/6\/2019\/04\/1554848249_529_Co-to-jest-hejt-kto-obraza-innych-raport.png\" style=\"width: 484px; height: 292px;\"\/><\/p>\n<p>&#13;<br \/>\n&#13;<\/p>\n<p>Co trzecia kobieta do\u015bwiadczy\u0142a krytyki swojego wygl\u0105du w sieci, a dwie trzecie m\u0119\u017cczyzn \u2013 krytyki pogl\u0105d\u00f3w.<\/p>\n<p>&#13;<br \/>\n&#13;<\/p>\n<p>Krytyki pogl\u0105d\u00f3w cz\u0119\u015bciej do\u015bwiadczyli ludzie wykszta\u0142ceni (65 proc. w\u015br\u00f3d os\u00f3b z wykszta\u0142ceniem wy\u017cszym) i osoby powy\u017cej 45 roku \u017cycia (82 proc.).<\/p>\n<p>&#13;<br \/>\n&#13;<\/p>\n<p><strong>Wgl\u0105d jest negatywnie oceniany w\u015br\u00f3d m\u0142odszych Polak\u00f3w (45 proc. wskaza\u0144 w grupie 15-24 lata).\u00a0 Mieszka\u0144cy wsi s\u0105 dwa razy cz\u0119\u015bciej krytykowani za wygl\u0105d (32 proc.), ni\u017c mieszka\u0144cy du\u017cych miast powy\u017cej 500 tys. mieszka\u0144c\u00f3w (15 proc.).<\/strong><\/p>\n<p>&#13;<br \/>\n&#13;<\/p>\n<p><img decoding=\"async\" alt=\"\" src=\"https:\/\/super-news.info\/pl\/wp-content\/uploads\/sites\/6\/2019\/04\/1554848249_263_Co-to-jest-hejt-kto-obraza-innych-raport.png\" style=\"width: 484px; height: 346px;\"\/><\/p>\n<p>&#13;<br \/>\n&#13;<\/p>\n<p><span style=\"font-size:20px;\"><strong>Czym jest dla nas hejt?<\/strong><\/span><\/p>\n<p>&#13;<br \/>\n&#13;<\/p>\n<p>Zapytani o definicj\u0119 hejtu, ankietowani wskazywali najcz\u0119\u015bciej: wypowiedzi sprawiaj\u0105ce przykro\u015b\u0107, komentarze nienawistne oraz krytyka wyra\u017cona w formie obelgi.<\/p>\n<p>&#13;<br \/>\n&#13;<\/p>\n<p>Dwa razy cz\u0119\u015bciej definiowano hejt w odwo\u0142aniu do obra\u017aliwej formy (sprawienie przykro\u015bci, nienawi\u015b\u0107, obra\u017aliwa forma), ni\u017c jako ka\u017cd\u0105 publiczn\u0105 krytyk\u0119.<\/p>\n<p>&#13;<br \/>\n&#13;<\/p>\n<p>Grupy, kt\u00f3re w opinii badanych internaut\u00f3w s\u0105 najcz\u0119\u015bciej krytykowane, to mniejszo\u015bci seksualne (63 proc. wskaza\u0144), celebryci (61 proc.) i politycy (58 proc.). Natomiast jako grup\u0119 najcz\u0119\u015bciej hejtuj\u0105c\u0105 uznano zwyk\u0142ych internaut\u00f3w: 84 proc., trzy razy cz\u0119\u015bciej ni\u017c dziennikarzy i publicyst\u00f3w, celebryt\u00f3w czy polityk\u00f3w.\u00a0 \u00a0<\/p>\n<p>&#13;<br \/>\n&#13;<\/p>\n<p><strong>Zdaniem 85 proc. ankietowanych, hejt to powa\u017cny problem spo\u0142eczny, jeszcze wi\u0119cej (87 proc.) uwa\u017ca, \u017ce nale\u017cy z nim walczy\u0107.<\/strong><\/p>\n<p>&#13;<br \/>\n&#13;<\/p>\n<p>&#8211; Opinie polskich internaut\u00f3w na temat zjawiska hejtu s\u0105 pochodn\u0105 opinii wyra\u017canych w mediach. Wida\u0107 spory rozziew pomi\u0119dzy w\u0142asnymi do\u015bwiadczeniami a deklarowan\u0105 opini\u0105 na ten temat &#8211; komentuje prof. Marek Kochan z Katedry Dziennikarstwa Uniwersytetu SWPS.\u00a0 &#8211; <strong>Jednocze\u015bnie badanie pokaza\u0142o, \u017ce polscy internauci s\u0105 bardzo przywi\u0105zani do wolno\u015bci s\u0142owa. Mimo postrzegania hejtu jako powa\u017cnego problemu i du\u017cego poparcia dla walki z tym zjawiskiem, tylko jedna czwarta chce walczy\u0107 z nim nawet za cen\u0119 wolno\u015bci s\u0142owa, a przewa\u017caj\u0105ca wi\u0119kszo\u015b\u0107 chce, by przy tym wolno\u015bci s\u0142owa nie ogranicza\u0107. <\/strong>To wa\u017cny wynik dla wszystkich, kt\u00f3rzy do walki z hejtem chcieliby anga\u017cowa\u0107 np. dodatkowe \u015brodki prawne: wida\u0107 z badania, \u017ce takie dzia\u0142ania nie zyskaj\u0105 poparcia opinii publicznej w Polsce &#8211; dodaje ekspert. \u00a0<\/p>\n<p>&#13;<br \/>\n&#13;<\/p>\n<p><em>Badanie zosta\u0142o przeprowadzone metod\u0105 CAWI (ankiety online) na epanel.pl. Pr\u00f3ba, N=815 os\u00f3b korzystaj\u0105cych z internetu. Pr\u00f3ba by\u0142a reprezentatywna ze wzgl\u0119du na wiek, p\u0142e\u0107, miejsce zamieszkania oraz wykszta\u0142cenie. Termin realizacji badania: 8-12.03.2019<\/em><\/p>\n<p>&#13;<br \/>\n                            &#13;<br \/>\n&#13;<br \/>\n                            &#13;<br \/>\n&#13;<br \/>\n&#13;<br \/>\n&#13;<br \/>\n&#13;<br \/>\n&#13;<br \/>\n                            &#13;<br \/>\n                                                            &#13;<br \/>\n&#13;<br \/>\n                            &#13;\n                        <\/p><\/div>\n<p><script>(function (d, s, id) {\n        var js, fjs = d.getElementsByTagName(s)[0];\n        if (d.getElementById(id)) return;\n        js = d.createElement(s);\n        js.id = id;\n        js.src = \"http:\/\/connect.facebook.net\/pl_PL\/sdk.js#xfbml=1&version=v2.6&appId=297996717062470\";\n        fjs.parentNode.insertBefore(js, fjs);\n    }(document, 'script', 'facebook-jssdk'));<\/script><br \/>\n<br \/>[ad_2]<br \/>\n<br \/><a href=\"https:\/\/www.wirtualnemedia.pl\/artykul\/co-to-jest-hejt-kto-obraza-innych-raport\">Source link <\/a><\/p>\n","protected":false},"excerpt":{"rendered":"<p>[ad_1] Krytyczne opinie w sieci zostawia 46 proc. badanych, cz\u0119\u015bciej panowie ni\u017c panie (52 proc. vs. 40 proc), a tak\u017ce osoby w wieku 15-24 lata (55 proc.). Po r\u00f3wno krytykuj\u0105 badani z wy\u017cszym, \u015brednim czy podstawowym wykszta\u0142ceniem. &#13; &#13; Zdecydowanie najcz\u0119\u015bciej krytykowane jest czyje\u015b zachowanie (ponad 70 proc. wskaza\u0144). &#13; &#13; Kobiety dwukrotnie cz\u0119\u015bciej krytykuj\u0105 [&hellip;]<\/p>\n","protected":false},"author":2,"featured_media":99,"comment_status":"open","ping_status":"open","sticky":false,"template":"","format":"standard","meta":{"footnotes":""},"categories":[3],"tags":[],"class_list":["post-98","post","type-post","status-publish","format-standard","has-post-thumbnail","hentry","category-wiadomosci-marketingowe"],"yoast_head":"<!-- This site is optimized with the Yoast SEO plugin v27.4 - https:\/\/yoast.com\/product\/yoast-seo-wordpress\/ -->\n<title>Co to jest hejt kto obra\u017ca innych raport - Super News<\/title>\n<meta name=\"robots\" content=\"index, follow, max-snippet:-1, max-image-preview:large, max-video-preview:-1\" \/>\n<link rel=\"canonical\" href=\"https:\/\/super-news.info\/pl\/co-to-jest-hejt-kto-obraza-innych-raport\/\" \/>\n<meta property=\"og:locale\" content=\"pl_PL\" \/>\n<meta property=\"og:type\" content=\"article\" \/>\n<meta property=\"og:title\" content=\"Co to jest hejt kto obra\u017ca innych raport - Super News\" \/>\n<meta property=\"og:description\" content=\"[ad_1] Krytyczne opinie w sieci zostawia 46 proc. badanych, cz\u0119\u015bciej panowie ni\u017c panie (52 proc. vs. 40 proc), a tak\u017ce osoby w wieku 15-24 lata (55 proc.). Po r\u00f3wno krytykuj\u0105 badani z wy\u017cszym, \u015brednim czy podstawowym wykszta\u0142ceniem. &#013; &#013; Zdecydowanie najcz\u0119\u015bciej krytykowane jest czyje\u015b zachowanie (ponad 70 proc. wskaza\u0144). &#013; &#013; Kobiety dwukrotnie cz\u0119\u015bciej krytykuj\u0105 [&hellip;]\" \/>\n<meta property=\"og:url\" content=\"https:\/\/super-news.info\/pl\/co-to-jest-hejt-kto-obraza-innych-raport\/\" \/>\n<meta property=\"og:site_name\" content=\"Super News\" \/>\n<meta property=\"article:published_time\" content=\"2019-04-09T22:17:29+00:00\" \/>\n<meta property=\"article:modified_time\" content=\"2019-04-09T22:17:30+00:00\" \/>\n<meta property=\"og:image\" content=\"https:\/\/super-news.info\/pl\/wp-content\/uploads\/sites\/6\/2019\/04\/Co-to-jest-hejt-kto-obra\u017ca-innych-raport.png\" \/>\n\t<meta property=\"og:image:width\" content=\"484\" \/>\n\t<meta property=\"og:image:height\" content=\"351\" \/>\n\t<meta property=\"og:image:type\" content=\"image\/png\" \/>\n<meta name=\"author\" content=\"super-news\" \/>\n<meta name=\"twitter:card\" content=\"summary_large_image\" \/>\n<meta name=\"twitter:label1\" content=\"Napisane przez\" \/>\n\t<meta name=\"twitter:data1\" content=\"super-news\" \/>\n\t<meta name=\"twitter:label2\" content=\"Szacowany czas czytania\" \/>\n\t<meta name=\"twitter:data2\" content=\"4 minuty\" \/>\n<script type=\"application\/ld+json\" class=\"yoast-schema-graph\">{\"@context\":\"https:\\\/\\\/schema.org\",\"@graph\":[{\"@type\":\"Article\",\"@id\":\"https:\\\/\\\/super-news.info\\\/pl\\\/co-to-jest-hejt-kto-obraza-innych-raport\\\/#article\",\"isPartOf\":{\"@id\":\"https:\\\/\\\/super-news.info\\\/pl\\\/co-to-jest-hejt-kto-obraza-innych-raport\\\/\"},\"author\":{\"name\":\"super-news\",\"@id\":\"https:\\\/\\\/super-news.info\\\/pl\\\/#\\\/schema\\\/person\\\/2d4068cb2f39cd10008c2fce578a7356\"},\"headline\":\"Co to jest hejt kto obra\u017ca innych raport\",\"datePublished\":\"2019-04-09T22:17:29+00:00\",\"dateModified\":\"2019-04-09T22:17:30+00:00\",\"mainEntityOfPage\":{\"@id\":\"https:\\\/\\\/super-news.info\\\/pl\\\/co-to-jest-hejt-kto-obraza-innych-raport\\\/\"},\"wordCount\":774,\"commentCount\":0,\"image\":{\"@id\":\"https:\\\/\\\/super-news.info\\\/pl\\\/co-to-jest-hejt-kto-obraza-innych-raport\\\/#primaryimage\"},\"thumbnailUrl\":\"https:\\\/\\\/super-news.info\\\/pl\\\/wp-content\\\/uploads\\\/sites\\\/6\\\/2019\\\/04\\\/Co-to-jest-hejt-kto-obra\u017ca-innych-raport.png\",\"articleSection\":[\"WIADOMO\u015aCI MARKETINGOWE\"],\"inLanguage\":\"pl-PL\",\"potentialAction\":[{\"@type\":\"CommentAction\",\"name\":\"Comment\",\"target\":[\"https:\\\/\\\/super-news.info\\\/pl\\\/co-to-jest-hejt-kto-obraza-innych-raport\\\/#respond\"]}]},{\"@type\":\"WebPage\",\"@id\":\"https:\\\/\\\/super-news.info\\\/pl\\\/co-to-jest-hejt-kto-obraza-innych-raport\\\/\",\"url\":\"https:\\\/\\\/super-news.info\\\/pl\\\/co-to-jest-hejt-kto-obraza-innych-raport\\\/\",\"name\":\"Co to jest hejt kto obra\u017ca innych raport - Super News\",\"isPartOf\":{\"@id\":\"https:\\\/\\\/super-news.info\\\/pl\\\/#website\"},\"primaryImageOfPage\":{\"@id\":\"https:\\\/\\\/super-news.info\\\/pl\\\/co-to-jest-hejt-kto-obraza-innych-raport\\\/#primaryimage\"},\"image\":{\"@id\":\"https:\\\/\\\/super-news.info\\\/pl\\\/co-to-jest-hejt-kto-obraza-innych-raport\\\/#primaryimage\"},\"thumbnailUrl\":\"https:\\\/\\\/super-news.info\\\/pl\\\/wp-content\\\/uploads\\\/sites\\\/6\\\/2019\\\/04\\\/Co-to-jest-hejt-kto-obra\u017ca-innych-raport.png\",\"datePublished\":\"2019-04-09T22:17:29+00:00\",\"dateModified\":\"2019-04-09T22:17:30+00:00\",\"author\":{\"@id\":\"https:\\\/\\\/super-news.info\\\/pl\\\/#\\\/schema\\\/person\\\/2d4068cb2f39cd10008c2fce578a7356\"},\"breadcrumb\":{\"@id\":\"https:\\\/\\\/super-news.info\\\/pl\\\/co-to-jest-hejt-kto-obraza-innych-raport\\\/#breadcrumb\"},\"inLanguage\":\"pl-PL\",\"potentialAction\":[{\"@type\":\"ReadAction\",\"target\":[\"https:\\\/\\\/super-news.info\\\/pl\\\/co-to-jest-hejt-kto-obraza-innych-raport\\\/\"]}]},{\"@type\":\"ImageObject\",\"inLanguage\":\"pl-PL\",\"@id\":\"https:\\\/\\\/super-news.info\\\/pl\\\/co-to-jest-hejt-kto-obraza-innych-raport\\\/#primaryimage\",\"url\":\"https:\\\/\\\/super-news.info\\\/pl\\\/wp-content\\\/uploads\\\/sites\\\/6\\\/2019\\\/04\\\/Co-to-jest-hejt-kto-obra\u017ca-innych-raport.png\",\"contentUrl\":\"https:\\\/\\\/super-news.info\\\/pl\\\/wp-content\\\/uploads\\\/sites\\\/6\\\/2019\\\/04\\\/Co-to-jest-hejt-kto-obra\u017ca-innych-raport.png\",\"width\":484,\"height\":351,\"caption\":\"Co to jest hejt kto obra\u017ca innych raport\"},{\"@type\":\"BreadcrumbList\",\"@id\":\"https:\\\/\\\/super-news.info\\\/pl\\\/co-to-jest-hejt-kto-obraza-innych-raport\\\/#breadcrumb\",\"itemListElement\":[{\"@type\":\"ListItem\",\"position\":1,\"name\":\"\u0413\u043b\u0430\u0432\u043d\u0430\u044f \u0441\u0442\u0440\u0430\u043d\u0438\u0446\u0430\",\"item\":\"https:\\\/\\\/super-news.info\\\/pl\\\/\"},{\"@type\":\"ListItem\",\"position\":2,\"name\":\"Co to jest hejt kto obra\u017ca innych raport\"}]},{\"@type\":\"WebSite\",\"@id\":\"https:\\\/\\\/super-news.info\\\/pl\\\/#website\",\"url\":\"https:\\\/\\\/super-news.info\\\/pl\\\/\",\"name\":\"Super News\",\"description\":\"Super News Polska\",\"potentialAction\":[{\"@type\":\"SearchAction\",\"target\":{\"@type\":\"EntryPoint\",\"urlTemplate\":\"https:\\\/\\\/super-news.info\\\/pl\\\/?s={search_term_string}\"},\"query-input\":{\"@type\":\"PropertyValueSpecification\",\"valueRequired\":true,\"valueName\":\"search_term_string\"}}],\"inLanguage\":\"pl-PL\"},{\"@type\":\"Person\",\"@id\":\"https:\\\/\\\/super-news.info\\\/pl\\\/#\\\/schema\\\/person\\\/2d4068cb2f39cd10008c2fce578a7356\",\"name\":\"super-news\",\"image\":{\"@type\":\"ImageObject\",\"inLanguage\":\"pl-PL\",\"@id\":\"https:\\\/\\\/secure.gravatar.com\\\/avatar\\\/64ebac40b93f26a154f8a9b5b6fdccfc46f442b26b3dd6756dbff3bf9dc76fd7?s=96&d=mm&r=g\",\"url\":\"https:\\\/\\\/secure.gravatar.com\\\/avatar\\\/64ebac40b93f26a154f8a9b5b6fdccfc46f442b26b3dd6756dbff3bf9dc76fd7?s=96&d=mm&r=g\",\"contentUrl\":\"https:\\\/\\\/secure.gravatar.com\\\/avatar\\\/64ebac40b93f26a154f8a9b5b6fdccfc46f442b26b3dd6756dbff3bf9dc76fd7?s=96&d=mm&r=g\",\"caption\":\"super-news\"},\"url\":\"https:\\\/\\\/super-news.info\\\/pl\\\/author\\\/pt\\\/\"}]}<\/script>\n<!-- \/ Yoast SEO plugin. -->","yoast_head_json":{"title":"Co to jest hejt kto obra\u017ca innych raport - Super News","robots":{"index":"index","follow":"follow","max-snippet":"max-snippet:-1","max-image-preview":"max-image-preview:large","max-video-preview":"max-video-preview:-1"},"canonical":"https:\/\/super-news.info\/pl\/co-to-jest-hejt-kto-obraza-innych-raport\/","og_locale":"pl_PL","og_type":"article","og_title":"Co to jest hejt kto obra\u017ca innych raport - Super News","og_description":"[ad_1] Krytyczne opinie w sieci zostawia 46 proc. badanych, cz\u0119\u015bciej panowie ni\u017c panie (52 proc. vs. 40 proc), a tak\u017ce osoby w wieku 15-24 lata (55 proc.). Po r\u00f3wno krytykuj\u0105 badani z wy\u017cszym, \u015brednim czy podstawowym wykszta\u0142ceniem. &#13; &#13; Zdecydowanie najcz\u0119\u015bciej krytykowane jest czyje\u015b zachowanie (ponad 70 proc. wskaza\u0144). &#13; &#13; Kobiety dwukrotnie cz\u0119\u015bciej krytykuj\u0105 [&hellip;]","og_url":"https:\/\/super-news.info\/pl\/co-to-jest-hejt-kto-obraza-innych-raport\/","og_site_name":"Super News","article_published_time":"2019-04-09T22:17:29+00:00","article_modified_time":"2019-04-09T22:17:30+00:00","og_image":[{"width":484,"height":351,"url":"https:\/\/super-news.info\/pl\/wp-content\/uploads\/sites\/6\/2019\/04\/Co-to-jest-hejt-kto-obra\u017ca-innych-raport.png","type":"image\/png"}],"author":"super-news","twitter_card":"summary_large_image","twitter_misc":{"Napisane przez":"super-news","Szacowany czas czytania":"4 minuty"},"schema":{"@context":"https:\/\/schema.org","@graph":[{"@type":"Article","@id":"https:\/\/super-news.info\/pl\/co-to-jest-hejt-kto-obraza-innych-raport\/#article","isPartOf":{"@id":"https:\/\/super-news.info\/pl\/co-to-jest-hejt-kto-obraza-innych-raport\/"},"author":{"name":"super-news","@id":"https:\/\/super-news.info\/pl\/#\/schema\/person\/2d4068cb2f39cd10008c2fce578a7356"},"headline":"Co to jest hejt kto obra\u017ca innych raport","datePublished":"2019-04-09T22:17:29+00:00","dateModified":"2019-04-09T22:17:30+00:00","mainEntityOfPage":{"@id":"https:\/\/super-news.info\/pl\/co-to-jest-hejt-kto-obraza-innych-raport\/"},"wordCount":774,"commentCount":0,"image":{"@id":"https:\/\/super-news.info\/pl\/co-to-jest-hejt-kto-obraza-innych-raport\/#primaryimage"},"thumbnailUrl":"https:\/\/super-news.info\/pl\/wp-content\/uploads\/sites\/6\/2019\/04\/Co-to-jest-hejt-kto-obra\u017ca-innych-raport.png","articleSection":["WIADOMO\u015aCI MARKETINGOWE"],"inLanguage":"pl-PL","potentialAction":[{"@type":"CommentAction","name":"Comment","target":["https:\/\/super-news.info\/pl\/co-to-jest-hejt-kto-obraza-innych-raport\/#respond"]}]},{"@type":"WebPage","@id":"https:\/\/super-news.info\/pl\/co-to-jest-hejt-kto-obraza-innych-raport\/","url":"https:\/\/super-news.info\/pl\/co-to-jest-hejt-kto-obraza-innych-raport\/","name":"Co to jest hejt kto obra\u017ca innych raport - Super News","isPartOf":{"@id":"https:\/\/super-news.info\/pl\/#website"},"primaryImageOfPage":{"@id":"https:\/\/super-news.info\/pl\/co-to-jest-hejt-kto-obraza-innych-raport\/#primaryimage"},"image":{"@id":"https:\/\/super-news.info\/pl\/co-to-jest-hejt-kto-obraza-innych-raport\/#primaryimage"},"thumbnailUrl":"https:\/\/super-news.info\/pl\/wp-content\/uploads\/sites\/6\/2019\/04\/Co-to-jest-hejt-kto-obra\u017ca-innych-raport.png","datePublished":"2019-04-09T22:17:29+00:00","dateModified":"2019-04-09T22:17:30+00:00","author":{"@id":"https:\/\/super-news.info\/pl\/#\/schema\/person\/2d4068cb2f39cd10008c2fce578a7356"},"breadcrumb":{"@id":"https:\/\/super-news.info\/pl\/co-to-jest-hejt-kto-obraza-innych-raport\/#breadcrumb"},"inLanguage":"pl-PL","potentialAction":[{"@type":"ReadAction","target":["https:\/\/super-news.info\/pl\/co-to-jest-hejt-kto-obraza-innych-raport\/"]}]},{"@type":"ImageObject","inLanguage":"pl-PL","@id":"https:\/\/super-news.info\/pl\/co-to-jest-hejt-kto-obraza-innych-raport\/#primaryimage","url":"https:\/\/super-news.info\/pl\/wp-content\/uploads\/sites\/6\/2019\/04\/Co-to-jest-hejt-kto-obra\u017ca-innych-raport.png","contentUrl":"https:\/\/super-news.info\/pl\/wp-content\/uploads\/sites\/6\/2019\/04\/Co-to-jest-hejt-kto-obra\u017ca-innych-raport.png","width":484,"height":351,"caption":"Co to jest hejt kto obra\u017ca innych raport"},{"@type":"BreadcrumbList","@id":"https:\/\/super-news.info\/pl\/co-to-jest-hejt-kto-obraza-innych-raport\/#breadcrumb","itemListElement":[{"@type":"ListItem","position":1,"name":"\u0413\u043b\u0430\u0432\u043d\u0430\u044f \u0441\u0442\u0440\u0430\u043d\u0438\u0446\u0430","item":"https:\/\/super-news.info\/pl\/"},{"@type":"ListItem","position":2,"name":"Co to jest hejt kto obra\u017ca innych raport"}]},{"@type":"WebSite","@id":"https:\/\/super-news.info\/pl\/#website","url":"https:\/\/super-news.info\/pl\/","name":"Super News","description":"Super News Polska","potentialAction":[{"@type":"SearchAction","target":{"@type":"EntryPoint","urlTemplate":"https:\/\/super-news.info\/pl\/?s={search_term_string}"},"query-input":{"@type":"PropertyValueSpecification","valueRequired":true,"valueName":"search_term_string"}}],"inLanguage":"pl-PL"},{"@type":"Person","@id":"https:\/\/super-news.info\/pl\/#\/schema\/person\/2d4068cb2f39cd10008c2fce578a7356","name":"super-news","image":{"@type":"ImageObject","inLanguage":"pl-PL","@id":"https:\/\/secure.gravatar.com\/avatar\/64ebac40b93f26a154f8a9b5b6fdccfc46f442b26b3dd6756dbff3bf9dc76fd7?s=96&d=mm&r=g","url":"https:\/\/secure.gravatar.com\/avatar\/64ebac40b93f26a154f8a9b5b6fdccfc46f442b26b3dd6756dbff3bf9dc76fd7?s=96&d=mm&r=g","contentUrl":"https:\/\/secure.gravatar.com\/avatar\/64ebac40b93f26a154f8a9b5b6fdccfc46f442b26b3dd6756dbff3bf9dc76fd7?s=96&d=mm&r=g","caption":"super-news"},"url":"https:\/\/super-news.info\/pl\/author\/pt\/"}]}},"_links":{"self":[{"href":"https:\/\/super-news.info\/pl\/wp-json\/wp\/v2\/posts\/98","targetHints":{"allow":["GET"]}}],"collection":[{"href":"https:\/\/super-news.info\/pl\/wp-json\/wp\/v2\/posts"}],"about":[{"href":"https:\/\/super-news.info\/pl\/wp-json\/wp\/v2\/types\/post"}],"author":[{"embeddable":true,"href":"https:\/\/super-news.info\/pl\/wp-json\/wp\/v2\/users\/2"}],"replies":[{"embeddable":true,"href":"https:\/\/super-news.info\/pl\/wp-json\/wp\/v2\/comments?post=98"}],"version-history":[{"count":1,"href":"https:\/\/super-news.info\/pl\/wp-json\/wp\/v2\/posts\/98\/revisions"}],"predecessor-version":[{"id":100,"href":"https:\/\/super-news.info\/pl\/wp-json\/wp\/v2\/posts\/98\/revisions\/100"}],"wp:featuredmedia":[{"embeddable":true,"href":"https:\/\/super-news.info\/pl\/wp-json\/wp\/v2\/media\/99"}],"wp:attachment":[{"href":"https:\/\/super-news.info\/pl\/wp-json\/wp\/v2\/media?parent=98"}],"wp:term":[{"taxonomy":"category","embeddable":true,"href":"https:\/\/super-news.info\/pl\/wp-json\/wp\/v2\/categories?post=98"},{"taxonomy":"post_tag","embeddable":true,"href":"https:\/\/super-news.info\/pl\/wp-json\/wp\/v2\/tags?post=98"}],"curies":[{"name":"wp","href":"https:\/\/api.w.org\/{rel}","templated":true}]}}