{"id":961,"date":"2019-06-26T18:31:39","date_gmt":"2019-06-26T15:31:39","guid":{"rendered":"https:\/\/super-news.info\/pl\/slawomir-sklinda-z-pko-tfi-panika-w-bankach-centralnych\/"},"modified":"2019-06-26T18:31:40","modified_gmt":"2019-06-26T15:31:40","slug":"slawomir-sklinda-z-pko-tfi-panika-w-bankach-centralnych","status":"publish","type":"post","link":"https:\/\/super-news.info\/pl\/slawomir-sklinda-z-pko-tfi-panika-w-bankach-centralnych\/","title":{"rendered":"S\u0142awomir Sklinda z PKO TFI: Panika w bankach centralnych"},"content":{"rendered":"<p> [ad_1]<br \/>\n<\/p>\n<div id=\"articleContent\" data-io-article-url=\"https:\/\/www.bankier.pl\/wiadomosc\/Slawomir-Sklinda-z-PKO-TFI-Panika-w-bankach-centralnych-7696187.html\">\n        <!-- authorContainer --><\/p>\n<p><span class=\"lead\">Rynki podyktowa\u0142y bankom centralnym jak powinny zareagowa\u0107. Fed spanikowa\u0142, a EBC jest de facto funduszem stabilizacyjnym W\u0142och &#8211; uwa\u017ca S\u0142awomir Sklinda, zast\u0119pca dyrektora departamentu zarz\u0105dzania aktywami PKO TFI.<\/span><\/p>\n<div class=\"container645\">\n<div class=\"box645 boxImg\">\n<div class=\"boxContent\"><\/div>\n<\/div>\n<\/div>\n<p>&#8222;Obaw na rynkach jest bardzo du\u017co, ale te obawy si\u0119 nie materializuj\u0105. Do tego mamy nadal dobry wzrost gospodarczy &#8211; troch\u0119 s\u0142abn\u0105cy w USA, ale nadal niez\u0142y &#8211; i dodajemy superdopalacz w postaci polityki monetarnej: to jest win-win dla akcji. Warto mie\u0107 t\u0119 klas\u0119 aktyw\u00f3w&#8221; &#8211; powiedzia\u0142 S\u0142awomir Sklinda.<\/p>\n<p><!--[ ads link bar ]--><\/p>\n<p>Zdaniem zast\u0119pcy dyrektora departamentu zarz\u0105dzania aktywami PKO TFI, zaskakuj\u0105ce jest, \u017ce rynki podyktowa\u0142y bankom centralnym jak powinny zareagowa\u0107 na otoczenie s\u0142abn\u0105cego wzrostu i wojny handlowej. Fed na czerwcowym posiedzeniu zasygnalizowa\u0142 gotowo\u015b\u0107 do obni\u017cek st\u00f3p procentowych i do wspierania ameryka\u0144skiej gospodarki.<\/p>\n<p>\u201eTo do\u015b\u0107 kuriozalne, \u017ce Fed podni\u00f3s\u0142 oczekiwania wzrostu gospodarczego na ten rok, jednocze\u015bnie utwierdzaj\u0105c rynek w przekonaniu, \u017ce przynajmniej 3 obni\u017cki st\u00f3p proc. w tym roku s\u0105 poprawnie wliczane w ceny. Takie sytuacje rzadko spotykamy. Ciekawe dla mnie jest to, \u017ce sam Fed nie spodziewa\u0142 si\u0119 swojego zachowania. Ewidentnie rynek \u015bci\u0105gn\u0105\u0142 Fed w pewne miejsce i retoryk\u0119\u201d \u2013 powiedzia\u0142.<\/p>\n<p>Sklinda ocenia, \u017ce sama zapowied\u017a luzowania przez Fed oznacza panik\u0119 w szeregach banku.<\/p>\n<p>&#8222;Fed spanikowa\u0142. (\u2026) Z kolei w kuluarach na rynku finansowym w Londynie m\u00f3wi si\u0119, \u017ce EBC jest de facto funduszem stabilizacyjnym W\u0142och. Ostatnie decyzje i wypowiedzi przedstawicieli EBC dok\u0142adnie tak s\u0105 kuluarowo interpretowane, a nie jako pr\u00f3ba stymulowania gospodarki\u201d \u2013 powiedzia\u0142.<\/p>\n<p>Sklinda zwr\u00f3ci\u0142 uwag\u0119, \u017ce EBC ostatnio po raz pierwszy zasygnalizowa\u0142 pr\u00f3b\u0119 odej\u015bcia od polityki monetarnej, kt\u00f3ra celuje w inflacj\u0119 i stabilno\u015b\u0107 cen oraz dopuszczenie przestrzelenia celu inflacyjnego.<\/p>\n<p>\u201eFed te\u017c o tym wspomina\u0142. W Japonii dzieje si\u0119 to ca\u0142kowicie. Mamy by\u0107 mo\u017ce do czynienia ze zmian\u0105 filozofii zarz\u0105dzania bankiem centralnym przez trzy najwi\u0119ksze banki na \u015bwiecie. Mario Draghi odnosi\u0142 si\u0119 do tego w zesz\u0142ym tygodniu. Wskaza\u0142 on, \u017ce s\u0105 pytania, na kt\u00f3re trzeba odpowiedzie\u0107, czy dotychczasowy model zarz\u0105dzania bankiem centralnym i stabilno\u015bci\u0105 systemu jest aktualny i na ile powinien si\u0119 zmienia\u0107\u201d \u2013 powiedzia\u0142.<\/p>\n<p>\u201eJe\u017celi 20 proc. wszystkich obligacji rynk\u00f3w rozwini\u0119tych notowanych jest poni\u017cej zera, to budowanie spo\u0142ecze\u0144stwa w oparciu o systemy emerytalne, czy \u015bwiadczenia spo\u0142eczne jest w szerszej perspektywy trudne do pogodzenia w prostej wyobra\u017ani ekonomicznej. Zmiany b\u0119d\u0105 mia\u0142y du\u017ce znaczenie dla rynk\u00f3w, aktyw\u00f3w, kt\u00f3re b\u0119d\u0105 robi\u0142y si\u0119 atrakcyjne, b\u0105d\u017a kompletnie nieatrakcyjne\u201d \u2013 doda\u0142.<\/p>\n<p>Zast\u0119pca dyrektora departamentu zarz\u0105dzania aktywami PKO TFI S\u0142awomir Sklinda zwr\u00f3ci\u0142 uwag\u0119, \u017ce &#8222;na naszych oczach buduje si\u0119 nowy \u0142ad \u015bwiatowy&#8221;.<\/p>\n<p>&#8222;Poczucie komfortu geopolitycznego z ostatnich 30 lat to ju\u017c historia. Mamy do czynienia z zatrzymaniem si\u0119 proces\u00f3w globalizacyjnych. Szczyt \u015bwiatowego handlu by\u0142 na pocz\u0105tku przysz\u0142ego roku i teraz spada. Ci\u0105gle m\u00f3wi si\u0119 o gotowo\u015bci Chin do rozpocz\u0119cia stymulacji, ale jak na razie w og\u00f3le tego nie widzimy. To jest najwi\u0119ksza zagadka, bowiem podejmowane obecnie ma\u0142e kroki w og\u00f3le nie przek\u0142adaj\u0105 si\u0119 na dane makro Chin. Sp\u00f3\u0142ki chi\u0144skie pog\u0142\u0119biaj\u0105 spadki EPS-\u00f3w rok do roku i prognozy nadal si\u0119 pogarszaj\u0105, bowiem w tym roku jest to spadek 8 proc. rdr&#8221; \u2013 powiedzia\u0142.<\/p>\n<p>&#8222;WTO podsumowa\u0142o ostatnio, \u017ce pe\u0142na eskalacja wojen handlowych mog\u0142aby powodowa\u0107 spadek globalnego handlu o 18 proc. Sp\u00f3r handlowy USA-Chiny to jedno z p\u00f3l, na kt\u00f3rym rozgrywany jest konflikt strategiczny o dominacj\u0119. Je\u015bli spojrze\u0107 na rynek finansowy, to bior\u0105c pod uwag\u0119 wielko\u015b\u0107 chi\u0144skiej gospodarki, udzia\u0142 chi\u0144skich akcji i obligacji na rynku globalnym jest mikroskopijny i z tym Chi\u0144czycy maj\u0105 problem. Pekin ma te\u017c problem ze swoj\u0105 pozycj\u0105 w geopolityce, to starcie hegemona z pretendentem&#8221; &#8211; doda\u0142. <\/p>\n<p>S\u0142awomir Sklinda oceni\u0142, \u017ce turecka gospodarka b\u0119dzie potrzebowa\u0142a w \u015brednim okresie pomocy ze strony Mi\u0119dzynarodowego Funduszu Walutowego.<\/p>\n<p>&#8222;Partia rz\u0105dz\u0105ca AKP straci\u0142a drugie miasto po Ankarze. Percepcja inwestor\u00f3w jest taka, \u017ce Turcja b\u0119dzie si\u0119 musia\u0142a w pewnym momencie skontaktowa\u0107 z MFW, by naprostowa\u0107 kilka rzeczy w gospodarce. Rynek odbiera to tak, \u017ce z funduszem b\u0119dzie \u0142atwiej rozmawia\u0107 komu\u015b innemu ni\u017c Erdoganowi, kt\u00f3ry podkre\u015bla\u0142, \u017ce nie b\u0119dzie rozmawia\u0142 z MFW&#8221; &#8211; powiedzia\u0142 Sklinda.<\/p>\n<p>&#8222;Inna partia mog\u0142aby by\u0107 bardziej sk\u0142onna do zmian. W zesz\u0142ym roku mieli\u015bmy skokow\u0105 zmian\u0119 st\u00f3p proc. kt\u00f3re mia\u0142y powstrzyma\u0107 konsumpcj\u0119 i zbilansowa\u0107 kwestie walutowe, lecz dzisiaj Turcja ca\u0142y czas jest nie zbilansowana. Pojawiaj\u0105 si\u0119 informacje o si\u0119ganiu do rezerw walutowych, to totalnie niestandardowe dzia\u0142ania banku centralnego&#8221; &#8211; doda\u0142.<\/p>\n<p>Zwr\u00f3ci\u0142 uwag\u0119, \u017ce konflikt USA z Iranem &#8222;mo\u017ce mie\u0107 kluczowe znaczenie dla rynku ropy naftowej&#8221;.<\/p>\n<p>&#8222;Gdyby dosz\u0142o do konfliktu zbrojnego i cie\u015bnina Ormuz zosta\u0142a zablokowana, to b\u0119dziemy mieli do czynienia z najwi\u0119kszym szokiem naftowym w historii. Najpowa\u017cniejszy do tej pory szok w czasie rewolucji ira\u0144skiej dotyczy\u0142 wstrzymania transportu ropy w skali 10-12 proc. Teraz przez cie\u015bnin\u0119 Ormuz przep\u0142ywa nawet 18 proc. \u015bwiatowej produkcji. Alternatywne drogi nie by\u0142y testowane od 10 lat. Transport t\u0105 drog\u0105, kt\u00f3ry zapewnia te 18 proc. konsumpcji ropy ma ogromny wp\u0142yw na \u015bwiatow\u0105 gospodark\u0119. Nawet nie da si\u0119 szacowa\u0107, co by si\u0119 dzia\u0142o, gdyby ta ropa znikn\u0119\u0142a. Cena ropy jest wra\u017cliwa na r\u00f3wnowag\u0119 poda\u017cowo-popytow\u0105&#8221; &#8211; powiedzia\u0142.<\/p>\n<p>W ocenie zast\u0119pcy dyrektora departamentu zarz\u0105dzania aktywami PKO TFI, polska gospodarka wygl\u0105da dobrze.<\/p>\n<p>\u201eMamy fajne makro, dooko\u0142a gospodarki, kt\u00f3re maj\u0105 bardzo niskie stopy proc. &#8211; szczeg\u00f3lnie strefa euro &#8211; to od razu przek\u0142ada si\u0119 na aprecjacj\u0119 z\u0142otego. W standardowym scenariuszu m\u00f3wi si\u0119 o podwy\u017ckach st\u00f3p proc., bo inflacja ro\u015bnie. Natomiast jest scenariusz o niezerowym prawdopodobie\u0144stwie, \u017ce je\u017celi stopy proc. w strefie euro jeszcze spadn\u0105, a w Polsce sytuacja makroekonomiczna utrzyma si\u0119 na przyzwoitym poziomie, to z\u0142oty na tyle si\u0119 umocni, \u017ce pomimo oczekiwa\u0144 inflacyjnych, by\u0107 mo\u017ce RPP b\u0119dzie pod presj\u0105 ci\u0119cia st\u00f3p procentowych\u201d \u2013 powiedzia\u0142 S\u0142awomir Sklinda.<\/p>\n<p>Wskaza\u0142, \u017ce polskie obligacje zachowywa\u0142y si\u0119 ostatnio &#8222;fenomenalnie&#8221; i mog\u0105 by\u0107 dobr\u0105 alternatyw\u0105 dla d\u0142ugu rynk\u00f3w zachodnich, tym bardziej, \u017ce &#8211; jak zauwa\u017ca zarz\u0105dzaj\u0105cy &#8211; w wielu krajach rentowno\u015bci obligacji s\u0105 ujemne.<\/p>\n<p>S\u0142awomir Sklinda, zast\u0119pca dyrektora departamentu zarz\u0105dzania aktywami PKO TFI, bra\u0142 udzia\u0142 w zorganizowanej przez PAP Biznes dwudziestej drugiej debacie &#8222;Strategie rynkowe TFI&#8221;. <\/p>\n<p>Piotr Ro\u017cek<\/p>\n<\/p><\/div>\n<p><script>(function() {\n  var _fbq = window._fbq || (window._fbq = []);\n  if (!_fbq.loaded) {\n    var fbds = document.createElement('script');\n    fbds.async = true;\n    fbds.src = \"http:\/\/connect.facebook.net\/en_US\/fbds.js\";\n    var s = document.getElementsByTagName('script')[0];\n    s.parentNode.insertBefore(fbds, s);\n    _fbq.loaded = true;\n  }\n  _fbq.push(['addPixelId', '743763269044006']);\n})();\nwindow._fbq = window._fbq || [];\nwindow._fbq.push(['track', 'PixelInitialized', {}]);\n<\/script><script>(function(d, s, id) {\n  var js, fjs = d.getElementsByTagName(s)[0];\n  if (d.getElementById(id)) return;\n  js = d.createElement(s); js.id = id;\n  js.src = \"http:\/\/connect.facebook.net\/pl_PL\/sdk.js#xfbml=1&version=v2.3\";\n  fjs.parentNode.insertBefore(js, fjs);\n}(document, 'script', 'facebook-jssdk'));<\/script><script>(function(d, s, id) {\n  var js, fjs = d.getElementsByTagName(s)[0];\n  if (d.getElementById(id)) return;\n  js = d.createElement(s); js.id = id;\n  js.src = \"http:\/\/connect.facebook.net\/pl_PL\/all.js#xfbml=1&appId=212379965454760\";\n  fjs.parentNode.insertBefore(js, fjs);\n}(document, 'script', 'facebook-jssdk'));<\/script><br \/>\n<br \/>[ad_2]<br \/>\n<br \/><a href=\"http:\/\/www.bankier.pl\/wiadomosc\/Slawomir-Sklinda-z-PKO-TFI-Panika-w-bankach-centralnych-7696187.html\">Source link <\/a><\/p>\n","protected":false},"excerpt":{"rendered":"<p>[ad_1] Rynki podyktowa\u0142y bankom centralnym jak powinny zareagowa\u0107. Fed spanikowa\u0142, a EBC jest de facto funduszem stabilizacyjnym W\u0142och &#8211; uwa\u017ca S\u0142awomir Sklinda, zast\u0119pca dyrektora departamentu zarz\u0105dzania aktywami PKO TFI. &#8222;Obaw na rynkach jest bardzo du\u017co, ale te obawy si\u0119 nie materializuj\u0105. Do tego mamy nadal dobry wzrost gospodarczy &#8211; troch\u0119 s\u0142abn\u0105cy w USA, ale nadal [&hellip;]<\/p>\n","protected":false},"author":2,"featured_media":962,"comment_status":"open","ping_status":"open","sticky":false,"template":"","format":"standard","meta":{"footnotes":""},"categories":[1],"tags":[],"class_list":["post-961","post","type-post","status-publish","format-standard","has-post-thumbnail","hentry","category-wiadomosci-finansowe"],"yoast_head":"<!-- This site is optimized with the Yoast SEO plugin v27.4 - https:\/\/yoast.com\/product\/yoast-seo-wordpress\/ -->\n<title>S\u0142awomir Sklinda z PKO TFI: Panika w bankach centralnych - Super News<\/title>\n<meta name=\"robots\" content=\"index, follow, max-snippet:-1, max-image-preview:large, max-video-preview:-1\" \/>\n<link rel=\"canonical\" href=\"https:\/\/super-news.info\/pl\/slawomir-sklinda-z-pko-tfi-panika-w-bankach-centralnych\/\" \/>\n<meta property=\"og:locale\" content=\"pl_PL\" \/>\n<meta property=\"og:type\" content=\"article\" \/>\n<meta property=\"og:title\" content=\"S\u0142awomir Sklinda z PKO TFI: Panika w bankach centralnych - Super News\" \/>\n<meta property=\"og:description\" content=\"[ad_1] Rynki podyktowa\u0142y bankom centralnym jak powinny zareagowa\u0107. Fed spanikowa\u0142, a EBC jest de facto funduszem stabilizacyjnym W\u0142och &#8211; uwa\u017ca S\u0142awomir Sklinda, zast\u0119pca dyrektora departamentu zarz\u0105dzania aktywami PKO TFI. &#8222;Obaw na rynkach jest bardzo du\u017co, ale te obawy si\u0119 nie materializuj\u0105. Do tego mamy nadal dobry wzrost gospodarczy &#8211; troch\u0119 s\u0142abn\u0105cy w USA, ale nadal [&hellip;]\" \/>\n<meta property=\"og:url\" content=\"https:\/\/super-news.info\/pl\/slawomir-sklinda-z-pko-tfi-panika-w-bankach-centralnych\/\" \/>\n<meta property=\"og:site_name\" content=\"Super News\" \/>\n<meta property=\"article:published_time\" content=\"2019-06-26T15:31:39+00:00\" \/>\n<meta property=\"article:modified_time\" content=\"2019-06-26T15:31:40+00:00\" \/>\n<meta property=\"og:image\" content=\"https:\/\/super-news.info\/pl\/wp-content\/uploads\/sites\/6\/2019\/06\/S\u0142awomir-Sklinda-z-PKO-TFI-Panika-w-bankach-centralnych.jpg\" \/>\n\t<meta property=\"og:image:width\" content=\"645\" \/>\n\t<meta property=\"og:image:height\" content=\"387\" \/>\n\t<meta property=\"og:image:type\" content=\"image\/jpeg\" \/>\n<meta name=\"author\" content=\"super-news\" \/>\n<meta name=\"twitter:card\" content=\"summary_large_image\" \/>\n<meta name=\"twitter:label1\" content=\"Napisane przez\" \/>\n\t<meta name=\"twitter:data1\" content=\"super-news\" \/>\n\t<meta name=\"twitter:label2\" content=\"Szacowany czas czytania\" \/>\n\t<meta name=\"twitter:data2\" content=\"5 minut\" \/>\n<script type=\"application\/ld+json\" class=\"yoast-schema-graph\">{\"@context\":\"https:\\\/\\\/schema.org\",\"@graph\":[{\"@type\":\"Article\",\"@id\":\"https:\\\/\\\/super-news.info\\\/pl\\\/slawomir-sklinda-z-pko-tfi-panika-w-bankach-centralnych\\\/#article\",\"isPartOf\":{\"@id\":\"https:\\\/\\\/super-news.info\\\/pl\\\/slawomir-sklinda-z-pko-tfi-panika-w-bankach-centralnych\\\/\"},\"author\":{\"name\":\"super-news\",\"@id\":\"https:\\\/\\\/super-news.info\\\/pl\\\/#\\\/schema\\\/person\\\/2d4068cb2f39cd10008c2fce578a7356\"},\"headline\":\"S\u0142awomir Sklinda z PKO TFI: Panika w bankach centralnych\",\"datePublished\":\"2019-06-26T15:31:39+00:00\",\"dateModified\":\"2019-06-26T15:31:40+00:00\",\"mainEntityOfPage\":{\"@id\":\"https:\\\/\\\/super-news.info\\\/pl\\\/slawomir-sklinda-z-pko-tfi-panika-w-bankach-centralnych\\\/\"},\"wordCount\":1103,\"commentCount\":0,\"image\":{\"@id\":\"https:\\\/\\\/super-news.info\\\/pl\\\/slawomir-sklinda-z-pko-tfi-panika-w-bankach-centralnych\\\/#primaryimage\"},\"thumbnailUrl\":\"https:\\\/\\\/super-news.info\\\/pl\\\/wp-content\\\/uploads\\\/sites\\\/6\\\/2019\\\/06\\\/S\u0142awomir-Sklinda-z-PKO-TFI-Panika-w-bankach-centralnych.jpg\",\"articleSection\":[\"WIADOMO\u015aCI FINANSOWE\"],\"inLanguage\":\"pl-PL\",\"potentialAction\":[{\"@type\":\"CommentAction\",\"name\":\"Comment\",\"target\":[\"https:\\\/\\\/super-news.info\\\/pl\\\/slawomir-sklinda-z-pko-tfi-panika-w-bankach-centralnych\\\/#respond\"]}]},{\"@type\":\"WebPage\",\"@id\":\"https:\\\/\\\/super-news.info\\\/pl\\\/slawomir-sklinda-z-pko-tfi-panika-w-bankach-centralnych\\\/\",\"url\":\"https:\\\/\\\/super-news.info\\\/pl\\\/slawomir-sklinda-z-pko-tfi-panika-w-bankach-centralnych\\\/\",\"name\":\"S\u0142awomir Sklinda z PKO TFI: Panika w bankach centralnych - Super News\",\"isPartOf\":{\"@id\":\"https:\\\/\\\/super-news.info\\\/pl\\\/#website\"},\"primaryImageOfPage\":{\"@id\":\"https:\\\/\\\/super-news.info\\\/pl\\\/slawomir-sklinda-z-pko-tfi-panika-w-bankach-centralnych\\\/#primaryimage\"},\"image\":{\"@id\":\"https:\\\/\\\/super-news.info\\\/pl\\\/slawomir-sklinda-z-pko-tfi-panika-w-bankach-centralnych\\\/#primaryimage\"},\"thumbnailUrl\":\"https:\\\/\\\/super-news.info\\\/pl\\\/wp-content\\\/uploads\\\/sites\\\/6\\\/2019\\\/06\\\/S\u0142awomir-Sklinda-z-PKO-TFI-Panika-w-bankach-centralnych.jpg\",\"datePublished\":\"2019-06-26T15:31:39+00:00\",\"dateModified\":\"2019-06-26T15:31:40+00:00\",\"author\":{\"@id\":\"https:\\\/\\\/super-news.info\\\/pl\\\/#\\\/schema\\\/person\\\/2d4068cb2f39cd10008c2fce578a7356\"},\"breadcrumb\":{\"@id\":\"https:\\\/\\\/super-news.info\\\/pl\\\/slawomir-sklinda-z-pko-tfi-panika-w-bankach-centralnych\\\/#breadcrumb\"},\"inLanguage\":\"pl-PL\",\"potentialAction\":[{\"@type\":\"ReadAction\",\"target\":[\"https:\\\/\\\/super-news.info\\\/pl\\\/slawomir-sklinda-z-pko-tfi-panika-w-bankach-centralnych\\\/\"]}]},{\"@type\":\"ImageObject\",\"inLanguage\":\"pl-PL\",\"@id\":\"https:\\\/\\\/super-news.info\\\/pl\\\/slawomir-sklinda-z-pko-tfi-panika-w-bankach-centralnych\\\/#primaryimage\",\"url\":\"https:\\\/\\\/super-news.info\\\/pl\\\/wp-content\\\/uploads\\\/sites\\\/6\\\/2019\\\/06\\\/S\u0142awomir-Sklinda-z-PKO-TFI-Panika-w-bankach-centralnych.jpg\",\"contentUrl\":\"https:\\\/\\\/super-news.info\\\/pl\\\/wp-content\\\/uploads\\\/sites\\\/6\\\/2019\\\/06\\\/S\u0142awomir-Sklinda-z-PKO-TFI-Panika-w-bankach-centralnych.jpg\",\"width\":645,\"height\":387,\"caption\":\"S\u0142awomir Sklinda z PKO TFI: Panika w bankach centralnych\"},{\"@type\":\"BreadcrumbList\",\"@id\":\"https:\\\/\\\/super-news.info\\\/pl\\\/slawomir-sklinda-z-pko-tfi-panika-w-bankach-centralnych\\\/#breadcrumb\",\"itemListElement\":[{\"@type\":\"ListItem\",\"position\":1,\"name\":\"\u0413\u043b\u0430\u0432\u043d\u0430\u044f \u0441\u0442\u0440\u0430\u043d\u0438\u0446\u0430\",\"item\":\"https:\\\/\\\/super-news.info\\\/pl\\\/\"},{\"@type\":\"ListItem\",\"position\":2,\"name\":\"S\u0142awomir Sklinda z PKO TFI: Panika w bankach centralnych\"}]},{\"@type\":\"WebSite\",\"@id\":\"https:\\\/\\\/super-news.info\\\/pl\\\/#website\",\"url\":\"https:\\\/\\\/super-news.info\\\/pl\\\/\",\"name\":\"Super News\",\"description\":\"Super News Polska\",\"potentialAction\":[{\"@type\":\"SearchAction\",\"target\":{\"@type\":\"EntryPoint\",\"urlTemplate\":\"https:\\\/\\\/super-news.info\\\/pl\\\/?s={search_term_string}\"},\"query-input\":{\"@type\":\"PropertyValueSpecification\",\"valueRequired\":true,\"valueName\":\"search_term_string\"}}],\"inLanguage\":\"pl-PL\"},{\"@type\":\"Person\",\"@id\":\"https:\\\/\\\/super-news.info\\\/pl\\\/#\\\/schema\\\/person\\\/2d4068cb2f39cd10008c2fce578a7356\",\"name\":\"super-news\",\"image\":{\"@type\":\"ImageObject\",\"inLanguage\":\"pl-PL\",\"@id\":\"https:\\\/\\\/secure.gravatar.com\\\/avatar\\\/64ebac40b93f26a154f8a9b5b6fdccfc46f442b26b3dd6756dbff3bf9dc76fd7?s=96&d=mm&r=g\",\"url\":\"https:\\\/\\\/secure.gravatar.com\\\/avatar\\\/64ebac40b93f26a154f8a9b5b6fdccfc46f442b26b3dd6756dbff3bf9dc76fd7?s=96&d=mm&r=g\",\"contentUrl\":\"https:\\\/\\\/secure.gravatar.com\\\/avatar\\\/64ebac40b93f26a154f8a9b5b6fdccfc46f442b26b3dd6756dbff3bf9dc76fd7?s=96&d=mm&r=g\",\"caption\":\"super-news\"},\"url\":\"https:\\\/\\\/super-news.info\\\/pl\\\/author\\\/pt\\\/\"}]}<\/script>\n<!-- \/ Yoast SEO plugin. -->","yoast_head_json":{"title":"S\u0142awomir Sklinda z PKO TFI: Panika w bankach centralnych - Super News","robots":{"index":"index","follow":"follow","max-snippet":"max-snippet:-1","max-image-preview":"max-image-preview:large","max-video-preview":"max-video-preview:-1"},"canonical":"https:\/\/super-news.info\/pl\/slawomir-sklinda-z-pko-tfi-panika-w-bankach-centralnych\/","og_locale":"pl_PL","og_type":"article","og_title":"S\u0142awomir Sklinda z PKO TFI: Panika w bankach centralnych - Super News","og_description":"[ad_1] Rynki podyktowa\u0142y bankom centralnym jak powinny zareagowa\u0107. Fed spanikowa\u0142, a EBC jest de facto funduszem stabilizacyjnym W\u0142och &#8211; uwa\u017ca S\u0142awomir Sklinda, zast\u0119pca dyrektora departamentu zarz\u0105dzania aktywami PKO TFI. &#8222;Obaw na rynkach jest bardzo du\u017co, ale te obawy si\u0119 nie materializuj\u0105. Do tego mamy nadal dobry wzrost gospodarczy &#8211; troch\u0119 s\u0142abn\u0105cy w USA, ale nadal [&hellip;]","og_url":"https:\/\/super-news.info\/pl\/slawomir-sklinda-z-pko-tfi-panika-w-bankach-centralnych\/","og_site_name":"Super News","article_published_time":"2019-06-26T15:31:39+00:00","article_modified_time":"2019-06-26T15:31:40+00:00","og_image":[{"width":645,"height":387,"url":"https:\/\/super-news.info\/pl\/wp-content\/uploads\/sites\/6\/2019\/06\/S\u0142awomir-Sklinda-z-PKO-TFI-Panika-w-bankach-centralnych.jpg","type":"image\/jpeg"}],"author":"super-news","twitter_card":"summary_large_image","twitter_misc":{"Napisane przez":"super-news","Szacowany czas czytania":"5 minut"},"schema":{"@context":"https:\/\/schema.org","@graph":[{"@type":"Article","@id":"https:\/\/super-news.info\/pl\/slawomir-sklinda-z-pko-tfi-panika-w-bankach-centralnych\/#article","isPartOf":{"@id":"https:\/\/super-news.info\/pl\/slawomir-sklinda-z-pko-tfi-panika-w-bankach-centralnych\/"},"author":{"name":"super-news","@id":"https:\/\/super-news.info\/pl\/#\/schema\/person\/2d4068cb2f39cd10008c2fce578a7356"},"headline":"S\u0142awomir Sklinda z PKO TFI: Panika w bankach centralnych","datePublished":"2019-06-26T15:31:39+00:00","dateModified":"2019-06-26T15:31:40+00:00","mainEntityOfPage":{"@id":"https:\/\/super-news.info\/pl\/slawomir-sklinda-z-pko-tfi-panika-w-bankach-centralnych\/"},"wordCount":1103,"commentCount":0,"image":{"@id":"https:\/\/super-news.info\/pl\/slawomir-sklinda-z-pko-tfi-panika-w-bankach-centralnych\/#primaryimage"},"thumbnailUrl":"https:\/\/super-news.info\/pl\/wp-content\/uploads\/sites\/6\/2019\/06\/S\u0142awomir-Sklinda-z-PKO-TFI-Panika-w-bankach-centralnych.jpg","articleSection":["WIADOMO\u015aCI FINANSOWE"],"inLanguage":"pl-PL","potentialAction":[{"@type":"CommentAction","name":"Comment","target":["https:\/\/super-news.info\/pl\/slawomir-sklinda-z-pko-tfi-panika-w-bankach-centralnych\/#respond"]}]},{"@type":"WebPage","@id":"https:\/\/super-news.info\/pl\/slawomir-sklinda-z-pko-tfi-panika-w-bankach-centralnych\/","url":"https:\/\/super-news.info\/pl\/slawomir-sklinda-z-pko-tfi-panika-w-bankach-centralnych\/","name":"S\u0142awomir Sklinda z PKO TFI: Panika w bankach centralnych - Super News","isPartOf":{"@id":"https:\/\/super-news.info\/pl\/#website"},"primaryImageOfPage":{"@id":"https:\/\/super-news.info\/pl\/slawomir-sklinda-z-pko-tfi-panika-w-bankach-centralnych\/#primaryimage"},"image":{"@id":"https:\/\/super-news.info\/pl\/slawomir-sklinda-z-pko-tfi-panika-w-bankach-centralnych\/#primaryimage"},"thumbnailUrl":"https:\/\/super-news.info\/pl\/wp-content\/uploads\/sites\/6\/2019\/06\/S\u0142awomir-Sklinda-z-PKO-TFI-Panika-w-bankach-centralnych.jpg","datePublished":"2019-06-26T15:31:39+00:00","dateModified":"2019-06-26T15:31:40+00:00","author":{"@id":"https:\/\/super-news.info\/pl\/#\/schema\/person\/2d4068cb2f39cd10008c2fce578a7356"},"breadcrumb":{"@id":"https:\/\/super-news.info\/pl\/slawomir-sklinda-z-pko-tfi-panika-w-bankach-centralnych\/#breadcrumb"},"inLanguage":"pl-PL","potentialAction":[{"@type":"ReadAction","target":["https:\/\/super-news.info\/pl\/slawomir-sklinda-z-pko-tfi-panika-w-bankach-centralnych\/"]}]},{"@type":"ImageObject","inLanguage":"pl-PL","@id":"https:\/\/super-news.info\/pl\/slawomir-sklinda-z-pko-tfi-panika-w-bankach-centralnych\/#primaryimage","url":"https:\/\/super-news.info\/pl\/wp-content\/uploads\/sites\/6\/2019\/06\/S\u0142awomir-Sklinda-z-PKO-TFI-Panika-w-bankach-centralnych.jpg","contentUrl":"https:\/\/super-news.info\/pl\/wp-content\/uploads\/sites\/6\/2019\/06\/S\u0142awomir-Sklinda-z-PKO-TFI-Panika-w-bankach-centralnych.jpg","width":645,"height":387,"caption":"S\u0142awomir Sklinda z PKO TFI: Panika w bankach centralnych"},{"@type":"BreadcrumbList","@id":"https:\/\/super-news.info\/pl\/slawomir-sklinda-z-pko-tfi-panika-w-bankach-centralnych\/#breadcrumb","itemListElement":[{"@type":"ListItem","position":1,"name":"\u0413\u043b\u0430\u0432\u043d\u0430\u044f \u0441\u0442\u0440\u0430\u043d\u0438\u0446\u0430","item":"https:\/\/super-news.info\/pl\/"},{"@type":"ListItem","position":2,"name":"S\u0142awomir Sklinda z PKO TFI: Panika w bankach centralnych"}]},{"@type":"WebSite","@id":"https:\/\/super-news.info\/pl\/#website","url":"https:\/\/super-news.info\/pl\/","name":"Super News","description":"Super News Polska","potentialAction":[{"@type":"SearchAction","target":{"@type":"EntryPoint","urlTemplate":"https:\/\/super-news.info\/pl\/?s={search_term_string}"},"query-input":{"@type":"PropertyValueSpecification","valueRequired":true,"valueName":"search_term_string"}}],"inLanguage":"pl-PL"},{"@type":"Person","@id":"https:\/\/super-news.info\/pl\/#\/schema\/person\/2d4068cb2f39cd10008c2fce578a7356","name":"super-news","image":{"@type":"ImageObject","inLanguage":"pl-PL","@id":"https:\/\/secure.gravatar.com\/avatar\/64ebac40b93f26a154f8a9b5b6fdccfc46f442b26b3dd6756dbff3bf9dc76fd7?s=96&d=mm&r=g","url":"https:\/\/secure.gravatar.com\/avatar\/64ebac40b93f26a154f8a9b5b6fdccfc46f442b26b3dd6756dbff3bf9dc76fd7?s=96&d=mm&r=g","contentUrl":"https:\/\/secure.gravatar.com\/avatar\/64ebac40b93f26a154f8a9b5b6fdccfc46f442b26b3dd6756dbff3bf9dc76fd7?s=96&d=mm&r=g","caption":"super-news"},"url":"https:\/\/super-news.info\/pl\/author\/pt\/"}]}},"_links":{"self":[{"href":"https:\/\/super-news.info\/pl\/wp-json\/wp\/v2\/posts\/961","targetHints":{"allow":["GET"]}}],"collection":[{"href":"https:\/\/super-news.info\/pl\/wp-json\/wp\/v2\/posts"}],"about":[{"href":"https:\/\/super-news.info\/pl\/wp-json\/wp\/v2\/types\/post"}],"author":[{"embeddable":true,"href":"https:\/\/super-news.info\/pl\/wp-json\/wp\/v2\/users\/2"}],"replies":[{"embeddable":true,"href":"https:\/\/super-news.info\/pl\/wp-json\/wp\/v2\/comments?post=961"}],"version-history":[{"count":1,"href":"https:\/\/super-news.info\/pl\/wp-json\/wp\/v2\/posts\/961\/revisions"}],"predecessor-version":[{"id":963,"href":"https:\/\/super-news.info\/pl\/wp-json\/wp\/v2\/posts\/961\/revisions\/963"}],"wp:featuredmedia":[{"embeddable":true,"href":"https:\/\/super-news.info\/pl\/wp-json\/wp\/v2\/media\/962"}],"wp:attachment":[{"href":"https:\/\/super-news.info\/pl\/wp-json\/wp\/v2\/media?parent=961"}],"wp:term":[{"taxonomy":"category","embeddable":true,"href":"https:\/\/super-news.info\/pl\/wp-json\/wp\/v2\/categories?post=961"},{"taxonomy":"post_tag","embeddable":true,"href":"https:\/\/super-news.info\/pl\/wp-json\/wp\/v2\/tags?post=961"}],"curies":[{"name":"wp","href":"https:\/\/api.w.org\/{rel}","templated":true}]}}