{"id":934,"date":"2019-06-25T18:34:53","date_gmt":"2019-06-25T15:34:53","guid":{"rendered":"https:\/\/super-news.info\/pl\/lon-z-rpp-za-kilkanascie-lub-kilkadziesiat-miesiecy-niewykluczony-wniosek-o-obnizke-stop\/"},"modified":"2019-06-25T18:34:54","modified_gmt":"2019-06-25T15:34:54","slug":"lon-z-rpp-za-kilkanascie-lub-kilkadziesiat-miesiecy-niewykluczony-wniosek-o-obnizke-stop","status":"publish","type":"post","link":"https:\/\/super-news.info\/pl\/lon-z-rpp-za-kilkanascie-lub-kilkadziesiat-miesiecy-niewykluczony-wniosek-o-obnizke-stop\/","title":{"rendered":"\u0141on z RPP: Za kilkana\u015bcie lub kilkadziesi\u0105t miesi\u0119cy niewykluczony wniosek o obni\u017ck\u0119 st\u00f3p"},"content":{"rendered":"<p> [ad_1]<br \/>\n<\/p>\n<div id=\"articleContent\" data-io-article-url=\"https:\/\/www.bankier.pl\/wiadomosc\/Lon-z-RPP-Za-kilkanascie-lub-kilkadziesiat-miesiecy-niewykluczony-wniosek-o-obnizke-stop-7695833.html\">\n        <!-- authorContainer --><\/p>\n<p><span style=\"font-weight: bold;\">W ci\u0105gu najbli\u017cszych kilkunastu lub kilkudziesi\u0119ciu miesi\u0105cach mo\u017cliwe jest z\u0142o\u017cenie wniosku o obni\u017ck\u0119 st\u00f3p procentowych, z uwagi na sytuacj\u0119 makro w Polsce i Europie &#8211; napisa\u0142 dla PAP Biznes cz\u0142onek RPP Eryk \u0141on. W ramach mo\u017cliwych do u\u017cycia instrument\u00f3w niestandardowych \u0141on proponuje kredyty dla M\u015aP, kt\u00f3re maj\u0105 problemy z zatorami p\u0142atniczymi.<\/span><\/p>\n<div class=\"container645\">\n<div class=\"box645 boxImg\">\n<div class=\"boxContent\"><\/div>\n<\/div>\n<\/div>\n<p>&#8222;Bior\u0105c pod uwag\u0119 ryzyko ekspansji r\u00f3\u017cnego typu konflikt\u00f3w na \u015bwiecie oraz mo\u017cliwo\u015b\u0107 utrwalenia tendencji stagnacyjnych w Niemczech po prostu absolutnie odrzucam jakiekolwiek my\u015blenie, wedle kt\u00f3rego potrzebne by\u0142yby podwy\u017cki st\u00f3p procentowych w naszym kraju&#8221; &#8211; napisa\u0142 \u0141on.<\/p>\n<p><!--[ ads link bar ]--><\/p>\n<p>&#8222;Naturalnie przysz\u0142o\u015bci nie znamy i mo\u017ce zdarzy\u0107 si\u0119, \u017ce te\u017c zmieni\u0119 zdanie. Ale chc\u0119 jasno i bardzo wyra\u017anie powiedzie\u0107, \u017ce na podstawie prowadzonej przeze mnie analizy makroekonomicznej sytuacji w Polsce, Europie i na \u015bwiecie uwa\u017cam, \u017ce w najbli\u017cszych kilkunastu, b\u0105d\u017a nawet kilkudziesi\u0119ciu miesi\u0105cach niewykluczone jest podj\u0119cie przeze mnie zn\u00f3w postulatu postawienia wniosku o obni\u017ck\u0119 st\u00f3p procentowych&#8221; &#8211; doda\u0142.<\/p>\n<p>\u0141on chcia\u0142by, by Polacy mieli przekonanie, i\u017c stabilne i umiarkowane stopy procentowe s\u0105 korzystne dla gospodarki.<\/p>\n<p>&#8222;Z jednej strony stwarzaj\u0105 one szanse na to, i\u017c koszty kredyt\u00f3w, w tym zw\u0142aszcza hipotecznych nie b\u0119d\u0105 za bardzo wzrasta\u0142y, a mo\u017ce nawet obni\u017c\u0105 si\u0119, co jest wa\u017cne dla polskich rodzin poddanych pr\u00f3bie sp\u0142acania owych kredyt\u00f3w przez wiele lat&#8221; &#8211; napisa\u0142 \u0141on.<\/p>\n<p>&#8222;Z drugiej strony fakt, i\u017c stopy s\u0105 umiarkowane i nie przekraczaj\u0105 radykalnie inflacji, a nawet st\u00f3p od lokat depozytowych mo\u017ce sk\u0142ania\u0107 Polak\u00f3w do podejmowania ryzyka do prowadzenia w\u0142asnej dzia\u0142alno\u015bci gospodarczej, do samodzielnego tworzenia w\u0142asnego portfela akcji sp\u00f3\u0142ek gie\u0142dowych. (&#8230;) Ponadto utrzymywanie st\u00f3p na umiarkowanym, stabilnym poziomie stanowi swoisty sygna\u0142 dla polskich przedsi\u0119biorc\u00f3w oraz tych, kt\u00f3rzy kieruj\u0105 wielkimi korporacjami dzia\u0142aj\u0105cymi na terenie Rzeczpospolitej Polskiej, i\u017c warto inwestowa\u0107 w Polsce, gdy\u017c polska polityka pieni\u0119\u017cna sprzyja i sprzyja\u0107 powinna podejmowaniu decyzji inwestycyjnych&#8221; &#8211; doda\u0142.<\/p>\n<p>\u0141on napisa\u0142, i\u017c &#8222;dostrzega&#8221; rosn\u0105ce ceny \u017cywno\u015bci, a tak\u017ce innych towar\u00f3w.<\/p>\n<p>Ekonomista wskaza\u0142, \u017ce b\u0119dzie bardzo intensywnie \u015bledzi\u0142 przebieg oraz uwarunkowania rozm\u00f3w ameryka\u0144sko-chi\u0144skich oraz rozw\u00f3j sytuacji gospodarczej w Niemczech.<\/p>\n<p>&#8222;Uwa\u017cam, \u017ce wydarzenia zwi\u0105zane z relacjami tych dw\u00f3ch mocarstw (USA i Chiny &#8211; PAP) mog\u0105 mie\u0107 ogromne znaczenie dla zwi\u0119kszenia, b\u0105d\u017a zmniejszenia ryzyka wybuchu wojny, b\u0105d\u017a zachowania pokoju. To wszystko razem mo\u017ce po prostu wp\u0142ywa\u0107 na nastroje konsument\u00f3w, szczeg\u00f3lnie te nastroje, kt\u00f3re dotycz\u0105 nie tyle bie\u017c\u0105cej oceny rzeczywisto\u015bci, ale przysz\u0142ych zjawisk w sferze konsumpcji. Prosz\u0119 pami\u0119ta\u0107, \u017ce ju\u017c teraz obserwujemy w szeregu krajach strefy euro procesy o charakterze quasi recesyjnym&#8221; &#8211; napisa\u0142 \u0141on.<\/p>\n<p>&#8222;Grozi nam quasi recesyjna gangrena za nasz\u0105 zachodni\u0105 granic\u0105. To bardzo niepokoj\u0105ce&#8221; &#8211; doda\u0142.<\/p>\n<p>\u0141on postuluje, by z\u0142oty pozosta\u0142 polsk\u0105 walut\u0105 &#8222;po wsze czasy&#8221;.<\/p>\n<p>&#8222;Licz\u0119 na to, \u017ce przyw\u00f3dcy wszystkich pa\u0144stw cz\u0142onkowskich Unii Europejskiej dojd\u0105 w ko\u0144cu do wniosku, \u017ce oficjalne wy\u0142\u0105czenie Polski z obowi\u0105zku przyj\u0119cia tzw. wsp\u00f3lnej waluty le\u017cy po prostu w interesie nie tylko Polski, lecz tak\u017ce Europy i \u015bwiata. Dlatego do wy\u0142\u0105czenia tego w ko\u0144cu dojdzie. Problem jest bardzo prosty do rozwi\u0105zania w przysz\u0142o\u015bci. Przecie\u017c zar\u00f3wno Dania, jak Wlk. Brytania otrzyma\u0142y status pa\u0144stwa, kt\u00f3re nie musz\u0105 &#8211; jak to si\u0119 popularnie m\u00f3wi &#8211; przyst\u0119powa\u0107 do strefy euro. Dlatego m\u00f3wi\u0119 jasno i wyra\u017anie z\u0142oty ma pozosta\u0107 polsk\u0105 walut\u0105 narodow\u0105 po wsze czasy. Ma tak by\u0107 i basta!&#8221; &#8211; napisa\u0142.<\/p>\n<h2>W\u015br\u00f3d narz\u0119dzi niestandardowych kredyty dla M\u015aP, kt\u00f3re maj\u0105 problemy z zatorami p\u0142atniczymi<\/h2>\n<p><span style=\"font-size: 14px; font-weight: normal;\">Cz\u0142onek RPP uwa\u017ca, \u017ce do instrument\u00f3w niestandardowych NBP powinny nale\u017ce\u0107 kredyty dla ma\u0142ych i \u015brednich firm, kt\u00f3re maj\u0105 trudno\u015bci z uwagi na zatory p\u0142atnicze.<\/span><\/p>\n<p>&#8222;Jednym z takich polskich instrument\u00f3w niestandardowych mog\u0142yby by\u0107 kredyty dla ma\u0142ych i \u015brednich firm, kt\u00f3re maj\u0105 problemy z zatorami p\u0142atniczymi. To jedno z wyzwa\u0144, na kt\u00f3re warto stara\u0107 si\u0119 da\u0107 odpowied\u017a tak\u017ce za pomoc\u0105 instrument\u00f3w polityki pieni\u0119\u017cnej przy jednoczesnym zastrze\u017ceniu, \u017ce bank centralny m\u00f3g\u0142by wkracza\u0107 tylko w\u00f3wczas, gdyby by\u0142o to absolutnie niezb\u0119dne&#8221; &#8211; napisa\u0142.<\/p>\n<p>&#8222;By\u0142oby to szczeg\u00f3lnie wa\u017cne w\u00f3wczas, gdyby okaza\u0142o si\u0119, \u017ce problem zator\u00f3w p\u0142atniczych wp\u0142ywa istotnie na perspektywy zatrudnienia. My\u015bl\u0119, \u017ce polityka pieni\u0119\u017cna w warunkach bezpo\u015bredniego celu inflacyjnego powinna by\u0107 tak prowadzona, aby jej prowadzenie by\u0142o jak najbardziej \u0142agodne dla rozwoju spo\u0142eczno-gospodarczego, w tym dla sytuacji na rynku pracy. Dopuszczam wi\u0119c tak\u0105 mo\u017cliwo\u015b\u0107, \u017ce NBP m\u00f3g\u0142by udziela\u0107 kredyt\u00f3w bankom komercyjnym na szczeg\u00f3lnie dogodnych warunkach w sytuacji, gdyby banki te zobowi\u0105za\u0142y si\u0119 udziela\u0107 nieoprocentowanych kredyt\u00f3w dla takich podmiot\u00f3w gospodarczych, kt\u00f3re maj\u0105 trudno\u015bci p\u0142atnicze, a jednocze\u015bnie przedstawi\u0105 wiarygodny program restrukturyzacji swojej dzia\u0142alno\u015bci przy jednoczesnym za\u0142o\u017ceniu, \u017ce elementem owego procesu restrukturyzacji nie b\u0119dzie zwalnianie pracownik\u00f3w&#8221; &#8211; doda\u0142.<\/p>\n<p>\u0141on dopuszcza tak\u017ce wariant, \u017ce NBP mog\u0142oby kupowa\u0107 akcje tych sp\u00f3\u0142ek, kt\u00f3re maj\u0105 problemy z zatorami p\u0142atniczymi, a spe\u0142ni\u0105 warunki, o kt\u00f3rych mowa by\u0142a w odniesieniu do kredyt\u00f3w udzielanych dla tego typu podmiot\u00f3w gospodarczych.\u00a0<\/p>\n<p>tus\/ ana\/<\/p>\n<\/p><\/div>\n<p><script>(function() {\n  var _fbq = window._fbq || (window._fbq = []);\n  if (!_fbq.loaded) {\n    var fbds = document.createElement('script');\n    fbds.async = true;\n    fbds.src = \"http:\/\/connect.facebook.net\/en_US\/fbds.js\";\n    var s = document.getElementsByTagName('script')[0];\n    s.parentNode.insertBefore(fbds, s);\n    _fbq.loaded = true;\n  }\n  _fbq.push(['addPixelId', '743763269044006']);\n})();\nwindow._fbq = window._fbq || [];\nwindow._fbq.push(['track', 'PixelInitialized', {}]);\n<\/script><script>(function(d, s, id) {\n  var js, fjs = d.getElementsByTagName(s)[0];\n  if (d.getElementById(id)) return;\n  js = d.createElement(s); js.id = id;\n  js.src = \"http:\/\/connect.facebook.net\/pl_PL\/sdk.js#xfbml=1&version=v2.3\";\n  fjs.parentNode.insertBefore(js, fjs);\n}(document, 'script', 'facebook-jssdk'));<\/script><script>(function(d, s, id) {\n  var js, fjs = d.getElementsByTagName(s)[0];\n  if (d.getElementById(id)) return;\n  js = d.createElement(s); js.id = id;\n  js.src = \"http:\/\/connect.facebook.net\/pl_PL\/all.js#xfbml=1&appId=212379965454760\";\n  fjs.parentNode.insertBefore(js, fjs);\n}(document, 'script', 'facebook-jssdk'));<\/script><br \/>\n<br \/>[ad_2]<br \/>\n<br \/><a href=\"http:\/\/www.bankier.pl\/wiadomosc\/Lon-z-RPP-Za-kilkanascie-lub-kilkadziesiat-miesiecy-niewykluczony-wniosek-o-obnizke-stop-7695833.html\">Source link <\/a><\/p>\n","protected":false},"excerpt":{"rendered":"<p>[ad_1] W ci\u0105gu najbli\u017cszych kilkunastu lub kilkudziesi\u0119ciu miesi\u0105cach mo\u017cliwe jest z\u0142o\u017cenie wniosku o obni\u017ck\u0119 st\u00f3p procentowych, z uwagi na sytuacj\u0119 makro w Polsce i Europie &#8211; napisa\u0142 dla PAP Biznes cz\u0142onek RPP Eryk \u0141on. W ramach mo\u017cliwych do u\u017cycia instrument\u00f3w niestandardowych \u0141on proponuje kredyty dla M\u015aP, kt\u00f3re maj\u0105 problemy z zatorami p\u0142atniczymi. &#8222;Bior\u0105c pod uwag\u0119 [&hellip;]<\/p>\n","protected":false},"author":2,"featured_media":935,"comment_status":"open","ping_status":"open","sticky":false,"template":"","format":"standard","meta":{"footnotes":""},"categories":[1],"tags":[],"class_list":["post-934","post","type-post","status-publish","format-standard","has-post-thumbnail","hentry","category-wiadomosci-finansowe"],"yoast_head":"<!-- This site is optimized with the Yoast SEO plugin v27.4 - https:\/\/yoast.com\/product\/yoast-seo-wordpress\/ -->\n<title>\u0141on z RPP: Za kilkana\u015bcie lub kilkadziesi\u0105t miesi\u0119cy niewykluczony wniosek o obni\u017ck\u0119 st\u00f3p - Super News<\/title>\n<meta name=\"robots\" content=\"index, follow, max-snippet:-1, max-image-preview:large, max-video-preview:-1\" \/>\n<link rel=\"canonical\" href=\"https:\/\/super-news.info\/pl\/lon-z-rpp-za-kilkanascie-lub-kilkadziesiat-miesiecy-niewykluczony-wniosek-o-obnizke-stop\/\" \/>\n<meta property=\"og:locale\" content=\"pl_PL\" \/>\n<meta property=\"og:type\" content=\"article\" \/>\n<meta property=\"og:title\" content=\"\u0141on z RPP: Za kilkana\u015bcie lub kilkadziesi\u0105t miesi\u0119cy niewykluczony wniosek o obni\u017ck\u0119 st\u00f3p - Super News\" \/>\n<meta property=\"og:description\" content=\"[ad_1] W ci\u0105gu najbli\u017cszych kilkunastu lub kilkudziesi\u0119ciu miesi\u0105cach mo\u017cliwe jest z\u0142o\u017cenie wniosku o obni\u017ck\u0119 st\u00f3p procentowych, z uwagi na sytuacj\u0119 makro w Polsce i Europie &#8211; napisa\u0142 dla PAP Biznes cz\u0142onek RPP Eryk \u0141on. W ramach mo\u017cliwych do u\u017cycia instrument\u00f3w niestandardowych \u0141on proponuje kredyty dla M\u015aP, kt\u00f3re maj\u0105 problemy z zatorami p\u0142atniczymi. &#8222;Bior\u0105c pod uwag\u0119 [&hellip;]\" \/>\n<meta property=\"og:url\" content=\"https:\/\/super-news.info\/pl\/lon-z-rpp-za-kilkanascie-lub-kilkadziesiat-miesiecy-niewykluczony-wniosek-o-obnizke-stop\/\" \/>\n<meta property=\"og:site_name\" content=\"Super News\" \/>\n<meta property=\"article:published_time\" content=\"2019-06-25T15:34:53+00:00\" \/>\n<meta property=\"article:modified_time\" content=\"2019-06-25T15:34:54+00:00\" \/>\n<meta property=\"og:image\" content=\"https:\/\/super-news.info\/pl\/wp-content\/uploads\/sites\/6\/2019\/06\/\u0141on-z-RPP-Za-kilkana\u015bcie-lub-kilkadziesi\u0105t-miesi\u0119cy-niewykluczony-wniosek.jpg\" \/>\n\t<meta property=\"og:image:width\" content=\"645\" \/>\n\t<meta property=\"og:image:height\" content=\"387\" \/>\n\t<meta property=\"og:image:type\" content=\"image\/jpeg\" \/>\n<meta name=\"author\" content=\"super-news\" \/>\n<meta name=\"twitter:card\" content=\"summary_large_image\" \/>\n<meta name=\"twitter:label1\" content=\"Napisane przez\" \/>\n\t<meta name=\"twitter:data1\" content=\"super-news\" \/>\n\t<meta name=\"twitter:label2\" content=\"Szacowany czas czytania\" \/>\n\t<meta name=\"twitter:data2\" content=\"5 minut\" \/>\n<script type=\"application\/ld+json\" class=\"yoast-schema-graph\">{\"@context\":\"https:\\\/\\\/schema.org\",\"@graph\":[{\"@type\":\"Article\",\"@id\":\"https:\\\/\\\/super-news.info\\\/pl\\\/lon-z-rpp-za-kilkanascie-lub-kilkadziesiat-miesiecy-niewykluczony-wniosek-o-obnizke-stop\\\/#article\",\"isPartOf\":{\"@id\":\"https:\\\/\\\/super-news.info\\\/pl\\\/lon-z-rpp-za-kilkanascie-lub-kilkadziesiat-miesiecy-niewykluczony-wniosek-o-obnizke-stop\\\/\"},\"author\":{\"name\":\"super-news\",\"@id\":\"https:\\\/\\\/super-news.info\\\/pl\\\/#\\\/schema\\\/person\\\/2d4068cb2f39cd10008c2fce578a7356\"},\"headline\":\"\u0141on z RPP: Za kilkana\u015bcie lub kilkadziesi\u0105t miesi\u0119cy niewykluczony wniosek o obni\u017ck\u0119 st\u00f3p\",\"datePublished\":\"2019-06-25T15:34:53+00:00\",\"dateModified\":\"2019-06-25T15:34:54+00:00\",\"mainEntityOfPage\":{\"@id\":\"https:\\\/\\\/super-news.info\\\/pl\\\/lon-z-rpp-za-kilkanascie-lub-kilkadziesiat-miesiecy-niewykluczony-wniosek-o-obnizke-stop\\\/\"},\"wordCount\":943,\"commentCount\":0,\"image\":{\"@id\":\"https:\\\/\\\/super-news.info\\\/pl\\\/lon-z-rpp-za-kilkanascie-lub-kilkadziesiat-miesiecy-niewykluczony-wniosek-o-obnizke-stop\\\/#primaryimage\"},\"thumbnailUrl\":\"https:\\\/\\\/super-news.info\\\/pl\\\/wp-content\\\/uploads\\\/sites\\\/6\\\/2019\\\/06\\\/\u0141on-z-RPP-Za-kilkana\u015bcie-lub-kilkadziesi\u0105t-miesi\u0119cy-niewykluczony-wniosek.jpg\",\"articleSection\":[\"WIADOMO\u015aCI FINANSOWE\"],\"inLanguage\":\"pl-PL\",\"potentialAction\":[{\"@type\":\"CommentAction\",\"name\":\"Comment\",\"target\":[\"https:\\\/\\\/super-news.info\\\/pl\\\/lon-z-rpp-za-kilkanascie-lub-kilkadziesiat-miesiecy-niewykluczony-wniosek-o-obnizke-stop\\\/#respond\"]}]},{\"@type\":\"WebPage\",\"@id\":\"https:\\\/\\\/super-news.info\\\/pl\\\/lon-z-rpp-za-kilkanascie-lub-kilkadziesiat-miesiecy-niewykluczony-wniosek-o-obnizke-stop\\\/\",\"url\":\"https:\\\/\\\/super-news.info\\\/pl\\\/lon-z-rpp-za-kilkanascie-lub-kilkadziesiat-miesiecy-niewykluczony-wniosek-o-obnizke-stop\\\/\",\"name\":\"\u0141on z RPP: Za kilkana\u015bcie lub kilkadziesi\u0105t miesi\u0119cy niewykluczony wniosek o obni\u017ck\u0119 st\u00f3p - Super News\",\"isPartOf\":{\"@id\":\"https:\\\/\\\/super-news.info\\\/pl\\\/#website\"},\"primaryImageOfPage\":{\"@id\":\"https:\\\/\\\/super-news.info\\\/pl\\\/lon-z-rpp-za-kilkanascie-lub-kilkadziesiat-miesiecy-niewykluczony-wniosek-o-obnizke-stop\\\/#primaryimage\"},\"image\":{\"@id\":\"https:\\\/\\\/super-news.info\\\/pl\\\/lon-z-rpp-za-kilkanascie-lub-kilkadziesiat-miesiecy-niewykluczony-wniosek-o-obnizke-stop\\\/#primaryimage\"},\"thumbnailUrl\":\"https:\\\/\\\/super-news.info\\\/pl\\\/wp-content\\\/uploads\\\/sites\\\/6\\\/2019\\\/06\\\/\u0141on-z-RPP-Za-kilkana\u015bcie-lub-kilkadziesi\u0105t-miesi\u0119cy-niewykluczony-wniosek.jpg\",\"datePublished\":\"2019-06-25T15:34:53+00:00\",\"dateModified\":\"2019-06-25T15:34:54+00:00\",\"author\":{\"@id\":\"https:\\\/\\\/super-news.info\\\/pl\\\/#\\\/schema\\\/person\\\/2d4068cb2f39cd10008c2fce578a7356\"},\"breadcrumb\":{\"@id\":\"https:\\\/\\\/super-news.info\\\/pl\\\/lon-z-rpp-za-kilkanascie-lub-kilkadziesiat-miesiecy-niewykluczony-wniosek-o-obnizke-stop\\\/#breadcrumb\"},\"inLanguage\":\"pl-PL\",\"potentialAction\":[{\"@type\":\"ReadAction\",\"target\":[\"https:\\\/\\\/super-news.info\\\/pl\\\/lon-z-rpp-za-kilkanascie-lub-kilkadziesiat-miesiecy-niewykluczony-wniosek-o-obnizke-stop\\\/\"]}]},{\"@type\":\"ImageObject\",\"inLanguage\":\"pl-PL\",\"@id\":\"https:\\\/\\\/super-news.info\\\/pl\\\/lon-z-rpp-za-kilkanascie-lub-kilkadziesiat-miesiecy-niewykluczony-wniosek-o-obnizke-stop\\\/#primaryimage\",\"url\":\"https:\\\/\\\/super-news.info\\\/pl\\\/wp-content\\\/uploads\\\/sites\\\/6\\\/2019\\\/06\\\/\u0141on-z-RPP-Za-kilkana\u015bcie-lub-kilkadziesi\u0105t-miesi\u0119cy-niewykluczony-wniosek.jpg\",\"contentUrl\":\"https:\\\/\\\/super-news.info\\\/pl\\\/wp-content\\\/uploads\\\/sites\\\/6\\\/2019\\\/06\\\/\u0141on-z-RPP-Za-kilkana\u015bcie-lub-kilkadziesi\u0105t-miesi\u0119cy-niewykluczony-wniosek.jpg\",\"width\":645,\"height\":387,\"caption\":\"\u0141on z RPP: Za kilkana\u015bcie lub kilkadziesi\u0105t miesi\u0119cy niewykluczony wniosek o obni\u017ck\u0119 st\u00f3p\"},{\"@type\":\"BreadcrumbList\",\"@id\":\"https:\\\/\\\/super-news.info\\\/pl\\\/lon-z-rpp-za-kilkanascie-lub-kilkadziesiat-miesiecy-niewykluczony-wniosek-o-obnizke-stop\\\/#breadcrumb\",\"itemListElement\":[{\"@type\":\"ListItem\",\"position\":1,\"name\":\"\u0413\u043b\u0430\u0432\u043d\u0430\u044f \u0441\u0442\u0440\u0430\u043d\u0438\u0446\u0430\",\"item\":\"https:\\\/\\\/super-news.info\\\/pl\\\/\"},{\"@type\":\"ListItem\",\"position\":2,\"name\":\"\u0141on z RPP: Za kilkana\u015bcie lub kilkadziesi\u0105t miesi\u0119cy niewykluczony wniosek o obni\u017ck\u0119 st\u00f3p\"}]},{\"@type\":\"WebSite\",\"@id\":\"https:\\\/\\\/super-news.info\\\/pl\\\/#website\",\"url\":\"https:\\\/\\\/super-news.info\\\/pl\\\/\",\"name\":\"Super News\",\"description\":\"Super News Polska\",\"potentialAction\":[{\"@type\":\"SearchAction\",\"target\":{\"@type\":\"EntryPoint\",\"urlTemplate\":\"https:\\\/\\\/super-news.info\\\/pl\\\/?s={search_term_string}\"},\"query-input\":{\"@type\":\"PropertyValueSpecification\",\"valueRequired\":true,\"valueName\":\"search_term_string\"}}],\"inLanguage\":\"pl-PL\"},{\"@type\":\"Person\",\"@id\":\"https:\\\/\\\/super-news.info\\\/pl\\\/#\\\/schema\\\/person\\\/2d4068cb2f39cd10008c2fce578a7356\",\"name\":\"super-news\",\"image\":{\"@type\":\"ImageObject\",\"inLanguage\":\"pl-PL\",\"@id\":\"https:\\\/\\\/secure.gravatar.com\\\/avatar\\\/64ebac40b93f26a154f8a9b5b6fdccfc46f442b26b3dd6756dbff3bf9dc76fd7?s=96&d=mm&r=g\",\"url\":\"https:\\\/\\\/secure.gravatar.com\\\/avatar\\\/64ebac40b93f26a154f8a9b5b6fdccfc46f442b26b3dd6756dbff3bf9dc76fd7?s=96&d=mm&r=g\",\"contentUrl\":\"https:\\\/\\\/secure.gravatar.com\\\/avatar\\\/64ebac40b93f26a154f8a9b5b6fdccfc46f442b26b3dd6756dbff3bf9dc76fd7?s=96&d=mm&r=g\",\"caption\":\"super-news\"},\"url\":\"https:\\\/\\\/super-news.info\\\/pl\\\/author\\\/pt\\\/\"}]}<\/script>\n<!-- \/ Yoast SEO plugin. -->","yoast_head_json":{"title":"\u0141on z RPP: Za kilkana\u015bcie lub kilkadziesi\u0105t miesi\u0119cy niewykluczony wniosek o obni\u017ck\u0119 st\u00f3p - Super News","robots":{"index":"index","follow":"follow","max-snippet":"max-snippet:-1","max-image-preview":"max-image-preview:large","max-video-preview":"max-video-preview:-1"},"canonical":"https:\/\/super-news.info\/pl\/lon-z-rpp-za-kilkanascie-lub-kilkadziesiat-miesiecy-niewykluczony-wniosek-o-obnizke-stop\/","og_locale":"pl_PL","og_type":"article","og_title":"\u0141on z RPP: Za kilkana\u015bcie lub kilkadziesi\u0105t miesi\u0119cy niewykluczony wniosek o obni\u017ck\u0119 st\u00f3p - Super News","og_description":"[ad_1] W ci\u0105gu najbli\u017cszych kilkunastu lub kilkudziesi\u0119ciu miesi\u0105cach mo\u017cliwe jest z\u0142o\u017cenie wniosku o obni\u017ck\u0119 st\u00f3p procentowych, z uwagi na sytuacj\u0119 makro w Polsce i Europie &#8211; napisa\u0142 dla PAP Biznes cz\u0142onek RPP Eryk \u0141on. W ramach mo\u017cliwych do u\u017cycia instrument\u00f3w niestandardowych \u0141on proponuje kredyty dla M\u015aP, kt\u00f3re maj\u0105 problemy z zatorami p\u0142atniczymi. &#8222;Bior\u0105c pod uwag\u0119 [&hellip;]","og_url":"https:\/\/super-news.info\/pl\/lon-z-rpp-za-kilkanascie-lub-kilkadziesiat-miesiecy-niewykluczony-wniosek-o-obnizke-stop\/","og_site_name":"Super News","article_published_time":"2019-06-25T15:34:53+00:00","article_modified_time":"2019-06-25T15:34:54+00:00","og_image":[{"width":645,"height":387,"url":"https:\/\/super-news.info\/pl\/wp-content\/uploads\/sites\/6\/2019\/06\/\u0141on-z-RPP-Za-kilkana\u015bcie-lub-kilkadziesi\u0105t-miesi\u0119cy-niewykluczony-wniosek.jpg","type":"image\/jpeg"}],"author":"super-news","twitter_card":"summary_large_image","twitter_misc":{"Napisane przez":"super-news","Szacowany czas czytania":"5 minut"},"schema":{"@context":"https:\/\/schema.org","@graph":[{"@type":"Article","@id":"https:\/\/super-news.info\/pl\/lon-z-rpp-za-kilkanascie-lub-kilkadziesiat-miesiecy-niewykluczony-wniosek-o-obnizke-stop\/#article","isPartOf":{"@id":"https:\/\/super-news.info\/pl\/lon-z-rpp-za-kilkanascie-lub-kilkadziesiat-miesiecy-niewykluczony-wniosek-o-obnizke-stop\/"},"author":{"name":"super-news","@id":"https:\/\/super-news.info\/pl\/#\/schema\/person\/2d4068cb2f39cd10008c2fce578a7356"},"headline":"\u0141on z RPP: Za kilkana\u015bcie lub kilkadziesi\u0105t miesi\u0119cy niewykluczony wniosek o obni\u017ck\u0119 st\u00f3p","datePublished":"2019-06-25T15:34:53+00:00","dateModified":"2019-06-25T15:34:54+00:00","mainEntityOfPage":{"@id":"https:\/\/super-news.info\/pl\/lon-z-rpp-za-kilkanascie-lub-kilkadziesiat-miesiecy-niewykluczony-wniosek-o-obnizke-stop\/"},"wordCount":943,"commentCount":0,"image":{"@id":"https:\/\/super-news.info\/pl\/lon-z-rpp-za-kilkanascie-lub-kilkadziesiat-miesiecy-niewykluczony-wniosek-o-obnizke-stop\/#primaryimage"},"thumbnailUrl":"https:\/\/super-news.info\/pl\/wp-content\/uploads\/sites\/6\/2019\/06\/\u0141on-z-RPP-Za-kilkana\u015bcie-lub-kilkadziesi\u0105t-miesi\u0119cy-niewykluczony-wniosek.jpg","articleSection":["WIADOMO\u015aCI FINANSOWE"],"inLanguage":"pl-PL","potentialAction":[{"@type":"CommentAction","name":"Comment","target":["https:\/\/super-news.info\/pl\/lon-z-rpp-za-kilkanascie-lub-kilkadziesiat-miesiecy-niewykluczony-wniosek-o-obnizke-stop\/#respond"]}]},{"@type":"WebPage","@id":"https:\/\/super-news.info\/pl\/lon-z-rpp-za-kilkanascie-lub-kilkadziesiat-miesiecy-niewykluczony-wniosek-o-obnizke-stop\/","url":"https:\/\/super-news.info\/pl\/lon-z-rpp-za-kilkanascie-lub-kilkadziesiat-miesiecy-niewykluczony-wniosek-o-obnizke-stop\/","name":"\u0141on z RPP: Za kilkana\u015bcie lub kilkadziesi\u0105t miesi\u0119cy niewykluczony wniosek o obni\u017ck\u0119 st\u00f3p - Super News","isPartOf":{"@id":"https:\/\/super-news.info\/pl\/#website"},"primaryImageOfPage":{"@id":"https:\/\/super-news.info\/pl\/lon-z-rpp-za-kilkanascie-lub-kilkadziesiat-miesiecy-niewykluczony-wniosek-o-obnizke-stop\/#primaryimage"},"image":{"@id":"https:\/\/super-news.info\/pl\/lon-z-rpp-za-kilkanascie-lub-kilkadziesiat-miesiecy-niewykluczony-wniosek-o-obnizke-stop\/#primaryimage"},"thumbnailUrl":"https:\/\/super-news.info\/pl\/wp-content\/uploads\/sites\/6\/2019\/06\/\u0141on-z-RPP-Za-kilkana\u015bcie-lub-kilkadziesi\u0105t-miesi\u0119cy-niewykluczony-wniosek.jpg","datePublished":"2019-06-25T15:34:53+00:00","dateModified":"2019-06-25T15:34:54+00:00","author":{"@id":"https:\/\/super-news.info\/pl\/#\/schema\/person\/2d4068cb2f39cd10008c2fce578a7356"},"breadcrumb":{"@id":"https:\/\/super-news.info\/pl\/lon-z-rpp-za-kilkanascie-lub-kilkadziesiat-miesiecy-niewykluczony-wniosek-o-obnizke-stop\/#breadcrumb"},"inLanguage":"pl-PL","potentialAction":[{"@type":"ReadAction","target":["https:\/\/super-news.info\/pl\/lon-z-rpp-za-kilkanascie-lub-kilkadziesiat-miesiecy-niewykluczony-wniosek-o-obnizke-stop\/"]}]},{"@type":"ImageObject","inLanguage":"pl-PL","@id":"https:\/\/super-news.info\/pl\/lon-z-rpp-za-kilkanascie-lub-kilkadziesiat-miesiecy-niewykluczony-wniosek-o-obnizke-stop\/#primaryimage","url":"https:\/\/super-news.info\/pl\/wp-content\/uploads\/sites\/6\/2019\/06\/\u0141on-z-RPP-Za-kilkana\u015bcie-lub-kilkadziesi\u0105t-miesi\u0119cy-niewykluczony-wniosek.jpg","contentUrl":"https:\/\/super-news.info\/pl\/wp-content\/uploads\/sites\/6\/2019\/06\/\u0141on-z-RPP-Za-kilkana\u015bcie-lub-kilkadziesi\u0105t-miesi\u0119cy-niewykluczony-wniosek.jpg","width":645,"height":387,"caption":"\u0141on z RPP: Za kilkana\u015bcie lub kilkadziesi\u0105t miesi\u0119cy niewykluczony wniosek o obni\u017ck\u0119 st\u00f3p"},{"@type":"BreadcrumbList","@id":"https:\/\/super-news.info\/pl\/lon-z-rpp-za-kilkanascie-lub-kilkadziesiat-miesiecy-niewykluczony-wniosek-o-obnizke-stop\/#breadcrumb","itemListElement":[{"@type":"ListItem","position":1,"name":"\u0413\u043b\u0430\u0432\u043d\u0430\u044f \u0441\u0442\u0440\u0430\u043d\u0438\u0446\u0430","item":"https:\/\/super-news.info\/pl\/"},{"@type":"ListItem","position":2,"name":"\u0141on z RPP: Za kilkana\u015bcie lub kilkadziesi\u0105t miesi\u0119cy niewykluczony wniosek o obni\u017ck\u0119 st\u00f3p"}]},{"@type":"WebSite","@id":"https:\/\/super-news.info\/pl\/#website","url":"https:\/\/super-news.info\/pl\/","name":"Super News","description":"Super News Polska","potentialAction":[{"@type":"SearchAction","target":{"@type":"EntryPoint","urlTemplate":"https:\/\/super-news.info\/pl\/?s={search_term_string}"},"query-input":{"@type":"PropertyValueSpecification","valueRequired":true,"valueName":"search_term_string"}}],"inLanguage":"pl-PL"},{"@type":"Person","@id":"https:\/\/super-news.info\/pl\/#\/schema\/person\/2d4068cb2f39cd10008c2fce578a7356","name":"super-news","image":{"@type":"ImageObject","inLanguage":"pl-PL","@id":"https:\/\/secure.gravatar.com\/avatar\/64ebac40b93f26a154f8a9b5b6fdccfc46f442b26b3dd6756dbff3bf9dc76fd7?s=96&d=mm&r=g","url":"https:\/\/secure.gravatar.com\/avatar\/64ebac40b93f26a154f8a9b5b6fdccfc46f442b26b3dd6756dbff3bf9dc76fd7?s=96&d=mm&r=g","contentUrl":"https:\/\/secure.gravatar.com\/avatar\/64ebac40b93f26a154f8a9b5b6fdccfc46f442b26b3dd6756dbff3bf9dc76fd7?s=96&d=mm&r=g","caption":"super-news"},"url":"https:\/\/super-news.info\/pl\/author\/pt\/"}]}},"_links":{"self":[{"href":"https:\/\/super-news.info\/pl\/wp-json\/wp\/v2\/posts\/934","targetHints":{"allow":["GET"]}}],"collection":[{"href":"https:\/\/super-news.info\/pl\/wp-json\/wp\/v2\/posts"}],"about":[{"href":"https:\/\/super-news.info\/pl\/wp-json\/wp\/v2\/types\/post"}],"author":[{"embeddable":true,"href":"https:\/\/super-news.info\/pl\/wp-json\/wp\/v2\/users\/2"}],"replies":[{"embeddable":true,"href":"https:\/\/super-news.info\/pl\/wp-json\/wp\/v2\/comments?post=934"}],"version-history":[{"count":1,"href":"https:\/\/super-news.info\/pl\/wp-json\/wp\/v2\/posts\/934\/revisions"}],"predecessor-version":[{"id":936,"href":"https:\/\/super-news.info\/pl\/wp-json\/wp\/v2\/posts\/934\/revisions\/936"}],"wp:featuredmedia":[{"embeddable":true,"href":"https:\/\/super-news.info\/pl\/wp-json\/wp\/v2\/media\/935"}],"wp:attachment":[{"href":"https:\/\/super-news.info\/pl\/wp-json\/wp\/v2\/media?parent=934"}],"wp:term":[{"taxonomy":"category","embeddable":true,"href":"https:\/\/super-news.info\/pl\/wp-json\/wp\/v2\/categories?post=934"},{"taxonomy":"post_tag","embeddable":true,"href":"https:\/\/super-news.info\/pl\/wp-json\/wp\/v2\/tags?post=934"}],"curies":[{"name":"wp","href":"https:\/\/api.w.org\/{rel}","templated":true}]}}