{"id":920,"date":"2019-06-24T14:31:06","date_gmt":"2019-06-24T11:31:06","guid":{"rendered":"https:\/\/super-news.info\/pl\/trwa-gospodarcza-zima-w-niemczech\/"},"modified":"2020-02-19T17:51:37","modified_gmt":"2020-02-19T14:51:37","slug":"trwa-gospodarcza-zima-w-niemczech","status":"publish","type":"post","link":"https:\/\/super-news.info\/pl\/trwa-gospodarcza-zima-w-niemczech\/","title":{"rendered":"Trwa gospodarcza zima w Niemczech"},"content":{"rendered":"<p>[ad_1]<\/p>\n<div id=\"articleContent\" data-io-article-url=\"https:\/\/www.bankier.pl\/wiadomosc\/Trwa-gospodarcza-zima-w-Niemczech-7694658.html\">\n<p><span class=\"fn name\">Krzysztof Kolany<\/span><\/p>\n<p><span class=\"lead\">To ju\u017c powoli staje<br \/>\nsi\u0119 nudne. Kolejny miesi\u0105c nie przynosi oczekiwanej poprawy w najwi\u0119kszej<br \/>\ngospodarce Europy. Najnowsze dane z Niemiec pokazuj\u0105 systematycznie coraz<br \/>\ngorsze nastroje w biznesie.<\/span><\/p>\n<p>Jeszcze na pocz\u0105tku 2018 roku niemiecka gospodarka<br \/>\nprze\u017cywa\u0142a prawdziwy boom. Gdy jesieni\u0105 wska\u017aniki uleg\u0142y drastycznemu<br \/>\nos\u0142abieniu, ekonomi\u015bci zrzucali to na karb \u201ejednorazowych\u201d problem\u00f3w w<br \/>\nmotoryzacji (wej\u015bcie bardziej wy\u015brubowanych norm spalania) oraz napi\u0119\u0107 w<br \/>\n\u015bwiatowym handlu. Od pocz\u0105tku roku co miesi\u0105c prognozowano, \u017ce ju\u017c lada moment<br \/>\nsytuacja za nasz\u0105 zachodni\u0105 granic\u0105 ulegnie poprawie.<\/p>\n<p><!--[ ads link bar ]--><\/p>\n<p>Jak dot\u0105d te wszystkie proroctwa okaza\u0142y si\u0119 fa\u0142szywe. W<br \/>\nczerwcu wska\u017anik PMI dla niemieckiego przemys\u0142u przyj\u0105\u0142 warto\u015b\u0107 45,4 pkt. To co<br \/>\nprawda wi\u0119cej ni\u017c w maju (44,3 pkt.) i wi\u0119cej, ni\u017c oczekiwali ekonomi\u015bci (44,6<br \/>\npkt.), ale to wci\u0105\u017c wynik sygnalizuj\u0105cy silny regres w sektorze wytw\u00f3rczym<br \/>\nNiemiec. Niemniej jednak po takim odczycie optymi\u015bci mogli m\u00f3wi\u0107 o przeb\u0142ysku<br \/>\nnadziei na lepsze drugie p\u00f3\u0142rocze.<\/p>\n<p>Tych nadziei nie potwierdzi\u0142 najnowszy raport Instytutu IFO.<br \/>\nSporz\u0105dzany przez t\u0119 organizacj\u0119 wska\u017anik optymizmu niemieckich mened\u017cer\u00f3w w<br \/>\nczerwcu obni\u017cy\u0142 si\u0119 o p\u00f3\u0142 punktu do 97,4 pkt. i <b>osi\u0105gn\u0105\u0142 najni\u017csz\u0105 warto\u015b\u0107 od listopada 2014 roku<\/b>. Zarazem by\u0142 to jednak odczyt nieco wy\u017cszy od<br \/>\noczekiwanych przez rynek 97,2 pkt. Tyle<br \/>\n\u017ce wci\u0105\u017c spada\u0142y oczekiwania wzgl\u0119dem perspektyw gospodarki RFN na nast\u0119pne<br \/>\nsze\u015b\u0107 miesi\u0119cy, a lekko w g\u00f3r\u0119 posz\u0142a ocena bie\u017c\u0105cej koniunktury.<\/p>\n<p>Warto przy tym odnotowa\u0107, \u017ce w badaniu IFO pesymizm<br \/>\nmened\u017cer\u00f3w ju\u017c dawno rozprzestrzeni\u0142 si\u0119 poza poturbowany przez polityk\u00f3w (tych<br \/>\nunijnych narzucaj\u0105cych drako\u0144skie normy emisji spalin oraz ameryka\u0144skich<br \/>\nwojuj\u0105cych c\u0142ami i embargami) sektor przemys\u0142owy, gdzie nastroje s\u0105 najgorsze<br \/>\nod przynajmniej 5 lat. Mocnemu pogorszeniu<br \/>\nuleg\u0142o tez morale mened\u017cer\u00f3w firm us\u0142ugowych oraz handlowych.<\/p>\n<p>Indeks nastroj\u00f3w w niemieckim biznesie sporz\u0105dzony przez IFO<br \/>\nbazuje na comiesi\u0119cznej ankiecie wype\u0142nianej przez ok. 9000 mened\u017cer\u00f3w z firm<br \/>\nprzemys\u0142owych, us\u0142ugowych, handlowych i budowlanych. Respondenci pytani s\u0105 o ocen\u0119<br \/>\nbie\u017c\u0105cej koniunktury oraz przewidywania na nast\u0119pne sze\u015b\u0107 miesi\u0119cy. Indeks IFO<br \/>\nuwa\u017cany jest za wska\u017anik wyprzedzaj\u0105cy tzw. twarde dane statystyczne, takie jak<br \/>\nprodukcja przemys\u0142owa, sprzeda\u017c detaliczna czy PKB.<\/p>\n<p><a href=\"http:\/\/www.bankier.pl\/wiadomosc\/Trwa-gospodarcza-zima-w-Niemczech-7694658.html\">Source link <\/a><\/p>\n<\/div>\n","protected":false},"excerpt":{"rendered":"<p>[ad_1] Krzysztof Kolany To ju\u017c powoli staje si\u0119 nudne. Kolejny miesi\u0105c nie przynosi oczekiwanej poprawy w najwi\u0119kszej gospodarce Europy. Najnowsze dane z Niemiec pokazuj\u0105 systematycznie coraz gorsze nastroje w biznesie. Jeszcze na pocz\u0105tku 2018 roku niemiecka gospodarka prze\u017cywa\u0142a prawdziwy boom. Gdy jesieni\u0105 wska\u017aniki uleg\u0142y drastycznemu os\u0142abieniu, ekonomi\u015bci zrzucali to na karb \u201ejednorazowych\u201d problem\u00f3w w motoryzacji [&hellip;]<\/p>\n","protected":false},"author":2,"featured_media":921,"comment_status":"open","ping_status":"open","sticky":false,"template":"","format":"standard","meta":{"footnotes":""},"categories":[1],"tags":[],"class_list":["post-920","post","type-post","status-publish","format-standard","has-post-thumbnail","hentry","category-wiadomosci-finansowe"],"yoast_head":"<!-- This site is optimized with the Yoast SEO plugin v27.4 - https:\/\/yoast.com\/product\/yoast-seo-wordpress\/ -->\n<title>Trwa gospodarcza zima w Niemczech - Super News<\/title>\n<meta name=\"robots\" content=\"index, follow, max-snippet:-1, max-image-preview:large, max-video-preview:-1\" \/>\n<link rel=\"canonical\" href=\"https:\/\/super-news.info\/pl\/trwa-gospodarcza-zima-w-niemczech\/\" \/>\n<meta property=\"og:locale\" content=\"pl_PL\" \/>\n<meta property=\"og:type\" content=\"article\" \/>\n<meta property=\"og:title\" content=\"Trwa gospodarcza zima w Niemczech - Super News\" \/>\n<meta property=\"og:description\" content=\"[ad_1] Krzysztof Kolany To ju\u017c powoli staje si\u0119 nudne. Kolejny miesi\u0105c nie przynosi oczekiwanej poprawy w najwi\u0119kszej gospodarce Europy. Najnowsze dane z Niemiec pokazuj\u0105 systematycznie coraz gorsze nastroje w biznesie. Jeszcze na pocz\u0105tku 2018 roku niemiecka gospodarka prze\u017cywa\u0142a prawdziwy boom. Gdy jesieni\u0105 wska\u017aniki uleg\u0142y drastycznemu os\u0142abieniu, ekonomi\u015bci zrzucali to na karb \u201ejednorazowych\u201d problem\u00f3w w motoryzacji [&hellip;]\" \/>\n<meta property=\"og:url\" content=\"https:\/\/super-news.info\/pl\/trwa-gospodarcza-zima-w-niemczech\/\" \/>\n<meta property=\"og:site_name\" content=\"Super News\" \/>\n<meta property=\"article:published_time\" content=\"2019-06-24T11:31:06+00:00\" \/>\n<meta property=\"article:modified_time\" content=\"2020-02-19T14:51:37+00:00\" \/>\n<meta property=\"og:image\" content=\"https:\/\/super-news.info\/pl\/wp-content\/uploads\/sites\/6\/2019\/06\/Trwa-gospodarcza-zima-w-Niemczech.png\" \/>\n\t<meta property=\"og:image:width\" content=\"645\" \/>\n\t<meta property=\"og:image:height\" content=\"278\" \/>\n\t<meta property=\"og:image:type\" content=\"image\/png\" \/>\n<meta name=\"author\" content=\"super-news\" \/>\n<meta name=\"twitter:card\" content=\"summary_large_image\" \/>\n<meta name=\"twitter:label1\" content=\"Napisane przez\" \/>\n\t<meta name=\"twitter:data1\" content=\"super-news\" \/>\n\t<meta name=\"twitter:label2\" content=\"Szacowany czas czytania\" \/>\n\t<meta name=\"twitter:data2\" content=\"2 minuty\" \/>\n<script type=\"application\/ld+json\" class=\"yoast-schema-graph\">{\"@context\":\"https:\\\/\\\/schema.org\",\"@graph\":[{\"@type\":\"Article\",\"@id\":\"https:\\\/\\\/super-news.info\\\/pl\\\/trwa-gospodarcza-zima-w-niemczech\\\/#article\",\"isPartOf\":{\"@id\":\"https:\\\/\\\/super-news.info\\\/pl\\\/trwa-gospodarcza-zima-w-niemczech\\\/\"},\"author\":{\"name\":\"super-news\",\"@id\":\"https:\\\/\\\/super-news.info\\\/pl\\\/#\\\/schema\\\/person\\\/2d4068cb2f39cd10008c2fce578a7356\"},\"headline\":\"Trwa gospodarcza zima w Niemczech\",\"datePublished\":\"2019-06-24T11:31:06+00:00\",\"dateModified\":\"2020-02-19T14:51:37+00:00\",\"mainEntityOfPage\":{\"@id\":\"https:\\\/\\\/super-news.info\\\/pl\\\/trwa-gospodarcza-zima-w-niemczech\\\/\"},\"wordCount\":387,\"commentCount\":0,\"image\":{\"@id\":\"https:\\\/\\\/super-news.info\\\/pl\\\/trwa-gospodarcza-zima-w-niemczech\\\/#primaryimage\"},\"thumbnailUrl\":\"https:\\\/\\\/super-news.info\\\/pl\\\/wp-content\\\/uploads\\\/sites\\\/6\\\/2019\\\/06\\\/Trwa-gospodarcza-zima-w-Niemczech.png\",\"articleSection\":[\"WIADOMO\u015aCI FINANSOWE\"],\"inLanguage\":\"pl-PL\",\"potentialAction\":[{\"@type\":\"CommentAction\",\"name\":\"Comment\",\"target\":[\"https:\\\/\\\/super-news.info\\\/pl\\\/trwa-gospodarcza-zima-w-niemczech\\\/#respond\"]}]},{\"@type\":\"WebPage\",\"@id\":\"https:\\\/\\\/super-news.info\\\/pl\\\/trwa-gospodarcza-zima-w-niemczech\\\/\",\"url\":\"https:\\\/\\\/super-news.info\\\/pl\\\/trwa-gospodarcza-zima-w-niemczech\\\/\",\"name\":\"Trwa gospodarcza zima w Niemczech - Super News\",\"isPartOf\":{\"@id\":\"https:\\\/\\\/super-news.info\\\/pl\\\/#website\"},\"primaryImageOfPage\":{\"@id\":\"https:\\\/\\\/super-news.info\\\/pl\\\/trwa-gospodarcza-zima-w-niemczech\\\/#primaryimage\"},\"image\":{\"@id\":\"https:\\\/\\\/super-news.info\\\/pl\\\/trwa-gospodarcza-zima-w-niemczech\\\/#primaryimage\"},\"thumbnailUrl\":\"https:\\\/\\\/super-news.info\\\/pl\\\/wp-content\\\/uploads\\\/sites\\\/6\\\/2019\\\/06\\\/Trwa-gospodarcza-zima-w-Niemczech.png\",\"datePublished\":\"2019-06-24T11:31:06+00:00\",\"dateModified\":\"2020-02-19T14:51:37+00:00\",\"author\":{\"@id\":\"https:\\\/\\\/super-news.info\\\/pl\\\/#\\\/schema\\\/person\\\/2d4068cb2f39cd10008c2fce578a7356\"},\"breadcrumb\":{\"@id\":\"https:\\\/\\\/super-news.info\\\/pl\\\/trwa-gospodarcza-zima-w-niemczech\\\/#breadcrumb\"},\"inLanguage\":\"pl-PL\",\"potentialAction\":[{\"@type\":\"ReadAction\",\"target\":[\"https:\\\/\\\/super-news.info\\\/pl\\\/trwa-gospodarcza-zima-w-niemczech\\\/\"]}]},{\"@type\":\"ImageObject\",\"inLanguage\":\"pl-PL\",\"@id\":\"https:\\\/\\\/super-news.info\\\/pl\\\/trwa-gospodarcza-zima-w-niemczech\\\/#primaryimage\",\"url\":\"https:\\\/\\\/super-news.info\\\/pl\\\/wp-content\\\/uploads\\\/sites\\\/6\\\/2019\\\/06\\\/Trwa-gospodarcza-zima-w-Niemczech.png\",\"contentUrl\":\"https:\\\/\\\/super-news.info\\\/pl\\\/wp-content\\\/uploads\\\/sites\\\/6\\\/2019\\\/06\\\/Trwa-gospodarcza-zima-w-Niemczech.png\",\"width\":645,\"height\":278,\"caption\":\"Trwa gospodarcza zima w Niemczech\"},{\"@type\":\"BreadcrumbList\",\"@id\":\"https:\\\/\\\/super-news.info\\\/pl\\\/trwa-gospodarcza-zima-w-niemczech\\\/#breadcrumb\",\"itemListElement\":[{\"@type\":\"ListItem\",\"position\":1,\"name\":\"\u0413\u043b\u0430\u0432\u043d\u0430\u044f \u0441\u0442\u0440\u0430\u043d\u0438\u0446\u0430\",\"item\":\"https:\\\/\\\/super-news.info\\\/pl\\\/\"},{\"@type\":\"ListItem\",\"position\":2,\"name\":\"Trwa gospodarcza zima w Niemczech\"}]},{\"@type\":\"WebSite\",\"@id\":\"https:\\\/\\\/super-news.info\\\/pl\\\/#website\",\"url\":\"https:\\\/\\\/super-news.info\\\/pl\\\/\",\"name\":\"Super News\",\"description\":\"Super News Polska\",\"potentialAction\":[{\"@type\":\"SearchAction\",\"target\":{\"@type\":\"EntryPoint\",\"urlTemplate\":\"https:\\\/\\\/super-news.info\\\/pl\\\/?s={search_term_string}\"},\"query-input\":{\"@type\":\"PropertyValueSpecification\",\"valueRequired\":true,\"valueName\":\"search_term_string\"}}],\"inLanguage\":\"pl-PL\"},{\"@type\":\"Person\",\"@id\":\"https:\\\/\\\/super-news.info\\\/pl\\\/#\\\/schema\\\/person\\\/2d4068cb2f39cd10008c2fce578a7356\",\"name\":\"super-news\",\"image\":{\"@type\":\"ImageObject\",\"inLanguage\":\"pl-PL\",\"@id\":\"https:\\\/\\\/secure.gravatar.com\\\/avatar\\\/64ebac40b93f26a154f8a9b5b6fdccfc46f442b26b3dd6756dbff3bf9dc76fd7?s=96&d=mm&r=g\",\"url\":\"https:\\\/\\\/secure.gravatar.com\\\/avatar\\\/64ebac40b93f26a154f8a9b5b6fdccfc46f442b26b3dd6756dbff3bf9dc76fd7?s=96&d=mm&r=g\",\"contentUrl\":\"https:\\\/\\\/secure.gravatar.com\\\/avatar\\\/64ebac40b93f26a154f8a9b5b6fdccfc46f442b26b3dd6756dbff3bf9dc76fd7?s=96&d=mm&r=g\",\"caption\":\"super-news\"},\"url\":\"https:\\\/\\\/super-news.info\\\/pl\\\/author\\\/pt\\\/\"}]}<\/script>\n<!-- \/ Yoast SEO plugin. -->","yoast_head_json":{"title":"Trwa gospodarcza zima w Niemczech - Super News","robots":{"index":"index","follow":"follow","max-snippet":"max-snippet:-1","max-image-preview":"max-image-preview:large","max-video-preview":"max-video-preview:-1"},"canonical":"https:\/\/super-news.info\/pl\/trwa-gospodarcza-zima-w-niemczech\/","og_locale":"pl_PL","og_type":"article","og_title":"Trwa gospodarcza zima w Niemczech - Super News","og_description":"[ad_1] Krzysztof Kolany To ju\u017c powoli staje si\u0119 nudne. Kolejny miesi\u0105c nie przynosi oczekiwanej poprawy w najwi\u0119kszej gospodarce Europy. Najnowsze dane z Niemiec pokazuj\u0105 systematycznie coraz gorsze nastroje w biznesie. Jeszcze na pocz\u0105tku 2018 roku niemiecka gospodarka prze\u017cywa\u0142a prawdziwy boom. Gdy jesieni\u0105 wska\u017aniki uleg\u0142y drastycznemu os\u0142abieniu, ekonomi\u015bci zrzucali to na karb \u201ejednorazowych\u201d problem\u00f3w w motoryzacji [&hellip;]","og_url":"https:\/\/super-news.info\/pl\/trwa-gospodarcza-zima-w-niemczech\/","og_site_name":"Super News","article_published_time":"2019-06-24T11:31:06+00:00","article_modified_time":"2020-02-19T14:51:37+00:00","og_image":[{"width":645,"height":278,"url":"https:\/\/super-news.info\/pl\/wp-content\/uploads\/sites\/6\/2019\/06\/Trwa-gospodarcza-zima-w-Niemczech.png","type":"image\/png"}],"author":"super-news","twitter_card":"summary_large_image","twitter_misc":{"Napisane przez":"super-news","Szacowany czas czytania":"2 minuty"},"schema":{"@context":"https:\/\/schema.org","@graph":[{"@type":"Article","@id":"https:\/\/super-news.info\/pl\/trwa-gospodarcza-zima-w-niemczech\/#article","isPartOf":{"@id":"https:\/\/super-news.info\/pl\/trwa-gospodarcza-zima-w-niemczech\/"},"author":{"name":"super-news","@id":"https:\/\/super-news.info\/pl\/#\/schema\/person\/2d4068cb2f39cd10008c2fce578a7356"},"headline":"Trwa gospodarcza zima w Niemczech","datePublished":"2019-06-24T11:31:06+00:00","dateModified":"2020-02-19T14:51:37+00:00","mainEntityOfPage":{"@id":"https:\/\/super-news.info\/pl\/trwa-gospodarcza-zima-w-niemczech\/"},"wordCount":387,"commentCount":0,"image":{"@id":"https:\/\/super-news.info\/pl\/trwa-gospodarcza-zima-w-niemczech\/#primaryimage"},"thumbnailUrl":"https:\/\/super-news.info\/pl\/wp-content\/uploads\/sites\/6\/2019\/06\/Trwa-gospodarcza-zima-w-Niemczech.png","articleSection":["WIADOMO\u015aCI FINANSOWE"],"inLanguage":"pl-PL","potentialAction":[{"@type":"CommentAction","name":"Comment","target":["https:\/\/super-news.info\/pl\/trwa-gospodarcza-zima-w-niemczech\/#respond"]}]},{"@type":"WebPage","@id":"https:\/\/super-news.info\/pl\/trwa-gospodarcza-zima-w-niemczech\/","url":"https:\/\/super-news.info\/pl\/trwa-gospodarcza-zima-w-niemczech\/","name":"Trwa gospodarcza zima w Niemczech - Super News","isPartOf":{"@id":"https:\/\/super-news.info\/pl\/#website"},"primaryImageOfPage":{"@id":"https:\/\/super-news.info\/pl\/trwa-gospodarcza-zima-w-niemczech\/#primaryimage"},"image":{"@id":"https:\/\/super-news.info\/pl\/trwa-gospodarcza-zima-w-niemczech\/#primaryimage"},"thumbnailUrl":"https:\/\/super-news.info\/pl\/wp-content\/uploads\/sites\/6\/2019\/06\/Trwa-gospodarcza-zima-w-Niemczech.png","datePublished":"2019-06-24T11:31:06+00:00","dateModified":"2020-02-19T14:51:37+00:00","author":{"@id":"https:\/\/super-news.info\/pl\/#\/schema\/person\/2d4068cb2f39cd10008c2fce578a7356"},"breadcrumb":{"@id":"https:\/\/super-news.info\/pl\/trwa-gospodarcza-zima-w-niemczech\/#breadcrumb"},"inLanguage":"pl-PL","potentialAction":[{"@type":"ReadAction","target":["https:\/\/super-news.info\/pl\/trwa-gospodarcza-zima-w-niemczech\/"]}]},{"@type":"ImageObject","inLanguage":"pl-PL","@id":"https:\/\/super-news.info\/pl\/trwa-gospodarcza-zima-w-niemczech\/#primaryimage","url":"https:\/\/super-news.info\/pl\/wp-content\/uploads\/sites\/6\/2019\/06\/Trwa-gospodarcza-zima-w-Niemczech.png","contentUrl":"https:\/\/super-news.info\/pl\/wp-content\/uploads\/sites\/6\/2019\/06\/Trwa-gospodarcza-zima-w-Niemczech.png","width":645,"height":278,"caption":"Trwa gospodarcza zima w Niemczech"},{"@type":"BreadcrumbList","@id":"https:\/\/super-news.info\/pl\/trwa-gospodarcza-zima-w-niemczech\/#breadcrumb","itemListElement":[{"@type":"ListItem","position":1,"name":"\u0413\u043b\u0430\u0432\u043d\u0430\u044f \u0441\u0442\u0440\u0430\u043d\u0438\u0446\u0430","item":"https:\/\/super-news.info\/pl\/"},{"@type":"ListItem","position":2,"name":"Trwa gospodarcza zima w Niemczech"}]},{"@type":"WebSite","@id":"https:\/\/super-news.info\/pl\/#website","url":"https:\/\/super-news.info\/pl\/","name":"Super News","description":"Super News Polska","potentialAction":[{"@type":"SearchAction","target":{"@type":"EntryPoint","urlTemplate":"https:\/\/super-news.info\/pl\/?s={search_term_string}"},"query-input":{"@type":"PropertyValueSpecification","valueRequired":true,"valueName":"search_term_string"}}],"inLanguage":"pl-PL"},{"@type":"Person","@id":"https:\/\/super-news.info\/pl\/#\/schema\/person\/2d4068cb2f39cd10008c2fce578a7356","name":"super-news","image":{"@type":"ImageObject","inLanguage":"pl-PL","@id":"https:\/\/secure.gravatar.com\/avatar\/64ebac40b93f26a154f8a9b5b6fdccfc46f442b26b3dd6756dbff3bf9dc76fd7?s=96&d=mm&r=g","url":"https:\/\/secure.gravatar.com\/avatar\/64ebac40b93f26a154f8a9b5b6fdccfc46f442b26b3dd6756dbff3bf9dc76fd7?s=96&d=mm&r=g","contentUrl":"https:\/\/secure.gravatar.com\/avatar\/64ebac40b93f26a154f8a9b5b6fdccfc46f442b26b3dd6756dbff3bf9dc76fd7?s=96&d=mm&r=g","caption":"super-news"},"url":"https:\/\/super-news.info\/pl\/author\/pt\/"}]}},"_links":{"self":[{"href":"https:\/\/super-news.info\/pl\/wp-json\/wp\/v2\/posts\/920","targetHints":{"allow":["GET"]}}],"collection":[{"href":"https:\/\/super-news.info\/pl\/wp-json\/wp\/v2\/posts"}],"about":[{"href":"https:\/\/super-news.info\/pl\/wp-json\/wp\/v2\/types\/post"}],"author":[{"embeddable":true,"href":"https:\/\/super-news.info\/pl\/wp-json\/wp\/v2\/users\/2"}],"replies":[{"embeddable":true,"href":"https:\/\/super-news.info\/pl\/wp-json\/wp\/v2\/comments?post=920"}],"version-history":[{"count":2,"href":"https:\/\/super-news.info\/pl\/wp-json\/wp\/v2\/posts\/920\/revisions"}],"predecessor-version":[{"id":2207,"href":"https:\/\/super-news.info\/pl\/wp-json\/wp\/v2\/posts\/920\/revisions\/2207"}],"wp:featuredmedia":[{"embeddable":true,"href":"https:\/\/super-news.info\/pl\/wp-json\/wp\/v2\/media\/921"}],"wp:attachment":[{"href":"https:\/\/super-news.info\/pl\/wp-json\/wp\/v2\/media?parent=920"}],"wp:term":[{"taxonomy":"category","embeddable":true,"href":"https:\/\/super-news.info\/pl\/wp-json\/wp\/v2\/categories?post=920"},{"taxonomy":"post_tag","embeddable":true,"href":"https:\/\/super-news.info\/pl\/wp-json\/wp\/v2\/tags?post=920"}],"curies":[{"name":"wp","href":"https:\/\/api.w.org\/{rel}","templated":true}]}}