{"id":92,"date":"2019-04-10T00:42:55","date_gmt":"2019-04-09T21:42:55","guid":{"rendered":"https:\/\/super-news.info\/pl\/wiadomosci-marketingowe\/zakaz-handlu-w-niedziele-opinie-przedsiebiorcow\/"},"modified":"2019-04-10T00:42:56","modified_gmt":"2019-04-09T21:42:56","slug":"zakaz-handlu-w-niedziele-opinie-przedsiebiorcow","status":"publish","type":"post","link":"https:\/\/super-news.info\/pl\/zakaz-handlu-w-niedziele-opinie-przedsiebiorcow\/","title":{"rendered":"Zakaz handlu w niedziel\u0119 opinie przedsi\u0119biorc\u00f3w"},"content":{"rendered":"<p> [ad_1]<br \/>\n<\/p>\n<div id=\"\">\n<p>Temat wprowadzonych ponad rok temu ogranicze\u0144 handlu w niedziel\u0119 polaryzuje opini\u0119 publiczn\u0105. Z niedawnego badania przeprowadzonego na zlecenie Zwi\u0105zku Przedsi\u0119biorc\u00f3w i Pracodawc\u00f3w wynika, \u017ce 51 proc. Polak\u00f3w sprzeciwia si\u0119 ograniczeniom, kt\u00f3re zaostrzono od pocz\u0105tku tego roku (jedna zamiast dw\u00f3ch niedziel, kiedy mo\u017cna robi\u0107 zakupy).<\/p>\n<p>&#13;<br \/>\n&#13;<\/p>\n<p>W ubieg\u0142ym tygodniu do premiera Mateusza Morawieckiego wp\u0142yn\u0119\u0142a petycja, w kt\u00f3rej pi\u0119ciuset w\u0142a\u015bcicieli ma\u0142ych, rodzinnych sklep\u00f3w domaga si\u0119 zniesienia ustawy o ograniczeniu handlu w niedziele i niekt\u00f3re \u015bwi\u0119ta. Chc\u0105 te\u017c wprowadzenia zmian w Kodeksie pracy, gwarantuj\u0105cych ka\u017cdemu pracownikowi dwie wolne niedziele w miesi\u0105cu.<\/p>\n<p>&#13;<br \/>\n&#13;<\/p>\n<p>Petycj\u0119 podpisali tak\u017ce Jerzy Roma\u0144ski, prezes Og\u00f3lnopolskiej Federacji Stowarzysze\u0144 Kupc\u00f3w i Producent\u00f3w oraz Cezary Ka\u017amierczak, prezes Zwi\u0105zku Przedsi\u0119biorc\u00f3w i Pracodawc\u00f3w. Ta organizacja w najnowszej fali badania zapyta\u0142a o stosunek do niedzielnego zakazu handlu przedstawicieli ma\u0142ych i \u015brednich przedsi\u0119biorstw (MSP).<\/p>\n<p>&#13;<br \/>\n&#13;<\/p>\n<p>&#13;<br \/>\n&#13;<\/p>\n<p><span style=\"font-size:20px;\"><strong>MSP podzielone ws. zakazu handlu w niedziele<\/strong><\/span><\/p>\n<p>&#13;<br \/>\n&#13;<\/p>\n<p>Z badania wynika, \u017ce sektor MSP generalnie nie popiera propozycji zaostrzania ograniczenia handlu, poprzez m.in. propozycj\u0119 doprecyzowania poj\u0119cia plac\u00f3wki pocztowej \u2013 przeciwko temu pomys\u0142owi opowiada si\u0119 55 proc. ankietowanych. <strong>Najwi\u0119kszy odsetek badanych b\u0119d\u0105cych przeciwko zaostrzeniu to mikroprzedsi\u0119biorcy, spo\u015br\u00f3d kt\u00f3rych a\u017c 61 proc. nie popiera tego postulatu, w tym 36 proc. w spos\u00f3b zdecydowany.<\/strong><\/p>\n<p>&#13;<br \/>\n&#13;<\/p>\n<p><strong>Ta grupa najmocniej opowiada si\u0119 za zniesieniem ogranicze\u0144 w handlu s\u0105 \u2013 tak\u0105 opcj\u0119 wybra\u0142o 43 proc. respondent\u00f3w<\/strong>. Oni oceniaj\u0105 te\u017c najgorzej obecne regulacje &#8211; tylko 38 proc. z nich uwa\u017ca, \u017ce sektor handlu na ograniczeniach nie ucierpia\u0142, a dok\u0142adnie 40 proc. twierdzi, \u017ce przepisy nie osi\u0105gn\u0119\u0142y \u017cadnego pozytywnego skutku, czyli \u017ce uderzy\u0142y w bran\u017c\u0119, a pracownicy nie zostali odci\u0105\u017ceni.<\/p>\n<p>&#13;<br \/>\n&#13;<\/p>\n<p>&#8211; <strong>Widzimy tutaj doskonale zale\u017cno\u015b\u0107, kt\u00f3r\u0105 mo\u017cna by\u0142o przewidzie\u0107. O ile wi\u0119ksze firmy sobie jako\u015b z zakazem radz\u0105 i dlatego \u0142agodniej oceniaj\u0105 jego rezultaty, o tyle mikroprzedsi\u0119biorcy bardziej radykalnie wskazuj\u0105 na negatywne skutki tej regulacj<\/strong>i &#8211; twierdzi Cezary Ka\u017amierczak, prezes Zwi\u0105zku Przedsi\u0119biorc\u00f3w i Pracodawc\u00f3w.<\/p>\n<p>&#13;<br \/>\n&#13;<\/p>\n<p>Sze\u015bciu na dziesi\u0119ciu respondent\u00f3w uwa\u017ca, \u017ce ograniczenie negatywnie wp\u0142ywa na najmniejsze sklepy. Najwi\u0119kszy odsetek ankietowanych wskazuj\u0105cych na pogorszenie sytuacji ma\u0142ych sklep\u00f3w wyst\u0119puje w\u015br\u00f3d przedsi\u0119biorc\u00f3w z sektora handlowego (64 proc. wobec 61 proc. badanych z sektora us\u0142ug i 56 proc. z sektora produkcji).<\/p>\n<p>&#13;<br \/>\n&#13;<\/p>\n<p>Zakaz handlu w niedziele obowi\u0105zuje od 1 marca 2018 roku. Od tego roku nie obejmuje ostatniej niedzieli w miesi\u0105cu. Od 2020 r. handel dozwolony b\u0119dzie w Polsce jedynie w 7 niedziel, a zabroniony w 45.<\/p>\n<p>&#13;<br \/>\n&#13;<\/p>\n<p><em>Badanie zosta\u0142o przeprowadzone w styczniu 2019 roku metod\u0105 CAWI (Computer Assisted Web Interviews) \u2013 ankiety na panelu internetowym online. \u0141\u0105czna wielko\u015b\u0107 pr\u00f3by to N = 733 respondent\u00f3w.Struktura pr\u00f3by w badaniu jest reprezentatywna dla przedsi\u0119biorstw w Polsce ze wzgl\u0119du na wielko\u015b\u0107 firmy (mikro, ma\u0142e i \u015brednie przedsi\u0119biorstwa).<\/em><\/p>\n<p>&#13;<br \/>\n                            &#13;<br \/>\n&#13;<br \/>\n                            &#13;<br \/>\n&#13;<br \/>\n&#13;<br \/>\n&#13;<br \/>\n&#13;<br \/>\n&#13;<br \/>\n                            &#13;<br \/>\n                                                            &#13;<br \/>\n&#13;<br \/>\n                            &#13;\n                        <\/p><\/div>\n<p><script>(function (d, s, id) {\n        var js, fjs = d.getElementsByTagName(s)[0];\n        if (d.getElementById(id)) return;\n        js = d.createElement(s);\n        js.id = id;\n        js.src = \"http:\/\/connect.facebook.net\/pl_PL\/sdk.js#xfbml=1&version=v2.6&appId=297996717062470\";\n        fjs.parentNode.insertBefore(js, fjs);\n    }(document, 'script', 'facebook-jssdk'));<\/script><br \/>\n<br \/>[ad_2]<br \/>\n<br \/><a href=\"https:\/\/www.wirtualnemedia.pl\/artykul\/zakaz-handlu-w-niedziele-opinie-przedsiebiorcow\">Source link <\/a><\/p>\n","protected":false},"excerpt":{"rendered":"<p>[ad_1] Temat wprowadzonych ponad rok temu ogranicze\u0144 handlu w niedziel\u0119 polaryzuje opini\u0119 publiczn\u0105. Z niedawnego badania przeprowadzonego na zlecenie Zwi\u0105zku Przedsi\u0119biorc\u00f3w i Pracodawc\u00f3w wynika, \u017ce 51 proc. Polak\u00f3w sprzeciwia si\u0119 ograniczeniom, kt\u00f3re zaostrzono od pocz\u0105tku tego roku (jedna zamiast dw\u00f3ch niedziel, kiedy mo\u017cna robi\u0107 zakupy). &#13; &#13; W ubieg\u0142ym tygodniu do premiera Mateusza Morawieckiego wp\u0142yn\u0119\u0142a [&hellip;]<\/p>\n","protected":false},"author":2,"featured_media":93,"comment_status":"open","ping_status":"open","sticky":false,"template":"","format":"standard","meta":{"footnotes":""},"categories":[3],"tags":[],"class_list":["post-92","post","type-post","status-publish","format-standard","has-post-thumbnail","hentry","category-wiadomosci-marketingowe"],"yoast_head":"<!-- This site is optimized with the Yoast SEO plugin v27.4 - https:\/\/yoast.com\/product\/yoast-seo-wordpress\/ -->\n<title>Zakaz handlu w niedziel\u0119 opinie przedsi\u0119biorc\u00f3w - Super News<\/title>\n<meta name=\"robots\" content=\"index, follow, max-snippet:-1, max-image-preview:large, max-video-preview:-1\" \/>\n<link rel=\"canonical\" href=\"https:\/\/super-news.info\/pl\/zakaz-handlu-w-niedziele-opinie-przedsiebiorcow\/\" \/>\n<meta property=\"og:locale\" content=\"pl_PL\" \/>\n<meta property=\"og:type\" content=\"article\" \/>\n<meta property=\"og:title\" content=\"Zakaz handlu w niedziel\u0119 opinie przedsi\u0119biorc\u00f3w - Super News\" \/>\n<meta property=\"og:description\" content=\"[ad_1] Temat wprowadzonych ponad rok temu ogranicze\u0144 handlu w niedziel\u0119 polaryzuje opini\u0119 publiczn\u0105. Z niedawnego badania przeprowadzonego na zlecenie Zwi\u0105zku Przedsi\u0119biorc\u00f3w i Pracodawc\u00f3w wynika, \u017ce 51 proc. Polak\u00f3w sprzeciwia si\u0119 ograniczeniom, kt\u00f3re zaostrzono od pocz\u0105tku tego roku (jedna zamiast dw\u00f3ch niedziel, kiedy mo\u017cna robi\u0107 zakupy). &#013; &#013; W ubieg\u0142ym tygodniu do premiera Mateusza Morawieckiego wp\u0142yn\u0119\u0142a [&hellip;]\" \/>\n<meta property=\"og:url\" content=\"https:\/\/super-news.info\/pl\/zakaz-handlu-w-niedziele-opinie-przedsiebiorcow\/\" \/>\n<meta property=\"og:site_name\" content=\"Super News\" \/>\n<meta property=\"article:published_time\" content=\"2019-04-09T21:42:55+00:00\" \/>\n<meta property=\"article:modified_time\" content=\"2019-04-09T21:42:56+00:00\" \/>\n<meta property=\"og:image\" content=\"https:\/\/super-news.info\/pl\/wp-content\/uploads\/sites\/6\/2019\/04\/Zakaz-handlu-w-niedziel\u0119-opinie-przedsi\u0119biorc\u00f3w.jpg\" \/>\n\t<meta property=\"og:image:width\" content=\"655\" \/>\n\t<meta property=\"og:image:height\" content=\"437\" \/>\n\t<meta property=\"og:image:type\" content=\"image\/jpeg\" \/>\n<meta name=\"author\" content=\"super-news\" \/>\n<meta name=\"twitter:card\" content=\"summary_large_image\" \/>\n<meta name=\"twitter:label1\" content=\"Napisane przez\" \/>\n\t<meta name=\"twitter:data1\" content=\"super-news\" \/>\n\t<meta name=\"twitter:label2\" content=\"Szacowany czas czytania\" \/>\n\t<meta name=\"twitter:data2\" content=\"2 minuty\" \/>\n<script type=\"application\/ld+json\" class=\"yoast-schema-graph\">{\"@context\":\"https:\\\/\\\/schema.org\",\"@graph\":[{\"@type\":\"Article\",\"@id\":\"https:\\\/\\\/super-news.info\\\/pl\\\/zakaz-handlu-w-niedziele-opinie-przedsiebiorcow\\\/#article\",\"isPartOf\":{\"@id\":\"https:\\\/\\\/super-news.info\\\/pl\\\/zakaz-handlu-w-niedziele-opinie-przedsiebiorcow\\\/\"},\"author\":{\"name\":\"super-news\",\"@id\":\"https:\\\/\\\/super-news.info\\\/pl\\\/#\\\/schema\\\/person\\\/2d4068cb2f39cd10008c2fce578a7356\"},\"headline\":\"Zakaz handlu w niedziel\u0119 opinie przedsi\u0119biorc\u00f3w\",\"datePublished\":\"2019-04-09T21:42:55+00:00\",\"dateModified\":\"2019-04-09T21:42:56+00:00\",\"mainEntityOfPage\":{\"@id\":\"https:\\\/\\\/super-news.info\\\/pl\\\/zakaz-handlu-w-niedziele-opinie-przedsiebiorcow\\\/\"},\"wordCount\":498,\"commentCount\":0,\"image\":{\"@id\":\"https:\\\/\\\/super-news.info\\\/pl\\\/zakaz-handlu-w-niedziele-opinie-przedsiebiorcow\\\/#primaryimage\"},\"thumbnailUrl\":\"https:\\\/\\\/super-news.info\\\/pl\\\/wp-content\\\/uploads\\\/sites\\\/6\\\/2019\\\/04\\\/Zakaz-handlu-w-niedziel\u0119-opinie-przedsi\u0119biorc\u00f3w.jpg\",\"articleSection\":[\"WIADOMO\u015aCI MARKETINGOWE\"],\"inLanguage\":\"pl-PL\",\"potentialAction\":[{\"@type\":\"CommentAction\",\"name\":\"Comment\",\"target\":[\"https:\\\/\\\/super-news.info\\\/pl\\\/zakaz-handlu-w-niedziele-opinie-przedsiebiorcow\\\/#respond\"]}]},{\"@type\":\"WebPage\",\"@id\":\"https:\\\/\\\/super-news.info\\\/pl\\\/zakaz-handlu-w-niedziele-opinie-przedsiebiorcow\\\/\",\"url\":\"https:\\\/\\\/super-news.info\\\/pl\\\/zakaz-handlu-w-niedziele-opinie-przedsiebiorcow\\\/\",\"name\":\"Zakaz handlu w niedziel\u0119 opinie przedsi\u0119biorc\u00f3w - Super News\",\"isPartOf\":{\"@id\":\"https:\\\/\\\/super-news.info\\\/pl\\\/#website\"},\"primaryImageOfPage\":{\"@id\":\"https:\\\/\\\/super-news.info\\\/pl\\\/zakaz-handlu-w-niedziele-opinie-przedsiebiorcow\\\/#primaryimage\"},\"image\":{\"@id\":\"https:\\\/\\\/super-news.info\\\/pl\\\/zakaz-handlu-w-niedziele-opinie-przedsiebiorcow\\\/#primaryimage\"},\"thumbnailUrl\":\"https:\\\/\\\/super-news.info\\\/pl\\\/wp-content\\\/uploads\\\/sites\\\/6\\\/2019\\\/04\\\/Zakaz-handlu-w-niedziel\u0119-opinie-przedsi\u0119biorc\u00f3w.jpg\",\"datePublished\":\"2019-04-09T21:42:55+00:00\",\"dateModified\":\"2019-04-09T21:42:56+00:00\",\"author\":{\"@id\":\"https:\\\/\\\/super-news.info\\\/pl\\\/#\\\/schema\\\/person\\\/2d4068cb2f39cd10008c2fce578a7356\"},\"breadcrumb\":{\"@id\":\"https:\\\/\\\/super-news.info\\\/pl\\\/zakaz-handlu-w-niedziele-opinie-przedsiebiorcow\\\/#breadcrumb\"},\"inLanguage\":\"pl-PL\",\"potentialAction\":[{\"@type\":\"ReadAction\",\"target\":[\"https:\\\/\\\/super-news.info\\\/pl\\\/zakaz-handlu-w-niedziele-opinie-przedsiebiorcow\\\/\"]}]},{\"@type\":\"ImageObject\",\"inLanguage\":\"pl-PL\",\"@id\":\"https:\\\/\\\/super-news.info\\\/pl\\\/zakaz-handlu-w-niedziele-opinie-przedsiebiorcow\\\/#primaryimage\",\"url\":\"https:\\\/\\\/super-news.info\\\/pl\\\/wp-content\\\/uploads\\\/sites\\\/6\\\/2019\\\/04\\\/Zakaz-handlu-w-niedziel\u0119-opinie-przedsi\u0119biorc\u00f3w.jpg\",\"contentUrl\":\"https:\\\/\\\/super-news.info\\\/pl\\\/wp-content\\\/uploads\\\/sites\\\/6\\\/2019\\\/04\\\/Zakaz-handlu-w-niedziel\u0119-opinie-przedsi\u0119biorc\u00f3w.jpg\",\"width\":655,\"height\":437,\"caption\":\"Article\"},{\"@type\":\"BreadcrumbList\",\"@id\":\"https:\\\/\\\/super-news.info\\\/pl\\\/zakaz-handlu-w-niedziele-opinie-przedsiebiorcow\\\/#breadcrumb\",\"itemListElement\":[{\"@type\":\"ListItem\",\"position\":1,\"name\":\"\u0413\u043b\u0430\u0432\u043d\u0430\u044f \u0441\u0442\u0440\u0430\u043d\u0438\u0446\u0430\",\"item\":\"https:\\\/\\\/super-news.info\\\/pl\\\/\"},{\"@type\":\"ListItem\",\"position\":2,\"name\":\"Zakaz handlu w niedziel\u0119 opinie przedsi\u0119biorc\u00f3w\"}]},{\"@type\":\"WebSite\",\"@id\":\"https:\\\/\\\/super-news.info\\\/pl\\\/#website\",\"url\":\"https:\\\/\\\/super-news.info\\\/pl\\\/\",\"name\":\"Super News\",\"description\":\"Super News Polska\",\"potentialAction\":[{\"@type\":\"SearchAction\",\"target\":{\"@type\":\"EntryPoint\",\"urlTemplate\":\"https:\\\/\\\/super-news.info\\\/pl\\\/?s={search_term_string}\"},\"query-input\":{\"@type\":\"PropertyValueSpecification\",\"valueRequired\":true,\"valueName\":\"search_term_string\"}}],\"inLanguage\":\"pl-PL\"},{\"@type\":\"Person\",\"@id\":\"https:\\\/\\\/super-news.info\\\/pl\\\/#\\\/schema\\\/person\\\/2d4068cb2f39cd10008c2fce578a7356\",\"name\":\"super-news\",\"image\":{\"@type\":\"ImageObject\",\"inLanguage\":\"pl-PL\",\"@id\":\"https:\\\/\\\/secure.gravatar.com\\\/avatar\\\/64ebac40b93f26a154f8a9b5b6fdccfc46f442b26b3dd6756dbff3bf9dc76fd7?s=96&d=mm&r=g\",\"url\":\"https:\\\/\\\/secure.gravatar.com\\\/avatar\\\/64ebac40b93f26a154f8a9b5b6fdccfc46f442b26b3dd6756dbff3bf9dc76fd7?s=96&d=mm&r=g\",\"contentUrl\":\"https:\\\/\\\/secure.gravatar.com\\\/avatar\\\/64ebac40b93f26a154f8a9b5b6fdccfc46f442b26b3dd6756dbff3bf9dc76fd7?s=96&d=mm&r=g\",\"caption\":\"super-news\"},\"url\":\"https:\\\/\\\/super-news.info\\\/pl\\\/author\\\/pt\\\/\"}]}<\/script>\n<!-- \/ Yoast SEO plugin. -->","yoast_head_json":{"title":"Zakaz handlu w niedziel\u0119 opinie przedsi\u0119biorc\u00f3w - Super News","robots":{"index":"index","follow":"follow","max-snippet":"max-snippet:-1","max-image-preview":"max-image-preview:large","max-video-preview":"max-video-preview:-1"},"canonical":"https:\/\/super-news.info\/pl\/zakaz-handlu-w-niedziele-opinie-przedsiebiorcow\/","og_locale":"pl_PL","og_type":"article","og_title":"Zakaz handlu w niedziel\u0119 opinie przedsi\u0119biorc\u00f3w - Super News","og_description":"[ad_1] Temat wprowadzonych ponad rok temu ogranicze\u0144 handlu w niedziel\u0119 polaryzuje opini\u0119 publiczn\u0105. Z niedawnego badania przeprowadzonego na zlecenie Zwi\u0105zku Przedsi\u0119biorc\u00f3w i Pracodawc\u00f3w wynika, \u017ce 51 proc. Polak\u00f3w sprzeciwia si\u0119 ograniczeniom, kt\u00f3re zaostrzono od pocz\u0105tku tego roku (jedna zamiast dw\u00f3ch niedziel, kiedy mo\u017cna robi\u0107 zakupy). &#13; &#13; W ubieg\u0142ym tygodniu do premiera Mateusza Morawieckiego wp\u0142yn\u0119\u0142a [&hellip;]","og_url":"https:\/\/super-news.info\/pl\/zakaz-handlu-w-niedziele-opinie-przedsiebiorcow\/","og_site_name":"Super News","article_published_time":"2019-04-09T21:42:55+00:00","article_modified_time":"2019-04-09T21:42:56+00:00","og_image":[{"width":655,"height":437,"url":"https:\/\/super-news.info\/pl\/wp-content\/uploads\/sites\/6\/2019\/04\/Zakaz-handlu-w-niedziel\u0119-opinie-przedsi\u0119biorc\u00f3w.jpg","type":"image\/jpeg"}],"author":"super-news","twitter_card":"summary_large_image","twitter_misc":{"Napisane przez":"super-news","Szacowany czas czytania":"2 minuty"},"schema":{"@context":"https:\/\/schema.org","@graph":[{"@type":"Article","@id":"https:\/\/super-news.info\/pl\/zakaz-handlu-w-niedziele-opinie-przedsiebiorcow\/#article","isPartOf":{"@id":"https:\/\/super-news.info\/pl\/zakaz-handlu-w-niedziele-opinie-przedsiebiorcow\/"},"author":{"name":"super-news","@id":"https:\/\/super-news.info\/pl\/#\/schema\/person\/2d4068cb2f39cd10008c2fce578a7356"},"headline":"Zakaz handlu w niedziel\u0119 opinie przedsi\u0119biorc\u00f3w","datePublished":"2019-04-09T21:42:55+00:00","dateModified":"2019-04-09T21:42:56+00:00","mainEntityOfPage":{"@id":"https:\/\/super-news.info\/pl\/zakaz-handlu-w-niedziele-opinie-przedsiebiorcow\/"},"wordCount":498,"commentCount":0,"image":{"@id":"https:\/\/super-news.info\/pl\/zakaz-handlu-w-niedziele-opinie-przedsiebiorcow\/#primaryimage"},"thumbnailUrl":"https:\/\/super-news.info\/pl\/wp-content\/uploads\/sites\/6\/2019\/04\/Zakaz-handlu-w-niedziel\u0119-opinie-przedsi\u0119biorc\u00f3w.jpg","articleSection":["WIADOMO\u015aCI MARKETINGOWE"],"inLanguage":"pl-PL","potentialAction":[{"@type":"CommentAction","name":"Comment","target":["https:\/\/super-news.info\/pl\/zakaz-handlu-w-niedziele-opinie-przedsiebiorcow\/#respond"]}]},{"@type":"WebPage","@id":"https:\/\/super-news.info\/pl\/zakaz-handlu-w-niedziele-opinie-przedsiebiorcow\/","url":"https:\/\/super-news.info\/pl\/zakaz-handlu-w-niedziele-opinie-przedsiebiorcow\/","name":"Zakaz handlu w niedziel\u0119 opinie przedsi\u0119biorc\u00f3w - Super News","isPartOf":{"@id":"https:\/\/super-news.info\/pl\/#website"},"primaryImageOfPage":{"@id":"https:\/\/super-news.info\/pl\/zakaz-handlu-w-niedziele-opinie-przedsiebiorcow\/#primaryimage"},"image":{"@id":"https:\/\/super-news.info\/pl\/zakaz-handlu-w-niedziele-opinie-przedsiebiorcow\/#primaryimage"},"thumbnailUrl":"https:\/\/super-news.info\/pl\/wp-content\/uploads\/sites\/6\/2019\/04\/Zakaz-handlu-w-niedziel\u0119-opinie-przedsi\u0119biorc\u00f3w.jpg","datePublished":"2019-04-09T21:42:55+00:00","dateModified":"2019-04-09T21:42:56+00:00","author":{"@id":"https:\/\/super-news.info\/pl\/#\/schema\/person\/2d4068cb2f39cd10008c2fce578a7356"},"breadcrumb":{"@id":"https:\/\/super-news.info\/pl\/zakaz-handlu-w-niedziele-opinie-przedsiebiorcow\/#breadcrumb"},"inLanguage":"pl-PL","potentialAction":[{"@type":"ReadAction","target":["https:\/\/super-news.info\/pl\/zakaz-handlu-w-niedziele-opinie-przedsiebiorcow\/"]}]},{"@type":"ImageObject","inLanguage":"pl-PL","@id":"https:\/\/super-news.info\/pl\/zakaz-handlu-w-niedziele-opinie-przedsiebiorcow\/#primaryimage","url":"https:\/\/super-news.info\/pl\/wp-content\/uploads\/sites\/6\/2019\/04\/Zakaz-handlu-w-niedziel\u0119-opinie-przedsi\u0119biorc\u00f3w.jpg","contentUrl":"https:\/\/super-news.info\/pl\/wp-content\/uploads\/sites\/6\/2019\/04\/Zakaz-handlu-w-niedziel\u0119-opinie-przedsi\u0119biorc\u00f3w.jpg","width":655,"height":437,"caption":"Article"},{"@type":"BreadcrumbList","@id":"https:\/\/super-news.info\/pl\/zakaz-handlu-w-niedziele-opinie-przedsiebiorcow\/#breadcrumb","itemListElement":[{"@type":"ListItem","position":1,"name":"\u0413\u043b\u0430\u0432\u043d\u0430\u044f \u0441\u0442\u0440\u0430\u043d\u0438\u0446\u0430","item":"https:\/\/super-news.info\/pl\/"},{"@type":"ListItem","position":2,"name":"Zakaz handlu w niedziel\u0119 opinie przedsi\u0119biorc\u00f3w"}]},{"@type":"WebSite","@id":"https:\/\/super-news.info\/pl\/#website","url":"https:\/\/super-news.info\/pl\/","name":"Super News","description":"Super News Polska","potentialAction":[{"@type":"SearchAction","target":{"@type":"EntryPoint","urlTemplate":"https:\/\/super-news.info\/pl\/?s={search_term_string}"},"query-input":{"@type":"PropertyValueSpecification","valueRequired":true,"valueName":"search_term_string"}}],"inLanguage":"pl-PL"},{"@type":"Person","@id":"https:\/\/super-news.info\/pl\/#\/schema\/person\/2d4068cb2f39cd10008c2fce578a7356","name":"super-news","image":{"@type":"ImageObject","inLanguage":"pl-PL","@id":"https:\/\/secure.gravatar.com\/avatar\/64ebac40b93f26a154f8a9b5b6fdccfc46f442b26b3dd6756dbff3bf9dc76fd7?s=96&d=mm&r=g","url":"https:\/\/secure.gravatar.com\/avatar\/64ebac40b93f26a154f8a9b5b6fdccfc46f442b26b3dd6756dbff3bf9dc76fd7?s=96&d=mm&r=g","contentUrl":"https:\/\/secure.gravatar.com\/avatar\/64ebac40b93f26a154f8a9b5b6fdccfc46f442b26b3dd6756dbff3bf9dc76fd7?s=96&d=mm&r=g","caption":"super-news"},"url":"https:\/\/super-news.info\/pl\/author\/pt\/"}]}},"_links":{"self":[{"href":"https:\/\/super-news.info\/pl\/wp-json\/wp\/v2\/posts\/92","targetHints":{"allow":["GET"]}}],"collection":[{"href":"https:\/\/super-news.info\/pl\/wp-json\/wp\/v2\/posts"}],"about":[{"href":"https:\/\/super-news.info\/pl\/wp-json\/wp\/v2\/types\/post"}],"author":[{"embeddable":true,"href":"https:\/\/super-news.info\/pl\/wp-json\/wp\/v2\/users\/2"}],"replies":[{"embeddable":true,"href":"https:\/\/super-news.info\/pl\/wp-json\/wp\/v2\/comments?post=92"}],"version-history":[{"count":1,"href":"https:\/\/super-news.info\/pl\/wp-json\/wp\/v2\/posts\/92\/revisions"}],"predecessor-version":[{"id":94,"href":"https:\/\/super-news.info\/pl\/wp-json\/wp\/v2\/posts\/92\/revisions\/94"}],"wp:featuredmedia":[{"embeddable":true,"href":"https:\/\/super-news.info\/pl\/wp-json\/wp\/v2\/media\/93"}],"wp:attachment":[{"href":"https:\/\/super-news.info\/pl\/wp-json\/wp\/v2\/media?parent=92"}],"wp:term":[{"taxonomy":"category","embeddable":true,"href":"https:\/\/super-news.info\/pl\/wp-json\/wp\/v2\/categories?post=92"},{"taxonomy":"post_tag","embeddable":true,"href":"https:\/\/super-news.info\/pl\/wp-json\/wp\/v2\/tags?post=92"}],"curies":[{"name":"wp","href":"https:\/\/api.w.org\/{rel}","templated":true}]}}