{"id":872,"date":"2019-06-19T11:28:35","date_gmt":"2019-06-19T08:28:35","guid":{"rendered":"https:\/\/super-news.info\/pl\/trwa-hossa-na-rynku-pracy\/"},"modified":"2020-02-19T17:42:02","modified_gmt":"2020-02-19T14:42:02","slug":"trwa-hossa-na-rynku-pracy","status":"publish","type":"post","link":"https:\/\/super-news.info\/pl\/trwa-hossa-na-rynku-pracy\/","title":{"rendered":"Trwa hossa na rynku pracy"},"content":{"rendered":"<p>[ad_1]<\/p>\n<div id=\"articleContent\" data-io-article-url=\"https:\/\/www.bankier.pl\/wiadomosc\/Trwa-hossa-na-rynku-pracy-7692592.html\">\n<p><span class=\"fn name\">Krzysztof Kolany<\/span><\/p>\n<p><span class=\"lead\">W maju dynamika wynagrodze\u0144 w sektorze du\u017cych<br \/>\nprzedsi\u0119biorstw utrzyma\u0142a si\u0119 powy\u017cej 7% rocznie. Jednak\u017ce rosn\u0105cym p\u0142acom drugi<br \/>\nmiesi\u0105c z rz\u0119du towarzyszy\u0142 spadek zatrudnienia.<\/span><\/p>\n<p>Przeci\u0119tne wynagrodzenie\u00a0<span style=\"text-decoration-line: underline;\">brutt<\/span><span style=\"text-decoration-line: underline;\">o<\/span> w sektorze<br \/>\nprzedsi\u0119biorstw w maju si\u0119gn\u0119\u0142o <b>5\u00a0057,82<br \/>\nz\u0142otych<\/b> i tym samym by\u0142o o 7,7% wy\u017csze ni\u017c przed rokiem oraz o 2,5% ni\u017csze ni\u017c przed miesi\u0105cem \u2013 poinformowa\u0142<br \/>\nG\u0142\u00f3wny Urz\u0105d Statystyczny. W uj\u0119ciu rocznym jest to wzrost wy\u017cszy ni\u017c w kwietniu (7,1% rdr) oraz<br \/>\nrezultat wy\u017cszy od oczekiwa\u0144 ekonomist\u00f3w, kt\u00f3rzy spodziewali si\u0119 podwy\u017cki p\u0142ac o<br \/>\n7,2% rdr.<\/p>\n<p><!--[ ads link bar ]--><\/p>\n<p>Od blisko dw\u00f3ch lat nominalny wzrost wynagrodze\u0144 w du\u017cych<br \/>\nprzedsi\u0119biorstwach utrzymuje si\u0119 powy\u017cej 6% rdr. W rezultacie tzw. \u015brednia<br \/>\nkrajowa w grudniu po raz pierwszy przekroczy\u0142a poziom 5\u00a0000 z\u0142otych brutto<br \/>\n(czyli przed odj\u0119ciem \u201esk\u0142adek\u201d na ZUS i zaliczki na podatek dochodowy).<\/p>\n<p>Analizuj\u0105c dane z rynku pracy warto wzi\u0105\u0107 poprawk\u0119 na fakt,<br \/>\n\u017ce wynagrodzenia pracownik\u00f3w coraz intensywniej podgryza inflacja cenowa.<br \/>\nWed\u0142ug najnowszych danych GUS w maju ceny<br \/>\ntowar\u00f3w i us\u0142ug konsumpcyjnych by\u0142y o 2,4% wy\u017csze ni\u017c rok wcze\u015bniej. Oznacza<br \/>\nto, \u017ce realny wzrost tzw. \u015bredniej krajowej wyni\u00f3s\u0142 w maju 5,17% rdr wobec<br \/>\n4,84% rdr w kwietniu.<\/p>\n<p><strong>Natomiast liczba zatrudnionych w maju nieoczekiwanie<br \/>\nobni\u017cy\u0142a si\u0119 a\u017c o 12,2 tys.,<\/strong> osi\u0105gaj\u0105c poziom 6380,2 tysi\u0119cy. To wci\u0105\u017c o<br \/>\n2,7% wi\u0119cej ni\u017c przed rokiem. Niemniej jednak to rezultat ni\u017cszy od rynkowego<br \/>\nkonsensusu zak\u0142adaj\u0105cego utrzymanie rocznej dynamiki zatrudnienia na poziomie<br \/>\n2,9%.<\/p>\n<p>Nale\u017cy przy<br \/>\ntym pami\u0119ta\u0107, \u017ce dane podawane co miesi\u0105c przez GUS dotycz\u0105 przedsi\u0119biorstw<br \/>\n(bez sektora finansowego), w kt\u00f3rych liczba pracuj\u0105cych przekracza 9 os\u00f3b. Nie<br \/>\nobejmuj\u0105 zatem ani najmniejszych firm, ani sektora publicznego. Statystyka ta<br \/>\ndotyczy ok. 40% pracuj\u0105cych w polskiej gospodarce.\u00a0Pami\u0119tajmy te\u017c, \u017ce<br \/>\nm\u00f3wimy tu o \u015brednim wynagrodzeniu. Zatem jego wzrost nie musi oznacza\u0107 (i<br \/>\nzwykle nie oznacza), \u017ce wszyscy pracownicy otrzymali podwy\u017cki.<\/p>\n<p>Lepiej opisuj\u0105cy realia polskiego rynku pracy raport o medianie wynagrodze\u0144<br \/>\nGUS publikuje tylko co 2 lata. Najnowsze dane zosta\u0142y upublicznione<br \/>\npod koniec listopada 2017 i dotyczy\u0142y stanu na pa\u017adziernik 2016<br \/>\nroku. Z tego opracowania wynika, \u017ce po\u0142owa zatrudnionych pracownik\u00f3w<br \/>\notrzymywa\u0142a do 3510,67 z\u0142 brutto, czyli oko\u0142o 2512 z\u0142 netto (tzn. &#8222;na<br \/>\nr\u0119k\u0119&#8221;).<\/p>\n<p><a href=\"http:\/\/www.bankier.pl\/wiadomosc\/Trwa-hossa-na-rynku-pracy-7692592.html\">Source link <\/a><\/p>\n<\/div>\n","protected":false},"excerpt":{"rendered":"<p>[ad_1] Krzysztof Kolany W maju dynamika wynagrodze\u0144 w sektorze du\u017cych przedsi\u0119biorstw utrzyma\u0142a si\u0119 powy\u017cej 7% rocznie. Jednak\u017ce rosn\u0105cym p\u0142acom drugi miesi\u0105c z rz\u0119du towarzyszy\u0142 spadek zatrudnienia. Przeci\u0119tne wynagrodzenie\u00a0brutto w sektorze przedsi\u0119biorstw w maju si\u0119gn\u0119\u0142o 5\u00a0057,82 z\u0142otych i tym samym by\u0142o o 7,7% wy\u017csze ni\u017c przed rokiem oraz o 2,5% ni\u017csze ni\u017c przed miesi\u0105cem \u2013 poinformowa\u0142 [&hellip;]<\/p>\n","protected":false},"author":2,"featured_media":873,"comment_status":"open","ping_status":"open","sticky":false,"template":"","format":"standard","meta":{"footnotes":""},"categories":[1],"tags":[],"class_list":["post-872","post","type-post","status-publish","format-standard","has-post-thumbnail","hentry","category-wiadomosci-finansowe"],"yoast_head":"<!-- This site is optimized with the Yoast SEO plugin v27.4 - https:\/\/yoast.com\/product\/yoast-seo-wordpress\/ -->\n<title>Trwa hossa na rynku pracy - Super News<\/title>\n<meta name=\"robots\" content=\"index, follow, max-snippet:-1, max-image-preview:large, max-video-preview:-1\" \/>\n<link rel=\"canonical\" href=\"https:\/\/super-news.info\/pl\/trwa-hossa-na-rynku-pracy\/\" \/>\n<meta property=\"og:locale\" content=\"pl_PL\" \/>\n<meta property=\"og:type\" content=\"article\" \/>\n<meta property=\"og:title\" content=\"Trwa hossa na rynku pracy - Super News\" \/>\n<meta property=\"og:description\" content=\"[ad_1] Krzysztof Kolany W maju dynamika wynagrodze\u0144 w sektorze du\u017cych przedsi\u0119biorstw utrzyma\u0142a si\u0119 powy\u017cej 7% rocznie. Jednak\u017ce rosn\u0105cym p\u0142acom drugi miesi\u0105c z rz\u0119du towarzyszy\u0142 spadek zatrudnienia. Przeci\u0119tne wynagrodzenie\u00a0brutto w sektorze przedsi\u0119biorstw w maju si\u0119gn\u0119\u0142o 5\u00a0057,82 z\u0142otych i tym samym by\u0142o o 7,7% wy\u017csze ni\u017c przed rokiem oraz o 2,5% ni\u017csze ni\u017c przed miesi\u0105cem \u2013 poinformowa\u0142 [&hellip;]\" \/>\n<meta property=\"og:url\" content=\"https:\/\/super-news.info\/pl\/trwa-hossa-na-rynku-pracy\/\" \/>\n<meta property=\"og:site_name\" content=\"Super News\" \/>\n<meta property=\"article:published_time\" content=\"2019-06-19T08:28:35+00:00\" \/>\n<meta property=\"article:modified_time\" content=\"2020-02-19T14:42:02+00:00\" \/>\n<meta property=\"og:image\" content=\"https:\/\/super-news.info\/pl\/wp-content\/uploads\/sites\/6\/2019\/06\/Trwa-hossa-na-rynku-pracy.png\" \/>\n\t<meta property=\"og:image:width\" content=\"645\" \/>\n\t<meta property=\"og:image:height\" content=\"232\" \/>\n\t<meta property=\"og:image:type\" content=\"image\/png\" \/>\n<meta name=\"author\" content=\"super-news\" \/>\n<meta name=\"twitter:card\" content=\"summary_large_image\" \/>\n<meta name=\"twitter:label1\" content=\"Napisane przez\" \/>\n\t<meta name=\"twitter:data1\" content=\"super-news\" \/>\n\t<meta name=\"twitter:label2\" content=\"Szacowany czas czytania\" \/>\n\t<meta name=\"twitter:data2\" content=\"2 minuty\" \/>\n<script type=\"application\/ld+json\" class=\"yoast-schema-graph\">{\"@context\":\"https:\\\/\\\/schema.org\",\"@graph\":[{\"@type\":\"Article\",\"@id\":\"https:\\\/\\\/super-news.info\\\/pl\\\/trwa-hossa-na-rynku-pracy\\\/#article\",\"isPartOf\":{\"@id\":\"https:\\\/\\\/super-news.info\\\/pl\\\/trwa-hossa-na-rynku-pracy\\\/\"},\"author\":{\"name\":\"super-news\",\"@id\":\"https:\\\/\\\/super-news.info\\\/pl\\\/#\\\/schema\\\/person\\\/2d4068cb2f39cd10008c2fce578a7356\"},\"headline\":\"Trwa hossa na rynku pracy\",\"datePublished\":\"2019-06-19T08:28:35+00:00\",\"dateModified\":\"2020-02-19T14:42:02+00:00\",\"mainEntityOfPage\":{\"@id\":\"https:\\\/\\\/super-news.info\\\/pl\\\/trwa-hossa-na-rynku-pracy\\\/\"},\"wordCount\":394,\"commentCount\":0,\"image\":{\"@id\":\"https:\\\/\\\/super-news.info\\\/pl\\\/trwa-hossa-na-rynku-pracy\\\/#primaryimage\"},\"thumbnailUrl\":\"https:\\\/\\\/super-news.info\\\/pl\\\/wp-content\\\/uploads\\\/sites\\\/6\\\/2019\\\/06\\\/Trwa-hossa-na-rynku-pracy.png\",\"articleSection\":[\"WIADOMO\u015aCI FINANSOWE\"],\"inLanguage\":\"pl-PL\",\"potentialAction\":[{\"@type\":\"CommentAction\",\"name\":\"Comment\",\"target\":[\"https:\\\/\\\/super-news.info\\\/pl\\\/trwa-hossa-na-rynku-pracy\\\/#respond\"]}]},{\"@type\":\"WebPage\",\"@id\":\"https:\\\/\\\/super-news.info\\\/pl\\\/trwa-hossa-na-rynku-pracy\\\/\",\"url\":\"https:\\\/\\\/super-news.info\\\/pl\\\/trwa-hossa-na-rynku-pracy\\\/\",\"name\":\"Trwa hossa na rynku pracy - Super News\",\"isPartOf\":{\"@id\":\"https:\\\/\\\/super-news.info\\\/pl\\\/#website\"},\"primaryImageOfPage\":{\"@id\":\"https:\\\/\\\/super-news.info\\\/pl\\\/trwa-hossa-na-rynku-pracy\\\/#primaryimage\"},\"image\":{\"@id\":\"https:\\\/\\\/super-news.info\\\/pl\\\/trwa-hossa-na-rynku-pracy\\\/#primaryimage\"},\"thumbnailUrl\":\"https:\\\/\\\/super-news.info\\\/pl\\\/wp-content\\\/uploads\\\/sites\\\/6\\\/2019\\\/06\\\/Trwa-hossa-na-rynku-pracy.png\",\"datePublished\":\"2019-06-19T08:28:35+00:00\",\"dateModified\":\"2020-02-19T14:42:02+00:00\",\"author\":{\"@id\":\"https:\\\/\\\/super-news.info\\\/pl\\\/#\\\/schema\\\/person\\\/2d4068cb2f39cd10008c2fce578a7356\"},\"breadcrumb\":{\"@id\":\"https:\\\/\\\/super-news.info\\\/pl\\\/trwa-hossa-na-rynku-pracy\\\/#breadcrumb\"},\"inLanguage\":\"pl-PL\",\"potentialAction\":[{\"@type\":\"ReadAction\",\"target\":[\"https:\\\/\\\/super-news.info\\\/pl\\\/trwa-hossa-na-rynku-pracy\\\/\"]}]},{\"@type\":\"ImageObject\",\"inLanguage\":\"pl-PL\",\"@id\":\"https:\\\/\\\/super-news.info\\\/pl\\\/trwa-hossa-na-rynku-pracy\\\/#primaryimage\",\"url\":\"https:\\\/\\\/super-news.info\\\/pl\\\/wp-content\\\/uploads\\\/sites\\\/6\\\/2019\\\/06\\\/Trwa-hossa-na-rynku-pracy.png\",\"contentUrl\":\"https:\\\/\\\/super-news.info\\\/pl\\\/wp-content\\\/uploads\\\/sites\\\/6\\\/2019\\\/06\\\/Trwa-hossa-na-rynku-pracy.png\",\"width\":645,\"height\":232,\"caption\":\"Trwa hossa na rynku pracy\"},{\"@type\":\"BreadcrumbList\",\"@id\":\"https:\\\/\\\/super-news.info\\\/pl\\\/trwa-hossa-na-rynku-pracy\\\/#breadcrumb\",\"itemListElement\":[{\"@type\":\"ListItem\",\"position\":1,\"name\":\"\u0413\u043b\u0430\u0432\u043d\u0430\u044f \u0441\u0442\u0440\u0430\u043d\u0438\u0446\u0430\",\"item\":\"https:\\\/\\\/super-news.info\\\/pl\\\/\"},{\"@type\":\"ListItem\",\"position\":2,\"name\":\"Trwa hossa na rynku pracy\"}]},{\"@type\":\"WebSite\",\"@id\":\"https:\\\/\\\/super-news.info\\\/pl\\\/#website\",\"url\":\"https:\\\/\\\/super-news.info\\\/pl\\\/\",\"name\":\"Super News\",\"description\":\"Super News Polska\",\"potentialAction\":[{\"@type\":\"SearchAction\",\"target\":{\"@type\":\"EntryPoint\",\"urlTemplate\":\"https:\\\/\\\/super-news.info\\\/pl\\\/?s={search_term_string}\"},\"query-input\":{\"@type\":\"PropertyValueSpecification\",\"valueRequired\":true,\"valueName\":\"search_term_string\"}}],\"inLanguage\":\"pl-PL\"},{\"@type\":\"Person\",\"@id\":\"https:\\\/\\\/super-news.info\\\/pl\\\/#\\\/schema\\\/person\\\/2d4068cb2f39cd10008c2fce578a7356\",\"name\":\"super-news\",\"image\":{\"@type\":\"ImageObject\",\"inLanguage\":\"pl-PL\",\"@id\":\"https:\\\/\\\/secure.gravatar.com\\\/avatar\\\/64ebac40b93f26a154f8a9b5b6fdccfc46f442b26b3dd6756dbff3bf9dc76fd7?s=96&d=mm&r=g\",\"url\":\"https:\\\/\\\/secure.gravatar.com\\\/avatar\\\/64ebac40b93f26a154f8a9b5b6fdccfc46f442b26b3dd6756dbff3bf9dc76fd7?s=96&d=mm&r=g\",\"contentUrl\":\"https:\\\/\\\/secure.gravatar.com\\\/avatar\\\/64ebac40b93f26a154f8a9b5b6fdccfc46f442b26b3dd6756dbff3bf9dc76fd7?s=96&d=mm&r=g\",\"caption\":\"super-news\"},\"url\":\"https:\\\/\\\/super-news.info\\\/pl\\\/author\\\/pt\\\/\"}]}<\/script>\n<!-- \/ Yoast SEO plugin. -->","yoast_head_json":{"title":"Trwa hossa na rynku pracy - Super News","robots":{"index":"index","follow":"follow","max-snippet":"max-snippet:-1","max-image-preview":"max-image-preview:large","max-video-preview":"max-video-preview:-1"},"canonical":"https:\/\/super-news.info\/pl\/trwa-hossa-na-rynku-pracy\/","og_locale":"pl_PL","og_type":"article","og_title":"Trwa hossa na rynku pracy - Super News","og_description":"[ad_1] Krzysztof Kolany W maju dynamika wynagrodze\u0144 w sektorze du\u017cych przedsi\u0119biorstw utrzyma\u0142a si\u0119 powy\u017cej 7% rocznie. Jednak\u017ce rosn\u0105cym p\u0142acom drugi miesi\u0105c z rz\u0119du towarzyszy\u0142 spadek zatrudnienia. Przeci\u0119tne wynagrodzenie\u00a0brutto w sektorze przedsi\u0119biorstw w maju si\u0119gn\u0119\u0142o 5\u00a0057,82 z\u0142otych i tym samym by\u0142o o 7,7% wy\u017csze ni\u017c przed rokiem oraz o 2,5% ni\u017csze ni\u017c przed miesi\u0105cem \u2013 poinformowa\u0142 [&hellip;]","og_url":"https:\/\/super-news.info\/pl\/trwa-hossa-na-rynku-pracy\/","og_site_name":"Super News","article_published_time":"2019-06-19T08:28:35+00:00","article_modified_time":"2020-02-19T14:42:02+00:00","og_image":[{"width":645,"height":232,"url":"https:\/\/super-news.info\/pl\/wp-content\/uploads\/sites\/6\/2019\/06\/Trwa-hossa-na-rynku-pracy.png","type":"image\/png"}],"author":"super-news","twitter_card":"summary_large_image","twitter_misc":{"Napisane przez":"super-news","Szacowany czas czytania":"2 minuty"},"schema":{"@context":"https:\/\/schema.org","@graph":[{"@type":"Article","@id":"https:\/\/super-news.info\/pl\/trwa-hossa-na-rynku-pracy\/#article","isPartOf":{"@id":"https:\/\/super-news.info\/pl\/trwa-hossa-na-rynku-pracy\/"},"author":{"name":"super-news","@id":"https:\/\/super-news.info\/pl\/#\/schema\/person\/2d4068cb2f39cd10008c2fce578a7356"},"headline":"Trwa hossa na rynku pracy","datePublished":"2019-06-19T08:28:35+00:00","dateModified":"2020-02-19T14:42:02+00:00","mainEntityOfPage":{"@id":"https:\/\/super-news.info\/pl\/trwa-hossa-na-rynku-pracy\/"},"wordCount":394,"commentCount":0,"image":{"@id":"https:\/\/super-news.info\/pl\/trwa-hossa-na-rynku-pracy\/#primaryimage"},"thumbnailUrl":"https:\/\/super-news.info\/pl\/wp-content\/uploads\/sites\/6\/2019\/06\/Trwa-hossa-na-rynku-pracy.png","articleSection":["WIADOMO\u015aCI FINANSOWE"],"inLanguage":"pl-PL","potentialAction":[{"@type":"CommentAction","name":"Comment","target":["https:\/\/super-news.info\/pl\/trwa-hossa-na-rynku-pracy\/#respond"]}]},{"@type":"WebPage","@id":"https:\/\/super-news.info\/pl\/trwa-hossa-na-rynku-pracy\/","url":"https:\/\/super-news.info\/pl\/trwa-hossa-na-rynku-pracy\/","name":"Trwa hossa na rynku pracy - Super News","isPartOf":{"@id":"https:\/\/super-news.info\/pl\/#website"},"primaryImageOfPage":{"@id":"https:\/\/super-news.info\/pl\/trwa-hossa-na-rynku-pracy\/#primaryimage"},"image":{"@id":"https:\/\/super-news.info\/pl\/trwa-hossa-na-rynku-pracy\/#primaryimage"},"thumbnailUrl":"https:\/\/super-news.info\/pl\/wp-content\/uploads\/sites\/6\/2019\/06\/Trwa-hossa-na-rynku-pracy.png","datePublished":"2019-06-19T08:28:35+00:00","dateModified":"2020-02-19T14:42:02+00:00","author":{"@id":"https:\/\/super-news.info\/pl\/#\/schema\/person\/2d4068cb2f39cd10008c2fce578a7356"},"breadcrumb":{"@id":"https:\/\/super-news.info\/pl\/trwa-hossa-na-rynku-pracy\/#breadcrumb"},"inLanguage":"pl-PL","potentialAction":[{"@type":"ReadAction","target":["https:\/\/super-news.info\/pl\/trwa-hossa-na-rynku-pracy\/"]}]},{"@type":"ImageObject","inLanguage":"pl-PL","@id":"https:\/\/super-news.info\/pl\/trwa-hossa-na-rynku-pracy\/#primaryimage","url":"https:\/\/super-news.info\/pl\/wp-content\/uploads\/sites\/6\/2019\/06\/Trwa-hossa-na-rynku-pracy.png","contentUrl":"https:\/\/super-news.info\/pl\/wp-content\/uploads\/sites\/6\/2019\/06\/Trwa-hossa-na-rynku-pracy.png","width":645,"height":232,"caption":"Trwa hossa na rynku pracy"},{"@type":"BreadcrumbList","@id":"https:\/\/super-news.info\/pl\/trwa-hossa-na-rynku-pracy\/#breadcrumb","itemListElement":[{"@type":"ListItem","position":1,"name":"\u0413\u043b\u0430\u0432\u043d\u0430\u044f \u0441\u0442\u0440\u0430\u043d\u0438\u0446\u0430","item":"https:\/\/super-news.info\/pl\/"},{"@type":"ListItem","position":2,"name":"Trwa hossa na rynku pracy"}]},{"@type":"WebSite","@id":"https:\/\/super-news.info\/pl\/#website","url":"https:\/\/super-news.info\/pl\/","name":"Super News","description":"Super News Polska","potentialAction":[{"@type":"SearchAction","target":{"@type":"EntryPoint","urlTemplate":"https:\/\/super-news.info\/pl\/?s={search_term_string}"},"query-input":{"@type":"PropertyValueSpecification","valueRequired":true,"valueName":"search_term_string"}}],"inLanguage":"pl-PL"},{"@type":"Person","@id":"https:\/\/super-news.info\/pl\/#\/schema\/person\/2d4068cb2f39cd10008c2fce578a7356","name":"super-news","image":{"@type":"ImageObject","inLanguage":"pl-PL","@id":"https:\/\/secure.gravatar.com\/avatar\/64ebac40b93f26a154f8a9b5b6fdccfc46f442b26b3dd6756dbff3bf9dc76fd7?s=96&d=mm&r=g","url":"https:\/\/secure.gravatar.com\/avatar\/64ebac40b93f26a154f8a9b5b6fdccfc46f442b26b3dd6756dbff3bf9dc76fd7?s=96&d=mm&r=g","contentUrl":"https:\/\/secure.gravatar.com\/avatar\/64ebac40b93f26a154f8a9b5b6fdccfc46f442b26b3dd6756dbff3bf9dc76fd7?s=96&d=mm&r=g","caption":"super-news"},"url":"https:\/\/super-news.info\/pl\/author\/pt\/"}]}},"_links":{"self":[{"href":"https:\/\/super-news.info\/pl\/wp-json\/wp\/v2\/posts\/872","targetHints":{"allow":["GET"]}}],"collection":[{"href":"https:\/\/super-news.info\/pl\/wp-json\/wp\/v2\/posts"}],"about":[{"href":"https:\/\/super-news.info\/pl\/wp-json\/wp\/v2\/types\/post"}],"author":[{"embeddable":true,"href":"https:\/\/super-news.info\/pl\/wp-json\/wp\/v2\/users\/2"}],"replies":[{"embeddable":true,"href":"https:\/\/super-news.info\/pl\/wp-json\/wp\/v2\/comments?post=872"}],"version-history":[{"count":2,"href":"https:\/\/super-news.info\/pl\/wp-json\/wp\/v2\/posts\/872\/revisions"}],"predecessor-version":[{"id":2191,"href":"https:\/\/super-news.info\/pl\/wp-json\/wp\/v2\/posts\/872\/revisions\/2191"}],"wp:featuredmedia":[{"embeddable":true,"href":"https:\/\/super-news.info\/pl\/wp-json\/wp\/v2\/media\/873"}],"wp:attachment":[{"href":"https:\/\/super-news.info\/pl\/wp-json\/wp\/v2\/media?parent=872"}],"wp:term":[{"taxonomy":"category","embeddable":true,"href":"https:\/\/super-news.info\/pl\/wp-json\/wp\/v2\/categories?post=872"},{"taxonomy":"post_tag","embeddable":true,"href":"https:\/\/super-news.info\/pl\/wp-json\/wp\/v2\/tags?post=872"}],"curies":[{"name":"wp","href":"https:\/\/api.w.org\/{rel}","templated":true}]}}